{"id":2590,"date":"2017-08-26T23:26:26","date_gmt":"2017-08-26T21:26:26","guid":{"rendered":"http:\/\/evertonfc.cz\/?p=2590"},"modified":"2019-02-09T12:12:29","modified_gmt":"2019-02-09T11:12:29","slug":"preview-chelsea-everton-2","status":"publish","type":"post","link":"https:\/\/evertonfc.cz\/index.php\/2017\/08\/26\/preview-chelsea-everton-2\/","title":{"rendered":"Preview: Chelsea &#8211; Everton"},"content":{"rendered":"\r\n<h4>Za\u010d\u00e1tek n\u00e1ro\u010dn\u00e9ho ligov\u00e9ho \u010dty\u0159boje, \u010d\u00e1st druh\u00e1: Pensioners venku.<\/h4>\r\n\r\n\r\n\r\n<p>PL ne\u010dek\u00e1. Po postupu do z\u00e1kladn\u00ed skupiny EL pokra\u010duje obvykl\u00fdm tempem. Los t\u0159et\u00edho kola zav\u00e1d\u00ed Toffees do Lond\u00fdna na h\u0159i\u0161t\u011b mistra.<\/p>\r\n\r\n\r\n\r\n<p>A host\u00e9 po\u010d\u00edtaj\u00ed ztr\u00e1ty. Ur\u010dit\u011b bude chyb\u011bt Schneiderlin, kter\u00fd si odpyk\u00e1 trest za pond\u011bln\u00ed vylou\u010den\u00ed. Samoz\u0159ejm\u011b nebude hr\u00e1t trojice dlouhodob\u00fdch absent\u00e9r\u016f, tedy Bolasie, Coleman a Mori. St\u00e1le se neuzdravil se stehnem Barkley, s nohou Klaassen a s kolenem McCarthy. Toto jsou tedy hr\u00e1\u010di, kte\u0159\u00ed <strong>nebudou hr\u00e1t ur\u010dit\u011b.<\/strong> A kdo nebude hr\u00e1t mo\u017en\u00e1? Sandro je\u0161t\u011b nevyl\u00e9\u010dil patu, jeho \u00fa\u010dast je tedy s otazn\u00edkem. Stejn\u011b je na tom Gana, toho zradil p\u0159itahova\u010d stehenn\u00edho svalu, Be\u0161i\u0107ovi post\u0159elili u Srebrenice t\u00e1tu, jeho start je neprav\u011bpodobn\u00fd. A kdy\u017e p\u0159ipo\u010dteme fakt, \u017ee Barry je ji\u017e ve WBA, tak najednou nem\u00e1 moc kdo nastoupit ve st\u0159edu z\u00e1lohy. Davies&#8230; no a t\u00edm to hasne. Pokud by nemohl hr\u00e1t Gana, tak je velk\u00fd probl\u00e9m. \u017de by se na sv\u00e9 roky na defenzivn\u00edm z\u00e1lo\u017en\u00edkovi musel rozpomenout Jagielka?<\/p>\r\n\r\n\r\n\r\n<p>Jak je na tom zdravotn\u011b Chelsea? Exponenci\u00e1ln\u011b l\u00e9pe. Jedin\u00fd hr\u00e1\u010d \u00e1\u010dka, kter\u00fd ur\u010dit\u011b nebude hr\u00e1t, je Eden Hazard. Ten p\u0159i v\u010derej\u0161\u00ed proh\u0159e Chelsea do 23 let s Evertonem do 23 let (0:3) zvl\u00e1dl odehr\u00e1t 75 minut, tak\u017ee se ji\u017e p\u0159ibli\u017euje pln\u00e9 kondici. Chelsea za\u010dala sez\u00f3nu \u0161okem. Doma s Brunley prohr\u00e1la 2:3 a v utk\u00e1n\u00ed vid\u011bli jej\u00ed hr\u00e1\u010di dv\u011b \u010derven\u00e9 karty. V\u00fdhra na Tottenhamu tak byla skoro nutn\u00e1, proto\u017ee v souboji o titul samoz\u0159ejm\u011b nechcete v\u00fdrazn\u011b ztr\u00e1cet ji\u017e od za\u010d\u00e1tku.<\/p>\r\n\r\n\r\n\r\n<p>A p\u0159estupov\u00e9 informace? N\u011bkter\u00e1 m\u00e9dia tvrd\u00ed, \u017ee po ma\u010di se uskute\u010dn\u00ed jedn\u00e1n\u00ed o p\u0159estupu Barkleyho do Chelsea a Koeman na p\u0159edz\u00e1pasov\u00e9 konferenci ozn\u00e1mil, \u017ee by Diega Costu v t\u00fdmu p\u0159iv\u00edtal. V \u00favahu by asi p\u0159ipadalo ale sp\u00ed\u0161e hostov\u00e1n\u00ed. Ostatn\u011b nen\u00ed tajemstv\u00edm, \u017ee na pozici hro\u0165\u00e1ka chce Everton je\u0161t\u011b pos\u00edlit, uz\u00e1v\u011brka p\u0159estup\u016f je v p\u00e1tek 1. z\u00e1\u0159\u00ed.<\/p>\r\n\r\n\r\n\r\n<p>Utk\u00e1n\u00ed vys\u00edl\u00e1 p\u0159\u00edm\u00fdm p\u0159enosem stanice Digi sport 1.<\/p>\r\n\r\n\r\n\r\n<p><strong>Co:<\/strong> Chelsea FC &#8211; Everton FC, 3. kolo Premier League<br \/><strong>Kdy:<\/strong> 27. 8. 2017 od 14:30 SE\u010c<br \/><strong>Kde:<\/strong> Stamford Bridge, Lond\u00fdn<br \/><strong>Rozhod\u010d\u00ed:<\/strong> Jonathan Moss<\/p>\r\n","protected":false},"excerpt":{"rendered":"<p>Za\u010d\u00e1tek n\u00e1ro\u010dn\u00e9ho ligov\u00e9ho \u010dty\u0159boje, \u010d\u00e1st druh\u00e1: Pensioners venku. PL ne\u010dek\u00e1. Po postupu do z\u00e1kladn\u00ed skupiny EL pokra\u010duje obvykl\u00fdm tempem. Los&hellip;<\/p>\n","protected":false},"author":12,"featured_media":1314,"comment_status":"open","ping_status":"closed","sticky":false,"template":"","format":"standard","meta":{"_eb_attr":"","_monsterinsights_skip_tracking":false,"_monsterinsights_sitenote_active":false,"_monsterinsights_sitenote_note":"","_monsterinsights_sitenote_category":0,"footnotes":""},"categories":[4],"tags":[],"yoast_head":"<!-- This site is optimized with the Yoast SEO plugin v23.4 - https:\/\/yoast.com\/wordpress\/plugins\/seo\/ -->\n<title>Preview: Chelsea - Everton - Official Czech &amp; Slovak Everton Supporters&#039; Club<\/title>\n<meta name=\"robots\" content=\"index, follow, max-snippet:-1, max-image-preview:large, max-video-preview:-1\" \/>\n<link rel=\"canonical\" href=\"https:\/\/evertonfc.cz\/index.php\/2017\/08\/26\/preview-chelsea-everton-2\/\" \/>\n<meta property=\"og:locale\" content=\"cs_CZ\" \/>\n<meta property=\"og:type\" content=\"article\" \/>\n<meta property=\"og:title\" content=\"Preview: Chelsea - Everton - Official Czech &amp; Slovak Everton Supporters&#039; Club\" \/>\n<meta property=\"og:description\" content=\"Za\u010d\u00e1tek n\u00e1ro\u010dn\u00e9ho ligov\u00e9ho \u010dty\u0159boje, \u010d\u00e1st druh\u00e1: Pensioners venku. PL ne\u010dek\u00e1. Po postupu do z\u00e1kladn\u00ed skupiny EL pokra\u010duje obvykl\u00fdm tempem. Los&hellip;\" \/>\n<meta property=\"og:url\" content=\"https:\/\/evertonfc.cz\/index.php\/2017\/08\/26\/preview-chelsea-everton-2\/\" \/>\n<meta property=\"og:site_name\" content=\"Official Czech &amp; Slovak Everton Supporters&#039; Club\" \/>\n<meta property=\"article:publisher\" content=\"https:\/\/www.facebook.com\/everton.fans.cz.sk\" \/>\n<meta property=\"article:published_time\" content=\"2017-08-26T21:26:26+00:00\" \/>\n<meta property=\"article:modified_time\" content=\"2019-02-09T11:12:29+00:00\" \/>\n<meta property=\"og:image\" content=\"https:\/\/evertonfc.cz\/wp-content\/uploads\/2019\/01\/preview.jpg\" \/>\n\t<meta property=\"og:image:width\" content=\"720\" \/>\n\t<meta property=\"og:image:height\" content=\"405\" \/>\n\t<meta property=\"og:image:type\" content=\"image\/jpeg\" \/>\n<meta name=\"author\" content=\"Javor\" \/>\n<meta name=\"twitter:card\" content=\"summary_large_image\" \/>\n<meta name=\"twitter:creator\" content=\"@LoudinJan\" \/>\n<meta name=\"twitter:label1\" content=\"Napsal(a)\" \/>\n\t<meta name=\"twitter:data1\" content=\"Javor\" \/>\n\t<meta name=\"twitter:label2\" content=\"Odhadovan\u00e1 doba \u010dten\u00ed\" \/>\n\t<meta name=\"twitter:data2\" content=\"2 minuty\" \/>\n<script type=\"application\/ld+json\" class=\"yoast-schema-graph\">{\"@context\":\"https:\/\/schema.org\",\"@graph\":[{\"@type\":\"Article\",\"@id\":\"https:\/\/evertonfc.cz\/index.php\/2017\/08\/26\/preview-chelsea-everton-2\/#article\",\"isPartOf\":{\"@id\":\"https:\/\/evertonfc.cz\/index.php\/2017\/08\/26\/preview-chelsea-everton-2\/\"},\"author\":{\"name\":\"Javor\",\"@id\":\"https:\/\/evertonfc.cz\/#\/schema\/person\/b30daf6a5852f4811f8207a17ec1bf78\"},\"headline\":\"Preview: Chelsea &#8211; Everton\",\"datePublished\":\"2017-08-26T21:26:26+00:00\",\"dateModified\":\"2019-02-09T11:12:29+00:00\",\"mainEntityOfPage\":{\"@id\":\"https:\/\/evertonfc.cz\/index.php\/2017\/08\/26\/preview-chelsea-everton-2\/\"},\"wordCount\":422,\"commentCount\":0,\"publisher\":{\"@id\":\"https:\/\/evertonfc.cz\/#organization\"},\"image\":{\"@id\":\"https:\/\/evertonfc.cz\/index.php\/2017\/08\/26\/preview-chelsea-everton-2\/#primaryimage\"},\"thumbnailUrl\":\"https:\/\/evertonfc.cz\/wp-content\/uploads\/2019\/01\/preview.jpg\",\"articleSection\":[\"Z\u00e1pasy\"],\"inLanguage\":\"cs\",\"potentialAction\":[{\"@type\":\"CommentAction\",\"name\":\"Comment\",\"target\":[\"https:\/\/evertonfc.cz\/index.php\/2017\/08\/26\/preview-chelsea-everton-2\/#respond\"]}]},{\"@type\":\"WebPage\",\"@id\":\"https:\/\/evertonfc.cz\/index.php\/2017\/08\/26\/preview-chelsea-everton-2\/\",\"url\":\"https:\/\/evertonfc.cz\/index.php\/2017\/08\/26\/preview-chelsea-everton-2\/\",\"name\":\"Preview: Chelsea - Everton - Official Czech &amp; Slovak Everton Supporters&#039; Club\",\"isPartOf\":{\"@id\":\"https:\/\/evertonfc.cz\/#website\"},\"primaryImageOfPage\":{\"@id\":\"https:\/\/evertonfc.cz\/index.php\/2017\/08\/26\/preview-chelsea-everton-2\/#primaryimage\"},\"image\":{\"@id\":\"https:\/\/evertonfc.cz\/index.php\/2017\/08\/26\/preview-chelsea-everton-2\/#primaryimage\"},\"thumbnailUrl\":\"https:\/\/evertonfc.cz\/wp-content\/uploads\/2019\/01\/preview.jpg\",\"datePublished\":\"2017-08-26T21:26:26+00:00\",\"dateModified\":\"2019-02-09T11:12:29+00:00\",\"breadcrumb\":{\"@id\":\"https:\/\/evertonfc.cz\/index.php\/2017\/08\/26\/preview-chelsea-everton-2\/#breadcrumb\"},\"inLanguage\":\"cs\",\"potentialAction\":[{\"@type\":\"ReadAction\",\"target\":[\"https:\/\/evertonfc.cz\/index.php\/2017\/08\/26\/preview-chelsea-everton-2\/\"]}]},{\"@type\":\"ImageObject\",\"inLanguage\":\"cs\",\"@id\":\"https:\/\/evertonfc.cz\/index.php\/2017\/08\/26\/preview-chelsea-everton-2\/#primaryimage\",\"url\":\"https:\/\/evertonfc.cz\/wp-content\/uploads\/2019\/01\/preview.jpg\",\"contentUrl\":\"https:\/\/evertonfc.cz\/wp-content\/uploads\/2019\/01\/preview.jpg\",\"width\":720,\"height\":405},{\"@type\":\"BreadcrumbList\",\"@id\":\"https:\/\/evertonfc.cz\/index.php\/2017\/08\/26\/preview-chelsea-everton-2\/#breadcrumb\",\"itemListElement\":[{\"@type\":\"ListItem\",\"position\":1,\"name\":\"Home\",\"item\":\"https:\/\/evertonfc.cz\/\"},{\"@type\":\"ListItem\",\"position\":2,\"name\":\"Preview: Chelsea &#8211; Everton\"}]},{\"@type\":\"WebSite\",\"@id\":\"https:\/\/evertonfc.cz\/#website\",\"url\":\"https:\/\/evertonfc.cz\/\",\"name\":\"Official Czech &amp; Slovak Everton Supporters&#039; Club\",\"description\":\"\",\"publisher\":{\"@id\":\"https:\/\/evertonfc.cz\/#organization\"},\"potentialAction\":[{\"@type\":\"SearchAction\",\"target\":{\"@type\":\"EntryPoint\",\"urlTemplate\":\"https:\/\/evertonfc.cz\/?s={search_term_string}\"},\"query-input\":{\"@type\":\"PropertyValueSpecification\",\"valueRequired\":true,\"valueName\":\"search_term_string\"}}],\"inLanguage\":\"cs\"},{\"@type\":\"Organization\",\"@id\":\"https:\/\/evertonfc.cz\/#organization\",\"name\":\"Official Czech & Slovak Everton Supporters' Club\",\"url\":\"https:\/\/evertonfc.cz\/\",\"logo\":{\"@type\":\"ImageObject\",\"inLanguage\":\"cs\",\"@id\":\"https:\/\/evertonfc.cz\/#\/schema\/logo\/image\/\",\"url\":\"https:\/\/evertonfc.cz\/wp-content\/uploads\/2019\/05\/logo.png\",\"contentUrl\":\"https:\/\/evertonfc.cz\/wp-content\/uploads\/2019\/05\/logo.png\",\"width\":112,\"height\":112,\"caption\":\"Official Czech & Slovak Everton Supporters' Club\"},\"image\":{\"@id\":\"https:\/\/evertonfc.cz\/#\/schema\/logo\/image\/\"},\"sameAs\":[\"https:\/\/www.facebook.com\/everton.fans.cz.sk\"]},{\"@type\":\"Person\",\"@id\":\"https:\/\/evertonfc.cz\/#\/schema\/person\/b30daf6a5852f4811f8207a17ec1bf78\",\"name\":\"Javor\",\"sameAs\":[\"https:\/\/x.com\/LoudinJan\"],\"url\":\"https:\/\/evertonfc.cz\/index.php\/author\/javor\/\"}]}<\/script>\n<!-- \/ Yoast SEO plugin. -->","yoast_head_json":{"title":"Preview: Chelsea - Everton - Official Czech &amp; Slovak Everton Supporters&#039; Club","robots":{"index":"index","follow":"follow","max-snippet":"max-snippet:-1","max-image-preview":"max-image-preview:large","max-video-preview":"max-video-preview:-1"},"canonical":"https:\/\/evertonfc.cz\/index.php\/2017\/08\/26\/preview-chelsea-everton-2\/","og_locale":"cs_CZ","og_type":"article","og_title":"Preview: Chelsea - Everton - Official Czech &amp; Slovak Everton Supporters&#039; Club","og_description":"Za\u010d\u00e1tek n\u00e1ro\u010dn\u00e9ho ligov\u00e9ho \u010dty\u0159boje, \u010d\u00e1st druh\u00e1: Pensioners venku. PL ne\u010dek\u00e1. Po postupu do z\u00e1kladn\u00ed skupiny EL pokra\u010duje obvykl\u00fdm tempem. Los&hellip;","og_url":"https:\/\/evertonfc.cz\/index.php\/2017\/08\/26\/preview-chelsea-everton-2\/","og_site_name":"Official Czech &amp; Slovak Everton Supporters&#039; Club","article_publisher":"https:\/\/www.facebook.com\/everton.fans.cz.sk","article_published_time":"2017-08-26T21:26:26+00:00","article_modified_time":"2019-02-09T11:12:29+00:00","og_image":[{"width":720,"height":405,"url":"https:\/\/evertonfc.cz\/wp-content\/uploads\/2019\/01\/preview.jpg","type":"image\/jpeg"}],"author":"Javor","twitter_card":"summary_large_image","twitter_creator":"@LoudinJan","twitter_misc":{"Napsal(a)":"Javor","Odhadovan\u00e1 doba \u010dten\u00ed":"2 minuty"},"schema":{"@context":"https:\/\/schema.org","@graph":[{"@type":"Article","@id":"https:\/\/evertonfc.cz\/index.php\/2017\/08\/26\/preview-chelsea-everton-2\/#article","isPartOf":{"@id":"https:\/\/evertonfc.cz\/index.php\/2017\/08\/26\/preview-chelsea-everton-2\/"},"author":{"name":"Javor","@id":"https:\/\/evertonfc.cz\/#\/schema\/person\/b30daf6a5852f4811f8207a17ec1bf78"},"headline":"Preview: Chelsea &#8211; Everton","datePublished":"2017-08-26T21:26:26+00:00","dateModified":"2019-02-09T11:12:29+00:00","mainEntityOfPage":{"@id":"https:\/\/evertonfc.cz\/index.php\/2017\/08\/26\/preview-chelsea-everton-2\/"},"wordCount":422,"commentCount":0,"publisher":{"@id":"https:\/\/evertonfc.cz\/#organization"},"image":{"@id":"https:\/\/evertonfc.cz\/index.php\/2017\/08\/26\/preview-chelsea-everton-2\/#primaryimage"},"thumbnailUrl":"https:\/\/evertonfc.cz\/wp-content\/uploads\/2019\/01\/preview.jpg","articleSection":["Z\u00e1pasy"],"inLanguage":"cs","potentialAction":[{"@type":"CommentAction","name":"Comment","target":["https:\/\/evertonfc.cz\/index.php\/2017\/08\/26\/preview-chelsea-everton-2\/#respond"]}]},{"@type":"WebPage","@id":"https:\/\/evertonfc.cz\/index.php\/2017\/08\/26\/preview-chelsea-everton-2\/","url":"https:\/\/evertonfc.cz\/index.php\/2017\/08\/26\/preview-chelsea-everton-2\/","name":"Preview: Chelsea - Everton - Official Czech &amp; Slovak Everton Supporters&#039; Club","isPartOf":{"@id":"https:\/\/evertonfc.cz\/#website"},"primaryImageOfPage":{"@id":"https:\/\/evertonfc.cz\/index.php\/2017\/08\/26\/preview-chelsea-everton-2\/#primaryimage"},"image":{"@id":"https:\/\/evertonfc.cz\/index.php\/2017\/08\/26\/preview-chelsea-everton-2\/#primaryimage"},"thumbnailUrl":"https:\/\/evertonfc.cz\/wp-content\/uploads\/2019\/01\/preview.jpg","datePublished":"2017-08-26T21:26:26+00:00","dateModified":"2019-02-09T11:12:29+00:00","breadcrumb":{"@id":"https:\/\/evertonfc.cz\/index.php\/2017\/08\/26\/preview-chelsea-everton-2\/#breadcrumb"},"inLanguage":"cs","potentialAction":[{"@type":"ReadAction","target":["https:\/\/evertonfc.cz\/index.php\/2017\/08\/26\/preview-chelsea-everton-2\/"]}]},{"@type":"ImageObject","inLanguage":"cs","@id":"https:\/\/evertonfc.cz\/index.php\/2017\/08\/26\/preview-chelsea-everton-2\/#primaryimage","url":"https:\/\/evertonfc.cz\/wp-content\/uploads\/2019\/01\/preview.jpg","contentUrl":"https:\/\/evertonfc.cz\/wp-content\/uploads\/2019\/01\/preview.jpg","width":720,"height":405},{"@type":"BreadcrumbList","@id":"https:\/\/evertonfc.cz\/index.php\/2017\/08\/26\/preview-chelsea-everton-2\/#breadcrumb","itemListElement":[{"@type":"ListItem","position":1,"name":"Home","item":"https:\/\/evertonfc.cz\/"},{"@type":"ListItem","position":2,"name":"Preview: Chelsea &#8211; Everton"}]},{"@type":"WebSite","@id":"https:\/\/evertonfc.cz\/#website","url":"https:\/\/evertonfc.cz\/","name":"Official Czech &amp; Slovak Everton Supporters&#039; Club","description":"","publisher":{"@id":"https:\/\/evertonfc.cz\/#organization"},"potentialAction":[{"@type":"SearchAction","target":{"@type":"EntryPoint","urlTemplate":"https:\/\/evertonfc.cz\/?s={search_term_string}"},"query-input":{"@type":"PropertyValueSpecification","valueRequired":true,"valueName":"search_term_string"}}],"inLanguage":"cs"},{"@type":"Organization","@id":"https:\/\/evertonfc.cz\/#organization","name":"Official Czech & Slovak Everton Supporters' Club","url":"https:\/\/evertonfc.cz\/","logo":{"@type":"ImageObject","inLanguage":"cs","@id":"https:\/\/evertonfc.cz\/#\/schema\/logo\/image\/","url":"https:\/\/evertonfc.cz\/wp-content\/uploads\/2019\/05\/logo.png","contentUrl":"https:\/\/evertonfc.cz\/wp-content\/uploads\/2019\/05\/logo.png","width":112,"height":112,"caption":"Official Czech & Slovak Everton Supporters' Club"},"image":{"@id":"https:\/\/evertonfc.cz\/#\/schema\/logo\/image\/"},"sameAs":["https:\/\/www.facebook.com\/everton.fans.cz.sk"]},{"@type":"Person","@id":"https:\/\/evertonfc.cz\/#\/schema\/person\/b30daf6a5852f4811f8207a17ec1bf78","name":"Javor","sameAs":["https:\/\/x.com\/LoudinJan"],"url":"https:\/\/evertonfc.cz\/index.php\/author\/javor\/"}]}},"_links":{"self":[{"href":"https:\/\/evertonfc.cz\/index.php\/wp-json\/wp\/v2\/posts\/2590"}],"collection":[{"href":"https:\/\/evertonfc.cz\/index.php\/wp-json\/wp\/v2\/posts"}],"about":[{"href":"https:\/\/evertonfc.cz\/index.php\/wp-json\/wp\/v2\/types\/post"}],"author":[{"embeddable":true,"href":"https:\/\/evertonfc.cz\/index.php\/wp-json\/wp\/v2\/users\/12"}],"replies":[{"embeddable":true,"href":"https:\/\/evertonfc.cz\/index.php\/wp-json\/wp\/v2\/comments?post=2590"}],"version-history":[{"count":3,"href":"https:\/\/evertonfc.cz\/index.php\/wp-json\/wp\/v2\/posts\/2590\/revisions"}],"predecessor-version":[{"id":2610,"href":"https:\/\/evertonfc.cz\/index.php\/wp-json\/wp\/v2\/posts\/2590\/revisions\/2610"}],"wp:featuredmedia":[{"embeddable":true,"href":"https:\/\/evertonfc.cz\/index.php\/wp-json\/wp\/v2\/media\/1314"}],"wp:attachment":[{"href":"https:\/\/evertonfc.cz\/index.php\/wp-json\/wp\/v2\/media?parent=2590"}],"wp:term":[{"taxonomy":"category","embeddable":true,"href":"https:\/\/evertonfc.cz\/index.php\/wp-json\/wp\/v2\/categories?post=2590"},{"taxonomy":"post_tag","embeddable":true,"href":"https:\/\/evertonfc.cz\/index.php\/wp-json\/wp\/v2\/tags?post=2590"}],"curies":[{"name":"wp","href":"https:\/\/api.w.org\/{rel}","templated":true}]}}