{"id":25901,"date":"2024-12-28T15:24:31","date_gmt":"2024-12-28T14:24:31","guid":{"rendered":"https:\/\/evertonfc.cz\/?p=25901"},"modified":"2024-12-30T11:52:07","modified_gmt":"2024-12-30T10:52:07","slug":"preview-everton-nottingham-forest-3","status":"publish","type":"post","link":"https:\/\/evertonfc.cz\/index.php\/2024\/12\/28\/preview-everton-nottingham-forest-3\/","title":{"rendered":"Preview: Everton &#8211; Nottingham Forest"},"content":{"rendered":"<h4>Everton uzav\u0159e prvn\u00ed polovinu sez\u00f3ny i rok 2024 na dom\u00e1c\u00ed p\u016fd\u011b, kde se pokus\u00ed zkrotit ligovou \u0161tiku.<\/h4>\n<p>Kon\u010d\u00edc\u00ed rok l\u00e1k\u00e1 k tradi\u010dn\u00edmu bilancov\u00e1n\u00ed, ale jako Evertonians toho rad\u011bji nechme b\u00fdt. Poj\u010fme se rad\u011bji spole\u010dn\u011b upnout k nad\u011bji, \u017ee rok s p\u011btkou na konci n\u00e1m kone\u010dn\u011b p\u0159inese n\u011bco, co bude st\u00e1t za to. Jak prav\u00ed klasik: <em>\u201eIt\u2019s the hope that kills you.\u201c<\/em><\/p>\n<p>\u0160estn\u00e1ct\u00ed Toffees v posledn\u00edch t\u0159ech z\u00e1pasech poka\u017ed\u00e9 remizovali, p\u0159esto\u017ee \u010delili soupe\u0159\u016fm z nejvy\u0161\u0161\u00edch pater tabulky.\u00a0 N\u00e1vratem stopera Brantwaitea do z\u00e1kladn\u00ed sestavy vy\u0161perkoval Dyche svou obrannou linii, t\u0159eba\u017ee je na tu \u00fato\u010dnou zjevn\u011b alergick\u00fd, s nar\u016fstaj\u00edc\u00edm sebev\u011bdom\u00edm t\u00fdmu se p\u0159eci jen ob\u010das poda\u0159\u00ed n\u011bjak\u00e1 ta ofenzivn\u00ed akce, kterou sice v\u011bt\u0161inou poh\u0159b\u00ed Harrison, ale ob\u010das i Ndiaye vyst\u0159el\u00ed\u2026<\/p>\n<p>Naposledy proti Manchesteru City p\u0159ekvapil sv\u00fdm v\u00fdkonem zjevn\u011b nest\u00e1rnouc\u00ed Coleman. Po n\u011bkolikam\u011bs\u00ed\u010dn\u00ed absenci se vytasil s kvalitn\u00edm v\u00fdkonem, bude zaj\u00edmav\u00e9 sledovat, zda si m\u00edsto v z\u00e1kladn\u00ed sestav\u011b udr\u017e\u00ed \u2013 pokud mu to zdrav\u00ed dovol\u00ed. Po trestu se vracej\u00edc\u00ed Young se ur\u010dit\u011b vr\u00e1t\u00ed do sestavy, a tak by nebylo p\u0159ekvapen\u00edm, kdyby se na lavi\u010dku posadil \u010dasto chybuj\u00edc\u00ed Mykolenko<em>,<\/em> p\u0159i\u010dem\u017e jeho m\u00edsto by pr\u00e1v\u011b zaujal Young. Dob\u0159e v\u00edme, \u017ee snem ka\u017ed\u00e9ho mana\u017eera je, aby sou\u010det v\u011bku jeho bek\u016f \u010dinil 75 let.<\/p>\n<p>S uzdraven\u00edm Dwighta McNeilla to asi je\u0161t\u011b nebude tak \u017ehav\u00e9, tak\u017ee m\u016f\u017eeme tipovat, zda Dyche uk\u00e1\u017ee na Harrisona, nebo Lindstr\u00f8ma. Ne, \u017ee by na tom n\u011bjak zvl\u00e1\u0161\u0165 z\u00e1le\u017eelo, produktivita obou p\u00e1n\u016f je nulov\u00e1. Zaj\u00edmav\u011bj\u0161\u00ed ot\u00e1zkou je, zda Brojova zdravotn\u00ed kondice dovol\u00ed jeho start v z\u00e1kladn\u00ed sestav\u011b.<\/p>\n<p>Nottingham Forest p\u0159ij\u00ed\u017ed\u00ed na Goodison Park z pozice \u010dtvrt\u00e9ho t\u00fdmu Premier League. Kdo by to byl \u010dekal p\u0159ed sez\u00f3nou, kdy\u017e je\u0161t\u011b v kv\u011btnu sv\u011b\u0159enci Nuna Esp\u00edrita Santa zachra\u0148ovali svou ligovou p\u0159\u00edslu\u0161nost.<\/p>\n<p>Zd\u00e1 se, \u017ee Portugalllec na City Ground p\u0159inesl po turbulentn\u00edch letech pat\u0159i\u010dn\u00fd klid, kter\u00fd za\u010d\u00edn\u00e1 n\u00e9st ovoce. Ani\u017e by mu kdokoli cht\u011bl ub\u00edrat kredit, je d\u016fle\u017eit\u00e9 zm\u00ednit i statistick\u00e1 fakta. Forest v lo\u0148sk\u00e9m ro\u010dn\u00edku z\u00edskali ve skute\u010dnosti daleko m\u00e9n\u011b bod\u016f, ne\u017e jim p\u0159isuzovala data, zat\u00edmco v aktu\u00e1ln\u00ed sez\u00f3n\u011b jim \u0161t\u011bst\u00ed zat\u00edm nahr\u00e1v\u00e1 a body p\u0159ib\u00fdvaj\u00ed v\u00edce, ne\u017e p\u0159edpov\u00eddaj\u00ed po\u010d\u00edta\u010de. Ve fotbale ale na\u0161t\u011bst\u00ed nejsou statistick\u00e1 data jedin\u00fdm m\u011b\u0159\u00edtkem a na v\u00fdsledky m\u00e1 vliv cel\u00e1 \u0159ada dal\u0161\u00edch faktor\u016f.<\/p>\n<p>I kdy\u017e Nottingham od sv\u00e9ho postupu do Premier League v roce 2022 nakoupil hr\u00e1\u010de za v\u00edce ne\u017e 350 milion\u016f liber<br \/>\na v porovn\u00e1n\u00ed transferov\u00fdch p\u0159\u00edchod\u016f a odchod\u016f je v m\u00ednusu 210 milion\u016f liber, nutno uznat, \u017ee v\u011bt\u0161ina jeho p\u0159\u00edchod\u016f se vyda\u0159ila a poda\u0159ilo se vybudovat konkurenceschopn\u00fd k\u00e1dr. Everton za stejn\u00e9 obdob\u00ed nakoupil hr\u00e1\u010de pouze za 140 milion\u016f liber a \u010dist\u011b na transferech je v zisku 80 milion\u016f liber.<\/p>\n<p>Pohledem na z\u00e1kladn\u00ed sestavy obou t\u00fdm\u016f lze up\u0159\u00edmn\u011b konstatovat, \u017ee kvalita je na stran\u011b Forest. Osobn\u011b vid\u00edm maxim\u00e1ln\u011b \u010dty\u0159i hr\u00e1\u010de Toffees, kte\u0159\u00ed jsou lep\u0161\u00ed ne\u017e jejich protivn\u00edci na stejn\u00e9m postu: Pickford vs. Sels, Brantwaite vs. Milenkovi\u0107, Gueye vs. Yates a Ndiaye vs. Hudson-Odoi.<\/p>\n<p>Reds vyhr\u00e1li posledn\u00ed \u010dty\u0159i ligov\u00e1 kola, kdy\u017e postupn\u011b zdolali Manchester United, Aston Villu, Brentford a Tottenham Hotspur. St\u0159eleck\u00fdm tahounem je v prosinci k\u0159\u00eddeln\u00edk Elanga, kter\u00fd se trefil t\u0159ikr\u00e1t po sob\u011b a skv\u011ble zastoupil st\u0159eleck\u00e9 eso t\u00fdmu, \u00fato\u010dn\u00edka Wooda. Australan v leto\u0161n\u00ed ligov\u00e9 sez\u00f3n\u011b sk\u00f3roval u\u017e desetkr\u00e1t. Santo se bude muset proti Evertonu obej\u00edt bez sv\u00e9ho kapit\u00e1na Yatese, kter\u00fd si bude odpyk\u00e1vat trest za p\u011bt \u017elut\u00fdch karet.<\/p>\n<p><strong>Co:<\/strong> Everton FC \u2013 Nottingham Forest FC FC, 19. kolo Premier League<br \/>\n<strong>Kdy:<\/strong> 29. 12. 2024 od 16:00<br \/>\n<strong>Kde:<\/strong> Goodison Park \u2013 Goodison Rd, Liverpool L4 4EL (kapacita: 39 414)<br \/>\n<strong>TV:<\/strong> P\u0159\u00edm\u00fd p\u0159enos na stanici Canal+ Sport 6, komentuje Pavel Tyl\u0161ar<br \/>\n<strong>Rozhod\u010d\u00ed:<\/strong> Tony Harrington \u2013 Mat Wilkes, Marc Perry <strong>\u010ctvrt\u00fd rozhod\u010d\u00ed:<\/strong> Geoff Eltringham<br \/>\n<strong>Videorozhod\u010d\u00ed:<\/strong> John Brooks <strong>Asistent videorozhod\u010d\u00edho:<\/strong> Dan Cook<\/p>\n","protected":false},"excerpt":{"rendered":"<p>Everton uzav\u0159e prvn\u00ed polovinu sez\u00f3ny i rok 2024 na dom\u00e1c\u00ed p\u016fd\u011b, kde se pokus\u00ed zkrotit ligovou \u0161tiku.<\/p>\n","protected":false},"author":6,"featured_media":19505,"comment_status":"open","ping_status":"closed","sticky":false,"template":"","format":"standard","meta":{"_eb_attr":"","_monsterinsights_skip_tracking":false,"_monsterinsights_sitenote_active":false,"_monsterinsights_sitenote_note":"","_monsterinsights_sitenote_category":0,"footnotes":""},"categories":[4],"tags":[],"yoast_head":"<!-- This site is optimized with the Yoast SEO plugin v23.4 - https:\/\/yoast.com\/wordpress\/plugins\/seo\/ -->\n<title>Preview: Everton - Nottingham Forest - Official Czech &amp; Slovak Everton Supporters&#039; Club<\/title>\n<meta name=\"robots\" content=\"index, follow, max-snippet:-1, max-image-preview:large, max-video-preview:-1\" \/>\n<link rel=\"canonical\" href=\"https:\/\/evertonfc.cz\/index.php\/2024\/12\/28\/preview-everton-nottingham-forest-3\/\" \/>\n<meta property=\"og:locale\" content=\"cs_CZ\" \/>\n<meta property=\"og:type\" content=\"article\" \/>\n<meta property=\"og:title\" content=\"Preview: Everton - Nottingham Forest - Official Czech &amp; Slovak Everton Supporters&#039; Club\" \/>\n<meta property=\"og:description\" content=\"Everton uzav\u0159e prvn\u00ed polovinu sez\u00f3ny i rok 2024 na dom\u00e1c\u00ed p\u016fd\u011b, kde se pokus\u00ed zkrotit ligovou \u0161tiku.\" \/>\n<meta property=\"og:url\" content=\"https:\/\/evertonfc.cz\/index.php\/2024\/12\/28\/preview-everton-nottingham-forest-3\/\" \/>\n<meta property=\"og:site_name\" content=\"Official Czech &amp; Slovak Everton Supporters&#039; Club\" \/>\n<meta property=\"article:publisher\" content=\"https:\/\/www.facebook.com\/everton.fans.cz.sk\" \/>\n<meta property=\"article:published_time\" content=\"2024-12-28T14:24:31+00:00\" \/>\n<meta property=\"article:modified_time\" content=\"2024-12-30T10:52:07+00:00\" \/>\n<meta property=\"og:image\" content=\"https:\/\/evertonfc.cz\/wp-content\/uploads\/2022\/08\/Everton-VS-Nottingham-Forest.png\" \/>\n\t<meta property=\"og:image:width\" content=\"720\" \/>\n\t<meta property=\"og:image:height\" content=\"405\" \/>\n\t<meta property=\"og:image:type\" content=\"image\/png\" \/>\n<meta name=\"author\" content=\"Ri\u010di\" \/>\n<meta name=\"twitter:card\" content=\"summary_large_image\" \/>\n<meta name=\"twitter:creator\" content=\"@rbrejsa\" \/>\n<meta name=\"twitter:label1\" content=\"Napsal(a)\" \/>\n\t<meta name=\"twitter:data1\" content=\"Ri\u010di\" \/>\n\t<meta name=\"twitter:label2\" content=\"Odhadovan\u00e1 doba \u010dten\u00ed\" \/>\n\t<meta name=\"twitter:data2\" content=\"4 minuty\" \/>\n<script type=\"application\/ld+json\" class=\"yoast-schema-graph\">{\"@context\":\"https:\/\/schema.org\",\"@graph\":[{\"@type\":\"Article\",\"@id\":\"https:\/\/evertonfc.cz\/index.php\/2024\/12\/28\/preview-everton-nottingham-forest-3\/#article\",\"isPartOf\":{\"@id\":\"https:\/\/evertonfc.cz\/index.php\/2024\/12\/28\/preview-everton-nottingham-forest-3\/\"},\"author\":{\"name\":\"Ri\u010di\",\"@id\":\"https:\/\/evertonfc.cz\/#\/schema\/person\/f7a5daedb2ffee98480bc70e191aaef1\"},\"headline\":\"Preview: Everton &#8211; Nottingham Forest\",\"datePublished\":\"2024-12-28T14:24:31+00:00\",\"dateModified\":\"2024-12-30T10:52:07+00:00\",\"mainEntityOfPage\":{\"@id\":\"https:\/\/evertonfc.cz\/index.php\/2024\/12\/28\/preview-everton-nottingham-forest-3\/\"},\"wordCount\":769,\"commentCount\":8,\"publisher\":{\"@id\":\"https:\/\/evertonfc.cz\/#organization\"},\"image\":{\"@id\":\"https:\/\/evertonfc.cz\/index.php\/2024\/12\/28\/preview-everton-nottingham-forest-3\/#primaryimage\"},\"thumbnailUrl\":\"https:\/\/evertonfc.cz\/wp-content\/uploads\/2022\/08\/Everton-VS-Nottingham-Forest.png\",\"articleSection\":[\"Z\u00e1pasy\"],\"inLanguage\":\"cs\",\"potentialAction\":[{\"@type\":\"CommentAction\",\"name\":\"Comment\",\"target\":[\"https:\/\/evertonfc.cz\/index.php\/2024\/12\/28\/preview-everton-nottingham-forest-3\/#respond\"]}]},{\"@type\":\"WebPage\",\"@id\":\"https:\/\/evertonfc.cz\/index.php\/2024\/12\/28\/preview-everton-nottingham-forest-3\/\",\"url\":\"https:\/\/evertonfc.cz\/index.php\/2024\/12\/28\/preview-everton-nottingham-forest-3\/\",\"name\":\"Preview: Everton - Nottingham Forest - Official Czech &amp; Slovak Everton Supporters&#039; Club\",\"isPartOf\":{\"@id\":\"https:\/\/evertonfc.cz\/#website\"},\"primaryImageOfPage\":{\"@id\":\"https:\/\/evertonfc.cz\/index.php\/2024\/12\/28\/preview-everton-nottingham-forest-3\/#primaryimage\"},\"image\":{\"@id\":\"https:\/\/evertonfc.cz\/index.php\/2024\/12\/28\/preview-everton-nottingham-forest-3\/#primaryimage\"},\"thumbnailUrl\":\"https:\/\/evertonfc.cz\/wp-content\/uploads\/2022\/08\/Everton-VS-Nottingham-Forest.png\",\"datePublished\":\"2024-12-28T14:24:31+00:00\",\"dateModified\":\"2024-12-30T10:52:07+00:00\",\"breadcrumb\":{\"@id\":\"https:\/\/evertonfc.cz\/index.php\/2024\/12\/28\/preview-everton-nottingham-forest-3\/#breadcrumb\"},\"inLanguage\":\"cs\",\"potentialAction\":[{\"@type\":\"ReadAction\",\"target\":[\"https:\/\/evertonfc.cz\/index.php\/2024\/12\/28\/preview-everton-nottingham-forest-3\/\"]}]},{\"@type\":\"ImageObject\",\"inLanguage\":\"cs\",\"@id\":\"https:\/\/evertonfc.cz\/index.php\/2024\/12\/28\/preview-everton-nottingham-forest-3\/#primaryimage\",\"url\":\"https:\/\/evertonfc.cz\/wp-content\/uploads\/2022\/08\/Everton-VS-Nottingham-Forest.png\",\"contentUrl\":\"https:\/\/evertonfc.cz\/wp-content\/uploads\/2022\/08\/Everton-VS-Nottingham-Forest.png\",\"width\":720,\"height\":405},{\"@type\":\"BreadcrumbList\",\"@id\":\"https:\/\/evertonfc.cz\/index.php\/2024\/12\/28\/preview-everton-nottingham-forest-3\/#breadcrumb\",\"itemListElement\":[{\"@type\":\"ListItem\",\"position\":1,\"name\":\"Home\",\"item\":\"https:\/\/evertonfc.cz\/\"},{\"@type\":\"ListItem\",\"position\":2,\"name\":\"Preview: Everton &#8211; Nottingham Forest\"}]},{\"@type\":\"WebSite\",\"@id\":\"https:\/\/evertonfc.cz\/#website\",\"url\":\"https:\/\/evertonfc.cz\/\",\"name\":\"Official Czech &amp; Slovak Everton Supporters&#039; Club\",\"description\":\"\",\"publisher\":{\"@id\":\"https:\/\/evertonfc.cz\/#organization\"},\"potentialAction\":[{\"@type\":\"SearchAction\",\"target\":{\"@type\":\"EntryPoint\",\"urlTemplate\":\"https:\/\/evertonfc.cz\/?s={search_term_string}\"},\"query-input\":{\"@type\":\"PropertyValueSpecification\",\"valueRequired\":true,\"valueName\":\"search_term_string\"}}],\"inLanguage\":\"cs\"},{\"@type\":\"Organization\",\"@id\":\"https:\/\/evertonfc.cz\/#organization\",\"name\":\"Official Czech & Slovak Everton Supporters' Club\",\"url\":\"https:\/\/evertonfc.cz\/\",\"logo\":{\"@type\":\"ImageObject\",\"inLanguage\":\"cs\",\"@id\":\"https:\/\/evertonfc.cz\/#\/schema\/logo\/image\/\",\"url\":\"https:\/\/evertonfc.cz\/wp-content\/uploads\/2019\/05\/logo.png\",\"contentUrl\":\"https:\/\/evertonfc.cz\/wp-content\/uploads\/2019\/05\/logo.png\",\"width\":112,\"height\":112,\"caption\":\"Official Czech & Slovak Everton Supporters' Club\"},\"image\":{\"@id\":\"https:\/\/evertonfc.cz\/#\/schema\/logo\/image\/\"},\"sameAs\":[\"https:\/\/www.facebook.com\/everton.fans.cz.sk\"]},{\"@type\":\"Person\",\"@id\":\"https:\/\/evertonfc.cz\/#\/schema\/person\/f7a5daedb2ffee98480bc70e191aaef1\",\"name\":\"Ri\u010di\",\"sameAs\":[\"https:\/\/x.com\/rbrejsa\"],\"url\":\"https:\/\/evertonfc.cz\/index.php\/author\/rici\/\"}]}<\/script>\n<!-- \/ Yoast SEO plugin. -->","yoast_head_json":{"title":"Preview: Everton - Nottingham Forest - Official Czech &amp; Slovak Everton Supporters&#039; Club","robots":{"index":"index","follow":"follow","max-snippet":"max-snippet:-1","max-image-preview":"max-image-preview:large","max-video-preview":"max-video-preview:-1"},"canonical":"https:\/\/evertonfc.cz\/index.php\/2024\/12\/28\/preview-everton-nottingham-forest-3\/","og_locale":"cs_CZ","og_type":"article","og_title":"Preview: Everton - Nottingham Forest - Official Czech &amp; Slovak Everton Supporters&#039; Club","og_description":"Everton uzav\u0159e prvn\u00ed polovinu sez\u00f3ny i rok 2024 na dom\u00e1c\u00ed p\u016fd\u011b, kde se pokus\u00ed zkrotit ligovou \u0161tiku.","og_url":"https:\/\/evertonfc.cz\/index.php\/2024\/12\/28\/preview-everton-nottingham-forest-3\/","og_site_name":"Official Czech &amp; Slovak Everton Supporters&#039; Club","article_publisher":"https:\/\/www.facebook.com\/everton.fans.cz.sk","article_published_time":"2024-12-28T14:24:31+00:00","article_modified_time":"2024-12-30T10:52:07+00:00","og_image":[{"width":720,"height":405,"url":"https:\/\/evertonfc.cz\/wp-content\/uploads\/2022\/08\/Everton-VS-Nottingham-Forest.png","type":"image\/png"}],"author":"Ri\u010di","twitter_card":"summary_large_image","twitter_creator":"@rbrejsa","twitter_misc":{"Napsal(a)":"Ri\u010di","Odhadovan\u00e1 doba \u010dten\u00ed":"4 minuty"},"schema":{"@context":"https:\/\/schema.org","@graph":[{"@type":"Article","@id":"https:\/\/evertonfc.cz\/index.php\/2024\/12\/28\/preview-everton-nottingham-forest-3\/#article","isPartOf":{"@id":"https:\/\/evertonfc.cz\/index.php\/2024\/12\/28\/preview-everton-nottingham-forest-3\/"},"author":{"name":"Ri\u010di","@id":"https:\/\/evertonfc.cz\/#\/schema\/person\/f7a5daedb2ffee98480bc70e191aaef1"},"headline":"Preview: Everton &#8211; Nottingham Forest","datePublished":"2024-12-28T14:24:31+00:00","dateModified":"2024-12-30T10:52:07+00:00","mainEntityOfPage":{"@id":"https:\/\/evertonfc.cz\/index.php\/2024\/12\/28\/preview-everton-nottingham-forest-3\/"},"wordCount":769,"commentCount":8,"publisher":{"@id":"https:\/\/evertonfc.cz\/#organization"},"image":{"@id":"https:\/\/evertonfc.cz\/index.php\/2024\/12\/28\/preview-everton-nottingham-forest-3\/#primaryimage"},"thumbnailUrl":"https:\/\/evertonfc.cz\/wp-content\/uploads\/2022\/08\/Everton-VS-Nottingham-Forest.png","articleSection":["Z\u00e1pasy"],"inLanguage":"cs","potentialAction":[{"@type":"CommentAction","name":"Comment","target":["https:\/\/evertonfc.cz\/index.php\/2024\/12\/28\/preview-everton-nottingham-forest-3\/#respond"]}]},{"@type":"WebPage","@id":"https:\/\/evertonfc.cz\/index.php\/2024\/12\/28\/preview-everton-nottingham-forest-3\/","url":"https:\/\/evertonfc.cz\/index.php\/2024\/12\/28\/preview-everton-nottingham-forest-3\/","name":"Preview: Everton - Nottingham Forest - Official Czech &amp; Slovak Everton Supporters&#039; Club","isPartOf":{"@id":"https:\/\/evertonfc.cz\/#website"},"primaryImageOfPage":{"@id":"https:\/\/evertonfc.cz\/index.php\/2024\/12\/28\/preview-everton-nottingham-forest-3\/#primaryimage"},"image":{"@id":"https:\/\/evertonfc.cz\/index.php\/2024\/12\/28\/preview-everton-nottingham-forest-3\/#primaryimage"},"thumbnailUrl":"https:\/\/evertonfc.cz\/wp-content\/uploads\/2022\/08\/Everton-VS-Nottingham-Forest.png","datePublished":"2024-12-28T14:24:31+00:00","dateModified":"2024-12-30T10:52:07+00:00","breadcrumb":{"@id":"https:\/\/evertonfc.cz\/index.php\/2024\/12\/28\/preview-everton-nottingham-forest-3\/#breadcrumb"},"inLanguage":"cs","potentialAction":[{"@type":"ReadAction","target":["https:\/\/evertonfc.cz\/index.php\/2024\/12\/28\/preview-everton-nottingham-forest-3\/"]}]},{"@type":"ImageObject","inLanguage":"cs","@id":"https:\/\/evertonfc.cz\/index.php\/2024\/12\/28\/preview-everton-nottingham-forest-3\/#primaryimage","url":"https:\/\/evertonfc.cz\/wp-content\/uploads\/2022\/08\/Everton-VS-Nottingham-Forest.png","contentUrl":"https:\/\/evertonfc.cz\/wp-content\/uploads\/2022\/08\/Everton-VS-Nottingham-Forest.png","width":720,"height":405},{"@type":"BreadcrumbList","@id":"https:\/\/evertonfc.cz\/index.php\/2024\/12\/28\/preview-everton-nottingham-forest-3\/#breadcrumb","itemListElement":[{"@type":"ListItem","position":1,"name":"Home","item":"https:\/\/evertonfc.cz\/"},{"@type":"ListItem","position":2,"name":"Preview: Everton &#8211; Nottingham Forest"}]},{"@type":"WebSite","@id":"https:\/\/evertonfc.cz\/#website","url":"https:\/\/evertonfc.cz\/","name":"Official Czech &amp; Slovak Everton Supporters&#039; Club","description":"","publisher":{"@id":"https:\/\/evertonfc.cz\/#organization"},"potentialAction":[{"@type":"SearchAction","target":{"@type":"EntryPoint","urlTemplate":"https:\/\/evertonfc.cz\/?s={search_term_string}"},"query-input":{"@type":"PropertyValueSpecification","valueRequired":true,"valueName":"search_term_string"}}],"inLanguage":"cs"},{"@type":"Organization","@id":"https:\/\/evertonfc.cz\/#organization","name":"Official Czech & Slovak Everton Supporters' Club","url":"https:\/\/evertonfc.cz\/","logo":{"@type":"ImageObject","inLanguage":"cs","@id":"https:\/\/evertonfc.cz\/#\/schema\/logo\/image\/","url":"https:\/\/evertonfc.cz\/wp-content\/uploads\/2019\/05\/logo.png","contentUrl":"https:\/\/evertonfc.cz\/wp-content\/uploads\/2019\/05\/logo.png","width":112,"height":112,"caption":"Official Czech & Slovak Everton Supporters' Club"},"image":{"@id":"https:\/\/evertonfc.cz\/#\/schema\/logo\/image\/"},"sameAs":["https:\/\/www.facebook.com\/everton.fans.cz.sk"]},{"@type":"Person","@id":"https:\/\/evertonfc.cz\/#\/schema\/person\/f7a5daedb2ffee98480bc70e191aaef1","name":"Ri\u010di","sameAs":["https:\/\/x.com\/rbrejsa"],"url":"https:\/\/evertonfc.cz\/index.php\/author\/rici\/"}]}},"_links":{"self":[{"href":"https:\/\/evertonfc.cz\/index.php\/wp-json\/wp\/v2\/posts\/25901"}],"collection":[{"href":"https:\/\/evertonfc.cz\/index.php\/wp-json\/wp\/v2\/posts"}],"about":[{"href":"https:\/\/evertonfc.cz\/index.php\/wp-json\/wp\/v2\/types\/post"}],"author":[{"embeddable":true,"href":"https:\/\/evertonfc.cz\/index.php\/wp-json\/wp\/v2\/users\/6"}],"replies":[{"embeddable":true,"href":"https:\/\/evertonfc.cz\/index.php\/wp-json\/wp\/v2\/comments?post=25901"}],"version-history":[{"count":11,"href":"https:\/\/evertonfc.cz\/index.php\/wp-json\/wp\/v2\/posts\/25901\/revisions"}],"predecessor-version":[{"id":25920,"href":"https:\/\/evertonfc.cz\/index.php\/wp-json\/wp\/v2\/posts\/25901\/revisions\/25920"}],"wp:featuredmedia":[{"embeddable":true,"href":"https:\/\/evertonfc.cz\/index.php\/wp-json\/wp\/v2\/media\/19505"}],"wp:attachment":[{"href":"https:\/\/evertonfc.cz\/index.php\/wp-json\/wp\/v2\/media?parent=25901"}],"wp:term":[{"taxonomy":"category","embeddable":true,"href":"https:\/\/evertonfc.cz\/index.php\/wp-json\/wp\/v2\/categories?post=25901"},{"taxonomy":"post_tag","embeddable":true,"href":"https:\/\/evertonfc.cz\/index.php\/wp-json\/wp\/v2\/tags?post=25901"}],"curies":[{"name":"wp","href":"https:\/\/api.w.org\/{rel}","templated":true}]}}