{"id":2592,"date":"2017-08-26T23:28:34","date_gmt":"2017-08-26T21:28:34","guid":{"rendered":"http:\/\/evertonfc.cz\/?p=2592"},"modified":"2019-02-09T22:35:50","modified_gmt":"2019-02-09T21:35:50","slug":"zreb-skupinovej-fazy-el","status":"publish","type":"post","link":"https:\/\/evertonfc.cz\/index.php\/2017\/08\/26\/zreb-skupinovej-fazy-el\/","title":{"rendered":"\u017dreb skupinovej f\u00e1zy EL"},"content":{"rendered":"\r\n<h4>Konal sa v piatok v Monackom knie\u017eatstve a rozlosoval 48 klubov do 12 skup\u00edn, v ktor\u00fdch bud\u00fa bojova\u0165 o \u00fa\u010das\u0165 v jarnej vyra\u010fovacej f\u00e1ze.<\/h4>\r\n\r\n\r\n\r\n<p>Losovac\u00ed ceremoni\u00e1l zah\u00e1jil Darren Tulett a n\u00e1sledne bolo vysvetlen\u00e9 pravidl\u00e1, v ktor\u00fdch stoj\u00ed, \u017ee sa nem\u00f4\u017eu stretn\u00fa\u0165 t\u00edmy z rovnakej krajiny, v na\u0161om pr\u00edpade s Arsenalom, a z politick\u00fdch d\u00f4vodov ani kluby z Ruska a Ukrajiny. Taktie\u017e bolo rozdelen\u00edm do dvoch skup\u00edn zabezpe\u010den\u00e9 (\u010derven\u00e1\/modr\u00e1), aby sa nemohli z\u00e1pasy navz\u00e1jom ovplyv\u0148ova\u0165 hran\u00edm v rovnakom \u010dase.<\/p>\r\n\r\n\r\n\r\n<p>Pri losovan\u00ed pom\u00e1hali \u0161peci\u00e1lny hostia a to dvojn\u00e1sobn\u00fd v\u00ed\u0165az Ligy Majstrov Eric Abidal, ako ambas\u00e1dor tohto ro\u010dn\u00edka druhej najvy\u0161\u0161ej kontinent\u00e1lnej s\u00fa\u0165a\u017ee Eur\u00f3py vo futbale a Henrik Larsson, \u0161v\u00e9dsky \u00fato\u010dn\u00edk a najlep\u0161\u00ed strelec hist\u00f3rie Poh\u00e1ru UEFA a Eur\u00f3pskej Ligy. E\u0161te nemohol ch\u00fdba\u0165 Gener\u00e1lny sekret\u00e1r UEFA Giorgo Marchetti a mohlo sa za\u010da\u0165.<\/p>\r\n\r\n\r\n\r\n<p>Everton sa nach\u00e1dzal v druhom ko\u0161i a o svojom osude sa tak dozvedel ve\u013emi r\u00fdchlo, spolu s jeho z\u00e1stupcami, ktor\u00ed do Monte Carla pricestovali priamo zo Splitu, po \u0161tvrtkovom vyraden\u00ed chorv\u00e1tskeho Hajduku Split. Kto \u017ee to bol? Director of Football Steve Walsh a klubov\u00fd sekret\u00e1r, Dave Harrison. Prv\u00fd do skupiny bol vy\u017erebovan\u00fd franc\u00fazsky dev\u00e4\u0165n\u00e1sobn\u00fd majster Olympique Lyon a n\u00e1sledne ho doplnil Everton. Okam\u017eite na to sa za\u010dalo \u0161u\u0161ka\u0165 a skupine smrti. Tretia pri\u0161la Atalanta Bergamo, v\u00ed\u0165az Coppa Italia v sez\u00f3ne 1962\/63 a za \u0148ou nasledoval jeden z naj\u00faspe\u0161nej\u0161\u00edch klubov na Cyperskom ostrove, Apollon Limassol. Tak\u017ee, \u010do poviete, zasl\u00fa\u017een\u00e9 pomenovanie skupiny E? Ur\u010dite n\u00e1s \u010dak\u00e1 dlh\u00e1 a n\u00e1ro\u010dn\u00e1 jese\u0148, s v\u00fddatn\u00fdm programom, ktor\u00fd rozhodne potr\u00e1pi aj na\u0161u redakciu.<\/p>\r\n\r\n\r\n\r\n<h4><strong>Ohlasy po \u017erebe<\/strong><\/h4>\r\n\r\n\r\n\r\n<p>Steve Walsh \u2013 \u201eJe to vzru\u0161uj\u00faca v\u00fdzva a obrovsk\u00e1 pr\u00edle\u017eitos\u0165 predvies\u0165 n\u00e1\u0161 t\u00edm v Eur\u00f3pe. D\u00fafam, \u017ee budeme schopn\u00fd post\u00fapi\u0165 do \u010fal\u0161ej f\u00e1zy. Za posledn\u00fd rok som nav\u0161t\u00edvil aj Lyon aj Atalantu. Oboje s\u00fa siln\u00e9 mu\u017estv\u00e1, ktor\u00e9 skon\u010dili v dom\u00e1cich lig\u00e1ch minul\u00fa sez\u00f3nu vysoko, ale sme na to pripraven\u00ed. Ak chcem t\u00fato s\u00fa\u0165a\u017e vyhra\u0165, mus\u00edm hra\u0165 \u010do najlep\u0161ie vieme. Lyon m\u00e1 hr\u00e1\u010dov dobre zn\u00e1mych v Premier League, ako Rafael alebo Depay, ale stratili Lacazettea do Arsenalu. Ke\u010f som videl Atalantu, vyzerali ako zohrat\u00e9 mu\u017estvo s p\u00e1r vynikaj\u00facimi individu\u00e1lmi. Limassol bude tie\u017e orie\u0161ok. Je to s\u00fa\u0165a\u017eiv\u00fd t\u00edm, tak\u017ee mus\u00edme si d\u00e1va\u0165 pozor v ka\u017edom z\u00e1pase. A o tom Eur\u00f3psky futbal je. Te\u0161\u00edm sa, a\u017e budeme s nimi hra\u0165 v Goodison Parku.\u201c<\/p>\r\n\r\n\r\n\r\n<p>R.Koeman \u2013 \u201eDobr\u00e1, siln\u00e1 skupina. Lyon je siln\u00fd, Atalanta talianska a v\u0161etci s\u00fa v \u010dastiach Eur\u00f3py, kam sa \u013eahko cestuje. Bude to \u0165a\u017ek\u00e9, av\u0161ak bude to \u0165a\u017ek\u00e9 pre v\u0161etk\u00fdch.\u201c<\/p>\r\n\r\n\r\n\r\n<h4><strong>Z\u00e1pasy skupiny E<\/strong><\/h4>\r\n\r\n\r\n\r\n<p>Matchday 1: Atalanta vs <strong>Everton<\/strong> &#8211; \u0161tvrtok 14 september, 19:00<\/p>\r\n\r\n\r\n\r\n<p>Matchday 2: <strong>Everton<\/strong> vs Apollon Limassol &#8211; \u0161tvrtok 28 september, 21:05<\/p>\r\n\r\n\r\n\r\n<p>Matchday 3:<strong> Everton<\/strong> vs Lyon &#8211; \u0161tvrtok 19 okt\u00f3ber, 21:05<\/p>\r\n\r\n\r\n\r\n<p>Matchday 4: Lyon vs <strong>Everton<\/strong> &#8211; \u0161tvrtok 2 november, 19:00<\/p>\r\n\r\n\r\n\r\n<p>Matchday 5: <strong>Everton<\/strong> vs Atalanta &#8211; \u0161tvrtok 23 november, 21:05<\/p>\r\n\r\n\r\n\r\n<p>Matchday 6: Apollon Limassol vs <strong>Everton<\/strong> &#8211; \u0161tvrtok 7 december, 19:00<\/p>\r\n\r\n\r\n\r\n<h4><strong>V\u0161etky skupiny<\/strong><\/h4>\r\n\r\n\r\n\r\n<ul>\r\n<li>Skupina A: Villarreal, Maccabi Tel-Aviv, Astana, Slavia Prague.<\/li>\r\n<li>Skupina B: Dynamo Kiev, Young Boys, Partizan Belgrade, Skenderbeu.<\/li>\r\n<li>Skupina C: Braga, Ludogorets, Hoffenheim, Istanbul Basaksehir.<\/li>\r\n<li>Skupina D: Milan, Austria Vienna, Rijeka, AEK Athens.<\/li>\r\n<li>Skupina E: Lyon, Everton, Atalanta, Apollon.<\/li>\r\n<li>Skupina F: Copenhagen, Lokomotiv Moscow, Sheriff Tiraspol, Zlin.<\/li>\r\n<li>Skupina G: Viktoria Plzen, FCSB, Hapoel Beer-Sheva, Lugano.<\/li>\r\n<li>Skupina H: Arsenal, BATE Borisov, Cologne, Crvena Zvezda.<\/li>\r\n<li>Skupina I: Salzburg, Marseille, Vitoria SC, Konyaspor.<\/li>\r\n<li>Skupina J: Athletic Bilbao, Hertha Berlin, Zorya Luhansk, Ostersund.<\/li>\r\n<li>Skupina K: Lazio, Nice, Zulte Waregem, Vitesse.<\/li>\r\n<\/ul>\r\n","protected":false},"excerpt":{"rendered":"<p>Konal sa v piatok v Monackom knie\u017eatstve a rozlosoval 48 klubov do 12 skup\u00edn, v ktor\u00fdch bud\u00fa bojova\u0165 o \u00fa\u010das\u0165&hellip;<\/p>\n","protected":false},"author":1,"featured_media":1313,"comment_status":"open","ping_status":"closed","sticky":false,"template":"","format":"standard","meta":{"_eb_attr":"","_monsterinsights_skip_tracking":false,"_monsterinsights_sitenote_active":false,"_monsterinsights_sitenote_note":"","_monsterinsights_sitenote_category":0,"footnotes":""},"categories":[42],"tags":[],"yoast_head":"<!-- This site is optimized with the Yoast SEO plugin v23.4 - https:\/\/yoast.com\/wordpress\/plugins\/seo\/ -->\n<title>\u017dreb skupinovej f\u00e1zy EL - Official Czech &amp; Slovak Everton Supporters&#039; Club<\/title>\n<meta name=\"robots\" content=\"index, follow, max-snippet:-1, max-image-preview:large, max-video-preview:-1\" \/>\n<link rel=\"canonical\" href=\"https:\/\/evertonfc.cz\/index.php\/2017\/08\/26\/zreb-skupinovej-fazy-el\/\" \/>\n<meta property=\"og:locale\" content=\"cs_CZ\" \/>\n<meta property=\"og:type\" content=\"article\" \/>\n<meta property=\"og:title\" content=\"\u017dreb skupinovej f\u00e1zy EL - Official Czech &amp; Slovak Everton Supporters&#039; Club\" \/>\n<meta property=\"og:description\" content=\"Konal sa v piatok v Monackom knie\u017eatstve a rozlosoval 48 klubov do 12 skup\u00edn, v ktor\u00fdch bud\u00fa bojova\u0165 o \u00fa\u010das\u0165&hellip;\" \/>\n<meta property=\"og:url\" content=\"https:\/\/evertonfc.cz\/index.php\/2017\/08\/26\/zreb-skupinovej-fazy-el\/\" \/>\n<meta property=\"og:site_name\" content=\"Official Czech &amp; Slovak Everton Supporters&#039; Club\" \/>\n<meta property=\"article:publisher\" content=\"https:\/\/www.facebook.com\/everton.fans.cz.sk\" \/>\n<meta property=\"article:published_time\" content=\"2017-08-26T21:28:34+00:00\" \/>\n<meta property=\"article:modified_time\" content=\"2019-02-09T21:35:50+00:00\" \/>\n<meta property=\"og:image\" content=\"https:\/\/evertonfc.cz\/wp-content\/uploads\/2019\/01\/news.jpg\" \/>\n\t<meta property=\"og:image:width\" content=\"720\" \/>\n\t<meta property=\"og:image:height\" content=\"405\" \/>\n\t<meta property=\"og:image:type\" content=\"image\/jpeg\" \/>\n<meta name=\"author\" content=\"BlueBlooded\" \/>\n<meta name=\"twitter:card\" content=\"summary_large_image\" \/>\n<meta name=\"twitter:label1\" content=\"Napsal(a)\" \/>\n\t<meta name=\"twitter:data1\" content=\"BlueBlooded\" \/>\n\t<meta name=\"twitter:label2\" content=\"Odhadovan\u00e1 doba \u010dten\u00ed\" \/>\n\t<meta name=\"twitter:data2\" content=\"3 minuty\" \/>\n<script type=\"application\/ld+json\" class=\"yoast-schema-graph\">{\"@context\":\"https:\/\/schema.org\",\"@graph\":[{\"@type\":\"Article\",\"@id\":\"https:\/\/evertonfc.cz\/index.php\/2017\/08\/26\/zreb-skupinovej-fazy-el\/#article\",\"isPartOf\":{\"@id\":\"https:\/\/evertonfc.cz\/index.php\/2017\/08\/26\/zreb-skupinovej-fazy-el\/\"},\"author\":{\"name\":\"BlueBlooded\",\"@id\":\"https:\/\/evertonfc.cz\/#\/schema\/person\/d4493b8cbea51532597fbc4685698916\"},\"headline\":\"\u017dreb skupinovej f\u00e1zy EL\",\"datePublished\":\"2017-08-26T21:28:34+00:00\",\"dateModified\":\"2019-02-09T21:35:50+00:00\",\"mainEntityOfPage\":{\"@id\":\"https:\/\/evertonfc.cz\/index.php\/2017\/08\/26\/zreb-skupinovej-fazy-el\/\"},\"wordCount\":658,\"commentCount\":0,\"publisher\":{\"@id\":\"https:\/\/evertonfc.cz\/#organization\"},\"image\":{\"@id\":\"https:\/\/evertonfc.cz\/index.php\/2017\/08\/26\/zreb-skupinovej-fazy-el\/#primaryimage\"},\"thumbnailUrl\":\"https:\/\/evertonfc.cz\/wp-content\/uploads\/2019\/01\/news.jpg\",\"articleSection\":[\"Aktuality\"],\"inLanguage\":\"cs\",\"potentialAction\":[{\"@type\":\"CommentAction\",\"name\":\"Comment\",\"target\":[\"https:\/\/evertonfc.cz\/index.php\/2017\/08\/26\/zreb-skupinovej-fazy-el\/#respond\"]}]},{\"@type\":\"WebPage\",\"@id\":\"https:\/\/evertonfc.cz\/index.php\/2017\/08\/26\/zreb-skupinovej-fazy-el\/\",\"url\":\"https:\/\/evertonfc.cz\/index.php\/2017\/08\/26\/zreb-skupinovej-fazy-el\/\",\"name\":\"\u017dreb skupinovej f\u00e1zy EL - Official Czech &amp; Slovak Everton Supporters&#039; Club\",\"isPartOf\":{\"@id\":\"https:\/\/evertonfc.cz\/#website\"},\"primaryImageOfPage\":{\"@id\":\"https:\/\/evertonfc.cz\/index.php\/2017\/08\/26\/zreb-skupinovej-fazy-el\/#primaryimage\"},\"image\":{\"@id\":\"https:\/\/evertonfc.cz\/index.php\/2017\/08\/26\/zreb-skupinovej-fazy-el\/#primaryimage\"},\"thumbnailUrl\":\"https:\/\/evertonfc.cz\/wp-content\/uploads\/2019\/01\/news.jpg\",\"datePublished\":\"2017-08-26T21:28:34+00:00\",\"dateModified\":\"2019-02-09T21:35:50+00:00\",\"breadcrumb\":{\"@id\":\"https:\/\/evertonfc.cz\/index.php\/2017\/08\/26\/zreb-skupinovej-fazy-el\/#breadcrumb\"},\"inLanguage\":\"cs\",\"potentialAction\":[{\"@type\":\"ReadAction\",\"target\":[\"https:\/\/evertonfc.cz\/index.php\/2017\/08\/26\/zreb-skupinovej-fazy-el\/\"]}]},{\"@type\":\"ImageObject\",\"inLanguage\":\"cs\",\"@id\":\"https:\/\/evertonfc.cz\/index.php\/2017\/08\/26\/zreb-skupinovej-fazy-el\/#primaryimage\",\"url\":\"https:\/\/evertonfc.cz\/wp-content\/uploads\/2019\/01\/news.jpg\",\"contentUrl\":\"https:\/\/evertonfc.cz\/wp-content\/uploads\/2019\/01\/news.jpg\",\"width\":720,\"height\":405},{\"@type\":\"BreadcrumbList\",\"@id\":\"https:\/\/evertonfc.cz\/index.php\/2017\/08\/26\/zreb-skupinovej-fazy-el\/#breadcrumb\",\"itemListElement\":[{\"@type\":\"ListItem\",\"position\":1,\"name\":\"Home\",\"item\":\"https:\/\/evertonfc.cz\/\"},{\"@type\":\"ListItem\",\"position\":2,\"name\":\"\u017dreb skupinovej f\u00e1zy EL\"}]},{\"@type\":\"WebSite\",\"@id\":\"https:\/\/evertonfc.cz\/#website\",\"url\":\"https:\/\/evertonfc.cz\/\",\"name\":\"Official Czech &amp; Slovak Everton Supporters&#039; Club\",\"description\":\"\",\"publisher\":{\"@id\":\"https:\/\/evertonfc.cz\/#organization\"},\"potentialAction\":[{\"@type\":\"SearchAction\",\"target\":{\"@type\":\"EntryPoint\",\"urlTemplate\":\"https:\/\/evertonfc.cz\/?s={search_term_string}\"},\"query-input\":{\"@type\":\"PropertyValueSpecification\",\"valueRequired\":true,\"valueName\":\"search_term_string\"}}],\"inLanguage\":\"cs\"},{\"@type\":\"Organization\",\"@id\":\"https:\/\/evertonfc.cz\/#organization\",\"name\":\"Official Czech & Slovak Everton Supporters' Club\",\"url\":\"https:\/\/evertonfc.cz\/\",\"logo\":{\"@type\":\"ImageObject\",\"inLanguage\":\"cs\",\"@id\":\"https:\/\/evertonfc.cz\/#\/schema\/logo\/image\/\",\"url\":\"https:\/\/evertonfc.cz\/wp-content\/uploads\/2019\/05\/logo.png\",\"contentUrl\":\"https:\/\/evertonfc.cz\/wp-content\/uploads\/2019\/05\/logo.png\",\"width\":112,\"height\":112,\"caption\":\"Official Czech & Slovak Everton Supporters' Club\"},\"image\":{\"@id\":\"https:\/\/evertonfc.cz\/#\/schema\/logo\/image\/\"},\"sameAs\":[\"https:\/\/www.facebook.com\/everton.fans.cz.sk\"]},{\"@type\":\"Person\",\"@id\":\"https:\/\/evertonfc.cz\/#\/schema\/person\/d4493b8cbea51532597fbc4685698916\",\"name\":\"BlueBlooded\",\"url\":\"https:\/\/evertonfc.cz\/index.php\/author\/admin\/\"}]}<\/script>\n<!-- \/ Yoast SEO plugin. -->","yoast_head_json":{"title":"\u017dreb skupinovej f\u00e1zy EL - Official Czech &amp; Slovak Everton Supporters&#039; Club","robots":{"index":"index","follow":"follow","max-snippet":"max-snippet:-1","max-image-preview":"max-image-preview:large","max-video-preview":"max-video-preview:-1"},"canonical":"https:\/\/evertonfc.cz\/index.php\/2017\/08\/26\/zreb-skupinovej-fazy-el\/","og_locale":"cs_CZ","og_type":"article","og_title":"\u017dreb skupinovej f\u00e1zy EL - Official Czech &amp; Slovak Everton Supporters&#039; Club","og_description":"Konal sa v piatok v Monackom knie\u017eatstve a rozlosoval 48 klubov do 12 skup\u00edn, v ktor\u00fdch bud\u00fa bojova\u0165 o \u00fa\u010das\u0165&hellip;","og_url":"https:\/\/evertonfc.cz\/index.php\/2017\/08\/26\/zreb-skupinovej-fazy-el\/","og_site_name":"Official Czech &amp; Slovak Everton Supporters&#039; Club","article_publisher":"https:\/\/www.facebook.com\/everton.fans.cz.sk","article_published_time":"2017-08-26T21:28:34+00:00","article_modified_time":"2019-02-09T21:35:50+00:00","og_image":[{"width":720,"height":405,"url":"https:\/\/evertonfc.cz\/wp-content\/uploads\/2019\/01\/news.jpg","type":"image\/jpeg"}],"author":"BlueBlooded","twitter_card":"summary_large_image","twitter_misc":{"Napsal(a)":"BlueBlooded","Odhadovan\u00e1 doba \u010dten\u00ed":"3 minuty"},"schema":{"@context":"https:\/\/schema.org","@graph":[{"@type":"Article","@id":"https:\/\/evertonfc.cz\/index.php\/2017\/08\/26\/zreb-skupinovej-fazy-el\/#article","isPartOf":{"@id":"https:\/\/evertonfc.cz\/index.php\/2017\/08\/26\/zreb-skupinovej-fazy-el\/"},"author":{"name":"BlueBlooded","@id":"https:\/\/evertonfc.cz\/#\/schema\/person\/d4493b8cbea51532597fbc4685698916"},"headline":"\u017dreb skupinovej f\u00e1zy EL","datePublished":"2017-08-26T21:28:34+00:00","dateModified":"2019-02-09T21:35:50+00:00","mainEntityOfPage":{"@id":"https:\/\/evertonfc.cz\/index.php\/2017\/08\/26\/zreb-skupinovej-fazy-el\/"},"wordCount":658,"commentCount":0,"publisher":{"@id":"https:\/\/evertonfc.cz\/#organization"},"image":{"@id":"https:\/\/evertonfc.cz\/index.php\/2017\/08\/26\/zreb-skupinovej-fazy-el\/#primaryimage"},"thumbnailUrl":"https:\/\/evertonfc.cz\/wp-content\/uploads\/2019\/01\/news.jpg","articleSection":["Aktuality"],"inLanguage":"cs","potentialAction":[{"@type":"CommentAction","name":"Comment","target":["https:\/\/evertonfc.cz\/index.php\/2017\/08\/26\/zreb-skupinovej-fazy-el\/#respond"]}]},{"@type":"WebPage","@id":"https:\/\/evertonfc.cz\/index.php\/2017\/08\/26\/zreb-skupinovej-fazy-el\/","url":"https:\/\/evertonfc.cz\/index.php\/2017\/08\/26\/zreb-skupinovej-fazy-el\/","name":"\u017dreb skupinovej f\u00e1zy EL - Official Czech &amp; Slovak Everton Supporters&#039; Club","isPartOf":{"@id":"https:\/\/evertonfc.cz\/#website"},"primaryImageOfPage":{"@id":"https:\/\/evertonfc.cz\/index.php\/2017\/08\/26\/zreb-skupinovej-fazy-el\/#primaryimage"},"image":{"@id":"https:\/\/evertonfc.cz\/index.php\/2017\/08\/26\/zreb-skupinovej-fazy-el\/#primaryimage"},"thumbnailUrl":"https:\/\/evertonfc.cz\/wp-content\/uploads\/2019\/01\/news.jpg","datePublished":"2017-08-26T21:28:34+00:00","dateModified":"2019-02-09T21:35:50+00:00","breadcrumb":{"@id":"https:\/\/evertonfc.cz\/index.php\/2017\/08\/26\/zreb-skupinovej-fazy-el\/#breadcrumb"},"inLanguage":"cs","potentialAction":[{"@type":"ReadAction","target":["https:\/\/evertonfc.cz\/index.php\/2017\/08\/26\/zreb-skupinovej-fazy-el\/"]}]},{"@type":"ImageObject","inLanguage":"cs","@id":"https:\/\/evertonfc.cz\/index.php\/2017\/08\/26\/zreb-skupinovej-fazy-el\/#primaryimage","url":"https:\/\/evertonfc.cz\/wp-content\/uploads\/2019\/01\/news.jpg","contentUrl":"https:\/\/evertonfc.cz\/wp-content\/uploads\/2019\/01\/news.jpg","width":720,"height":405},{"@type":"BreadcrumbList","@id":"https:\/\/evertonfc.cz\/index.php\/2017\/08\/26\/zreb-skupinovej-fazy-el\/#breadcrumb","itemListElement":[{"@type":"ListItem","position":1,"name":"Home","item":"https:\/\/evertonfc.cz\/"},{"@type":"ListItem","position":2,"name":"\u017dreb skupinovej f\u00e1zy EL"}]},{"@type":"WebSite","@id":"https:\/\/evertonfc.cz\/#website","url":"https:\/\/evertonfc.cz\/","name":"Official Czech &amp; Slovak Everton Supporters&#039; Club","description":"","publisher":{"@id":"https:\/\/evertonfc.cz\/#organization"},"potentialAction":[{"@type":"SearchAction","target":{"@type":"EntryPoint","urlTemplate":"https:\/\/evertonfc.cz\/?s={search_term_string}"},"query-input":{"@type":"PropertyValueSpecification","valueRequired":true,"valueName":"search_term_string"}}],"inLanguage":"cs"},{"@type":"Organization","@id":"https:\/\/evertonfc.cz\/#organization","name":"Official Czech & Slovak Everton Supporters' Club","url":"https:\/\/evertonfc.cz\/","logo":{"@type":"ImageObject","inLanguage":"cs","@id":"https:\/\/evertonfc.cz\/#\/schema\/logo\/image\/","url":"https:\/\/evertonfc.cz\/wp-content\/uploads\/2019\/05\/logo.png","contentUrl":"https:\/\/evertonfc.cz\/wp-content\/uploads\/2019\/05\/logo.png","width":112,"height":112,"caption":"Official Czech & Slovak Everton Supporters' Club"},"image":{"@id":"https:\/\/evertonfc.cz\/#\/schema\/logo\/image\/"},"sameAs":["https:\/\/www.facebook.com\/everton.fans.cz.sk"]},{"@type":"Person","@id":"https:\/\/evertonfc.cz\/#\/schema\/person\/d4493b8cbea51532597fbc4685698916","name":"BlueBlooded","url":"https:\/\/evertonfc.cz\/index.php\/author\/admin\/"}]}},"_links":{"self":[{"href":"https:\/\/evertonfc.cz\/index.php\/wp-json\/wp\/v2\/posts\/2592"}],"collection":[{"href":"https:\/\/evertonfc.cz\/index.php\/wp-json\/wp\/v2\/posts"}],"about":[{"href":"https:\/\/evertonfc.cz\/index.php\/wp-json\/wp\/v2\/types\/post"}],"author":[{"embeddable":true,"href":"https:\/\/evertonfc.cz\/index.php\/wp-json\/wp\/v2\/users\/1"}],"replies":[{"embeddable":true,"href":"https:\/\/evertonfc.cz\/index.php\/wp-json\/wp\/v2\/comments?post=2592"}],"version-history":[{"count":4,"href":"https:\/\/evertonfc.cz\/index.php\/wp-json\/wp\/v2\/posts\/2592\/revisions"}],"predecessor-version":[{"id":2778,"href":"https:\/\/evertonfc.cz\/index.php\/wp-json\/wp\/v2\/posts\/2592\/revisions\/2778"}],"wp:featuredmedia":[{"embeddable":true,"href":"https:\/\/evertonfc.cz\/index.php\/wp-json\/wp\/v2\/media\/1313"}],"wp:attachment":[{"href":"https:\/\/evertonfc.cz\/index.php\/wp-json\/wp\/v2\/media?parent=2592"}],"wp:term":[{"taxonomy":"category","embeddable":true,"href":"https:\/\/evertonfc.cz\/index.php\/wp-json\/wp\/v2\/categories?post=2592"},{"taxonomy":"post_tag","embeddable":true,"href":"https:\/\/evertonfc.cz\/index.php\/wp-json\/wp\/v2\/tags?post=2592"}],"curies":[{"name":"wp","href":"https:\/\/api.w.org\/{rel}","templated":true}]}}