{"id":25924,"date":"2024-12-20T09:48:59","date_gmt":"2024-12-20T08:48:59","guid":{"rendered":"https:\/\/evertonfc.cz\/?p=25924"},"modified":"2025-03-14T15:16:09","modified_gmt":"2025-03-14T14:16:09","slug":"prestupova-zima-2025","status":"publish","type":"post","link":"https:\/\/evertonfc.cz\/index.php\/2024\/12\/20\/prestupova-zima-2025\/","title":{"rendered":"P\u0159estupov\u00e1 zima 2025"},"content":{"rendered":"<h4>S nov\u00fdm rokem se v Anglii tradi\u010dn\u011b otev\u00edr\u00e1 p\u0159estupov\u00e9 okno, b\u011bhem kter\u00e9ho by m\u011bl Everton pos\u00edlit sv\u016fj k\u00e1dr p\u0159ed nevyhnuteln\u00fdmi z\u00e1chran\u00e1\u0159sk\u00fdmi boji. Jak\u00e1 ale bude realita?<\/h4>\n<hr \/>\n<h4 style=\"text-align: center;\">P\u0159ed p\u0159estupov\u00fdm oknem<\/h4>\n<p>Everton p\u0159ed koncem roku koupil americk\u00fd miliard\u00e1\u0159 Dan Friedkin, a p\u0159esto\u017ee okam\u017eit\u011b za\u010dal \u0159e\u0161it finan\u010dn\u00ed str\u00e1nku klubu, zejm\u00e9na spl\u00e1cen\u00edm dluh\u016f, pravidla Premier League jsou ne\u00faprosn\u00e1, proto se nelze t\u011b\u0161it na v\u00fdrazn\u00e9 utr\u00e1cen\u00ed na p\u0159estupov\u00e9m trhu.<\/p>\n<p>Podle d\u016fv\u011bryhodn\u00fdch zdroj\u016f m\u00e1 ale Everton mo\u017enost p\u0159iv\u00e9st jednoho a\u017e dva hr\u00e1\u010de, ide\u00e1ln\u011b na hostov\u00e1n\u00ed, nebo na p\u0159estup za ni\u017e\u0161\u00ed \u010d\u00e1stku \u010di s odlo\u017een\u00fdmi platbami. Nen\u00ed tajemstv\u00edm, \u017ee nejv\u011bt\u0161\u00ed pos\u00edlen\u00ed pot\u0159ebuj\u00ed zejm\u00e9na pozice krajn\u00edch obr\u00e1nc\u016f a k\u0159\u00eddeln\u00edk\u016f.<\/p>\n<p>Everton v\u0161ak pravd\u011bpodobn\u011b bude \u0159e\u0161it i odchody. Klub by mohl je\u0161t\u011b p\u0159ed vypr\u0161en\u00edm smlouvy zpen\u011b\u017eit hr\u00e1\u010de, kter\u00fdm kontrakt kon\u010d\u00ed v l\u00e9t\u011b. Jedn\u00e1 se zejm\u00e9na o Calverta-Lewina, Doucour\u00e9ho a Keanea.<\/p>\n<p>Kv\u016fli n\u00edzk\u00e9mu hern\u00edmu vyt\u00ed\u017een\u00ed nen\u00ed vylou\u010den ani odchod \u00fato\u010dn\u00edka Beta, o n\u011bho\u017e je \u00fadajn\u011b z\u00e1jem v It\u00e1lii, stejn\u011b jako obr\u00e1nc\u016f Pattersona a O\u2019Briena.<\/p>\n<p>Zimn\u00ed p\u0159estupov\u00e9 obdob\u00ed v Premier League skon\u010d\u00ed s uplynut\u00edm 3. \u00fanora.<\/p>\n<hr \/>\n<h4 style=\"text-align: center;\"><strong>Potvrzen\u00e9 p\u0159estupy \u2013 mu\u017ei<\/strong><\/h4>\n<h4>P\u0159\u00edchody<\/h4>\n<ul>\n<li><a href=\"https:\/\/evertonfc.cz\/index.php\/news\/onyangovi-nevyslo-dalsi-hostovani\/\"><strong>Tyler Onyango<\/strong> (Stockport County \u2013 n\u00e1vrat z hostov\u00e1n\u00ed)<\/a> <sup>08. 01.<\/sup><\/li>\n<li><a href=\"https:\/\/evertonfc.cz\/index.php\/2025\/02\/04\/na-hostovani-prichazi-carlos-alcaraz\/\"><strong>Carlos Alcaraz<\/strong>\u00a0(CR Flamengo \u2013 hostov\u00e1n\u00ed)<\/a> <sup>03. 02.<\/sup><\/li>\n<\/ul>\n<h4>Odchody<\/h4>\n<ul>\n<li><a href=\"https:\/\/evertonfc.cz\/index.php\/news\/mlady-whitaker-miri-do-notts-county\/\"><strong>Charlie Whitaker<\/strong> (Notts County \u2013 zdarma)<\/a> <sup>13. 01.<\/sup><\/li>\n<li><a href=\"https:\/\/evertonfc.cz\/index.php\/news\/mills-odchazi-do-oxfordu\/\"><strong>Stanley Mills<\/strong> (Oxford United \u2013 nezve\u0159ejn\u011bn\u00e1 \u010d\u00e1stka)<\/a> <sup>31. 01.<\/sup><\/li>\n<li><a href=\"https:\/\/evertonfc.cz\/index.php\/news\/talentovany-harrison-hostem-v-derby\/\"><strong>Harrison Amstrong<\/strong>\u00a0(Derby County \u2013 hostov\u00e1n\u00ed)<\/a> <sup>03. 02.<\/sup><\/li>\n<\/ul>\n<hr \/>\n<h4 style=\"text-align: center;\"><strong>Potvrzen\u00e9 p\u0159estupy \u2013 \u017eeny<\/strong><\/h4>\n<h4>P\u0159\u00edchody<\/h4>\n<ul>\n<li><a href=\"https:\/\/evertonfc.cz\/index.php\/2024\/12\/22\/prichazi-kelly-gago\/\"><b>Kelly Gago<\/b> (Nantes \u2013 nezve\u0159ejn\u011bn\u00e1 \u010d\u00e1stka)<\/a> <sup>01. 01.<\/sup><\/li>\n<li><a href=\"https:\/\/evertonfc.cz\/index.php\/2025\/01\/07\/prichazi-martina-fernandez\/\"><strong>Martina Fern\u00e1ndez Vila<\/strong> (Barcelona \u2013 hostov\u00e1n\u00ed)<\/a> <sup>04. 01<\/sup><sup>.<\/sup><\/li>\n<li><a href=\"https:\/\/evertonfc.cz\/index.php\/2025\/01\/10\/prichazi-emma-watson\/\"><strong>Emma Watson<\/strong> (Manchester United \u2013 hostov\u00e1n\u00ed)<\/a> <sup>07. 01<\/sup><sup>.<\/sup><\/li>\n<li><a href=\"https:\/\/evertonfc.cz\/index.php\/2025\/01\/10\/prichazi-hayley-ladd\/\"><strong>Hayley Ladd<\/strong> (Manchester United \u2013 nezve\u0159ejn\u011bn\u00e1 \u010d\u00e1stka)<\/a> <sup>09. 01<\/sup><sup>.<\/sup><\/li>\n<li><a href=\"https:\/\/evertonfc.cz\/index.php\/2025\/01\/18\/prichazi-louna-ribadeira\/\"><strong>Louna Ribadeira<\/strong> (Chelsea \u2013 hostov\u00e1n\u00ed)<\/a> <sup>16. 01.<\/sup><\/li>\n<\/ul>\n<h4>Odchody<\/h4>\n<ul>\n<li><strong>Izzy Hobson<\/strong> (Sunderland \u2013 hostov\u00e1n\u00ed) <sup>11. 01.<\/sup><\/li>\n<li><strong>Ellie Jones<\/strong> (Sunderland \u2013 hostov\u00e1n\u00ed) <sup>11. 01<\/sup><sup>.<\/sup><\/li>\n<li><strong>Macy Settle<\/strong> (Blackburn \u2013 hostov\u00e1n\u00ed) <sup>11. 01<\/sup><sup>.<\/sup><\/li>\n<li><a href=\"https:\/\/evertonfc.cz\/index.php\/news\/odchazi-emma-bissell\/\"><b>Emma Bissell <\/b>(Charlton Athletics \u2013 nezve\u0159ejn\u011bn\u00e1 \u010d\u00e1stka)<\/a> <sup>26. 01<\/sup><sup>.<\/sup><\/li>\n<\/ul>\n<p style=\"text-align: right;\"><span style=\"font-size: 8pt;\">(fotozdroj: footballinsider247.com)<\/span><\/p>\n","protected":false},"excerpt":{"rendered":"<p>S nov\u00fdm rokem se v Anglii tradi\u010dn\u011b otev\u00edr\u00e1 p\u0159estupov\u00e9 okno, b\u011bhem kter\u00e9ho by m\u011bl Everton pos\u00edlit sv\u016fj k\u00e1dr p\u0159ed nevyhnuteln\u00fdmi&hellip;<\/p>\n","protected":false},"author":6,"featured_media":25998,"comment_status":"open","ping_status":"closed","sticky":false,"template":"","format":"standard","meta":{"_eb_attr":"","_monsterinsights_skip_tracking":false,"_monsterinsights_sitenote_active":false,"_monsterinsights_sitenote_note":"","_monsterinsights_sitenote_category":0,"footnotes":""},"categories":[41],"tags":[],"yoast_head":"<!-- This site is optimized with the Yoast SEO plugin v23.4 - https:\/\/yoast.com\/wordpress\/plugins\/seo\/ -->\n<title>P\u0159estupov\u00e1 zima 2025 - Official Czech &amp; Slovak Everton Supporters&#039; Club<\/title>\n<meta name=\"robots\" content=\"index, follow, max-snippet:-1, max-image-preview:large, max-video-preview:-1\" \/>\n<link rel=\"canonical\" href=\"https:\/\/evertonfc.cz\/index.php\/2024\/12\/20\/prestupova-zima-2025\/\" \/>\n<meta property=\"og:locale\" content=\"cs_CZ\" \/>\n<meta property=\"og:type\" content=\"article\" \/>\n<meta property=\"og:title\" content=\"P\u0159estupov\u00e1 zima 2025 - Official Czech &amp; Slovak Everton Supporters&#039; Club\" \/>\n<meta property=\"og:description\" content=\"S nov\u00fdm rokem se v Anglii tradi\u010dn\u011b otev\u00edr\u00e1 p\u0159estupov\u00e9 okno, b\u011bhem kter\u00e9ho by m\u011bl Everton pos\u00edlit sv\u016fj k\u00e1dr p\u0159ed nevyhnuteln\u00fdmi&hellip;\" \/>\n<meta property=\"og:url\" content=\"https:\/\/evertonfc.cz\/index.php\/2024\/12\/20\/prestupova-zima-2025\/\" \/>\n<meta property=\"og:site_name\" content=\"Official Czech &amp; Slovak Everton Supporters&#039; Club\" \/>\n<meta property=\"article:publisher\" content=\"https:\/\/www.facebook.com\/everton.fans.cz.sk\" \/>\n<meta property=\"article:published_time\" content=\"2024-12-20T08:48:59+00:00\" \/>\n<meta property=\"article:modified_time\" content=\"2025-03-14T14:16:09+00:00\" \/>\n<meta property=\"og:image\" content=\"https:\/\/evertonfc.cz\/wp-content\/uploads\/2025\/01\/Thelwell-by-Getty-Images-10-1-2025.jpg\" \/>\n\t<meta property=\"og:image:width\" content=\"720\" \/>\n\t<meta property=\"og:image:height\" content=\"405\" \/>\n\t<meta property=\"og:image:type\" content=\"image\/jpeg\" \/>\n<meta name=\"author\" content=\"Ri\u010di\" \/>\n<meta name=\"twitter:card\" content=\"summary_large_image\" \/>\n<meta name=\"twitter:creator\" content=\"@rbrejsa\" \/>\n<meta name=\"twitter:label1\" content=\"Napsal(a)\" \/>\n\t<meta name=\"twitter:data1\" content=\"Ri\u010di\" \/>\n\t<meta name=\"twitter:label2\" content=\"Odhadovan\u00e1 doba \u010dten\u00ed\" \/>\n\t<meta name=\"twitter:data2\" content=\"2 minuty\" \/>\n<script type=\"application\/ld+json\" class=\"yoast-schema-graph\">{\"@context\":\"https:\/\/schema.org\",\"@graph\":[{\"@type\":\"Article\",\"@id\":\"https:\/\/evertonfc.cz\/index.php\/2024\/12\/20\/prestupova-zima-2025\/#article\",\"isPartOf\":{\"@id\":\"https:\/\/evertonfc.cz\/index.php\/2024\/12\/20\/prestupova-zima-2025\/\"},\"author\":{\"name\":\"Ri\u010di\",\"@id\":\"https:\/\/evertonfc.cz\/#\/schema\/person\/f7a5daedb2ffee98480bc70e191aaef1\"},\"headline\":\"P\u0159estupov\u00e1 zima 2025\",\"datePublished\":\"2024-12-20T08:48:59+00:00\",\"dateModified\":\"2025-03-14T14:16:09+00:00\",\"mainEntityOfPage\":{\"@id\":\"https:\/\/evertonfc.cz\/index.php\/2024\/12\/20\/prestupova-zima-2025\/\"},\"wordCount\":358,\"commentCount\":73,\"publisher\":{\"@id\":\"https:\/\/evertonfc.cz\/#organization\"},\"image\":{\"@id\":\"https:\/\/evertonfc.cz\/index.php\/2024\/12\/20\/prestupova-zima-2025\/#primaryimage\"},\"thumbnailUrl\":\"https:\/\/evertonfc.cz\/wp-content\/uploads\/2025\/01\/Thelwell-by-Getty-Images-10-1-2025.jpg\",\"articleSection\":[\"P\u0159estupy\"],\"inLanguage\":\"cs\",\"potentialAction\":[{\"@type\":\"CommentAction\",\"name\":\"Comment\",\"target\":[\"https:\/\/evertonfc.cz\/index.php\/2024\/12\/20\/prestupova-zima-2025\/#respond\"]}]},{\"@type\":\"WebPage\",\"@id\":\"https:\/\/evertonfc.cz\/index.php\/2024\/12\/20\/prestupova-zima-2025\/\",\"url\":\"https:\/\/evertonfc.cz\/index.php\/2024\/12\/20\/prestupova-zima-2025\/\",\"name\":\"P\u0159estupov\u00e1 zima 2025 - Official Czech &amp; Slovak Everton Supporters&#039; Club\",\"isPartOf\":{\"@id\":\"https:\/\/evertonfc.cz\/#website\"},\"primaryImageOfPage\":{\"@id\":\"https:\/\/evertonfc.cz\/index.php\/2024\/12\/20\/prestupova-zima-2025\/#primaryimage\"},\"image\":{\"@id\":\"https:\/\/evertonfc.cz\/index.php\/2024\/12\/20\/prestupova-zima-2025\/#primaryimage\"},\"thumbnailUrl\":\"https:\/\/evertonfc.cz\/wp-content\/uploads\/2025\/01\/Thelwell-by-Getty-Images-10-1-2025.jpg\",\"datePublished\":\"2024-12-20T08:48:59+00:00\",\"dateModified\":\"2025-03-14T14:16:09+00:00\",\"breadcrumb\":{\"@id\":\"https:\/\/evertonfc.cz\/index.php\/2024\/12\/20\/prestupova-zima-2025\/#breadcrumb\"},\"inLanguage\":\"cs\",\"potentialAction\":[{\"@type\":\"ReadAction\",\"target\":[\"https:\/\/evertonfc.cz\/index.php\/2024\/12\/20\/prestupova-zima-2025\/\"]}]},{\"@type\":\"ImageObject\",\"inLanguage\":\"cs\",\"@id\":\"https:\/\/evertonfc.cz\/index.php\/2024\/12\/20\/prestupova-zima-2025\/#primaryimage\",\"url\":\"https:\/\/evertonfc.cz\/wp-content\/uploads\/2025\/01\/Thelwell-by-Getty-Images-10-1-2025.jpg\",\"contentUrl\":\"https:\/\/evertonfc.cz\/wp-content\/uploads\/2025\/01\/Thelwell-by-Getty-Images-10-1-2025.jpg\",\"width\":720,\"height\":405},{\"@type\":\"BreadcrumbList\",\"@id\":\"https:\/\/evertonfc.cz\/index.php\/2024\/12\/20\/prestupova-zima-2025\/#breadcrumb\",\"itemListElement\":[{\"@type\":\"ListItem\",\"position\":1,\"name\":\"Home\",\"item\":\"https:\/\/evertonfc.cz\/\"},{\"@type\":\"ListItem\",\"position\":2,\"name\":\"P\u0159estupov\u00e1 zima 2025\"}]},{\"@type\":\"WebSite\",\"@id\":\"https:\/\/evertonfc.cz\/#website\",\"url\":\"https:\/\/evertonfc.cz\/\",\"name\":\"Official Czech &amp; Slovak Everton Supporters&#039; Club\",\"description\":\"\",\"publisher\":{\"@id\":\"https:\/\/evertonfc.cz\/#organization\"},\"potentialAction\":[{\"@type\":\"SearchAction\",\"target\":{\"@type\":\"EntryPoint\",\"urlTemplate\":\"https:\/\/evertonfc.cz\/?s={search_term_string}\"},\"query-input\":{\"@type\":\"PropertyValueSpecification\",\"valueRequired\":true,\"valueName\":\"search_term_string\"}}],\"inLanguage\":\"cs\"},{\"@type\":\"Organization\",\"@id\":\"https:\/\/evertonfc.cz\/#organization\",\"name\":\"Official Czech & Slovak Everton Supporters' Club\",\"url\":\"https:\/\/evertonfc.cz\/\",\"logo\":{\"@type\":\"ImageObject\",\"inLanguage\":\"cs\",\"@id\":\"https:\/\/evertonfc.cz\/#\/schema\/logo\/image\/\",\"url\":\"https:\/\/evertonfc.cz\/wp-content\/uploads\/2019\/05\/logo.png\",\"contentUrl\":\"https:\/\/evertonfc.cz\/wp-content\/uploads\/2019\/05\/logo.png\",\"width\":112,\"height\":112,\"caption\":\"Official Czech & Slovak Everton Supporters' Club\"},\"image\":{\"@id\":\"https:\/\/evertonfc.cz\/#\/schema\/logo\/image\/\"},\"sameAs\":[\"https:\/\/www.facebook.com\/everton.fans.cz.sk\"]},{\"@type\":\"Person\",\"@id\":\"https:\/\/evertonfc.cz\/#\/schema\/person\/f7a5daedb2ffee98480bc70e191aaef1\",\"name\":\"Ri\u010di\",\"sameAs\":[\"https:\/\/x.com\/rbrejsa\"],\"url\":\"https:\/\/evertonfc.cz\/index.php\/author\/rici\/\"}]}<\/script>\n<!-- \/ Yoast SEO plugin. -->","yoast_head_json":{"title":"P\u0159estupov\u00e1 zima 2025 - Official Czech &amp; Slovak Everton Supporters&#039; Club","robots":{"index":"index","follow":"follow","max-snippet":"max-snippet:-1","max-image-preview":"max-image-preview:large","max-video-preview":"max-video-preview:-1"},"canonical":"https:\/\/evertonfc.cz\/index.php\/2024\/12\/20\/prestupova-zima-2025\/","og_locale":"cs_CZ","og_type":"article","og_title":"P\u0159estupov\u00e1 zima 2025 - Official Czech &amp; Slovak Everton Supporters&#039; Club","og_description":"S nov\u00fdm rokem se v Anglii tradi\u010dn\u011b otev\u00edr\u00e1 p\u0159estupov\u00e9 okno, b\u011bhem kter\u00e9ho by m\u011bl Everton pos\u00edlit sv\u016fj k\u00e1dr p\u0159ed nevyhnuteln\u00fdmi&hellip;","og_url":"https:\/\/evertonfc.cz\/index.php\/2024\/12\/20\/prestupova-zima-2025\/","og_site_name":"Official Czech &amp; Slovak Everton Supporters&#039; Club","article_publisher":"https:\/\/www.facebook.com\/everton.fans.cz.sk","article_published_time":"2024-12-20T08:48:59+00:00","article_modified_time":"2025-03-14T14:16:09+00:00","og_image":[{"width":720,"height":405,"url":"https:\/\/evertonfc.cz\/wp-content\/uploads\/2025\/01\/Thelwell-by-Getty-Images-10-1-2025.jpg","type":"image\/jpeg"}],"author":"Ri\u010di","twitter_card":"summary_large_image","twitter_creator":"@rbrejsa","twitter_misc":{"Napsal(a)":"Ri\u010di","Odhadovan\u00e1 doba \u010dten\u00ed":"2 minuty"},"schema":{"@context":"https:\/\/schema.org","@graph":[{"@type":"Article","@id":"https:\/\/evertonfc.cz\/index.php\/2024\/12\/20\/prestupova-zima-2025\/#article","isPartOf":{"@id":"https:\/\/evertonfc.cz\/index.php\/2024\/12\/20\/prestupova-zima-2025\/"},"author":{"name":"Ri\u010di","@id":"https:\/\/evertonfc.cz\/#\/schema\/person\/f7a5daedb2ffee98480bc70e191aaef1"},"headline":"P\u0159estupov\u00e1 zima 2025","datePublished":"2024-12-20T08:48:59+00:00","dateModified":"2025-03-14T14:16:09+00:00","mainEntityOfPage":{"@id":"https:\/\/evertonfc.cz\/index.php\/2024\/12\/20\/prestupova-zima-2025\/"},"wordCount":358,"commentCount":73,"publisher":{"@id":"https:\/\/evertonfc.cz\/#organization"},"image":{"@id":"https:\/\/evertonfc.cz\/index.php\/2024\/12\/20\/prestupova-zima-2025\/#primaryimage"},"thumbnailUrl":"https:\/\/evertonfc.cz\/wp-content\/uploads\/2025\/01\/Thelwell-by-Getty-Images-10-1-2025.jpg","articleSection":["P\u0159estupy"],"inLanguage":"cs","potentialAction":[{"@type":"CommentAction","name":"Comment","target":["https:\/\/evertonfc.cz\/index.php\/2024\/12\/20\/prestupova-zima-2025\/#respond"]}]},{"@type":"WebPage","@id":"https:\/\/evertonfc.cz\/index.php\/2024\/12\/20\/prestupova-zima-2025\/","url":"https:\/\/evertonfc.cz\/index.php\/2024\/12\/20\/prestupova-zima-2025\/","name":"P\u0159estupov\u00e1 zima 2025 - Official Czech &amp; Slovak Everton Supporters&#039; Club","isPartOf":{"@id":"https:\/\/evertonfc.cz\/#website"},"primaryImageOfPage":{"@id":"https:\/\/evertonfc.cz\/index.php\/2024\/12\/20\/prestupova-zima-2025\/#primaryimage"},"image":{"@id":"https:\/\/evertonfc.cz\/index.php\/2024\/12\/20\/prestupova-zima-2025\/#primaryimage"},"thumbnailUrl":"https:\/\/evertonfc.cz\/wp-content\/uploads\/2025\/01\/Thelwell-by-Getty-Images-10-1-2025.jpg","datePublished":"2024-12-20T08:48:59+00:00","dateModified":"2025-03-14T14:16:09+00:00","breadcrumb":{"@id":"https:\/\/evertonfc.cz\/index.php\/2024\/12\/20\/prestupova-zima-2025\/#breadcrumb"},"inLanguage":"cs","potentialAction":[{"@type":"ReadAction","target":["https:\/\/evertonfc.cz\/index.php\/2024\/12\/20\/prestupova-zima-2025\/"]}]},{"@type":"ImageObject","inLanguage":"cs","@id":"https:\/\/evertonfc.cz\/index.php\/2024\/12\/20\/prestupova-zima-2025\/#primaryimage","url":"https:\/\/evertonfc.cz\/wp-content\/uploads\/2025\/01\/Thelwell-by-Getty-Images-10-1-2025.jpg","contentUrl":"https:\/\/evertonfc.cz\/wp-content\/uploads\/2025\/01\/Thelwell-by-Getty-Images-10-1-2025.jpg","width":720,"height":405},{"@type":"BreadcrumbList","@id":"https:\/\/evertonfc.cz\/index.php\/2024\/12\/20\/prestupova-zima-2025\/#breadcrumb","itemListElement":[{"@type":"ListItem","position":1,"name":"Home","item":"https:\/\/evertonfc.cz\/"},{"@type":"ListItem","position":2,"name":"P\u0159estupov\u00e1 zima 2025"}]},{"@type":"WebSite","@id":"https:\/\/evertonfc.cz\/#website","url":"https:\/\/evertonfc.cz\/","name":"Official Czech &amp; Slovak Everton Supporters&#039; Club","description":"","publisher":{"@id":"https:\/\/evertonfc.cz\/#organization"},"potentialAction":[{"@type":"SearchAction","target":{"@type":"EntryPoint","urlTemplate":"https:\/\/evertonfc.cz\/?s={search_term_string}"},"query-input":{"@type":"PropertyValueSpecification","valueRequired":true,"valueName":"search_term_string"}}],"inLanguage":"cs"},{"@type":"Organization","@id":"https:\/\/evertonfc.cz\/#organization","name":"Official Czech & Slovak Everton Supporters' Club","url":"https:\/\/evertonfc.cz\/","logo":{"@type":"ImageObject","inLanguage":"cs","@id":"https:\/\/evertonfc.cz\/#\/schema\/logo\/image\/","url":"https:\/\/evertonfc.cz\/wp-content\/uploads\/2019\/05\/logo.png","contentUrl":"https:\/\/evertonfc.cz\/wp-content\/uploads\/2019\/05\/logo.png","width":112,"height":112,"caption":"Official Czech & Slovak Everton Supporters' Club"},"image":{"@id":"https:\/\/evertonfc.cz\/#\/schema\/logo\/image\/"},"sameAs":["https:\/\/www.facebook.com\/everton.fans.cz.sk"]},{"@type":"Person","@id":"https:\/\/evertonfc.cz\/#\/schema\/person\/f7a5daedb2ffee98480bc70e191aaef1","name":"Ri\u010di","sameAs":["https:\/\/x.com\/rbrejsa"],"url":"https:\/\/evertonfc.cz\/index.php\/author\/rici\/"}]}},"_links":{"self":[{"href":"https:\/\/evertonfc.cz\/index.php\/wp-json\/wp\/v2\/posts\/25924"}],"collection":[{"href":"https:\/\/evertonfc.cz\/index.php\/wp-json\/wp\/v2\/posts"}],"about":[{"href":"https:\/\/evertonfc.cz\/index.php\/wp-json\/wp\/v2\/types\/post"}],"author":[{"embeddable":true,"href":"https:\/\/evertonfc.cz\/index.php\/wp-json\/wp\/v2\/users\/6"}],"replies":[{"embeddable":true,"href":"https:\/\/evertonfc.cz\/index.php\/wp-json\/wp\/v2\/comments?post=25924"}],"version-history":[{"count":21,"href":"https:\/\/evertonfc.cz\/index.php\/wp-json\/wp\/v2\/posts\/25924\/revisions"}],"predecessor-version":[{"id":26247,"href":"https:\/\/evertonfc.cz\/index.php\/wp-json\/wp\/v2\/posts\/25924\/revisions\/26247"}],"wp:featuredmedia":[{"embeddable":true,"href":"https:\/\/evertonfc.cz\/index.php\/wp-json\/wp\/v2\/media\/25998"}],"wp:attachment":[{"href":"https:\/\/evertonfc.cz\/index.php\/wp-json\/wp\/v2\/media?parent=25924"}],"wp:term":[{"taxonomy":"category","embeddable":true,"href":"https:\/\/evertonfc.cz\/index.php\/wp-json\/wp\/v2\/categories?post=25924"},{"taxonomy":"post_tag","embeddable":true,"href":"https:\/\/evertonfc.cz\/index.php\/wp-json\/wp\/v2\/tags?post=25924"}],"curies":[{"name":"wp","href":"https:\/\/api.w.org\/{rel}","templated":true}]}}