{"id":25931,"date":"2025-01-04T13:02:32","date_gmt":"2025-01-04T12:02:32","guid":{"rendered":"https:\/\/evertonfc.cz\/?p=25931"},"modified":"2025-01-04T13:40:00","modified_gmt":"2025-01-04T12:40:00","slug":"preview-bournemouth-everton-9","status":"publish","type":"post","link":"https:\/\/evertonfc.cz\/index.php\/2025\/01\/04\/preview-bournemouth-everton-9\/","title":{"rendered":"Preview: Bournemouth &#8211; Everton"},"content":{"rendered":"<h4>Po solidn\u00edch v\u00fdkonech a zaslou\u017een\u00fdch bodech ze z\u00e1pas\u016f proti Chelsea a Manchesteru City p\u0159i\u0161el b\u00eddn\u00fd v\u00fdkon proti Nottinghamu. Jak Toffees nav\u00e1\u017eou?<\/h4>\n<p>Jist\u011b, m\u016f\u017eeme argumentovat, \u017ee Cherries nejsou \u0161pi\u010dkov\u00fd t\u00fdm a nejsou ani nejp\u0159\u00edjemn\u011bj\u0161\u00edm p\u0159ekvapen\u00edm sez\u00f3ny, t\u00edm jsou pr\u00e1v\u011b Trees, kte\u0159\u00ed tahaj\u00ed s\u00e9rii 5 ligov\u00fdch v\u00fdher v \u0159ad\u011b. Jen\u017ee pohled na tabulku napov\u00edd\u00e1, \u017ee na \u0161est\u00e9 m\u00edsto, ze kter\u00e9ho se postupuje do Konferen\u010dn\u00ed ligy, ztr\u00e1c\u00ed t\u00fdm z ji\u017en\u00edho pob\u0159e\u017e\u00ed bod.<\/p>\n<p>Bournemouth jde do dne\u0161n\u00edho dom\u00e1c\u00edho z\u00e1pasu se slu\u0161nou formou, v posledn\u00edch sedmi utk\u00e1n\u00edch neprohr\u00e1l a je zcela jednozna\u010dn\u011b favoritem. Uzdravuje se mu k\u00e1dr &#8211; z men\u0161\u00edho zran\u011bn\u00ed se zotavil Tyler Adams a Justin Kluivert (syn Patricka) si v utk\u00e1n\u00ed proti Fulahmu odpykal jednoz\u00e1pasov\u00fd trest za p\u011bt \u017elut\u00fdch karet, \u010dili bude tak\u00e9 k dispozici. Naopak dom\u00e1c\u00ed nem\u016f\u017eou po\u010d\u00edtat s dlouhodob\u011b zran\u011bn\u00fdmi Sinisterrou, Smithem a Tavernierem. Ti u\u017e tr\u00e9nuj\u00ed individu\u00e1ln\u011b, ale dokud se nep\u0159ipoj\u00ed k t\u00fdmu, tak celkem pochopiteln\u011b nemohou b\u00fdt nominov\u00e1ni k z\u00e1pasu. P\u011btici absent\u00e9r\u016f dopl\u0148uj\u00ed obr\u00e1nci Araujo a Senesi.<\/p>\n<p>Everton p\u0159ij\u00ed\u017ed\u00ed na jih Anglie se \u0161patnou n\u00e1ladou, nav\u00edc si v\u0161ichni pamatujeme, \u017ee v dom\u00e1c\u00edm utk\u00e1n\u00ed proti Cherries nesta\u010dilo veden\u00ed 2:0 v 86. minut\u011b ani na bod. V\u00fdkon v posledn\u00edm z\u00e1pase proti Nottinghamu byl sm\u011brem dop\u0159edu\u00a0 opravdu tristn\u00ed, b\u00fdval\u00fd skaut Evertonu Josef Csapl\u00e1r by jeho sou\u010dasn\u00e9 \u00fato\u010dn\u00edky ohodnotil sv\u00fdm obvykl\u00fdm &#8222;lehk\u00e1 nekvalita&#8220;. A to by jim lichotil, za n\u011bco stoj\u00ed sm\u011brem dop\u0159edu p\u0159i absenci McNeila v sou\u010dasnosti pouze Ndiaye. T\u00edmto se dost\u00e1v\u00e1me k absenc\u00edm, McNeil sp\u00ed\u0161e nebude, a\u010d Dyche jeho \u00fa\u010dast nevylou\u010dil. I nad\u00e1le plat\u00ed, \u017ee Ireogbunam a Garner tr\u00e9nuj\u00ed samostatn\u011b, co\u017e ale znamen\u00e1, \u017ee st\u00e1le je\u0161t\u011b nebudou a kv\u016fli drobn\u00e9mu zran\u011bn\u00ed l\u00fdtka vynech\u00e1 z\u00e1pas Coleman.<\/p>\n<p><strong>Co:\u00a0<\/strong>AFC Bournemouth &#8211; Everton FC, 20. kolo Premier League<br \/>\n<strong>Kdy:\u00a0<\/strong>4. 1. 2025 od 16:00<br \/>\n<strong>Kde:\u00a0<\/strong>Vitality Stadium\u00a0\u2013\u00a0Boscombe (p\u0159edm\u011bst\u00ed Bournemouthu), (kapacita: 11 379)<br \/>\n<strong>TV:\u00a0<\/strong>P\u0159\u00edm\u00fd p\u0159enos na stanici Canal+ Sport 6, komentuje Michal Micka<br \/>\n<strong>Rozhod\u010d\u00ed:\u00a0<\/strong>John Brooks &#8211; Simon Bennett, Dan Robathan\u00a0<strong>\u010ctvrt\u00fd rozhod\u010d\u00ed:\u00a0<\/strong>Bobby Madley<br \/>\n<strong>Videorozhod\u010d\u00ed:\u00a0<\/strong>Matt Donohue\u00a0 <strong>Asistent videorozhod\u010d\u00edho: <\/strong>Nick Greenhalgh<\/p>\n","protected":false},"excerpt":{"rendered":"<p>Po solidn\u00edch v\u00fdkonech a zaslou\u017een\u00fdch bodech ze z\u00e1pas\u016f proti Chelsea a Manchesteru City p\u0159i\u0161el b\u00eddn\u00fd v\u00fdkon proti Nottinghamu. Jak Toffees nav\u00e1\u017eou?<\/p>\n","protected":false},"author":12,"featured_media":20316,"comment_status":"open","ping_status":"closed","sticky":false,"template":"","format":"standard","meta":{"_eb_attr":"","_monsterinsights_skip_tracking":false,"_monsterinsights_sitenote_active":false,"_monsterinsights_sitenote_note":"","_monsterinsights_sitenote_category":0,"footnotes":""},"categories":[4],"tags":[],"yoast_head":"<!-- This site is optimized with the Yoast SEO plugin v23.4 - https:\/\/yoast.com\/wordpress\/plugins\/seo\/ -->\n<title>Preview: Bournemouth - Everton - Official Czech &amp; Slovak Everton Supporters&#039; Club<\/title>\n<meta name=\"description\" content=\"Po solidn\u00edch v\u00fdkonech a zaslou\u017een\u00fdch bodech ze z\u00e1pas\u016f proti Chelsea a Manchesteru City p\u0159i\u0161el b\u00eddn\u00fd v\u00fdkon proti Nottinghamu. Jak Toffees nav\u00e1\u017eou?\" \/>\n<meta name=\"robots\" content=\"index, follow, max-snippet:-1, max-image-preview:large, max-video-preview:-1\" \/>\n<link rel=\"canonical\" href=\"https:\/\/evertonfc.cz\/index.php\/2025\/01\/04\/preview-bournemouth-everton-9\/\" \/>\n<meta property=\"og:locale\" content=\"cs_CZ\" \/>\n<meta property=\"og:type\" content=\"article\" \/>\n<meta property=\"og:title\" content=\"Preview: Bournemouth - Everton - Official Czech &amp; Slovak Everton Supporters&#039; Club\" \/>\n<meta property=\"og:description\" content=\"Po solidn\u00edch v\u00fdkonech a zaslou\u017een\u00fdch bodech ze z\u00e1pas\u016f proti Chelsea a Manchesteru City p\u0159i\u0161el b\u00eddn\u00fd v\u00fdkon proti Nottinghamu. Jak Toffees nav\u00e1\u017eou?\" \/>\n<meta property=\"og:url\" content=\"https:\/\/evertonfc.cz\/index.php\/2025\/01\/04\/preview-bournemouth-everton-9\/\" \/>\n<meta property=\"og:site_name\" content=\"Official Czech &amp; Slovak Everton Supporters&#039; Club\" \/>\n<meta property=\"article:publisher\" content=\"https:\/\/www.facebook.com\/everton.fans.cz.sk\" \/>\n<meta property=\"article:published_time\" content=\"2025-01-04T12:02:32+00:00\" \/>\n<meta property=\"article:modified_time\" content=\"2025-01-04T12:40:00+00:00\" \/>\n<meta property=\"og:image\" content=\"https:\/\/evertonfc.cz\/wp-content\/uploads\/2022\/11\/Bournemouth-VS-Everton.png\" \/>\n\t<meta property=\"og:image:width\" content=\"720\" \/>\n\t<meta property=\"og:image:height\" content=\"405\" \/>\n\t<meta property=\"og:image:type\" content=\"image\/png\" \/>\n<meta name=\"author\" content=\"Javor\" \/>\n<meta name=\"twitter:card\" content=\"summary_large_image\" \/>\n<meta name=\"twitter:creator\" content=\"@LoudinJan\" \/>\n<meta name=\"twitter:label1\" content=\"Napsal(a)\" \/>\n\t<meta name=\"twitter:data1\" content=\"Javor\" \/>\n\t<meta name=\"twitter:label2\" content=\"Odhadovan\u00e1 doba \u010dten\u00ed\" \/>\n\t<meta name=\"twitter:data2\" content=\"2 minuty\" \/>\n<script type=\"application\/ld+json\" class=\"yoast-schema-graph\">{\"@context\":\"https:\/\/schema.org\",\"@graph\":[{\"@type\":\"Article\",\"@id\":\"https:\/\/evertonfc.cz\/index.php\/2025\/01\/04\/preview-bournemouth-everton-9\/#article\",\"isPartOf\":{\"@id\":\"https:\/\/evertonfc.cz\/index.php\/2025\/01\/04\/preview-bournemouth-everton-9\/\"},\"author\":{\"name\":\"Javor\",\"@id\":\"https:\/\/evertonfc.cz\/#\/schema\/person\/b30daf6a5852f4811f8207a17ec1bf78\"},\"headline\":\"Preview: Bournemouth &#8211; Everton\",\"datePublished\":\"2025-01-04T12:02:32+00:00\",\"dateModified\":\"2025-01-04T12:40:00+00:00\",\"mainEntityOfPage\":{\"@id\":\"https:\/\/evertonfc.cz\/index.php\/2025\/01\/04\/preview-bournemouth-everton-9\/\"},\"wordCount\":426,\"commentCount\":15,\"publisher\":{\"@id\":\"https:\/\/evertonfc.cz\/#organization\"},\"image\":{\"@id\":\"https:\/\/evertonfc.cz\/index.php\/2025\/01\/04\/preview-bournemouth-everton-9\/#primaryimage\"},\"thumbnailUrl\":\"https:\/\/evertonfc.cz\/wp-content\/uploads\/2022\/11\/Bournemouth-VS-Everton.png\",\"articleSection\":[\"Z\u00e1pasy\"],\"inLanguage\":\"cs\",\"potentialAction\":[{\"@type\":\"CommentAction\",\"name\":\"Comment\",\"target\":[\"https:\/\/evertonfc.cz\/index.php\/2025\/01\/04\/preview-bournemouth-everton-9\/#respond\"]}]},{\"@type\":\"WebPage\",\"@id\":\"https:\/\/evertonfc.cz\/index.php\/2025\/01\/04\/preview-bournemouth-everton-9\/\",\"url\":\"https:\/\/evertonfc.cz\/index.php\/2025\/01\/04\/preview-bournemouth-everton-9\/\",\"name\":\"Preview: Bournemouth - Everton - Official Czech &amp; Slovak Everton Supporters&#039; Club\",\"isPartOf\":{\"@id\":\"https:\/\/evertonfc.cz\/#website\"},\"primaryImageOfPage\":{\"@id\":\"https:\/\/evertonfc.cz\/index.php\/2025\/01\/04\/preview-bournemouth-everton-9\/#primaryimage\"},\"image\":{\"@id\":\"https:\/\/evertonfc.cz\/index.php\/2025\/01\/04\/preview-bournemouth-everton-9\/#primaryimage\"},\"thumbnailUrl\":\"https:\/\/evertonfc.cz\/wp-content\/uploads\/2022\/11\/Bournemouth-VS-Everton.png\",\"datePublished\":\"2025-01-04T12:02:32+00:00\",\"dateModified\":\"2025-01-04T12:40:00+00:00\",\"description\":\"Po solidn\u00edch v\u00fdkonech a zaslou\u017een\u00fdch bodech ze z\u00e1pas\u016f proti Chelsea a Manchesteru City p\u0159i\u0161el b\u00eddn\u00fd v\u00fdkon proti Nottinghamu. Jak Toffees nav\u00e1\u017eou?\",\"breadcrumb\":{\"@id\":\"https:\/\/evertonfc.cz\/index.php\/2025\/01\/04\/preview-bournemouth-everton-9\/#breadcrumb\"},\"inLanguage\":\"cs\",\"potentialAction\":[{\"@type\":\"ReadAction\",\"target\":[\"https:\/\/evertonfc.cz\/index.php\/2025\/01\/04\/preview-bournemouth-everton-9\/\"]}]},{\"@type\":\"ImageObject\",\"inLanguage\":\"cs\",\"@id\":\"https:\/\/evertonfc.cz\/index.php\/2025\/01\/04\/preview-bournemouth-everton-9\/#primaryimage\",\"url\":\"https:\/\/evertonfc.cz\/wp-content\/uploads\/2022\/11\/Bournemouth-VS-Everton.png\",\"contentUrl\":\"https:\/\/evertonfc.cz\/wp-content\/uploads\/2022\/11\/Bournemouth-VS-Everton.png\",\"width\":720,\"height\":405},{\"@type\":\"BreadcrumbList\",\"@id\":\"https:\/\/evertonfc.cz\/index.php\/2025\/01\/04\/preview-bournemouth-everton-9\/#breadcrumb\",\"itemListElement\":[{\"@type\":\"ListItem\",\"position\":1,\"name\":\"Home\",\"item\":\"https:\/\/evertonfc.cz\/\"},{\"@type\":\"ListItem\",\"position\":2,\"name\":\"Preview: Bournemouth &#8211; Everton\"}]},{\"@type\":\"WebSite\",\"@id\":\"https:\/\/evertonfc.cz\/#website\",\"url\":\"https:\/\/evertonfc.cz\/\",\"name\":\"Official Czech &amp; Slovak Everton Supporters&#039; Club\",\"description\":\"\",\"publisher\":{\"@id\":\"https:\/\/evertonfc.cz\/#organization\"},\"potentialAction\":[{\"@type\":\"SearchAction\",\"target\":{\"@type\":\"EntryPoint\",\"urlTemplate\":\"https:\/\/evertonfc.cz\/?s={search_term_string}\"},\"query-input\":{\"@type\":\"PropertyValueSpecification\",\"valueRequired\":true,\"valueName\":\"search_term_string\"}}],\"inLanguage\":\"cs\"},{\"@type\":\"Organization\",\"@id\":\"https:\/\/evertonfc.cz\/#organization\",\"name\":\"Official Czech & Slovak Everton Supporters' Club\",\"url\":\"https:\/\/evertonfc.cz\/\",\"logo\":{\"@type\":\"ImageObject\",\"inLanguage\":\"cs\",\"@id\":\"https:\/\/evertonfc.cz\/#\/schema\/logo\/image\/\",\"url\":\"https:\/\/evertonfc.cz\/wp-content\/uploads\/2019\/05\/logo.png\",\"contentUrl\":\"https:\/\/evertonfc.cz\/wp-content\/uploads\/2019\/05\/logo.png\",\"width\":112,\"height\":112,\"caption\":\"Official Czech & Slovak Everton Supporters' Club\"},\"image\":{\"@id\":\"https:\/\/evertonfc.cz\/#\/schema\/logo\/image\/\"},\"sameAs\":[\"https:\/\/www.facebook.com\/everton.fans.cz.sk\"]},{\"@type\":\"Person\",\"@id\":\"https:\/\/evertonfc.cz\/#\/schema\/person\/b30daf6a5852f4811f8207a17ec1bf78\",\"name\":\"Javor\",\"sameAs\":[\"https:\/\/x.com\/LoudinJan\"],\"url\":\"https:\/\/evertonfc.cz\/index.php\/author\/javor\/\"}]}<\/script>\n<!-- \/ Yoast SEO plugin. -->","yoast_head_json":{"title":"Preview: Bournemouth - Everton - Official Czech &amp; Slovak Everton Supporters&#039; Club","description":"Po solidn\u00edch v\u00fdkonech a zaslou\u017een\u00fdch bodech ze z\u00e1pas\u016f proti Chelsea a Manchesteru City p\u0159i\u0161el b\u00eddn\u00fd v\u00fdkon proti Nottinghamu. Jak Toffees nav\u00e1\u017eou?","robots":{"index":"index","follow":"follow","max-snippet":"max-snippet:-1","max-image-preview":"max-image-preview:large","max-video-preview":"max-video-preview:-1"},"canonical":"https:\/\/evertonfc.cz\/index.php\/2025\/01\/04\/preview-bournemouth-everton-9\/","og_locale":"cs_CZ","og_type":"article","og_title":"Preview: Bournemouth - Everton - Official Czech &amp; Slovak Everton Supporters&#039; Club","og_description":"Po solidn\u00edch v\u00fdkonech a zaslou\u017een\u00fdch bodech ze z\u00e1pas\u016f proti Chelsea a Manchesteru City p\u0159i\u0161el b\u00eddn\u00fd v\u00fdkon proti Nottinghamu. Jak Toffees nav\u00e1\u017eou?","og_url":"https:\/\/evertonfc.cz\/index.php\/2025\/01\/04\/preview-bournemouth-everton-9\/","og_site_name":"Official Czech &amp; Slovak Everton Supporters&#039; Club","article_publisher":"https:\/\/www.facebook.com\/everton.fans.cz.sk","article_published_time":"2025-01-04T12:02:32+00:00","article_modified_time":"2025-01-04T12:40:00+00:00","og_image":[{"width":720,"height":405,"url":"https:\/\/evertonfc.cz\/wp-content\/uploads\/2022\/11\/Bournemouth-VS-Everton.png","type":"image\/png"}],"author":"Javor","twitter_card":"summary_large_image","twitter_creator":"@LoudinJan","twitter_misc":{"Napsal(a)":"Javor","Odhadovan\u00e1 doba \u010dten\u00ed":"2 minuty"},"schema":{"@context":"https:\/\/schema.org","@graph":[{"@type":"Article","@id":"https:\/\/evertonfc.cz\/index.php\/2025\/01\/04\/preview-bournemouth-everton-9\/#article","isPartOf":{"@id":"https:\/\/evertonfc.cz\/index.php\/2025\/01\/04\/preview-bournemouth-everton-9\/"},"author":{"name":"Javor","@id":"https:\/\/evertonfc.cz\/#\/schema\/person\/b30daf6a5852f4811f8207a17ec1bf78"},"headline":"Preview: Bournemouth &#8211; Everton","datePublished":"2025-01-04T12:02:32+00:00","dateModified":"2025-01-04T12:40:00+00:00","mainEntityOfPage":{"@id":"https:\/\/evertonfc.cz\/index.php\/2025\/01\/04\/preview-bournemouth-everton-9\/"},"wordCount":426,"commentCount":15,"publisher":{"@id":"https:\/\/evertonfc.cz\/#organization"},"image":{"@id":"https:\/\/evertonfc.cz\/index.php\/2025\/01\/04\/preview-bournemouth-everton-9\/#primaryimage"},"thumbnailUrl":"https:\/\/evertonfc.cz\/wp-content\/uploads\/2022\/11\/Bournemouth-VS-Everton.png","articleSection":["Z\u00e1pasy"],"inLanguage":"cs","potentialAction":[{"@type":"CommentAction","name":"Comment","target":["https:\/\/evertonfc.cz\/index.php\/2025\/01\/04\/preview-bournemouth-everton-9\/#respond"]}]},{"@type":"WebPage","@id":"https:\/\/evertonfc.cz\/index.php\/2025\/01\/04\/preview-bournemouth-everton-9\/","url":"https:\/\/evertonfc.cz\/index.php\/2025\/01\/04\/preview-bournemouth-everton-9\/","name":"Preview: Bournemouth - Everton - Official Czech &amp; Slovak Everton Supporters&#039; Club","isPartOf":{"@id":"https:\/\/evertonfc.cz\/#website"},"primaryImageOfPage":{"@id":"https:\/\/evertonfc.cz\/index.php\/2025\/01\/04\/preview-bournemouth-everton-9\/#primaryimage"},"image":{"@id":"https:\/\/evertonfc.cz\/index.php\/2025\/01\/04\/preview-bournemouth-everton-9\/#primaryimage"},"thumbnailUrl":"https:\/\/evertonfc.cz\/wp-content\/uploads\/2022\/11\/Bournemouth-VS-Everton.png","datePublished":"2025-01-04T12:02:32+00:00","dateModified":"2025-01-04T12:40:00+00:00","description":"Po solidn\u00edch v\u00fdkonech a zaslou\u017een\u00fdch bodech ze z\u00e1pas\u016f proti Chelsea a Manchesteru City p\u0159i\u0161el b\u00eddn\u00fd v\u00fdkon proti Nottinghamu. Jak Toffees nav\u00e1\u017eou?","breadcrumb":{"@id":"https:\/\/evertonfc.cz\/index.php\/2025\/01\/04\/preview-bournemouth-everton-9\/#breadcrumb"},"inLanguage":"cs","potentialAction":[{"@type":"ReadAction","target":["https:\/\/evertonfc.cz\/index.php\/2025\/01\/04\/preview-bournemouth-everton-9\/"]}]},{"@type":"ImageObject","inLanguage":"cs","@id":"https:\/\/evertonfc.cz\/index.php\/2025\/01\/04\/preview-bournemouth-everton-9\/#primaryimage","url":"https:\/\/evertonfc.cz\/wp-content\/uploads\/2022\/11\/Bournemouth-VS-Everton.png","contentUrl":"https:\/\/evertonfc.cz\/wp-content\/uploads\/2022\/11\/Bournemouth-VS-Everton.png","width":720,"height":405},{"@type":"BreadcrumbList","@id":"https:\/\/evertonfc.cz\/index.php\/2025\/01\/04\/preview-bournemouth-everton-9\/#breadcrumb","itemListElement":[{"@type":"ListItem","position":1,"name":"Home","item":"https:\/\/evertonfc.cz\/"},{"@type":"ListItem","position":2,"name":"Preview: Bournemouth &#8211; Everton"}]},{"@type":"WebSite","@id":"https:\/\/evertonfc.cz\/#website","url":"https:\/\/evertonfc.cz\/","name":"Official Czech &amp; Slovak Everton Supporters&#039; Club","description":"","publisher":{"@id":"https:\/\/evertonfc.cz\/#organization"},"potentialAction":[{"@type":"SearchAction","target":{"@type":"EntryPoint","urlTemplate":"https:\/\/evertonfc.cz\/?s={search_term_string}"},"query-input":{"@type":"PropertyValueSpecification","valueRequired":true,"valueName":"search_term_string"}}],"inLanguage":"cs"},{"@type":"Organization","@id":"https:\/\/evertonfc.cz\/#organization","name":"Official Czech & Slovak Everton Supporters' Club","url":"https:\/\/evertonfc.cz\/","logo":{"@type":"ImageObject","inLanguage":"cs","@id":"https:\/\/evertonfc.cz\/#\/schema\/logo\/image\/","url":"https:\/\/evertonfc.cz\/wp-content\/uploads\/2019\/05\/logo.png","contentUrl":"https:\/\/evertonfc.cz\/wp-content\/uploads\/2019\/05\/logo.png","width":112,"height":112,"caption":"Official Czech & Slovak Everton Supporters' Club"},"image":{"@id":"https:\/\/evertonfc.cz\/#\/schema\/logo\/image\/"},"sameAs":["https:\/\/www.facebook.com\/everton.fans.cz.sk"]},{"@type":"Person","@id":"https:\/\/evertonfc.cz\/#\/schema\/person\/b30daf6a5852f4811f8207a17ec1bf78","name":"Javor","sameAs":["https:\/\/x.com\/LoudinJan"],"url":"https:\/\/evertonfc.cz\/index.php\/author\/javor\/"}]}},"_links":{"self":[{"href":"https:\/\/evertonfc.cz\/index.php\/wp-json\/wp\/v2\/posts\/25931"}],"collection":[{"href":"https:\/\/evertonfc.cz\/index.php\/wp-json\/wp\/v2\/posts"}],"about":[{"href":"https:\/\/evertonfc.cz\/index.php\/wp-json\/wp\/v2\/types\/post"}],"author":[{"embeddable":true,"href":"https:\/\/evertonfc.cz\/index.php\/wp-json\/wp\/v2\/users\/12"}],"replies":[{"embeddable":true,"href":"https:\/\/evertonfc.cz\/index.php\/wp-json\/wp\/v2\/comments?post=25931"}],"version-history":[{"count":5,"href":"https:\/\/evertonfc.cz\/index.php\/wp-json\/wp\/v2\/posts\/25931\/revisions"}],"predecessor-version":[{"id":25936,"href":"https:\/\/evertonfc.cz\/index.php\/wp-json\/wp\/v2\/posts\/25931\/revisions\/25936"}],"wp:featuredmedia":[{"embeddable":true,"href":"https:\/\/evertonfc.cz\/index.php\/wp-json\/wp\/v2\/media\/20316"}],"wp:attachment":[{"href":"https:\/\/evertonfc.cz\/index.php\/wp-json\/wp\/v2\/media?parent=25931"}],"wp:term":[{"taxonomy":"category","embeddable":true,"href":"https:\/\/evertonfc.cz\/index.php\/wp-json\/wp\/v2\/categories?post=25931"},{"taxonomy":"post_tag","embeddable":true,"href":"https:\/\/evertonfc.cz\/index.php\/wp-json\/wp\/v2\/tags?post=25931"}],"curies":[{"name":"wp","href":"https:\/\/api.w.org\/{rel}","templated":true}]}}