{"id":25939,"date":"2025-01-05T14:58:16","date_gmt":"2025-01-05T13:58:16","guid":{"rendered":"https:\/\/evertonfc.cz\/?p=25939"},"modified":"2025-01-05T15:05:54","modified_gmt":"2025-01-05T14:05:54","slug":"bournemouth-everton-10-2","status":"publish","type":"post","link":"https:\/\/evertonfc.cz\/index.php\/2025\/01\/05\/bournemouth-everton-10-2\/","title":{"rendered":"Bournemouth \u2013 Everton 1:0"},"content":{"rendered":"<h4>Toto je pr\u00edbeh z t\u00fdchto \u010dias. Z \u010dias m\u00fdtov a legiend, ke\u010f boli futbalov\u00ed bohovia malichern\u00ed a krut\u00ed a zoslali na Evertonians osud utrpenia. Len jeden mana\u017e\u00e9r sa odv\u00e1\u017eil prispie\u0165 k ich moci. Dycheles.<\/h4>\n<p>Dycheles mal tvrdohlavos\u0165 dovtedy nev\u00eddan\u00fa. Tvrdohlavos\u0165, ktor\u00fa mohla prem\u00f4c\u0165 len moc Friedkina. Tr\u00e9noval Everton a obhajoval sa pred n\u00e1strahami svojej zlomyse\u013enej nechutnej taktiky DycheBall, v\u0161emocnej kr\u00e1\u013eovnej n\u00e1kopov. A kdeko\u013evek sa kopalo toto zlo, kdeko\u013evek trpeli vern\u00ed, v\u017edy tam bol Dycheles.<\/p>\n<p>Ale nebolo tomu inak ani na Dean Court. Ihrisku, kde Everton doposia\u013e v\u00a0\u00e9re Premier League e\u0161te nevyhral. Ak je nie\u010do naozaj ist\u00e9, tak to, \u017ee Everton nikdy nechod\u00ed do z\u00e1pasov s\u00a0intenciou vyhra\u0165 ich, ale hlavne neprehra\u0165. To je, zd\u00e1 sa, najv\u00e4\u010d\u0161ia chyba Dychea. Niekto by mohol namieta\u0165, \u017ee tento pr\u00edstup v\u00a0boji o\u00a0z\u00e1chranu (ko\u013ek\u00fa u\u017e v\u00a0porad\u00ed?) je absol\u00fatne spr\u00e1vny. No nie je to len slep\u00e9 spoliehanie sa na imagin\u00e1rnu garanciu, kde sa katastrof\u00e1lny futbal rovn\u00e1 bezpe\u010diu zotrvania v lige?<\/p>\n<p>Stavil by som sa, \u017ee 9 z\u00a010 \u013eud\u00ed sleduj\u00facich Karamelky pravidelne, by mi dalo za pravdu, \u017ee tak\u00e9to n\u00e1zory s\u00fa d\u00e1vno za spr\u00e1vnou hranicou iracion\u00e1lnej reaktivity po prehratom z\u00e1pase. Nie\u010do mi hovor\u00ed, \u017ee posunutie FA Cupu na \u0161tvrtok ve\u010der pre BBC utvrdzuje verejn\u00e9 mienenie o\u00a0\u010doraz zvy\u0161uj\u00facej sa pravdepodobnosti \u010fal\u0161ieho str\u00e1pnenia sa pred n\u00e1rodom. <em>\u201eTo je hnus, velebnosti, kam sme to dojeli?\u201c <\/em><\/p>\n<h4><strong>Z\u00e1pas<\/strong><\/h4>\n<p>Neviem, \u010di nie je zbyto\u010dn\u00e9 ho opisova\u0165. Ur\u010dite nie do detailu. Detaily v\u00a0hre Seana Dychea toti\u017e ch\u00fdbaj\u00fa. Vlastne nikdy tam ani neboli, na\u010do h\u013eada\u0165? Respekt\u00edve, \u010do h\u013eada\u0165? Klub, ktor\u00fd vyhodil tr\u00e9nera len preto, \u017ee mal na lep\u0161ieho \u2013 n\u00e1\u0161 v\u010deraj\u0161\u00ed s\u00faper, stoj\u00ed bod za \u00faraduj\u00facim majstrom. A\u00a0priznajme to,\u00a0mal \u010do robi\u0165, aby zlomil odpor host\u00ed. T\u00ed spravili jedin\u00fa zmenu zostave, kde Harrisona nahradil Lindstr\u00f8m.<\/p>\n<p>S iba siedmimi inkasovan\u00fdmi g\u00f3lmi na dom\u00e1cej p\u00f4de v tejto sez\u00f3ne bolo jasn\u00e9, \u017ee \u00fatok modr\u00fdch nebude ve\u013ek\u00fdm protivn\u00edkom proti aktu\u00e1lnemu klubov\u00e9mu rekordu \u00f4smich z\u00e1pasov Premier League bez prehry pre dom\u00e1cich. Jedna v\u00fdhra v\u00a0posledn\u00fdch 11 z\u00e1pasoch Ju\u017eanov \u0165a\u017eko vystra\u0161\u00ed, \u010di don\u00fati k\u00a0re\u0161pektu. Po\u010das z\u00e1pasu sme sa ich k\u00a0tomu ani nesna\u017eili prin\u00fati\u0165. Karamelky toti\u017eto cel\u00e9 popoludnie nezaregistrovali strelu na br\u00e1nu.<\/p>\n<blockquote><p><em>Pt\u00e1 se jeden fanou\u0161ka Evertonu: \u201eProsim t\u011b, \u0159ekni mi, co na tom chlastu m\u00e1\u0161&#8230;\u201d<br \/>\nA ten odv\u011bt\u00ed: \u201eJ\u00e1 ti to \u0159eknu, a ty za\u010dne\u0161 chlastat taky&#8230;\u201d<\/em><\/p><\/blockquote>\n<p>U\u017e nedok\u00e1zali sk\u00f3rova\u0165 v 11 z 19 z\u00e1pasov, \u010do je \u010dastej\u0161ie ako ktor\u00fdko\u013evek in\u00fd t\u00edm v Premier League v tomto ro\u010dn\u00edku. To jest \u017eiadny g\u00f3l v \u00f4smich z posledn\u00fdch 10 ligov\u00fdch z\u00e1pasov a dev\u00e4\u0165 striel na br\u00e1nu v posledn\u00fdch piatich dueloch. S iba tromi ligov\u00fdmi v\u00ed\u0165azstvami bola ich \u00fato\u010dn\u00e1 impotencia typick\u00e1 v prvom pol\u010dase t\u00fdm, \u017ee Armando Broja pri pokuse o\u00a0strelu zakopol do zeme, \u010do viedlo k pred\u010dasn\u00e9mu striedaniu Alb\u00e1nca pre zranenie.<\/p>\n<p>Dyche bol n\u00faten\u00fd urobi\u0165 \u010fal\u0161ie zmeny po\u010das prest\u00e1vky, ke\u010f sa zo \u0161atne vynoril 17-ro\u010dn\u00fd Harrison Armstrong a Nathan Patterson ako s\u00fa\u010das\u0165 taktickej zmeny. Hern\u00fd vzorec aj obraz hry v\u0161ak zostal rovnak\u00fd. Iraola, ako to\u013ekokr\u00e1t v tejto sez\u00f3ne, nespanik\u00e1ril, povolal Brooksa v r\u00e1mci trojitej zmeny, a do \u0161iestich min\u00fat bol jeho volej z Kerkezovho centru autorom troch bodov a deviateho v\u00ed\u0165azstvo \u010cere\u0161n\u00ed v tejto sez\u00f3ne.<\/p>\n<p><strong>Sean Dyche po z\u00e1pase:<\/strong><\/p>\n<blockquote><p><span style=\"font-size: 12pt;\"><em>\u201eOdkedy som tu, nikdy som sa nevyhov\u00e1ral&#8230; Mali sme to\u013eko ve\u013ea rem\u00edz, a t\u00e1 s\u00e9ria na papieri st\u00e1le nie je zl\u00e1, ak k nej prid\u00e1te v\u00fdhry. Ale \u017eiadne v\u00fdhry v nej nem\u00e1me.\u201c<\/em><\/span><\/p><\/blockquote>\n<p>Proto\u017ee u n\u00e1s je g\u00f3l, kterej m\u00e1 takovej velkej v\u00fdznam v p\u0159estavb\u011b&#8230; teda mysl\u00edm, v\u00a0ofenzivn\u00ed p\u0159estavb\u011b, j\u00e1, no, to&#8230; \u0158ekl jsem n\u011bco blb\u011b? N\u00e9\u00e9, j\u00e1 bych cht\u011bl \u0159\u00edct, \u017ee u n\u00e1s jde p\u0159estavba tak rychle, \u017ee my u\u017e dnes hrajeme l\u00edp ne\u017e z\u00edtra&#8230; poz\u00edt\u0159\u00ed&#8230; v\u010dera! No, v\u010dera jsi to p\u0159ece \u0159\u00edkal, Seane?!<\/p>\n<h3 style=\"text-align: center;\"><span style=\"color: #3366ff;\"><em><strong>Come on you Blues !!!<\/strong><\/em><\/span><\/h3>\n<p style=\"text-align: right;\"><span style=\"font-size: 8pt;\">(fotozdroj: Sky Sports)<\/span><\/p>\n<p><strong>G\u00f3ly: <\/strong>77\u00b4 Brooks\u00a0 <strong>Zostrihy: <\/strong>HooFoot.com \/ Everton TV<\/p>\n<p><strong>\u017dlt\u00e9 karty:<\/strong> 2\u00b4 Branthwaite, 83\u00b4 Doucour\u00e9, 89\u00b4 Adams, 90+3\u00b4 Brooks<\/p>\n<p><strong>AFC Bournemouth:<\/strong> Travers \u2013 Hill (70\u00b4 Adams), Zabarnyi, Huijsen, Kezkez \u2013 Christie, Cook, Kluivert (70\u00b4 Unal) \u2013 Semenyo, Evanilson (74\u00b4 Trossard), Outtara (71\u00b4 Brooks)<\/p>\n<p><strong>Everton FC:<\/strong> Pickford \u2013 Young, Tarkowski, Branthwaite, Mykolenko \u2013 Doucour\u00e9, Gueye (81\u00b4 Beto), Mangala (46\u00b4 Armstrong) \u2013 Lindstr\u00f8m (46\u00b4 Patterson), Broja (32\u00b4 Calvert-Lewin), Ndiaye<\/p>\n<p><strong>Rozhodca: <\/strong>John Brooks\u00a0 <strong>Hr\u00e1\u010d z\u00e1pasu EFC:<\/strong> Jordan Pickford<\/p>\n","protected":false},"excerpt":{"rendered":"<p>Toto je pr\u00edbeh z t\u00fdchto \u010dias. Z \u010dias m\u00fdtov a legiend, ke\u010f boli futbalov\u00ed bohovia malichern\u00ed a krut\u00ed a zoslali na Evertonians osud utrpenia. Len jeden mana\u017e\u00e9r sa odv\u00e1\u017eil prispie\u0165 k ich moci. Dycheles.<\/p>\n","protected":false},"author":1,"featured_media":25940,"comment_status":"open","ping_status":"closed","sticky":false,"template":"","format":"standard","meta":{"_eb_attr":"","_monsterinsights_skip_tracking":false,"_monsterinsights_sitenote_active":false,"_monsterinsights_sitenote_note":"","_monsterinsights_sitenote_category":0,"footnotes":""},"categories":[4],"tags":[],"yoast_head":"<!-- This site is optimized with the Yoast SEO plugin v23.4 - https:\/\/yoast.com\/wordpress\/plugins\/seo\/ -->\n<title>Bournemouth \u2013 Everton 1:0 - Official Czech &amp; Slovak Everton Supporters&#039; Club<\/title>\n<meta name=\"robots\" content=\"index, follow, max-snippet:-1, max-image-preview:large, max-video-preview:-1\" \/>\n<link rel=\"canonical\" href=\"https:\/\/evertonfc.cz\/index.php\/2025\/01\/05\/bournemouth-everton-10-2\/\" \/>\n<meta property=\"og:locale\" content=\"cs_CZ\" \/>\n<meta property=\"og:type\" content=\"article\" \/>\n<meta property=\"og:title\" content=\"Bournemouth \u2013 Everton 1:0 - Official Czech &amp; Slovak Everton Supporters&#039; Club\" \/>\n<meta property=\"og:description\" content=\"Toto je pr\u00edbeh z t\u00fdchto \u010dias. Z \u010dias m\u00fdtov a legiend, ke\u010f boli futbalov\u00ed bohovia malichern\u00ed a krut\u00ed a zoslali na Evertonians osud utrpenia. Len jeden mana\u017e\u00e9r sa odv\u00e1\u017eil prispie\u0165 k ich moci. Dycheles.\" \/>\n<meta property=\"og:url\" content=\"https:\/\/evertonfc.cz\/index.php\/2025\/01\/05\/bournemouth-everton-10-2\/\" \/>\n<meta property=\"og:site_name\" content=\"Official Czech &amp; Slovak Everton Supporters&#039; Club\" \/>\n<meta property=\"article:publisher\" content=\"https:\/\/www.facebook.com\/everton.fans.cz.sk\" \/>\n<meta property=\"article:published_time\" content=\"2025-01-05T13:58:16+00:00\" \/>\n<meta property=\"article:modified_time\" content=\"2025-01-05T14:05:54+00:00\" \/>\n<meta property=\"og:image\" content=\"https:\/\/evertonfc.cz\/wp-content\/uploads\/2025\/01\/Bournemouth-1-0-Everton-by-Sky-Sports-5-1-2025.jpg\" \/>\n\t<meta property=\"og:image:width\" content=\"720\" \/>\n\t<meta property=\"og:image:height\" content=\"405\" \/>\n\t<meta property=\"og:image:type\" content=\"image\/jpeg\" \/>\n<meta name=\"author\" content=\"BlueBlooded\" \/>\n<meta name=\"twitter:card\" content=\"summary_large_image\" \/>\n<meta name=\"twitter:label1\" content=\"Napsal(a)\" \/>\n\t<meta name=\"twitter:data1\" content=\"BlueBlooded\" \/>\n\t<meta name=\"twitter:label2\" content=\"Odhadovan\u00e1 doba \u010dten\u00ed\" \/>\n\t<meta name=\"twitter:data2\" content=\"4 minuty\" \/>\n<script type=\"application\/ld+json\" class=\"yoast-schema-graph\">{\"@context\":\"https:\/\/schema.org\",\"@graph\":[{\"@type\":\"Article\",\"@id\":\"https:\/\/evertonfc.cz\/index.php\/2025\/01\/05\/bournemouth-everton-10-2\/#article\",\"isPartOf\":{\"@id\":\"https:\/\/evertonfc.cz\/index.php\/2025\/01\/05\/bournemouth-everton-10-2\/\"},\"author\":{\"name\":\"BlueBlooded\",\"@id\":\"https:\/\/evertonfc.cz\/#\/schema\/person\/d4493b8cbea51532597fbc4685698916\"},\"headline\":\"Bournemouth \u2013 Everton 1:0\",\"datePublished\":\"2025-01-05T13:58:16+00:00\",\"dateModified\":\"2025-01-05T14:05:54+00:00\",\"mainEntityOfPage\":{\"@id\":\"https:\/\/evertonfc.cz\/index.php\/2025\/01\/05\/bournemouth-everton-10-2\/\"},\"wordCount\":813,\"commentCount\":0,\"publisher\":{\"@id\":\"https:\/\/evertonfc.cz\/#organization\"},\"image\":{\"@id\":\"https:\/\/evertonfc.cz\/index.php\/2025\/01\/05\/bournemouth-everton-10-2\/#primaryimage\"},\"thumbnailUrl\":\"https:\/\/evertonfc.cz\/wp-content\/uploads\/2025\/01\/Bournemouth-1-0-Everton-by-Sky-Sports-5-1-2025.jpg\",\"articleSection\":[\"Z\u00e1pasy\"],\"inLanguage\":\"cs\",\"potentialAction\":[{\"@type\":\"CommentAction\",\"name\":\"Comment\",\"target\":[\"https:\/\/evertonfc.cz\/index.php\/2025\/01\/05\/bournemouth-everton-10-2\/#respond\"]}]},{\"@type\":\"WebPage\",\"@id\":\"https:\/\/evertonfc.cz\/index.php\/2025\/01\/05\/bournemouth-everton-10-2\/\",\"url\":\"https:\/\/evertonfc.cz\/index.php\/2025\/01\/05\/bournemouth-everton-10-2\/\",\"name\":\"Bournemouth \u2013 Everton 1:0 - Official Czech &amp; Slovak Everton Supporters&#039; Club\",\"isPartOf\":{\"@id\":\"https:\/\/evertonfc.cz\/#website\"},\"primaryImageOfPage\":{\"@id\":\"https:\/\/evertonfc.cz\/index.php\/2025\/01\/05\/bournemouth-everton-10-2\/#primaryimage\"},\"image\":{\"@id\":\"https:\/\/evertonfc.cz\/index.php\/2025\/01\/05\/bournemouth-everton-10-2\/#primaryimage\"},\"thumbnailUrl\":\"https:\/\/evertonfc.cz\/wp-content\/uploads\/2025\/01\/Bournemouth-1-0-Everton-by-Sky-Sports-5-1-2025.jpg\",\"datePublished\":\"2025-01-05T13:58:16+00:00\",\"dateModified\":\"2025-01-05T14:05:54+00:00\",\"breadcrumb\":{\"@id\":\"https:\/\/evertonfc.cz\/index.php\/2025\/01\/05\/bournemouth-everton-10-2\/#breadcrumb\"},\"inLanguage\":\"cs\",\"potentialAction\":[{\"@type\":\"ReadAction\",\"target\":[\"https:\/\/evertonfc.cz\/index.php\/2025\/01\/05\/bournemouth-everton-10-2\/\"]}]},{\"@type\":\"ImageObject\",\"inLanguage\":\"cs\",\"@id\":\"https:\/\/evertonfc.cz\/index.php\/2025\/01\/05\/bournemouth-everton-10-2\/#primaryimage\",\"url\":\"https:\/\/evertonfc.cz\/wp-content\/uploads\/2025\/01\/Bournemouth-1-0-Everton-by-Sky-Sports-5-1-2025.jpg\",\"contentUrl\":\"https:\/\/evertonfc.cz\/wp-content\/uploads\/2025\/01\/Bournemouth-1-0-Everton-by-Sky-Sports-5-1-2025.jpg\",\"width\":720,\"height\":405},{\"@type\":\"BreadcrumbList\",\"@id\":\"https:\/\/evertonfc.cz\/index.php\/2025\/01\/05\/bournemouth-everton-10-2\/#breadcrumb\",\"itemListElement\":[{\"@type\":\"ListItem\",\"position\":1,\"name\":\"Home\",\"item\":\"https:\/\/evertonfc.cz\/\"},{\"@type\":\"ListItem\",\"position\":2,\"name\":\"Bournemouth \u2013 Everton 1:0\"}]},{\"@type\":\"WebSite\",\"@id\":\"https:\/\/evertonfc.cz\/#website\",\"url\":\"https:\/\/evertonfc.cz\/\",\"name\":\"Official Czech &amp; Slovak Everton Supporters&#039; Club\",\"description\":\"\",\"publisher\":{\"@id\":\"https:\/\/evertonfc.cz\/#organization\"},\"potentialAction\":[{\"@type\":\"SearchAction\",\"target\":{\"@type\":\"EntryPoint\",\"urlTemplate\":\"https:\/\/evertonfc.cz\/?s={search_term_string}\"},\"query-input\":{\"@type\":\"PropertyValueSpecification\",\"valueRequired\":true,\"valueName\":\"search_term_string\"}}],\"inLanguage\":\"cs\"},{\"@type\":\"Organization\",\"@id\":\"https:\/\/evertonfc.cz\/#organization\",\"name\":\"Official Czech & Slovak Everton Supporters' Club\",\"url\":\"https:\/\/evertonfc.cz\/\",\"logo\":{\"@type\":\"ImageObject\",\"inLanguage\":\"cs\",\"@id\":\"https:\/\/evertonfc.cz\/#\/schema\/logo\/image\/\",\"url\":\"https:\/\/evertonfc.cz\/wp-content\/uploads\/2019\/05\/logo.png\",\"contentUrl\":\"https:\/\/evertonfc.cz\/wp-content\/uploads\/2019\/05\/logo.png\",\"width\":112,\"height\":112,\"caption\":\"Official Czech & Slovak Everton Supporters' Club\"},\"image\":{\"@id\":\"https:\/\/evertonfc.cz\/#\/schema\/logo\/image\/\"},\"sameAs\":[\"https:\/\/www.facebook.com\/everton.fans.cz.sk\"]},{\"@type\":\"Person\",\"@id\":\"https:\/\/evertonfc.cz\/#\/schema\/person\/d4493b8cbea51532597fbc4685698916\",\"name\":\"BlueBlooded\",\"url\":\"https:\/\/evertonfc.cz\/index.php\/author\/admin\/\"}]}<\/script>\n<!-- \/ Yoast SEO plugin. -->","yoast_head_json":{"title":"Bournemouth \u2013 Everton 1:0 - Official Czech &amp; Slovak Everton Supporters&#039; Club","robots":{"index":"index","follow":"follow","max-snippet":"max-snippet:-1","max-image-preview":"max-image-preview:large","max-video-preview":"max-video-preview:-1"},"canonical":"https:\/\/evertonfc.cz\/index.php\/2025\/01\/05\/bournemouth-everton-10-2\/","og_locale":"cs_CZ","og_type":"article","og_title":"Bournemouth \u2013 Everton 1:0 - Official Czech &amp; Slovak Everton Supporters&#039; Club","og_description":"Toto je pr\u00edbeh z t\u00fdchto \u010dias. Z \u010dias m\u00fdtov a legiend, ke\u010f boli futbalov\u00ed bohovia malichern\u00ed a krut\u00ed a zoslali na Evertonians osud utrpenia. Len jeden mana\u017e\u00e9r sa odv\u00e1\u017eil prispie\u0165 k ich moci. Dycheles.","og_url":"https:\/\/evertonfc.cz\/index.php\/2025\/01\/05\/bournemouth-everton-10-2\/","og_site_name":"Official Czech &amp; Slovak Everton Supporters&#039; Club","article_publisher":"https:\/\/www.facebook.com\/everton.fans.cz.sk","article_published_time":"2025-01-05T13:58:16+00:00","article_modified_time":"2025-01-05T14:05:54+00:00","og_image":[{"width":720,"height":405,"url":"https:\/\/evertonfc.cz\/wp-content\/uploads\/2025\/01\/Bournemouth-1-0-Everton-by-Sky-Sports-5-1-2025.jpg","type":"image\/jpeg"}],"author":"BlueBlooded","twitter_card":"summary_large_image","twitter_misc":{"Napsal(a)":"BlueBlooded","Odhadovan\u00e1 doba \u010dten\u00ed":"4 minuty"},"schema":{"@context":"https:\/\/schema.org","@graph":[{"@type":"Article","@id":"https:\/\/evertonfc.cz\/index.php\/2025\/01\/05\/bournemouth-everton-10-2\/#article","isPartOf":{"@id":"https:\/\/evertonfc.cz\/index.php\/2025\/01\/05\/bournemouth-everton-10-2\/"},"author":{"name":"BlueBlooded","@id":"https:\/\/evertonfc.cz\/#\/schema\/person\/d4493b8cbea51532597fbc4685698916"},"headline":"Bournemouth \u2013 Everton 1:0","datePublished":"2025-01-05T13:58:16+00:00","dateModified":"2025-01-05T14:05:54+00:00","mainEntityOfPage":{"@id":"https:\/\/evertonfc.cz\/index.php\/2025\/01\/05\/bournemouth-everton-10-2\/"},"wordCount":813,"commentCount":0,"publisher":{"@id":"https:\/\/evertonfc.cz\/#organization"},"image":{"@id":"https:\/\/evertonfc.cz\/index.php\/2025\/01\/05\/bournemouth-everton-10-2\/#primaryimage"},"thumbnailUrl":"https:\/\/evertonfc.cz\/wp-content\/uploads\/2025\/01\/Bournemouth-1-0-Everton-by-Sky-Sports-5-1-2025.jpg","articleSection":["Z\u00e1pasy"],"inLanguage":"cs","potentialAction":[{"@type":"CommentAction","name":"Comment","target":["https:\/\/evertonfc.cz\/index.php\/2025\/01\/05\/bournemouth-everton-10-2\/#respond"]}]},{"@type":"WebPage","@id":"https:\/\/evertonfc.cz\/index.php\/2025\/01\/05\/bournemouth-everton-10-2\/","url":"https:\/\/evertonfc.cz\/index.php\/2025\/01\/05\/bournemouth-everton-10-2\/","name":"Bournemouth \u2013 Everton 1:0 - Official Czech &amp; Slovak Everton Supporters&#039; Club","isPartOf":{"@id":"https:\/\/evertonfc.cz\/#website"},"primaryImageOfPage":{"@id":"https:\/\/evertonfc.cz\/index.php\/2025\/01\/05\/bournemouth-everton-10-2\/#primaryimage"},"image":{"@id":"https:\/\/evertonfc.cz\/index.php\/2025\/01\/05\/bournemouth-everton-10-2\/#primaryimage"},"thumbnailUrl":"https:\/\/evertonfc.cz\/wp-content\/uploads\/2025\/01\/Bournemouth-1-0-Everton-by-Sky-Sports-5-1-2025.jpg","datePublished":"2025-01-05T13:58:16+00:00","dateModified":"2025-01-05T14:05:54+00:00","breadcrumb":{"@id":"https:\/\/evertonfc.cz\/index.php\/2025\/01\/05\/bournemouth-everton-10-2\/#breadcrumb"},"inLanguage":"cs","potentialAction":[{"@type":"ReadAction","target":["https:\/\/evertonfc.cz\/index.php\/2025\/01\/05\/bournemouth-everton-10-2\/"]}]},{"@type":"ImageObject","inLanguage":"cs","@id":"https:\/\/evertonfc.cz\/index.php\/2025\/01\/05\/bournemouth-everton-10-2\/#primaryimage","url":"https:\/\/evertonfc.cz\/wp-content\/uploads\/2025\/01\/Bournemouth-1-0-Everton-by-Sky-Sports-5-1-2025.jpg","contentUrl":"https:\/\/evertonfc.cz\/wp-content\/uploads\/2025\/01\/Bournemouth-1-0-Everton-by-Sky-Sports-5-1-2025.jpg","width":720,"height":405},{"@type":"BreadcrumbList","@id":"https:\/\/evertonfc.cz\/index.php\/2025\/01\/05\/bournemouth-everton-10-2\/#breadcrumb","itemListElement":[{"@type":"ListItem","position":1,"name":"Home","item":"https:\/\/evertonfc.cz\/"},{"@type":"ListItem","position":2,"name":"Bournemouth \u2013 Everton 1:0"}]},{"@type":"WebSite","@id":"https:\/\/evertonfc.cz\/#website","url":"https:\/\/evertonfc.cz\/","name":"Official Czech &amp; Slovak Everton Supporters&#039; Club","description":"","publisher":{"@id":"https:\/\/evertonfc.cz\/#organization"},"potentialAction":[{"@type":"SearchAction","target":{"@type":"EntryPoint","urlTemplate":"https:\/\/evertonfc.cz\/?s={search_term_string}"},"query-input":{"@type":"PropertyValueSpecification","valueRequired":true,"valueName":"search_term_string"}}],"inLanguage":"cs"},{"@type":"Organization","@id":"https:\/\/evertonfc.cz\/#organization","name":"Official Czech & Slovak Everton Supporters' Club","url":"https:\/\/evertonfc.cz\/","logo":{"@type":"ImageObject","inLanguage":"cs","@id":"https:\/\/evertonfc.cz\/#\/schema\/logo\/image\/","url":"https:\/\/evertonfc.cz\/wp-content\/uploads\/2019\/05\/logo.png","contentUrl":"https:\/\/evertonfc.cz\/wp-content\/uploads\/2019\/05\/logo.png","width":112,"height":112,"caption":"Official Czech & Slovak Everton Supporters' Club"},"image":{"@id":"https:\/\/evertonfc.cz\/#\/schema\/logo\/image\/"},"sameAs":["https:\/\/www.facebook.com\/everton.fans.cz.sk"]},{"@type":"Person","@id":"https:\/\/evertonfc.cz\/#\/schema\/person\/d4493b8cbea51532597fbc4685698916","name":"BlueBlooded","url":"https:\/\/evertonfc.cz\/index.php\/author\/admin\/"}]}},"_links":{"self":[{"href":"https:\/\/evertonfc.cz\/index.php\/wp-json\/wp\/v2\/posts\/25939"}],"collection":[{"href":"https:\/\/evertonfc.cz\/index.php\/wp-json\/wp\/v2\/posts"}],"about":[{"href":"https:\/\/evertonfc.cz\/index.php\/wp-json\/wp\/v2\/types\/post"}],"author":[{"embeddable":true,"href":"https:\/\/evertonfc.cz\/index.php\/wp-json\/wp\/v2\/users\/1"}],"replies":[{"embeddable":true,"href":"https:\/\/evertonfc.cz\/index.php\/wp-json\/wp\/v2\/comments?post=25939"}],"version-history":[{"count":6,"href":"https:\/\/evertonfc.cz\/index.php\/wp-json\/wp\/v2\/posts\/25939\/revisions"}],"predecessor-version":[{"id":25946,"href":"https:\/\/evertonfc.cz\/index.php\/wp-json\/wp\/v2\/posts\/25939\/revisions\/25946"}],"wp:featuredmedia":[{"embeddable":true,"href":"https:\/\/evertonfc.cz\/index.php\/wp-json\/wp\/v2\/media\/25940"}],"wp:attachment":[{"href":"https:\/\/evertonfc.cz\/index.php\/wp-json\/wp\/v2\/media?parent=25939"}],"wp:term":[{"taxonomy":"category","embeddable":true,"href":"https:\/\/evertonfc.cz\/index.php\/wp-json\/wp\/v2\/categories?post=25939"},{"taxonomy":"post_tag","embeddable":true,"href":"https:\/\/evertonfc.cz\/index.php\/wp-json\/wp\/v2\/tags?post=25939"}],"curies":[{"name":"wp","href":"https:\/\/api.w.org\/{rel}","templated":true}]}}