{"id":25949,"date":"2025-01-07T20:57:05","date_gmt":"2025-01-07T19:57:05","guid":{"rendered":"https:\/\/evertonfc.cz\/?p=25949"},"modified":"2025-09-26T14:55:01","modified_gmt":"2025-09-26T12:55:01","slug":"prichazi-martina-fernandez","status":"publish","type":"post","link":"https:\/\/evertonfc.cz\/index.php\/2025\/01\/07\/prichazi-martina-fernandez\/","title":{"rendered":"P\u0159ich\u00e1z\u00ed Martina Fern\u00e1ndez"},"content":{"rendered":"<h4>O\u010dek\u00e1van\u00e9 a pro Everton \u017eivotn\u011b nutn\u00e9 pos\u00edlen\u00ed t\u00fdmu d\u00e1le pokra\u010duje. Na Walton Hall Park dorazila Martina Fern\u00e1ndez.<\/h4>\n<p>Radujme se, kone\u010dn\u011b k n\u00e1m kone\u010dn\u011b p\u0159ich\u00e1z\u00ed obr\u00e1nkyn\u011b! Sice jen na hostov\u00e1n\u00ed, ale ne\u0161\u0165. P\u0159ich\u00e1z\u00ed v podob\u011b 20 let\u00e9 roda\u010dky ze vsi Ordis v Katal\u00e1nsku. Martina Fern\u00e1ndez Vila za\u010dala s fotbalem v deseti letech, kdy\u017e p\u0159ed t\u00edm zkou\u0161ela n\u011bkolik let tenis. Ten j\u00ed v\u0161ak nebavil, tak p\u0159emluvila maminku, aby j\u00ed dovolila hr\u00e1t fotbal. P\u0159\u00edle\u017eitost k tomu dostala v sousedn\u00edm m\u011bst\u011b Borras\u00e1. Nikoliv ov\u0161em v d\u00edv\u010d\u00edm t\u00fdmu, kter\u00fd byl zcela napln\u011bn. D\u00edky nal\u00e9havosti maminky se poda\u0159ilo p\u0159esv\u011bd\u010dit tren\u00e9ra t\u00fdmu chlapeck\u00e9ho, aby Martinu na zkou\u0161ku p\u0159ijal. Zku\u0161ebn\u00ed doba nejsp\u00ed\u0161 dopadla uspokojiv\u011b, proto\u017ee po t\u0159ech sez\u00f3n\u00e1ch se z t\u00fdmu chlapeck\u00e9ho st\u011bhovala mezi d\u00edvky. N\u00e1sledoval p\u0159estup do p\u0159\u00edpravky Barcelony, kam prvn\u00ed rok\u00a0 pendlovala 150 km vlakem a v roce 2021 u\u017e dostala jedno z dev\u00edti m\u00edst v d\u00edv\u010d\u00edm intern\u00e1tu v tr\u00e9ningov\u00e9m barcelonsk\u00e9m centru La Masia.<\/p>\n<p>V \u00fanoru 2022 se stala jednou z nejmlad\u0161\u00edch debutantek v A-t\u00fdmu Barcelony. Ve t\u0159ech sez\u00f3n\u00e1ch v A-t\u00fdmu jen pab\u011brkovala, nastoupila za n\u011bj p\u011btkr\u00e1t. V B-t\u00fdmu ale byla pravidlenou hr\u00e1\u010dkou a za \u010dty\u0159i roky zas\u00e1hla do 83 jeho z\u00e1pas\u016f. Zlom p\u0159i\u0161el v sez\u00f3n\u011b 2023\/24, kdy kv\u016fli velk\u00e9mu po\u010dtu zran\u011bn\u00fdch hr\u00e1\u010dek zaujala stabiln\u011bj\u0161\u00ed pozici v obran\u011b prvn\u00edho t\u00fdmu a postupn\u011b se etablovala jako st\u0159edn\u00ed obr\u00e1nkyn\u011b. Premi\u00e9rov\u00fd z\u00e1pas Ligy mistr\u016f sehr\u00e1la v prosinci 2023 proti \u0161v\u00e9dsk\u00e9mu FC Roseng\u00e5rd a ve stejn\u00e9m z\u00e1pase zaznamenala i svoj\u00ed prvn\u00ed barcelonskou branku. Pro sez\u00f3nu 2024\/25 se s n\u00ed po\u010d\u00edtalo do prvn\u00edho t\u00fdmu u\u017e stabiln\u011b, ale zran\u011bn\u00ed kolene j\u00ed hned zkraje sez\u00f3ny vy\u0159adilo ze hry. A co jde naj\u00edt lep\u0161\u00edho pro l\u00e9\u010debnou rehabilitaci, ne\u017e hostov\u00e1n\u00ed v Evertronu? V\u011b\u0159me, \u017ee z t\u00e9to kombinace bude m\u00edt prosp\u011bch jak Martina, kter\u00e1 se rozehraje na svoj\u00ed standardn\u00ed \u00farove\u0148, tak Everton, kter\u00fd tak z\u00edsk\u00e1 rovnocenou partnerku do st\u0159edu obrany k Finnigan. Ob\u011bma stran\u00e1m p\u0159ejem v tomto podniku hodn\u011b \u0161t\u011bst\u00ed. <span style=\"color: #0000ff;\"><strong>COYBG!<\/strong><\/span><\/p>\n<p style=\"text-align: right;\"><span style=\"font-size: 8pt;\"><em>Zdroj fotografie: https:\/\/estaticos-cdn.prensaiberica.es\/<\/em><\/span><\/p>\n","protected":false},"excerpt":{"rendered":"<p>O\u010dek\u00e1van\u00e9 a pro Everton \u017eivotn\u011b nutn\u00e9 pos\u00edlen\u00ed t\u00fdmu d\u00e1le pokra\u010duje. Na Walton Hall Park dorazila Martina Fern\u00e1ndez.<\/p>\n","protected":false},"author":26,"featured_media":25951,"comment_status":"open","ping_status":"closed","sticky":false,"template":"","format":"standard","meta":{"_eb_attr":"","_monsterinsights_skip_tracking":false,"_monsterinsights_sitenote_active":false,"_monsterinsights_sitenote_note":"","_monsterinsights_sitenote_category":0,"footnotes":""},"categories":[110],"tags":[],"yoast_head":"<!-- This site is optimized with the Yoast SEO plugin v23.4 - https:\/\/yoast.com\/wordpress\/plugins\/seo\/ -->\n<title>P\u0159ich\u00e1z\u00ed Martina Fern\u00e1ndez - Official Czech &amp; Slovak Everton Supporters&#039; Club<\/title>\n<meta name=\"robots\" content=\"index, follow, max-snippet:-1, max-image-preview:large, max-video-preview:-1\" \/>\n<link rel=\"canonical\" href=\"https:\/\/evertonfc.cz\/index.php\/2025\/01\/07\/prichazi-martina-fernandez\/\" \/>\n<meta property=\"og:locale\" content=\"cs_CZ\" \/>\n<meta property=\"og:type\" content=\"article\" \/>\n<meta property=\"og:title\" content=\"P\u0159ich\u00e1z\u00ed Martina Fern\u00e1ndez - Official Czech &amp; Slovak Everton Supporters&#039; Club\" \/>\n<meta property=\"og:description\" content=\"O\u010dek\u00e1van\u00e9 a pro Everton \u017eivotn\u011b nutn\u00e9 pos\u00edlen\u00ed t\u00fdmu d\u00e1le pokra\u010duje. Na Walton Hall Park dorazila Martina Fern\u00e1ndez.\" \/>\n<meta property=\"og:url\" content=\"https:\/\/evertonfc.cz\/index.php\/2025\/01\/07\/prichazi-martina-fernandez\/\" \/>\n<meta property=\"og:site_name\" content=\"Official Czech &amp; Slovak Everton Supporters&#039; Club\" \/>\n<meta property=\"article:publisher\" content=\"https:\/\/www.facebook.com\/everton.fans.cz.sk\" \/>\n<meta property=\"article:published_time\" content=\"2025-01-07T19:57:05+00:00\" \/>\n<meta property=\"article:modified_time\" content=\"2025-09-26T12:55:01+00:00\" \/>\n<meta property=\"og:image\" content=\"https:\/\/evertonfc.cz\/wp-content\/uploads\/2025\/01\/Martina-Fernandez-7_1_2025-web.jpg\" \/>\n\t<meta property=\"og:image:width\" content=\"720\" \/>\n\t<meta property=\"og:image:height\" content=\"405\" \/>\n\t<meta property=\"og:image:type\" content=\"image\/jpeg\" \/>\n<meta name=\"author\" content=\"Karamela\" \/>\n<meta name=\"twitter:card\" content=\"summary_large_image\" \/>\n<meta name=\"twitter:label1\" content=\"Napsal(a)\" \/>\n\t<meta name=\"twitter:data1\" content=\"Karamela\" \/>\n\t<meta name=\"twitter:label2\" content=\"Odhadovan\u00e1 doba \u010dten\u00ed\" \/>\n\t<meta name=\"twitter:data2\" content=\"2 minuty\" \/>\n<script type=\"application\/ld+json\" class=\"yoast-schema-graph\">{\"@context\":\"https:\/\/schema.org\",\"@graph\":[{\"@type\":\"Article\",\"@id\":\"https:\/\/evertonfc.cz\/index.php\/2025\/01\/07\/prichazi-martina-fernandez\/#article\",\"isPartOf\":{\"@id\":\"https:\/\/evertonfc.cz\/index.php\/2025\/01\/07\/prichazi-martina-fernandez\/\"},\"author\":{\"name\":\"Karamela\",\"@id\":\"https:\/\/evertonfc.cz\/#\/schema\/person\/e9a24a80a32efa1344dd2c4e5882185c\"},\"headline\":\"P\u0159ich\u00e1z\u00ed Martina Fern\u00e1ndez\",\"datePublished\":\"2025-01-07T19:57:05+00:00\",\"dateModified\":\"2025-09-26T12:55:01+00:00\",\"mainEntityOfPage\":{\"@id\":\"https:\/\/evertonfc.cz\/index.php\/2025\/01\/07\/prichazi-martina-fernandez\/\"},\"wordCount\":434,\"commentCount\":0,\"publisher\":{\"@id\":\"https:\/\/evertonfc.cz\/#organization\"},\"image\":{\"@id\":\"https:\/\/evertonfc.cz\/index.php\/2025\/01\/07\/prichazi-martina-fernandez\/#primaryimage\"},\"thumbnailUrl\":\"https:\/\/evertonfc.cz\/wp-content\/uploads\/2025\/01\/Martina-Fernandez-7_1_2025-web.jpg\",\"articleSection\":[\"Everton Women\"],\"inLanguage\":\"cs\",\"potentialAction\":[{\"@type\":\"CommentAction\",\"name\":\"Comment\",\"target\":[\"https:\/\/evertonfc.cz\/index.php\/2025\/01\/07\/prichazi-martina-fernandez\/#respond\"]}]},{\"@type\":\"WebPage\",\"@id\":\"https:\/\/evertonfc.cz\/index.php\/2025\/01\/07\/prichazi-martina-fernandez\/\",\"url\":\"https:\/\/evertonfc.cz\/index.php\/2025\/01\/07\/prichazi-martina-fernandez\/\",\"name\":\"P\u0159ich\u00e1z\u00ed Martina Fern\u00e1ndez - Official Czech &amp; Slovak Everton Supporters&#039; Club\",\"isPartOf\":{\"@id\":\"https:\/\/evertonfc.cz\/#website\"},\"primaryImageOfPage\":{\"@id\":\"https:\/\/evertonfc.cz\/index.php\/2025\/01\/07\/prichazi-martina-fernandez\/#primaryimage\"},\"image\":{\"@id\":\"https:\/\/evertonfc.cz\/index.php\/2025\/01\/07\/prichazi-martina-fernandez\/#primaryimage\"},\"thumbnailUrl\":\"https:\/\/evertonfc.cz\/wp-content\/uploads\/2025\/01\/Martina-Fernandez-7_1_2025-web.jpg\",\"datePublished\":\"2025-01-07T19:57:05+00:00\",\"dateModified\":\"2025-09-26T12:55:01+00:00\",\"breadcrumb\":{\"@id\":\"https:\/\/evertonfc.cz\/index.php\/2025\/01\/07\/prichazi-martina-fernandez\/#breadcrumb\"},\"inLanguage\":\"cs\",\"potentialAction\":[{\"@type\":\"ReadAction\",\"target\":[\"https:\/\/evertonfc.cz\/index.php\/2025\/01\/07\/prichazi-martina-fernandez\/\"]}]},{\"@type\":\"ImageObject\",\"inLanguage\":\"cs\",\"@id\":\"https:\/\/evertonfc.cz\/index.php\/2025\/01\/07\/prichazi-martina-fernandez\/#primaryimage\",\"url\":\"https:\/\/evertonfc.cz\/wp-content\/uploads\/2025\/01\/Martina-Fernandez-7_1_2025-web.jpg\",\"contentUrl\":\"https:\/\/evertonfc.cz\/wp-content\/uploads\/2025\/01\/Martina-Fernandez-7_1_2025-web.jpg\",\"width\":720,\"height\":405},{\"@type\":\"BreadcrumbList\",\"@id\":\"https:\/\/evertonfc.cz\/index.php\/2025\/01\/07\/prichazi-martina-fernandez\/#breadcrumb\",\"itemListElement\":[{\"@type\":\"ListItem\",\"position\":1,\"name\":\"Home\",\"item\":\"https:\/\/evertonfc.cz\/\"},{\"@type\":\"ListItem\",\"position\":2,\"name\":\"P\u0159ich\u00e1z\u00ed Martina Fern\u00e1ndez\"}]},{\"@type\":\"WebSite\",\"@id\":\"https:\/\/evertonfc.cz\/#website\",\"url\":\"https:\/\/evertonfc.cz\/\",\"name\":\"Official Czech &amp; Slovak Everton Supporters&#039; Club\",\"description\":\"\",\"publisher\":{\"@id\":\"https:\/\/evertonfc.cz\/#organization\"},\"potentialAction\":[{\"@type\":\"SearchAction\",\"target\":{\"@type\":\"EntryPoint\",\"urlTemplate\":\"https:\/\/evertonfc.cz\/?s={search_term_string}\"},\"query-input\":{\"@type\":\"PropertyValueSpecification\",\"valueRequired\":true,\"valueName\":\"search_term_string\"}}],\"inLanguage\":\"cs\"},{\"@type\":\"Organization\",\"@id\":\"https:\/\/evertonfc.cz\/#organization\",\"name\":\"Official Czech & Slovak Everton Supporters' Club\",\"url\":\"https:\/\/evertonfc.cz\/\",\"logo\":{\"@type\":\"ImageObject\",\"inLanguage\":\"cs\",\"@id\":\"https:\/\/evertonfc.cz\/#\/schema\/logo\/image\/\",\"url\":\"https:\/\/evertonfc.cz\/wp-content\/uploads\/2019\/05\/logo.png\",\"contentUrl\":\"https:\/\/evertonfc.cz\/wp-content\/uploads\/2019\/05\/logo.png\",\"width\":112,\"height\":112,\"caption\":\"Official Czech & Slovak Everton Supporters' Club\"},\"image\":{\"@id\":\"https:\/\/evertonfc.cz\/#\/schema\/logo\/image\/\"},\"sameAs\":[\"https:\/\/www.facebook.com\/everton.fans.cz.sk\"]},{\"@type\":\"Person\",\"@id\":\"https:\/\/evertonfc.cz\/#\/schema\/person\/e9a24a80a32efa1344dd2c4e5882185c\",\"name\":\"Karamela\",\"url\":\"https:\/\/evertonfc.cz\/index.php\/author\/karamela\/\"}]}<\/script>\n<!-- \/ Yoast SEO plugin. -->","yoast_head_json":{"title":"P\u0159ich\u00e1z\u00ed Martina Fern\u00e1ndez - Official Czech &amp; Slovak Everton Supporters&#039; Club","robots":{"index":"index","follow":"follow","max-snippet":"max-snippet:-1","max-image-preview":"max-image-preview:large","max-video-preview":"max-video-preview:-1"},"canonical":"https:\/\/evertonfc.cz\/index.php\/2025\/01\/07\/prichazi-martina-fernandez\/","og_locale":"cs_CZ","og_type":"article","og_title":"P\u0159ich\u00e1z\u00ed Martina Fern\u00e1ndez - Official Czech &amp; Slovak Everton Supporters&#039; Club","og_description":"O\u010dek\u00e1van\u00e9 a pro Everton \u017eivotn\u011b nutn\u00e9 pos\u00edlen\u00ed t\u00fdmu d\u00e1le pokra\u010duje. Na Walton Hall Park dorazila Martina Fern\u00e1ndez.","og_url":"https:\/\/evertonfc.cz\/index.php\/2025\/01\/07\/prichazi-martina-fernandez\/","og_site_name":"Official Czech &amp; Slovak Everton Supporters&#039; Club","article_publisher":"https:\/\/www.facebook.com\/everton.fans.cz.sk","article_published_time":"2025-01-07T19:57:05+00:00","article_modified_time":"2025-09-26T12:55:01+00:00","og_image":[{"width":720,"height":405,"url":"https:\/\/evertonfc.cz\/wp-content\/uploads\/2025\/01\/Martina-Fernandez-7_1_2025-web.jpg","type":"image\/jpeg"}],"author":"Karamela","twitter_card":"summary_large_image","twitter_misc":{"Napsal(a)":"Karamela","Odhadovan\u00e1 doba \u010dten\u00ed":"2 minuty"},"schema":{"@context":"https:\/\/schema.org","@graph":[{"@type":"Article","@id":"https:\/\/evertonfc.cz\/index.php\/2025\/01\/07\/prichazi-martina-fernandez\/#article","isPartOf":{"@id":"https:\/\/evertonfc.cz\/index.php\/2025\/01\/07\/prichazi-martina-fernandez\/"},"author":{"name":"Karamela","@id":"https:\/\/evertonfc.cz\/#\/schema\/person\/e9a24a80a32efa1344dd2c4e5882185c"},"headline":"P\u0159ich\u00e1z\u00ed Martina Fern\u00e1ndez","datePublished":"2025-01-07T19:57:05+00:00","dateModified":"2025-09-26T12:55:01+00:00","mainEntityOfPage":{"@id":"https:\/\/evertonfc.cz\/index.php\/2025\/01\/07\/prichazi-martina-fernandez\/"},"wordCount":434,"commentCount":0,"publisher":{"@id":"https:\/\/evertonfc.cz\/#organization"},"image":{"@id":"https:\/\/evertonfc.cz\/index.php\/2025\/01\/07\/prichazi-martina-fernandez\/#primaryimage"},"thumbnailUrl":"https:\/\/evertonfc.cz\/wp-content\/uploads\/2025\/01\/Martina-Fernandez-7_1_2025-web.jpg","articleSection":["Everton Women"],"inLanguage":"cs","potentialAction":[{"@type":"CommentAction","name":"Comment","target":["https:\/\/evertonfc.cz\/index.php\/2025\/01\/07\/prichazi-martina-fernandez\/#respond"]}]},{"@type":"WebPage","@id":"https:\/\/evertonfc.cz\/index.php\/2025\/01\/07\/prichazi-martina-fernandez\/","url":"https:\/\/evertonfc.cz\/index.php\/2025\/01\/07\/prichazi-martina-fernandez\/","name":"P\u0159ich\u00e1z\u00ed Martina Fern\u00e1ndez - Official Czech &amp; Slovak Everton Supporters&#039; Club","isPartOf":{"@id":"https:\/\/evertonfc.cz\/#website"},"primaryImageOfPage":{"@id":"https:\/\/evertonfc.cz\/index.php\/2025\/01\/07\/prichazi-martina-fernandez\/#primaryimage"},"image":{"@id":"https:\/\/evertonfc.cz\/index.php\/2025\/01\/07\/prichazi-martina-fernandez\/#primaryimage"},"thumbnailUrl":"https:\/\/evertonfc.cz\/wp-content\/uploads\/2025\/01\/Martina-Fernandez-7_1_2025-web.jpg","datePublished":"2025-01-07T19:57:05+00:00","dateModified":"2025-09-26T12:55:01+00:00","breadcrumb":{"@id":"https:\/\/evertonfc.cz\/index.php\/2025\/01\/07\/prichazi-martina-fernandez\/#breadcrumb"},"inLanguage":"cs","potentialAction":[{"@type":"ReadAction","target":["https:\/\/evertonfc.cz\/index.php\/2025\/01\/07\/prichazi-martina-fernandez\/"]}]},{"@type":"ImageObject","inLanguage":"cs","@id":"https:\/\/evertonfc.cz\/index.php\/2025\/01\/07\/prichazi-martina-fernandez\/#primaryimage","url":"https:\/\/evertonfc.cz\/wp-content\/uploads\/2025\/01\/Martina-Fernandez-7_1_2025-web.jpg","contentUrl":"https:\/\/evertonfc.cz\/wp-content\/uploads\/2025\/01\/Martina-Fernandez-7_1_2025-web.jpg","width":720,"height":405},{"@type":"BreadcrumbList","@id":"https:\/\/evertonfc.cz\/index.php\/2025\/01\/07\/prichazi-martina-fernandez\/#breadcrumb","itemListElement":[{"@type":"ListItem","position":1,"name":"Home","item":"https:\/\/evertonfc.cz\/"},{"@type":"ListItem","position":2,"name":"P\u0159ich\u00e1z\u00ed Martina Fern\u00e1ndez"}]},{"@type":"WebSite","@id":"https:\/\/evertonfc.cz\/#website","url":"https:\/\/evertonfc.cz\/","name":"Official Czech &amp; Slovak Everton Supporters&#039; Club","description":"","publisher":{"@id":"https:\/\/evertonfc.cz\/#organization"},"potentialAction":[{"@type":"SearchAction","target":{"@type":"EntryPoint","urlTemplate":"https:\/\/evertonfc.cz\/?s={search_term_string}"},"query-input":{"@type":"PropertyValueSpecification","valueRequired":true,"valueName":"search_term_string"}}],"inLanguage":"cs"},{"@type":"Organization","@id":"https:\/\/evertonfc.cz\/#organization","name":"Official Czech & Slovak Everton Supporters' Club","url":"https:\/\/evertonfc.cz\/","logo":{"@type":"ImageObject","inLanguage":"cs","@id":"https:\/\/evertonfc.cz\/#\/schema\/logo\/image\/","url":"https:\/\/evertonfc.cz\/wp-content\/uploads\/2019\/05\/logo.png","contentUrl":"https:\/\/evertonfc.cz\/wp-content\/uploads\/2019\/05\/logo.png","width":112,"height":112,"caption":"Official Czech & Slovak Everton Supporters' Club"},"image":{"@id":"https:\/\/evertonfc.cz\/#\/schema\/logo\/image\/"},"sameAs":["https:\/\/www.facebook.com\/everton.fans.cz.sk"]},{"@type":"Person","@id":"https:\/\/evertonfc.cz\/#\/schema\/person\/e9a24a80a32efa1344dd2c4e5882185c","name":"Karamela","url":"https:\/\/evertonfc.cz\/index.php\/author\/karamela\/"}]}},"_links":{"self":[{"href":"https:\/\/evertonfc.cz\/index.php\/wp-json\/wp\/v2\/posts\/25949"}],"collection":[{"href":"https:\/\/evertonfc.cz\/index.php\/wp-json\/wp\/v2\/posts"}],"about":[{"href":"https:\/\/evertonfc.cz\/index.php\/wp-json\/wp\/v2\/types\/post"}],"author":[{"embeddable":true,"href":"https:\/\/evertonfc.cz\/index.php\/wp-json\/wp\/v2\/users\/26"}],"replies":[{"embeddable":true,"href":"https:\/\/evertonfc.cz\/index.php\/wp-json\/wp\/v2\/comments?post=25949"}],"version-history":[{"count":2,"href":"https:\/\/evertonfc.cz\/index.php\/wp-json\/wp\/v2\/posts\/25949\/revisions"}],"predecessor-version":[{"id":27685,"href":"https:\/\/evertonfc.cz\/index.php\/wp-json\/wp\/v2\/posts\/25949\/revisions\/27685"}],"wp:featuredmedia":[{"embeddable":true,"href":"https:\/\/evertonfc.cz\/index.php\/wp-json\/wp\/v2\/media\/25951"}],"wp:attachment":[{"href":"https:\/\/evertonfc.cz\/index.php\/wp-json\/wp\/v2\/media?parent=25949"}],"wp:term":[{"taxonomy":"category","embeddable":true,"href":"https:\/\/evertonfc.cz\/index.php\/wp-json\/wp\/v2\/categories?post=25949"},{"taxonomy":"post_tag","embeddable":true,"href":"https:\/\/evertonfc.cz\/index.php\/wp-json\/wp\/v2\/tags?post=25949"}],"curies":[{"name":"wp","href":"https:\/\/api.w.org\/{rel}","templated":true}]}}