{"id":25968,"date":"2025-01-09T17:53:28","date_gmt":"2025-01-09T16:53:28","guid":{"rendered":"https:\/\/evertonfc.cz\/?p=25968"},"modified":"2025-01-09T22:13:36","modified_gmt":"2025-01-09T21:13:36","slug":"preview-fa-cup-everton-peterborough-united","status":"publish","type":"post","link":"https:\/\/evertonfc.cz\/index.php\/2025\/01\/09\/preview-fa-cup-everton-peterborough-united\/","title":{"rendered":"FAC Preview: Everton \u2013 Peterborough United"},"content":{"rendered":"<h4>Ve 3.kole FA Cupu n\u00e1s \u010dek\u00e1 mraziv\u00e9 po\u010das\u00ed. Ze h\u0159i\u0161t\u011b bude s\u00e1lat ml\u00e1d\u00ed. Byla by i mraziv\u00e1 atmosf\u00e9ra. T\u011bsn\u011b p\u0159ed vyd\u00e1n\u00edm ale do\u0161la zpr\u00e1va, \u017ee byl Sean Dyche odvol\u00e1n. Tak\u017ee mi do toho veden\u00ed hodilo vidle.<\/h4>\n<h4><\/h4>\n<h4>Bude se hr\u00e1t?<\/h4>\n<p>Je\u0161t\u011b odpoledne se se\u0161la komise, aby se rozhodlo, zda se bude hr\u00e1t. Nakonec dostalo utk\u00e1n\u00ed zelenou. Teploty se ve\u010der je\u0161t\u011b udr\u017e\u00ed nad nulou, kam maj\u00ed klesnout o v\u00edkendu. Tak\u00e9 by nem\u011blo doj\u00edt ke sr\u00e1\u017ek\u00e1m a v\u00edtr bude k ve\u010deru postupn\u011b ust\u00e1vat.<\/p>\n<p>Pozd\u011b bycha honit, ale ji\u017e po stanoven\u00ed term\u00ednu vznesli z\u00e1stupci Peterborough protest proti \u010dtvrte\u010dn\u00edmu term\u00ednu. Pro hostuj\u00edc\u00ed fanou\u0161ky z kraje cambridgesk\u00e9ho je to dlouh\u00e1 cesta tam a zase zp\u00e1tky p\u0159ed pracovn\u00edm dnem. Solidaritu projevili reprezentanti Evertonu, kdy\u017e podpo\u0159ili jejich stanovisko. Ostatn\u011b, jde o posledn\u00ed z\u00e1pas 3. kola, kter\u00fd se kdy na Goodison Parku odehraje. Cel\u00e9 kolo se odehraje b\u011bhem 5 dn\u016f. N\u011bkdo si \u010dern\u00e9ho Petra musel vyt\u00e1hnout.<\/p>\n<h4>Jak jsou na tom?<\/h4>\n<p>Sv\u011b\u0159enci ji\u017e 4kr\u00e1t navr\u00e1tiv\u0161\u00edho Darrena Fergusona nepro\u017e\u00edvaj\u00ed nejlep\u0161\u00ed sez\u00f3nu. V tabulce League One je najdete na 19. m\u00edst\u011b, p\u0159esto\u017ee vst\u0159elili ve 24 z\u00e1pasech u\u017e 41 branek. To je solidn\u00ed porce. Nejv\u00edce se na tom pod\u00edlel ghansk\u00fd z\u00e1lo\u017en\u00edk Kwame Poku (10) a \u00fato\u010dn\u00edci Malik Mothersile (7) a Ricky-Jade Jones (6). Nav\u00edc by tomu mohla p\u0159isp\u011bt i nov\u00e1 akvizice ze \u0160v\u00e9dska, v\u00edce ne\u017e \u00bd milionu liber toti\u017e The Posh vypl\u00e1zli za Gustava Lindgrena z Degerforsu.<\/p>\n<p>Nejo\u010dek\u00e1van\u011bj\u0161\u00edm hr\u00e1\u010dem host\u00ed ale bude zcela jist\u011b Tyler Young. Osmn\u00e1ctilet\u00fd z\u00e1lo\u017en\u00edk je toti\u017e synem Ashleyho Younga, veter\u00e1na evertonsk\u00e9 obrany. Tyler je sp\u00ed\u0161e hr\u00e1\u010dem juniorky, za A t\u00fdm toho mnoho neodehr\u00e1l, necelou p\u016flhodinu v EFL Trophy proti Stevenage. The Posh zat\u00edm FA Cup na lehkou v\u00e1hu nebrali, ve 2. kole p\u0159emohli o patro n\u00ed\u017ee zastoupen\u00e9 Notts County 4:3 a sestava vypadala plnohodnotn\u011b. Ale tak\u00e9 oni maj\u00ed za sebou nabit\u00fd program, tak\u017ee kdo v\u00ed.<\/p>\n<p>V historii Evertonu by \u0161lo o jedine\u010dnou z\u00e1le\u017eitost. Jak uv\u00e1d\u00ed ofici\u00e1ln\u00ed web, v minulosti nastaly p\u0159\u00edpady, kdy manager Mike Walker v roce 1994 vedl t\u00fdm proti Spurs, kde chytal jeho syn Ian. Co se t\u00fd\u010de anglick\u00e9 kopan\u00e9, v roce 1951 za Stockport County v ligov\u00e9m z\u00e1pase nastoupili spolu otec Alec a syn David Herdovi <em>(\u010dili str\u00fdc sl\u00e1vistick\u00e9 legendy Du\u0161ana Herdy? &#8211; poz. redakce).<\/em><\/p>\n<h4>A co u n\u00e1s?<\/h4>\n<p>S \u010d\u00edm se vytas\u00ed duo Baines-Coleman nen\u00ed jasn\u00e9. Sice Broja vypad\u00e1 l\u00e9pe, ale DCL (kotn\u00edk) i Chermiti se budou jen d\u00edvat. Tak\u017ee Beto se vr\u00e1til z leti\u0161t\u011b zp\u011bt, tr\u00e9nuje st\u00e1le s t\u00fdmem. McNeil se tak\u00e9 nestihl dol\u00e9\u010dit. Chyb\u011bt budou i Garner a Iroegbunam. Na tr\u00e9ninku se hl\u00e1silo 16 hr\u00e1\u010d\u016f.<\/p>\n<p>\u0160anci tak mo\u017en\u00e1 dostanou mlad\u00edci. Nep\u0159ekvapil by ojedin\u011bl\u00fd start pro Virginiu. Vymotat se z pavu\u010din by mohl obr\u00e1nce O\u2019Brien. Ve st\u0159edu pole by bylo hezk\u00e9 vid\u011bt Harrisona Armstronga, kter\u00fd v 17ti letech nastoupil na cel\u00fd polo\u010das v lize a mohl by pokra\u010dovat ve sb\u00edr\u00e1n\u00ed zku\u0161enost\u00ed. Jen ten \u00fatok, tam to vypad\u00e1 na nakop\u00e1vanou na Michaela Keanea.<\/p>\n<p>Je\u0161t\u011b dod\u00e1m, \u017ee oba t\u00fdmy se utkaly jen jednou, v\u00a0z\u00e1\u0159\u00ed 2006 vyhr\u00e1l Everton na London Road ve 2. kole Ligov\u00e9ho poh\u00e1ru pod veden\u00edm Davida Moyese 2:1. 3 minuty p\u0159ed koncem rozhodl Tim Cahill.<\/p>\n<h3 style=\"text-align: center;\"><span style=\"color: #3366ff;\"><em><strong>Come on you Blues !!!<\/strong><\/em><\/span><\/h3>\n<p><strong>Co<\/strong>: Everton FC &#8211; Peterborough United FC, 3. kolo FA Cupu<br \/>\n<strong>Kdy<\/strong>: ve \u010dtvrtek 9. ledna 2025 od 20:45 SE\u010c<br \/>\n<strong>Kde<\/strong>: Goodison Park \u2013 Goodison Rd, Liverpool L4 4EL (kapacita: 39 414)<br \/>\n<strong>TV<\/strong>: p\u0159\u00edm\u00fd p\u0159enos na stanici Nova Sport 1 od 20:40<br \/>\n<strong>Rozhod\u010d\u00ed<\/strong>: Thomas Bramall <strong>Postrann\u00ed<\/strong>: Darren Cann, Mark Scholes <strong>\u010ctvrt\u00fd<\/strong> <strong>rozhod\u010d\u00ed<\/strong>: Tom Nield<\/p>\n","protected":false},"excerpt":{"rendered":"<p>Ve 3.kole FA Cupu n\u00e1s \u010dek\u00e1 mraziv\u00e9 po\u010das\u00ed. Na\u0161t\u011bst\u00ed ze h\u0159i\u0161t\u011b bude s\u00e1lat ml\u00e1d\u00ed. Byla by i mraziv\u00e1 atmosf\u00e9ra. Tesn\u011b p\u0159ed vyd\u00e1n\u00ed ale do\u0161la zpr\u00e1va, \u017ee byl Sean Dyche odvol\u00e1n. Tak\u017ee mi do toho veden\u00ed hodilo vidle.<\/p>\n","protected":false},"author":10,"featured_media":25969,"comment_status":"open","ping_status":"closed","sticky":false,"template":"","format":"standard","meta":{"_eb_attr":"","_monsterinsights_skip_tracking":false,"_monsterinsights_sitenote_active":false,"_monsterinsights_sitenote_note":"","_monsterinsights_sitenote_category":0,"footnotes":""},"categories":[4],"tags":[],"yoast_head":"<!-- This site is optimized with the Yoast SEO plugin v23.4 - https:\/\/yoast.com\/wordpress\/plugins\/seo\/ -->\n<title>FAC Preview: Everton \u2013 Peterborough United - Official Czech &amp; Slovak Everton Supporters&#039; Club<\/title>\n<meta name=\"robots\" content=\"index, follow, max-snippet:-1, max-image-preview:large, max-video-preview:-1\" \/>\n<link rel=\"canonical\" href=\"https:\/\/evertonfc.cz\/index.php\/2025\/01\/09\/preview-fa-cup-everton-peterborough-united\/\" \/>\n<meta property=\"og:locale\" content=\"cs_CZ\" \/>\n<meta property=\"og:type\" content=\"article\" \/>\n<meta property=\"og:title\" content=\"FAC Preview: Everton \u2013 Peterborough United - Official Czech &amp; Slovak Everton Supporters&#039; Club\" \/>\n<meta property=\"og:description\" content=\"Ve 3.kole FA Cupu n\u00e1s \u010dek\u00e1 mraziv\u00e9 po\u010das\u00ed. Na\u0161t\u011bst\u00ed ze h\u0159i\u0161t\u011b bude s\u00e1lat ml\u00e1d\u00ed. Byla by i mraziv\u00e1 atmosf\u00e9ra. Tesn\u011b p\u0159ed vyd\u00e1n\u00ed ale do\u0161la zpr\u00e1va, \u017ee byl Sean Dyche odvol\u00e1n. Tak\u017ee mi do toho veden\u00ed hodilo vidle.\" \/>\n<meta property=\"og:url\" content=\"https:\/\/evertonfc.cz\/index.php\/2025\/01\/09\/preview-fa-cup-everton-peterborough-united\/\" \/>\n<meta property=\"og:site_name\" content=\"Official Czech &amp; Slovak Everton Supporters&#039; Club\" \/>\n<meta property=\"article:publisher\" content=\"https:\/\/www.facebook.com\/everton.fans.cz.sk\" \/>\n<meta property=\"article:published_time\" content=\"2025-01-09T16:53:28+00:00\" \/>\n<meta property=\"article:modified_time\" content=\"2025-01-09T21:13:36+00:00\" \/>\n<meta property=\"og:image\" content=\"https:\/\/evertonfc.cz\/wp-content\/uploads\/2025\/01\/young_facup.jpg\" \/>\n\t<meta property=\"og:image:width\" content=\"720\" \/>\n\t<meta property=\"og:image:height\" content=\"406\" \/>\n\t<meta property=\"og:image:type\" content=\"image\/jpeg\" \/>\n<meta name=\"author\" content=\"Fip\" \/>\n<meta name=\"twitter:card\" content=\"summary_large_image\" \/>\n<meta name=\"twitter:label1\" content=\"Napsal(a)\" \/>\n\t<meta name=\"twitter:data1\" content=\"Fip\" \/>\n\t<meta name=\"twitter:label2\" content=\"Odhadovan\u00e1 doba \u010dten\u00ed\" \/>\n\t<meta name=\"twitter:data2\" content=\"4 minuty\" \/>\n<script type=\"application\/ld+json\" class=\"yoast-schema-graph\">{\"@context\":\"https:\/\/schema.org\",\"@graph\":[{\"@type\":\"Article\",\"@id\":\"https:\/\/evertonfc.cz\/index.php\/2025\/01\/09\/preview-fa-cup-everton-peterborough-united\/#article\",\"isPartOf\":{\"@id\":\"https:\/\/evertonfc.cz\/index.php\/2025\/01\/09\/preview-fa-cup-everton-peterborough-united\/\"},\"author\":{\"name\":\"Fip\",\"@id\":\"https:\/\/evertonfc.cz\/#\/schema\/person\/35904009755e8eaa0dc1a5f5f0419002\"},\"headline\":\"FAC Preview: Everton \u2013 Peterborough United\",\"datePublished\":\"2025-01-09T16:53:28+00:00\",\"dateModified\":\"2025-01-09T21:13:36+00:00\",\"mainEntityOfPage\":{\"@id\":\"https:\/\/evertonfc.cz\/index.php\/2025\/01\/09\/preview-fa-cup-everton-peterborough-united\/\"},\"wordCount\":682,\"commentCount\":3,\"publisher\":{\"@id\":\"https:\/\/evertonfc.cz\/#organization\"},\"image\":{\"@id\":\"https:\/\/evertonfc.cz\/index.php\/2025\/01\/09\/preview-fa-cup-everton-peterborough-united\/#primaryimage\"},\"thumbnailUrl\":\"https:\/\/evertonfc.cz\/wp-content\/uploads\/2025\/01\/young_facup.jpg\",\"articleSection\":[\"Z\u00e1pasy\"],\"inLanguage\":\"cs\",\"potentialAction\":[{\"@type\":\"CommentAction\",\"name\":\"Comment\",\"target\":[\"https:\/\/evertonfc.cz\/index.php\/2025\/01\/09\/preview-fa-cup-everton-peterborough-united\/#respond\"]}]},{\"@type\":\"WebPage\",\"@id\":\"https:\/\/evertonfc.cz\/index.php\/2025\/01\/09\/preview-fa-cup-everton-peterborough-united\/\",\"url\":\"https:\/\/evertonfc.cz\/index.php\/2025\/01\/09\/preview-fa-cup-everton-peterborough-united\/\",\"name\":\"FAC Preview: Everton \u2013 Peterborough United - Official Czech &amp; Slovak Everton Supporters&#039; Club\",\"isPartOf\":{\"@id\":\"https:\/\/evertonfc.cz\/#website\"},\"primaryImageOfPage\":{\"@id\":\"https:\/\/evertonfc.cz\/index.php\/2025\/01\/09\/preview-fa-cup-everton-peterborough-united\/#primaryimage\"},\"image\":{\"@id\":\"https:\/\/evertonfc.cz\/index.php\/2025\/01\/09\/preview-fa-cup-everton-peterborough-united\/#primaryimage\"},\"thumbnailUrl\":\"https:\/\/evertonfc.cz\/wp-content\/uploads\/2025\/01\/young_facup.jpg\",\"datePublished\":\"2025-01-09T16:53:28+00:00\",\"dateModified\":\"2025-01-09T21:13:36+00:00\",\"breadcrumb\":{\"@id\":\"https:\/\/evertonfc.cz\/index.php\/2025\/01\/09\/preview-fa-cup-everton-peterborough-united\/#breadcrumb\"},\"inLanguage\":\"cs\",\"potentialAction\":[{\"@type\":\"ReadAction\",\"target\":[\"https:\/\/evertonfc.cz\/index.php\/2025\/01\/09\/preview-fa-cup-everton-peterborough-united\/\"]}]},{\"@type\":\"ImageObject\",\"inLanguage\":\"cs\",\"@id\":\"https:\/\/evertonfc.cz\/index.php\/2025\/01\/09\/preview-fa-cup-everton-peterborough-united\/#primaryimage\",\"url\":\"https:\/\/evertonfc.cz\/wp-content\/uploads\/2025\/01\/young_facup.jpg\",\"contentUrl\":\"https:\/\/evertonfc.cz\/wp-content\/uploads\/2025\/01\/young_facup.jpg\",\"width\":720,\"height\":406},{\"@type\":\"BreadcrumbList\",\"@id\":\"https:\/\/evertonfc.cz\/index.php\/2025\/01\/09\/preview-fa-cup-everton-peterborough-united\/#breadcrumb\",\"itemListElement\":[{\"@type\":\"ListItem\",\"position\":1,\"name\":\"Home\",\"item\":\"https:\/\/evertonfc.cz\/\"},{\"@type\":\"ListItem\",\"position\":2,\"name\":\"FAC Preview: Everton \u2013 Peterborough United\"}]},{\"@type\":\"WebSite\",\"@id\":\"https:\/\/evertonfc.cz\/#website\",\"url\":\"https:\/\/evertonfc.cz\/\",\"name\":\"Official Czech &amp; Slovak Everton Supporters&#039; Club\",\"description\":\"\",\"publisher\":{\"@id\":\"https:\/\/evertonfc.cz\/#organization\"},\"potentialAction\":[{\"@type\":\"SearchAction\",\"target\":{\"@type\":\"EntryPoint\",\"urlTemplate\":\"https:\/\/evertonfc.cz\/?s={search_term_string}\"},\"query-input\":{\"@type\":\"PropertyValueSpecification\",\"valueRequired\":true,\"valueName\":\"search_term_string\"}}],\"inLanguage\":\"cs\"},{\"@type\":\"Organization\",\"@id\":\"https:\/\/evertonfc.cz\/#organization\",\"name\":\"Official Czech & Slovak Everton Supporters' Club\",\"url\":\"https:\/\/evertonfc.cz\/\",\"logo\":{\"@type\":\"ImageObject\",\"inLanguage\":\"cs\",\"@id\":\"https:\/\/evertonfc.cz\/#\/schema\/logo\/image\/\",\"url\":\"https:\/\/evertonfc.cz\/wp-content\/uploads\/2019\/05\/logo.png\",\"contentUrl\":\"https:\/\/evertonfc.cz\/wp-content\/uploads\/2019\/05\/logo.png\",\"width\":112,\"height\":112,\"caption\":\"Official Czech & Slovak Everton Supporters' Club\"},\"image\":{\"@id\":\"https:\/\/evertonfc.cz\/#\/schema\/logo\/image\/\"},\"sameAs\":[\"https:\/\/www.facebook.com\/everton.fans.cz.sk\"]},{\"@type\":\"Person\",\"@id\":\"https:\/\/evertonfc.cz\/#\/schema\/person\/35904009755e8eaa0dc1a5f5f0419002\",\"name\":\"Fip\",\"url\":\"https:\/\/evertonfc.cz\/index.php\/author\/fip\/\"}]}<\/script>\n<!-- \/ Yoast SEO plugin. -->","yoast_head_json":{"title":"FAC Preview: Everton \u2013 Peterborough United - Official Czech &amp; Slovak Everton Supporters&#039; Club","robots":{"index":"index","follow":"follow","max-snippet":"max-snippet:-1","max-image-preview":"max-image-preview:large","max-video-preview":"max-video-preview:-1"},"canonical":"https:\/\/evertonfc.cz\/index.php\/2025\/01\/09\/preview-fa-cup-everton-peterborough-united\/","og_locale":"cs_CZ","og_type":"article","og_title":"FAC Preview: Everton \u2013 Peterborough United - Official Czech &amp; Slovak Everton Supporters&#039; Club","og_description":"Ve 3.kole FA Cupu n\u00e1s \u010dek\u00e1 mraziv\u00e9 po\u010das\u00ed. Na\u0161t\u011bst\u00ed ze h\u0159i\u0161t\u011b bude s\u00e1lat ml\u00e1d\u00ed. Byla by i mraziv\u00e1 atmosf\u00e9ra. Tesn\u011b p\u0159ed vyd\u00e1n\u00ed ale do\u0161la zpr\u00e1va, \u017ee byl Sean Dyche odvol\u00e1n. Tak\u017ee mi do toho veden\u00ed hodilo vidle.","og_url":"https:\/\/evertonfc.cz\/index.php\/2025\/01\/09\/preview-fa-cup-everton-peterborough-united\/","og_site_name":"Official Czech &amp; Slovak Everton Supporters&#039; Club","article_publisher":"https:\/\/www.facebook.com\/everton.fans.cz.sk","article_published_time":"2025-01-09T16:53:28+00:00","article_modified_time":"2025-01-09T21:13:36+00:00","og_image":[{"width":720,"height":406,"url":"https:\/\/evertonfc.cz\/wp-content\/uploads\/2025\/01\/young_facup.jpg","type":"image\/jpeg"}],"author":"Fip","twitter_card":"summary_large_image","twitter_misc":{"Napsal(a)":"Fip","Odhadovan\u00e1 doba \u010dten\u00ed":"4 minuty"},"schema":{"@context":"https:\/\/schema.org","@graph":[{"@type":"Article","@id":"https:\/\/evertonfc.cz\/index.php\/2025\/01\/09\/preview-fa-cup-everton-peterborough-united\/#article","isPartOf":{"@id":"https:\/\/evertonfc.cz\/index.php\/2025\/01\/09\/preview-fa-cup-everton-peterborough-united\/"},"author":{"name":"Fip","@id":"https:\/\/evertonfc.cz\/#\/schema\/person\/35904009755e8eaa0dc1a5f5f0419002"},"headline":"FAC Preview: Everton \u2013 Peterborough United","datePublished":"2025-01-09T16:53:28+00:00","dateModified":"2025-01-09T21:13:36+00:00","mainEntityOfPage":{"@id":"https:\/\/evertonfc.cz\/index.php\/2025\/01\/09\/preview-fa-cup-everton-peterborough-united\/"},"wordCount":682,"commentCount":3,"publisher":{"@id":"https:\/\/evertonfc.cz\/#organization"},"image":{"@id":"https:\/\/evertonfc.cz\/index.php\/2025\/01\/09\/preview-fa-cup-everton-peterborough-united\/#primaryimage"},"thumbnailUrl":"https:\/\/evertonfc.cz\/wp-content\/uploads\/2025\/01\/young_facup.jpg","articleSection":["Z\u00e1pasy"],"inLanguage":"cs","potentialAction":[{"@type":"CommentAction","name":"Comment","target":["https:\/\/evertonfc.cz\/index.php\/2025\/01\/09\/preview-fa-cup-everton-peterborough-united\/#respond"]}]},{"@type":"WebPage","@id":"https:\/\/evertonfc.cz\/index.php\/2025\/01\/09\/preview-fa-cup-everton-peterborough-united\/","url":"https:\/\/evertonfc.cz\/index.php\/2025\/01\/09\/preview-fa-cup-everton-peterborough-united\/","name":"FAC Preview: Everton \u2013 Peterborough United - Official Czech &amp; Slovak Everton Supporters&#039; Club","isPartOf":{"@id":"https:\/\/evertonfc.cz\/#website"},"primaryImageOfPage":{"@id":"https:\/\/evertonfc.cz\/index.php\/2025\/01\/09\/preview-fa-cup-everton-peterborough-united\/#primaryimage"},"image":{"@id":"https:\/\/evertonfc.cz\/index.php\/2025\/01\/09\/preview-fa-cup-everton-peterborough-united\/#primaryimage"},"thumbnailUrl":"https:\/\/evertonfc.cz\/wp-content\/uploads\/2025\/01\/young_facup.jpg","datePublished":"2025-01-09T16:53:28+00:00","dateModified":"2025-01-09T21:13:36+00:00","breadcrumb":{"@id":"https:\/\/evertonfc.cz\/index.php\/2025\/01\/09\/preview-fa-cup-everton-peterborough-united\/#breadcrumb"},"inLanguage":"cs","potentialAction":[{"@type":"ReadAction","target":["https:\/\/evertonfc.cz\/index.php\/2025\/01\/09\/preview-fa-cup-everton-peterborough-united\/"]}]},{"@type":"ImageObject","inLanguage":"cs","@id":"https:\/\/evertonfc.cz\/index.php\/2025\/01\/09\/preview-fa-cup-everton-peterborough-united\/#primaryimage","url":"https:\/\/evertonfc.cz\/wp-content\/uploads\/2025\/01\/young_facup.jpg","contentUrl":"https:\/\/evertonfc.cz\/wp-content\/uploads\/2025\/01\/young_facup.jpg","width":720,"height":406},{"@type":"BreadcrumbList","@id":"https:\/\/evertonfc.cz\/index.php\/2025\/01\/09\/preview-fa-cup-everton-peterborough-united\/#breadcrumb","itemListElement":[{"@type":"ListItem","position":1,"name":"Home","item":"https:\/\/evertonfc.cz\/"},{"@type":"ListItem","position":2,"name":"FAC Preview: Everton \u2013 Peterborough United"}]},{"@type":"WebSite","@id":"https:\/\/evertonfc.cz\/#website","url":"https:\/\/evertonfc.cz\/","name":"Official Czech &amp; Slovak Everton Supporters&#039; Club","description":"","publisher":{"@id":"https:\/\/evertonfc.cz\/#organization"},"potentialAction":[{"@type":"SearchAction","target":{"@type":"EntryPoint","urlTemplate":"https:\/\/evertonfc.cz\/?s={search_term_string}"},"query-input":{"@type":"PropertyValueSpecification","valueRequired":true,"valueName":"search_term_string"}}],"inLanguage":"cs"},{"@type":"Organization","@id":"https:\/\/evertonfc.cz\/#organization","name":"Official Czech & Slovak Everton Supporters' Club","url":"https:\/\/evertonfc.cz\/","logo":{"@type":"ImageObject","inLanguage":"cs","@id":"https:\/\/evertonfc.cz\/#\/schema\/logo\/image\/","url":"https:\/\/evertonfc.cz\/wp-content\/uploads\/2019\/05\/logo.png","contentUrl":"https:\/\/evertonfc.cz\/wp-content\/uploads\/2019\/05\/logo.png","width":112,"height":112,"caption":"Official Czech & Slovak Everton Supporters' Club"},"image":{"@id":"https:\/\/evertonfc.cz\/#\/schema\/logo\/image\/"},"sameAs":["https:\/\/www.facebook.com\/everton.fans.cz.sk"]},{"@type":"Person","@id":"https:\/\/evertonfc.cz\/#\/schema\/person\/35904009755e8eaa0dc1a5f5f0419002","name":"Fip","url":"https:\/\/evertonfc.cz\/index.php\/author\/fip\/"}]}},"_links":{"self":[{"href":"https:\/\/evertonfc.cz\/index.php\/wp-json\/wp\/v2\/posts\/25968"}],"collection":[{"href":"https:\/\/evertonfc.cz\/index.php\/wp-json\/wp\/v2\/posts"}],"about":[{"href":"https:\/\/evertonfc.cz\/index.php\/wp-json\/wp\/v2\/types\/post"}],"author":[{"embeddable":true,"href":"https:\/\/evertonfc.cz\/index.php\/wp-json\/wp\/v2\/users\/10"}],"replies":[{"embeddable":true,"href":"https:\/\/evertonfc.cz\/index.php\/wp-json\/wp\/v2\/comments?post=25968"}],"version-history":[{"count":8,"href":"https:\/\/evertonfc.cz\/index.php\/wp-json\/wp\/v2\/posts\/25968\/revisions"}],"predecessor-version":[{"id":25982,"href":"https:\/\/evertonfc.cz\/index.php\/wp-json\/wp\/v2\/posts\/25968\/revisions\/25982"}],"wp:featuredmedia":[{"embeddable":true,"href":"https:\/\/evertonfc.cz\/index.php\/wp-json\/wp\/v2\/media\/25969"}],"wp:attachment":[{"href":"https:\/\/evertonfc.cz\/index.php\/wp-json\/wp\/v2\/media?parent=25968"}],"wp:term":[{"taxonomy":"category","embeddable":true,"href":"https:\/\/evertonfc.cz\/index.php\/wp-json\/wp\/v2\/categories?post=25968"},{"taxonomy":"post_tag","embeddable":true,"href":"https:\/\/evertonfc.cz\/index.php\/wp-json\/wp\/v2\/tags?post=25968"}],"curies":[{"name":"wp","href":"https:\/\/api.w.org\/{rel}","templated":true}]}}