{"id":25976,"date":"2025-01-09T20:50:17","date_gmt":"2025-01-09T19:50:17","guid":{"rendered":"https:\/\/evertonfc.cz\/?p=25976"},"modified":"2025-01-10T01:48:45","modified_gmt":"2025-01-10T00:48:45","slug":"viac-sa-nedalo-dyche-odchadza","status":"publish","type":"post","link":"https:\/\/evertonfc.cz\/index.php\/2025\/01\/09\/viac-sa-nedalo-dyche-odchadza\/","title":{"rendered":"Viac sa nedalo, Dyche odch\u00e1dza"},"content":{"rendered":"<h4><strong>Ak\u00e9 z toho plynie ponau\u010denie? Nikdy nehovorte svojmu nov\u00e9mu zamestn\u00e1vate\u013eovi, \u017ee nedok\u00e1\u017eete svoju pr\u00e1cu robi\u0165 lep\u0161ie. Aj tak \u010fakujeme Sean! Zachr\u00e1nil si n\u00e1s, nie raz.<\/strong><\/h4>\n<p>Ke\u010f sme dnes v\u00a0Matchday pr\u00edspevku na na\u0161om Facebooku p\u00edsali, \u017ee sa na obzore nerysuje nov\u00fd mana\u017e\u00e9r, a\u00a0proti Peterborough dnes ve\u010der uvid\u00edme zase DycheBall, nikto z\u00a0n\u00e1s ani len nemohol tu\u0161i\u0165, ak\u00e9 ve\u013ek\u00e9 veci sa dej\u00fa u\u017e nieko\u013eko dn\u00ed v\u00a0z\u00e1kulis\u00ed. Nie\u010do ako \u201ehold my beer\u201c karma. Ale po\u010fme pekne poporade&#8230;<\/p>\n<p>Ofici\u00e1lne stanovisko klubu hovor\u00ed jasne, av\u0161ak bez po\u010fakovania. Dnes bol pracovn\u00fd pomer 53-ro\u010dn\u00e9ho mana\u017e\u00e9ra okam\u017eite ukon\u010den\u00fd s\u00a0t\u00fdm, \u017ee odch\u00e1dza aj jeho \u0161t\u00e1b vr\u00e1tane Iana Woana, Stevea Stonea, Marka Howarda a Billyho Mercera. Proces vymenovania nov\u00e9ho mana\u017e\u00e9ra aktu\u00e1lne u\u017e prebieha, a tr\u00e9ner U18 Leighton Baines spolu s kapit\u00e1nom Seamusom Colemanom sa do\u010dasne postaraj\u00fa o z\u00e1le\u017eitosti prv\u00e9ho t\u00edmu.<\/p>\n<p>A\u00a0tak sa len 3 hodiny pred z\u00e1pasom FA Cupu fan\u00fa\u0161ikovia ocitli v\u00a0zauj\u00edmavej situ\u00e1cii, ktor\u00e1 sa ale asi ned\u00e1 porovna\u0165 s\u00a0tou, ktor\u00e1 aktu\u00e1lne panuje v\u00a0\u0161atni prv\u00e9ho t\u00edmu. Ako informuj\u00fa novin\u00e1rski insideri, hr\u00e1\u010di Evertonu toti\u017eto a\u017e do dne\u0161n\u00e9ho popoludnia nemali ani \u0161ajnu, \u010do sa deje. Av\u0161ak viacer\u00ed z realiza\u010dn\u00e9ho t\u00edmu Dychea sa pred z\u00e1pasom s Peterborough u\u017e l\u00fa\u010dili s nehraj\u00facim person\u00e1lom klubu na Finch Farm.<\/p>\n<h4><strong>Kde sa to zlomilo?<\/strong><\/h4>\n<p>Potom, \u010do prebehlo \u00faspe\u0161n\u00e9 prebratie klubu, vyjadrili nov\u00ed majitelia spokojnos\u0165 s t\u00fdm, ak\u00fa pr\u00e1cu doteraz navzdory v\u0161etk\u00fdm prek\u00e1\u017ekam vykonal Sean Dyche. Na pondelkovom stretnut\u00ed sa v\u0161ak nechal po\u010du\u0165, \u017ee u\u017e dotiahol Everton tak \u010faleko, ako len mohol. A to mali by\u0165 na stole pl\u00e1ny, ako ho podpori\u0165 po\u010das janu\u00e1rov\u00e9ho prestupov\u00e9ho okna. Spolu s \u00fadajnou zmenou jeho pr\u00edstupu\/spr\u00e1vania v posledn\u00fdch \u0161tyroch z\u00e1pasoch (kedy EFC remizovalo s Chelsea a City, a tie\u017e prehralo s Forest a Bournemouthom) dospel Friedkin a spol k z\u00e1veru, \u017ee Dyche to \u201evzdal\u201c resp. rezignoval na snahu spravi\u0165 e\u0161te nie\u010do viac.<\/p>\n<p>Dyche tak\u00fato \u00favahu samozrejme odmietol, no cesty sp\u00e4\u0165 nebolo. Posledn\u00e9 dni sa teda v z\u00e1kulis\u00ed dohadovali detaily kompenz\u00e1cie pre neho a jeho \u0161t\u00e1b. TFG napr\u00edklad nechceli vyplati\u0165 mana\u017e\u00e9rovi posledn\u00fdch 6 mesiacov zmluvy, preto\u017ee pod\u013ea ich n\u00e1zoru to bol pr\u00e1ve on, kto ur\u00fdchlil potrebu kona\u0165 v tejto ot\u00e1zke. Re\u0161pektovan\u00fd novin\u00e1r z The Times, Paul Joyce tvrd\u00ed, \u017ee Friedkinovci nechc\u00fa, aby ich futbalov\u00e1 verejnos\u0165 vn\u00edmala ako \u201epadavky\u201c. K akej konkr\u00e9tnej finan\u010dnej dohode pri\u0161lo v\u0161ak zatia\u013e nie je \u00faplne jasn\u00e9.<\/p>\n<h4><strong>Kto ho m\u00f4\u017ee nahradi\u0165?<\/strong><\/h4>\n<p>Samozrejme, \u017ee nem\u00f4\u017eu ch\u00fdba\u0165 bulv\u00e1rne v\u00fdkriky typu Jos\u00e9 Mourinho, ktor\u00fdch sa chytaj\u00fa aj bookmakeri v st\u00e1vkov\u00fdch kancel\u00e1ri\u00e1ch. Ten sa v\u0161ak s Friedkinom naposledy v R\u00edme nerozi\u0161iel \u00faplne v najlep\u0161om, a nov\u00e1 spolupr\u00e1ca je tak viac-menej nere\u00e1lna. Niektor\u00e9 zdroje dokonca vylu\u010duj\u00fa, \u017ee Everton form\u00e1lne rokoval s Potterom predt\u00fdm, ne\u017e b\u00fdval\u00fd kou\u010d Brightonu a Chelsea prijal ponuku West Hamu.<\/p>\n<p>Najsilnej\u0161ie sa sklo\u0148uje meno David Moyes. A\u00a0to z\u00a0\u00faplne logick\u00fdch d\u00f4vodov, ako najbezpe\u010dnej\u0161ia vo\u013eba. Lee Carsley, b\u00fdval\u00fd hr\u00e1\u010d EFC pod Moyesom, by sa k\u00a0nemu mohol prida\u0165 ako asistent. Spom\u00edna sa aj Paulo Fonseca. Ist\u00e9 v\u0161ak je, \u017ee EFC bude lovi\u0165 vo vod\u00e1ch vo\u013en\u00fdch mana\u017e\u00e9rov z\u00a0praktick\u00fdch a finan\u010dn\u00fdch d\u00f4vodov.<\/p>\n<p style=\"text-align: right;\"><span style=\"font-size: 8pt;\">(fotozdroj: Sky Sports, edited)<\/span><\/p>\n","protected":false},"excerpt":{"rendered":"<p>Ak\u00e9 z toho plynie ponau\u010denie? Nikdy nehovorte svojmu nov\u00e9mu zamestn\u00e1vate\u013eovi, \u017ee nedok\u00e1\u017eete svoju pr\u00e1cu robi\u0165 lep\u0161ie. Aj tak \u010fakujeme Sean! Zachr\u00e1nil si n\u00e1s, nie raz.<\/p>\n","protected":false},"author":1,"featured_media":25977,"comment_status":"open","ping_status":"closed","sticky":false,"template":"","format":"standard","meta":{"_eb_attr":"","_monsterinsights_skip_tracking":false,"_monsterinsights_sitenote_active":false,"_monsterinsights_sitenote_note":"","_monsterinsights_sitenote_category":0,"footnotes":""},"categories":[42],"tags":[],"yoast_head":"<!-- This site is optimized with the Yoast SEO plugin v23.4 - https:\/\/yoast.com\/wordpress\/plugins\/seo\/ -->\n<title>Viac sa nedalo, Dyche odch\u00e1dza - Official Czech &amp; Slovak Everton Supporters&#039; Club<\/title>\n<meta name=\"robots\" content=\"index, follow, max-snippet:-1, max-image-preview:large, max-video-preview:-1\" \/>\n<link rel=\"canonical\" href=\"https:\/\/evertonfc.cz\/index.php\/2025\/01\/09\/viac-sa-nedalo-dyche-odchadza\/\" \/>\n<meta property=\"og:locale\" content=\"cs_CZ\" \/>\n<meta property=\"og:type\" content=\"article\" \/>\n<meta property=\"og:title\" content=\"Viac sa nedalo, Dyche odch\u00e1dza - Official Czech &amp; Slovak Everton Supporters&#039; Club\" \/>\n<meta property=\"og:description\" content=\"Ak\u00e9 z toho plynie ponau\u010denie? Nikdy nehovorte svojmu nov\u00e9mu zamestn\u00e1vate\u013eovi, \u017ee nedok\u00e1\u017eete svoju pr\u00e1cu robi\u0165 lep\u0161ie. Aj tak \u010fakujeme Sean! Zachr\u00e1nil si n\u00e1s, nie raz.\" \/>\n<meta property=\"og:url\" content=\"https:\/\/evertonfc.cz\/index.php\/2025\/01\/09\/viac-sa-nedalo-dyche-odchadza\/\" \/>\n<meta property=\"og:site_name\" content=\"Official Czech &amp; Slovak Everton Supporters&#039; Club\" \/>\n<meta property=\"article:publisher\" content=\"https:\/\/www.facebook.com\/everton.fans.cz.sk\" \/>\n<meta property=\"article:published_time\" content=\"2025-01-09T19:50:17+00:00\" \/>\n<meta property=\"article:modified_time\" content=\"2025-01-10T00:48:45+00:00\" \/>\n<meta property=\"og:image\" content=\"https:\/\/evertonfc.cz\/wp-content\/uploads\/2025\/01\/Sean-Dyche-sacked-Sky-Sports-edited-9-1-2025.jpg\" \/>\n\t<meta property=\"og:image:width\" content=\"720\" \/>\n\t<meta property=\"og:image:height\" content=\"405\" \/>\n\t<meta property=\"og:image:type\" content=\"image\/jpeg\" \/>\n<meta name=\"author\" content=\"BlueBlooded\" \/>\n<meta name=\"twitter:card\" content=\"summary_large_image\" \/>\n<meta name=\"twitter:label1\" content=\"Napsal(a)\" \/>\n\t<meta name=\"twitter:data1\" content=\"BlueBlooded\" \/>\n\t<meta name=\"twitter:label2\" content=\"Odhadovan\u00e1 doba \u010dten\u00ed\" \/>\n\t<meta name=\"twitter:data2\" content=\"3 minuty\" \/>\n<script type=\"application\/ld+json\" class=\"yoast-schema-graph\">{\"@context\":\"https:\/\/schema.org\",\"@graph\":[{\"@type\":\"Article\",\"@id\":\"https:\/\/evertonfc.cz\/index.php\/2025\/01\/09\/viac-sa-nedalo-dyche-odchadza\/#article\",\"isPartOf\":{\"@id\":\"https:\/\/evertonfc.cz\/index.php\/2025\/01\/09\/viac-sa-nedalo-dyche-odchadza\/\"},\"author\":{\"name\":\"BlueBlooded\",\"@id\":\"https:\/\/evertonfc.cz\/#\/schema\/person\/d4493b8cbea51532597fbc4685698916\"},\"headline\":\"Viac sa nedalo, Dyche odch\u00e1dza\",\"datePublished\":\"2025-01-09T19:50:17+00:00\",\"dateModified\":\"2025-01-10T00:48:45+00:00\",\"mainEntityOfPage\":{\"@id\":\"https:\/\/evertonfc.cz\/index.php\/2025\/01\/09\/viac-sa-nedalo-dyche-odchadza\/\"},\"wordCount\":638,\"commentCount\":4,\"publisher\":{\"@id\":\"https:\/\/evertonfc.cz\/#organization\"},\"image\":{\"@id\":\"https:\/\/evertonfc.cz\/index.php\/2025\/01\/09\/viac-sa-nedalo-dyche-odchadza\/#primaryimage\"},\"thumbnailUrl\":\"https:\/\/evertonfc.cz\/wp-content\/uploads\/2025\/01\/Sean-Dyche-sacked-Sky-Sports-edited-9-1-2025.jpg\",\"articleSection\":[\"Aktuality\"],\"inLanguage\":\"cs\",\"potentialAction\":[{\"@type\":\"CommentAction\",\"name\":\"Comment\",\"target\":[\"https:\/\/evertonfc.cz\/index.php\/2025\/01\/09\/viac-sa-nedalo-dyche-odchadza\/#respond\"]}]},{\"@type\":\"WebPage\",\"@id\":\"https:\/\/evertonfc.cz\/index.php\/2025\/01\/09\/viac-sa-nedalo-dyche-odchadza\/\",\"url\":\"https:\/\/evertonfc.cz\/index.php\/2025\/01\/09\/viac-sa-nedalo-dyche-odchadza\/\",\"name\":\"Viac sa nedalo, Dyche odch\u00e1dza - Official Czech &amp; Slovak Everton Supporters&#039; Club\",\"isPartOf\":{\"@id\":\"https:\/\/evertonfc.cz\/#website\"},\"primaryImageOfPage\":{\"@id\":\"https:\/\/evertonfc.cz\/index.php\/2025\/01\/09\/viac-sa-nedalo-dyche-odchadza\/#primaryimage\"},\"image\":{\"@id\":\"https:\/\/evertonfc.cz\/index.php\/2025\/01\/09\/viac-sa-nedalo-dyche-odchadza\/#primaryimage\"},\"thumbnailUrl\":\"https:\/\/evertonfc.cz\/wp-content\/uploads\/2025\/01\/Sean-Dyche-sacked-Sky-Sports-edited-9-1-2025.jpg\",\"datePublished\":\"2025-01-09T19:50:17+00:00\",\"dateModified\":\"2025-01-10T00:48:45+00:00\",\"breadcrumb\":{\"@id\":\"https:\/\/evertonfc.cz\/index.php\/2025\/01\/09\/viac-sa-nedalo-dyche-odchadza\/#breadcrumb\"},\"inLanguage\":\"cs\",\"potentialAction\":[{\"@type\":\"ReadAction\",\"target\":[\"https:\/\/evertonfc.cz\/index.php\/2025\/01\/09\/viac-sa-nedalo-dyche-odchadza\/\"]}]},{\"@type\":\"ImageObject\",\"inLanguage\":\"cs\",\"@id\":\"https:\/\/evertonfc.cz\/index.php\/2025\/01\/09\/viac-sa-nedalo-dyche-odchadza\/#primaryimage\",\"url\":\"https:\/\/evertonfc.cz\/wp-content\/uploads\/2025\/01\/Sean-Dyche-sacked-Sky-Sports-edited-9-1-2025.jpg\",\"contentUrl\":\"https:\/\/evertonfc.cz\/wp-content\/uploads\/2025\/01\/Sean-Dyche-sacked-Sky-Sports-edited-9-1-2025.jpg\",\"width\":720,\"height\":405},{\"@type\":\"BreadcrumbList\",\"@id\":\"https:\/\/evertonfc.cz\/index.php\/2025\/01\/09\/viac-sa-nedalo-dyche-odchadza\/#breadcrumb\",\"itemListElement\":[{\"@type\":\"ListItem\",\"position\":1,\"name\":\"Home\",\"item\":\"https:\/\/evertonfc.cz\/\"},{\"@type\":\"ListItem\",\"position\":2,\"name\":\"Viac sa nedalo, Dyche odch\u00e1dza\"}]},{\"@type\":\"WebSite\",\"@id\":\"https:\/\/evertonfc.cz\/#website\",\"url\":\"https:\/\/evertonfc.cz\/\",\"name\":\"Official Czech &amp; Slovak Everton Supporters&#039; Club\",\"description\":\"\",\"publisher\":{\"@id\":\"https:\/\/evertonfc.cz\/#organization\"},\"potentialAction\":[{\"@type\":\"SearchAction\",\"target\":{\"@type\":\"EntryPoint\",\"urlTemplate\":\"https:\/\/evertonfc.cz\/?s={search_term_string}\"},\"query-input\":{\"@type\":\"PropertyValueSpecification\",\"valueRequired\":true,\"valueName\":\"search_term_string\"}}],\"inLanguage\":\"cs\"},{\"@type\":\"Organization\",\"@id\":\"https:\/\/evertonfc.cz\/#organization\",\"name\":\"Official Czech & Slovak Everton Supporters' Club\",\"url\":\"https:\/\/evertonfc.cz\/\",\"logo\":{\"@type\":\"ImageObject\",\"inLanguage\":\"cs\",\"@id\":\"https:\/\/evertonfc.cz\/#\/schema\/logo\/image\/\",\"url\":\"https:\/\/evertonfc.cz\/wp-content\/uploads\/2019\/05\/logo.png\",\"contentUrl\":\"https:\/\/evertonfc.cz\/wp-content\/uploads\/2019\/05\/logo.png\",\"width\":112,\"height\":112,\"caption\":\"Official Czech & Slovak Everton Supporters' Club\"},\"image\":{\"@id\":\"https:\/\/evertonfc.cz\/#\/schema\/logo\/image\/\"},\"sameAs\":[\"https:\/\/www.facebook.com\/everton.fans.cz.sk\"]},{\"@type\":\"Person\",\"@id\":\"https:\/\/evertonfc.cz\/#\/schema\/person\/d4493b8cbea51532597fbc4685698916\",\"name\":\"BlueBlooded\",\"url\":\"https:\/\/evertonfc.cz\/index.php\/author\/admin\/\"}]}<\/script>\n<!-- \/ Yoast SEO plugin. -->","yoast_head_json":{"title":"Viac sa nedalo, Dyche odch\u00e1dza - Official Czech &amp; Slovak Everton Supporters&#039; Club","robots":{"index":"index","follow":"follow","max-snippet":"max-snippet:-1","max-image-preview":"max-image-preview:large","max-video-preview":"max-video-preview:-1"},"canonical":"https:\/\/evertonfc.cz\/index.php\/2025\/01\/09\/viac-sa-nedalo-dyche-odchadza\/","og_locale":"cs_CZ","og_type":"article","og_title":"Viac sa nedalo, Dyche odch\u00e1dza - Official Czech &amp; Slovak Everton Supporters&#039; Club","og_description":"Ak\u00e9 z toho plynie ponau\u010denie? Nikdy nehovorte svojmu nov\u00e9mu zamestn\u00e1vate\u013eovi, \u017ee nedok\u00e1\u017eete svoju pr\u00e1cu robi\u0165 lep\u0161ie. Aj tak \u010fakujeme Sean! Zachr\u00e1nil si n\u00e1s, nie raz.","og_url":"https:\/\/evertonfc.cz\/index.php\/2025\/01\/09\/viac-sa-nedalo-dyche-odchadza\/","og_site_name":"Official Czech &amp; Slovak Everton Supporters&#039; Club","article_publisher":"https:\/\/www.facebook.com\/everton.fans.cz.sk","article_published_time":"2025-01-09T19:50:17+00:00","article_modified_time":"2025-01-10T00:48:45+00:00","og_image":[{"width":720,"height":405,"url":"https:\/\/evertonfc.cz\/wp-content\/uploads\/2025\/01\/Sean-Dyche-sacked-Sky-Sports-edited-9-1-2025.jpg","type":"image\/jpeg"}],"author":"BlueBlooded","twitter_card":"summary_large_image","twitter_misc":{"Napsal(a)":"BlueBlooded","Odhadovan\u00e1 doba \u010dten\u00ed":"3 minuty"},"schema":{"@context":"https:\/\/schema.org","@graph":[{"@type":"Article","@id":"https:\/\/evertonfc.cz\/index.php\/2025\/01\/09\/viac-sa-nedalo-dyche-odchadza\/#article","isPartOf":{"@id":"https:\/\/evertonfc.cz\/index.php\/2025\/01\/09\/viac-sa-nedalo-dyche-odchadza\/"},"author":{"name":"BlueBlooded","@id":"https:\/\/evertonfc.cz\/#\/schema\/person\/d4493b8cbea51532597fbc4685698916"},"headline":"Viac sa nedalo, Dyche odch\u00e1dza","datePublished":"2025-01-09T19:50:17+00:00","dateModified":"2025-01-10T00:48:45+00:00","mainEntityOfPage":{"@id":"https:\/\/evertonfc.cz\/index.php\/2025\/01\/09\/viac-sa-nedalo-dyche-odchadza\/"},"wordCount":638,"commentCount":4,"publisher":{"@id":"https:\/\/evertonfc.cz\/#organization"},"image":{"@id":"https:\/\/evertonfc.cz\/index.php\/2025\/01\/09\/viac-sa-nedalo-dyche-odchadza\/#primaryimage"},"thumbnailUrl":"https:\/\/evertonfc.cz\/wp-content\/uploads\/2025\/01\/Sean-Dyche-sacked-Sky-Sports-edited-9-1-2025.jpg","articleSection":["Aktuality"],"inLanguage":"cs","potentialAction":[{"@type":"CommentAction","name":"Comment","target":["https:\/\/evertonfc.cz\/index.php\/2025\/01\/09\/viac-sa-nedalo-dyche-odchadza\/#respond"]}]},{"@type":"WebPage","@id":"https:\/\/evertonfc.cz\/index.php\/2025\/01\/09\/viac-sa-nedalo-dyche-odchadza\/","url":"https:\/\/evertonfc.cz\/index.php\/2025\/01\/09\/viac-sa-nedalo-dyche-odchadza\/","name":"Viac sa nedalo, Dyche odch\u00e1dza - Official Czech &amp; Slovak Everton Supporters&#039; Club","isPartOf":{"@id":"https:\/\/evertonfc.cz\/#website"},"primaryImageOfPage":{"@id":"https:\/\/evertonfc.cz\/index.php\/2025\/01\/09\/viac-sa-nedalo-dyche-odchadza\/#primaryimage"},"image":{"@id":"https:\/\/evertonfc.cz\/index.php\/2025\/01\/09\/viac-sa-nedalo-dyche-odchadza\/#primaryimage"},"thumbnailUrl":"https:\/\/evertonfc.cz\/wp-content\/uploads\/2025\/01\/Sean-Dyche-sacked-Sky-Sports-edited-9-1-2025.jpg","datePublished":"2025-01-09T19:50:17+00:00","dateModified":"2025-01-10T00:48:45+00:00","breadcrumb":{"@id":"https:\/\/evertonfc.cz\/index.php\/2025\/01\/09\/viac-sa-nedalo-dyche-odchadza\/#breadcrumb"},"inLanguage":"cs","potentialAction":[{"@type":"ReadAction","target":["https:\/\/evertonfc.cz\/index.php\/2025\/01\/09\/viac-sa-nedalo-dyche-odchadza\/"]}]},{"@type":"ImageObject","inLanguage":"cs","@id":"https:\/\/evertonfc.cz\/index.php\/2025\/01\/09\/viac-sa-nedalo-dyche-odchadza\/#primaryimage","url":"https:\/\/evertonfc.cz\/wp-content\/uploads\/2025\/01\/Sean-Dyche-sacked-Sky-Sports-edited-9-1-2025.jpg","contentUrl":"https:\/\/evertonfc.cz\/wp-content\/uploads\/2025\/01\/Sean-Dyche-sacked-Sky-Sports-edited-9-1-2025.jpg","width":720,"height":405},{"@type":"BreadcrumbList","@id":"https:\/\/evertonfc.cz\/index.php\/2025\/01\/09\/viac-sa-nedalo-dyche-odchadza\/#breadcrumb","itemListElement":[{"@type":"ListItem","position":1,"name":"Home","item":"https:\/\/evertonfc.cz\/"},{"@type":"ListItem","position":2,"name":"Viac sa nedalo, Dyche odch\u00e1dza"}]},{"@type":"WebSite","@id":"https:\/\/evertonfc.cz\/#website","url":"https:\/\/evertonfc.cz\/","name":"Official Czech &amp; Slovak Everton Supporters&#039; Club","description":"","publisher":{"@id":"https:\/\/evertonfc.cz\/#organization"},"potentialAction":[{"@type":"SearchAction","target":{"@type":"EntryPoint","urlTemplate":"https:\/\/evertonfc.cz\/?s={search_term_string}"},"query-input":{"@type":"PropertyValueSpecification","valueRequired":true,"valueName":"search_term_string"}}],"inLanguage":"cs"},{"@type":"Organization","@id":"https:\/\/evertonfc.cz\/#organization","name":"Official Czech & Slovak Everton Supporters' Club","url":"https:\/\/evertonfc.cz\/","logo":{"@type":"ImageObject","inLanguage":"cs","@id":"https:\/\/evertonfc.cz\/#\/schema\/logo\/image\/","url":"https:\/\/evertonfc.cz\/wp-content\/uploads\/2019\/05\/logo.png","contentUrl":"https:\/\/evertonfc.cz\/wp-content\/uploads\/2019\/05\/logo.png","width":112,"height":112,"caption":"Official Czech & Slovak Everton Supporters' Club"},"image":{"@id":"https:\/\/evertonfc.cz\/#\/schema\/logo\/image\/"},"sameAs":["https:\/\/www.facebook.com\/everton.fans.cz.sk"]},{"@type":"Person","@id":"https:\/\/evertonfc.cz\/#\/schema\/person\/d4493b8cbea51532597fbc4685698916","name":"BlueBlooded","url":"https:\/\/evertonfc.cz\/index.php\/author\/admin\/"}]}},"_links":{"self":[{"href":"https:\/\/evertonfc.cz\/index.php\/wp-json\/wp\/v2\/posts\/25976"}],"collection":[{"href":"https:\/\/evertonfc.cz\/index.php\/wp-json\/wp\/v2\/posts"}],"about":[{"href":"https:\/\/evertonfc.cz\/index.php\/wp-json\/wp\/v2\/types\/post"}],"author":[{"embeddable":true,"href":"https:\/\/evertonfc.cz\/index.php\/wp-json\/wp\/v2\/users\/1"}],"replies":[{"embeddable":true,"href":"https:\/\/evertonfc.cz\/index.php\/wp-json\/wp\/v2\/comments?post=25976"}],"version-history":[{"count":6,"href":"https:\/\/evertonfc.cz\/index.php\/wp-json\/wp\/v2\/posts\/25976\/revisions"}],"predecessor-version":[{"id":25996,"href":"https:\/\/evertonfc.cz\/index.php\/wp-json\/wp\/v2\/posts\/25976\/revisions\/25996"}],"wp:featuredmedia":[{"embeddable":true,"href":"https:\/\/evertonfc.cz\/index.php\/wp-json\/wp\/v2\/media\/25977"}],"wp:attachment":[{"href":"https:\/\/evertonfc.cz\/index.php\/wp-json\/wp\/v2\/media?parent=25976"}],"wp:term":[{"taxonomy":"category","embeddable":true,"href":"https:\/\/evertonfc.cz\/index.php\/wp-json\/wp\/v2\/categories?post=25976"},{"taxonomy":"post_tag","embeddable":true,"href":"https:\/\/evertonfc.cz\/index.php\/wp-json\/wp\/v2\/tags?post=25976"}],"curies":[{"name":"wp","href":"https:\/\/api.w.org\/{rel}","templated":true}]}}