{"id":25984,"date":"2025-01-09T22:55:37","date_gmt":"2025-01-09T21:55:37","guid":{"rendered":"https:\/\/evertonfc.cz\/?p=25984"},"modified":"2025-01-10T23:05:43","modified_gmt":"2025-01-10T22:05:43","slug":"everton-peterborough-united-20","status":"publish","type":"post","link":"https:\/\/evertonfc.cz\/index.php\/2025\/01\/09\/everton-peterborough-united-20\/","title":{"rendered":"Everton \u2013 Peterborough United 2:0"},"content":{"rendered":"<h4>Oko\u0159enit p\u0159edz\u00e1pasovou p\u0159\u00edpravu vyhazovem mana\u017eera? To vypad\u00e1 jako lekce z texask\u00e9 vysok\u00e9 \u0161koly byznysu. Klubov\u00e9 ikony v\u0161ak nakonec dovedly Toffees k postupu do \u010dtvrt\u00e9ho kola FA Cupu.<\/h4>\n<p>Leighton Baines, tren\u00e9r ml\u00e1de\u017enick\u00e9ho v\u00fdb\u011bru Evertonu do 18 let, a Seamus Coleman, toho \u010dasu zran\u011bn\u00fd kapit\u00e1n A-t\u00fdmu, byli na posledn\u00ed chv\u00edli pov\u011b\u0159eni veden\u00edm mu\u017estva po odvol\u00e1n\u00ed Seana Dychea. Jeho odchod byl na spadnut\u00ed u\u017e n\u011bkolik dn\u00ed, ale do\u0161lo k n\u011bmu a\u017e t\u0159i hodiny p\u0159ed za\u010d\u00e1tkem utk\u00e1n\u00ed.<\/p>\n<p>Baines je\u0161t\u011b v p\u0159edz\u00e1pasov\u00e9m rozhovoru sta\u010dil potvrdit, \u017ee z\u00e1kladn\u00ed sestavu ur\u010dil jeho p\u0159edch\u016fdce den p\u0159ed v\u00fdkopem a na posledn\u00ed chv\u00edli u\u017e do n\u00ed necht\u011bl zasahovat. Kv\u016fli n\u011bkolika zran\u011bn\u00edm nastoupilo oproti v\u00edkendu od prvn\u00ed minuty hned \u0161est nov\u00e1\u010dk\u016f: Virg\u00ednia, Patterson, O&#8217;Brien, Keane, Armstrong a Beto. Zm\u011bn doznalo tak\u00e9 rozestaven\u00ed, kter\u00e9 vych\u00e1zelo ze t\u0159\u00ed stoper\u016f.<\/p>\n<p>Everton sv\u00e9ho t\u0159etiligov\u00e9ho soupe\u0159e, kter\u00fd sympaticky dlouhodob\u011b s\u00e1z\u00ed na mlad\u00e9 hr\u00e1\u010de, podle o\u010dek\u00e1v\u00e1n\u00ed p\u0159ehr\u00e1val. \u00dato\u010dn\u00e9 tr\u00e1pen\u00ed v\u0161ak zm\u011bnou tren\u00e9ra nezmiz\u00ed, a tak Toffees sice dr\u017eeli m\u00ed\u010d na kopa\u010dk\u00e1ch, ale bez pohybu a momentu p\u0159ekvapen\u00ed si \u0161ance nevytv\u00e1\u0159eli. V ojedin\u011bl\u00e9m p\u0159\u00edpad\u011b, po n\u00e1hodn\u00e9m odrazu, se alespo\u0148 zaskv\u011bl volejem Mangala, jeho\u017e pokus zpoza v\u00e1pna oraz\u00edtkoval b\u0159evno.<\/p>\n<p>Posh trp\u011bliv\u011b \u010dekali v obrann\u00e9m bloku na proti\u00fatoky a jeden takov\u00fd si vypracovali ke konci prvn\u00edho polo\u010dasu. Virg\u00edniovi v\u0161ak na\u0161t\u011bst\u00ed nejprve pomohl blokuj\u00edc\u00ed Mykolenko a po rohu i Branthwaite.<\/p>\n<p>Kdy\u017e u\u017e to vypadalo, \u017ee polo\u010das skon\u010d\u00ed nudnou bezg\u00f3lovou rem\u00edzou, 17let\u00fd Amstrong vysunul pasem za obranu Beta, kter\u00fd po kli\u010dce branka\u0159i otev\u0159el sk\u00f3re \u2013 <strong>1:0<\/strong>. Protesty host\u016f kv\u016fli ofsajdov\u00e9mu proh\u0159e\u0161ku byly zbyte\u010dn\u00e9, proto\u017ee VAR vstupuje do d\u011bje a\u017e od p\u00e1t\u00e9ho kola FA Cupu.<\/p>\n<p>Toffees ve druh\u00e9m polo\u010dase p\u0159idali na tempu, ale tr\u00e1pen\u00ed ve fin\u00e1ln\u00ed f\u00e1zi \u00fatoku p\u0159etrv\u00e1valo. V nejv\u011bt\u0161\u00edch \u0161anc\u00edch Mangala m\u00ed\u0159il t\u011bsn\u011b vedle po nab\u00eddce Ndiayeho z rohu a Gueye zase st\u0159\u00edlel p\u00e1nu Bohu do oken po individu\u00e1ln\u00ed akci Pattersona.<\/p>\n<p>Hr\u00e1\u010di Peterborough ob\u010dasn\u011b hrozili z brejk\u016f, ale dok\u00e1zali si vypracovat jen n\u00e1znaky g\u00f3lov\u00fdch p\u0159\u00edle\u017eitost\u00ed.<br \/>\nKoncem z\u00e1pasu se po skluzu hostuj\u00edc\u00edho obr\u00e1nce, nebo sp\u00ed\u0161 po n\u00e1sledn\u00e9m p\u00e1du v\u00e1\u017en\u011b zranil st\u0159\u00eddaj\u00edc\u00ed Broja. Alb\u00e1nec m\u00e1 celou svou kari\u00e9ru neuv\u011b\u0159itelnou sm\u016flu na zran\u011bn\u00ed a dnes opou\u0161t\u011bl h\u0159i\u0161t\u011b v bolestiv\u00e9 grimase na nos\u00edtk\u00e1ch, co\u017e bohu\u017eel nev\u011bst\u00ed nic dobr\u00e9ho.<\/p>\n<p>V desetiminutov\u00e9m nastaven\u00ed si Peterborough \u017e\u00e1dn\u00fd tlak nevyvinulo, naopak hostuj\u00edc\u00ed Katongo st\u00e1hl nedovolen\u011b ve sv\u00e9m v\u00e1pn\u011b k zemi Branthwaitea a na\u0159\u00edzenou penaltu s ledov\u00fdm klidem prom\u011bnil Ndiaye \u2013 <strong>2:0<\/strong>.<\/p>\n<p>A proto\u017ee mlad\u00fd Young z\u016fstal cel\u00fd duel jen na lavi\u010dce Posh, a k historick\u00e9mu souboji otce se synem tak nedo\u0161lo, hern\u011b pr\u016fm\u011brn\u00e9 utk\u00e1n\u00ed z\u016fstane v pam\u011bti p\u0159edev\u0161\u00edm d\u00edky Bainesovi a Colemanovi v rol\u00edch tren\u00e9r\u016f.<\/p>\n<p><strong>Branky:<\/strong> 42. Beto, 90+8. Ndiaye (pen.)<\/p>\n<p><strong>\u017dK:<\/strong> 66. Beto<\/p>\n<p><strong>Everton:<\/strong> Virg\u00ednia &#8211; Patterson (72. Young), O&#8217;Brien, Keane, Branthwaite, Mykolenko &#8211; Gueye, Mangala (89. Doucour\u00e9), Armstrong (68. Harrison), Ndiaye &#8211; Beto (68. Broja (89. Lindstr\u00f8m))<\/p>\n<p><strong>Peterborough United:<\/strong> Bilokapic &#8211; Nevett (46. Wallin), Fernandez, Katongo &#8211; Dornelly (76. Odoh), O&#8217;Brien-Brady (88. Mothersille), Collins, Kyprianou (64. De Havilland), Hayes &#8211; Jones (46. Lindgren), Conn-Clarke<\/p>\n<p><strong>Rozhod\u010d\u00ed:<\/strong> T. Bramall\u00a0 <strong>Div\u00e1ci:<\/strong> 38 955<\/p>\n","protected":false},"excerpt":{"rendered":"<p>Oko\u0159enit p\u0159edz\u00e1pasovou p\u0159\u00edpravu vyhazovem mana\u017eera? To vypad\u00e1 jako lekce z texask\u00e9 vysok\u00e9 \u0161koly byznysu. Klubov\u00e9 ikony v\u0161ak nakonec dovedly Toffees k postupu do \u010dtvrt\u00e9ho kola FA Cupu.<\/p>\n","protected":false},"author":6,"featured_media":25983,"comment_status":"open","ping_status":"closed","sticky":false,"template":"","format":"standard","meta":{"_eb_attr":"","_monsterinsights_skip_tracking":false,"_monsterinsights_sitenote_active":false,"_monsterinsights_sitenote_note":"","_monsterinsights_sitenote_category":0,"footnotes":""},"categories":[4],"tags":[],"yoast_head":"<!-- This site is optimized with the Yoast SEO plugin v23.4 - https:\/\/yoast.com\/wordpress\/plugins\/seo\/ -->\n<title>Everton \u2013 Peterborough United 2:0 - Official Czech &amp; Slovak Everton Supporters&#039; Club<\/title>\n<meta name=\"description\" content=\"Oko\u0159enit p\u0159edz\u00e1pasovou p\u0159\u00edpravu vyhazovem mana\u017eera? To vypad\u00e1 jako lekce z texask\u00e9 vysok\u00e9 \u0161koly byznysu. Klubov\u00e9 ikony v\u0161ak nakonec dovedly Toffees k postupu do \u010dtvrt\u00e9ho kola FA Cupu.\" \/>\n<meta name=\"robots\" content=\"index, follow, max-snippet:-1, max-image-preview:large, max-video-preview:-1\" \/>\n<link rel=\"canonical\" href=\"https:\/\/evertonfc.cz\/index.php\/2025\/01\/09\/everton-peterborough-united-20\/\" \/>\n<meta property=\"og:locale\" content=\"cs_CZ\" \/>\n<meta property=\"og:type\" content=\"article\" \/>\n<meta property=\"og:title\" content=\"Everton \u2013 Peterborough United 2:0 - Official Czech &amp; Slovak Everton Supporters&#039; Club\" \/>\n<meta property=\"og:description\" content=\"Oko\u0159enit p\u0159edz\u00e1pasovou p\u0159\u00edpravu vyhazovem mana\u017eera? To vypad\u00e1 jako lekce z texask\u00e9 vysok\u00e9 \u0161koly byznysu. Klubov\u00e9 ikony v\u0161ak nakonec dovedly Toffees k postupu do \u010dtvrt\u00e9ho kola FA Cupu.\" \/>\n<meta property=\"og:url\" content=\"https:\/\/evertonfc.cz\/index.php\/2025\/01\/09\/everton-peterborough-united-20\/\" \/>\n<meta property=\"og:site_name\" content=\"Official Czech &amp; Slovak Everton Supporters&#039; Club\" \/>\n<meta property=\"article:publisher\" content=\"https:\/\/www.facebook.com\/everton.fans.cz.sk\" \/>\n<meta property=\"article:published_time\" content=\"2025-01-09T21:55:37+00:00\" \/>\n<meta property=\"article:modified_time\" content=\"2025-01-10T22:05:43+00:00\" \/>\n<meta property=\"og:image\" content=\"https:\/\/evertonfc.cz\/wp-content\/uploads\/2025\/01\/Baines_9_1_2025.jpg\" \/>\n\t<meta property=\"og:image:width\" content=\"720\" \/>\n\t<meta property=\"og:image:height\" content=\"405\" \/>\n\t<meta property=\"og:image:type\" content=\"image\/jpeg\" \/>\n<meta name=\"author\" content=\"Ri\u010di\" \/>\n<meta name=\"twitter:card\" content=\"summary_large_image\" \/>\n<meta name=\"twitter:creator\" content=\"@rbrejsa\" \/>\n<meta name=\"twitter:label1\" content=\"Napsal(a)\" \/>\n\t<meta name=\"twitter:data1\" content=\"Ri\u010di\" \/>\n\t<meta name=\"twitter:label2\" content=\"Odhadovan\u00e1 doba \u010dten\u00ed\" \/>\n\t<meta name=\"twitter:data2\" content=\"3 minuty\" \/>\n<script type=\"application\/ld+json\" class=\"yoast-schema-graph\">{\"@context\":\"https:\/\/schema.org\",\"@graph\":[{\"@type\":\"Article\",\"@id\":\"https:\/\/evertonfc.cz\/index.php\/2025\/01\/09\/everton-peterborough-united-20\/#article\",\"isPartOf\":{\"@id\":\"https:\/\/evertonfc.cz\/index.php\/2025\/01\/09\/everton-peterborough-united-20\/\"},\"author\":{\"name\":\"Ri\u010di\",\"@id\":\"https:\/\/evertonfc.cz\/#\/schema\/person\/f7a5daedb2ffee98480bc70e191aaef1\"},\"headline\":\"Everton \u2013 Peterborough United 2:0\",\"datePublished\":\"2025-01-09T21:55:37+00:00\",\"dateModified\":\"2025-01-10T22:05:43+00:00\",\"mainEntityOfPage\":{\"@id\":\"https:\/\/evertonfc.cz\/index.php\/2025\/01\/09\/everton-peterborough-united-20\/\"},\"wordCount\":637,\"commentCount\":3,\"publisher\":{\"@id\":\"https:\/\/evertonfc.cz\/#organization\"},\"image\":{\"@id\":\"https:\/\/evertonfc.cz\/index.php\/2025\/01\/09\/everton-peterborough-united-20\/#primaryimage\"},\"thumbnailUrl\":\"https:\/\/evertonfc.cz\/wp-content\/uploads\/2025\/01\/Baines_9_1_2025.jpg\",\"articleSection\":[\"Z\u00e1pasy\"],\"inLanguage\":\"cs\",\"potentialAction\":[{\"@type\":\"CommentAction\",\"name\":\"Comment\",\"target\":[\"https:\/\/evertonfc.cz\/index.php\/2025\/01\/09\/everton-peterborough-united-20\/#respond\"]}]},{\"@type\":\"WebPage\",\"@id\":\"https:\/\/evertonfc.cz\/index.php\/2025\/01\/09\/everton-peterborough-united-20\/\",\"url\":\"https:\/\/evertonfc.cz\/index.php\/2025\/01\/09\/everton-peterborough-united-20\/\",\"name\":\"Everton \u2013 Peterborough United 2:0 - Official Czech &amp; Slovak Everton Supporters&#039; Club\",\"isPartOf\":{\"@id\":\"https:\/\/evertonfc.cz\/#website\"},\"primaryImageOfPage\":{\"@id\":\"https:\/\/evertonfc.cz\/index.php\/2025\/01\/09\/everton-peterborough-united-20\/#primaryimage\"},\"image\":{\"@id\":\"https:\/\/evertonfc.cz\/index.php\/2025\/01\/09\/everton-peterborough-united-20\/#primaryimage\"},\"thumbnailUrl\":\"https:\/\/evertonfc.cz\/wp-content\/uploads\/2025\/01\/Baines_9_1_2025.jpg\",\"datePublished\":\"2025-01-09T21:55:37+00:00\",\"dateModified\":\"2025-01-10T22:05:43+00:00\",\"description\":\"Oko\u0159enit p\u0159edz\u00e1pasovou p\u0159\u00edpravu vyhazovem mana\u017eera? To vypad\u00e1 jako lekce z texask\u00e9 vysok\u00e9 \u0161koly byznysu. Klubov\u00e9 ikony v\u0161ak nakonec dovedly Toffees k postupu do \u010dtvrt\u00e9ho kola FA Cupu.\",\"breadcrumb\":{\"@id\":\"https:\/\/evertonfc.cz\/index.php\/2025\/01\/09\/everton-peterborough-united-20\/#breadcrumb\"},\"inLanguage\":\"cs\",\"potentialAction\":[{\"@type\":\"ReadAction\",\"target\":[\"https:\/\/evertonfc.cz\/index.php\/2025\/01\/09\/everton-peterborough-united-20\/\"]}]},{\"@type\":\"ImageObject\",\"inLanguage\":\"cs\",\"@id\":\"https:\/\/evertonfc.cz\/index.php\/2025\/01\/09\/everton-peterborough-united-20\/#primaryimage\",\"url\":\"https:\/\/evertonfc.cz\/wp-content\/uploads\/2025\/01\/Baines_9_1_2025.jpg\",\"contentUrl\":\"https:\/\/evertonfc.cz\/wp-content\/uploads\/2025\/01\/Baines_9_1_2025.jpg\",\"width\":720,\"height\":405},{\"@type\":\"BreadcrumbList\",\"@id\":\"https:\/\/evertonfc.cz\/index.php\/2025\/01\/09\/everton-peterborough-united-20\/#breadcrumb\",\"itemListElement\":[{\"@type\":\"ListItem\",\"position\":1,\"name\":\"Home\",\"item\":\"https:\/\/evertonfc.cz\/\"},{\"@type\":\"ListItem\",\"position\":2,\"name\":\"Everton \u2013 Peterborough United 2:0\"}]},{\"@type\":\"WebSite\",\"@id\":\"https:\/\/evertonfc.cz\/#website\",\"url\":\"https:\/\/evertonfc.cz\/\",\"name\":\"Official Czech &amp; Slovak Everton Supporters&#039; Club\",\"description\":\"\",\"publisher\":{\"@id\":\"https:\/\/evertonfc.cz\/#organization\"},\"potentialAction\":[{\"@type\":\"SearchAction\",\"target\":{\"@type\":\"EntryPoint\",\"urlTemplate\":\"https:\/\/evertonfc.cz\/?s={search_term_string}\"},\"query-input\":{\"@type\":\"PropertyValueSpecification\",\"valueRequired\":true,\"valueName\":\"search_term_string\"}}],\"inLanguage\":\"cs\"},{\"@type\":\"Organization\",\"@id\":\"https:\/\/evertonfc.cz\/#organization\",\"name\":\"Official Czech & Slovak Everton Supporters' Club\",\"url\":\"https:\/\/evertonfc.cz\/\",\"logo\":{\"@type\":\"ImageObject\",\"inLanguage\":\"cs\",\"@id\":\"https:\/\/evertonfc.cz\/#\/schema\/logo\/image\/\",\"url\":\"https:\/\/evertonfc.cz\/wp-content\/uploads\/2019\/05\/logo.png\",\"contentUrl\":\"https:\/\/evertonfc.cz\/wp-content\/uploads\/2019\/05\/logo.png\",\"width\":112,\"height\":112,\"caption\":\"Official Czech & Slovak Everton Supporters' Club\"},\"image\":{\"@id\":\"https:\/\/evertonfc.cz\/#\/schema\/logo\/image\/\"},\"sameAs\":[\"https:\/\/www.facebook.com\/everton.fans.cz.sk\"]},{\"@type\":\"Person\",\"@id\":\"https:\/\/evertonfc.cz\/#\/schema\/person\/f7a5daedb2ffee98480bc70e191aaef1\",\"name\":\"Ri\u010di\",\"sameAs\":[\"https:\/\/x.com\/rbrejsa\"],\"url\":\"https:\/\/evertonfc.cz\/index.php\/author\/rici\/\"}]}<\/script>\n<!-- \/ Yoast SEO plugin. -->","yoast_head_json":{"title":"Everton \u2013 Peterborough United 2:0 - Official Czech &amp; Slovak Everton Supporters&#039; Club","description":"Oko\u0159enit p\u0159edz\u00e1pasovou p\u0159\u00edpravu vyhazovem mana\u017eera? To vypad\u00e1 jako lekce z texask\u00e9 vysok\u00e9 \u0161koly byznysu. Klubov\u00e9 ikony v\u0161ak nakonec dovedly Toffees k postupu do \u010dtvrt\u00e9ho kola FA Cupu.","robots":{"index":"index","follow":"follow","max-snippet":"max-snippet:-1","max-image-preview":"max-image-preview:large","max-video-preview":"max-video-preview:-1"},"canonical":"https:\/\/evertonfc.cz\/index.php\/2025\/01\/09\/everton-peterborough-united-20\/","og_locale":"cs_CZ","og_type":"article","og_title":"Everton \u2013 Peterborough United 2:0 - Official Czech &amp; Slovak Everton Supporters&#039; Club","og_description":"Oko\u0159enit p\u0159edz\u00e1pasovou p\u0159\u00edpravu vyhazovem mana\u017eera? To vypad\u00e1 jako lekce z texask\u00e9 vysok\u00e9 \u0161koly byznysu. Klubov\u00e9 ikony v\u0161ak nakonec dovedly Toffees k postupu do \u010dtvrt\u00e9ho kola FA Cupu.","og_url":"https:\/\/evertonfc.cz\/index.php\/2025\/01\/09\/everton-peterborough-united-20\/","og_site_name":"Official Czech &amp; Slovak Everton Supporters&#039; Club","article_publisher":"https:\/\/www.facebook.com\/everton.fans.cz.sk","article_published_time":"2025-01-09T21:55:37+00:00","article_modified_time":"2025-01-10T22:05:43+00:00","og_image":[{"width":720,"height":405,"url":"https:\/\/evertonfc.cz\/wp-content\/uploads\/2025\/01\/Baines_9_1_2025.jpg","type":"image\/jpeg"}],"author":"Ri\u010di","twitter_card":"summary_large_image","twitter_creator":"@rbrejsa","twitter_misc":{"Napsal(a)":"Ri\u010di","Odhadovan\u00e1 doba \u010dten\u00ed":"3 minuty"},"schema":{"@context":"https:\/\/schema.org","@graph":[{"@type":"Article","@id":"https:\/\/evertonfc.cz\/index.php\/2025\/01\/09\/everton-peterborough-united-20\/#article","isPartOf":{"@id":"https:\/\/evertonfc.cz\/index.php\/2025\/01\/09\/everton-peterborough-united-20\/"},"author":{"name":"Ri\u010di","@id":"https:\/\/evertonfc.cz\/#\/schema\/person\/f7a5daedb2ffee98480bc70e191aaef1"},"headline":"Everton \u2013 Peterborough United 2:0","datePublished":"2025-01-09T21:55:37+00:00","dateModified":"2025-01-10T22:05:43+00:00","mainEntityOfPage":{"@id":"https:\/\/evertonfc.cz\/index.php\/2025\/01\/09\/everton-peterborough-united-20\/"},"wordCount":637,"commentCount":3,"publisher":{"@id":"https:\/\/evertonfc.cz\/#organization"},"image":{"@id":"https:\/\/evertonfc.cz\/index.php\/2025\/01\/09\/everton-peterborough-united-20\/#primaryimage"},"thumbnailUrl":"https:\/\/evertonfc.cz\/wp-content\/uploads\/2025\/01\/Baines_9_1_2025.jpg","articleSection":["Z\u00e1pasy"],"inLanguage":"cs","potentialAction":[{"@type":"CommentAction","name":"Comment","target":["https:\/\/evertonfc.cz\/index.php\/2025\/01\/09\/everton-peterborough-united-20\/#respond"]}]},{"@type":"WebPage","@id":"https:\/\/evertonfc.cz\/index.php\/2025\/01\/09\/everton-peterborough-united-20\/","url":"https:\/\/evertonfc.cz\/index.php\/2025\/01\/09\/everton-peterborough-united-20\/","name":"Everton \u2013 Peterborough United 2:0 - Official Czech &amp; Slovak Everton Supporters&#039; Club","isPartOf":{"@id":"https:\/\/evertonfc.cz\/#website"},"primaryImageOfPage":{"@id":"https:\/\/evertonfc.cz\/index.php\/2025\/01\/09\/everton-peterborough-united-20\/#primaryimage"},"image":{"@id":"https:\/\/evertonfc.cz\/index.php\/2025\/01\/09\/everton-peterborough-united-20\/#primaryimage"},"thumbnailUrl":"https:\/\/evertonfc.cz\/wp-content\/uploads\/2025\/01\/Baines_9_1_2025.jpg","datePublished":"2025-01-09T21:55:37+00:00","dateModified":"2025-01-10T22:05:43+00:00","description":"Oko\u0159enit p\u0159edz\u00e1pasovou p\u0159\u00edpravu vyhazovem mana\u017eera? To vypad\u00e1 jako lekce z texask\u00e9 vysok\u00e9 \u0161koly byznysu. Klubov\u00e9 ikony v\u0161ak nakonec dovedly Toffees k postupu do \u010dtvrt\u00e9ho kola FA Cupu.","breadcrumb":{"@id":"https:\/\/evertonfc.cz\/index.php\/2025\/01\/09\/everton-peterborough-united-20\/#breadcrumb"},"inLanguage":"cs","potentialAction":[{"@type":"ReadAction","target":["https:\/\/evertonfc.cz\/index.php\/2025\/01\/09\/everton-peterborough-united-20\/"]}]},{"@type":"ImageObject","inLanguage":"cs","@id":"https:\/\/evertonfc.cz\/index.php\/2025\/01\/09\/everton-peterborough-united-20\/#primaryimage","url":"https:\/\/evertonfc.cz\/wp-content\/uploads\/2025\/01\/Baines_9_1_2025.jpg","contentUrl":"https:\/\/evertonfc.cz\/wp-content\/uploads\/2025\/01\/Baines_9_1_2025.jpg","width":720,"height":405},{"@type":"BreadcrumbList","@id":"https:\/\/evertonfc.cz\/index.php\/2025\/01\/09\/everton-peterborough-united-20\/#breadcrumb","itemListElement":[{"@type":"ListItem","position":1,"name":"Home","item":"https:\/\/evertonfc.cz\/"},{"@type":"ListItem","position":2,"name":"Everton \u2013 Peterborough United 2:0"}]},{"@type":"WebSite","@id":"https:\/\/evertonfc.cz\/#website","url":"https:\/\/evertonfc.cz\/","name":"Official Czech &amp; Slovak Everton Supporters&#039; Club","description":"","publisher":{"@id":"https:\/\/evertonfc.cz\/#organization"},"potentialAction":[{"@type":"SearchAction","target":{"@type":"EntryPoint","urlTemplate":"https:\/\/evertonfc.cz\/?s={search_term_string}"},"query-input":{"@type":"PropertyValueSpecification","valueRequired":true,"valueName":"search_term_string"}}],"inLanguage":"cs"},{"@type":"Organization","@id":"https:\/\/evertonfc.cz\/#organization","name":"Official Czech & Slovak Everton Supporters' Club","url":"https:\/\/evertonfc.cz\/","logo":{"@type":"ImageObject","inLanguage":"cs","@id":"https:\/\/evertonfc.cz\/#\/schema\/logo\/image\/","url":"https:\/\/evertonfc.cz\/wp-content\/uploads\/2019\/05\/logo.png","contentUrl":"https:\/\/evertonfc.cz\/wp-content\/uploads\/2019\/05\/logo.png","width":112,"height":112,"caption":"Official Czech & Slovak Everton Supporters' Club"},"image":{"@id":"https:\/\/evertonfc.cz\/#\/schema\/logo\/image\/"},"sameAs":["https:\/\/www.facebook.com\/everton.fans.cz.sk"]},{"@type":"Person","@id":"https:\/\/evertonfc.cz\/#\/schema\/person\/f7a5daedb2ffee98480bc70e191aaef1","name":"Ri\u010di","sameAs":["https:\/\/x.com\/rbrejsa"],"url":"https:\/\/evertonfc.cz\/index.php\/author\/rici\/"}]}},"_links":{"self":[{"href":"https:\/\/evertonfc.cz\/index.php\/wp-json\/wp\/v2\/posts\/25984"}],"collection":[{"href":"https:\/\/evertonfc.cz\/index.php\/wp-json\/wp\/v2\/posts"}],"about":[{"href":"https:\/\/evertonfc.cz\/index.php\/wp-json\/wp\/v2\/types\/post"}],"author":[{"embeddable":true,"href":"https:\/\/evertonfc.cz\/index.php\/wp-json\/wp\/v2\/users\/6"}],"replies":[{"embeddable":true,"href":"https:\/\/evertonfc.cz\/index.php\/wp-json\/wp\/v2\/comments?post=25984"}],"version-history":[{"count":10,"href":"https:\/\/evertonfc.cz\/index.php\/wp-json\/wp\/v2\/posts\/25984\/revisions"}],"predecessor-version":[{"id":26012,"href":"https:\/\/evertonfc.cz\/index.php\/wp-json\/wp\/v2\/posts\/25984\/revisions\/26012"}],"wp:featuredmedia":[{"embeddable":true,"href":"https:\/\/evertonfc.cz\/index.php\/wp-json\/wp\/v2\/media\/25983"}],"wp:attachment":[{"href":"https:\/\/evertonfc.cz\/index.php\/wp-json\/wp\/v2\/media?parent=25984"}],"wp:term":[{"taxonomy":"category","embeddable":true,"href":"https:\/\/evertonfc.cz\/index.php\/wp-json\/wp\/v2\/categories?post=25984"},{"taxonomy":"post_tag","embeddable":true,"href":"https:\/\/evertonfc.cz\/index.php\/wp-json\/wp\/v2\/tags?post=25984"}],"curies":[{"name":"wp","href":"https:\/\/api.w.org\/{rel}","templated":true}]}}