{"id":26052,"date":"2025-01-13T17:45:05","date_gmt":"2025-01-13T16:45:05","guid":{"rendered":"https:\/\/evertonfc.cz\/?p=26052"},"modified":"2025-01-13T17:50:18","modified_gmt":"2025-01-13T16:50:18","slug":"myers-moshiri-chcel-pottera","status":"publish","type":"post","link":"https:\/\/evertonfc.cz\/index.php\/2025\/01\/13\/myers-moshiri-chcel-pottera\/","title":{"rendered":"Myers: Moshiri chcel Pottera"},"content":{"rendered":"<h4>Alan Myers vo svojom st\u013ap\u010deku pre Sky Sports o situ\u00e1cii v EFC prezradil, \u017ee keby bol Sean Dyche vyhoden\u00fd sk\u00f4r, e\u0161te za b\u00fdval\u00e9ho ir\u00e1nskeho majite\u013ea Farhada Moshiriho, nov\u00fdm tr\u00e9nerom by sa stal u\u017e tr\u00e9ner West Hamu Graham Potter.<\/h4>\n<blockquote><p><span style=\"font-size: 12pt;\">Niet poch\u00fdb o tom, \u017ee 61-ro\u010dn\u00fd \u0160k\u00f3t m\u00e1 Everton ve\u013emi bl\u00edzko k srdcu. Klub pre neho znamen\u00e1 ve\u013ea po tom, \u010do str\u00e1vil 11 rokov budovan\u00edm pevn\u00fdch z\u00e1kladov pred odchodom pod \u017eiariv\u00e9 svetl\u00e1 Manchestru United. <\/span><span style=\"font-size: 12pt;\">Je ir\u00f3niou, \u017ee to bolo pr\u00e1ve na Old Trafford, kde zaujal mu\u017ea, ktor\u00fd sa pribl\u00ed\u017eil k tomu, aby sa jeho n\u00e1vrat stal skuto\u010dnos\u0165ou ove\u013ea sk\u00f4r, ako tomu nakoniec bolo.<\/span><\/p>\n<p><span style=\"font-size: 12pt;\">Farhad Moshiri bol na Old Trafford na z\u00e1pase, ktor\u00fd sa zap\u00edsal do hist\u00f3rie ako rozhoduj\u00faci de\u0148 vo folkl\u00f3re Premier League. Everton vtedy vyrovnal trikr\u00e1t, \u010do mnoh\u00ed pova\u017eovali za d\u00f4vod, pre\u010do United v tom roku nez\u00edskali titul. <\/span><span style=\"font-size: 12pt;\">O \u0161tyri roky nesk\u00f4r sa stal majite\u013eom klubu. Moshiri to vtedy sledoval z trib\u00fany, bol ohromen\u00fd energiou a v\u00e1\u0161\u0148ou, ktor\u00e1 prich\u00e1dzala od Moyesa pri postrannej \u010diare. Bol ohromen\u00fd jeho bojovnos\u0165ou a odhodlan\u00edm napriek tlaku, ktor\u00e9mu bol jeho t\u00edm vystaven\u00fd.<\/span><\/p>\n<p><span style=\"font-size: 12pt;\">A o \u0161es\u0165 rokov vpred, Roberto Martinez bol vyhoden\u00fd, a pred Moshirim a predsedom Kenwrightom bolo na v\u00fdber: Ronald Koeman alebo David Moyes. <\/span><span style=\"font-size: 12pt;\">Pokia\u013e viem, tak Moshiri chcel vymenova\u0165 tr\u00e9nera, ktor\u00fd na\u0148ho pred rokmi tak zap\u00f4sobil. Kenwright bol nerv\u00f3zny, preto\u017ee do\u0161lo k ur\u010dit\u00e9mu odporu fan\u00fa\u0161ikov. C\u00edtil, \u017ee tlak by bol pr\u00edli\u0161 ve\u013ek\u00fd a napriek tomu, \u017ee sa zhodli na Moyesovi, Kenwright s Moshirim sa na posledn\u00fa chv\u00ed\u013eu rozhodli \u00eds\u0165 za Koemanom.<\/span><\/p>\n<p><span style=\"font-size: 12pt;\">O nieko\u013eko rokov a mana\u017e\u00e9rov nesk\u00f4r Everton op\u00e4\u0165 zistil, \u017ee h\u013ead\u00e1 in\u00e9ho mu\u017ea, ktor\u00fd by posunul klub vpred. A to napriek tomu, \u017ee sa minulo ve\u013ea mili\u00f3nov a na ihrisku boli st\u00e1le slab\u00e9 v\u00fdsledky. Marco Silva, predt\u00fdm popul\u00e1rna vo\u013eba, utrpel s\u00e9riu zl\u00fdch v\u00fdsledkov a do\u0161lo k zmene. A Moyes bol op\u00e4\u0165 vybran\u00fd, aby prevzal vedenie. <\/span><span style=\"font-size: 12pt;\">Odletel do Nemecka, aby sa stretol s Moshirim.<\/span><\/p>\n<p><span style=\"font-size: 12pt;\">V\u0161etko bolo dohodnut\u00e9 a\u017e nato\u013eko, \u017ee po ich n\u00e1vrate na letisko Kenwright potriasol Moyesovi rukou a povedal: \u201e<em>Vitaj sp\u00e4\u0165 v Evertone.<\/em>\u201c Ale v priebehu 24 hod\u00edn Carlo Ancelotti opustil Neapol, a Moshirimu zavolal agent, \u017ee Talian by mal z\u00e1ujem pripoji\u0165 sa k\u00a0Evertonu.<\/span><\/p>\n<p><span style=\"font-size: 12pt;\">To sp\u00f4sobilo, \u017ee Moshiri aj Kenwright zmenili n\u00e1zor. Ako mohli odmietnu\u0165 Ancelottiho? Bolo to prinajmen\u0161om nepr\u00edjemn\u00e9, ale padlo rozhodnutie \u00eds\u0165 s n\u00edm. Moyes aj vtedy urobil dojem, uk\u00e1zal, \u017ee t\u00fa pr\u00e1cu naozaj chce. Ranila ho t\u00e1 n\u00e1hla zmena rozhodnutia. Pam\u00e4t\u00e1m si v\u00fdraz v jeho o\u010diach, ke\u010f sme sa pred nieko\u013ek\u00fdmi rokmi rozpr\u00e1vali v podcaste. Vyzeral ako mu\u017e, ktor\u00fd bol ve\u013emi sklaman\u00fd.<\/span><\/p>\n<p><span style=\"font-size: 12pt;\">Ke\u010f znovu presko\u010d\u00edme \u010fal\u0161\u00edch troch permanentn\u00fdch mana\u017e\u00e9rov Evertonu \u2013 dostaneme sa do s\u00fa\u010dasnosti. Sean Dyche bol zbaven\u00fd svojich povinnost\u00ed, preto\u017ee slab\u00fd priebeh v\u00fdsledkov v tejto sez\u00f3ne u\u017e nov\u00ed majitelia pr\u00edli\u0161 nepobrali a museli kona\u0165.<\/span><\/p>\n<p><span style=\"font-size: 12pt;\">Mnoh\u00ed c\u00edtili, \u017ee t\u00fdm mu\u017eom bude Graham Potter. <\/span><span style=\"font-size: 12pt;\">On bol vo\u013ebou Moshiriho, ak by pred prevzat\u00edm klubu mal zmeni\u0165 mana\u017e\u00e9ra. To sa nestalo, a Moyes bol niekto, koho prich\u00e1dzaj\u00faci majitelia z dia\u013eky sledovali. Nechceli urobi\u0165 zmenu vo funkcii tak r\u00fdchlo. D\u00fafali, \u017ee sa dostan\u00fa do konca sez\u00f3ny a bud\u00fa ma\u0165 nejak\u00fd \u010das na \u00fapln\u00e9 zhodnotenie smeru, ktor\u00fdm sa chc\u00fa ubera\u0165.<\/span><\/p>\n<p><span style=\"font-size: 12pt;\">Po z\u00e1pase v Bournemouthe sa ale uk\u00e1zalo, \u017ee to nebude mo\u017en\u00e9 a je potrebn\u00e1 zmena. Moyes bol ich prvou vo\u013ebou. Zmena mana\u017e\u00e9ra v polovici sez\u00f3ny, a ke\u010f v\u00e1\u0161 t\u00edm bojuje o zostup, prin\u00e1\u0161a obrovsk\u00e9 riziko a ka\u017ed\u00e9 vymenovanie sa muselo uskuto\u010dni\u0165 s \u010do najmen\u0161\u00edm mo\u017en\u00fdm rizikom. Moyes presne to predstavuje.<\/span><\/p><\/blockquote>\n<p style=\"text-align: right;\"><span style=\"font-size: 8pt;\">(fotozdroj: Mike Egerton\/PA)<\/span><\/p>\n","protected":false},"excerpt":{"rendered":"<p>Alan Myers vo svojom st\u013ap\u010deku pre Sky Sports o situ\u00e1cii v EFC prezradil, \u017ee keby bol Sean Dyche vyhoden\u00fd sk\u00f4r, e\u0161te za b\u00fdval\u00e9ho ir\u00e1nskeho majite\u013ea Farhada Moshiriho, nov\u00fdm tr\u00e9nerom by sa stal u\u017e tr\u00e9ner West Hamu Graham Potter.<\/p>\n","protected":false},"author":1,"featured_media":26053,"comment_status":"open","ping_status":"closed","sticky":false,"template":"","format":"standard","meta":{"_eb_attr":"","_monsterinsights_skip_tracking":false,"_monsterinsights_sitenote_active":false,"_monsterinsights_sitenote_note":"","_monsterinsights_sitenote_category":0,"footnotes":""},"categories":[39],"tags":[],"yoast_head":"<!-- This site is optimized with the Yoast SEO plugin v23.4 - https:\/\/yoast.com\/wordpress\/plugins\/seo\/ -->\n<title>Myers: Moshiri chcel Pottera - Official Czech &amp; Slovak Everton Supporters&#039; Club<\/title>\n<meta name=\"robots\" content=\"index, follow, max-snippet:-1, max-image-preview:large, max-video-preview:-1\" \/>\n<link rel=\"canonical\" href=\"https:\/\/evertonfc.cz\/index.php\/2025\/01\/13\/myers-moshiri-chcel-pottera\/\" \/>\n<meta property=\"og:locale\" content=\"cs_CZ\" \/>\n<meta property=\"og:type\" content=\"article\" \/>\n<meta property=\"og:title\" content=\"Myers: Moshiri chcel Pottera - Official Czech &amp; Slovak Everton Supporters&#039; Club\" \/>\n<meta property=\"og:description\" content=\"Alan Myers vo svojom st\u013ap\u010deku pre Sky Sports o situ\u00e1cii v EFC prezradil, \u017ee keby bol Sean Dyche vyhoden\u00fd sk\u00f4r, e\u0161te za b\u00fdval\u00e9ho ir\u00e1nskeho majite\u013ea Farhada Moshiriho, nov\u00fdm tr\u00e9nerom by sa stal u\u017e tr\u00e9ner West Hamu Graham Potter.\" \/>\n<meta property=\"og:url\" content=\"https:\/\/evertonfc.cz\/index.php\/2025\/01\/13\/myers-moshiri-chcel-pottera\/\" \/>\n<meta property=\"og:site_name\" content=\"Official Czech &amp; Slovak Everton Supporters&#039; Club\" \/>\n<meta property=\"article:publisher\" content=\"https:\/\/www.facebook.com\/everton.fans.cz.sk\" \/>\n<meta property=\"article:published_time\" content=\"2025-01-13T16:45:05+00:00\" \/>\n<meta property=\"article:modified_time\" content=\"2025-01-13T16:50:18+00:00\" \/>\n<meta property=\"og:image\" content=\"https:\/\/evertonfc.cz\/wp-content\/uploads\/2025\/01\/Potter-Moyes-by-Mike-Egerton-PA-13-1-2025.jpg\" \/>\n\t<meta property=\"og:image:width\" content=\"720\" \/>\n\t<meta property=\"og:image:height\" content=\"405\" \/>\n\t<meta property=\"og:image:type\" content=\"image\/jpeg\" \/>\n<meta name=\"author\" content=\"BlueBlooded\" \/>\n<meta name=\"twitter:card\" content=\"summary_large_image\" \/>\n<meta name=\"twitter:label1\" content=\"Napsal(a)\" \/>\n\t<meta name=\"twitter:data1\" content=\"BlueBlooded\" \/>\n\t<meta name=\"twitter:label2\" content=\"Odhadovan\u00e1 doba \u010dten\u00ed\" \/>\n\t<meta name=\"twitter:data2\" content=\"1 minuta\" \/>\n<script type=\"application\/ld+json\" class=\"yoast-schema-graph\">{\"@context\":\"https:\/\/schema.org\",\"@graph\":[{\"@type\":\"Article\",\"@id\":\"https:\/\/evertonfc.cz\/index.php\/2025\/01\/13\/myers-moshiri-chcel-pottera\/#article\",\"isPartOf\":{\"@id\":\"https:\/\/evertonfc.cz\/index.php\/2025\/01\/13\/myers-moshiri-chcel-pottera\/\"},\"author\":{\"name\":\"BlueBlooded\",\"@id\":\"https:\/\/evertonfc.cz\/#\/schema\/person\/d4493b8cbea51532597fbc4685698916\"},\"headline\":\"Myers: Moshiri chcel Pottera\",\"datePublished\":\"2025-01-13T16:45:05+00:00\",\"dateModified\":\"2025-01-13T16:50:18+00:00\",\"mainEntityOfPage\":{\"@id\":\"https:\/\/evertonfc.cz\/index.php\/2025\/01\/13\/myers-moshiri-chcel-pottera\/\"},\"wordCount\":700,\"commentCount\":7,\"publisher\":{\"@id\":\"https:\/\/evertonfc.cz\/#organization\"},\"image\":{\"@id\":\"https:\/\/evertonfc.cz\/index.php\/2025\/01\/13\/myers-moshiri-chcel-pottera\/#primaryimage\"},\"thumbnailUrl\":\"https:\/\/evertonfc.cz\/wp-content\/uploads\/2025\/01\/Potter-Moyes-by-Mike-Egerton-PA-13-1-2025.jpg\",\"articleSection\":[\"Blog\"],\"inLanguage\":\"cs\",\"potentialAction\":[{\"@type\":\"CommentAction\",\"name\":\"Comment\",\"target\":[\"https:\/\/evertonfc.cz\/index.php\/2025\/01\/13\/myers-moshiri-chcel-pottera\/#respond\"]}]},{\"@type\":\"WebPage\",\"@id\":\"https:\/\/evertonfc.cz\/index.php\/2025\/01\/13\/myers-moshiri-chcel-pottera\/\",\"url\":\"https:\/\/evertonfc.cz\/index.php\/2025\/01\/13\/myers-moshiri-chcel-pottera\/\",\"name\":\"Myers: Moshiri chcel Pottera - Official Czech &amp; Slovak Everton Supporters&#039; Club\",\"isPartOf\":{\"@id\":\"https:\/\/evertonfc.cz\/#website\"},\"primaryImageOfPage\":{\"@id\":\"https:\/\/evertonfc.cz\/index.php\/2025\/01\/13\/myers-moshiri-chcel-pottera\/#primaryimage\"},\"image\":{\"@id\":\"https:\/\/evertonfc.cz\/index.php\/2025\/01\/13\/myers-moshiri-chcel-pottera\/#primaryimage\"},\"thumbnailUrl\":\"https:\/\/evertonfc.cz\/wp-content\/uploads\/2025\/01\/Potter-Moyes-by-Mike-Egerton-PA-13-1-2025.jpg\",\"datePublished\":\"2025-01-13T16:45:05+00:00\",\"dateModified\":\"2025-01-13T16:50:18+00:00\",\"breadcrumb\":{\"@id\":\"https:\/\/evertonfc.cz\/index.php\/2025\/01\/13\/myers-moshiri-chcel-pottera\/#breadcrumb\"},\"inLanguage\":\"cs\",\"potentialAction\":[{\"@type\":\"ReadAction\",\"target\":[\"https:\/\/evertonfc.cz\/index.php\/2025\/01\/13\/myers-moshiri-chcel-pottera\/\"]}]},{\"@type\":\"ImageObject\",\"inLanguage\":\"cs\",\"@id\":\"https:\/\/evertonfc.cz\/index.php\/2025\/01\/13\/myers-moshiri-chcel-pottera\/#primaryimage\",\"url\":\"https:\/\/evertonfc.cz\/wp-content\/uploads\/2025\/01\/Potter-Moyes-by-Mike-Egerton-PA-13-1-2025.jpg\",\"contentUrl\":\"https:\/\/evertonfc.cz\/wp-content\/uploads\/2025\/01\/Potter-Moyes-by-Mike-Egerton-PA-13-1-2025.jpg\",\"width\":720,\"height\":405},{\"@type\":\"BreadcrumbList\",\"@id\":\"https:\/\/evertonfc.cz\/index.php\/2025\/01\/13\/myers-moshiri-chcel-pottera\/#breadcrumb\",\"itemListElement\":[{\"@type\":\"ListItem\",\"position\":1,\"name\":\"Home\",\"item\":\"https:\/\/evertonfc.cz\/\"},{\"@type\":\"ListItem\",\"position\":2,\"name\":\"Myers: Moshiri chcel Pottera\"}]},{\"@type\":\"WebSite\",\"@id\":\"https:\/\/evertonfc.cz\/#website\",\"url\":\"https:\/\/evertonfc.cz\/\",\"name\":\"Official Czech &amp; Slovak Everton Supporters&#039; Club\",\"description\":\"\",\"publisher\":{\"@id\":\"https:\/\/evertonfc.cz\/#organization\"},\"potentialAction\":[{\"@type\":\"SearchAction\",\"target\":{\"@type\":\"EntryPoint\",\"urlTemplate\":\"https:\/\/evertonfc.cz\/?s={search_term_string}\"},\"query-input\":{\"@type\":\"PropertyValueSpecification\",\"valueRequired\":true,\"valueName\":\"search_term_string\"}}],\"inLanguage\":\"cs\"},{\"@type\":\"Organization\",\"@id\":\"https:\/\/evertonfc.cz\/#organization\",\"name\":\"Official Czech & Slovak Everton Supporters' Club\",\"url\":\"https:\/\/evertonfc.cz\/\",\"logo\":{\"@type\":\"ImageObject\",\"inLanguage\":\"cs\",\"@id\":\"https:\/\/evertonfc.cz\/#\/schema\/logo\/image\/\",\"url\":\"https:\/\/evertonfc.cz\/wp-content\/uploads\/2019\/05\/logo.png\",\"contentUrl\":\"https:\/\/evertonfc.cz\/wp-content\/uploads\/2019\/05\/logo.png\",\"width\":112,\"height\":112,\"caption\":\"Official Czech & Slovak Everton Supporters' Club\"},\"image\":{\"@id\":\"https:\/\/evertonfc.cz\/#\/schema\/logo\/image\/\"},\"sameAs\":[\"https:\/\/www.facebook.com\/everton.fans.cz.sk\"]},{\"@type\":\"Person\",\"@id\":\"https:\/\/evertonfc.cz\/#\/schema\/person\/d4493b8cbea51532597fbc4685698916\",\"name\":\"BlueBlooded\",\"url\":\"https:\/\/evertonfc.cz\/index.php\/author\/admin\/\"}]}<\/script>\n<!-- \/ Yoast SEO plugin. -->","yoast_head_json":{"title":"Myers: Moshiri chcel Pottera - Official Czech &amp; Slovak Everton Supporters&#039; Club","robots":{"index":"index","follow":"follow","max-snippet":"max-snippet:-1","max-image-preview":"max-image-preview:large","max-video-preview":"max-video-preview:-1"},"canonical":"https:\/\/evertonfc.cz\/index.php\/2025\/01\/13\/myers-moshiri-chcel-pottera\/","og_locale":"cs_CZ","og_type":"article","og_title":"Myers: Moshiri chcel Pottera - Official Czech &amp; Slovak Everton Supporters&#039; Club","og_description":"Alan Myers vo svojom st\u013ap\u010deku pre Sky Sports o situ\u00e1cii v EFC prezradil, \u017ee keby bol Sean Dyche vyhoden\u00fd sk\u00f4r, e\u0161te za b\u00fdval\u00e9ho ir\u00e1nskeho majite\u013ea Farhada Moshiriho, nov\u00fdm tr\u00e9nerom by sa stal u\u017e tr\u00e9ner West Hamu Graham Potter.","og_url":"https:\/\/evertonfc.cz\/index.php\/2025\/01\/13\/myers-moshiri-chcel-pottera\/","og_site_name":"Official Czech &amp; Slovak Everton Supporters&#039; Club","article_publisher":"https:\/\/www.facebook.com\/everton.fans.cz.sk","article_published_time":"2025-01-13T16:45:05+00:00","article_modified_time":"2025-01-13T16:50:18+00:00","og_image":[{"width":720,"height":405,"url":"https:\/\/evertonfc.cz\/wp-content\/uploads\/2025\/01\/Potter-Moyes-by-Mike-Egerton-PA-13-1-2025.jpg","type":"image\/jpeg"}],"author":"BlueBlooded","twitter_card":"summary_large_image","twitter_misc":{"Napsal(a)":"BlueBlooded","Odhadovan\u00e1 doba \u010dten\u00ed":"1 minuta"},"schema":{"@context":"https:\/\/schema.org","@graph":[{"@type":"Article","@id":"https:\/\/evertonfc.cz\/index.php\/2025\/01\/13\/myers-moshiri-chcel-pottera\/#article","isPartOf":{"@id":"https:\/\/evertonfc.cz\/index.php\/2025\/01\/13\/myers-moshiri-chcel-pottera\/"},"author":{"name":"BlueBlooded","@id":"https:\/\/evertonfc.cz\/#\/schema\/person\/d4493b8cbea51532597fbc4685698916"},"headline":"Myers: Moshiri chcel Pottera","datePublished":"2025-01-13T16:45:05+00:00","dateModified":"2025-01-13T16:50:18+00:00","mainEntityOfPage":{"@id":"https:\/\/evertonfc.cz\/index.php\/2025\/01\/13\/myers-moshiri-chcel-pottera\/"},"wordCount":700,"commentCount":7,"publisher":{"@id":"https:\/\/evertonfc.cz\/#organization"},"image":{"@id":"https:\/\/evertonfc.cz\/index.php\/2025\/01\/13\/myers-moshiri-chcel-pottera\/#primaryimage"},"thumbnailUrl":"https:\/\/evertonfc.cz\/wp-content\/uploads\/2025\/01\/Potter-Moyes-by-Mike-Egerton-PA-13-1-2025.jpg","articleSection":["Blog"],"inLanguage":"cs","potentialAction":[{"@type":"CommentAction","name":"Comment","target":["https:\/\/evertonfc.cz\/index.php\/2025\/01\/13\/myers-moshiri-chcel-pottera\/#respond"]}]},{"@type":"WebPage","@id":"https:\/\/evertonfc.cz\/index.php\/2025\/01\/13\/myers-moshiri-chcel-pottera\/","url":"https:\/\/evertonfc.cz\/index.php\/2025\/01\/13\/myers-moshiri-chcel-pottera\/","name":"Myers: Moshiri chcel Pottera - Official Czech &amp; Slovak Everton Supporters&#039; Club","isPartOf":{"@id":"https:\/\/evertonfc.cz\/#website"},"primaryImageOfPage":{"@id":"https:\/\/evertonfc.cz\/index.php\/2025\/01\/13\/myers-moshiri-chcel-pottera\/#primaryimage"},"image":{"@id":"https:\/\/evertonfc.cz\/index.php\/2025\/01\/13\/myers-moshiri-chcel-pottera\/#primaryimage"},"thumbnailUrl":"https:\/\/evertonfc.cz\/wp-content\/uploads\/2025\/01\/Potter-Moyes-by-Mike-Egerton-PA-13-1-2025.jpg","datePublished":"2025-01-13T16:45:05+00:00","dateModified":"2025-01-13T16:50:18+00:00","breadcrumb":{"@id":"https:\/\/evertonfc.cz\/index.php\/2025\/01\/13\/myers-moshiri-chcel-pottera\/#breadcrumb"},"inLanguage":"cs","potentialAction":[{"@type":"ReadAction","target":["https:\/\/evertonfc.cz\/index.php\/2025\/01\/13\/myers-moshiri-chcel-pottera\/"]}]},{"@type":"ImageObject","inLanguage":"cs","@id":"https:\/\/evertonfc.cz\/index.php\/2025\/01\/13\/myers-moshiri-chcel-pottera\/#primaryimage","url":"https:\/\/evertonfc.cz\/wp-content\/uploads\/2025\/01\/Potter-Moyes-by-Mike-Egerton-PA-13-1-2025.jpg","contentUrl":"https:\/\/evertonfc.cz\/wp-content\/uploads\/2025\/01\/Potter-Moyes-by-Mike-Egerton-PA-13-1-2025.jpg","width":720,"height":405},{"@type":"BreadcrumbList","@id":"https:\/\/evertonfc.cz\/index.php\/2025\/01\/13\/myers-moshiri-chcel-pottera\/#breadcrumb","itemListElement":[{"@type":"ListItem","position":1,"name":"Home","item":"https:\/\/evertonfc.cz\/"},{"@type":"ListItem","position":2,"name":"Myers: Moshiri chcel Pottera"}]},{"@type":"WebSite","@id":"https:\/\/evertonfc.cz\/#website","url":"https:\/\/evertonfc.cz\/","name":"Official Czech &amp; Slovak Everton Supporters&#039; Club","description":"","publisher":{"@id":"https:\/\/evertonfc.cz\/#organization"},"potentialAction":[{"@type":"SearchAction","target":{"@type":"EntryPoint","urlTemplate":"https:\/\/evertonfc.cz\/?s={search_term_string}"},"query-input":{"@type":"PropertyValueSpecification","valueRequired":true,"valueName":"search_term_string"}}],"inLanguage":"cs"},{"@type":"Organization","@id":"https:\/\/evertonfc.cz\/#organization","name":"Official Czech & Slovak Everton Supporters' Club","url":"https:\/\/evertonfc.cz\/","logo":{"@type":"ImageObject","inLanguage":"cs","@id":"https:\/\/evertonfc.cz\/#\/schema\/logo\/image\/","url":"https:\/\/evertonfc.cz\/wp-content\/uploads\/2019\/05\/logo.png","contentUrl":"https:\/\/evertonfc.cz\/wp-content\/uploads\/2019\/05\/logo.png","width":112,"height":112,"caption":"Official Czech & Slovak Everton Supporters' Club"},"image":{"@id":"https:\/\/evertonfc.cz\/#\/schema\/logo\/image\/"},"sameAs":["https:\/\/www.facebook.com\/everton.fans.cz.sk"]},{"@type":"Person","@id":"https:\/\/evertonfc.cz\/#\/schema\/person\/d4493b8cbea51532597fbc4685698916","name":"BlueBlooded","url":"https:\/\/evertonfc.cz\/index.php\/author\/admin\/"}]}},"_links":{"self":[{"href":"https:\/\/evertonfc.cz\/index.php\/wp-json\/wp\/v2\/posts\/26052"}],"collection":[{"href":"https:\/\/evertonfc.cz\/index.php\/wp-json\/wp\/v2\/posts"}],"about":[{"href":"https:\/\/evertonfc.cz\/index.php\/wp-json\/wp\/v2\/types\/post"}],"author":[{"embeddable":true,"href":"https:\/\/evertonfc.cz\/index.php\/wp-json\/wp\/v2\/users\/1"}],"replies":[{"embeddable":true,"href":"https:\/\/evertonfc.cz\/index.php\/wp-json\/wp\/v2\/comments?post=26052"}],"version-history":[{"count":7,"href":"https:\/\/evertonfc.cz\/index.php\/wp-json\/wp\/v2\/posts\/26052\/revisions"}],"predecessor-version":[{"id":26060,"href":"https:\/\/evertonfc.cz\/index.php\/wp-json\/wp\/v2\/posts\/26052\/revisions\/26060"}],"wp:featuredmedia":[{"embeddable":true,"href":"https:\/\/evertonfc.cz\/index.php\/wp-json\/wp\/v2\/media\/26053"}],"wp:attachment":[{"href":"https:\/\/evertonfc.cz\/index.php\/wp-json\/wp\/v2\/media?parent=26052"}],"wp:term":[{"taxonomy":"category","embeddable":true,"href":"https:\/\/evertonfc.cz\/index.php\/wp-json\/wp\/v2\/categories?post=26052"},{"taxonomy":"post_tag","embeddable":true,"href":"https:\/\/evertonfc.cz\/index.php\/wp-json\/wp\/v2\/tags?post=26052"}],"curies":[{"name":"wp","href":"https:\/\/api.w.org\/{rel}","templated":true}]}}