{"id":26082,"date":"2025-01-15T14:06:29","date_gmt":"2025-01-15T13:06:29","guid":{"rendered":"https:\/\/evertonfc.cz\/?p=26082"},"modified":"2025-01-15T14:09:23","modified_gmt":"2025-01-15T13:09:23","slug":"preview-everton-aston-villa-12","status":"publish","type":"post","link":"https:\/\/evertonfc.cz\/index.php\/2025\/01\/15\/preview-everton-aston-villa-12\/","title":{"rendered":"Preview: Everton &#8211; Aston Villa"},"content":{"rendered":"<h4>Je statisticky dolo\u017eeno, \u017ee prvn\u00ed utk\u00e1n\u00ed s nov\u00fdm tren\u00e9rem t\u00fdm neprohr\u00e1v\u00e1. Dnes ve\u010der se dov\u00edme, zda to plat\u00ed i u obnoven\u00e9 premi\u00e9ry toho staronov\u00e9ho.<\/h4>\n<p>David Moyes u\u017e p\u0159edstavil sv\u00e9 nov\u00e9 asistenty. Jde o trojici, kter\u00e1 nep\u0159ekvap\u00ed. Klubov\u00e1 legenda Leighton Baines p\u0159ich\u00e1z\u00ed z pozice tren\u00e9ra t\u00fdmu do 18 let. Druh\u00fdm asistentem je Alan Irvine, b\u00fdval\u00e9 k\u0159\u00eddlo Evertonu a dlouholet\u00e1 prav\u00e1 ruka Moyese. T\u00edm t\u0159et\u00edm je Billy McKinlay, kter\u00fd si tuto pozici vyzkou\u0161el pod zrzav\u00fdm Skotem u\u017e ve West Hamu. Sou\u010dasn\u011b se hled\u00e1 tren\u00e9r standardn\u00edch situac\u00ed (<em>pro\u010d ne Baines? &#8211; pozn. autora)<\/em>?<\/p>\n<p>Minim\u00e1ln\u011b na lavi\u010dce by m\u011bl b\u00fdt \u010dtvrte\u010dn\u00ed Baines\u016fv asistent Coleman. Dal\u0161\u00ed dobrou zpr\u00e1vou je, \u017ee Garner u\u017e s t\u00fdmem za\u010dal tr\u00e9novat, nab\u00edz\u00ed se, \u017ee nejpozd\u011bji p\u0159\u00ed\u0161t\u00ed t\u00fdden proti Brightonu bude minim\u00e1ln\u011b na lavi\u010dce. T\u0159eba se tak stane u\u017e v ned\u011bli proti Tottenhamu. Uzdraven\u00fd Calvert-Lewin se bude hodit, proto\u017ee Broja hned tak nenastoup\u00ed a Chermitiho nepust\u00ed do z\u00e1pasu zran\u011bn\u00e9 koleno. Dlouhodob\u00fdm absent\u00e9rem z\u016fst\u00e1v\u00e1 Ireogbunam.<\/p>\n<p>Aston Villa u\u017e nep\u016fsob\u00ed jako \u0161tika ligy, kterou nepochybn\u011b v minul\u00e9 sez\u00f3n\u011b byla, by\u0165 sou\u010dasn\u00e1 osm\u00e1 pozice nen\u00ed tragick\u00e1. Da\u0159\u00ed se ale v Lize mistr\u016f, po odehr\u00e1n\u00ed \u0161esti z\u00e1pas\u016f (a t\u0159eba v\u00fdh\u0159e nad Bayernem) jsou p\u00e1t\u00ed, \u010dili by se jich prvn\u00ed jarn\u00ed kolo v\u016fbec net\u00fdkalo. Po v\u00edkendov\u00e9 v\u00fdh\u0159e nad West Hamem jsou ve \u010dtvrt\u00e9m kole Anglick\u00e9ho poh\u00e1ru. Aktu\u00e1ln\u00ed novinkou je p\u0159estup holandsk\u00e9ho k\u0159\u00eddeln\u00edka Donyella Malena z Dortmundu. Oproti minul\u00e9 sez\u00f3n\u011b, kterou g\u00f3lov\u011b t\u00e1hl Watkins, se da\u0159\u00ed Kolumbijci Duranovi.<\/p>\n<p>Ten se vrac\u00ed po t\u0159\u00edz\u00e1pasov\u00e9m trestu, kter\u00fd m\u011bl kv\u016fli vylou\u010den\u00ed v Newcastlu. K dispozici bude i brank\u00e1\u0159 Emiliano Mart\u00ednez. Naopak chyb\u011bt budou Diego Carlos, John McGinn a Pau Torres. Posledn\u00ed mo\u017en\u00e9 ligov\u00e9 utk\u00e1n\u00ed nej\u010dast\u011bj\u0161\u00edho z\u00e1pasu v Anglii nestihne ani Ross Barkley.<\/p>\n<p><strong>Co:\u00a0<\/strong>Everton FC &#8211; Aston Villa FC, 21. kolo Premier League<br \/>\n<strong>Kdy: <\/strong>15. 1. 2024 od 20:30<br \/>\n<strong>Kde:\u00a0<\/strong>Goodison Park &#8211; Goodison Road, Liverpool L4 4EL (kapacita: 39 414)<br \/>\n<strong>TV:\u00a0<\/strong>P\u0159\u00edm\u00fd p\u0159enos na stanici Canal+ Action, komentuje Marek Sk\u00e1\u010dik<br \/>\n<strong>Rozhod\u010d\u00ed:\u00a0<\/strong>Sam Barrott &#8211; Lee Betts, Wade Smith\u00a0<strong>\u010ctvrt\u00fd rozhod\u010d\u00ed:\u00a0<\/strong>Anthony Backhouse<br \/>\n<strong>Videorozhod\u010d\u00ed:\u00a0<\/strong>Paul Tierney<strong> Asistent videorozhod\u010d\u00edho: <\/strong>Scott Ledger<\/p>\n","protected":false},"excerpt":{"rendered":"<p>Je statisticky dolo\u017eeno, \u017ee prvn\u00ed utk\u00e1n\u00ed s nov\u00fdm tren\u00e9rem t\u00fdm neprohr\u00e1v\u00e1. Dnes ve\u010der se dov\u00edme, zda to plat\u00ed i u obnoven\u00e9 premi\u00e9ry toho staronov\u00e9ho.<\/p>\n","protected":false},"author":12,"featured_media":15183,"comment_status":"open","ping_status":"closed","sticky":false,"template":"","format":"standard","meta":{"_eb_attr":"","_monsterinsights_skip_tracking":false,"_monsterinsights_sitenote_active":false,"_monsterinsights_sitenote_note":"","_monsterinsights_sitenote_category":0,"footnotes":""},"categories":[4],"tags":[],"yoast_head":"<!-- This site is optimized with the Yoast SEO plugin v23.4 - https:\/\/yoast.com\/wordpress\/plugins\/seo\/ -->\n<title>Preview: Everton - Aston Villa - Official Czech &amp; Slovak Everton Supporters&#039; Club<\/title>\n<meta name=\"description\" content=\"Je statisticky dolo\u017eeno, \u017ee prvn\u00ed utk\u00e1n\u00ed s nov\u00fdm tren\u00e9rem t\u00fdm neprohr\u00e1v\u00e1. Dnes ve\u010der se dov\u00edme, zda to plat\u00ed i u obnoven\u00e9 premi\u00e9ry toho staronov\u00e9ho.\" \/>\n<meta name=\"robots\" content=\"index, follow, max-snippet:-1, max-image-preview:large, max-video-preview:-1\" \/>\n<link rel=\"canonical\" href=\"https:\/\/evertonfc.cz\/index.php\/2025\/01\/15\/preview-everton-aston-villa-12\/\" \/>\n<meta property=\"og:locale\" content=\"cs_CZ\" \/>\n<meta property=\"og:type\" content=\"article\" \/>\n<meta property=\"og:title\" content=\"Preview: Everton - Aston Villa - Official Czech &amp; Slovak Everton Supporters&#039; Club\" \/>\n<meta property=\"og:description\" content=\"Je statisticky dolo\u017eeno, \u017ee prvn\u00ed utk\u00e1n\u00ed s nov\u00fdm tren\u00e9rem t\u00fdm neprohr\u00e1v\u00e1. Dnes ve\u010der se dov\u00edme, zda to plat\u00ed i u obnoven\u00e9 premi\u00e9ry toho staronov\u00e9ho.\" \/>\n<meta property=\"og:url\" content=\"https:\/\/evertonfc.cz\/index.php\/2025\/01\/15\/preview-everton-aston-villa-12\/\" \/>\n<meta property=\"og:site_name\" content=\"Official Czech &amp; Slovak Everton Supporters&#039; Club\" \/>\n<meta property=\"article:publisher\" content=\"https:\/\/www.facebook.com\/everton.fans.cz.sk\" \/>\n<meta property=\"article:published_time\" content=\"2025-01-15T13:06:29+00:00\" \/>\n<meta property=\"article:modified_time\" content=\"2025-01-15T13:09:23+00:00\" \/>\n<meta property=\"og:image\" content=\"https:\/\/evertonfc.cz\/wp-content\/uploads\/2021\/05\/Everton-VS-Aston-Villa.png\" \/>\n\t<meta property=\"og:image:width\" content=\"720\" \/>\n\t<meta property=\"og:image:height\" content=\"405\" \/>\n\t<meta property=\"og:image:type\" content=\"image\/png\" \/>\n<meta name=\"author\" content=\"Javor\" \/>\n<meta name=\"twitter:card\" content=\"summary_large_image\" \/>\n<meta name=\"twitter:creator\" content=\"@LoudinJan\" \/>\n<meta name=\"twitter:label1\" content=\"Napsal(a)\" \/>\n\t<meta name=\"twitter:data1\" content=\"Javor\" \/>\n\t<meta name=\"twitter:label2\" content=\"Odhadovan\u00e1 doba \u010dten\u00ed\" \/>\n\t<meta name=\"twitter:data2\" content=\"2 minuty\" \/>\n<script type=\"application\/ld+json\" class=\"yoast-schema-graph\">{\"@context\":\"https:\/\/schema.org\",\"@graph\":[{\"@type\":\"Article\",\"@id\":\"https:\/\/evertonfc.cz\/index.php\/2025\/01\/15\/preview-everton-aston-villa-12\/#article\",\"isPartOf\":{\"@id\":\"https:\/\/evertonfc.cz\/index.php\/2025\/01\/15\/preview-everton-aston-villa-12\/\"},\"author\":{\"name\":\"Javor\",\"@id\":\"https:\/\/evertonfc.cz\/#\/schema\/person\/b30daf6a5852f4811f8207a17ec1bf78\"},\"headline\":\"Preview: Everton &#8211; Aston Villa\",\"datePublished\":\"2025-01-15T13:06:29+00:00\",\"dateModified\":\"2025-01-15T13:09:23+00:00\",\"mainEntityOfPage\":{\"@id\":\"https:\/\/evertonfc.cz\/index.php\/2025\/01\/15\/preview-everton-aston-villa-12\/\"},\"wordCount\":422,\"commentCount\":4,\"publisher\":{\"@id\":\"https:\/\/evertonfc.cz\/#organization\"},\"image\":{\"@id\":\"https:\/\/evertonfc.cz\/index.php\/2025\/01\/15\/preview-everton-aston-villa-12\/#primaryimage\"},\"thumbnailUrl\":\"https:\/\/evertonfc.cz\/wp-content\/uploads\/2021\/05\/Everton-VS-Aston-Villa.png\",\"articleSection\":[\"Z\u00e1pasy\"],\"inLanguage\":\"cs\",\"potentialAction\":[{\"@type\":\"CommentAction\",\"name\":\"Comment\",\"target\":[\"https:\/\/evertonfc.cz\/index.php\/2025\/01\/15\/preview-everton-aston-villa-12\/#respond\"]}]},{\"@type\":\"WebPage\",\"@id\":\"https:\/\/evertonfc.cz\/index.php\/2025\/01\/15\/preview-everton-aston-villa-12\/\",\"url\":\"https:\/\/evertonfc.cz\/index.php\/2025\/01\/15\/preview-everton-aston-villa-12\/\",\"name\":\"Preview: Everton - Aston Villa - Official Czech &amp; Slovak Everton Supporters&#039; Club\",\"isPartOf\":{\"@id\":\"https:\/\/evertonfc.cz\/#website\"},\"primaryImageOfPage\":{\"@id\":\"https:\/\/evertonfc.cz\/index.php\/2025\/01\/15\/preview-everton-aston-villa-12\/#primaryimage\"},\"image\":{\"@id\":\"https:\/\/evertonfc.cz\/index.php\/2025\/01\/15\/preview-everton-aston-villa-12\/#primaryimage\"},\"thumbnailUrl\":\"https:\/\/evertonfc.cz\/wp-content\/uploads\/2021\/05\/Everton-VS-Aston-Villa.png\",\"datePublished\":\"2025-01-15T13:06:29+00:00\",\"dateModified\":\"2025-01-15T13:09:23+00:00\",\"description\":\"Je statisticky dolo\u017eeno, \u017ee prvn\u00ed utk\u00e1n\u00ed s nov\u00fdm tren\u00e9rem t\u00fdm neprohr\u00e1v\u00e1. Dnes ve\u010der se dov\u00edme, zda to plat\u00ed i u obnoven\u00e9 premi\u00e9ry toho staronov\u00e9ho.\",\"breadcrumb\":{\"@id\":\"https:\/\/evertonfc.cz\/index.php\/2025\/01\/15\/preview-everton-aston-villa-12\/#breadcrumb\"},\"inLanguage\":\"cs\",\"potentialAction\":[{\"@type\":\"ReadAction\",\"target\":[\"https:\/\/evertonfc.cz\/index.php\/2025\/01\/15\/preview-everton-aston-villa-12\/\"]}]},{\"@type\":\"ImageObject\",\"inLanguage\":\"cs\",\"@id\":\"https:\/\/evertonfc.cz\/index.php\/2025\/01\/15\/preview-everton-aston-villa-12\/#primaryimage\",\"url\":\"https:\/\/evertonfc.cz\/wp-content\/uploads\/2021\/05\/Everton-VS-Aston-Villa.png\",\"contentUrl\":\"https:\/\/evertonfc.cz\/wp-content\/uploads\/2021\/05\/Everton-VS-Aston-Villa.png\",\"width\":720,\"height\":405},{\"@type\":\"BreadcrumbList\",\"@id\":\"https:\/\/evertonfc.cz\/index.php\/2025\/01\/15\/preview-everton-aston-villa-12\/#breadcrumb\",\"itemListElement\":[{\"@type\":\"ListItem\",\"position\":1,\"name\":\"Home\",\"item\":\"https:\/\/evertonfc.cz\/\"},{\"@type\":\"ListItem\",\"position\":2,\"name\":\"Preview: Everton &#8211; Aston Villa\"}]},{\"@type\":\"WebSite\",\"@id\":\"https:\/\/evertonfc.cz\/#website\",\"url\":\"https:\/\/evertonfc.cz\/\",\"name\":\"Official Czech &amp; Slovak Everton Supporters&#039; Club\",\"description\":\"\",\"publisher\":{\"@id\":\"https:\/\/evertonfc.cz\/#organization\"},\"potentialAction\":[{\"@type\":\"SearchAction\",\"target\":{\"@type\":\"EntryPoint\",\"urlTemplate\":\"https:\/\/evertonfc.cz\/?s={search_term_string}\"},\"query-input\":{\"@type\":\"PropertyValueSpecification\",\"valueRequired\":true,\"valueName\":\"search_term_string\"}}],\"inLanguage\":\"cs\"},{\"@type\":\"Organization\",\"@id\":\"https:\/\/evertonfc.cz\/#organization\",\"name\":\"Official Czech & Slovak Everton Supporters' Club\",\"url\":\"https:\/\/evertonfc.cz\/\",\"logo\":{\"@type\":\"ImageObject\",\"inLanguage\":\"cs\",\"@id\":\"https:\/\/evertonfc.cz\/#\/schema\/logo\/image\/\",\"url\":\"https:\/\/evertonfc.cz\/wp-content\/uploads\/2019\/05\/logo.png\",\"contentUrl\":\"https:\/\/evertonfc.cz\/wp-content\/uploads\/2019\/05\/logo.png\",\"width\":112,\"height\":112,\"caption\":\"Official Czech & Slovak Everton Supporters' Club\"},\"image\":{\"@id\":\"https:\/\/evertonfc.cz\/#\/schema\/logo\/image\/\"},\"sameAs\":[\"https:\/\/www.facebook.com\/everton.fans.cz.sk\"]},{\"@type\":\"Person\",\"@id\":\"https:\/\/evertonfc.cz\/#\/schema\/person\/b30daf6a5852f4811f8207a17ec1bf78\",\"name\":\"Javor\",\"sameAs\":[\"https:\/\/x.com\/LoudinJan\"],\"url\":\"https:\/\/evertonfc.cz\/index.php\/author\/javor\/\"}]}<\/script>\n<!-- \/ Yoast SEO plugin. -->","yoast_head_json":{"title":"Preview: Everton - Aston Villa - Official Czech &amp; Slovak Everton Supporters&#039; Club","description":"Je statisticky dolo\u017eeno, \u017ee prvn\u00ed utk\u00e1n\u00ed s nov\u00fdm tren\u00e9rem t\u00fdm neprohr\u00e1v\u00e1. Dnes ve\u010der se dov\u00edme, zda to plat\u00ed i u obnoven\u00e9 premi\u00e9ry toho staronov\u00e9ho.","robots":{"index":"index","follow":"follow","max-snippet":"max-snippet:-1","max-image-preview":"max-image-preview:large","max-video-preview":"max-video-preview:-1"},"canonical":"https:\/\/evertonfc.cz\/index.php\/2025\/01\/15\/preview-everton-aston-villa-12\/","og_locale":"cs_CZ","og_type":"article","og_title":"Preview: Everton - Aston Villa - Official Czech &amp; Slovak Everton Supporters&#039; Club","og_description":"Je statisticky dolo\u017eeno, \u017ee prvn\u00ed utk\u00e1n\u00ed s nov\u00fdm tren\u00e9rem t\u00fdm neprohr\u00e1v\u00e1. Dnes ve\u010der se dov\u00edme, zda to plat\u00ed i u obnoven\u00e9 premi\u00e9ry toho staronov\u00e9ho.","og_url":"https:\/\/evertonfc.cz\/index.php\/2025\/01\/15\/preview-everton-aston-villa-12\/","og_site_name":"Official Czech &amp; Slovak Everton Supporters&#039; Club","article_publisher":"https:\/\/www.facebook.com\/everton.fans.cz.sk","article_published_time":"2025-01-15T13:06:29+00:00","article_modified_time":"2025-01-15T13:09:23+00:00","og_image":[{"width":720,"height":405,"url":"https:\/\/evertonfc.cz\/wp-content\/uploads\/2021\/05\/Everton-VS-Aston-Villa.png","type":"image\/png"}],"author":"Javor","twitter_card":"summary_large_image","twitter_creator":"@LoudinJan","twitter_misc":{"Napsal(a)":"Javor","Odhadovan\u00e1 doba \u010dten\u00ed":"2 minuty"},"schema":{"@context":"https:\/\/schema.org","@graph":[{"@type":"Article","@id":"https:\/\/evertonfc.cz\/index.php\/2025\/01\/15\/preview-everton-aston-villa-12\/#article","isPartOf":{"@id":"https:\/\/evertonfc.cz\/index.php\/2025\/01\/15\/preview-everton-aston-villa-12\/"},"author":{"name":"Javor","@id":"https:\/\/evertonfc.cz\/#\/schema\/person\/b30daf6a5852f4811f8207a17ec1bf78"},"headline":"Preview: Everton &#8211; Aston Villa","datePublished":"2025-01-15T13:06:29+00:00","dateModified":"2025-01-15T13:09:23+00:00","mainEntityOfPage":{"@id":"https:\/\/evertonfc.cz\/index.php\/2025\/01\/15\/preview-everton-aston-villa-12\/"},"wordCount":422,"commentCount":4,"publisher":{"@id":"https:\/\/evertonfc.cz\/#organization"},"image":{"@id":"https:\/\/evertonfc.cz\/index.php\/2025\/01\/15\/preview-everton-aston-villa-12\/#primaryimage"},"thumbnailUrl":"https:\/\/evertonfc.cz\/wp-content\/uploads\/2021\/05\/Everton-VS-Aston-Villa.png","articleSection":["Z\u00e1pasy"],"inLanguage":"cs","potentialAction":[{"@type":"CommentAction","name":"Comment","target":["https:\/\/evertonfc.cz\/index.php\/2025\/01\/15\/preview-everton-aston-villa-12\/#respond"]}]},{"@type":"WebPage","@id":"https:\/\/evertonfc.cz\/index.php\/2025\/01\/15\/preview-everton-aston-villa-12\/","url":"https:\/\/evertonfc.cz\/index.php\/2025\/01\/15\/preview-everton-aston-villa-12\/","name":"Preview: Everton - Aston Villa - Official Czech &amp; Slovak Everton Supporters&#039; Club","isPartOf":{"@id":"https:\/\/evertonfc.cz\/#website"},"primaryImageOfPage":{"@id":"https:\/\/evertonfc.cz\/index.php\/2025\/01\/15\/preview-everton-aston-villa-12\/#primaryimage"},"image":{"@id":"https:\/\/evertonfc.cz\/index.php\/2025\/01\/15\/preview-everton-aston-villa-12\/#primaryimage"},"thumbnailUrl":"https:\/\/evertonfc.cz\/wp-content\/uploads\/2021\/05\/Everton-VS-Aston-Villa.png","datePublished":"2025-01-15T13:06:29+00:00","dateModified":"2025-01-15T13:09:23+00:00","description":"Je statisticky dolo\u017eeno, \u017ee prvn\u00ed utk\u00e1n\u00ed s nov\u00fdm tren\u00e9rem t\u00fdm neprohr\u00e1v\u00e1. Dnes ve\u010der se dov\u00edme, zda to plat\u00ed i u obnoven\u00e9 premi\u00e9ry toho staronov\u00e9ho.","breadcrumb":{"@id":"https:\/\/evertonfc.cz\/index.php\/2025\/01\/15\/preview-everton-aston-villa-12\/#breadcrumb"},"inLanguage":"cs","potentialAction":[{"@type":"ReadAction","target":["https:\/\/evertonfc.cz\/index.php\/2025\/01\/15\/preview-everton-aston-villa-12\/"]}]},{"@type":"ImageObject","inLanguage":"cs","@id":"https:\/\/evertonfc.cz\/index.php\/2025\/01\/15\/preview-everton-aston-villa-12\/#primaryimage","url":"https:\/\/evertonfc.cz\/wp-content\/uploads\/2021\/05\/Everton-VS-Aston-Villa.png","contentUrl":"https:\/\/evertonfc.cz\/wp-content\/uploads\/2021\/05\/Everton-VS-Aston-Villa.png","width":720,"height":405},{"@type":"BreadcrumbList","@id":"https:\/\/evertonfc.cz\/index.php\/2025\/01\/15\/preview-everton-aston-villa-12\/#breadcrumb","itemListElement":[{"@type":"ListItem","position":1,"name":"Home","item":"https:\/\/evertonfc.cz\/"},{"@type":"ListItem","position":2,"name":"Preview: Everton &#8211; Aston Villa"}]},{"@type":"WebSite","@id":"https:\/\/evertonfc.cz\/#website","url":"https:\/\/evertonfc.cz\/","name":"Official Czech &amp; Slovak Everton Supporters&#039; Club","description":"","publisher":{"@id":"https:\/\/evertonfc.cz\/#organization"},"potentialAction":[{"@type":"SearchAction","target":{"@type":"EntryPoint","urlTemplate":"https:\/\/evertonfc.cz\/?s={search_term_string}"},"query-input":{"@type":"PropertyValueSpecification","valueRequired":true,"valueName":"search_term_string"}}],"inLanguage":"cs"},{"@type":"Organization","@id":"https:\/\/evertonfc.cz\/#organization","name":"Official Czech & Slovak Everton Supporters' Club","url":"https:\/\/evertonfc.cz\/","logo":{"@type":"ImageObject","inLanguage":"cs","@id":"https:\/\/evertonfc.cz\/#\/schema\/logo\/image\/","url":"https:\/\/evertonfc.cz\/wp-content\/uploads\/2019\/05\/logo.png","contentUrl":"https:\/\/evertonfc.cz\/wp-content\/uploads\/2019\/05\/logo.png","width":112,"height":112,"caption":"Official Czech & Slovak Everton Supporters' Club"},"image":{"@id":"https:\/\/evertonfc.cz\/#\/schema\/logo\/image\/"},"sameAs":["https:\/\/www.facebook.com\/everton.fans.cz.sk"]},{"@type":"Person","@id":"https:\/\/evertonfc.cz\/#\/schema\/person\/b30daf6a5852f4811f8207a17ec1bf78","name":"Javor","sameAs":["https:\/\/x.com\/LoudinJan"],"url":"https:\/\/evertonfc.cz\/index.php\/author\/javor\/"}]}},"_links":{"self":[{"href":"https:\/\/evertonfc.cz\/index.php\/wp-json\/wp\/v2\/posts\/26082"}],"collection":[{"href":"https:\/\/evertonfc.cz\/index.php\/wp-json\/wp\/v2\/posts"}],"about":[{"href":"https:\/\/evertonfc.cz\/index.php\/wp-json\/wp\/v2\/types\/post"}],"author":[{"embeddable":true,"href":"https:\/\/evertonfc.cz\/index.php\/wp-json\/wp\/v2\/users\/12"}],"replies":[{"embeddable":true,"href":"https:\/\/evertonfc.cz\/index.php\/wp-json\/wp\/v2\/comments?post=26082"}],"version-history":[{"count":3,"href":"https:\/\/evertonfc.cz\/index.php\/wp-json\/wp\/v2\/posts\/26082\/revisions"}],"predecessor-version":[{"id":26085,"href":"https:\/\/evertonfc.cz\/index.php\/wp-json\/wp\/v2\/posts\/26082\/revisions\/26085"}],"wp:featuredmedia":[{"embeddable":true,"href":"https:\/\/evertonfc.cz\/index.php\/wp-json\/wp\/v2\/media\/15183"}],"wp:attachment":[{"href":"https:\/\/evertonfc.cz\/index.php\/wp-json\/wp\/v2\/media?parent=26082"}],"wp:term":[{"taxonomy":"category","embeddable":true,"href":"https:\/\/evertonfc.cz\/index.php\/wp-json\/wp\/v2\/categories?post=26082"},{"taxonomy":"post_tag","embeddable":true,"href":"https:\/\/evertonfc.cz\/index.php\/wp-json\/wp\/v2\/tags?post=26082"}],"curies":[{"name":"wp","href":"https:\/\/api.w.org\/{rel}","templated":true}]}}