{"id":26086,"date":"2025-01-15T22:40:16","date_gmt":"2025-01-15T21:40:16","guid":{"rendered":"https:\/\/evertonfc.cz\/?p=26086"},"modified":"2025-01-18T22:38:12","modified_gmt":"2025-01-18T21:38:12","slug":"everton-aston-villa-01-2","status":"publish","type":"post","link":"https:\/\/evertonfc.cz\/index.php\/2025\/01\/15\/everton-aston-villa-01-2\/","title":{"rendered":"Everton &#8211; Aston Villa 0:1"},"content":{"rendered":"<div class=\"flex-shrink-0 flex flex-col relative items-end\">\n<div>\n<div class=\"pt-0\">\n<div class=\"gizmo-bot-avatar flex h-8 w-8 items-center justify-center overflow-hidden rounded-full\">\n<h4 class=\"relative p-1 rounded-sm flex items-center justify-center bg-token-main-surface-primary text-token-text-primary h-8 w-8\">Everton se sna\u017eil a byl i odv\u00e1\u017en\u011bj\u0161\u00ed, ale zoufale mu chyb\u011bla kvalita. Moyes tak p\u0159i sv\u00e9m n\u00e1vratu ode\u0161el s pr\u00e1zdnou a dob\u0159e v\u00ed, \u017ee ho \u010dek\u00e1 spousta pr\u00e1ce.<\/h4>\n<\/div>\n<\/div>\n<\/div>\n<\/div>\n<p>Kdo o\u010dek\u00e1val drastick\u00e9 zm\u011bny v z\u00e1kladn\u00ed sestav\u011b, musel b\u00fdt zklam\u00e1n. David Moyes zvolil velmi podobnou jeden\u00e1ctku, jakou vyb\u00edral jeho p\u0159edch\u016fdce. Nen\u00ed se ale p\u0159\u00edli\u0161 co divit \u2013 t\u00fdm vedl v tr\u00e9ninku pouze dva dny.<\/p>\n<p>\u00davod utk\u00e1n\u00ed byl ze strany Toffees velmi nerv\u00f3zn\u00ed a host\u00e9 si pom\u011brn\u011b snadno vytv\u00e1\u0159eli \u0161ance. Rodgersovu st\u0159elu reflexivn\u011b vy\u0161kr\u00e1bl Pickford, zakon\u010den\u00ed Tielemanse z brejku na posledn\u00ed chv\u00edli zablokoval skluzem Tarkowski.<\/p>\n<p>Postupem \u010dasu se p\u0159eci jen osm\u011blili tak\u00e9 dom\u00e1c\u00ed ve sv\u00fdch tradi\u010dn\u00edch modr\u00fdch dresech. Oproti p\u0159edchoz\u00edm z\u00e1pas\u016fm v\u00edce napadali a sna\u017eili se kombinovat, co\u017e v\u0161ak ob\u010das vedlo k chyb\u00e1m. Kvalita je toti\u017e v k\u00e1dru Evertonu vz\u00e1cn\u00e1. V 17. minut\u011b Young nepochopiteln\u011b vyslal Watkinse do \u00faniku na brank\u00e1\u0159e, ale anglick\u00fd \u00fato\u010dn\u00edk sv\u016fj pokus ze strany nezam\u00ed\u0159il mezi t\u0159i ty\u010de.<\/p>\n<p>Na opa\u010dn\u00e9m konci h\u0159i\u0161t\u011b se p\u0159esn\u00fdm pasem za obranu bl\u00fdskl Mykolenko, Calvert-Lewin si m\u00ed\u010d dob\u0159e zpracoval do b\u011bhu, pouze m\u00ed\u0159il o metr vedle. Ukrajinsk\u00fd bek se o chv\u00edli pozd\u011bji zaskv\u011bl dal\u0161\u00edm p\u0159esn\u00fdm centrem, na jeho\u017e konci Doucour\u00e9 ne\u0161kodn\u011b pozdravil Mart\u00edneze v hostuj\u00edc\u00ed brance.<\/p>\n<p>Po\u0159\u00e1dn\u00e9 ru\u0161no p\u0159i\u0161lo t\u011bsn\u011b p\u0159ed polo\u010dasovou p\u0159est\u00e1vkou. Nejprve Calvert-Lewin na konci proti\u00fatoku krkolomnou a nev\u00fdraznou st\u0159elou sice p\u0159ekonal Mart\u00edneze, toho v\u0161ak na brankov\u00e9 \u010d\u00e1\u0159e stihl zastoupit Kamara. Je\u0161t\u011b v\u011bt\u0161\u00ed \u0161anci m\u011bl pot\u00e9 Rodgers, kdy\u017e si ho m\u00ed\u010d na\u0161el na hranici penaltov\u00e9ho punt\u00edku. Svou st\u0159elou ov\u0161em trestuhodn\u011b minul odkrytou br\u00e1nu.<\/p>\n<p>Ve druh\u00e9m polo\u010dase z\u016fstal bezbrankov\u00fd stav jen \u0161est minut, kdy\u017e Toffees inkasovali naprosto zbyte\u010dn\u00fd g\u00f3l. Na p\u016flic\u00ed \u010da\u0159e vybojovali m\u00ed\u010d, ale Branthwaite svou p\u0159ihr\u00e1vkou rozeb\u011bhl Rodgerse, kter\u00fd v otev\u0159en\u00e9 obran\u011b na\u0161el Watkinse, ten u\u017e nem\u011bl probl\u00e9m sk\u00f3rovat \u2013 <strong>0:1<\/strong>. \u010cist\u00e9 sv\u011bdom\u00ed nemohl m\u00edt ani Pickord, na posledn\u00ed chv\u00edli si rozmyslel vyb\u011bhnut\u00ed, \u010d\u00edm\u017e Watkinsovi usnadnil zakon\u010den\u00ed.<\/p>\n<p>Aston Villa po vst\u0159elen\u00e9 brance p\u0159e\u0161la na pragmatick\u00fd styl hry. Everton p\u0159evzal iniciativu, ale nedok\u00e1zal si vytvo\u0159it \u017e\u00e1dnou kloudnou \u0161anci. Nepomohly ani rohov\u00e9 kopy, ani nasazen\u00ed druh\u00e9ho \u00fato\u010dn\u00edka Beta. A\u017e v samotn\u00e9m nastaven\u00ed se ve v\u00e1pn\u011b uvolnil Lindstr\u00f8m a na\u0161el p\u0159ed br\u00e1nou Calverta-Lewina, kter\u00fd v\u0161ak v obrovsk\u00e9 \u0161anci p\u0159est\u0159elil a jen podtrhl ofenzivn\u00ed tr\u00e1pen\u00ed dom\u00e1c\u00edch.<\/p>\n<p>Villans se po p\u011bti ligov\u00fdch venkovn\u00edch por\u00e1\u017ek\u00e1ch kone\u010dn\u011b do\u010dkali v\u00edt\u011bzstv\u00ed, zat\u00edmco Everton u\u017e \u0161est ligov\u00fdch kol nez\u00edskal t\u0159i body. Na l\u00edtost ale nen\u00ed \u010das, u\u017e v ned\u011bli se na Goodison Parku p\u0159edstav\u00ed Spurs. Je t\u0159eba nav\u00e1zat na dne\u0161n\u00ed bojovnost a energii, proto\u017ee nic jin\u00e9ho ani nezb\u00fdv\u00e1.<\/p>\n<p><strong>Branka:<\/strong> 51. Watkins<\/p>\n<p><strong>\u017dlut\u00e9 karty:<\/strong> 52. Gueye, 54. Pickford &#8211; 8. Onana<\/p>\n<p><strong>Everton:<\/strong> Pickford \u2013 Young (83. O&#8217;Brien), Tarkowski, Branthwaite, Mykolenko \u2013 Mangala, Doucour\u00e9 (83. Beto), Onana \u2013 Ndiaye, Calvert-Lewin, Harrison (59. Lindstr\u00f8m)<\/p>\n<p><strong>Aston Villa:<\/strong> Mart\u00ednez \u2013 Cash, Konsa, Mings, Digne \u2013 Kamara, Tielemans, Onana \u2013 Ramsey (81. Buend\u00eda), Watkins, Rogers<\/p>\n<p><strong>Rozhod\u010d\u00ed:<\/strong> S. Barrot\u00a0\u00a0<strong>Po\u010det div\u00e1k\u016f:<\/strong> 39 085<\/p>\n","protected":false},"excerpt":{"rendered":"<p>Everton se sna\u017eil a byl i odv\u00e1\u017en\u011bj\u0161\u00ed, ale zoufale mu chyb\u011bla kvalita. Moyes tak p\u0159i sv\u00e9m n\u00e1vratu ode\u0161el s pr\u00e1zdnou a dob\u0159e v\u00ed, \u017ee ho \u010dek\u00e1 spousta pr\u00e1ce.<\/p>\n","protected":false},"author":6,"featured_media":26088,"comment_status":"open","ping_status":"closed","sticky":false,"template":"","format":"standard","meta":{"_eb_attr":"","_monsterinsights_skip_tracking":false,"_monsterinsights_sitenote_active":false,"_monsterinsights_sitenote_note":"","_monsterinsights_sitenote_category":0,"footnotes":""},"categories":[4],"tags":[],"yoast_head":"<!-- This site is optimized with the Yoast SEO plugin v23.4 - https:\/\/yoast.com\/wordpress\/plugins\/seo\/ -->\n<title>Everton - Aston Villa 0:1 - Official Czech &amp; Slovak Everton Supporters&#039; Club<\/title>\n<meta name=\"robots\" content=\"index, follow, max-snippet:-1, max-image-preview:large, max-video-preview:-1\" \/>\n<link rel=\"canonical\" href=\"https:\/\/evertonfc.cz\/index.php\/2025\/01\/15\/everton-aston-villa-01-2\/\" \/>\n<meta property=\"og:locale\" content=\"cs_CZ\" \/>\n<meta property=\"og:type\" content=\"article\" \/>\n<meta property=\"og:title\" content=\"Everton - Aston Villa 0:1 - Official Czech &amp; Slovak Everton Supporters&#039; Club\" \/>\n<meta property=\"og:description\" content=\"Everton se sna\u017eil a byl i odv\u00e1\u017en\u011bj\u0161\u00ed, ale zoufale mu chyb\u011bla kvalita. Moyes tak p\u0159i sv\u00e9m n\u00e1vratu ode\u0161el s pr\u00e1zdnou a dob\u0159e v\u00ed, \u017ee ho \u010dek\u00e1 spousta pr\u00e1ce.\" \/>\n<meta property=\"og:url\" content=\"https:\/\/evertonfc.cz\/index.php\/2025\/01\/15\/everton-aston-villa-01-2\/\" \/>\n<meta property=\"og:site_name\" content=\"Official Czech &amp; Slovak Everton Supporters&#039; Club\" \/>\n<meta property=\"article:publisher\" content=\"https:\/\/www.facebook.com\/everton.fans.cz.sk\" \/>\n<meta property=\"article:published_time\" content=\"2025-01-15T21:40:16+00:00\" \/>\n<meta property=\"article:modified_time\" content=\"2025-01-18T21:38:12+00:00\" \/>\n<meta property=\"og:image\" content=\"https:\/\/evertonfc.cz\/wp-content\/uploads\/2025\/01\/moyes_16_1_2025.jpg\" \/>\n\t<meta property=\"og:image:width\" content=\"720\" \/>\n\t<meta property=\"og:image:height\" content=\"405\" \/>\n\t<meta property=\"og:image:type\" content=\"image\/jpeg\" \/>\n<meta name=\"author\" content=\"Ri\u010di\" \/>\n<meta name=\"twitter:card\" content=\"summary_large_image\" \/>\n<meta name=\"twitter:creator\" content=\"@rbrejsa\" \/>\n<meta name=\"twitter:label1\" content=\"Napsal(a)\" \/>\n\t<meta name=\"twitter:data1\" content=\"Ri\u010di\" \/>\n\t<meta name=\"twitter:label2\" content=\"Odhadovan\u00e1 doba \u010dten\u00ed\" \/>\n\t<meta name=\"twitter:data2\" content=\"3 minuty\" \/>\n<script type=\"application\/ld+json\" class=\"yoast-schema-graph\">{\"@context\":\"https:\/\/schema.org\",\"@graph\":[{\"@type\":\"Article\",\"@id\":\"https:\/\/evertonfc.cz\/index.php\/2025\/01\/15\/everton-aston-villa-01-2\/#article\",\"isPartOf\":{\"@id\":\"https:\/\/evertonfc.cz\/index.php\/2025\/01\/15\/everton-aston-villa-01-2\/\"},\"author\":{\"name\":\"Ri\u010di\",\"@id\":\"https:\/\/evertonfc.cz\/#\/schema\/person\/f7a5daedb2ffee98480bc70e191aaef1\"},\"headline\":\"Everton &#8211; Aston Villa 0:1\",\"datePublished\":\"2025-01-15T21:40:16+00:00\",\"dateModified\":\"2025-01-18T21:38:12+00:00\",\"mainEntityOfPage\":{\"@id\":\"https:\/\/evertonfc.cz\/index.php\/2025\/01\/15\/everton-aston-villa-01-2\/\"},\"wordCount\":608,\"commentCount\":12,\"publisher\":{\"@id\":\"https:\/\/evertonfc.cz\/#organization\"},\"image\":{\"@id\":\"https:\/\/evertonfc.cz\/index.php\/2025\/01\/15\/everton-aston-villa-01-2\/#primaryimage\"},\"thumbnailUrl\":\"https:\/\/evertonfc.cz\/wp-content\/uploads\/2025\/01\/moyes_16_1_2025.jpg\",\"articleSection\":[\"Z\u00e1pasy\"],\"inLanguage\":\"cs\",\"potentialAction\":[{\"@type\":\"CommentAction\",\"name\":\"Comment\",\"target\":[\"https:\/\/evertonfc.cz\/index.php\/2025\/01\/15\/everton-aston-villa-01-2\/#respond\"]}]},{\"@type\":\"WebPage\",\"@id\":\"https:\/\/evertonfc.cz\/index.php\/2025\/01\/15\/everton-aston-villa-01-2\/\",\"url\":\"https:\/\/evertonfc.cz\/index.php\/2025\/01\/15\/everton-aston-villa-01-2\/\",\"name\":\"Everton - Aston Villa 0:1 - Official Czech &amp; Slovak Everton Supporters&#039; Club\",\"isPartOf\":{\"@id\":\"https:\/\/evertonfc.cz\/#website\"},\"primaryImageOfPage\":{\"@id\":\"https:\/\/evertonfc.cz\/index.php\/2025\/01\/15\/everton-aston-villa-01-2\/#primaryimage\"},\"image\":{\"@id\":\"https:\/\/evertonfc.cz\/index.php\/2025\/01\/15\/everton-aston-villa-01-2\/#primaryimage\"},\"thumbnailUrl\":\"https:\/\/evertonfc.cz\/wp-content\/uploads\/2025\/01\/moyes_16_1_2025.jpg\",\"datePublished\":\"2025-01-15T21:40:16+00:00\",\"dateModified\":\"2025-01-18T21:38:12+00:00\",\"breadcrumb\":{\"@id\":\"https:\/\/evertonfc.cz\/index.php\/2025\/01\/15\/everton-aston-villa-01-2\/#breadcrumb\"},\"inLanguage\":\"cs\",\"potentialAction\":[{\"@type\":\"ReadAction\",\"target\":[\"https:\/\/evertonfc.cz\/index.php\/2025\/01\/15\/everton-aston-villa-01-2\/\"]}]},{\"@type\":\"ImageObject\",\"inLanguage\":\"cs\",\"@id\":\"https:\/\/evertonfc.cz\/index.php\/2025\/01\/15\/everton-aston-villa-01-2\/#primaryimage\",\"url\":\"https:\/\/evertonfc.cz\/wp-content\/uploads\/2025\/01\/moyes_16_1_2025.jpg\",\"contentUrl\":\"https:\/\/evertonfc.cz\/wp-content\/uploads\/2025\/01\/moyes_16_1_2025.jpg\",\"width\":720,\"height\":405},{\"@type\":\"BreadcrumbList\",\"@id\":\"https:\/\/evertonfc.cz\/index.php\/2025\/01\/15\/everton-aston-villa-01-2\/#breadcrumb\",\"itemListElement\":[{\"@type\":\"ListItem\",\"position\":1,\"name\":\"Home\",\"item\":\"https:\/\/evertonfc.cz\/\"},{\"@type\":\"ListItem\",\"position\":2,\"name\":\"Everton &#8211; Aston Villa 0:1\"}]},{\"@type\":\"WebSite\",\"@id\":\"https:\/\/evertonfc.cz\/#website\",\"url\":\"https:\/\/evertonfc.cz\/\",\"name\":\"Official Czech &amp; Slovak Everton Supporters&#039; Club\",\"description\":\"\",\"publisher\":{\"@id\":\"https:\/\/evertonfc.cz\/#organization\"},\"potentialAction\":[{\"@type\":\"SearchAction\",\"target\":{\"@type\":\"EntryPoint\",\"urlTemplate\":\"https:\/\/evertonfc.cz\/?s={search_term_string}\"},\"query-input\":{\"@type\":\"PropertyValueSpecification\",\"valueRequired\":true,\"valueName\":\"search_term_string\"}}],\"inLanguage\":\"cs\"},{\"@type\":\"Organization\",\"@id\":\"https:\/\/evertonfc.cz\/#organization\",\"name\":\"Official Czech & Slovak Everton Supporters' Club\",\"url\":\"https:\/\/evertonfc.cz\/\",\"logo\":{\"@type\":\"ImageObject\",\"inLanguage\":\"cs\",\"@id\":\"https:\/\/evertonfc.cz\/#\/schema\/logo\/image\/\",\"url\":\"https:\/\/evertonfc.cz\/wp-content\/uploads\/2019\/05\/logo.png\",\"contentUrl\":\"https:\/\/evertonfc.cz\/wp-content\/uploads\/2019\/05\/logo.png\",\"width\":112,\"height\":112,\"caption\":\"Official Czech & Slovak Everton Supporters' Club\"},\"image\":{\"@id\":\"https:\/\/evertonfc.cz\/#\/schema\/logo\/image\/\"},\"sameAs\":[\"https:\/\/www.facebook.com\/everton.fans.cz.sk\"]},{\"@type\":\"Person\",\"@id\":\"https:\/\/evertonfc.cz\/#\/schema\/person\/f7a5daedb2ffee98480bc70e191aaef1\",\"name\":\"Ri\u010di\",\"sameAs\":[\"https:\/\/x.com\/rbrejsa\"],\"url\":\"https:\/\/evertonfc.cz\/index.php\/author\/rici\/\"}]}<\/script>\n<!-- \/ Yoast SEO plugin. -->","yoast_head_json":{"title":"Everton - Aston Villa 0:1 - Official Czech &amp; Slovak Everton Supporters&#039; Club","robots":{"index":"index","follow":"follow","max-snippet":"max-snippet:-1","max-image-preview":"max-image-preview:large","max-video-preview":"max-video-preview:-1"},"canonical":"https:\/\/evertonfc.cz\/index.php\/2025\/01\/15\/everton-aston-villa-01-2\/","og_locale":"cs_CZ","og_type":"article","og_title":"Everton - Aston Villa 0:1 - Official Czech &amp; Slovak Everton Supporters&#039; Club","og_description":"Everton se sna\u017eil a byl i odv\u00e1\u017en\u011bj\u0161\u00ed, ale zoufale mu chyb\u011bla kvalita. Moyes tak p\u0159i sv\u00e9m n\u00e1vratu ode\u0161el s pr\u00e1zdnou a dob\u0159e v\u00ed, \u017ee ho \u010dek\u00e1 spousta pr\u00e1ce.","og_url":"https:\/\/evertonfc.cz\/index.php\/2025\/01\/15\/everton-aston-villa-01-2\/","og_site_name":"Official Czech &amp; Slovak Everton Supporters&#039; Club","article_publisher":"https:\/\/www.facebook.com\/everton.fans.cz.sk","article_published_time":"2025-01-15T21:40:16+00:00","article_modified_time":"2025-01-18T21:38:12+00:00","og_image":[{"width":720,"height":405,"url":"https:\/\/evertonfc.cz\/wp-content\/uploads\/2025\/01\/moyes_16_1_2025.jpg","type":"image\/jpeg"}],"author":"Ri\u010di","twitter_card":"summary_large_image","twitter_creator":"@rbrejsa","twitter_misc":{"Napsal(a)":"Ri\u010di","Odhadovan\u00e1 doba \u010dten\u00ed":"3 minuty"},"schema":{"@context":"https:\/\/schema.org","@graph":[{"@type":"Article","@id":"https:\/\/evertonfc.cz\/index.php\/2025\/01\/15\/everton-aston-villa-01-2\/#article","isPartOf":{"@id":"https:\/\/evertonfc.cz\/index.php\/2025\/01\/15\/everton-aston-villa-01-2\/"},"author":{"name":"Ri\u010di","@id":"https:\/\/evertonfc.cz\/#\/schema\/person\/f7a5daedb2ffee98480bc70e191aaef1"},"headline":"Everton &#8211; Aston Villa 0:1","datePublished":"2025-01-15T21:40:16+00:00","dateModified":"2025-01-18T21:38:12+00:00","mainEntityOfPage":{"@id":"https:\/\/evertonfc.cz\/index.php\/2025\/01\/15\/everton-aston-villa-01-2\/"},"wordCount":608,"commentCount":12,"publisher":{"@id":"https:\/\/evertonfc.cz\/#organization"},"image":{"@id":"https:\/\/evertonfc.cz\/index.php\/2025\/01\/15\/everton-aston-villa-01-2\/#primaryimage"},"thumbnailUrl":"https:\/\/evertonfc.cz\/wp-content\/uploads\/2025\/01\/moyes_16_1_2025.jpg","articleSection":["Z\u00e1pasy"],"inLanguage":"cs","potentialAction":[{"@type":"CommentAction","name":"Comment","target":["https:\/\/evertonfc.cz\/index.php\/2025\/01\/15\/everton-aston-villa-01-2\/#respond"]}]},{"@type":"WebPage","@id":"https:\/\/evertonfc.cz\/index.php\/2025\/01\/15\/everton-aston-villa-01-2\/","url":"https:\/\/evertonfc.cz\/index.php\/2025\/01\/15\/everton-aston-villa-01-2\/","name":"Everton - Aston Villa 0:1 - Official Czech &amp; Slovak Everton Supporters&#039; Club","isPartOf":{"@id":"https:\/\/evertonfc.cz\/#website"},"primaryImageOfPage":{"@id":"https:\/\/evertonfc.cz\/index.php\/2025\/01\/15\/everton-aston-villa-01-2\/#primaryimage"},"image":{"@id":"https:\/\/evertonfc.cz\/index.php\/2025\/01\/15\/everton-aston-villa-01-2\/#primaryimage"},"thumbnailUrl":"https:\/\/evertonfc.cz\/wp-content\/uploads\/2025\/01\/moyes_16_1_2025.jpg","datePublished":"2025-01-15T21:40:16+00:00","dateModified":"2025-01-18T21:38:12+00:00","breadcrumb":{"@id":"https:\/\/evertonfc.cz\/index.php\/2025\/01\/15\/everton-aston-villa-01-2\/#breadcrumb"},"inLanguage":"cs","potentialAction":[{"@type":"ReadAction","target":["https:\/\/evertonfc.cz\/index.php\/2025\/01\/15\/everton-aston-villa-01-2\/"]}]},{"@type":"ImageObject","inLanguage":"cs","@id":"https:\/\/evertonfc.cz\/index.php\/2025\/01\/15\/everton-aston-villa-01-2\/#primaryimage","url":"https:\/\/evertonfc.cz\/wp-content\/uploads\/2025\/01\/moyes_16_1_2025.jpg","contentUrl":"https:\/\/evertonfc.cz\/wp-content\/uploads\/2025\/01\/moyes_16_1_2025.jpg","width":720,"height":405},{"@type":"BreadcrumbList","@id":"https:\/\/evertonfc.cz\/index.php\/2025\/01\/15\/everton-aston-villa-01-2\/#breadcrumb","itemListElement":[{"@type":"ListItem","position":1,"name":"Home","item":"https:\/\/evertonfc.cz\/"},{"@type":"ListItem","position":2,"name":"Everton &#8211; Aston Villa 0:1"}]},{"@type":"WebSite","@id":"https:\/\/evertonfc.cz\/#website","url":"https:\/\/evertonfc.cz\/","name":"Official Czech &amp; Slovak Everton Supporters&#039; Club","description":"","publisher":{"@id":"https:\/\/evertonfc.cz\/#organization"},"potentialAction":[{"@type":"SearchAction","target":{"@type":"EntryPoint","urlTemplate":"https:\/\/evertonfc.cz\/?s={search_term_string}"},"query-input":{"@type":"PropertyValueSpecification","valueRequired":true,"valueName":"search_term_string"}}],"inLanguage":"cs"},{"@type":"Organization","@id":"https:\/\/evertonfc.cz\/#organization","name":"Official Czech & Slovak Everton Supporters' Club","url":"https:\/\/evertonfc.cz\/","logo":{"@type":"ImageObject","inLanguage":"cs","@id":"https:\/\/evertonfc.cz\/#\/schema\/logo\/image\/","url":"https:\/\/evertonfc.cz\/wp-content\/uploads\/2019\/05\/logo.png","contentUrl":"https:\/\/evertonfc.cz\/wp-content\/uploads\/2019\/05\/logo.png","width":112,"height":112,"caption":"Official Czech & Slovak Everton Supporters' Club"},"image":{"@id":"https:\/\/evertonfc.cz\/#\/schema\/logo\/image\/"},"sameAs":["https:\/\/www.facebook.com\/everton.fans.cz.sk"]},{"@type":"Person","@id":"https:\/\/evertonfc.cz\/#\/schema\/person\/f7a5daedb2ffee98480bc70e191aaef1","name":"Ri\u010di","sameAs":["https:\/\/x.com\/rbrejsa"],"url":"https:\/\/evertonfc.cz\/index.php\/author\/rici\/"}]}},"_links":{"self":[{"href":"https:\/\/evertonfc.cz\/index.php\/wp-json\/wp\/v2\/posts\/26086"}],"collection":[{"href":"https:\/\/evertonfc.cz\/index.php\/wp-json\/wp\/v2\/posts"}],"about":[{"href":"https:\/\/evertonfc.cz\/index.php\/wp-json\/wp\/v2\/types\/post"}],"author":[{"embeddable":true,"href":"https:\/\/evertonfc.cz\/index.php\/wp-json\/wp\/v2\/users\/6"}],"replies":[{"embeddable":true,"href":"https:\/\/evertonfc.cz\/index.php\/wp-json\/wp\/v2\/comments?post=26086"}],"version-history":[{"count":6,"href":"https:\/\/evertonfc.cz\/index.php\/wp-json\/wp\/v2\/posts\/26086\/revisions"}],"predecessor-version":[{"id":26106,"href":"https:\/\/evertonfc.cz\/index.php\/wp-json\/wp\/v2\/posts\/26086\/revisions\/26106"}],"wp:featuredmedia":[{"embeddable":true,"href":"https:\/\/evertonfc.cz\/index.php\/wp-json\/wp\/v2\/media\/26088"}],"wp:attachment":[{"href":"https:\/\/evertonfc.cz\/index.php\/wp-json\/wp\/v2\/media?parent=26086"}],"wp:term":[{"taxonomy":"category","embeddable":true,"href":"https:\/\/evertonfc.cz\/index.php\/wp-json\/wp\/v2\/categories?post=26086"},{"taxonomy":"post_tag","embeddable":true,"href":"https:\/\/evertonfc.cz\/index.php\/wp-json\/wp\/v2\/tags?post=26086"}],"curies":[{"name":"wp","href":"https:\/\/api.w.org\/{rel}","templated":true}]}}