{"id":26127,"date":"2025-01-21T21:51:24","date_gmt":"2025-01-21T20:51:24","guid":{"rendered":"https:\/\/evertonfc.cz\/?p=26127"},"modified":"2025-01-28T17:00:43","modified_gmt":"2025-01-28T16:00:43","slug":"everton-w-aston-villa-w-11","status":"publish","type":"post","link":"https:\/\/evertonfc.cz\/index.php\/2025\/01\/21\/everton-w-aston-villa-w-11\/","title":{"rendered":"Everton W &#8211; Aston Villa W 1:1"},"content":{"rendered":"<h4>P\u0159es nevl\u00eddn\u00e9 lednov\u00e9 po\u010das\u00ed si nabit\u00fd Walton Hall Park nenechal uj\u00edt prvn\u00ed z\u00e1pas nov\u00e9ho roku. Nen\u00ed divu, na lavi\u010dce se choulily t\u0159i na\u0161e dosavadn\u00ed posily a Fern\u00e1ndez s Ladd se do\u010dkaly nominace do z\u00e1kladn\u00ed sestavy. Tak\u017ee zv\u011bdavost sm\u00ed\u0161en\u00e1 s o\u010dek\u00e1v\u00e1n\u00edm byla na m\u00edst\u011b.<\/h4>\n<p>Na dom\u00e1c\u00ed p\u016fdu n\u00e1s p\u0159ijela nav\u0161t\u00edvit Aston Villa, kter\u00e1 je s n\u00e1mi v tabulce prakticky nastejno &#8211; s dev\u00edti body a jen \u010dty\u0159i body od sestupov\u00e9 pozice posledn\u00edho. O motivaci k v\u00edt\u011bzstv\u00ed m\u011bly oba t\u00fdmi postar\u00e1no. Statistika m\u00edrn\u011b favorizovala Villans, proto\u017ee ve vz\u00e1jemn\u00fdch utk\u00e1n\u00edch mezi ob\u011bma t\u00fdmy v 88% p\u0159\u00edpad\u016f vyhr\u00e1li host\u00e9. Nyn\u00ed tomu bylo t\u0159eba zabr\u00e1nit. Villans v lednu zaznamenaly pouze odchod Leat bl\u00ed\u017ee rodin\u011b na Nov\u00fd Z\u00e9land a p\u0159esun Gregory do Newcastelu. O posilov\u00e1n\u00ed tedy nemohlo b\u00fdt ani \u0159e\u010di. Oproti tomu u n\u00e1s bylo v p\u0159estupov\u00e9m okn\u011b \u017eivo (jak jsme rovn\u011b\u017e referovali na\u00a0 t\u011bchto str\u00e1nk\u00e1ch). P\u0159\u00edchod Fern\u00e1ndez znamenal p\u0159esunut\u00ed Vanhaevermaet z obrany na kraj z\u00e1lohy, co\u017e odvalilo k\u00e1men ze srdce nejednomu Evertonianovi. Dvoj\u010data Holgaardovice pro tentokr\u00e1t odpo\u010d\u00edvala, respektive se d\u00e1vala zdravotn\u011b dokupy a tak\u00e9 Stenevik nen\u00ed je\u0161t\u011b zdravotn\u011b zcela v po\u0159\u00e1dku.<\/p>\n<h4><strong>Nov\u00fd rok, stejn\u00e9 chyby<\/strong><\/h4>\n<p>Z\u00e1pas jsme neza\u010dali zdaleka tak agresivn\u011b, jak by mo\u017en\u00e1 n\u011bkdo mohl \u010dekat. Sp\u00ed\u0161e jsme \u010d\u00edhali na brejky a odpov\u011bdn\u011b se dr\u017eeli zp\u00e1tky.\u00a0 Villa l\u00e9pa kombinovala a n\u00e1b\u011bhy Leon na lev\u00e9 stran\u011b nebyly zdaleka jen propaga\u010dn\u00ed. P\u0159ituhovat za\u010dalo po necel\u00e9 \u010dtvrthodin\u011b hry, kdy se i p\u0159es n\u00e1\u0161 blok sna\u017eily st\u0159elami jedovat\u00fdmi prosadit postupn\u011b Salmon, Patten a Leon. Brosnan ale prok\u00e1zala sv\u016fj vynikaj\u00edc\u00ed post\u0159eh a st\u0159ely zne\u0161kodnila. Byly to hostky, kdo byl v t\u00e9to f\u00e1zi z\u00e1pasu na koni a poda\u0159ilo se jim dostat n\u00e1s pod slu\u0161n\u00fd tlak. Z n\u011bj jsme se p\u0159ekvapiv\u011b na chv\u00edli vymanili proti\u00fatokem, kde v posledn\u00ed chv\u00edli p\u0159ed Snoeijs zachra\u0148ovala vyb\u011bhnuv\u0161\u00ed D&#8217;Angelo. Neusp\u011bl ani dal\u0161\u00ed brejk Wheeler, na jej\u00ed\u017e fin\u00e1ln\u00ed p\u0159ihr\u00e1vku Toni Payne nedos\u00e1hla. Jednalo se v\u0161ak je o kr\u00e1tk\u00e9 vzep\u011bt\u00ed a aktivita Villan pokra\u010doval. A pokra\u010dovala natolik \u00fasp\u011b\u0161n\u011b, \u017ee ve 31. minut\u011b vyvezla m\u00ed\u010d z vlastn\u00ed p\u016flky Leon a ten p\u0159es Maritz doputoval a\u017e k Daly. Tu nedok\u00e1zala ubr\u00e1nit o hlavu v\u011bt\u0161\u00ed <span class=\"visually-hidden ssrcss-1f39n02-VisuallyHidden e16en2lz0\">Vanhaevermaet, tak\u017ee e<\/span>litn\u00ed st\u0159elkyn\u011b hostek zbl\u00edzka hlavou otev\u0159ela sk\u00f3re &#8211; <strong>0:1<\/strong>. Po g\u00f3lu jsme zv\u00fd\u0161ili tempo ale k ni\u010demu rozumn\u00e9mu to nevedlo. Naopak Brosnan musela vyt\u00e1hnout dal\u0161\u00ed ze sv\u00fdch z\u00e1krok\u016f, tentokr\u00e1t proti st\u0159ele Leon.<\/p>\n<h4>Nov\u00e1 ko\u0161\u0165ata v akci<\/h4>\n<p>Druh\u00e1 p\u016fle p\u0159inesla po p\u00e1r minut\u00e1ch hned troj\u00ed st\u0159\u00edd\u00e1n\u00ed, kdy na h\u0159i\u0161t\u011b p\u0159i\u0161ly Lawley, Gago a Watson nam\u00edsto <span class=\"visually-hidden ssrcss-1f39n02-VisuallyHidden e16en2lz0\">Vanhaevermaet, Toni Payne a Snoeijs. A bylo to dobr\u00e9 rozhodnut\u00ed. Na\u0161\u00ed hru to o\u017eivilo a Gago m\u011bla kr\u00e1tce po sv\u00e9m p\u0159\u00edchodu na kopa\u010dce slu\u0161nou \u0161anci \u017del, m\u00ed\u0159ila vedle. N\u00e1sledovala \u010dtvrthodina p\u011bkn\u00e9ho hbit\u00e9ho fotbalu z obou stran. Vyrovnat mohla Wheeler, kter\u00e1 zachytila trestuhodn\u011b ledabyl\u00e9 rozehr\u00e1n\u00ed D&#8217;Angelo. Bohu\u017eel byla ze \u0161ance tak p\u0159ekvapen\u00e1, \u017ee dovolila brank\u00e1\u0159ce hostek chybu promptn\u011b napravit. St\u0159\u00edd\u00e1n\u00ed v 73. minut\u011b p\u0159ivedlo na h\u0159i\u0161t\u011b Sarri a dal\u0161\u00ed pak i Ribadeiru. D\u011bn\u00ed na h\u0159i\u0161ti pro n\u00e1s vypadalo mnohem l\u00e9pe, ne\u017e v prvn\u00ed p\u016fli. Byli jsme schopni kombinovat, usp\u011bt jeden na jednoho i pronikat do v\u00e1pna. Bohu\u017eel vyst\u0159elit do prostoru branky bylo st\u00e1le nad na\u0161e s\u00edly. To zm\u011bnila a\u017e ne\u010dekan\u00e1 bomba Sarri t\u011bsn\u011b p\u0159ed koncem z\u00e1pasu &#8211; <strong>1:1<\/strong>. G\u00f3lem rozj\u00e1sala fanou\u0161ky dom\u00e1c\u00edch a naopak zklamala birminghamsk\u00e9, kter\u00e9 si u\u017e brousily zuby na pln\u00fd bodov\u00fd zisk.<\/span><\/p>\n<h4>Jsme siln\u011bj\u0161\u00ed<\/h4>\n<p>Zd\u00e1 se,\u00a0 \u017ee lednov\u00e9 posily by n\u00e1s mohly pos\u00edlit i ve skute\u010dnosti, a nejen na pap\u00ed\u0159e. Watson se v z\u00e1loze skv\u011ble dopl\u0148uje s Hayashi i s Wheeler a Gago m\u00e1 schopnosti zakon\u010dova\u010dky (snad je v Evertonu neztrat\u00ed). Obrana s Fen\u00e1ndez p\u016fsob\u00ed rovn\u011b\u017e solidn\u011bj\u0161\u00edm dojmem. Mysl\u00edm, \u017ee ke zlep\u0161en\u00ed hry v druh\u00e9 p\u016fli v\u00fdrazn\u011b p\u0159isp\u011bla Lawley, kter\u00e1 byla anga\u017eovan\u00e1 v roj\u00ed\u017ed\u011bn\u00ed prakticky v\u0161ech na\u0161ich nebezpe\u010dn\u00fdch akc\u00ed. Nicm\u00e9n\u011b \u010dty\u0159i st\u0159ely za z\u00e1pas, z toho t\u0159i na branku (soupe\u0159ky 14\/10) jsou st\u00e1le tristn\u00ed statistikou. Poda\u0159\u00ed se v ned\u011bli v Lond\u00fdn\u011b s West Hamem toto kone\u010dn\u011b Napravit? <strong><span style=\"color: #0000ff;\">COYBG!<\/span><\/strong><\/p>\n<p style=\"text-align: right;\"><span style=\"font-size: 8pt;\"><em>Fotografie: Rachel Daly n\u00e1m st\u0159\u00edl\u00ed g\u00f3l (zdroj:shekicks.net)<\/em><\/span><\/p>\n<p><strong>G\u00f3ly:<\/strong> Sarri (89\u00b4) &#8211; Daly (31\u00b4)\u00a0 <strong>\u017dK: <\/strong>Gago, Ribadeira<strong> &#8211; <\/strong>Maritz, Baijings<\/p>\n<p><strong>Everton (4-4-2):<\/strong> Brosnan; H. Payne, <span class=\"visually-hidden ssrcss-1f39n02-VisuallyHidden e16en2lz0\">Finnigan, <\/span><span class=\"visually-hidden ssrcss-1f39n02-VisuallyHidden e16en2lz0\">Fern\u00e1ndez, <\/span>Hope (Sarri 73\u00b4); Wheeler, <span class=\"visually-hidden ssrcss-1f39n02-VisuallyHidden e16en2lz0\">Ladd (Ribadeira 80&#8242;), <\/span><span class=\"visually-hidden ssrcss-1f39n02-VisuallyHidden e16en2lz0\">Hayashi, <\/span><span class=\"visually-hidden ssrcss-1f39n02-VisuallyHidden e16en2lz0\">Vanhaevermaet (Lawley 54&#8242;); <\/span><span aria-hidden=\"true\">Snoeijs (Watson 54&#8242;), T. <\/span>Payne (Gago 54&#8242;)<\/p>\n<div class=\"ssrcss-3p1vo6-PlayerItem e7jun425\" role=\"listitem\">\n<div class=\"ssrcss-1ezl851-PlayerNameContainer e7jun422\">\n<div data-testid=\"player-name\"><strong>Villa (4-2-3-1): <\/strong>D&#8217;Angelo; Maritz, Patten, <span class=\"visually-hidden ssrcss-1f39n02-VisuallyHidden e16en2lz0\">Turner, <\/span><span class=\"visually-hidden ssrcss-1f39n02-VisuallyHidden e16en2lz0\"><span class=\"visually-hidden ssrcss-1f39n02-VisuallyHidden e16en2lz0\">Tom\u00e1s; <\/span><\/span>Baijings (Taylor 62&#8242;), Nobbs; Leon (Grant 80&#8242;), Daly (Parker 95&#8242;), <span class=\"visually-hidden ssrcss-1f39n02-VisuallyHidden e16en2lz0\">Salmon (Hanson 62&#8242;)<\/span>; Gabi Nunes<\/div>\n<div data-testid=\"player-name\"><strong>Rozhod\u010d\u00ed:<\/strong> Stacey Fullicks<\/div>\n<\/div>\n<\/div>\n","protected":false},"excerpt":{"rendered":"<p>P\u0159es nevl\u00eddn\u00e9 lednov\u00e9 po\u010das\u00ed si nabit\u00fd Walton Hall Park nenechal uj\u00edt prvn\u00ed z\u00e1pas nov\u00e9ho roku. Nen\u00ed divu, na lavi\u010dce se choulily t\u0159i dosavadn\u00ed posily a Fern\u00e1ndez s Ladd se do\u010dkaly nominace do z\u00e1kladn\u00ed sestavy. Tak\u017ee zv\u011bdavost sm\u00ed\u0161en\u00e1 s o\u010dek\u00e1v\u00e1n\u00edm byla na m\u00edst\u011b.<\/p>\n","protected":false},"author":26,"featured_media":26130,"comment_status":"open","ping_status":"closed","sticky":false,"template":"","format":"standard","meta":{"_eb_attr":"","_monsterinsights_skip_tracking":false,"_monsterinsights_sitenote_active":false,"_monsterinsights_sitenote_note":"","_monsterinsights_sitenote_category":0,"footnotes":""},"categories":[110],"tags":[],"yoast_head":"<!-- This site is optimized with the Yoast SEO plugin v23.4 - https:\/\/yoast.com\/wordpress\/plugins\/seo\/ -->\n<title>Everton W - Aston Villa W 1:1 - Official Czech &amp; Slovak Everton Supporters&#039; Club<\/title>\n<meta name=\"robots\" content=\"index, follow, max-snippet:-1, max-image-preview:large, max-video-preview:-1\" \/>\n<link rel=\"canonical\" href=\"https:\/\/evertonfc.cz\/index.php\/2025\/01\/21\/everton-w-aston-villa-w-11\/\" \/>\n<meta property=\"og:locale\" content=\"cs_CZ\" \/>\n<meta property=\"og:type\" content=\"article\" \/>\n<meta property=\"og:title\" content=\"Everton W - Aston Villa W 1:1 - Official Czech &amp; Slovak Everton Supporters&#039; Club\" \/>\n<meta property=\"og:description\" content=\"P\u0159es nevl\u00eddn\u00e9 lednov\u00e9 po\u010das\u00ed si nabit\u00fd Walton Hall Park nenechal uj\u00edt prvn\u00ed z\u00e1pas nov\u00e9ho roku. Nen\u00ed divu, na lavi\u010dce se choulily t\u0159i dosavadn\u00ed posily a Fern\u00e1ndez s Ladd se do\u010dkaly nominace do z\u00e1kladn\u00ed sestavy. Tak\u017ee zv\u011bdavost sm\u00ed\u0161en\u00e1 s o\u010dek\u00e1v\u00e1n\u00edm byla na m\u00edst\u011b.\" \/>\n<meta property=\"og:url\" content=\"https:\/\/evertonfc.cz\/index.php\/2025\/01\/21\/everton-w-aston-villa-w-11\/\" \/>\n<meta property=\"og:site_name\" content=\"Official Czech &amp; Slovak Everton Supporters&#039; Club\" \/>\n<meta property=\"article:publisher\" content=\"https:\/\/www.facebook.com\/everton.fans.cz.sk\" \/>\n<meta property=\"article:published_time\" content=\"2025-01-21T20:51:24+00:00\" \/>\n<meta property=\"article:modified_time\" content=\"2025-01-28T16:00:43+00:00\" \/>\n<meta property=\"og:image\" content=\"https:\/\/evertonfc.cz\/wp-content\/uploads\/2025\/01\/Everton-Aston-Villa19_1_2025-web.jpg\" \/>\n\t<meta property=\"og:image:width\" content=\"720\" \/>\n\t<meta property=\"og:image:height\" content=\"405\" \/>\n\t<meta property=\"og:image:type\" content=\"image\/jpeg\" \/>\n<meta name=\"author\" content=\"Karamela\" \/>\n<meta name=\"twitter:card\" content=\"summary_large_image\" \/>\n<meta name=\"twitter:label1\" content=\"Napsal(a)\" \/>\n\t<meta name=\"twitter:data1\" content=\"Karamela\" \/>\n\t<meta name=\"twitter:label2\" content=\"Odhadovan\u00e1 doba \u010dten\u00ed\" \/>\n\t<meta name=\"twitter:data2\" content=\"4 minuty\" \/>\n<script type=\"application\/ld+json\" class=\"yoast-schema-graph\">{\"@context\":\"https:\/\/schema.org\",\"@graph\":[{\"@type\":\"Article\",\"@id\":\"https:\/\/evertonfc.cz\/index.php\/2025\/01\/21\/everton-w-aston-villa-w-11\/#article\",\"isPartOf\":{\"@id\":\"https:\/\/evertonfc.cz\/index.php\/2025\/01\/21\/everton-w-aston-villa-w-11\/\"},\"author\":{\"name\":\"Karamela\",\"@id\":\"https:\/\/evertonfc.cz\/#\/schema\/person\/e9a24a80a32efa1344dd2c4e5882185c\"},\"headline\":\"Everton W &#8211; Aston Villa W 1:1\",\"datePublished\":\"2025-01-21T20:51:24+00:00\",\"dateModified\":\"2025-01-28T16:00:43+00:00\",\"mainEntityOfPage\":{\"@id\":\"https:\/\/evertonfc.cz\/index.php\/2025\/01\/21\/everton-w-aston-villa-w-11\/\"},\"wordCount\":928,\"commentCount\":0,\"publisher\":{\"@id\":\"https:\/\/evertonfc.cz\/#organization\"},\"image\":{\"@id\":\"https:\/\/evertonfc.cz\/index.php\/2025\/01\/21\/everton-w-aston-villa-w-11\/#primaryimage\"},\"thumbnailUrl\":\"https:\/\/evertonfc.cz\/wp-content\/uploads\/2025\/01\/Everton-Aston-Villa19_1_2025-web.jpg\",\"articleSection\":[\"Everton Women\"],\"inLanguage\":\"cs\",\"potentialAction\":[{\"@type\":\"CommentAction\",\"name\":\"Comment\",\"target\":[\"https:\/\/evertonfc.cz\/index.php\/2025\/01\/21\/everton-w-aston-villa-w-11\/#respond\"]}]},{\"@type\":\"WebPage\",\"@id\":\"https:\/\/evertonfc.cz\/index.php\/2025\/01\/21\/everton-w-aston-villa-w-11\/\",\"url\":\"https:\/\/evertonfc.cz\/index.php\/2025\/01\/21\/everton-w-aston-villa-w-11\/\",\"name\":\"Everton W - Aston Villa W 1:1 - Official Czech &amp; Slovak Everton Supporters&#039; Club\",\"isPartOf\":{\"@id\":\"https:\/\/evertonfc.cz\/#website\"},\"primaryImageOfPage\":{\"@id\":\"https:\/\/evertonfc.cz\/index.php\/2025\/01\/21\/everton-w-aston-villa-w-11\/#primaryimage\"},\"image\":{\"@id\":\"https:\/\/evertonfc.cz\/index.php\/2025\/01\/21\/everton-w-aston-villa-w-11\/#primaryimage\"},\"thumbnailUrl\":\"https:\/\/evertonfc.cz\/wp-content\/uploads\/2025\/01\/Everton-Aston-Villa19_1_2025-web.jpg\",\"datePublished\":\"2025-01-21T20:51:24+00:00\",\"dateModified\":\"2025-01-28T16:00:43+00:00\",\"breadcrumb\":{\"@id\":\"https:\/\/evertonfc.cz\/index.php\/2025\/01\/21\/everton-w-aston-villa-w-11\/#breadcrumb\"},\"inLanguage\":\"cs\",\"potentialAction\":[{\"@type\":\"ReadAction\",\"target\":[\"https:\/\/evertonfc.cz\/index.php\/2025\/01\/21\/everton-w-aston-villa-w-11\/\"]}]},{\"@type\":\"ImageObject\",\"inLanguage\":\"cs\",\"@id\":\"https:\/\/evertonfc.cz\/index.php\/2025\/01\/21\/everton-w-aston-villa-w-11\/#primaryimage\",\"url\":\"https:\/\/evertonfc.cz\/wp-content\/uploads\/2025\/01\/Everton-Aston-Villa19_1_2025-web.jpg\",\"contentUrl\":\"https:\/\/evertonfc.cz\/wp-content\/uploads\/2025\/01\/Everton-Aston-Villa19_1_2025-web.jpg\",\"width\":720,\"height\":405},{\"@type\":\"BreadcrumbList\",\"@id\":\"https:\/\/evertonfc.cz\/index.php\/2025\/01\/21\/everton-w-aston-villa-w-11\/#breadcrumb\",\"itemListElement\":[{\"@type\":\"ListItem\",\"position\":1,\"name\":\"Home\",\"item\":\"https:\/\/evertonfc.cz\/\"},{\"@type\":\"ListItem\",\"position\":2,\"name\":\"Everton W &#8211; Aston Villa W 1:1\"}]},{\"@type\":\"WebSite\",\"@id\":\"https:\/\/evertonfc.cz\/#website\",\"url\":\"https:\/\/evertonfc.cz\/\",\"name\":\"Official Czech &amp; Slovak Everton Supporters&#039; Club\",\"description\":\"\",\"publisher\":{\"@id\":\"https:\/\/evertonfc.cz\/#organization\"},\"potentialAction\":[{\"@type\":\"SearchAction\",\"target\":{\"@type\":\"EntryPoint\",\"urlTemplate\":\"https:\/\/evertonfc.cz\/?s={search_term_string}\"},\"query-input\":{\"@type\":\"PropertyValueSpecification\",\"valueRequired\":true,\"valueName\":\"search_term_string\"}}],\"inLanguage\":\"cs\"},{\"@type\":\"Organization\",\"@id\":\"https:\/\/evertonfc.cz\/#organization\",\"name\":\"Official Czech & Slovak Everton Supporters' Club\",\"url\":\"https:\/\/evertonfc.cz\/\",\"logo\":{\"@type\":\"ImageObject\",\"inLanguage\":\"cs\",\"@id\":\"https:\/\/evertonfc.cz\/#\/schema\/logo\/image\/\",\"url\":\"https:\/\/evertonfc.cz\/wp-content\/uploads\/2019\/05\/logo.png\",\"contentUrl\":\"https:\/\/evertonfc.cz\/wp-content\/uploads\/2019\/05\/logo.png\",\"width\":112,\"height\":112,\"caption\":\"Official Czech & Slovak Everton Supporters' Club\"},\"image\":{\"@id\":\"https:\/\/evertonfc.cz\/#\/schema\/logo\/image\/\"},\"sameAs\":[\"https:\/\/www.facebook.com\/everton.fans.cz.sk\"]},{\"@type\":\"Person\",\"@id\":\"https:\/\/evertonfc.cz\/#\/schema\/person\/e9a24a80a32efa1344dd2c4e5882185c\",\"name\":\"Karamela\",\"url\":\"https:\/\/evertonfc.cz\/index.php\/author\/karamela\/\"}]}<\/script>\n<!-- \/ Yoast SEO plugin. -->","yoast_head_json":{"title":"Everton W - Aston Villa W 1:1 - Official Czech &amp; Slovak Everton Supporters&#039; Club","robots":{"index":"index","follow":"follow","max-snippet":"max-snippet:-1","max-image-preview":"max-image-preview:large","max-video-preview":"max-video-preview:-1"},"canonical":"https:\/\/evertonfc.cz\/index.php\/2025\/01\/21\/everton-w-aston-villa-w-11\/","og_locale":"cs_CZ","og_type":"article","og_title":"Everton W - Aston Villa W 1:1 - Official Czech &amp; Slovak Everton Supporters&#039; Club","og_description":"P\u0159es nevl\u00eddn\u00e9 lednov\u00e9 po\u010das\u00ed si nabit\u00fd Walton Hall Park nenechal uj\u00edt prvn\u00ed z\u00e1pas nov\u00e9ho roku. Nen\u00ed divu, na lavi\u010dce se choulily t\u0159i dosavadn\u00ed posily a Fern\u00e1ndez s Ladd se do\u010dkaly nominace do z\u00e1kladn\u00ed sestavy. Tak\u017ee zv\u011bdavost sm\u00ed\u0161en\u00e1 s o\u010dek\u00e1v\u00e1n\u00edm byla na m\u00edst\u011b.","og_url":"https:\/\/evertonfc.cz\/index.php\/2025\/01\/21\/everton-w-aston-villa-w-11\/","og_site_name":"Official Czech &amp; Slovak Everton Supporters&#039; Club","article_publisher":"https:\/\/www.facebook.com\/everton.fans.cz.sk","article_published_time":"2025-01-21T20:51:24+00:00","article_modified_time":"2025-01-28T16:00:43+00:00","og_image":[{"width":720,"height":405,"url":"https:\/\/evertonfc.cz\/wp-content\/uploads\/2025\/01\/Everton-Aston-Villa19_1_2025-web.jpg","type":"image\/jpeg"}],"author":"Karamela","twitter_card":"summary_large_image","twitter_misc":{"Napsal(a)":"Karamela","Odhadovan\u00e1 doba \u010dten\u00ed":"4 minuty"},"schema":{"@context":"https:\/\/schema.org","@graph":[{"@type":"Article","@id":"https:\/\/evertonfc.cz\/index.php\/2025\/01\/21\/everton-w-aston-villa-w-11\/#article","isPartOf":{"@id":"https:\/\/evertonfc.cz\/index.php\/2025\/01\/21\/everton-w-aston-villa-w-11\/"},"author":{"name":"Karamela","@id":"https:\/\/evertonfc.cz\/#\/schema\/person\/e9a24a80a32efa1344dd2c4e5882185c"},"headline":"Everton W &#8211; Aston Villa W 1:1","datePublished":"2025-01-21T20:51:24+00:00","dateModified":"2025-01-28T16:00:43+00:00","mainEntityOfPage":{"@id":"https:\/\/evertonfc.cz\/index.php\/2025\/01\/21\/everton-w-aston-villa-w-11\/"},"wordCount":928,"commentCount":0,"publisher":{"@id":"https:\/\/evertonfc.cz\/#organization"},"image":{"@id":"https:\/\/evertonfc.cz\/index.php\/2025\/01\/21\/everton-w-aston-villa-w-11\/#primaryimage"},"thumbnailUrl":"https:\/\/evertonfc.cz\/wp-content\/uploads\/2025\/01\/Everton-Aston-Villa19_1_2025-web.jpg","articleSection":["Everton Women"],"inLanguage":"cs","potentialAction":[{"@type":"CommentAction","name":"Comment","target":["https:\/\/evertonfc.cz\/index.php\/2025\/01\/21\/everton-w-aston-villa-w-11\/#respond"]}]},{"@type":"WebPage","@id":"https:\/\/evertonfc.cz\/index.php\/2025\/01\/21\/everton-w-aston-villa-w-11\/","url":"https:\/\/evertonfc.cz\/index.php\/2025\/01\/21\/everton-w-aston-villa-w-11\/","name":"Everton W - Aston Villa W 1:1 - Official Czech &amp; Slovak Everton Supporters&#039; Club","isPartOf":{"@id":"https:\/\/evertonfc.cz\/#website"},"primaryImageOfPage":{"@id":"https:\/\/evertonfc.cz\/index.php\/2025\/01\/21\/everton-w-aston-villa-w-11\/#primaryimage"},"image":{"@id":"https:\/\/evertonfc.cz\/index.php\/2025\/01\/21\/everton-w-aston-villa-w-11\/#primaryimage"},"thumbnailUrl":"https:\/\/evertonfc.cz\/wp-content\/uploads\/2025\/01\/Everton-Aston-Villa19_1_2025-web.jpg","datePublished":"2025-01-21T20:51:24+00:00","dateModified":"2025-01-28T16:00:43+00:00","breadcrumb":{"@id":"https:\/\/evertonfc.cz\/index.php\/2025\/01\/21\/everton-w-aston-villa-w-11\/#breadcrumb"},"inLanguage":"cs","potentialAction":[{"@type":"ReadAction","target":["https:\/\/evertonfc.cz\/index.php\/2025\/01\/21\/everton-w-aston-villa-w-11\/"]}]},{"@type":"ImageObject","inLanguage":"cs","@id":"https:\/\/evertonfc.cz\/index.php\/2025\/01\/21\/everton-w-aston-villa-w-11\/#primaryimage","url":"https:\/\/evertonfc.cz\/wp-content\/uploads\/2025\/01\/Everton-Aston-Villa19_1_2025-web.jpg","contentUrl":"https:\/\/evertonfc.cz\/wp-content\/uploads\/2025\/01\/Everton-Aston-Villa19_1_2025-web.jpg","width":720,"height":405},{"@type":"BreadcrumbList","@id":"https:\/\/evertonfc.cz\/index.php\/2025\/01\/21\/everton-w-aston-villa-w-11\/#breadcrumb","itemListElement":[{"@type":"ListItem","position":1,"name":"Home","item":"https:\/\/evertonfc.cz\/"},{"@type":"ListItem","position":2,"name":"Everton W &#8211; Aston Villa W 1:1"}]},{"@type":"WebSite","@id":"https:\/\/evertonfc.cz\/#website","url":"https:\/\/evertonfc.cz\/","name":"Official Czech &amp; Slovak Everton Supporters&#039; Club","description":"","publisher":{"@id":"https:\/\/evertonfc.cz\/#organization"},"potentialAction":[{"@type":"SearchAction","target":{"@type":"EntryPoint","urlTemplate":"https:\/\/evertonfc.cz\/?s={search_term_string}"},"query-input":{"@type":"PropertyValueSpecification","valueRequired":true,"valueName":"search_term_string"}}],"inLanguage":"cs"},{"@type":"Organization","@id":"https:\/\/evertonfc.cz\/#organization","name":"Official Czech & Slovak Everton Supporters' Club","url":"https:\/\/evertonfc.cz\/","logo":{"@type":"ImageObject","inLanguage":"cs","@id":"https:\/\/evertonfc.cz\/#\/schema\/logo\/image\/","url":"https:\/\/evertonfc.cz\/wp-content\/uploads\/2019\/05\/logo.png","contentUrl":"https:\/\/evertonfc.cz\/wp-content\/uploads\/2019\/05\/logo.png","width":112,"height":112,"caption":"Official Czech & Slovak Everton Supporters' Club"},"image":{"@id":"https:\/\/evertonfc.cz\/#\/schema\/logo\/image\/"},"sameAs":["https:\/\/www.facebook.com\/everton.fans.cz.sk"]},{"@type":"Person","@id":"https:\/\/evertonfc.cz\/#\/schema\/person\/e9a24a80a32efa1344dd2c4e5882185c","name":"Karamela","url":"https:\/\/evertonfc.cz\/index.php\/author\/karamela\/"}]}},"_links":{"self":[{"href":"https:\/\/evertonfc.cz\/index.php\/wp-json\/wp\/v2\/posts\/26127"}],"collection":[{"href":"https:\/\/evertonfc.cz\/index.php\/wp-json\/wp\/v2\/posts"}],"about":[{"href":"https:\/\/evertonfc.cz\/index.php\/wp-json\/wp\/v2\/types\/post"}],"author":[{"embeddable":true,"href":"https:\/\/evertonfc.cz\/index.php\/wp-json\/wp\/v2\/users\/26"}],"replies":[{"embeddable":true,"href":"https:\/\/evertonfc.cz\/index.php\/wp-json\/wp\/v2\/comments?post=26127"}],"version-history":[{"count":5,"href":"https:\/\/evertonfc.cz\/index.php\/wp-json\/wp\/v2\/posts\/26127\/revisions"}],"predecessor-version":[{"id":26162,"href":"https:\/\/evertonfc.cz\/index.php\/wp-json\/wp\/v2\/posts\/26127\/revisions\/26162"}],"wp:featuredmedia":[{"embeddable":true,"href":"https:\/\/evertonfc.cz\/index.php\/wp-json\/wp\/v2\/media\/26130"}],"wp:attachment":[{"href":"https:\/\/evertonfc.cz\/index.php\/wp-json\/wp\/v2\/media?parent=26127"}],"wp:term":[{"taxonomy":"category","embeddable":true,"href":"https:\/\/evertonfc.cz\/index.php\/wp-json\/wp\/v2\/categories?post=26127"},{"taxonomy":"post_tag","embeddable":true,"href":"https:\/\/evertonfc.cz\/index.php\/wp-json\/wp\/v2\/tags?post=26127"}],"curies":[{"name":"wp","href":"https:\/\/api.w.org\/{rel}","templated":true}]}}