{"id":26135,"date":"2025-01-25T10:56:22","date_gmt":"2025-01-25T09:56:22","guid":{"rendered":"https:\/\/evertonfc.cz\/?p=26135"},"modified":"2025-01-25T13:26:30","modified_gmt":"2025-01-25T12:26:30","slug":"preview-brighton-hove-albion-everton-6","status":"publish","type":"post","link":"https:\/\/evertonfc.cz\/index.php\/2025\/01\/25\/preview-brighton-hove-albion-everton-6\/","title":{"rendered":"Preview: Brighton &#038; Hove Albion &#8211; Everton"},"content":{"rendered":"<h4>Nav\u00e1\u017ee Everton v sedmist\u00e9m utk\u00e1n\u00ed mana\u017eera v Premier League na zlep\u0161en\u00fd v\u00fdkon z ned\u011ble?<\/h4>\n<p>Karamelky se prezentovaly solidn\u00edm v\u00fdkonem, snad a\u017e na posledn\u00edch 15 minut.\u00a0<a href=\"https:\/\/evertonfc.cz\/index.php\/2025\/01\/20\/everton-tottenham-hotspur-32\/\">V\u00edt\u011bzstv\u00ed 3:2<\/a> bylo zaslou\u017een\u00e9 a nepochybn\u011b k n\u011bmu p\u0159isp\u011bl i Goodison Park. Dnes odpoledne se dov\u00edme, zda jde aspo\u0148 o za\u010d\u00e1tek trendu nebo \u0161lo sp\u00ed\u0161e o v\u00fdkyv.<\/p>\n<p>Na p\u0159edz\u00e1pasov\u00e9 konferenci ohl\u00e1sil Moyes \u0161patnou zpr\u00e1vou ohledn\u011b McNeila. Jeho zran\u011bn\u00e9 koleno mo\u017en\u00e1 bude vy\u017eadovat operaci. O tom rozhodne specialista, za kter\u00fdm toto k\u0159\u00eddlo bude muset zaj\u00edt. Dal\u0161\u00edmi absent\u00e9ry (a nutno napsati, \u017ee obvykl\u00fdmi) jsou Broja, Coleman, Chermiti a Ireogbunam (ten u\u017e tr\u00e9nuje s t\u00fdmem). Naopak Garner by mohl b\u00fdt p\u0159ipraven aspo\u0148 na lavi\u010dku. Ohledn\u011b Brojy se za\u010d\u00edn\u00e1 spekulovat, \u017ee by mohl b\u00fdt vr\u00e1cen zp\u011bt Chelsea, ze kter\u00e9 do Evertonu na ro\u010dn\u00ed hostov\u00e1n\u00ed p\u0159i\u0161el. Zat\u00edm je ale v tomto sm\u011bru v\u0161e mlhav\u00e9.<\/p>\n<p>Brighton hraje klidn\u00fd st\u0159ed tabulky. Do utk\u00e1n\u00ed vstupuje v solidn\u00ed form\u011b, na 3 rem\u00edzy v \u0159ad\u011b nav\u00e1zaly 3 v\u00fdhry, v\u010detn\u011b \u010dty\u0159ky v Norwichi v Anglick\u00e9m poh\u00e1ru a trojky na Old Trafford. Brighton m\u00e1 podobnou marodku. Ze zdravotn\u00edch d\u016fvod\u016f nebudou hr\u00e1t Ferguson (kotn\u00edk), Igor, Milner a Wieffer (v\u0161ichni kv\u016fi stehnu), Kadioglu (prst na noze) a Steele (rameno). S otazn\u00edkem ohledn\u011b dispozice k z\u00e1pasu je trojice Dunk-Hinshelwood-O\u00b4Riley.<\/p>\n<p><strong>Co: <\/strong>Brighton &amp; Hove Albion FC &#8211; Everton FC, 23. kolo Premier League<br \/>\n<strong>Kdy:\u00a0<\/strong>25. 1. 2025 od 16:00<br \/>\n<strong>Kde:\u00a0<\/strong>Falmer Stadium &#8211; Village Way, Brighton, BN1 9BL (kapacita: 31 876)<br \/>\n<strong>TV:\u00a0<\/strong>P\u0159\u00edm\u00fd p\u0159enos na stanici Canal+ Sport6, komentuje \u0160t\u011bp\u00e1n H\u00e1jek<br \/>\n<strong>Rozhod\u010d\u00ed:\u00a0<\/strong>Tim Robinson &#8211; Tim Wood, Steve Meredith\u00a0 <strong>\u010ctvrt\u00fd rozhod\u010d\u00ed:\u00a0<\/strong>Tom Nield<br \/>\n<strong>Videorozhod\u010d\u00ed:\u00a0<\/strong>Graham Scott\u00a0 <strong>Asistent videorozhod\u010d\u00edho:\u00a0<\/strong>Gary Beswick<\/p>\n","protected":false},"excerpt":{"rendered":"<p>Nav\u00e1\u017ee Everton v sedmist\u00e9m utk\u00e1n\u00ed mana\u017eera v Premier League na zlep\u0161en\u00fd v\u00fdkon z ned\u011ble?<\/p>\n","protected":false},"author":12,"featured_media":14932,"comment_status":"open","ping_status":"closed","sticky":false,"template":"","format":"standard","meta":{"_eb_attr":"","_monsterinsights_skip_tracking":false,"_monsterinsights_sitenote_active":false,"_monsterinsights_sitenote_note":"","_monsterinsights_sitenote_category":0,"footnotes":""},"categories":[4],"tags":[],"yoast_head":"<!-- This site is optimized with the Yoast SEO plugin v23.4 - https:\/\/yoast.com\/wordpress\/plugins\/seo\/ -->\n<title>Preview: Brighton &amp; Hove Albion - Everton - Official Czech &amp; Slovak Everton Supporters&#039; Club<\/title>\n<meta name=\"description\" content=\"Nav\u00e1\u017ee Everton v sedmist\u00e9m utk\u00e1n\u00ed mana\u017eera v Premier League na zlep\u0161en\u00fd v\u00fdkon z ned\u011ble?\" \/>\n<meta name=\"robots\" content=\"index, follow, max-snippet:-1, max-image-preview:large, max-video-preview:-1\" \/>\n<link rel=\"canonical\" href=\"https:\/\/evertonfc.cz\/index.php\/2025\/01\/25\/preview-brighton-hove-albion-everton-6\/\" \/>\n<meta property=\"og:locale\" content=\"cs_CZ\" \/>\n<meta property=\"og:type\" content=\"article\" \/>\n<meta property=\"og:title\" content=\"Preview: Brighton &amp; Hove Albion - Everton - Official Czech &amp; Slovak Everton Supporters&#039; Club\" \/>\n<meta property=\"og:description\" content=\"Nav\u00e1\u017ee Everton v sedmist\u00e9m utk\u00e1n\u00ed mana\u017eera v Premier League na zlep\u0161en\u00fd v\u00fdkon z ned\u011ble?\" \/>\n<meta property=\"og:url\" content=\"https:\/\/evertonfc.cz\/index.php\/2025\/01\/25\/preview-brighton-hove-albion-everton-6\/\" \/>\n<meta property=\"og:site_name\" content=\"Official Czech &amp; Slovak Everton Supporters&#039; Club\" \/>\n<meta property=\"article:publisher\" content=\"https:\/\/www.facebook.com\/everton.fans.cz.sk\" \/>\n<meta property=\"article:published_time\" content=\"2025-01-25T09:56:22+00:00\" \/>\n<meta property=\"article:modified_time\" content=\"2025-01-25T12:26:30+00:00\" \/>\n<meta property=\"og:image\" content=\"https:\/\/evertonfc.cz\/wp-content\/uploads\/2021\/04\/Brighton-and-Hove-Albion-VS-Everton.jpg\" \/>\n\t<meta property=\"og:image:width\" content=\"720\" \/>\n\t<meta property=\"og:image:height\" content=\"405\" \/>\n\t<meta property=\"og:image:type\" content=\"image\/jpeg\" \/>\n<meta name=\"author\" content=\"Javor\" \/>\n<meta name=\"twitter:card\" content=\"summary_large_image\" \/>\n<meta name=\"twitter:creator\" content=\"@LoudinJan\" \/>\n<meta name=\"twitter:label1\" content=\"Napsal(a)\" \/>\n\t<meta name=\"twitter:data1\" content=\"Javor\" \/>\n\t<meta name=\"twitter:label2\" content=\"Odhadovan\u00e1 doba \u010dten\u00ed\" \/>\n\t<meta name=\"twitter:data2\" content=\"2 minuty\" \/>\n<script type=\"application\/ld+json\" class=\"yoast-schema-graph\">{\"@context\":\"https:\/\/schema.org\",\"@graph\":[{\"@type\":\"Article\",\"@id\":\"https:\/\/evertonfc.cz\/index.php\/2025\/01\/25\/preview-brighton-hove-albion-everton-6\/#article\",\"isPartOf\":{\"@id\":\"https:\/\/evertonfc.cz\/index.php\/2025\/01\/25\/preview-brighton-hove-albion-everton-6\/\"},\"author\":{\"name\":\"Javor\",\"@id\":\"https:\/\/evertonfc.cz\/#\/schema\/person\/b30daf6a5852f4811f8207a17ec1bf78\"},\"headline\":\"Preview: Brighton &#038; Hove Albion &#8211; Everton\",\"datePublished\":\"2025-01-25T09:56:22+00:00\",\"dateModified\":\"2025-01-25T12:26:30+00:00\",\"mainEntityOfPage\":{\"@id\":\"https:\/\/evertonfc.cz\/index.php\/2025\/01\/25\/preview-brighton-hove-albion-everton-6\/\"},\"wordCount\":327,\"commentCount\":7,\"publisher\":{\"@id\":\"https:\/\/evertonfc.cz\/#organization\"},\"image\":{\"@id\":\"https:\/\/evertonfc.cz\/index.php\/2025\/01\/25\/preview-brighton-hove-albion-everton-6\/#primaryimage\"},\"thumbnailUrl\":\"https:\/\/evertonfc.cz\/wp-content\/uploads\/2021\/04\/Brighton-and-Hove-Albion-VS-Everton.jpg\",\"articleSection\":[\"Z\u00e1pasy\"],\"inLanguage\":\"cs\",\"potentialAction\":[{\"@type\":\"CommentAction\",\"name\":\"Comment\",\"target\":[\"https:\/\/evertonfc.cz\/index.php\/2025\/01\/25\/preview-brighton-hove-albion-everton-6\/#respond\"]}]},{\"@type\":\"WebPage\",\"@id\":\"https:\/\/evertonfc.cz\/index.php\/2025\/01\/25\/preview-brighton-hove-albion-everton-6\/\",\"url\":\"https:\/\/evertonfc.cz\/index.php\/2025\/01\/25\/preview-brighton-hove-albion-everton-6\/\",\"name\":\"Preview: Brighton & Hove Albion - Everton - Official Czech &amp; Slovak Everton Supporters&#039; Club\",\"isPartOf\":{\"@id\":\"https:\/\/evertonfc.cz\/#website\"},\"primaryImageOfPage\":{\"@id\":\"https:\/\/evertonfc.cz\/index.php\/2025\/01\/25\/preview-brighton-hove-albion-everton-6\/#primaryimage\"},\"image\":{\"@id\":\"https:\/\/evertonfc.cz\/index.php\/2025\/01\/25\/preview-brighton-hove-albion-everton-6\/#primaryimage\"},\"thumbnailUrl\":\"https:\/\/evertonfc.cz\/wp-content\/uploads\/2021\/04\/Brighton-and-Hove-Albion-VS-Everton.jpg\",\"datePublished\":\"2025-01-25T09:56:22+00:00\",\"dateModified\":\"2025-01-25T12:26:30+00:00\",\"description\":\"Nav\u00e1\u017ee Everton v sedmist\u00e9m utk\u00e1n\u00ed mana\u017eera v Premier League na zlep\u0161en\u00fd v\u00fdkon z ned\u011ble?\",\"breadcrumb\":{\"@id\":\"https:\/\/evertonfc.cz\/index.php\/2025\/01\/25\/preview-brighton-hove-albion-everton-6\/#breadcrumb\"},\"inLanguage\":\"cs\",\"potentialAction\":[{\"@type\":\"ReadAction\",\"target\":[\"https:\/\/evertonfc.cz\/index.php\/2025\/01\/25\/preview-brighton-hove-albion-everton-6\/\"]}]},{\"@type\":\"ImageObject\",\"inLanguage\":\"cs\",\"@id\":\"https:\/\/evertonfc.cz\/index.php\/2025\/01\/25\/preview-brighton-hove-albion-everton-6\/#primaryimage\",\"url\":\"https:\/\/evertonfc.cz\/wp-content\/uploads\/2021\/04\/Brighton-and-Hove-Albion-VS-Everton.jpg\",\"contentUrl\":\"https:\/\/evertonfc.cz\/wp-content\/uploads\/2021\/04\/Brighton-and-Hove-Albion-VS-Everton.jpg\",\"width\":720,\"height\":405},{\"@type\":\"BreadcrumbList\",\"@id\":\"https:\/\/evertonfc.cz\/index.php\/2025\/01\/25\/preview-brighton-hove-albion-everton-6\/#breadcrumb\",\"itemListElement\":[{\"@type\":\"ListItem\",\"position\":1,\"name\":\"Home\",\"item\":\"https:\/\/evertonfc.cz\/\"},{\"@type\":\"ListItem\",\"position\":2,\"name\":\"Preview: Brighton &#038; Hove Albion &#8211; Everton\"}]},{\"@type\":\"WebSite\",\"@id\":\"https:\/\/evertonfc.cz\/#website\",\"url\":\"https:\/\/evertonfc.cz\/\",\"name\":\"Official Czech &amp; Slovak Everton Supporters&#039; Club\",\"description\":\"\",\"publisher\":{\"@id\":\"https:\/\/evertonfc.cz\/#organization\"},\"potentialAction\":[{\"@type\":\"SearchAction\",\"target\":{\"@type\":\"EntryPoint\",\"urlTemplate\":\"https:\/\/evertonfc.cz\/?s={search_term_string}\"},\"query-input\":{\"@type\":\"PropertyValueSpecification\",\"valueRequired\":true,\"valueName\":\"search_term_string\"}}],\"inLanguage\":\"cs\"},{\"@type\":\"Organization\",\"@id\":\"https:\/\/evertonfc.cz\/#organization\",\"name\":\"Official Czech & Slovak Everton Supporters' Club\",\"url\":\"https:\/\/evertonfc.cz\/\",\"logo\":{\"@type\":\"ImageObject\",\"inLanguage\":\"cs\",\"@id\":\"https:\/\/evertonfc.cz\/#\/schema\/logo\/image\/\",\"url\":\"https:\/\/evertonfc.cz\/wp-content\/uploads\/2019\/05\/logo.png\",\"contentUrl\":\"https:\/\/evertonfc.cz\/wp-content\/uploads\/2019\/05\/logo.png\",\"width\":112,\"height\":112,\"caption\":\"Official Czech & Slovak Everton Supporters' Club\"},\"image\":{\"@id\":\"https:\/\/evertonfc.cz\/#\/schema\/logo\/image\/\"},\"sameAs\":[\"https:\/\/www.facebook.com\/everton.fans.cz.sk\"]},{\"@type\":\"Person\",\"@id\":\"https:\/\/evertonfc.cz\/#\/schema\/person\/b30daf6a5852f4811f8207a17ec1bf78\",\"name\":\"Javor\",\"sameAs\":[\"https:\/\/x.com\/LoudinJan\"],\"url\":\"https:\/\/evertonfc.cz\/index.php\/author\/javor\/\"}]}<\/script>\n<!-- \/ Yoast SEO plugin. -->","yoast_head_json":{"title":"Preview: Brighton & Hove Albion - Everton - Official Czech &amp; Slovak Everton Supporters&#039; Club","description":"Nav\u00e1\u017ee Everton v sedmist\u00e9m utk\u00e1n\u00ed mana\u017eera v Premier League na zlep\u0161en\u00fd v\u00fdkon z ned\u011ble?","robots":{"index":"index","follow":"follow","max-snippet":"max-snippet:-1","max-image-preview":"max-image-preview:large","max-video-preview":"max-video-preview:-1"},"canonical":"https:\/\/evertonfc.cz\/index.php\/2025\/01\/25\/preview-brighton-hove-albion-everton-6\/","og_locale":"cs_CZ","og_type":"article","og_title":"Preview: Brighton & Hove Albion - Everton - Official Czech &amp; Slovak Everton Supporters&#039; Club","og_description":"Nav\u00e1\u017ee Everton v sedmist\u00e9m utk\u00e1n\u00ed mana\u017eera v Premier League na zlep\u0161en\u00fd v\u00fdkon z ned\u011ble?","og_url":"https:\/\/evertonfc.cz\/index.php\/2025\/01\/25\/preview-brighton-hove-albion-everton-6\/","og_site_name":"Official Czech &amp; Slovak Everton Supporters&#039; Club","article_publisher":"https:\/\/www.facebook.com\/everton.fans.cz.sk","article_published_time":"2025-01-25T09:56:22+00:00","article_modified_time":"2025-01-25T12:26:30+00:00","og_image":[{"width":720,"height":405,"url":"https:\/\/evertonfc.cz\/wp-content\/uploads\/2021\/04\/Brighton-and-Hove-Albion-VS-Everton.jpg","type":"image\/jpeg"}],"author":"Javor","twitter_card":"summary_large_image","twitter_creator":"@LoudinJan","twitter_misc":{"Napsal(a)":"Javor","Odhadovan\u00e1 doba \u010dten\u00ed":"2 minuty"},"schema":{"@context":"https:\/\/schema.org","@graph":[{"@type":"Article","@id":"https:\/\/evertonfc.cz\/index.php\/2025\/01\/25\/preview-brighton-hove-albion-everton-6\/#article","isPartOf":{"@id":"https:\/\/evertonfc.cz\/index.php\/2025\/01\/25\/preview-brighton-hove-albion-everton-6\/"},"author":{"name":"Javor","@id":"https:\/\/evertonfc.cz\/#\/schema\/person\/b30daf6a5852f4811f8207a17ec1bf78"},"headline":"Preview: Brighton &#038; Hove Albion &#8211; Everton","datePublished":"2025-01-25T09:56:22+00:00","dateModified":"2025-01-25T12:26:30+00:00","mainEntityOfPage":{"@id":"https:\/\/evertonfc.cz\/index.php\/2025\/01\/25\/preview-brighton-hove-albion-everton-6\/"},"wordCount":327,"commentCount":7,"publisher":{"@id":"https:\/\/evertonfc.cz\/#organization"},"image":{"@id":"https:\/\/evertonfc.cz\/index.php\/2025\/01\/25\/preview-brighton-hove-albion-everton-6\/#primaryimage"},"thumbnailUrl":"https:\/\/evertonfc.cz\/wp-content\/uploads\/2021\/04\/Brighton-and-Hove-Albion-VS-Everton.jpg","articleSection":["Z\u00e1pasy"],"inLanguage":"cs","potentialAction":[{"@type":"CommentAction","name":"Comment","target":["https:\/\/evertonfc.cz\/index.php\/2025\/01\/25\/preview-brighton-hove-albion-everton-6\/#respond"]}]},{"@type":"WebPage","@id":"https:\/\/evertonfc.cz\/index.php\/2025\/01\/25\/preview-brighton-hove-albion-everton-6\/","url":"https:\/\/evertonfc.cz\/index.php\/2025\/01\/25\/preview-brighton-hove-albion-everton-6\/","name":"Preview: Brighton & Hove Albion - Everton - Official Czech &amp; Slovak Everton Supporters&#039; Club","isPartOf":{"@id":"https:\/\/evertonfc.cz\/#website"},"primaryImageOfPage":{"@id":"https:\/\/evertonfc.cz\/index.php\/2025\/01\/25\/preview-brighton-hove-albion-everton-6\/#primaryimage"},"image":{"@id":"https:\/\/evertonfc.cz\/index.php\/2025\/01\/25\/preview-brighton-hove-albion-everton-6\/#primaryimage"},"thumbnailUrl":"https:\/\/evertonfc.cz\/wp-content\/uploads\/2021\/04\/Brighton-and-Hove-Albion-VS-Everton.jpg","datePublished":"2025-01-25T09:56:22+00:00","dateModified":"2025-01-25T12:26:30+00:00","description":"Nav\u00e1\u017ee Everton v sedmist\u00e9m utk\u00e1n\u00ed mana\u017eera v Premier League na zlep\u0161en\u00fd v\u00fdkon z ned\u011ble?","breadcrumb":{"@id":"https:\/\/evertonfc.cz\/index.php\/2025\/01\/25\/preview-brighton-hove-albion-everton-6\/#breadcrumb"},"inLanguage":"cs","potentialAction":[{"@type":"ReadAction","target":["https:\/\/evertonfc.cz\/index.php\/2025\/01\/25\/preview-brighton-hove-albion-everton-6\/"]}]},{"@type":"ImageObject","inLanguage":"cs","@id":"https:\/\/evertonfc.cz\/index.php\/2025\/01\/25\/preview-brighton-hove-albion-everton-6\/#primaryimage","url":"https:\/\/evertonfc.cz\/wp-content\/uploads\/2021\/04\/Brighton-and-Hove-Albion-VS-Everton.jpg","contentUrl":"https:\/\/evertonfc.cz\/wp-content\/uploads\/2021\/04\/Brighton-and-Hove-Albion-VS-Everton.jpg","width":720,"height":405},{"@type":"BreadcrumbList","@id":"https:\/\/evertonfc.cz\/index.php\/2025\/01\/25\/preview-brighton-hove-albion-everton-6\/#breadcrumb","itemListElement":[{"@type":"ListItem","position":1,"name":"Home","item":"https:\/\/evertonfc.cz\/"},{"@type":"ListItem","position":2,"name":"Preview: Brighton &#038; Hove Albion &#8211; Everton"}]},{"@type":"WebSite","@id":"https:\/\/evertonfc.cz\/#website","url":"https:\/\/evertonfc.cz\/","name":"Official Czech &amp; Slovak Everton Supporters&#039; Club","description":"","publisher":{"@id":"https:\/\/evertonfc.cz\/#organization"},"potentialAction":[{"@type":"SearchAction","target":{"@type":"EntryPoint","urlTemplate":"https:\/\/evertonfc.cz\/?s={search_term_string}"},"query-input":{"@type":"PropertyValueSpecification","valueRequired":true,"valueName":"search_term_string"}}],"inLanguage":"cs"},{"@type":"Organization","@id":"https:\/\/evertonfc.cz\/#organization","name":"Official Czech & Slovak Everton Supporters' Club","url":"https:\/\/evertonfc.cz\/","logo":{"@type":"ImageObject","inLanguage":"cs","@id":"https:\/\/evertonfc.cz\/#\/schema\/logo\/image\/","url":"https:\/\/evertonfc.cz\/wp-content\/uploads\/2019\/05\/logo.png","contentUrl":"https:\/\/evertonfc.cz\/wp-content\/uploads\/2019\/05\/logo.png","width":112,"height":112,"caption":"Official Czech & Slovak Everton Supporters' Club"},"image":{"@id":"https:\/\/evertonfc.cz\/#\/schema\/logo\/image\/"},"sameAs":["https:\/\/www.facebook.com\/everton.fans.cz.sk"]},{"@type":"Person","@id":"https:\/\/evertonfc.cz\/#\/schema\/person\/b30daf6a5852f4811f8207a17ec1bf78","name":"Javor","sameAs":["https:\/\/x.com\/LoudinJan"],"url":"https:\/\/evertonfc.cz\/index.php\/author\/javor\/"}]}},"_links":{"self":[{"href":"https:\/\/evertonfc.cz\/index.php\/wp-json\/wp\/v2\/posts\/26135"}],"collection":[{"href":"https:\/\/evertonfc.cz\/index.php\/wp-json\/wp\/v2\/posts"}],"about":[{"href":"https:\/\/evertonfc.cz\/index.php\/wp-json\/wp\/v2\/types\/post"}],"author":[{"embeddable":true,"href":"https:\/\/evertonfc.cz\/index.php\/wp-json\/wp\/v2\/users\/12"}],"replies":[{"embeddable":true,"href":"https:\/\/evertonfc.cz\/index.php\/wp-json\/wp\/v2\/comments?post=26135"}],"version-history":[{"count":7,"href":"https:\/\/evertonfc.cz\/index.php\/wp-json\/wp\/v2\/posts\/26135\/revisions"}],"predecessor-version":[{"id":26142,"href":"https:\/\/evertonfc.cz\/index.php\/wp-json\/wp\/v2\/posts\/26135\/revisions\/26142"}],"wp:featuredmedia":[{"embeddable":true,"href":"https:\/\/evertonfc.cz\/index.php\/wp-json\/wp\/v2\/media\/14932"}],"wp:attachment":[{"href":"https:\/\/evertonfc.cz\/index.php\/wp-json\/wp\/v2\/media?parent=26135"}],"wp:term":[{"taxonomy":"category","embeddable":true,"href":"https:\/\/evertonfc.cz\/index.php\/wp-json\/wp\/v2\/categories?post=26135"},{"taxonomy":"post_tag","embeddable":true,"href":"https:\/\/evertonfc.cz\/index.php\/wp-json\/wp\/v2\/tags?post=26135"}],"curies":[{"name":"wp","href":"https:\/\/api.w.org\/{rel}","templated":true}]}}