{"id":26144,"date":"2025-01-26T16:37:13","date_gmt":"2025-01-26T15:37:13","guid":{"rendered":"https:\/\/evertonfc.cz\/?p=26144"},"modified":"2025-01-31T14:22:51","modified_gmt":"2025-01-31T13:22:51","slug":"brighton-everton-01","status":"publish","type":"post","link":"https:\/\/evertonfc.cz\/index.php\/2025\/01\/26\/brighton-everton-01\/","title":{"rendered":"Brighton &#038; Hove Albion &#8211; Everton 0:1"},"content":{"rendered":"<h4>Star\u00fd maz\u00e1k Moyes vyzr\u00e1l na mlad\u00e9ho Racka H\u00fcrzelera, Everton tak p\u0159ekvapiv\u011b veze 3 body z\u00a0jihu Anglie. V\u00edt\u011bzstv\u00ed, kter\u00e9 v\u00a0druh\u00e9 p\u016fli neslo zn\u00e1mky p\u0159e\u017e\u00edvaj\u00edc\u00edho dycheismu, si ale mezi Toffees vy\u017e\u00e1dalo sv\u00e9 ob\u011bti.<\/h4>\n<p>Prvn\u00ed Skotovo v\u00edt\u011bzstv\u00ed nad Spurs bylo tak \u00fachvatn\u00e9, \u017ee nebylo t\u0159eba pro\u0159ez\u00e1vat p\u016fvodn\u00ed sestavu. I kdy\u017e se jelo na v\u00fdjezd a v\u00a0cest\u011b st\u00e1l v\u00a0tabulce v\u00fd\u0161e postaven\u00fd t\u00fdm, zvolen\u00e1 jeden\u00e1ctka d\u00e1vala dobrou nad\u011bji na zvl\u00e1dnut\u00ed obou slo\u017eek hry.<\/p>\n<h4>Prvn\u00ed polo\u010das<\/h4>\n<p>Hned od \u00favodu bylo patrn\u011b, \u017ee se nikdo nehodl\u00e1 vzdalovat od zadn\u00edch vr\u00e1tek. Ve 3. minut\u011b p\u0159ist\u00e1la dlouh\u00e1 diagon\u00e1la za prav\u00e9ho beka lescottovsk\u00e9ho st\u0159ihu O\u2019Briena, Lamptey si ho dok\u00e1zal obhodit, na\u0161t\u011bst\u00ed ale nezakon\u010dil v\u016fbec p\u0159esn\u011b. Podobn\u011b nav\u00e1zali i jeho kolegov\u00e9.<\/p>\n<p>Prvn\u00ed r\u00e1nu dostal hern\u00ed pl\u00e1n v 11. minut\u011b. DCL dopadl po vzdu\u0161n\u00e9m souboji na tvrdou zem tak, \u017ee lev\u00fd zadn\u00ed stehenn\u00ed sval patrn\u011b nevydr\u017eel. Nad\u011bje na probuzen\u00ed sp\u00edc\u00edho snajpra tak vzaly velmi z\u00e1hy za sv\u00e9. Beto musel ze spac\u00e1ku a jeho p\u0159estupov\u00e1 s\u00e1ga nabrala dal\u0161\u00ed zvrat.<\/p>\n<p>Skoroportugalsk\u00fd \u010dahoun byl obratem sou\u010d\u00e1st\u00ed brejku, ale nehl\u00edd\u00e1n ve v\u00e1pn\u011b nedok\u00e1zal zpracovat prudkou p\u0159ihr\u00e1vku od Doucour\u00e9ho, m\u00ed\u010d se sna\u017eil uklidit Baleba, nedorozum\u011bn\u00ed s Verbruggenem vedlo m\u00e1lem ke kuri\u00f3zn\u00edmu vlastenci. Po rohu p\u00e1lil vedle Mangala.<\/p>\n<p>Dlouh\u00e9 minuty se toho moc ned\u011blo. Lindstr\u00f8m si bohu\u017eel vykoledoval \u017elutou, kdy\u017e se zav\u011bsil na Lampteyho. U\u017e se polo\u010das ch\u00fdlil ke konci, kdy\u017e odv\u00e1\u017en\u00fd Beto vytla\u010dil Veltmana a\u017e do v\u00e1pna, kde snad z frustrace Holan\u010fan rukou odp\u00e1lil m\u00ed\u010d na roh. Jen\u017ee VAR vid\u00ed v\u0161echno, a tak se kopala penalta. Prvn\u00ed pro Everton v sez\u00f3n\u011b.<\/p>\n<p>Verbruggen si nejprve za zahradnick\u00e9 \u0161vindly vyslou\u017eil \u017elutou kartu. Pak sice vystihl sm\u011br Ndiayeho penalty, ale ta byla dostate\u010dn\u011b razantn\u00ed a zejm\u00e9na naprosto p\u0159esn\u00e1 \u2013 <strong>0:1<\/strong>. Snad vzpom\u00ednka na zka\u017een\u00fd vstup do sez\u00f3ny vedla Ndiayeho k\u00a0pta\u010d\u00ed oslav\u011b, kterou ale rozhod\u010d\u00ed Robinson pova\u017eoval za nep\u0159\u00edpustnou a tak\u00e9 \u017elutou. Dlouh\u00e9 nastaven\u00ed jsme p\u0159e\u010dkali a \u017eloutnouc\u00ed n\u00e1dech z\u00e1pasu podpo\u0159il je\u0161t\u011b Baleba.<\/p>\n<h4>Druh\u00fd polo\u010das<\/h4>\n<p>T\u011b\u017eko odhadnout, zda to byl pl\u00e1n, nebo to bylo vnuceno soupe\u0159em, ale po p\u0159est\u00e1vce Everton t\u00e9m\u011b\u0159 rezignoval na \u00fato\u010den\u00ed a dr\u017een\u00ed m\u00ed\u010de v\u016fbec. Soupe\u0159i si dok\u00e1zali vytvo\u0159it lep\u0161\u00ed palebnou pozici. A \u017ee by Seagulls pot\u0159ebovali toho dne opravdu dobrou, proto\u017ee je zjevn\u011b zradili servismani. Veltman, Mitoma, Joao Pedro, v\u0161ichni p\u00e1lili beznad\u011bjn\u011b mimo.<\/p>\n<p>\u00dasil\u00ed, aby se na h\u0159i\u0161ti nic zaj\u00edmav\u00e9ho ned\u011blo celkem vych\u00e1zelo, osud si ale p\u0159ichystal jinou z\u00e1pletku. U\u017e kr\u00e1tce po 60. minut\u011b si vyzkou\u0161el Everton kr\u00e1tce hru o des\u00edti, kdy\u017e n\u011bjakou dobu p\u0159edt\u00edm z\u016fstal na tr\u00e1vn\u00edku Gana Gueye. B\u011bhem o\u0161et\u0159ov\u00e1n\u00ed prob\u011bhlo prvn\u00ed p\u0159ipraven\u00e9 st\u0159\u00edd\u00e1n\u00ed, napom\u00ednan\u00e9ho Linstr\u00f8ma nahradil Patterson. V kr\u00e1tk\u00e9m sledu v\u00fdb\u011br \u0161patn\u00e9ho vosku dolo\u017eili Ayari, Mitoma, Rutter i Lamptey, Welbeck, Baleba. V\u0161echno mimo ter\u010d.<\/p>\n<p>Pickford dostal oblig\u00e1tn\u00ed \u017elutou a na h\u0159i\u0161ti se jako kontr posilov\u00e1n\u00ed soupe\u0159ovy ofenz\u00edvy objevili Young a Garner nam\u00edsto Doucse s Ndiayem. V tom byl k\u00e1men \u00farazu. Za dv\u011b minuty dojel p\u0159ed lavi\u010dkami Veltman Mangalu, kter\u00fd nebyl zpevn\u011bn\u00fd a p\u0159i sr\u00e1\u017ece si hnul s kolenem. Bylo po z\u00e1bav\u011b.<\/p>\n<p>Chvilku to sice zkusil, ale po chv\u00edli otr\u00e1ven\u011b odkulhal do kabiny. Everton sice st\u0159\u00eddal jen 4kr\u00e1t, ale 3 okna u\u017e p\u0159i tom vyu\u017eil. D\u00edru po Belgi\u010danovi tak sice mohl zalepit Garner, ale Toffees u\u017e dohr\u00e1li v\u00a010 lidech.<\/p>\n<p>Ve h\u0159e nerv\u016f pak Beto kouzlil p\u0159ed v\u00e1pnem tak, \u017ee ho Baleba nakopl do l\u00fdtka. Po pofouk\u00e1n\u00ed bol\u00edstky a nucen\u00e9m odpo\u010dinku za lajnou z\u016fstalo na chv\u00edli na place u\u017e jen 8 hr\u00e1\u010d\u016f v \u0161ediv\u00e9m v poli. Ale ani vydatn\u00e9 nastaven\u00ed, ani s\u00e9rie roh\u016f vyrovn\u00e1n\u00ed dom\u00e1c\u00edm nep\u0159ineslo.<\/p>\n<p>Po z\u00e1v\u011bre\u010dn\u00e9m hvizdu se do sebe pustili oba t\u00e1bory, t\u011b\u017eko \u0159\u00edct, kdo zavdal p\u0159\u00ed\u010dinu, ale rozn\u011btku m\u011bl na sv\u011bdom\u00ed pravd\u011bpodobn\u011b Minteh. Ten tak\u00e9 s\u00a0O\u2018Brienem dostal 7., resp. 8. \u017elutou kartu z\u00e1pasu.<\/p>\n<h4>Shrnut\u00ed<\/h4>\n<p>D\u016fle\u017eit\u00e9 a sou\u010dasn\u011b celkem ne\u010dekan\u00e9 3 body zvedaj\u00ed Everton v tabulce. Sedmist\u00fd z\u00e1pas v Premier League odkou\u010doval Moyes jako teprve t\u0159et\u00ed v historii. Podobn\u00fd z\u00e1pis Fergusonovi v roce 2010 p\u0159ekazili pr\u00e1v\u011b Moyesovi Toffees, kdy\u017e urvali bod za rem\u00edzu 3:3, Wenger v \u00fanoru 2015 zase p\u0159i sedmistovce prohr\u00e1l severolond\u00fdnsk\u00e9 derby.<\/p>\n<p>V\u00a0z\u00e1pase samotn\u00e9m si v\u00fdborn\u011b vedl Idrissa Gana Gueye, kter\u00fd se zjevoval v\u0161ude tam, kde bylo t\u0159eba vypo\u0159\u00e1dat se s\u00a0\u0159\u00e1d\u011bn\u00edm Rack\u016f a m\u011bl lv\u00ed pod\u00edl na jejich neobvykle nev\u00fdrazn\u00e9m v\u00fdkonu. Nep\u0159\u00edjemnost\u00ed jsou 2 ztr\u00e1ty pro zran\u011bn\u00ed, zejm\u00e9na Mangalovo vypadalo v\u00e1\u017en\u011b, ale i ztr\u00e1ta DCL by byla citeln\u00e1.<\/p>\n<p>Brighton doma nedok\u00e1zal vyhr\u00e1t u\u017e p\u011btkr\u00e1t a stejnou \u0161\u0148\u016fru maj\u00ed i doma proti Evertonu. Kou\u010d Fabien H\u00fcrzeler ho\u0159ekoval nad tuhou defenz\u00edvou Toffees, ale uznal, \u017ee jeho t\u00fdm nep\u0159edvedl sv\u016fj obvykl\u00fd v\u00fdkon a nebyl dostate\u010dn\u011b pohotov\u00fd p\u0159i odeb\u00edr\u00e1n\u00ed m\u00ed\u010d\u016f a tvorb\u011b proti\u00fatok\u016f. Moyes ocenil obranou pr\u00e1ci a charakter t\u00fdmu, v\u011bdom si nutnosti zlep\u0161en\u00ed hry pro oko fanou\u0161ka. St\u0159\u00edzliv\u011b za dal\u0161\u00edmi \u00fakoly. Up the Toffees!<\/p>\n<p style=\"text-align: right;\"><span style=\"font-size: 8pt;\">fotozdroj: premierleague.com<\/span><\/p>\n<p><strong>Branky<\/strong>: 42\u2018 Nidaye (pen.)<\/p>\n<p><strong>\u017dlut\u00e9<\/strong> <strong>karty<\/strong>: 41\u2018 Verbruggen, 45+2\u2018 Baleba, 83\u2018 Joao Pedro, 90+10\u2018 Minteh &#8211; 28\u2018 Lindstr\u00f8m, 43\u2018 Ndiaye, 71\u2018 Pickford, 90+10\u2018 O\u2019Brien<\/p>\n<p><strong>Dr\u017een\u00ed<\/strong> <strong>m\u00ed\u010de<\/strong>: 68.9% &#8211; 31,1% St\u0159ely\/na branku: 16\/1 \u2013 3\/1 <strong>Rohy<\/strong>: 9 \u2013 1 <strong>Fauly<\/strong>: 8 \u2013 11 xG: 0,75 \u2013 0,87<\/p>\n<p><strong>Brighton &amp; Hove Albion FC<\/strong>: Verbruggen \u2013 Veltman (84\u2018 O\u2019Riley), van Hecke, Duffy, Lamptey (74\u2018 Minteh) \u2013 Gruda (46\u2018 Rutter), Baleba (90+1\u2018 Webster), Ayari (75\u2018 Hinshelwood), Mitoma &#8211; Welbeck, Joao Pedro,<\/p>\n<p><strong>Everton FC<\/strong>: Pickford \u2013 O\u2019Brien, Tarkowski, Branthwaite, Mykolenko \u2013 Lindstr\u00f8m (62\u2018 Patterson), Gana, Mangala, Ndiaye (78\u2018 Young)\u00a0 &#8211; Doucour\u00e9 (78\u2018 Garner) &#8211; \u00a0Calvert-Lewin (13\u2018 Beto).<\/p>\n<p><strong>Rozhod\u010d\u00ed<\/strong>: Tim Robinson <strong>Div\u00e1k\u016f<\/strong>: 31 876<\/p>\n","protected":false},"excerpt":{"rendered":"<p>Star\u00fd maz\u00e1k Moyes vyzr\u00e1l na mlad\u00e9ho Racka H\u00fcrzelera, Everton tak p\u0159ekvapiv\u011b veze 3 body z\u00a0jihu Anglie. V\u00edt\u011bzstv\u00ed, kter\u00e9 v\u00a0druh\u00e9 p\u016fli neslo zn\u00e1mky p\u0159e\u017e\u00edvaj\u00edc\u00edho dycheismu, si ale mezi Toffees vy\u017e\u00e1dalo sv\u00e9 ob\u011bti.<\/p>\n","protected":false},"author":10,"featured_media":26145,"comment_status":"open","ping_status":"closed","sticky":false,"template":"","format":"standard","meta":{"_eb_attr":"","_monsterinsights_skip_tracking":false,"_monsterinsights_sitenote_active":false,"_monsterinsights_sitenote_note":"","_monsterinsights_sitenote_category":0,"footnotes":""},"categories":[4],"tags":[],"yoast_head":"<!-- This site is optimized with the Yoast SEO plugin v23.4 - https:\/\/yoast.com\/wordpress\/plugins\/seo\/ -->\n<title>Brighton &amp; Hove Albion - Everton 0:1 - Official Czech &amp; Slovak Everton Supporters&#039; Club<\/title>\n<meta name=\"robots\" content=\"index, follow, max-snippet:-1, max-image-preview:large, max-video-preview:-1\" \/>\n<link rel=\"canonical\" href=\"https:\/\/evertonfc.cz\/index.php\/2025\/01\/26\/brighton-everton-01\/\" \/>\n<meta property=\"og:locale\" content=\"cs_CZ\" \/>\n<meta property=\"og:type\" content=\"article\" \/>\n<meta property=\"og:title\" content=\"Brighton &amp; Hove Albion - Everton 0:1 - Official Czech &amp; Slovak Everton Supporters&#039; Club\" \/>\n<meta property=\"og:description\" content=\"Star\u00fd maz\u00e1k Moyes vyzr\u00e1l na mlad\u00e9ho Racka H\u00fcrzelera, Everton tak p\u0159ekvapiv\u011b veze 3 body z\u00a0jihu Anglie. V\u00edt\u011bzstv\u00ed, kter\u00e9 v\u00a0druh\u00e9 p\u016fli neslo zn\u00e1mky p\u0159e\u017e\u00edvaj\u00edc\u00edho dycheismu, si ale mezi Toffees vy\u017e\u00e1dalo sv\u00e9 ob\u011bti.\" \/>\n<meta property=\"og:url\" content=\"https:\/\/evertonfc.cz\/index.php\/2025\/01\/26\/brighton-everton-01\/\" \/>\n<meta property=\"og:site_name\" content=\"Official Czech &amp; Slovak Everton Supporters&#039; Club\" \/>\n<meta property=\"article:publisher\" content=\"https:\/\/www.facebook.com\/everton.fans.cz.sk\" \/>\n<meta property=\"article:published_time\" content=\"2025-01-26T15:37:13+00:00\" \/>\n<meta property=\"article:modified_time\" content=\"2025-01-31T13:22:51+00:00\" \/>\n<meta property=\"og:image\" content=\"https:\/\/evertonfc.cz\/wp-content\/uploads\/2025\/01\/brighton.jpg\" \/>\n\t<meta property=\"og:image:width\" content=\"720\" \/>\n\t<meta property=\"og:image:height\" content=\"405\" \/>\n\t<meta property=\"og:image:type\" content=\"image\/jpeg\" \/>\n<meta name=\"author\" content=\"Fip\" \/>\n<meta name=\"twitter:card\" content=\"summary_large_image\" \/>\n<meta name=\"twitter:label1\" content=\"Napsal(a)\" \/>\n\t<meta name=\"twitter:data1\" content=\"Fip\" \/>\n\t<meta name=\"twitter:label2\" content=\"Odhadovan\u00e1 doba \u010dten\u00ed\" \/>\n\t<meta name=\"twitter:data2\" content=\"5 minut\" \/>\n<script type=\"application\/ld+json\" class=\"yoast-schema-graph\">{\"@context\":\"https:\/\/schema.org\",\"@graph\":[{\"@type\":\"Article\",\"@id\":\"https:\/\/evertonfc.cz\/index.php\/2025\/01\/26\/brighton-everton-01\/#article\",\"isPartOf\":{\"@id\":\"https:\/\/evertonfc.cz\/index.php\/2025\/01\/26\/brighton-everton-01\/\"},\"author\":{\"name\":\"Fip\",\"@id\":\"https:\/\/evertonfc.cz\/#\/schema\/person\/35904009755e8eaa0dc1a5f5f0419002\"},\"headline\":\"Brighton &#038; Hove Albion &#8211; Everton 0:1\",\"datePublished\":\"2025-01-26T15:37:13+00:00\",\"dateModified\":\"2025-01-31T13:22:51+00:00\",\"mainEntityOfPage\":{\"@id\":\"https:\/\/evertonfc.cz\/index.php\/2025\/01\/26\/brighton-everton-01\/\"},\"wordCount\":1087,\"commentCount\":6,\"publisher\":{\"@id\":\"https:\/\/evertonfc.cz\/#organization\"},\"image\":{\"@id\":\"https:\/\/evertonfc.cz\/index.php\/2025\/01\/26\/brighton-everton-01\/#primaryimage\"},\"thumbnailUrl\":\"https:\/\/evertonfc.cz\/wp-content\/uploads\/2025\/01\/brighton.jpg\",\"articleSection\":[\"Z\u00e1pasy\"],\"inLanguage\":\"cs\",\"potentialAction\":[{\"@type\":\"CommentAction\",\"name\":\"Comment\",\"target\":[\"https:\/\/evertonfc.cz\/index.php\/2025\/01\/26\/brighton-everton-01\/#respond\"]}]},{\"@type\":\"WebPage\",\"@id\":\"https:\/\/evertonfc.cz\/index.php\/2025\/01\/26\/brighton-everton-01\/\",\"url\":\"https:\/\/evertonfc.cz\/index.php\/2025\/01\/26\/brighton-everton-01\/\",\"name\":\"Brighton & Hove Albion - Everton 0:1 - Official Czech &amp; Slovak Everton Supporters&#039; Club\",\"isPartOf\":{\"@id\":\"https:\/\/evertonfc.cz\/#website\"},\"primaryImageOfPage\":{\"@id\":\"https:\/\/evertonfc.cz\/index.php\/2025\/01\/26\/brighton-everton-01\/#primaryimage\"},\"image\":{\"@id\":\"https:\/\/evertonfc.cz\/index.php\/2025\/01\/26\/brighton-everton-01\/#primaryimage\"},\"thumbnailUrl\":\"https:\/\/evertonfc.cz\/wp-content\/uploads\/2025\/01\/brighton.jpg\",\"datePublished\":\"2025-01-26T15:37:13+00:00\",\"dateModified\":\"2025-01-31T13:22:51+00:00\",\"breadcrumb\":{\"@id\":\"https:\/\/evertonfc.cz\/index.php\/2025\/01\/26\/brighton-everton-01\/#breadcrumb\"},\"inLanguage\":\"cs\",\"potentialAction\":[{\"@type\":\"ReadAction\",\"target\":[\"https:\/\/evertonfc.cz\/index.php\/2025\/01\/26\/brighton-everton-01\/\"]}]},{\"@type\":\"ImageObject\",\"inLanguage\":\"cs\",\"@id\":\"https:\/\/evertonfc.cz\/index.php\/2025\/01\/26\/brighton-everton-01\/#primaryimage\",\"url\":\"https:\/\/evertonfc.cz\/wp-content\/uploads\/2025\/01\/brighton.jpg\",\"contentUrl\":\"https:\/\/evertonfc.cz\/wp-content\/uploads\/2025\/01\/brighton.jpg\",\"width\":720,\"height\":405},{\"@type\":\"BreadcrumbList\",\"@id\":\"https:\/\/evertonfc.cz\/index.php\/2025\/01\/26\/brighton-everton-01\/#breadcrumb\",\"itemListElement\":[{\"@type\":\"ListItem\",\"position\":1,\"name\":\"Home\",\"item\":\"https:\/\/evertonfc.cz\/\"},{\"@type\":\"ListItem\",\"position\":2,\"name\":\"Brighton &#038; Hove Albion &#8211; Everton 0:1\"}]},{\"@type\":\"WebSite\",\"@id\":\"https:\/\/evertonfc.cz\/#website\",\"url\":\"https:\/\/evertonfc.cz\/\",\"name\":\"Official Czech &amp; Slovak Everton Supporters&#039; Club\",\"description\":\"\",\"publisher\":{\"@id\":\"https:\/\/evertonfc.cz\/#organization\"},\"potentialAction\":[{\"@type\":\"SearchAction\",\"target\":{\"@type\":\"EntryPoint\",\"urlTemplate\":\"https:\/\/evertonfc.cz\/?s={search_term_string}\"},\"query-input\":{\"@type\":\"PropertyValueSpecification\",\"valueRequired\":true,\"valueName\":\"search_term_string\"}}],\"inLanguage\":\"cs\"},{\"@type\":\"Organization\",\"@id\":\"https:\/\/evertonfc.cz\/#organization\",\"name\":\"Official Czech & Slovak Everton Supporters' Club\",\"url\":\"https:\/\/evertonfc.cz\/\",\"logo\":{\"@type\":\"ImageObject\",\"inLanguage\":\"cs\",\"@id\":\"https:\/\/evertonfc.cz\/#\/schema\/logo\/image\/\",\"url\":\"https:\/\/evertonfc.cz\/wp-content\/uploads\/2019\/05\/logo.png\",\"contentUrl\":\"https:\/\/evertonfc.cz\/wp-content\/uploads\/2019\/05\/logo.png\",\"width\":112,\"height\":112,\"caption\":\"Official Czech & Slovak Everton Supporters' Club\"},\"image\":{\"@id\":\"https:\/\/evertonfc.cz\/#\/schema\/logo\/image\/\"},\"sameAs\":[\"https:\/\/www.facebook.com\/everton.fans.cz.sk\"]},{\"@type\":\"Person\",\"@id\":\"https:\/\/evertonfc.cz\/#\/schema\/person\/35904009755e8eaa0dc1a5f5f0419002\",\"name\":\"Fip\",\"url\":\"https:\/\/evertonfc.cz\/index.php\/author\/fip\/\"}]}<\/script>\n<!-- \/ Yoast SEO plugin. -->","yoast_head_json":{"title":"Brighton & Hove Albion - Everton 0:1 - Official Czech &amp; Slovak Everton Supporters&#039; Club","robots":{"index":"index","follow":"follow","max-snippet":"max-snippet:-1","max-image-preview":"max-image-preview:large","max-video-preview":"max-video-preview:-1"},"canonical":"https:\/\/evertonfc.cz\/index.php\/2025\/01\/26\/brighton-everton-01\/","og_locale":"cs_CZ","og_type":"article","og_title":"Brighton & Hove Albion - Everton 0:1 - Official Czech &amp; Slovak Everton Supporters&#039; Club","og_description":"Star\u00fd maz\u00e1k Moyes vyzr\u00e1l na mlad\u00e9ho Racka H\u00fcrzelera, Everton tak p\u0159ekvapiv\u011b veze 3 body z\u00a0jihu Anglie. V\u00edt\u011bzstv\u00ed, kter\u00e9 v\u00a0druh\u00e9 p\u016fli neslo zn\u00e1mky p\u0159e\u017e\u00edvaj\u00edc\u00edho dycheismu, si ale mezi Toffees vy\u017e\u00e1dalo sv\u00e9 ob\u011bti.","og_url":"https:\/\/evertonfc.cz\/index.php\/2025\/01\/26\/brighton-everton-01\/","og_site_name":"Official Czech &amp; Slovak Everton Supporters&#039; Club","article_publisher":"https:\/\/www.facebook.com\/everton.fans.cz.sk","article_published_time":"2025-01-26T15:37:13+00:00","article_modified_time":"2025-01-31T13:22:51+00:00","og_image":[{"width":720,"height":405,"url":"https:\/\/evertonfc.cz\/wp-content\/uploads\/2025\/01\/brighton.jpg","type":"image\/jpeg"}],"author":"Fip","twitter_card":"summary_large_image","twitter_misc":{"Napsal(a)":"Fip","Odhadovan\u00e1 doba \u010dten\u00ed":"5 minut"},"schema":{"@context":"https:\/\/schema.org","@graph":[{"@type":"Article","@id":"https:\/\/evertonfc.cz\/index.php\/2025\/01\/26\/brighton-everton-01\/#article","isPartOf":{"@id":"https:\/\/evertonfc.cz\/index.php\/2025\/01\/26\/brighton-everton-01\/"},"author":{"name":"Fip","@id":"https:\/\/evertonfc.cz\/#\/schema\/person\/35904009755e8eaa0dc1a5f5f0419002"},"headline":"Brighton &#038; Hove Albion &#8211; Everton 0:1","datePublished":"2025-01-26T15:37:13+00:00","dateModified":"2025-01-31T13:22:51+00:00","mainEntityOfPage":{"@id":"https:\/\/evertonfc.cz\/index.php\/2025\/01\/26\/brighton-everton-01\/"},"wordCount":1087,"commentCount":6,"publisher":{"@id":"https:\/\/evertonfc.cz\/#organization"},"image":{"@id":"https:\/\/evertonfc.cz\/index.php\/2025\/01\/26\/brighton-everton-01\/#primaryimage"},"thumbnailUrl":"https:\/\/evertonfc.cz\/wp-content\/uploads\/2025\/01\/brighton.jpg","articleSection":["Z\u00e1pasy"],"inLanguage":"cs","potentialAction":[{"@type":"CommentAction","name":"Comment","target":["https:\/\/evertonfc.cz\/index.php\/2025\/01\/26\/brighton-everton-01\/#respond"]}]},{"@type":"WebPage","@id":"https:\/\/evertonfc.cz\/index.php\/2025\/01\/26\/brighton-everton-01\/","url":"https:\/\/evertonfc.cz\/index.php\/2025\/01\/26\/brighton-everton-01\/","name":"Brighton & Hove Albion - Everton 0:1 - Official Czech &amp; Slovak Everton Supporters&#039; Club","isPartOf":{"@id":"https:\/\/evertonfc.cz\/#website"},"primaryImageOfPage":{"@id":"https:\/\/evertonfc.cz\/index.php\/2025\/01\/26\/brighton-everton-01\/#primaryimage"},"image":{"@id":"https:\/\/evertonfc.cz\/index.php\/2025\/01\/26\/brighton-everton-01\/#primaryimage"},"thumbnailUrl":"https:\/\/evertonfc.cz\/wp-content\/uploads\/2025\/01\/brighton.jpg","datePublished":"2025-01-26T15:37:13+00:00","dateModified":"2025-01-31T13:22:51+00:00","breadcrumb":{"@id":"https:\/\/evertonfc.cz\/index.php\/2025\/01\/26\/brighton-everton-01\/#breadcrumb"},"inLanguage":"cs","potentialAction":[{"@type":"ReadAction","target":["https:\/\/evertonfc.cz\/index.php\/2025\/01\/26\/brighton-everton-01\/"]}]},{"@type":"ImageObject","inLanguage":"cs","@id":"https:\/\/evertonfc.cz\/index.php\/2025\/01\/26\/brighton-everton-01\/#primaryimage","url":"https:\/\/evertonfc.cz\/wp-content\/uploads\/2025\/01\/brighton.jpg","contentUrl":"https:\/\/evertonfc.cz\/wp-content\/uploads\/2025\/01\/brighton.jpg","width":720,"height":405},{"@type":"BreadcrumbList","@id":"https:\/\/evertonfc.cz\/index.php\/2025\/01\/26\/brighton-everton-01\/#breadcrumb","itemListElement":[{"@type":"ListItem","position":1,"name":"Home","item":"https:\/\/evertonfc.cz\/"},{"@type":"ListItem","position":2,"name":"Brighton &#038; Hove Albion &#8211; Everton 0:1"}]},{"@type":"WebSite","@id":"https:\/\/evertonfc.cz\/#website","url":"https:\/\/evertonfc.cz\/","name":"Official Czech &amp; Slovak Everton Supporters&#039; Club","description":"","publisher":{"@id":"https:\/\/evertonfc.cz\/#organization"},"potentialAction":[{"@type":"SearchAction","target":{"@type":"EntryPoint","urlTemplate":"https:\/\/evertonfc.cz\/?s={search_term_string}"},"query-input":{"@type":"PropertyValueSpecification","valueRequired":true,"valueName":"search_term_string"}}],"inLanguage":"cs"},{"@type":"Organization","@id":"https:\/\/evertonfc.cz\/#organization","name":"Official Czech & Slovak Everton Supporters' Club","url":"https:\/\/evertonfc.cz\/","logo":{"@type":"ImageObject","inLanguage":"cs","@id":"https:\/\/evertonfc.cz\/#\/schema\/logo\/image\/","url":"https:\/\/evertonfc.cz\/wp-content\/uploads\/2019\/05\/logo.png","contentUrl":"https:\/\/evertonfc.cz\/wp-content\/uploads\/2019\/05\/logo.png","width":112,"height":112,"caption":"Official Czech & Slovak Everton Supporters' Club"},"image":{"@id":"https:\/\/evertonfc.cz\/#\/schema\/logo\/image\/"},"sameAs":["https:\/\/www.facebook.com\/everton.fans.cz.sk"]},{"@type":"Person","@id":"https:\/\/evertonfc.cz\/#\/schema\/person\/35904009755e8eaa0dc1a5f5f0419002","name":"Fip","url":"https:\/\/evertonfc.cz\/index.php\/author\/fip\/"}]}},"_links":{"self":[{"href":"https:\/\/evertonfc.cz\/index.php\/wp-json\/wp\/v2\/posts\/26144"}],"collection":[{"href":"https:\/\/evertonfc.cz\/index.php\/wp-json\/wp\/v2\/posts"}],"about":[{"href":"https:\/\/evertonfc.cz\/index.php\/wp-json\/wp\/v2\/types\/post"}],"author":[{"embeddable":true,"href":"https:\/\/evertonfc.cz\/index.php\/wp-json\/wp\/v2\/users\/10"}],"replies":[{"embeddable":true,"href":"https:\/\/evertonfc.cz\/index.php\/wp-json\/wp\/v2\/comments?post=26144"}],"version-history":[{"count":7,"href":"https:\/\/evertonfc.cz\/index.php\/wp-json\/wp\/v2\/posts\/26144\/revisions"}],"predecessor-version":[{"id":26174,"href":"https:\/\/evertonfc.cz\/index.php\/wp-json\/wp\/v2\/posts\/26144\/revisions\/26174"}],"wp:featuredmedia":[{"embeddable":true,"href":"https:\/\/evertonfc.cz\/index.php\/wp-json\/wp\/v2\/media\/26145"}],"wp:attachment":[{"href":"https:\/\/evertonfc.cz\/index.php\/wp-json\/wp\/v2\/media?parent=26144"}],"wp:term":[{"taxonomy":"category","embeddable":true,"href":"https:\/\/evertonfc.cz\/index.php\/wp-json\/wp\/v2\/categories?post=26144"},{"taxonomy":"post_tag","embeddable":true,"href":"https:\/\/evertonfc.cz\/index.php\/wp-json\/wp\/v2\/tags?post=26144"}],"curies":[{"name":"wp","href":"https:\/\/api.w.org\/{rel}","templated":true}]}}