{"id":26163,"date":"2025-01-29T22:10:19","date_gmt":"2025-01-29T21:10:19","guid":{"rendered":"https:\/\/evertonfc.cz\/?p=26163"},"modified":"2025-02-06T12:23:44","modified_gmt":"2025-02-06T11:23:44","slug":"west-ham-w-everton-w-20","status":"publish","type":"post","link":"https:\/\/evertonfc.cz\/index.php\/2025\/01\/29\/west-ham-w-everton-w-20\/","title":{"rendered":"West Ham W &#8211; Everton W 2:0"},"content":{"rendered":"<h4>St\u00e1le to je stejn\u00e9. Dal\u0161\u00ed utk\u00e1n\u00ed, kter\u00e9 se dalo a m\u011blo vyhr\u00e1t a p\u0159esto z n\u011bj nem\u00e1ne ani g\u00f3l, ani bod.<\/h4>\n<p>Oproti minul\u00e9mu z\u00e1pasu posadil S\u00f8rensen <span class=\"visually-hidden ssrcss-1f39n02-VisuallyHidden e16en2lz0\">Vanhaevermaet a Heather Payne a naopak si od za\u010d\u00e1tku z\u00e1pasu p\u0159i\u0161la zakopat Gago. West Ham nevyhr\u00e1l \u017e\u00e1dn\u00fd z p\u0159edchoz\u00edch dvou z\u00e1pas\u016f a v t\u00e9to sez\u00f3n\u011b si p\u0159ipsal jen dv\u011b v\u00edt\u011bzstv\u00ed. O\u010dek\u00e1v\u00e1n\u00ed z na\u0161\u00ed strany byla zna\u010dn\u00e1 a nechyb\u011blo mnoho a mohla b\u00fdt i napln\u011bn\u00e1.<\/span><\/p>\n<h4><strong>Festival promarn\u011bn\u00fdch \u0161anc\u00ed<\/strong><\/h4>\n<p><span class=\"visually-hidden ssrcss-1f39n02-VisuallyHidden e16en2lz0\">pr\u016fb\u011bh z\u00e1pasu\u00a0 p\u0159edznamenala hned v \u00favodu prvn\u00ed p\u016fle Toni Payne, kdy\u017e v dobr\u00e9 pozici po rohu trefila b\u0159evno. Z\u00e1hy j\u00ed napodobila Snoeijs, kdy\u017e ve 110% \u0161anci zbl\u00edzka hlavou trefila op\u011bt b\u0159evno, tentokr\u00e1te prakticky pr\u00e1zdn\u00e9 br\u00e1ny. Proto\u017ee fotbalov\u00e1 bo\u017estva takov\u00e9to mrh\u00e1n\u00ed neodpou\u0161t\u011bj\u00ed, tak p\u0159i\u0161la odplata. V 9. minut\u011b po rohu West Hamu celkem p\u0159ekonala Martinez celkem nen\u00e1padnou hlavi\u010dkou t\u0159i na\u0161e obr\u00e1nkyn\u011b a otev\u0159ela sk\u00f3re z\u00e1pasu, <strong>1:0<\/strong>.<\/span><\/p>\n<p><span class=\"visually-hidden ssrcss-1f39n02-VisuallyHidden e16en2lz0\">Obdr\u017een\u00fd g\u00f3l ov\u0161em na\u0161\u00ed ofenzivn\u00ed snahu nezmen\u0161il (ostatn\u011b tato situace nen\u00ed pro n\u00e1s nic neobvykl\u00e9ho). Zejm\u00e9na Gago zjevn\u011b prahla po vyrovn\u00e1n\u00ed a sv\u00e9m prvn\u00edm evertonsk\u00e9m g\u00f3lu a byla tahounem na\u0161eho sna\u017een\u00ed. Bohu\u017eel jej\u00ed pokusy ani dal\u0161\u00ed dv\u011b \u0161ance Sneoijs vyrov\u00e1n\u00ed nep\u0159inesly. P\u0159ed koncem polo\u010dasu je\u0161t\u011b stihla Sara Holmgaard skluzem ve v\u00e1pn\u011b zastavit pronikaj\u00edc\u00ed Piubel, kter\u00fd\u017eto z\u00e1krok n\u00e1m vynesl potrest\u00e1n\u00ed formou penalty. O jej\u00ed opr\u00e1vn\u011bnosti sice panovali jist\u00ed\u00e9 pochybnosti, ale v\u0161e marno. Assei se z trest\u0148\u00e1ku nem\u00fdlila &#8211; <strong>2:0<\/strong>.<\/span><\/p>\n<h4>Snaha se po\u010d\u00edt\u00e1, ale g\u00f3ly nep\u0159inesla<\/h4>\n<p>opravdu jsme se sna\u017eili zvr\u00e1tit sk\u00f3re na spr\u00e1vnou, tedy na\u0161\u00ed stranu. Hammers se zat\u00e1hly, ale zdaleka se neomezily jen na beton\u00e1\u017e. P\u0159inejmen\u0161\u00edm Ueki m\u011bla dve v\u011blmi dobr\u00e9 \u0161ance na t\u0159et\u00ed g\u00f3l. Na na\u0161\u00ed stran\u011b o sob\u011b dala v\u011bd\u011bt p\u0159edev\u0161\u00edm Hayashi a ne\u00fanavn\u00e1 Toni Payne. Bohu\u017eel jejich st\u0159ely byly bu\u010f nep\u0159esn\u00e9, nebo blokovan\u00e9. Ale v\u011bt\u0161inu ofenzivn\u00edch akc\u00ed nesly na sv\u00fdch bedrech. Rozkouskovan\u00e1 druh\u00e1 p\u016fle byla bohat\u011b nastavena, tentokr\u00e1te v\u0161ak z\u00e1chrana v posledn\u00ed minut\u011b nep\u0159i\u0161la a dom\u00e1c\u00edm tak z\u016fstal pln\u00fd bodov\u00fd zisk.<\/p>\n<h4>Shrnut\u00ed<\/h4>\n<p>O z\u00e1pasech, kter\u00e9 po n\u00e1s vypadaly nad\u011bjn\u011b, ale p\u0159esto n\u00e1m body nep\u0159inesly bylo na t\u011bchto str\u00e1nk\u00e1ch naps\u00e1no v\u00edce ne\u017e dost. Toto je dal\u0161\u00ed z nich. Ale jedna podstan\u00e1 zm\u011bny zde je: oproti obvykl\u00e9mu pr\u016fb\u011bhu jsme nespol\u00e9hali jen na st\u0159ely z d\u00e1lky, ale dok\u00e1zali jsme se i prob\u00edt do v\u00e1pna a sice nep\u0159esn\u011b, ale p\u0159esto zakon\u010dit. Zejm\u00e9na Gago a Toni Payne n\u00e1m to v z\u00e1pase n\u011bkolikr\u00e1t uk\u00e1zaly. Snoeijs si sice um\u00ed vybrat dobr\u00e9 m\u00edsto, ale trefit se do br\u00e1ny je nad jej\u00ed s\u00edly. 17 st\u0159el za z\u00e1pas nen\u00ed m\u00e1lo, ale 0 z nich do prostoru branky pro n\u00e1s p\u0159edstavuje probl\u00e9m. Na jeho \u0159e\u0161en\u00ed mus\u00ed S\u00f8rensen nal\u00e9hav\u011b zapracovat. \u010cas sez\u00f3ny ut\u00edk\u00e1 a n\u00e1\u0161 propad tabulkou pokra\u010duje. Povede se na\u0161im posil\u00e1m zlomit evertonsk\u00e9 proklet\u00ed g\u00f3lov\u00e9 sterility? <span style=\"color: #0000ff;\"><strong>COYBG!<\/strong><\/span><\/p>\n<p style=\"text-align: right;\"><span style=\"font-size: 8pt;\"><em>Fotografie: Toni Payne (zdroj GettyImages via https:\/\/royalbluemersey.sbnation.com)<\/em><\/span><\/p>\n<p><strong>G\u00f3ly:<\/strong> Martinez (9\u00b4), Asseyi (45\u00b4- pen.)\u00a0<strong> \u017dK:<\/strong> Tysiak, Martinez<\/p>\n<p><strong>Hammers (4-4-2):<\/strong> Szemik; Denton<span class=\"visually-hidden ssrcss-1f39n02-VisuallyHidden e16en2lz0\">, Tysiak, <\/span><span class=\"visually-hidden ssrcss-1f39n02-VisuallyHidden e16en2lz0\">S\u00e1ez, <\/span><span class=\"visually-hidden ssrcss-1f39n02-VisuallyHidden e16en2lz0\"> Hanshaw; <\/span>Piubel (Harries 86&#8242;), <span class=\"visually-hidden ssrcss-1f39n02-VisuallyHidden e16en2lz0\">Siren (Brynjarsd\u00f3ttir 77&#8242;), <\/span><span class=\"visually-hidden ssrcss-1f39n02-VisuallyHidden e16en2lz0\">Gorry, <\/span><span class=\"visually-hidden ssrcss-1f39n02-VisuallyHidden e16en2lz0\">Asseyi; Ueki, Martinez (Pav\u00ed 67&#8242;)<\/span><\/p>\n<p><strong>Toffees (4-4-1-1):<\/strong> Brosnan; Hope (H. Payne 66&#8242;), <span class=\"visually-hidden ssrcss-1f39n02-VisuallyHidden e16en2lz0\">Finnigan, <\/span><span class=\"visually-hidden ssrcss-1f39n02-VisuallyHidden e16en2lz0\">Fern\u00e1ndez, S. <\/span><span class=\"visually-hidden ssrcss-1f39n02-VisuallyHidden e16en2lz0\">Holmgaard; <\/span>Wheeler<span class=\"visually-hidden ssrcss-1f39n02-VisuallyHidden e16en2lz0\">, Ladd (Vanhaevermaet 73&#8242;), <\/span><span class=\"visually-hidden ssrcss-1f39n02-VisuallyHidden e16en2lz0\">Hayashi (Ribadeira 73&#8242;), <\/span><span class=\"visually-hidden ssrcss-1f39n02-VisuallyHidden e16en2lz0\">Gago (Lawley 66&#8242;); Snoeijs (Watson 46&#8242;), T. Payne<\/span><\/p>\n<p><strong>Rozhod\u010d\u00ed:<\/strong> Adewunmi Soneye\u00a0 <strong>Div\u00e1ci:<\/strong> 1 219 (Chigwell Construction Stadium)<\/p>\n<p><iframe loading=\"lazy\" title=\"Full Match: West Ham United v Everton | Barclays WSL 2024-25\" width=\"1140\" height=\"641\" src=\"https:\/\/www.youtube.com\/embed\/yzK3sphjCHw?feature=oembed\" frameborder=\"0\" allow=\"accelerometer; autoplay; clipboard-write; encrypted-media; gyroscope; picture-in-picture; web-share\" referrerpolicy=\"strict-origin-when-cross-origin\" allowfullscreen><\/iframe><\/p>\n","protected":false},"excerpt":{"rendered":"<p>St\u00e1le to je stejn\u00e9. Dal\u0161\u00ed utk\u00e1n\u00ed, kter\u00e9 se dalo a m\u011blo vyhr\u00e1t a p\u0159esto z n\u011bj nem\u00e1ne ani g\u00f3l, ani bod.<\/p>\n","protected":false},"author":26,"featured_media":26167,"comment_status":"open","ping_status":"closed","sticky":false,"template":"","format":"standard","meta":{"_eb_attr":"","_monsterinsights_skip_tracking":false,"_monsterinsights_sitenote_active":false,"_monsterinsights_sitenote_note":"","_monsterinsights_sitenote_category":0,"footnotes":""},"categories":[110],"tags":[],"yoast_head":"<!-- This site is optimized with the Yoast SEO plugin v23.4 - https:\/\/yoast.com\/wordpress\/plugins\/seo\/ -->\n<title>West Ham W - Everton W 2:0 - Official Czech &amp; Slovak Everton Supporters&#039; Club<\/title>\n<meta name=\"robots\" content=\"index, follow, max-snippet:-1, max-image-preview:large, max-video-preview:-1\" \/>\n<link rel=\"canonical\" href=\"https:\/\/evertonfc.cz\/index.php\/2025\/01\/29\/west-ham-w-everton-w-20\/\" \/>\n<meta property=\"og:locale\" content=\"cs_CZ\" \/>\n<meta property=\"og:type\" content=\"article\" \/>\n<meta property=\"og:title\" content=\"West Ham W - Everton W 2:0 - Official Czech &amp; Slovak Everton Supporters&#039; Club\" \/>\n<meta property=\"og:description\" content=\"St\u00e1le to je stejn\u00e9. Dal\u0161\u00ed utk\u00e1n\u00ed, kter\u00e9 se dalo a m\u011blo vyhr\u00e1t a p\u0159esto z n\u011bj nem\u00e1ne ani g\u00f3l, ani bod.\" \/>\n<meta property=\"og:url\" content=\"https:\/\/evertonfc.cz\/index.php\/2025\/01\/29\/west-ham-w-everton-w-20\/\" \/>\n<meta property=\"og:site_name\" content=\"Official Czech &amp; Slovak Everton Supporters&#039; Club\" \/>\n<meta property=\"article:publisher\" content=\"https:\/\/www.facebook.com\/everton.fans.cz.sk\" \/>\n<meta property=\"article:published_time\" content=\"2025-01-29T21:10:19+00:00\" \/>\n<meta property=\"article:modified_time\" content=\"2025-02-06T11:23:44+00:00\" \/>\n<meta property=\"og:image\" content=\"https:\/\/evertonfc.cz\/wp-content\/uploads\/2025\/01\/Toni-Payne-26_1_2025-web.jpg\" \/>\n\t<meta property=\"og:image:width\" content=\"720\" \/>\n\t<meta property=\"og:image:height\" content=\"405\" \/>\n\t<meta property=\"og:image:type\" content=\"image\/jpeg\" \/>\n<meta name=\"author\" content=\"Karamela\" \/>\n<meta name=\"twitter:card\" content=\"summary_large_image\" \/>\n<meta name=\"twitter:label1\" content=\"Napsal(a)\" \/>\n\t<meta name=\"twitter:data1\" content=\"Karamela\" \/>\n\t<meta name=\"twitter:label2\" content=\"Odhadovan\u00e1 doba \u010dten\u00ed\" \/>\n\t<meta name=\"twitter:data2\" content=\"3 minuty\" \/>\n<script type=\"application\/ld+json\" class=\"yoast-schema-graph\">{\"@context\":\"https:\/\/schema.org\",\"@graph\":[{\"@type\":\"Article\",\"@id\":\"https:\/\/evertonfc.cz\/index.php\/2025\/01\/29\/west-ham-w-everton-w-20\/#article\",\"isPartOf\":{\"@id\":\"https:\/\/evertonfc.cz\/index.php\/2025\/01\/29\/west-ham-w-everton-w-20\/\"},\"author\":{\"name\":\"Karamela\",\"@id\":\"https:\/\/evertonfc.cz\/#\/schema\/person\/e9a24a80a32efa1344dd2c4e5882185c\"},\"headline\":\"West Ham W &#8211; Everton W 2:0\",\"datePublished\":\"2025-01-29T21:10:19+00:00\",\"dateModified\":\"2025-02-06T11:23:44+00:00\",\"mainEntityOfPage\":{\"@id\":\"https:\/\/evertonfc.cz\/index.php\/2025\/01\/29\/west-ham-w-everton-w-20\/\"},\"wordCount\":690,\"commentCount\":0,\"publisher\":{\"@id\":\"https:\/\/evertonfc.cz\/#organization\"},\"image\":{\"@id\":\"https:\/\/evertonfc.cz\/index.php\/2025\/01\/29\/west-ham-w-everton-w-20\/#primaryimage\"},\"thumbnailUrl\":\"https:\/\/evertonfc.cz\/wp-content\/uploads\/2025\/01\/Toni-Payne-26_1_2025-web.jpg\",\"articleSection\":[\"Everton Women\"],\"inLanguage\":\"cs\",\"potentialAction\":[{\"@type\":\"CommentAction\",\"name\":\"Comment\",\"target\":[\"https:\/\/evertonfc.cz\/index.php\/2025\/01\/29\/west-ham-w-everton-w-20\/#respond\"]}]},{\"@type\":\"WebPage\",\"@id\":\"https:\/\/evertonfc.cz\/index.php\/2025\/01\/29\/west-ham-w-everton-w-20\/\",\"url\":\"https:\/\/evertonfc.cz\/index.php\/2025\/01\/29\/west-ham-w-everton-w-20\/\",\"name\":\"West Ham W - Everton W 2:0 - Official Czech &amp; Slovak Everton Supporters&#039; Club\",\"isPartOf\":{\"@id\":\"https:\/\/evertonfc.cz\/#website\"},\"primaryImageOfPage\":{\"@id\":\"https:\/\/evertonfc.cz\/index.php\/2025\/01\/29\/west-ham-w-everton-w-20\/#primaryimage\"},\"image\":{\"@id\":\"https:\/\/evertonfc.cz\/index.php\/2025\/01\/29\/west-ham-w-everton-w-20\/#primaryimage\"},\"thumbnailUrl\":\"https:\/\/evertonfc.cz\/wp-content\/uploads\/2025\/01\/Toni-Payne-26_1_2025-web.jpg\",\"datePublished\":\"2025-01-29T21:10:19+00:00\",\"dateModified\":\"2025-02-06T11:23:44+00:00\",\"breadcrumb\":{\"@id\":\"https:\/\/evertonfc.cz\/index.php\/2025\/01\/29\/west-ham-w-everton-w-20\/#breadcrumb\"},\"inLanguage\":\"cs\",\"potentialAction\":[{\"@type\":\"ReadAction\",\"target\":[\"https:\/\/evertonfc.cz\/index.php\/2025\/01\/29\/west-ham-w-everton-w-20\/\"]}]},{\"@type\":\"ImageObject\",\"inLanguage\":\"cs\",\"@id\":\"https:\/\/evertonfc.cz\/index.php\/2025\/01\/29\/west-ham-w-everton-w-20\/#primaryimage\",\"url\":\"https:\/\/evertonfc.cz\/wp-content\/uploads\/2025\/01\/Toni-Payne-26_1_2025-web.jpg\",\"contentUrl\":\"https:\/\/evertonfc.cz\/wp-content\/uploads\/2025\/01\/Toni-Payne-26_1_2025-web.jpg\",\"width\":720,\"height\":405},{\"@type\":\"BreadcrumbList\",\"@id\":\"https:\/\/evertonfc.cz\/index.php\/2025\/01\/29\/west-ham-w-everton-w-20\/#breadcrumb\",\"itemListElement\":[{\"@type\":\"ListItem\",\"position\":1,\"name\":\"Home\",\"item\":\"https:\/\/evertonfc.cz\/\"},{\"@type\":\"ListItem\",\"position\":2,\"name\":\"West Ham W &#8211; Everton W 2:0\"}]},{\"@type\":\"WebSite\",\"@id\":\"https:\/\/evertonfc.cz\/#website\",\"url\":\"https:\/\/evertonfc.cz\/\",\"name\":\"Official Czech &amp; Slovak Everton Supporters&#039; Club\",\"description\":\"\",\"publisher\":{\"@id\":\"https:\/\/evertonfc.cz\/#organization\"},\"potentialAction\":[{\"@type\":\"SearchAction\",\"target\":{\"@type\":\"EntryPoint\",\"urlTemplate\":\"https:\/\/evertonfc.cz\/?s={search_term_string}\"},\"query-input\":{\"@type\":\"PropertyValueSpecification\",\"valueRequired\":true,\"valueName\":\"search_term_string\"}}],\"inLanguage\":\"cs\"},{\"@type\":\"Organization\",\"@id\":\"https:\/\/evertonfc.cz\/#organization\",\"name\":\"Official Czech & Slovak Everton Supporters' Club\",\"url\":\"https:\/\/evertonfc.cz\/\",\"logo\":{\"@type\":\"ImageObject\",\"inLanguage\":\"cs\",\"@id\":\"https:\/\/evertonfc.cz\/#\/schema\/logo\/image\/\",\"url\":\"https:\/\/evertonfc.cz\/wp-content\/uploads\/2019\/05\/logo.png\",\"contentUrl\":\"https:\/\/evertonfc.cz\/wp-content\/uploads\/2019\/05\/logo.png\",\"width\":112,\"height\":112,\"caption\":\"Official Czech & Slovak Everton Supporters' Club\"},\"image\":{\"@id\":\"https:\/\/evertonfc.cz\/#\/schema\/logo\/image\/\"},\"sameAs\":[\"https:\/\/www.facebook.com\/everton.fans.cz.sk\"]},{\"@type\":\"Person\",\"@id\":\"https:\/\/evertonfc.cz\/#\/schema\/person\/e9a24a80a32efa1344dd2c4e5882185c\",\"name\":\"Karamela\",\"url\":\"https:\/\/evertonfc.cz\/index.php\/author\/karamela\/\"}]}<\/script>\n<!-- \/ Yoast SEO plugin. -->","yoast_head_json":{"title":"West Ham W - Everton W 2:0 - Official Czech &amp; Slovak Everton Supporters&#039; Club","robots":{"index":"index","follow":"follow","max-snippet":"max-snippet:-1","max-image-preview":"max-image-preview:large","max-video-preview":"max-video-preview:-1"},"canonical":"https:\/\/evertonfc.cz\/index.php\/2025\/01\/29\/west-ham-w-everton-w-20\/","og_locale":"cs_CZ","og_type":"article","og_title":"West Ham W - Everton W 2:0 - Official Czech &amp; Slovak Everton Supporters&#039; Club","og_description":"St\u00e1le to je stejn\u00e9. Dal\u0161\u00ed utk\u00e1n\u00ed, kter\u00e9 se dalo a m\u011blo vyhr\u00e1t a p\u0159esto z n\u011bj nem\u00e1ne ani g\u00f3l, ani bod.","og_url":"https:\/\/evertonfc.cz\/index.php\/2025\/01\/29\/west-ham-w-everton-w-20\/","og_site_name":"Official Czech &amp; Slovak Everton Supporters&#039; Club","article_publisher":"https:\/\/www.facebook.com\/everton.fans.cz.sk","article_published_time":"2025-01-29T21:10:19+00:00","article_modified_time":"2025-02-06T11:23:44+00:00","og_image":[{"width":720,"height":405,"url":"https:\/\/evertonfc.cz\/wp-content\/uploads\/2025\/01\/Toni-Payne-26_1_2025-web.jpg","type":"image\/jpeg"}],"author":"Karamela","twitter_card":"summary_large_image","twitter_misc":{"Napsal(a)":"Karamela","Odhadovan\u00e1 doba \u010dten\u00ed":"3 minuty"},"schema":{"@context":"https:\/\/schema.org","@graph":[{"@type":"Article","@id":"https:\/\/evertonfc.cz\/index.php\/2025\/01\/29\/west-ham-w-everton-w-20\/#article","isPartOf":{"@id":"https:\/\/evertonfc.cz\/index.php\/2025\/01\/29\/west-ham-w-everton-w-20\/"},"author":{"name":"Karamela","@id":"https:\/\/evertonfc.cz\/#\/schema\/person\/e9a24a80a32efa1344dd2c4e5882185c"},"headline":"West Ham W &#8211; Everton W 2:0","datePublished":"2025-01-29T21:10:19+00:00","dateModified":"2025-02-06T11:23:44+00:00","mainEntityOfPage":{"@id":"https:\/\/evertonfc.cz\/index.php\/2025\/01\/29\/west-ham-w-everton-w-20\/"},"wordCount":690,"commentCount":0,"publisher":{"@id":"https:\/\/evertonfc.cz\/#organization"},"image":{"@id":"https:\/\/evertonfc.cz\/index.php\/2025\/01\/29\/west-ham-w-everton-w-20\/#primaryimage"},"thumbnailUrl":"https:\/\/evertonfc.cz\/wp-content\/uploads\/2025\/01\/Toni-Payne-26_1_2025-web.jpg","articleSection":["Everton Women"],"inLanguage":"cs","potentialAction":[{"@type":"CommentAction","name":"Comment","target":["https:\/\/evertonfc.cz\/index.php\/2025\/01\/29\/west-ham-w-everton-w-20\/#respond"]}]},{"@type":"WebPage","@id":"https:\/\/evertonfc.cz\/index.php\/2025\/01\/29\/west-ham-w-everton-w-20\/","url":"https:\/\/evertonfc.cz\/index.php\/2025\/01\/29\/west-ham-w-everton-w-20\/","name":"West Ham W - Everton W 2:0 - Official Czech &amp; Slovak Everton Supporters&#039; Club","isPartOf":{"@id":"https:\/\/evertonfc.cz\/#website"},"primaryImageOfPage":{"@id":"https:\/\/evertonfc.cz\/index.php\/2025\/01\/29\/west-ham-w-everton-w-20\/#primaryimage"},"image":{"@id":"https:\/\/evertonfc.cz\/index.php\/2025\/01\/29\/west-ham-w-everton-w-20\/#primaryimage"},"thumbnailUrl":"https:\/\/evertonfc.cz\/wp-content\/uploads\/2025\/01\/Toni-Payne-26_1_2025-web.jpg","datePublished":"2025-01-29T21:10:19+00:00","dateModified":"2025-02-06T11:23:44+00:00","breadcrumb":{"@id":"https:\/\/evertonfc.cz\/index.php\/2025\/01\/29\/west-ham-w-everton-w-20\/#breadcrumb"},"inLanguage":"cs","potentialAction":[{"@type":"ReadAction","target":["https:\/\/evertonfc.cz\/index.php\/2025\/01\/29\/west-ham-w-everton-w-20\/"]}]},{"@type":"ImageObject","inLanguage":"cs","@id":"https:\/\/evertonfc.cz\/index.php\/2025\/01\/29\/west-ham-w-everton-w-20\/#primaryimage","url":"https:\/\/evertonfc.cz\/wp-content\/uploads\/2025\/01\/Toni-Payne-26_1_2025-web.jpg","contentUrl":"https:\/\/evertonfc.cz\/wp-content\/uploads\/2025\/01\/Toni-Payne-26_1_2025-web.jpg","width":720,"height":405},{"@type":"BreadcrumbList","@id":"https:\/\/evertonfc.cz\/index.php\/2025\/01\/29\/west-ham-w-everton-w-20\/#breadcrumb","itemListElement":[{"@type":"ListItem","position":1,"name":"Home","item":"https:\/\/evertonfc.cz\/"},{"@type":"ListItem","position":2,"name":"West Ham W &#8211; Everton W 2:0"}]},{"@type":"WebSite","@id":"https:\/\/evertonfc.cz\/#website","url":"https:\/\/evertonfc.cz\/","name":"Official Czech &amp; Slovak Everton Supporters&#039; Club","description":"","publisher":{"@id":"https:\/\/evertonfc.cz\/#organization"},"potentialAction":[{"@type":"SearchAction","target":{"@type":"EntryPoint","urlTemplate":"https:\/\/evertonfc.cz\/?s={search_term_string}"},"query-input":{"@type":"PropertyValueSpecification","valueRequired":true,"valueName":"search_term_string"}}],"inLanguage":"cs"},{"@type":"Organization","@id":"https:\/\/evertonfc.cz\/#organization","name":"Official Czech & Slovak Everton Supporters' Club","url":"https:\/\/evertonfc.cz\/","logo":{"@type":"ImageObject","inLanguage":"cs","@id":"https:\/\/evertonfc.cz\/#\/schema\/logo\/image\/","url":"https:\/\/evertonfc.cz\/wp-content\/uploads\/2019\/05\/logo.png","contentUrl":"https:\/\/evertonfc.cz\/wp-content\/uploads\/2019\/05\/logo.png","width":112,"height":112,"caption":"Official Czech & Slovak Everton Supporters' Club"},"image":{"@id":"https:\/\/evertonfc.cz\/#\/schema\/logo\/image\/"},"sameAs":["https:\/\/www.facebook.com\/everton.fans.cz.sk"]},{"@type":"Person","@id":"https:\/\/evertonfc.cz\/#\/schema\/person\/e9a24a80a32efa1344dd2c4e5882185c","name":"Karamela","url":"https:\/\/evertonfc.cz\/index.php\/author\/karamela\/"}]}},"_links":{"self":[{"href":"https:\/\/evertonfc.cz\/index.php\/wp-json\/wp\/v2\/posts\/26163"}],"collection":[{"href":"https:\/\/evertonfc.cz\/index.php\/wp-json\/wp\/v2\/posts"}],"about":[{"href":"https:\/\/evertonfc.cz\/index.php\/wp-json\/wp\/v2\/types\/post"}],"author":[{"embeddable":true,"href":"https:\/\/evertonfc.cz\/index.php\/wp-json\/wp\/v2\/users\/26"}],"replies":[{"embeddable":true,"href":"https:\/\/evertonfc.cz\/index.php\/wp-json\/wp\/v2\/comments?post=26163"}],"version-history":[{"count":4,"href":"https:\/\/evertonfc.cz\/index.php\/wp-json\/wp\/v2\/posts\/26163\/revisions"}],"predecessor-version":[{"id":26260,"href":"https:\/\/evertonfc.cz\/index.php\/wp-json\/wp\/v2\/posts\/26163\/revisions\/26260"}],"wp:featuredmedia":[{"embeddable":true,"href":"https:\/\/evertonfc.cz\/index.php\/wp-json\/wp\/v2\/media\/26167"}],"wp:attachment":[{"href":"https:\/\/evertonfc.cz\/index.php\/wp-json\/wp\/v2\/media?parent=26163"}],"wp:term":[{"taxonomy":"category","embeddable":true,"href":"https:\/\/evertonfc.cz\/index.php\/wp-json\/wp\/v2\/categories?post=26163"},{"taxonomy":"post_tag","embeddable":true,"href":"https:\/\/evertonfc.cz\/index.php\/wp-json\/wp\/v2\/tags?post=26163"}],"curies":[{"name":"wp","href":"https:\/\/api.w.org\/{rel}","templated":true}]}}