{"id":26169,"date":"2025-02-01T20:24:34","date_gmt":"2025-02-01T19:24:34","guid":{"rendered":"https:\/\/evertonfc.cz\/?p=26169"},"modified":"2025-02-06T12:36:43","modified_gmt":"2025-02-06T11:36:43","slug":"wfa-cup-everton-w-tottenham-w-20","status":"publish","type":"post","link":"https:\/\/evertonfc.cz\/index.php\/2025\/02\/01\/wfa-cup-everton-w-tottenham-w-20\/","title":{"rendered":"WFA Cup: Everton W &#8211; Tottenham W 2:0"},"content":{"rendered":"<h4>Ve \u010dtvrt\u00e9m kole \u017eensk\u00e9ho FA Cup jsme po dobr\u00e9m v\u00fdkonu vy\u0159adili lo\u0148sk\u00e9 finalistky Spurs. V p\u0159\u00ed\u0161t\u00edm kole n\u00e1s \u010dek\u00e1 p\u0159estupov\u00fdmi steroidy napumpovan\u00e1 Chelsea.<\/h4>\n<p>Poh\u00e1rov\u00e1 sestava se od t\u00e9 standardn\u00ed p\u0159\u00edli\u0161 neli\u0161ila. Jen mezi ty\u010demi dostala p\u0159ednost Ramsey a Wheeler zas\u00e1hla do utk\u00e1n\u00ed a\u017e v druh\u00e9 p\u016fli, naopak od za\u010d\u00e1tku hr\u00e1la Watson. Po nep\u0159\u00edjemn\u00e9 pachuti dvoug\u00f3lov\u00edho p\u0159\u00edd\u011blu od Hammers jsme dychtili po satisfakci. A t\u00e9 se n\u00e1m skute\u010dn\u011b dostalo. Bohu\u017eel n\u00e1s z\u00e1pas tak\u00e9 st\u00e1l zran\u011bn\u00ed Meg Finnigan.<\/p>\n<h4>Slibn\u00fd za\u010d\u00e1tek<\/h4>\n<p>Co\u017e o to, za\u010dali jsme p\u011bkn\u011b svi\u017en\u011b, kdyby hned v \u00favodu Hope m\u00ed\u0159ila svoj\u00ed hlavi\u010dku po rohu p\u0159esn\u011bji, mohli jsme se i radovat z g\u00f3lu. Bohu\u017eel v des\u00e1t\u00e9 minut\u011b po kolizi s Naz z\u016fstala v p\u016fli h\u0159i\u0161t\u011b le\u017eet na\u0161e kapit\u00e1nka Megan Finnigan. Zran\u011bn\u00e9 koleno j\u00ed nedovolilo postavit se na nohy a na jej\u00ed m\u00edsto musela b\u00fdt povol\u00e1na Heather Payne. Po z\u00e1pase se uk\u00e1zalo, \u017ee Finnigan m\u00e1 p\u0159etr\u017een\u00fd p\u0159en\u00ed zk\u0159\u00ed\u017een\u00fd vaz a bohu\u017eel pro ni tak p\u0159ed\u010dasn\u011b skon\u010dila sez\u00f3na. Mo\u017en\u00e1 i tato ztr\u00e1ta motivovala hr\u00e1\u010dky k v\u00fdborn\u00e9mu v\u00fdkonu. Z\u00e1loha Watson-Ladd-Hayashi se \u010dinila jak div\u00e1 a o p\u0159esn\u00e9 a inteligentn\u00ed p\u0159ihr\u00e1vky nebyla nouze. Z pozice lev\u00e9 obr\u00e1nkyn\u011b jim zdatn\u011b sekundovala Holmgaard. D\u011blovka Snoeijs byla je\u0161t\u011b kryt\u00e1 Heeps a stejn\u011b tak tottenhamsk\u00e1 brank\u00e1\u0159ka vychytala i pokus Gago. Mysl\u00edm, \u017ee tentokr\u00e1t to byly Spurs, kdo ocenil hvizd ohla\u0161uj\u00edc\u00ed polo\u010dasovou pauzu.<\/p>\n<h4>Druh\u00e1 p\u016fle &#8211; dva f\u00edky<\/h4>\n<p>Z druh\u00e9ho polo\u010dasu utekly sotva t\u0159i minuty, kdy\u017e se evertonsk\u00fd fanou\u0161ek kone\u010dn\u011b do\u010dkal: po p\u0159ihr\u00e1vce Holmgaard z prvn\u00ed a z t\u011b\u017ek\u00e9ho \u00fahlu bez v\u00e1h\u00e1n\u00ed vyst\u0159elila Gago a p\u0159ekonala jinak v\u00fdborn\u011b chytaj\u00edc\u00ed Heeps &#8211; <strong>1:0<\/strong>. P\u0159esn\u011b na takov\u00fdto g\u00f3l jsme dlouho \u010dekali. Uklidn\u011bny brankou pokra\u010dovali na\u0161e hr\u00e1\u010dky v dobr\u00e9m v\u00fdkonu i nad\u00e1le. Holmgaard m\u00e1lem hlavou p\u0159elobovala g\u00f3lmanku hostek, ale m\u00ed\u010d nakonec sm\u011b\u0159oval mimo. P\u0159\u00edchod Lawley a Toni Payne d\u00e1l zamotal hlavu, respektive nohy Spurs. Zejm\u00e9na rychlonoh\u00e1 Toni slu\u0161n\u011b t\u00fdrala nesosut\u0159ed\u011bn\u011b hraj\u00edc\u00ed obranu Spurs. Jej\u00ed sna\u017een\u00ed p\u0159inelo ovoce t\u011bsn\u011b po\u0159ed koncem z\u00e1pasu, kdy jej\u00ed pr\u016fnik do v\u00e1pna a zp\u011btnou p\u0159ihr\u00e1vku zu\u017eitkovala nab\u00edhaj\u00edc\u00ed Heather Payne &#8211; <strong>2:0<\/strong>.<\/p>\n<h4>Dobr\u00fd v\u00fdkon s ho\u0159kou p\u0159\u00edchut\u00ed<\/h4>\n<p>Tento z\u00e1pas se povedl. Z\u00e1loha hr\u00e1la v\u00fdborn\u011b a Gago prok\u00e1zala, \u017ee m\u00e1 instinkty srikerky. K\u00e9\u017e by to byl jen prvn\u00ed z jej\u00edch dal\u0161\u00edch evertonsk\u00fdch g\u00f3l\u016f! Velk\u00fdm \u010dern\u00fdm mrakem je ov\u0161em zran\u011bn\u00ed Finnigan. Odhl\u00e9dneme-li od toho, \u017ee pr\u00e1v\u011b obr\u00e1nky\u0148 p\u0159ebytek nem\u00e1me (i kdy\u017e rekvalifikace H. Payne na tento post se ukazuje jako nad\u011bjn\u00e1), tak zran\u011bn\u00ed tohoto kalibru znamen\u00e1 v\u017edy v\u00fdrazn\u00fd z\u00e1sah do kari\u00e9ry hr\u00e1\u010dky. V\u011b\u0159me, \u017ee v p\u0159\u00edpad\u011b Megan to \u017e\u00e1dn\u00fd z\u00e1sadn\u00ed z\u00e1sah nebude a p\u0159\u00ed\u0161t\u00ed podzim se vr\u00e1t\u00ed na tr\u00e1vn\u00edk p\u0159inejmen\u0161\u00edm v takov\u00e9 form\u011b, jako letos. Uvid\u00edme, zda byl tento z\u00e1pas za\u010d\u00e1tkem vzestupn\u00e9 \u010d\u00e1sti k\u0159ivky zn\u00e1m\u00e9 funkce everton (x), nebo jen n\u00e1hodn\u00fdm ojedin\u011bl\u00fdm vzepjet\u00edm. Pevn\u011b douf\u00e1m v to prvn\u00ed. Uvid\u00edme v z\u00e1pse s Leicestrem 2.2. od 16:00. <span style=\"color: #0000ff;\"><strong>COYBG!<\/strong><\/span><\/p>\n<p style=\"text-align: right;\"><span style=\"font-size: 8pt;\"><em>Fotografie: H. Payne a T. Payne slav\u00ed (zdroj: Getty Images via royalbluemersey.sbnation.com)<\/em><\/span><\/p>\n<p><strong>G\u00f3ly:<\/strong> Gago (48\u00b4), H. Payne (90+2\u00b4)\u00a0 <strong>\u017dK:<\/strong> S. Holmgaard, Ladd<\/p>\n<p><strong>Everton (4-4-1-1): <\/strong>Ramsey; Hope<span class=\"visually-hidden ssrcss-1f39n02-VisuallyHidden e16en2lz0\">, Finnigan (H. Payne 10\u00b4), <\/span><span class=\"visually-hidden ssrcss-1f39n02-VisuallyHidden e16en2lz0\">Fern\u00e1ndez, <\/span><span class=\"visually-hidden ssrcss-1f39n02-VisuallyHidden e16en2lz0\">Holmgaard; <\/span>Watson (T. Payne 62\u00b4)<span class=\"visually-hidden ssrcss-1f39n02-VisuallyHidden e16en2lz0\">, Ladd, <\/span><span class=\"visually-hidden ssrcss-1f39n02-VisuallyHidden e16en2lz0\">Hayashi, <\/span><span class=\"visually-hidden ssrcss-1f39n02-VisuallyHidden e16en2lz0\">Olesen (Wheeler 62\u00b4); Snoeijs (Vanhaevermaet 61&#8242;); Gago (Lawley 78&#8242;)<\/span><\/p>\n<p><strong>Tottenham (4-4-2): <\/strong>Heeps; Grant, <span class=\"visually-hidden ssrcss-1f39n02-VisuallyHidden e16en2lz0\">Hunt, <\/span><span class=\"visually-hidden ssrcss-1f39n02-VisuallyHidden e16en2lz0\">B\u00fchler, N<\/span><span aria-hidden=\"true\">ild\u00e9n (Neville 78&#8242;); <\/span>Raso (Gunning-Williams 59&#8242;)<span class=\"visually-hidden ssrcss-1f39n02-VisuallyHidden e16en2lz0\">, Csiki (Bartrip 78&#8242;), <\/span><span class=\"visually-hidden ssrcss-1f39n02-VisuallyHidden e16en2lz0\">Ahtinen, <\/span><span class=\"visually-hidden ssrcss-1f39n02-VisuallyHidden e16en2lz0\">Vinberg; <\/span>Naz (Holdt 78&#8242;), <span class=\"visually-hidden ssrcss-1f39n02-VisuallyHidden e16en2lz0\">Thomas (Ayane 59&#8242;)<\/span><\/p>\n<p><strong>Rozhod\u010d\u00ed:<\/strong> Cheryl Foster<\/p>\n<p><iframe loading=\"lazy\" title=\"Payne Seals Toffees Progression | Everton 2-0 Tottenham | Adobe Women&#039;s FA Cup 2024-25\" width=\"1140\" height=\"641\" src=\"https:\/\/www.youtube.com\/embed\/-oT1ToBBEOI?feature=oembed\" frameborder=\"0\" allow=\"accelerometer; autoplay; clipboard-write; encrypted-media; gyroscope; picture-in-picture; web-share\" referrerpolicy=\"strict-origin-when-cross-origin\" allowfullscreen><\/iframe><\/p>\n","protected":false},"excerpt":{"rendered":"<p>Ve \u010dtvrt\u00e9m kole \u017eensk\u00e9ho FA Cup jsme po dobr\u00e9m v\u00fdkonu vy\u0159adili lo\u0148sk\u00e9 finalistky Spurs. V p\u0159\u00ed\u0161t\u00edm kole n\u00e1s \u010dek\u00e1 p\u0159estupov\u00fdmi steroidy napumpovan\u00e1 Chelsea.<\/p>\n","protected":false},"author":26,"featured_media":26190,"comment_status":"open","ping_status":"closed","sticky":false,"template":"","format":"standard","meta":{"_eb_attr":"","_monsterinsights_skip_tracking":false,"_monsterinsights_sitenote_active":false,"_monsterinsights_sitenote_note":"","_monsterinsights_sitenote_category":0,"footnotes":""},"categories":[110],"tags":[],"yoast_head":"<!-- This site is optimized with the Yoast SEO plugin v23.4 - https:\/\/yoast.com\/wordpress\/plugins\/seo\/ -->\n<title>WFA Cup: Everton W - Tottenham W 2:0 - Official Czech &amp; Slovak Everton Supporters&#039; Club<\/title>\n<meta name=\"robots\" content=\"index, follow, max-snippet:-1, max-image-preview:large, max-video-preview:-1\" \/>\n<link rel=\"canonical\" href=\"https:\/\/evertonfc.cz\/index.php\/2025\/02\/01\/wfa-cup-everton-w-tottenham-w-20\/\" \/>\n<meta property=\"og:locale\" content=\"cs_CZ\" \/>\n<meta property=\"og:type\" content=\"article\" \/>\n<meta property=\"og:title\" content=\"WFA Cup: Everton W - Tottenham W 2:0 - Official Czech &amp; Slovak Everton Supporters&#039; Club\" \/>\n<meta property=\"og:description\" content=\"Ve \u010dtvrt\u00e9m kole \u017eensk\u00e9ho FA Cup jsme po dobr\u00e9m v\u00fdkonu vy\u0159adili lo\u0148sk\u00e9 finalistky Spurs. V p\u0159\u00ed\u0161t\u00edm kole n\u00e1s \u010dek\u00e1 p\u0159estupov\u00fdmi steroidy napumpovan\u00e1 Chelsea.\" \/>\n<meta property=\"og:url\" content=\"https:\/\/evertonfc.cz\/index.php\/2025\/02\/01\/wfa-cup-everton-w-tottenham-w-20\/\" \/>\n<meta property=\"og:site_name\" content=\"Official Czech &amp; Slovak Everton Supporters&#039; Club\" \/>\n<meta property=\"article:publisher\" content=\"https:\/\/www.facebook.com\/everton.fans.cz.sk\" \/>\n<meta property=\"article:published_time\" content=\"2025-02-01T19:24:34+00:00\" \/>\n<meta property=\"article:modified_time\" content=\"2025-02-06T11:36:43+00:00\" \/>\n<meta property=\"og:image\" content=\"https:\/\/evertonfc.cz\/wp-content\/uploads\/2025\/02\/Payne-and-Payne-29_1_2025-web.jpg\" \/>\n\t<meta property=\"og:image:width\" content=\"720\" \/>\n\t<meta property=\"og:image:height\" content=\"405\" \/>\n\t<meta property=\"og:image:type\" content=\"image\/jpeg\" \/>\n<meta name=\"author\" content=\"Karamela\" \/>\n<meta name=\"twitter:card\" content=\"summary_large_image\" \/>\n<meta name=\"twitter:label1\" content=\"Napsal(a)\" \/>\n\t<meta name=\"twitter:data1\" content=\"Karamela\" \/>\n\t<meta name=\"twitter:label2\" content=\"Odhadovan\u00e1 doba \u010dten\u00ed\" \/>\n\t<meta name=\"twitter:data2\" content=\"4 minuty\" \/>\n<script type=\"application\/ld+json\" class=\"yoast-schema-graph\">{\"@context\":\"https:\/\/schema.org\",\"@graph\":[{\"@type\":\"Article\",\"@id\":\"https:\/\/evertonfc.cz\/index.php\/2025\/02\/01\/wfa-cup-everton-w-tottenham-w-20\/#article\",\"isPartOf\":{\"@id\":\"https:\/\/evertonfc.cz\/index.php\/2025\/02\/01\/wfa-cup-everton-w-tottenham-w-20\/\"},\"author\":{\"name\":\"Karamela\",\"@id\":\"https:\/\/evertonfc.cz\/#\/schema\/person\/e9a24a80a32efa1344dd2c4e5882185c\"},\"headline\":\"WFA Cup: Everton W &#8211; Tottenham W 2:0\",\"datePublished\":\"2025-02-01T19:24:34+00:00\",\"dateModified\":\"2025-02-06T11:36:43+00:00\",\"mainEntityOfPage\":{\"@id\":\"https:\/\/evertonfc.cz\/index.php\/2025\/02\/01\/wfa-cup-everton-w-tottenham-w-20\/\"},\"wordCount\":724,\"commentCount\":0,\"publisher\":{\"@id\":\"https:\/\/evertonfc.cz\/#organization\"},\"image\":{\"@id\":\"https:\/\/evertonfc.cz\/index.php\/2025\/02\/01\/wfa-cup-everton-w-tottenham-w-20\/#primaryimage\"},\"thumbnailUrl\":\"https:\/\/evertonfc.cz\/wp-content\/uploads\/2025\/02\/Payne-and-Payne-29_1_2025-web.jpg\",\"articleSection\":[\"Everton Women\"],\"inLanguage\":\"cs\",\"potentialAction\":[{\"@type\":\"CommentAction\",\"name\":\"Comment\",\"target\":[\"https:\/\/evertonfc.cz\/index.php\/2025\/02\/01\/wfa-cup-everton-w-tottenham-w-20\/#respond\"]}]},{\"@type\":\"WebPage\",\"@id\":\"https:\/\/evertonfc.cz\/index.php\/2025\/02\/01\/wfa-cup-everton-w-tottenham-w-20\/\",\"url\":\"https:\/\/evertonfc.cz\/index.php\/2025\/02\/01\/wfa-cup-everton-w-tottenham-w-20\/\",\"name\":\"WFA Cup: Everton W - Tottenham W 2:0 - Official Czech &amp; Slovak Everton Supporters&#039; Club\",\"isPartOf\":{\"@id\":\"https:\/\/evertonfc.cz\/#website\"},\"primaryImageOfPage\":{\"@id\":\"https:\/\/evertonfc.cz\/index.php\/2025\/02\/01\/wfa-cup-everton-w-tottenham-w-20\/#primaryimage\"},\"image\":{\"@id\":\"https:\/\/evertonfc.cz\/index.php\/2025\/02\/01\/wfa-cup-everton-w-tottenham-w-20\/#primaryimage\"},\"thumbnailUrl\":\"https:\/\/evertonfc.cz\/wp-content\/uploads\/2025\/02\/Payne-and-Payne-29_1_2025-web.jpg\",\"datePublished\":\"2025-02-01T19:24:34+00:00\",\"dateModified\":\"2025-02-06T11:36:43+00:00\",\"breadcrumb\":{\"@id\":\"https:\/\/evertonfc.cz\/index.php\/2025\/02\/01\/wfa-cup-everton-w-tottenham-w-20\/#breadcrumb\"},\"inLanguage\":\"cs\",\"potentialAction\":[{\"@type\":\"ReadAction\",\"target\":[\"https:\/\/evertonfc.cz\/index.php\/2025\/02\/01\/wfa-cup-everton-w-tottenham-w-20\/\"]}]},{\"@type\":\"ImageObject\",\"inLanguage\":\"cs\",\"@id\":\"https:\/\/evertonfc.cz\/index.php\/2025\/02\/01\/wfa-cup-everton-w-tottenham-w-20\/#primaryimage\",\"url\":\"https:\/\/evertonfc.cz\/wp-content\/uploads\/2025\/02\/Payne-and-Payne-29_1_2025-web.jpg\",\"contentUrl\":\"https:\/\/evertonfc.cz\/wp-content\/uploads\/2025\/02\/Payne-and-Payne-29_1_2025-web.jpg\",\"width\":720,\"height\":405},{\"@type\":\"BreadcrumbList\",\"@id\":\"https:\/\/evertonfc.cz\/index.php\/2025\/02\/01\/wfa-cup-everton-w-tottenham-w-20\/#breadcrumb\",\"itemListElement\":[{\"@type\":\"ListItem\",\"position\":1,\"name\":\"Home\",\"item\":\"https:\/\/evertonfc.cz\/\"},{\"@type\":\"ListItem\",\"position\":2,\"name\":\"WFA Cup: Everton W &#8211; Tottenham W 2:0\"}]},{\"@type\":\"WebSite\",\"@id\":\"https:\/\/evertonfc.cz\/#website\",\"url\":\"https:\/\/evertonfc.cz\/\",\"name\":\"Official Czech &amp; Slovak Everton Supporters&#039; Club\",\"description\":\"\",\"publisher\":{\"@id\":\"https:\/\/evertonfc.cz\/#organization\"},\"potentialAction\":[{\"@type\":\"SearchAction\",\"target\":{\"@type\":\"EntryPoint\",\"urlTemplate\":\"https:\/\/evertonfc.cz\/?s={search_term_string}\"},\"query-input\":{\"@type\":\"PropertyValueSpecification\",\"valueRequired\":true,\"valueName\":\"search_term_string\"}}],\"inLanguage\":\"cs\"},{\"@type\":\"Organization\",\"@id\":\"https:\/\/evertonfc.cz\/#organization\",\"name\":\"Official Czech & Slovak Everton Supporters' Club\",\"url\":\"https:\/\/evertonfc.cz\/\",\"logo\":{\"@type\":\"ImageObject\",\"inLanguage\":\"cs\",\"@id\":\"https:\/\/evertonfc.cz\/#\/schema\/logo\/image\/\",\"url\":\"https:\/\/evertonfc.cz\/wp-content\/uploads\/2019\/05\/logo.png\",\"contentUrl\":\"https:\/\/evertonfc.cz\/wp-content\/uploads\/2019\/05\/logo.png\",\"width\":112,\"height\":112,\"caption\":\"Official Czech & Slovak Everton Supporters' Club\"},\"image\":{\"@id\":\"https:\/\/evertonfc.cz\/#\/schema\/logo\/image\/\"},\"sameAs\":[\"https:\/\/www.facebook.com\/everton.fans.cz.sk\"]},{\"@type\":\"Person\",\"@id\":\"https:\/\/evertonfc.cz\/#\/schema\/person\/e9a24a80a32efa1344dd2c4e5882185c\",\"name\":\"Karamela\",\"url\":\"https:\/\/evertonfc.cz\/index.php\/author\/karamela\/\"}]}<\/script>\n<!-- \/ Yoast SEO plugin. -->","yoast_head_json":{"title":"WFA Cup: Everton W - Tottenham W 2:0 - Official Czech &amp; Slovak Everton Supporters&#039; Club","robots":{"index":"index","follow":"follow","max-snippet":"max-snippet:-1","max-image-preview":"max-image-preview:large","max-video-preview":"max-video-preview:-1"},"canonical":"https:\/\/evertonfc.cz\/index.php\/2025\/02\/01\/wfa-cup-everton-w-tottenham-w-20\/","og_locale":"cs_CZ","og_type":"article","og_title":"WFA Cup: Everton W - Tottenham W 2:0 - Official Czech &amp; Slovak Everton Supporters&#039; Club","og_description":"Ve \u010dtvrt\u00e9m kole \u017eensk\u00e9ho FA Cup jsme po dobr\u00e9m v\u00fdkonu vy\u0159adili lo\u0148sk\u00e9 finalistky Spurs. V p\u0159\u00ed\u0161t\u00edm kole n\u00e1s \u010dek\u00e1 p\u0159estupov\u00fdmi steroidy napumpovan\u00e1 Chelsea.","og_url":"https:\/\/evertonfc.cz\/index.php\/2025\/02\/01\/wfa-cup-everton-w-tottenham-w-20\/","og_site_name":"Official Czech &amp; Slovak Everton Supporters&#039; Club","article_publisher":"https:\/\/www.facebook.com\/everton.fans.cz.sk","article_published_time":"2025-02-01T19:24:34+00:00","article_modified_time":"2025-02-06T11:36:43+00:00","og_image":[{"width":720,"height":405,"url":"https:\/\/evertonfc.cz\/wp-content\/uploads\/2025\/02\/Payne-and-Payne-29_1_2025-web.jpg","type":"image\/jpeg"}],"author":"Karamela","twitter_card":"summary_large_image","twitter_misc":{"Napsal(a)":"Karamela","Odhadovan\u00e1 doba \u010dten\u00ed":"4 minuty"},"schema":{"@context":"https:\/\/schema.org","@graph":[{"@type":"Article","@id":"https:\/\/evertonfc.cz\/index.php\/2025\/02\/01\/wfa-cup-everton-w-tottenham-w-20\/#article","isPartOf":{"@id":"https:\/\/evertonfc.cz\/index.php\/2025\/02\/01\/wfa-cup-everton-w-tottenham-w-20\/"},"author":{"name":"Karamela","@id":"https:\/\/evertonfc.cz\/#\/schema\/person\/e9a24a80a32efa1344dd2c4e5882185c"},"headline":"WFA Cup: Everton W &#8211; Tottenham W 2:0","datePublished":"2025-02-01T19:24:34+00:00","dateModified":"2025-02-06T11:36:43+00:00","mainEntityOfPage":{"@id":"https:\/\/evertonfc.cz\/index.php\/2025\/02\/01\/wfa-cup-everton-w-tottenham-w-20\/"},"wordCount":724,"commentCount":0,"publisher":{"@id":"https:\/\/evertonfc.cz\/#organization"},"image":{"@id":"https:\/\/evertonfc.cz\/index.php\/2025\/02\/01\/wfa-cup-everton-w-tottenham-w-20\/#primaryimage"},"thumbnailUrl":"https:\/\/evertonfc.cz\/wp-content\/uploads\/2025\/02\/Payne-and-Payne-29_1_2025-web.jpg","articleSection":["Everton Women"],"inLanguage":"cs","potentialAction":[{"@type":"CommentAction","name":"Comment","target":["https:\/\/evertonfc.cz\/index.php\/2025\/02\/01\/wfa-cup-everton-w-tottenham-w-20\/#respond"]}]},{"@type":"WebPage","@id":"https:\/\/evertonfc.cz\/index.php\/2025\/02\/01\/wfa-cup-everton-w-tottenham-w-20\/","url":"https:\/\/evertonfc.cz\/index.php\/2025\/02\/01\/wfa-cup-everton-w-tottenham-w-20\/","name":"WFA Cup: Everton W - Tottenham W 2:0 - Official Czech &amp; Slovak Everton Supporters&#039; Club","isPartOf":{"@id":"https:\/\/evertonfc.cz\/#website"},"primaryImageOfPage":{"@id":"https:\/\/evertonfc.cz\/index.php\/2025\/02\/01\/wfa-cup-everton-w-tottenham-w-20\/#primaryimage"},"image":{"@id":"https:\/\/evertonfc.cz\/index.php\/2025\/02\/01\/wfa-cup-everton-w-tottenham-w-20\/#primaryimage"},"thumbnailUrl":"https:\/\/evertonfc.cz\/wp-content\/uploads\/2025\/02\/Payne-and-Payne-29_1_2025-web.jpg","datePublished":"2025-02-01T19:24:34+00:00","dateModified":"2025-02-06T11:36:43+00:00","breadcrumb":{"@id":"https:\/\/evertonfc.cz\/index.php\/2025\/02\/01\/wfa-cup-everton-w-tottenham-w-20\/#breadcrumb"},"inLanguage":"cs","potentialAction":[{"@type":"ReadAction","target":["https:\/\/evertonfc.cz\/index.php\/2025\/02\/01\/wfa-cup-everton-w-tottenham-w-20\/"]}]},{"@type":"ImageObject","inLanguage":"cs","@id":"https:\/\/evertonfc.cz\/index.php\/2025\/02\/01\/wfa-cup-everton-w-tottenham-w-20\/#primaryimage","url":"https:\/\/evertonfc.cz\/wp-content\/uploads\/2025\/02\/Payne-and-Payne-29_1_2025-web.jpg","contentUrl":"https:\/\/evertonfc.cz\/wp-content\/uploads\/2025\/02\/Payne-and-Payne-29_1_2025-web.jpg","width":720,"height":405},{"@type":"BreadcrumbList","@id":"https:\/\/evertonfc.cz\/index.php\/2025\/02\/01\/wfa-cup-everton-w-tottenham-w-20\/#breadcrumb","itemListElement":[{"@type":"ListItem","position":1,"name":"Home","item":"https:\/\/evertonfc.cz\/"},{"@type":"ListItem","position":2,"name":"WFA Cup: Everton W &#8211; Tottenham W 2:0"}]},{"@type":"WebSite","@id":"https:\/\/evertonfc.cz\/#website","url":"https:\/\/evertonfc.cz\/","name":"Official Czech &amp; Slovak Everton Supporters&#039; Club","description":"","publisher":{"@id":"https:\/\/evertonfc.cz\/#organization"},"potentialAction":[{"@type":"SearchAction","target":{"@type":"EntryPoint","urlTemplate":"https:\/\/evertonfc.cz\/?s={search_term_string}"},"query-input":{"@type":"PropertyValueSpecification","valueRequired":true,"valueName":"search_term_string"}}],"inLanguage":"cs"},{"@type":"Organization","@id":"https:\/\/evertonfc.cz\/#organization","name":"Official Czech & Slovak Everton Supporters' Club","url":"https:\/\/evertonfc.cz\/","logo":{"@type":"ImageObject","inLanguage":"cs","@id":"https:\/\/evertonfc.cz\/#\/schema\/logo\/image\/","url":"https:\/\/evertonfc.cz\/wp-content\/uploads\/2019\/05\/logo.png","contentUrl":"https:\/\/evertonfc.cz\/wp-content\/uploads\/2019\/05\/logo.png","width":112,"height":112,"caption":"Official Czech & Slovak Everton Supporters' Club"},"image":{"@id":"https:\/\/evertonfc.cz\/#\/schema\/logo\/image\/"},"sameAs":["https:\/\/www.facebook.com\/everton.fans.cz.sk"]},{"@type":"Person","@id":"https:\/\/evertonfc.cz\/#\/schema\/person\/e9a24a80a32efa1344dd2c4e5882185c","name":"Karamela","url":"https:\/\/evertonfc.cz\/index.php\/author\/karamela\/"}]}},"_links":{"self":[{"href":"https:\/\/evertonfc.cz\/index.php\/wp-json\/wp\/v2\/posts\/26169"}],"collection":[{"href":"https:\/\/evertonfc.cz\/index.php\/wp-json\/wp\/v2\/posts"}],"about":[{"href":"https:\/\/evertonfc.cz\/index.php\/wp-json\/wp\/v2\/types\/post"}],"author":[{"embeddable":true,"href":"https:\/\/evertonfc.cz\/index.php\/wp-json\/wp\/v2\/users\/26"}],"replies":[{"embeddable":true,"href":"https:\/\/evertonfc.cz\/index.php\/wp-json\/wp\/v2\/comments?post=26169"}],"version-history":[{"count":7,"href":"https:\/\/evertonfc.cz\/index.php\/wp-json\/wp\/v2\/posts\/26169\/revisions"}],"predecessor-version":[{"id":26264,"href":"https:\/\/evertonfc.cz\/index.php\/wp-json\/wp\/v2\/posts\/26169\/revisions\/26264"}],"wp:featuredmedia":[{"embeddable":true,"href":"https:\/\/evertonfc.cz\/index.php\/wp-json\/wp\/v2\/media\/26190"}],"wp:attachment":[{"href":"https:\/\/evertonfc.cz\/index.php\/wp-json\/wp\/v2\/media?parent=26169"}],"wp:term":[{"taxonomy":"category","embeddable":true,"href":"https:\/\/evertonfc.cz\/index.php\/wp-json\/wp\/v2\/categories?post=26169"},{"taxonomy":"post_tag","embeddable":true,"href":"https:\/\/evertonfc.cz\/index.php\/wp-json\/wp\/v2\/tags?post=26169"}],"curies":[{"name":"wp","href":"https:\/\/api.w.org\/{rel}","templated":true}]}}