{"id":26175,"date":"2025-01-31T17:29:26","date_gmt":"2025-01-31T16:29:26","guid":{"rendered":"https:\/\/evertonfc.cz\/?p=26175"},"modified":"2025-02-01T19:30:26","modified_gmt":"2025-02-01T18:30:26","slug":"preview-everton-leicester-city-10","status":"publish","type":"post","link":"https:\/\/evertonfc.cz\/index.php\/2025\/01\/31\/preview-everton-leicester-city-10\/","title":{"rendered":"Preview: Everton &#8211; Leicester City"},"content":{"rendered":"<h4>Prvn\u00ed v\u00fdsledky l\u00e9\u010dby staronov\u00fdm mana\u017eerem se ukazuj\u00ed jako slibn\u00e9, Everton vykazuje zn\u00e1mky zlep\u0161en\u00ed a p\u0159\u00edznaky hroz\u00edc\u00edho sestupu za\u010d\u00ednaj\u00ed ustupovat. Stav pacienta ale rozhodn\u011b je\u0161t\u011b nelze ozna\u010dit za stabilizovan\u00fd.<\/h4>\n<p>O tom, \u017ee prvn\u00ed vyhr\u00e1n\u00ed z kapsy vyh\u00e1n\u00ed, by ostatn\u011b mohli velmi \u017eiv\u011b vypr\u00e1v\u011bt pr\u00e1v\u011b v Leicesteru. Na konci listopadu pon\u011bkud p\u0159ekvapiv\u011b odvolali mana\u017eera Steva Coopera a anga\u017eovali Ruuda van Nistelrooye.<\/p>\n<p>B\u00fdval\u00fd vynikaj\u00edc\u00ed \u00fato\u010dn\u00edk zah\u00e1jil sv\u00e9 p\u016fsoben\u00ed v\u00fdhrou nad West Hamem, na kterou nav\u00e1zala rem\u00edza s Brightonem. Pak ale museli Foxes spolknout ho\u0159kou pilulku v podob\u011b sedmi ligov\u00fdch por\u00e1\u017eek v \u0159ad\u011b. A\u017e p\u0159ed t\u00fddnem si vy\u0161l\u00e1pli na zdecimovan\u00fd Tottenham, kdy\u017e oto\u010dili nep\u0159\u00edzniv\u00fd v\u00fdvoj a slavili triumf 2:1 po g\u00f3lech Vardyho (pochopiteln\u011b) a El Khannousse.<\/p>\n<p>V\u00edt\u011bzstv\u00ed v hlavn\u00edm m\u011bst\u011b vyst\u0159elilo Leicester ze sestupov\u00fdch p\u0159\u00ed\u010dek na 17. m\u00edsto se 17 body, jen o bod nad aktu\u00e1ln\u011b sestupuj\u00edc\u00edmi Wolverhamptonem a Ipswichem. O p\u0159\u00ed\u010dku v\u00fd\u0161e se moment\u00e1ln\u011b nach\u00e1zej\u00ed Toffees s 23 body. Net\u0159eba tedy zd\u016fraz\u0148ovat, jak d\u016fle\u017eit\u00e9 je pro oba celky sobotn\u00ed kl\u00e1n\u00ed.<\/p>\n<p>Radost z v\u00fdher proti Tottenhamu a Brightonu ov\u0161em kaz\u00ed \u010detn\u00e1 a v\u00e1\u017en\u00e1 zran\u011bn\u00ed. N\u011bkolikat\u00fddenn\u00ed absence trojice Chermiti, Broja a McNeil, kter\u00fd prod\u011blal men\u0161\u00ed z\u00e1krok, se po utk\u00e1n\u00ed se Seagulls nav\u00edc roz\u0161\u00ed\u0159ily o Calverta-Lewina a Mangalu.<\/p>\n<p>Prvn\u011b jmenovan\u00fd si poranil sval a \u010dek\u00e1 ho dvoum\u011bs\u00ed\u010dn\u00ed pauza. Na\u0161t\u011bst\u00ed jeho zran\u011bn\u00ed nevy\u017eaduje operaci. Naopak Belgi\u010dan si bohu\u017eel p\u0159etrhl p\u0159edn\u00ed zk\u0159\u00ed\u017een\u00fd vaz, co\u017e si vy\u017e\u00e1d\u00e1 operaci a minim\u00e1ln\u011b p\u016flro\u010dn\u00ed pauzu, kter\u00e1 pravd\u011bpodobn\u011b potrv\u00e1 je\u0161t\u011b d\u00e9le. Moyes potvrdil, \u017ee Mangala se vr\u00e1t\u00ed do Lyonu, kde bude pokra\u010dovat v l\u00e9\u010db\u011b.<\/p>\n<p>Moyes si na p\u0159edz\u00e1pasov\u00e9 tiskov\u00e9 konferenci tak\u00e9 s v\u00fdrazem spr\u00e1skan\u00e9ho psa povzdechl, \u017ee by r\u00e1d p\u0159ivedl p\u00e1r nov\u00fdch hr\u00e1\u010d\u016f, klub m\u00e1 v\u0161ak kv\u016fli finan\u010dn\u00edm pravidl\u016fm FFP velmi sv\u00e1zan\u00e9 ruce. Nakonec se tak m\u016f\u017ee st\u00e1t, \u017ee do konce p\u0159estupov\u00e9ho obdob\u00ed v pond\u011bl\u00ed nep\u0159ijde \u017e\u00e1dn\u00e1 posila. Probl\u00e9mov\u00e1 je zejm\u00e9na situace v \u00fatoku, kde bude skotsk\u00fd strat\u00e9g minim\u00e1ln\u011b do b\u0159ezna moci spol\u00e9hat pouze na Beta. Nevylou\u010dil proto mo\u017enost nouzov\u00e9ho nasazen\u00ed stopera Keanea na hrot.<\/p>\n<p>Pozitivn\u00ed je uzdraven\u00ed st\u0159edopola\u0159\u016f. Garner u\u017e stihl nasko\u010dit do z\u00e1v\u011bru utk\u00e1n\u00ed v Brightonu a nyn\u00ed se jev\u00ed jako automatick\u00e1 n\u00e1hrada za Mangalu. Iroegbunamovi sch\u00e1z\u00ed je\u0161t\u011b t\u00fdden \u010di dva k pln\u00e9 z\u00e1pasov\u00e9 kondici, ale vzhledem k person\u00e1ln\u00ed nouzi se nejsp\u00ed\u0161e u\u017e o v\u00edkendu objev\u00ed na lavi\u010dce a bude p\u0159ipraven odehr\u00e1t alespo\u0148 p\u00e1r minut.<\/p>\n<p>Leicesteru nad\u00e1le chyb\u00ed zran\u011bn\u00ed a d\u016fle\u017eit\u00ed hr\u00e1\u010di Pereira, Ndidi a Fatawu, zat\u00edmco se z marodky vrac\u00ed brank\u00e1\u0159 Hermansen, ale nen\u00ed jist\u00e9, zda si m\u00edsto v br\u00e1n\u011b nepodr\u017e\u00ed Stolarczyk. Defenziva celkov\u011b v\u0161ak d\u011bl\u00e1 van Nistelrooyovi velk\u00e9 vr\u00e1sky \u2013 Foxes udr\u017eeli \u010dist\u00e9 konto pouze jednou v sez\u00f3n\u011b, a to v sedm\u00e9m kole. Pro srovn\u00e1n\u00ed, Everton dosud vybojoval osm \u010dist\u00fdch kont, co\u017e z n\u011bj v tomto sm\u011bru d\u011bl\u00e1 t\u0159et\u00ed nejlep\u0161\u00ed t\u00fdm ligy.<\/p>\n<p>Spolu s nov\u011b nabytou sebed\u016fv\u011brou to tvo\u0159\u00ed solidn\u00ed z\u00e1klad pro dal\u0161\u00ed bodov\u00e9 zisky. Ofenzivn\u00ed opora Iliman Ndiaye se netajil pohodou v kabin\u011b: <em>\u201eVyhr\u00e1li jsme dva z\u00e1pasy v \u0159ad\u011b a je norm\u00e1ln\u00ed, \u017ee n\u00e1m to dodalo sebev\u011bdom\u00ed. V\u0161ichni jsou p\u0159ipraven\u00ed a tvrd\u011b pracuj\u00ed. Odkdy p\u0159i\u0161el David Moyes, jsme jako t\u00fdm ment\u00e1ln\u011b siln\u011bj\u0161\u00ed. Pom\u00e1h\u00e1 ka\u017ed\u00e9mu z n\u00e1s vydat ze sebe to nejlep\u0161\u00ed. Za tak kr\u00e1tk\u00fd \u010das se toho zm\u011bnilo hodn\u011b.\u201c<\/em>\u00a0 Pr\u00e1v\u011b Ndiaye vst\u0159elil za Toffees v posledn\u00edch \u0161esti z\u00e1pasech t\u0159i g\u00f3ly. P\u0159edt\u00edm se mu za 17 utk\u00e1n\u00ed poda\u0159ilo sk\u00f3rovat jen dvakr\u00e1t.<\/p>\n<p>V\u00fdsledky v\u0161ak s sebou p\u0159in\u00e1\u0161ej\u00ed o\u010dek\u00e1v\u00e1n\u00ed, proti Leicesteru p\u016fjde Everton do ligov\u00e9ho z\u00e1pasu po dlouh\u00e9 dob\u011b v roli favorita. Jak se s touto p\u0159\u00edjemnou zm\u011bnou popasuje?<\/p>\n<p><strong>Co:<\/strong> Everton FC \u2013 Leicester City FC, 24. kolo Premier League<br \/>\n<strong>Kdy:<\/strong> 1. \u00fanora 2025 od 16:00<br \/>\n<strong>Kde:<\/strong> Goodison Park \u2013 Goodison Road, Liverpool L4 4EL (kapacita: 39 414)<br \/>\n<strong>TV:<\/strong> p\u0159\u00edm\u00fd p\u0159enos na CANAL+ Sport 4, komentuje Michal Micka<br \/>\n<strong>Rozhod\u010d\u00ed:<\/strong> Darren Bond, <strong>postrann\u00ed:<\/strong> Scott Ledger, Mat Wilkes, <strong>\u010dtvrt\u00fd rozhod\u010d\u00ed:<\/strong> Andrew Kitchen, <strong>VAR:<\/strong> Stuart Attwell, <strong>asistent VAR:<\/strong> Constantine Hatzidakis<\/p>\n","protected":false},"excerpt":{"rendered":"<p>Prvn\u00ed v\u00fdsledky l\u00e9\u010dby staronov\u00fdm mana\u017eerem se ukazuj\u00ed jako slibn\u00e9, Everton vykazuje zn\u00e1mky zlep\u0161en\u00ed a p\u0159\u00edznaky hroz\u00edc\u00edho sestupu za\u010d\u00ednaj\u00ed ustupovat. Stav pacienta ale rozhodn\u011b je\u0161t\u011b nelze ozna\u010dit za stabilizovan\u00fd.<\/p>\n","protected":false},"author":6,"featured_media":13721,"comment_status":"open","ping_status":"closed","sticky":false,"template":"","format":"standard","meta":{"_eb_attr":"","_monsterinsights_skip_tracking":false,"_monsterinsights_sitenote_active":false,"_monsterinsights_sitenote_note":"","_monsterinsights_sitenote_category":0,"footnotes":""},"categories":[4],"tags":[],"yoast_head":"<!-- This site is optimized with the Yoast SEO plugin v23.4 - https:\/\/yoast.com\/wordpress\/plugins\/seo\/ -->\n<title>Preview: Everton - Leicester City - Official Czech &amp; Slovak Everton Supporters&#039; Club<\/title>\n<meta name=\"robots\" content=\"index, follow, max-snippet:-1, max-image-preview:large, max-video-preview:-1\" \/>\n<link rel=\"canonical\" href=\"https:\/\/evertonfc.cz\/index.php\/2025\/01\/31\/preview-everton-leicester-city-10\/\" \/>\n<meta property=\"og:locale\" content=\"cs_CZ\" \/>\n<meta property=\"og:type\" content=\"article\" \/>\n<meta property=\"og:title\" content=\"Preview: Everton - Leicester City - Official Czech &amp; Slovak Everton Supporters&#039; Club\" \/>\n<meta property=\"og:description\" content=\"Prvn\u00ed v\u00fdsledky l\u00e9\u010dby staronov\u00fdm mana\u017eerem se ukazuj\u00ed jako slibn\u00e9, Everton vykazuje zn\u00e1mky zlep\u0161en\u00ed a p\u0159\u00edznaky hroz\u00edc\u00edho sestupu za\u010d\u00ednaj\u00ed ustupovat. Stav pacienta ale rozhodn\u011b je\u0161t\u011b nelze ozna\u010dit za stabilizovan\u00fd.\" \/>\n<meta property=\"og:url\" content=\"https:\/\/evertonfc.cz\/index.php\/2025\/01\/31\/preview-everton-leicester-city-10\/\" \/>\n<meta property=\"og:site_name\" content=\"Official Czech &amp; Slovak Everton Supporters&#039; Club\" \/>\n<meta property=\"article:publisher\" content=\"https:\/\/www.facebook.com\/everton.fans.cz.sk\" \/>\n<meta property=\"article:published_time\" content=\"2025-01-31T16:29:26+00:00\" \/>\n<meta property=\"article:modified_time\" content=\"2025-02-01T18:30:26+00:00\" \/>\n<meta property=\"og:image\" content=\"https:\/\/evertonfc.cz\/wp-content\/uploads\/2021\/01\/Everton-VS-Leicester-City-NIGHT.jpg\" \/>\n\t<meta property=\"og:image:width\" content=\"720\" \/>\n\t<meta property=\"og:image:height\" content=\"405\" \/>\n\t<meta property=\"og:image:type\" content=\"image\/jpeg\" \/>\n<meta name=\"author\" content=\"Ri\u010di\" \/>\n<meta name=\"twitter:card\" content=\"summary_large_image\" \/>\n<meta name=\"twitter:creator\" content=\"@rbrejsa\" \/>\n<meta name=\"twitter:label1\" content=\"Napsal(a)\" \/>\n\t<meta name=\"twitter:data1\" content=\"Ri\u010di\" \/>\n\t<meta name=\"twitter:label2\" content=\"Odhadovan\u00e1 doba \u010dten\u00ed\" \/>\n\t<meta name=\"twitter:data2\" content=\"4 minuty\" \/>\n<script type=\"application\/ld+json\" class=\"yoast-schema-graph\">{\"@context\":\"https:\/\/schema.org\",\"@graph\":[{\"@type\":\"Article\",\"@id\":\"https:\/\/evertonfc.cz\/index.php\/2025\/01\/31\/preview-everton-leicester-city-10\/#article\",\"isPartOf\":{\"@id\":\"https:\/\/evertonfc.cz\/index.php\/2025\/01\/31\/preview-everton-leicester-city-10\/\"},\"author\":{\"name\":\"Ri\u010di\",\"@id\":\"https:\/\/evertonfc.cz\/#\/schema\/person\/f7a5daedb2ffee98480bc70e191aaef1\"},\"headline\":\"Preview: Everton &#8211; Leicester City\",\"datePublished\":\"2025-01-31T16:29:26+00:00\",\"dateModified\":\"2025-02-01T18:30:26+00:00\",\"mainEntityOfPage\":{\"@id\":\"https:\/\/evertonfc.cz\/index.php\/2025\/01\/31\/preview-everton-leicester-city-10\/\"},\"wordCount\":805,\"commentCount\":5,\"publisher\":{\"@id\":\"https:\/\/evertonfc.cz\/#organization\"},\"image\":{\"@id\":\"https:\/\/evertonfc.cz\/index.php\/2025\/01\/31\/preview-everton-leicester-city-10\/#primaryimage\"},\"thumbnailUrl\":\"https:\/\/evertonfc.cz\/wp-content\/uploads\/2021\/01\/Everton-VS-Leicester-City-NIGHT.jpg\",\"articleSection\":[\"Z\u00e1pasy\"],\"inLanguage\":\"cs\",\"potentialAction\":[{\"@type\":\"CommentAction\",\"name\":\"Comment\",\"target\":[\"https:\/\/evertonfc.cz\/index.php\/2025\/01\/31\/preview-everton-leicester-city-10\/#respond\"]}]},{\"@type\":\"WebPage\",\"@id\":\"https:\/\/evertonfc.cz\/index.php\/2025\/01\/31\/preview-everton-leicester-city-10\/\",\"url\":\"https:\/\/evertonfc.cz\/index.php\/2025\/01\/31\/preview-everton-leicester-city-10\/\",\"name\":\"Preview: Everton - Leicester City - Official Czech &amp; Slovak Everton Supporters&#039; Club\",\"isPartOf\":{\"@id\":\"https:\/\/evertonfc.cz\/#website\"},\"primaryImageOfPage\":{\"@id\":\"https:\/\/evertonfc.cz\/index.php\/2025\/01\/31\/preview-everton-leicester-city-10\/#primaryimage\"},\"image\":{\"@id\":\"https:\/\/evertonfc.cz\/index.php\/2025\/01\/31\/preview-everton-leicester-city-10\/#primaryimage\"},\"thumbnailUrl\":\"https:\/\/evertonfc.cz\/wp-content\/uploads\/2021\/01\/Everton-VS-Leicester-City-NIGHT.jpg\",\"datePublished\":\"2025-01-31T16:29:26+00:00\",\"dateModified\":\"2025-02-01T18:30:26+00:00\",\"breadcrumb\":{\"@id\":\"https:\/\/evertonfc.cz\/index.php\/2025\/01\/31\/preview-everton-leicester-city-10\/#breadcrumb\"},\"inLanguage\":\"cs\",\"potentialAction\":[{\"@type\":\"ReadAction\",\"target\":[\"https:\/\/evertonfc.cz\/index.php\/2025\/01\/31\/preview-everton-leicester-city-10\/\"]}]},{\"@type\":\"ImageObject\",\"inLanguage\":\"cs\",\"@id\":\"https:\/\/evertonfc.cz\/index.php\/2025\/01\/31\/preview-everton-leicester-city-10\/#primaryimage\",\"url\":\"https:\/\/evertonfc.cz\/wp-content\/uploads\/2021\/01\/Everton-VS-Leicester-City-NIGHT.jpg\",\"contentUrl\":\"https:\/\/evertonfc.cz\/wp-content\/uploads\/2021\/01\/Everton-VS-Leicester-City-NIGHT.jpg\",\"width\":720,\"height\":405},{\"@type\":\"BreadcrumbList\",\"@id\":\"https:\/\/evertonfc.cz\/index.php\/2025\/01\/31\/preview-everton-leicester-city-10\/#breadcrumb\",\"itemListElement\":[{\"@type\":\"ListItem\",\"position\":1,\"name\":\"Home\",\"item\":\"https:\/\/evertonfc.cz\/\"},{\"@type\":\"ListItem\",\"position\":2,\"name\":\"Preview: Everton &#8211; Leicester City\"}]},{\"@type\":\"WebSite\",\"@id\":\"https:\/\/evertonfc.cz\/#website\",\"url\":\"https:\/\/evertonfc.cz\/\",\"name\":\"Official Czech &amp; Slovak Everton Supporters&#039; Club\",\"description\":\"\",\"publisher\":{\"@id\":\"https:\/\/evertonfc.cz\/#organization\"},\"potentialAction\":[{\"@type\":\"SearchAction\",\"target\":{\"@type\":\"EntryPoint\",\"urlTemplate\":\"https:\/\/evertonfc.cz\/?s={search_term_string}\"},\"query-input\":{\"@type\":\"PropertyValueSpecification\",\"valueRequired\":true,\"valueName\":\"search_term_string\"}}],\"inLanguage\":\"cs\"},{\"@type\":\"Organization\",\"@id\":\"https:\/\/evertonfc.cz\/#organization\",\"name\":\"Official Czech & Slovak Everton Supporters' Club\",\"url\":\"https:\/\/evertonfc.cz\/\",\"logo\":{\"@type\":\"ImageObject\",\"inLanguage\":\"cs\",\"@id\":\"https:\/\/evertonfc.cz\/#\/schema\/logo\/image\/\",\"url\":\"https:\/\/evertonfc.cz\/wp-content\/uploads\/2019\/05\/logo.png\",\"contentUrl\":\"https:\/\/evertonfc.cz\/wp-content\/uploads\/2019\/05\/logo.png\",\"width\":112,\"height\":112,\"caption\":\"Official Czech & Slovak Everton Supporters' Club\"},\"image\":{\"@id\":\"https:\/\/evertonfc.cz\/#\/schema\/logo\/image\/\"},\"sameAs\":[\"https:\/\/www.facebook.com\/everton.fans.cz.sk\"]},{\"@type\":\"Person\",\"@id\":\"https:\/\/evertonfc.cz\/#\/schema\/person\/f7a5daedb2ffee98480bc70e191aaef1\",\"name\":\"Ri\u010di\",\"sameAs\":[\"https:\/\/x.com\/rbrejsa\"],\"url\":\"https:\/\/evertonfc.cz\/index.php\/author\/rici\/\"}]}<\/script>\n<!-- \/ Yoast SEO plugin. -->","yoast_head_json":{"title":"Preview: Everton - Leicester City - Official Czech &amp; Slovak Everton Supporters&#039; Club","robots":{"index":"index","follow":"follow","max-snippet":"max-snippet:-1","max-image-preview":"max-image-preview:large","max-video-preview":"max-video-preview:-1"},"canonical":"https:\/\/evertonfc.cz\/index.php\/2025\/01\/31\/preview-everton-leicester-city-10\/","og_locale":"cs_CZ","og_type":"article","og_title":"Preview: Everton - Leicester City - Official Czech &amp; Slovak Everton Supporters&#039; Club","og_description":"Prvn\u00ed v\u00fdsledky l\u00e9\u010dby staronov\u00fdm mana\u017eerem se ukazuj\u00ed jako slibn\u00e9, Everton vykazuje zn\u00e1mky zlep\u0161en\u00ed a p\u0159\u00edznaky hroz\u00edc\u00edho sestupu za\u010d\u00ednaj\u00ed ustupovat. Stav pacienta ale rozhodn\u011b je\u0161t\u011b nelze ozna\u010dit za stabilizovan\u00fd.","og_url":"https:\/\/evertonfc.cz\/index.php\/2025\/01\/31\/preview-everton-leicester-city-10\/","og_site_name":"Official Czech &amp; Slovak Everton Supporters&#039; Club","article_publisher":"https:\/\/www.facebook.com\/everton.fans.cz.sk","article_published_time":"2025-01-31T16:29:26+00:00","article_modified_time":"2025-02-01T18:30:26+00:00","og_image":[{"width":720,"height":405,"url":"https:\/\/evertonfc.cz\/wp-content\/uploads\/2021\/01\/Everton-VS-Leicester-City-NIGHT.jpg","type":"image\/jpeg"}],"author":"Ri\u010di","twitter_card":"summary_large_image","twitter_creator":"@rbrejsa","twitter_misc":{"Napsal(a)":"Ri\u010di","Odhadovan\u00e1 doba \u010dten\u00ed":"4 minuty"},"schema":{"@context":"https:\/\/schema.org","@graph":[{"@type":"Article","@id":"https:\/\/evertonfc.cz\/index.php\/2025\/01\/31\/preview-everton-leicester-city-10\/#article","isPartOf":{"@id":"https:\/\/evertonfc.cz\/index.php\/2025\/01\/31\/preview-everton-leicester-city-10\/"},"author":{"name":"Ri\u010di","@id":"https:\/\/evertonfc.cz\/#\/schema\/person\/f7a5daedb2ffee98480bc70e191aaef1"},"headline":"Preview: Everton &#8211; Leicester City","datePublished":"2025-01-31T16:29:26+00:00","dateModified":"2025-02-01T18:30:26+00:00","mainEntityOfPage":{"@id":"https:\/\/evertonfc.cz\/index.php\/2025\/01\/31\/preview-everton-leicester-city-10\/"},"wordCount":805,"commentCount":5,"publisher":{"@id":"https:\/\/evertonfc.cz\/#organization"},"image":{"@id":"https:\/\/evertonfc.cz\/index.php\/2025\/01\/31\/preview-everton-leicester-city-10\/#primaryimage"},"thumbnailUrl":"https:\/\/evertonfc.cz\/wp-content\/uploads\/2021\/01\/Everton-VS-Leicester-City-NIGHT.jpg","articleSection":["Z\u00e1pasy"],"inLanguage":"cs","potentialAction":[{"@type":"CommentAction","name":"Comment","target":["https:\/\/evertonfc.cz\/index.php\/2025\/01\/31\/preview-everton-leicester-city-10\/#respond"]}]},{"@type":"WebPage","@id":"https:\/\/evertonfc.cz\/index.php\/2025\/01\/31\/preview-everton-leicester-city-10\/","url":"https:\/\/evertonfc.cz\/index.php\/2025\/01\/31\/preview-everton-leicester-city-10\/","name":"Preview: Everton - Leicester City - Official Czech &amp; Slovak Everton Supporters&#039; Club","isPartOf":{"@id":"https:\/\/evertonfc.cz\/#website"},"primaryImageOfPage":{"@id":"https:\/\/evertonfc.cz\/index.php\/2025\/01\/31\/preview-everton-leicester-city-10\/#primaryimage"},"image":{"@id":"https:\/\/evertonfc.cz\/index.php\/2025\/01\/31\/preview-everton-leicester-city-10\/#primaryimage"},"thumbnailUrl":"https:\/\/evertonfc.cz\/wp-content\/uploads\/2021\/01\/Everton-VS-Leicester-City-NIGHT.jpg","datePublished":"2025-01-31T16:29:26+00:00","dateModified":"2025-02-01T18:30:26+00:00","breadcrumb":{"@id":"https:\/\/evertonfc.cz\/index.php\/2025\/01\/31\/preview-everton-leicester-city-10\/#breadcrumb"},"inLanguage":"cs","potentialAction":[{"@type":"ReadAction","target":["https:\/\/evertonfc.cz\/index.php\/2025\/01\/31\/preview-everton-leicester-city-10\/"]}]},{"@type":"ImageObject","inLanguage":"cs","@id":"https:\/\/evertonfc.cz\/index.php\/2025\/01\/31\/preview-everton-leicester-city-10\/#primaryimage","url":"https:\/\/evertonfc.cz\/wp-content\/uploads\/2021\/01\/Everton-VS-Leicester-City-NIGHT.jpg","contentUrl":"https:\/\/evertonfc.cz\/wp-content\/uploads\/2021\/01\/Everton-VS-Leicester-City-NIGHT.jpg","width":720,"height":405},{"@type":"BreadcrumbList","@id":"https:\/\/evertonfc.cz\/index.php\/2025\/01\/31\/preview-everton-leicester-city-10\/#breadcrumb","itemListElement":[{"@type":"ListItem","position":1,"name":"Home","item":"https:\/\/evertonfc.cz\/"},{"@type":"ListItem","position":2,"name":"Preview: Everton &#8211; Leicester City"}]},{"@type":"WebSite","@id":"https:\/\/evertonfc.cz\/#website","url":"https:\/\/evertonfc.cz\/","name":"Official Czech &amp; Slovak Everton Supporters&#039; Club","description":"","publisher":{"@id":"https:\/\/evertonfc.cz\/#organization"},"potentialAction":[{"@type":"SearchAction","target":{"@type":"EntryPoint","urlTemplate":"https:\/\/evertonfc.cz\/?s={search_term_string}"},"query-input":{"@type":"PropertyValueSpecification","valueRequired":true,"valueName":"search_term_string"}}],"inLanguage":"cs"},{"@type":"Organization","@id":"https:\/\/evertonfc.cz\/#organization","name":"Official Czech & Slovak Everton Supporters' Club","url":"https:\/\/evertonfc.cz\/","logo":{"@type":"ImageObject","inLanguage":"cs","@id":"https:\/\/evertonfc.cz\/#\/schema\/logo\/image\/","url":"https:\/\/evertonfc.cz\/wp-content\/uploads\/2019\/05\/logo.png","contentUrl":"https:\/\/evertonfc.cz\/wp-content\/uploads\/2019\/05\/logo.png","width":112,"height":112,"caption":"Official Czech & Slovak Everton Supporters' Club"},"image":{"@id":"https:\/\/evertonfc.cz\/#\/schema\/logo\/image\/"},"sameAs":["https:\/\/www.facebook.com\/everton.fans.cz.sk"]},{"@type":"Person","@id":"https:\/\/evertonfc.cz\/#\/schema\/person\/f7a5daedb2ffee98480bc70e191aaef1","name":"Ri\u010di","sameAs":["https:\/\/x.com\/rbrejsa"],"url":"https:\/\/evertonfc.cz\/index.php\/author\/rici\/"}]}},"_links":{"self":[{"href":"https:\/\/evertonfc.cz\/index.php\/wp-json\/wp\/v2\/posts\/26175"}],"collection":[{"href":"https:\/\/evertonfc.cz\/index.php\/wp-json\/wp\/v2\/posts"}],"about":[{"href":"https:\/\/evertonfc.cz\/index.php\/wp-json\/wp\/v2\/types\/post"}],"author":[{"embeddable":true,"href":"https:\/\/evertonfc.cz\/index.php\/wp-json\/wp\/v2\/users\/6"}],"replies":[{"embeddable":true,"href":"https:\/\/evertonfc.cz\/index.php\/wp-json\/wp\/v2\/comments?post=26175"}],"version-history":[{"count":7,"href":"https:\/\/evertonfc.cz\/index.php\/wp-json\/wp\/v2\/posts\/26175\/revisions"}],"predecessor-version":[{"id":26194,"href":"https:\/\/evertonfc.cz\/index.php\/wp-json\/wp\/v2\/posts\/26175\/revisions\/26194"}],"wp:featuredmedia":[{"embeddable":true,"href":"https:\/\/evertonfc.cz\/index.php\/wp-json\/wp\/v2\/media\/13721"}],"wp:attachment":[{"href":"https:\/\/evertonfc.cz\/index.php\/wp-json\/wp\/v2\/media?parent=26175"}],"wp:term":[{"taxonomy":"category","embeddable":true,"href":"https:\/\/evertonfc.cz\/index.php\/wp-json\/wp\/v2\/categories?post=26175"},{"taxonomy":"post_tag","embeddable":true,"href":"https:\/\/evertonfc.cz\/index.php\/wp-json\/wp\/v2\/tags?post=26175"}],"curies":[{"name":"wp","href":"https:\/\/api.w.org\/{rel}","templated":true}]}}