{"id":26200,"date":"2025-02-01T21:21:28","date_gmt":"2025-02-01T20:21:28","guid":{"rendered":"https:\/\/evertonfc.cz\/?p=26200"},"modified":"2025-02-09T16:10:30","modified_gmt":"2025-02-09T15:10:30","slug":"skoncilo-prestupove-okno-wsl","status":"publish","type":"post","link":"https:\/\/evertonfc.cz\/index.php\/2025\/02\/01\/skoncilo-prestupove-okno-wsl\/","title":{"rendered":"Skon\u010dilo p\u0159estupov\u00e9 okno WSL"},"content":{"rendered":"<h4>P\u0159estupov\u00e9 okno WSL skon\u010dilo rekordem. Suma jednoho mili\u00f3nu liber sice je\u0161t\u011b nepadla, ale moc k tomu nechyb\u011blo.<\/h4>\n<p>Za 900 000 liber\u00a0 p\u0159i\u0161la do Chelsea obr\u00e1nkyn\u011b Naomi Girma ze San Diega. Stala se tak nejdra\u017e\u0161\u00ed hr\u00e1\u010dkou dosavadn\u00ed fobalov\u00e9 historie. A t\u011bsn\u011b p\u0159ed koncem okna p\u0159ikoupila Chelsea dal\u0161\u00ed hv\u011bzdnou posilu: z Barcelony dorazila Keira Walsh. \u010c\u00e1stka nebyla zv\u011b\u0159ejn\u011bn\u00e1, ale i kdy\u017e nedos\u00e1hla \u00farovn\u011b stejn\u00e9 jako u Girma, tak o mnoho ni\u017e\u0161\u00ed nebude. Chelsea si zjevn\u011b nejde jen pro dal\u0161\u00ed v\u00edt\u011bzstv\u00ed ve WSL, ale i za prvn\u00edm titulem Ligy mistr\u016f.<\/p>\n<p>Co to znamen\u00e1 pro WSL je v\u011bc\u00ed n\u00e1zor\u016f. A ty jsou r\u016fzn\u00e9. N\u011bkte\u0159\u00ed (jako b\u00fdval\u00e1 kapit\u00e1nka Albionu Steph Houghton) se ob\u00e1vaj\u00ed, \u017ee p\u00e1r nejbohat\u0161\u00edch klub\u016f ovl\u00e1dne na dlouh\u00e1 l\u00e9ta WSL a ostatn\u00ed t\u00fdmi budou jen p\u0159\u00ed\u0161tipka\u0159it. Tento stav je zn\u00e1m\u00fd z La Ligy, kdy se mezi Barcelonu a Real ob\u010das vkl\u00edn\u00ed Atl\u00e9tico, nebo z \u017eensk\u00e9 Division 1 F\u00e9minine, kde 17 z posledn\u00edch 18 titul\u016f z\u00edskal Lyon.<\/p>\n<p>Mana\u017eerka Foxes Amadine Miquel dod\u00e1v\u00e1, \u017ee mo\u017enost pracovat s\u00a0 velkorys\u00fdm finan\u010dn\u00edm limitem je pro mana\u017eera velmi l\u00e1kav\u00e1 p\u0159\u00edle\u017eitost a \u017ee by p\u0159\u00edklad Chelsea mohl i ostatn\u00ed motivovat k masivn\u00edm investic\u00edm do \u017eensk\u00fdch t\u00fdm\u016f. Mana\u017eer MUTD Skinner v horentn\u00edch p\u0159estupov\u00fdch sum\u00e1ch\u00a0 vid\u00ed doklad toho, \u017ee \u017eensk\u00fd fotbal p\u0159est\u00e1v\u00e1 b\u00fdt na okraji z\u00e1jmu, co\u017e je nakonec dobr\u00e9 znamen\u00ed. Ov\u0161em tak\u00e9 dod\u00e1v\u00e1, \u017ee podobn\u00e9 sumy deformuj\u00ed trh, proto\u017ee ne ka\u017ed\u00fd z klub\u016f WSL si takov\u00e9 pen\u00edze m\u016f\u017ee dovolit.<\/p>\n<p>Velmi ho\u0159kou chu\u0165 m\u00e1 p\u0159estupov\u00e9 okno pro Chloe Kelly. Kelly je b\u00fdval\u00e1 evertonsk\u00e1 hr\u00e1\u010dka, st\u0159elkyn\u011b v\u00edt\u011bzn\u00e9ho g\u00f3lu Anglie na evropsk\u00e9m mistrovstv\u00ed 2022 a rovn\u011b\u017e objekt ikonick\u00e9 fotografie oslavy emancipovan\u00e9 \u017eenskosti, na kter\u00e9 tento g\u00f3l oslavuje serv\u00e1n\u00edm dresu a b\u011bhem jen v podprsence. Bohu\u017eel nyn\u00ed pro\u017eiv\u00e1 t\u011b\u017ek\u00e9 obdob\u00ed. V hv\u011bzdami nabit\u00e9m Manchester City letos nastoupila jen k minimu z\u00e1pas\u016f a jej\u00ed vztahy z klubem se staly velmi chladn\u00fdmi. Co\u017e je\u0161t\u011b eskaloval jej\u00ed p\u0159\u00edsp\u011bvek na Instagramu. V n\u011bm uvedla, \u017ee &#8222;by op\u011bt cht\u011bla b\u00fdt \u0161\u0165astn\u00e1&#8220;.<\/p>\n<p>To nadzedlo mana\u017eera Citizens Garetha Taylora, kter\u00fd se t\u00edmto prohl\u00e1\u0161en\u00edm c\u00edtil b\u00fdt &#8222;velmi zklam\u00e1n&#8220;. P\u00e1r hodin p\u0159ed koncem okna Citizens odm\u00edtli nab\u00eddky MUTD (neprodaj\u00ed Kelly m\u011bstsk\u00e9 konkurenci) a ambiciozn\u00edho Brightonu. Nakonec Chloe se \u0161t\u011bst\u00edm vy\u0161lo hostov\u00e1n\u00ed v Arsenalu. Pokra\u010dov\u00e1n\u00ed s\u00e1gy v l\u00e9t\u011b se zd\u00e1 b\u00fdt jist\u00e9.<\/p>\n<p>A jak se vedlo Evertonu? Pokud zapo\u010d\u00edt\u00e1v\u00e1me i hostova\u010dky, tak jsme p\u0159ivedli v lednu nejv\u00edce nov\u00fdch hr\u00e1\u010dek ze v\u0161ech t\u00fdm\u016f WSL. Te\u010f je\u0161t\u011b jestli n\u00e1m to pom\u016f\u017ee za\u010d\u00edt kone\u010dn\u011b st\u0159\u00edlet n\u011bjak\u00e9 g\u00f3ly. A to pros\u00edm co nejrychleji.<\/p>\n<p>P.S.: Abyste nemuseli googlovat jako j\u00e1, tak prvn\u00edm mu\u017esk\u00fdm hr\u00e1\u010dem, za jeho\u017e p\u0159estup byl vyplacen ekvivalent 1000 000 liber byl <strong><a href=\"https:\/\/en.wikipedia.org\/wiki\/Giuseppe_Savoldi\">Giuseppe Savoldi<\/a><\/strong>. Za uvedenou sumu v roce 1975 p\u0159e\u0161el z Bologni do Neapole.<\/p>\n<p><img decoding=\"async\" src=\"https:\/\/pbs.twimg.com\/media\/GiptwB7XAAAm1A6?format=jpg&amp;name=900x900\" alt=\"Obr\u00e1zek\" \/><\/p>\n<p style=\"text-align: right;\"><span style=\"font-size: 10pt;\"><em>Zpracov\u00e1no podle BBC<\/em><\/span><\/p>\n","protected":false},"excerpt":{"rendered":"<p>P\u0159estupov\u00e9 okno WSL skon\u010dilo rekordem. Suma jednoho mili\u00f3nu liber sice je\u0161t\u011b nepadla, ale moc k tomu nechyb\u011blo.<\/p>\n","protected":false},"author":26,"featured_media":26202,"comment_status":"open","ping_status":"closed","sticky":false,"template":"","format":"standard","meta":{"_eb_attr":"","_monsterinsights_skip_tracking":false,"_monsterinsights_sitenote_active":false,"_monsterinsights_sitenote_note":"","_monsterinsights_sitenote_category":0,"footnotes":""},"categories":[110],"tags":[],"yoast_head":"<!-- This site is optimized with the Yoast SEO plugin v23.4 - https:\/\/yoast.com\/wordpress\/plugins\/seo\/ -->\n<title>Skon\u010dilo p\u0159estupov\u00e9 okno WSL - Official Czech &amp; Slovak Everton Supporters&#039; Club<\/title>\n<meta name=\"robots\" content=\"index, follow, max-snippet:-1, max-image-preview:large, max-video-preview:-1\" \/>\n<link rel=\"canonical\" href=\"https:\/\/evertonfc.cz\/index.php\/2025\/02\/01\/skoncilo-prestupove-okno-wsl\/\" \/>\n<meta property=\"og:locale\" content=\"cs_CZ\" \/>\n<meta property=\"og:type\" content=\"article\" \/>\n<meta property=\"og:title\" content=\"Skon\u010dilo p\u0159estupov\u00e9 okno WSL - Official Czech &amp; Slovak Everton Supporters&#039; Club\" \/>\n<meta property=\"og:description\" content=\"P\u0159estupov\u00e9 okno WSL skon\u010dilo rekordem. Suma jednoho mili\u00f3nu liber sice je\u0161t\u011b nepadla, ale moc k tomu nechyb\u011blo.\" \/>\n<meta property=\"og:url\" content=\"https:\/\/evertonfc.cz\/index.php\/2025\/02\/01\/skoncilo-prestupove-okno-wsl\/\" \/>\n<meta property=\"og:site_name\" content=\"Official Czech &amp; Slovak Everton Supporters&#039; Club\" \/>\n<meta property=\"article:publisher\" content=\"https:\/\/www.facebook.com\/everton.fans.cz.sk\" \/>\n<meta property=\"article:published_time\" content=\"2025-02-01T20:21:28+00:00\" \/>\n<meta property=\"article:modified_time\" content=\"2025-02-09T15:10:30+00:00\" \/>\n<meta property=\"og:image\" content=\"https:\/\/evertonfc.cz\/wp-content\/uploads\/2025\/02\/Transfer-Window-web.jpg\" \/>\n\t<meta property=\"og:image:width\" content=\"720\" \/>\n\t<meta property=\"og:image:height\" content=\"405\" \/>\n\t<meta property=\"og:image:type\" content=\"image\/jpeg\" \/>\n<meta name=\"author\" content=\"Karamela\" \/>\n<meta name=\"twitter:card\" content=\"summary_large_image\" \/>\n<meta name=\"twitter:label1\" content=\"Napsal(a)\" \/>\n\t<meta name=\"twitter:data1\" content=\"Karamela\" \/>\n\t<meta name=\"twitter:label2\" content=\"Odhadovan\u00e1 doba \u010dten\u00ed\" \/>\n\t<meta name=\"twitter:data2\" content=\"3 minuty\" \/>\n<script type=\"application\/ld+json\" class=\"yoast-schema-graph\">{\"@context\":\"https:\/\/schema.org\",\"@graph\":[{\"@type\":\"Article\",\"@id\":\"https:\/\/evertonfc.cz\/index.php\/2025\/02\/01\/skoncilo-prestupove-okno-wsl\/#article\",\"isPartOf\":{\"@id\":\"https:\/\/evertonfc.cz\/index.php\/2025\/02\/01\/skoncilo-prestupove-okno-wsl\/\"},\"author\":{\"name\":\"Karamela\",\"@id\":\"https:\/\/evertonfc.cz\/#\/schema\/person\/e9a24a80a32efa1344dd2c4e5882185c\"},\"headline\":\"Skon\u010dilo p\u0159estupov\u00e9 okno WSL\",\"datePublished\":\"2025-02-01T20:21:28+00:00\",\"dateModified\":\"2025-02-09T15:10:30+00:00\",\"mainEntityOfPage\":{\"@id\":\"https:\/\/evertonfc.cz\/index.php\/2025\/02\/01\/skoncilo-prestupove-okno-wsl\/\"},\"wordCount\":575,\"commentCount\":0,\"publisher\":{\"@id\":\"https:\/\/evertonfc.cz\/#organization\"},\"image\":{\"@id\":\"https:\/\/evertonfc.cz\/index.php\/2025\/02\/01\/skoncilo-prestupove-okno-wsl\/#primaryimage\"},\"thumbnailUrl\":\"https:\/\/evertonfc.cz\/wp-content\/uploads\/2025\/02\/Transfer-Window-web.jpg\",\"articleSection\":[\"Everton Women\"],\"inLanguage\":\"cs\",\"potentialAction\":[{\"@type\":\"CommentAction\",\"name\":\"Comment\",\"target\":[\"https:\/\/evertonfc.cz\/index.php\/2025\/02\/01\/skoncilo-prestupove-okno-wsl\/#respond\"]}]},{\"@type\":\"WebPage\",\"@id\":\"https:\/\/evertonfc.cz\/index.php\/2025\/02\/01\/skoncilo-prestupove-okno-wsl\/\",\"url\":\"https:\/\/evertonfc.cz\/index.php\/2025\/02\/01\/skoncilo-prestupove-okno-wsl\/\",\"name\":\"Skon\u010dilo p\u0159estupov\u00e9 okno WSL - Official Czech &amp; Slovak Everton Supporters&#039; Club\",\"isPartOf\":{\"@id\":\"https:\/\/evertonfc.cz\/#website\"},\"primaryImageOfPage\":{\"@id\":\"https:\/\/evertonfc.cz\/index.php\/2025\/02\/01\/skoncilo-prestupove-okno-wsl\/#primaryimage\"},\"image\":{\"@id\":\"https:\/\/evertonfc.cz\/index.php\/2025\/02\/01\/skoncilo-prestupove-okno-wsl\/#primaryimage\"},\"thumbnailUrl\":\"https:\/\/evertonfc.cz\/wp-content\/uploads\/2025\/02\/Transfer-Window-web.jpg\",\"datePublished\":\"2025-02-01T20:21:28+00:00\",\"dateModified\":\"2025-02-09T15:10:30+00:00\",\"breadcrumb\":{\"@id\":\"https:\/\/evertonfc.cz\/index.php\/2025\/02\/01\/skoncilo-prestupove-okno-wsl\/#breadcrumb\"},\"inLanguage\":\"cs\",\"potentialAction\":[{\"@type\":\"ReadAction\",\"target\":[\"https:\/\/evertonfc.cz\/index.php\/2025\/02\/01\/skoncilo-prestupove-okno-wsl\/\"]}]},{\"@type\":\"ImageObject\",\"inLanguage\":\"cs\",\"@id\":\"https:\/\/evertonfc.cz\/index.php\/2025\/02\/01\/skoncilo-prestupove-okno-wsl\/#primaryimage\",\"url\":\"https:\/\/evertonfc.cz\/wp-content\/uploads\/2025\/02\/Transfer-Window-web.jpg\",\"contentUrl\":\"https:\/\/evertonfc.cz\/wp-content\/uploads\/2025\/02\/Transfer-Window-web.jpg\",\"width\":720,\"height\":405},{\"@type\":\"BreadcrumbList\",\"@id\":\"https:\/\/evertonfc.cz\/index.php\/2025\/02\/01\/skoncilo-prestupove-okno-wsl\/#breadcrumb\",\"itemListElement\":[{\"@type\":\"ListItem\",\"position\":1,\"name\":\"Home\",\"item\":\"https:\/\/evertonfc.cz\/\"},{\"@type\":\"ListItem\",\"position\":2,\"name\":\"Skon\u010dilo p\u0159estupov\u00e9 okno WSL\"}]},{\"@type\":\"WebSite\",\"@id\":\"https:\/\/evertonfc.cz\/#website\",\"url\":\"https:\/\/evertonfc.cz\/\",\"name\":\"Official Czech &amp; Slovak Everton Supporters&#039; Club\",\"description\":\"\",\"publisher\":{\"@id\":\"https:\/\/evertonfc.cz\/#organization\"},\"potentialAction\":[{\"@type\":\"SearchAction\",\"target\":{\"@type\":\"EntryPoint\",\"urlTemplate\":\"https:\/\/evertonfc.cz\/?s={search_term_string}\"},\"query-input\":{\"@type\":\"PropertyValueSpecification\",\"valueRequired\":true,\"valueName\":\"search_term_string\"}}],\"inLanguage\":\"cs\"},{\"@type\":\"Organization\",\"@id\":\"https:\/\/evertonfc.cz\/#organization\",\"name\":\"Official Czech & Slovak Everton Supporters' Club\",\"url\":\"https:\/\/evertonfc.cz\/\",\"logo\":{\"@type\":\"ImageObject\",\"inLanguage\":\"cs\",\"@id\":\"https:\/\/evertonfc.cz\/#\/schema\/logo\/image\/\",\"url\":\"https:\/\/evertonfc.cz\/wp-content\/uploads\/2019\/05\/logo.png\",\"contentUrl\":\"https:\/\/evertonfc.cz\/wp-content\/uploads\/2019\/05\/logo.png\",\"width\":112,\"height\":112,\"caption\":\"Official Czech & Slovak Everton Supporters' Club\"},\"image\":{\"@id\":\"https:\/\/evertonfc.cz\/#\/schema\/logo\/image\/\"},\"sameAs\":[\"https:\/\/www.facebook.com\/everton.fans.cz.sk\"]},{\"@type\":\"Person\",\"@id\":\"https:\/\/evertonfc.cz\/#\/schema\/person\/e9a24a80a32efa1344dd2c4e5882185c\",\"name\":\"Karamela\",\"url\":\"https:\/\/evertonfc.cz\/index.php\/author\/karamela\/\"}]}<\/script>\n<!-- \/ Yoast SEO plugin. -->","yoast_head_json":{"title":"Skon\u010dilo p\u0159estupov\u00e9 okno WSL - Official Czech &amp; Slovak Everton Supporters&#039; Club","robots":{"index":"index","follow":"follow","max-snippet":"max-snippet:-1","max-image-preview":"max-image-preview:large","max-video-preview":"max-video-preview:-1"},"canonical":"https:\/\/evertonfc.cz\/index.php\/2025\/02\/01\/skoncilo-prestupove-okno-wsl\/","og_locale":"cs_CZ","og_type":"article","og_title":"Skon\u010dilo p\u0159estupov\u00e9 okno WSL - Official Czech &amp; Slovak Everton Supporters&#039; Club","og_description":"P\u0159estupov\u00e9 okno WSL skon\u010dilo rekordem. Suma jednoho mili\u00f3nu liber sice je\u0161t\u011b nepadla, ale moc k tomu nechyb\u011blo.","og_url":"https:\/\/evertonfc.cz\/index.php\/2025\/02\/01\/skoncilo-prestupove-okno-wsl\/","og_site_name":"Official Czech &amp; Slovak Everton Supporters&#039; Club","article_publisher":"https:\/\/www.facebook.com\/everton.fans.cz.sk","article_published_time":"2025-02-01T20:21:28+00:00","article_modified_time":"2025-02-09T15:10:30+00:00","og_image":[{"width":720,"height":405,"url":"https:\/\/evertonfc.cz\/wp-content\/uploads\/2025\/02\/Transfer-Window-web.jpg","type":"image\/jpeg"}],"author":"Karamela","twitter_card":"summary_large_image","twitter_misc":{"Napsal(a)":"Karamela","Odhadovan\u00e1 doba \u010dten\u00ed":"3 minuty"},"schema":{"@context":"https:\/\/schema.org","@graph":[{"@type":"Article","@id":"https:\/\/evertonfc.cz\/index.php\/2025\/02\/01\/skoncilo-prestupove-okno-wsl\/#article","isPartOf":{"@id":"https:\/\/evertonfc.cz\/index.php\/2025\/02\/01\/skoncilo-prestupove-okno-wsl\/"},"author":{"name":"Karamela","@id":"https:\/\/evertonfc.cz\/#\/schema\/person\/e9a24a80a32efa1344dd2c4e5882185c"},"headline":"Skon\u010dilo p\u0159estupov\u00e9 okno WSL","datePublished":"2025-02-01T20:21:28+00:00","dateModified":"2025-02-09T15:10:30+00:00","mainEntityOfPage":{"@id":"https:\/\/evertonfc.cz\/index.php\/2025\/02\/01\/skoncilo-prestupove-okno-wsl\/"},"wordCount":575,"commentCount":0,"publisher":{"@id":"https:\/\/evertonfc.cz\/#organization"},"image":{"@id":"https:\/\/evertonfc.cz\/index.php\/2025\/02\/01\/skoncilo-prestupove-okno-wsl\/#primaryimage"},"thumbnailUrl":"https:\/\/evertonfc.cz\/wp-content\/uploads\/2025\/02\/Transfer-Window-web.jpg","articleSection":["Everton Women"],"inLanguage":"cs","potentialAction":[{"@type":"CommentAction","name":"Comment","target":["https:\/\/evertonfc.cz\/index.php\/2025\/02\/01\/skoncilo-prestupove-okno-wsl\/#respond"]}]},{"@type":"WebPage","@id":"https:\/\/evertonfc.cz\/index.php\/2025\/02\/01\/skoncilo-prestupove-okno-wsl\/","url":"https:\/\/evertonfc.cz\/index.php\/2025\/02\/01\/skoncilo-prestupove-okno-wsl\/","name":"Skon\u010dilo p\u0159estupov\u00e9 okno WSL - Official Czech &amp; Slovak Everton Supporters&#039; Club","isPartOf":{"@id":"https:\/\/evertonfc.cz\/#website"},"primaryImageOfPage":{"@id":"https:\/\/evertonfc.cz\/index.php\/2025\/02\/01\/skoncilo-prestupove-okno-wsl\/#primaryimage"},"image":{"@id":"https:\/\/evertonfc.cz\/index.php\/2025\/02\/01\/skoncilo-prestupove-okno-wsl\/#primaryimage"},"thumbnailUrl":"https:\/\/evertonfc.cz\/wp-content\/uploads\/2025\/02\/Transfer-Window-web.jpg","datePublished":"2025-02-01T20:21:28+00:00","dateModified":"2025-02-09T15:10:30+00:00","breadcrumb":{"@id":"https:\/\/evertonfc.cz\/index.php\/2025\/02\/01\/skoncilo-prestupove-okno-wsl\/#breadcrumb"},"inLanguage":"cs","potentialAction":[{"@type":"ReadAction","target":["https:\/\/evertonfc.cz\/index.php\/2025\/02\/01\/skoncilo-prestupove-okno-wsl\/"]}]},{"@type":"ImageObject","inLanguage":"cs","@id":"https:\/\/evertonfc.cz\/index.php\/2025\/02\/01\/skoncilo-prestupove-okno-wsl\/#primaryimage","url":"https:\/\/evertonfc.cz\/wp-content\/uploads\/2025\/02\/Transfer-Window-web.jpg","contentUrl":"https:\/\/evertonfc.cz\/wp-content\/uploads\/2025\/02\/Transfer-Window-web.jpg","width":720,"height":405},{"@type":"BreadcrumbList","@id":"https:\/\/evertonfc.cz\/index.php\/2025\/02\/01\/skoncilo-prestupove-okno-wsl\/#breadcrumb","itemListElement":[{"@type":"ListItem","position":1,"name":"Home","item":"https:\/\/evertonfc.cz\/"},{"@type":"ListItem","position":2,"name":"Skon\u010dilo p\u0159estupov\u00e9 okno WSL"}]},{"@type":"WebSite","@id":"https:\/\/evertonfc.cz\/#website","url":"https:\/\/evertonfc.cz\/","name":"Official Czech &amp; Slovak Everton Supporters&#039; Club","description":"","publisher":{"@id":"https:\/\/evertonfc.cz\/#organization"},"potentialAction":[{"@type":"SearchAction","target":{"@type":"EntryPoint","urlTemplate":"https:\/\/evertonfc.cz\/?s={search_term_string}"},"query-input":{"@type":"PropertyValueSpecification","valueRequired":true,"valueName":"search_term_string"}}],"inLanguage":"cs"},{"@type":"Organization","@id":"https:\/\/evertonfc.cz\/#organization","name":"Official Czech & Slovak Everton Supporters' Club","url":"https:\/\/evertonfc.cz\/","logo":{"@type":"ImageObject","inLanguage":"cs","@id":"https:\/\/evertonfc.cz\/#\/schema\/logo\/image\/","url":"https:\/\/evertonfc.cz\/wp-content\/uploads\/2019\/05\/logo.png","contentUrl":"https:\/\/evertonfc.cz\/wp-content\/uploads\/2019\/05\/logo.png","width":112,"height":112,"caption":"Official Czech & Slovak Everton Supporters' Club"},"image":{"@id":"https:\/\/evertonfc.cz\/#\/schema\/logo\/image\/"},"sameAs":["https:\/\/www.facebook.com\/everton.fans.cz.sk"]},{"@type":"Person","@id":"https:\/\/evertonfc.cz\/#\/schema\/person\/e9a24a80a32efa1344dd2c4e5882185c","name":"Karamela","url":"https:\/\/evertonfc.cz\/index.php\/author\/karamela\/"}]}},"_links":{"self":[{"href":"https:\/\/evertonfc.cz\/index.php\/wp-json\/wp\/v2\/posts\/26200"}],"collection":[{"href":"https:\/\/evertonfc.cz\/index.php\/wp-json\/wp\/v2\/posts"}],"about":[{"href":"https:\/\/evertonfc.cz\/index.php\/wp-json\/wp\/v2\/types\/post"}],"author":[{"embeddable":true,"href":"https:\/\/evertonfc.cz\/index.php\/wp-json\/wp\/v2\/users\/26"}],"replies":[{"embeddable":true,"href":"https:\/\/evertonfc.cz\/index.php\/wp-json\/wp\/v2\/comments?post=26200"}],"version-history":[{"count":8,"href":"https:\/\/evertonfc.cz\/index.php\/wp-json\/wp\/v2\/posts\/26200\/revisions"}],"predecessor-version":[{"id":26275,"href":"https:\/\/evertonfc.cz\/index.php\/wp-json\/wp\/v2\/posts\/26200\/revisions\/26275"}],"wp:featuredmedia":[{"embeddable":true,"href":"https:\/\/evertonfc.cz\/index.php\/wp-json\/wp\/v2\/media\/26202"}],"wp:attachment":[{"href":"https:\/\/evertonfc.cz\/index.php\/wp-json\/wp\/v2\/media?parent=26200"}],"wp:term":[{"taxonomy":"category","embeddable":true,"href":"https:\/\/evertonfc.cz\/index.php\/wp-json\/wp\/v2\/categories?post=26200"},{"taxonomy":"post_tag","embeddable":true,"href":"https:\/\/evertonfc.cz\/index.php\/wp-json\/wp\/v2\/tags?post=26200"}],"curies":[{"name":"wp","href":"https:\/\/api.w.org\/{rel}","templated":true}]}}