{"id":26268,"date":"2025-02-08T14:12:59","date_gmt":"2025-02-08T13:12:59","guid":{"rendered":"https:\/\/evertonfc.cz\/?p=26268"},"modified":"2025-02-08T14:12:59","modified_gmt":"2025-02-08T13:12:59","slug":"fac-preview-everton-bournemouth","status":"publish","type":"post","link":"https:\/\/evertonfc.cz\/index.php\/2025\/02\/08\/fac-preview-everton-bournemouth\/","title":{"rendered":"FAC Preview: Everton \u2013 Bournemouth"},"content":{"rendered":"<h4>Ke\u010f sme naposledy hrali proti \u010cere\u0161niam, bolo to tak\u00e9 zl\u00e9, \u017ee som takmer zlo\u017eil pero, resp. odpojil kl\u00e1vesnicu. Niekto v\u0161ak vypo\u010dul t\u00fdch p\u00e1r z\u00fafal\u00fdch riadkov a\u00a0zmenil n\u00e1m \u017eivot. Ten fan\u00fa\u0161ikovsk\u00fd. Tak m\u00e1lo sta\u010d\u00ed ku \u0161\u0165astiu.<\/h4>\n<p>Potom nasledovalo \u00favodn\u00e9 tretie kolo dom\u00e1ceho poh\u00e1ra \u010d\u00edslo jedna, a\u00a0aj bez mana\u017e\u00e9ra sme si poradili s\u00a0tre\u0165oligov\u00fdm Peterborough. Sk\u00f3rovali vtedy Beto a\u00a0Ndiaye. T\u00ed ist\u00ed, ktor\u00ed zariadili demol\u00e1ciu L\u00ed\u0161ok minul\u00fd t\u00fd\u017ede\u0148. A\u00a0ak chceme pokra\u010dova\u0165 v\u00a0rovnakom trende, minim\u00e1lne postupovom, t\u00edto dvaja musia hra\u0165. Aj ke\u010f o\u00a04 dni dohr\u00e1vame posledn\u00e9 dom\u00e1ce derby v\u00a0Goodison Parku.<\/p>\n<p>Poriadna jazda v\u00a0poh\u00e1ri, to je to, na \u010do cieli aj David Moyes. Vo fin\u00e1le hoci\u010doho sme neboli od roku 2009, a\u00a0posledn\u00fd FA Cup m\u00e1 na sebe 30-ro\u010dn\u00fa vrstvu prachu. Z\u00e1mer je op\u00e4\u0165 prinies\u0165 do klubu vlnu pozitivizmu. Nie \u017ee by predaj klubu a\u00a0kone\u010dne v\u00ed\u0165azn\u00e1 s\u00e9ria nesta\u010dili, ale hra\u0165 o\u00a0trofej je \u00faplne in\u00fd level.<\/p>\n<p>Optimizmus brzd\u00ed len ned\u00e1vno skon\u010den\u00e9 prestupov\u00e9 okno. To Everton pre\u0161iel doslova so zatiahnutou ru\u010dnou. Do tohtoro\u010dn\u00e9ho cyklu PSR n\u00e1m st\u00e1le zasahuje zna\u010dn\u00fd m\u00ednus, k\u00a0\u010domu prispel aj vyhadzov Dychea. A\u00a0ak nechceme bud\u00faci rok plati\u0165 bodmi z\u00a0tabu\u013eky, treba by\u0165 trpezliv\u00fd do lete. Vtedy za\u010dneme s\u00a0\u010dist\u00fdm \u0161t\u00edtom a\u00a0m\u00f4\u017eu sa dia\u0165 veci. T\u00fato zimu by sme len prepl\u00e1cali nechcen\u00e9 ciele.<\/p>\n<h4><strong>T\u00edmov\u00e9 novinky<\/strong><\/h4>\n<p>Povinnos\u0165 posilni\u0165 aspo\u0148 symbolicky splnilo hos\u0165ovanie Alcaraza. Na \u0148om je skvel\u00e9 to, \u017ee okrem sk\u00fasenost\u00ed nielen s\u00a0anglick\u00fdm futbalom m\u00f4\u017ee okam\u017eite zasiahnu\u0165 do diania. Moyes ho prehl\u00e1sil za fit, a\u00a0jedin\u00e9 \u010do mu ch\u00fdba, je zohranos\u0165 s\u00a0t\u00edmom. Najvy\u0161\u0161\u00ed \u010das za\u010da\u0165? U\u017e m\u00e1 za sebou prv\u00e9 tr\u00e9ningy na Finch Farm.<\/p>\n<p>Dnes sa naopak nezapoj\u00ed Coleman pre zranenie l\u00fdtka. Pr\u00edli\u0161 skoro je tie\u017e pre Chermitiho. Ten zatia\u013e tr\u00e9nuje individu\u00e1lne na tr\u00e1ve. Dobr\u00e1 spr\u00e1va je, \u017ee zranenie Broju napokon nemus\u00ed by\u0165 tak\u00e9 v\u00e1\u017ene ako sa predpokladalo. Rekonvalescencia \u010dlenku pokra\u010duje omnoho r\u00fdchlej\u0161ie. S\u00a0doktormi je st\u00e1le McNeil po oper\u00e1cii kolena minul\u00fd t\u00fd\u017ede\u0148. Dlhodobo mimo s\u00fa st\u00e1le Calvert-Lewin aj Orel Mangala.<\/p>\n<p>S\u00faper nem\u00e1 nov\u00e9 zranenia. \u00daplne mu sta\u010dia tie star\u00e9, ktor\u00e9 im vyradili 9 hr\u00e1\u010dov. Do z\u00e1pasu nezasiahnu Enes \u00dcnal, Evanilson, Marcos Senesi, Adam Smith, Julian Araujo, Alex Scott, James Hill, Luis Sinisterra ani Julio Soler.<\/p>\n<h4><strong>Iraoci\u00e1lna hra<\/strong><\/h4>\n<p>Zaka\u017ed\u00fdm ke\u010f po\u010d\u00favam o\u00a0hre Bournemouthu, v\u017edy sa tam n\u00e1jde slov\u00ed\u010dko chaos. D\u00e1 sa hra\u0165 futbal chaoticky? Pod\u013ea m\u0148a nie, aspo\u0148 nie v\u00ed\u0165azne. Ale v\u00e4\u010d\u0161\u00ed \u201eodborn\u00edci\u201c ne\u017e ja hovoria, \u017ee z\u00e1kladom ich hry je intenzita, nabehan\u00e9 \u0165a\u017ek\u00e9 kilometre, vysok\u00fd pressing a\u00a0r\u00fdchlos\u0165 prechodu. To sa dos\u0165 podob\u00e1 na \u0161kolu Marcela Bielsu.<\/p>\n<p>V\u00e4\u010d\u0161inu z\u00e1pasov, ktor\u00e9 vyhr\u00e1vaj\u00fa, s\u00fa otvoren\u00e9 hry s\u00a0mno\u017estvom \u0161anc\u00ed, kde vedia hr\u00e1\u010di Iraolu izolova\u0165 s\u00fapera v\u00a0s\u00fabojoch jeden na jedn\u00e9ho v\u00a0krajoch ihriska, a\u00a0otv\u00e1ra\u0165 tak v\u00e4\u010d\u0161ie priestory vn\u00fatri ihriska. Opak im absol\u00fatne nejde. Asi aj preto n\u00e1s naposledy dok\u00e1zali porazi\u0165 len jedin\u00fdm g\u00f3lom, a\u00a0nevyzerali \u00faplne presved\u010divo.<\/p>\n<p>Klub sa prisp\u00f4sobil tomuto fyzicky n\u00e1ro\u010dn\u00e9mu \u0161t\u00fdlu, h\u013ead\u00e1 vhodn\u00fdch a\u00a0hlavne mlad\u0161\u00edch hr\u00e1\u010dov (3. najmlad\u0161\u00ed k\u00e1der), schopn\u00fdch vydr\u017ea\u0165 \u0165a\u017ek\u00fd tr\u00e9ning aj nam\u00e1hav\u00e9 z\u00e1pasy. Aj tak\u00fdmto sp\u00f4sobom sa sna\u017eia negova\u0165 dopady nedostatku sk\u00fasenost\u00ed. Str\u00e1cate loptu? Nu\u017e, niekto sa bude musie\u0165 pravidelne \u0161printom vraca\u0165 sp\u00e4\u0165.<\/p>\n<h4 style=\"text-align: center;\"><span style=\"text-decoration: underline;\"><strong>\u0160tatistick\u00e9 okienko:<\/strong><\/span><\/h4>\n<ul>\n<li>Everton prehral sedem z posledn\u00fdch deviatich stretnut\u00ed s Bournemouthom vo v\u0161etk\u00fdch s\u00fa\u0165a\u017eiach (W2). A ka\u017ed\u00e9 z posledn\u00fdch \u0161iestich v\u00ed\u0165azstiev Toffees nad Cherries pri\u0161lo v Goodison Parku.<\/li>\n<li>Bournemouth vypadol z FA Cupu v oboch predch\u00e1dzaj\u00facich z\u00e1pasoch s Evertonom v s\u00fa\u0165a\u017ei, v tre\u0165om kole v roku 1937 a v piatom kole v roku 2016.<\/li>\n<li>Everton vyhral osem z posledn\u00fdch 10 dom\u00e1cich z\u00e1pasov v FA Cupe (L2). Z dvoch prehier v tejto s\u00e9rii prehral v minulej sez\u00f3ne vo \u0161tvrtom kole proti Lutonu Town.<\/li>\n<li>Bournemouth sa prv\u00fdkr\u00e1t v hist\u00f3rii sna\u017e\u00ed dosta\u0165 do 5. kola FA Cupu v po sebe nasleduj\u00facich sez\u00f3nach.<\/li>\n<li>David Moyes prehral iba jeden z predch\u00e1dzaj\u00facich 11 stretnut\u00ed s Bournemouthom (W6, D4). Jeho posledn\u00e9 tri v\u00fdhry proti Cherries tie\u017e pri\u0161li s \u010dist\u00fdmi kontami (4-0, 2-0, 4-0).<\/li>\n<li>Beto strelil v posledn\u00fdch \u0161tyroch z\u00e1pasoch tri g\u00f3ly a\u00a0m\u00f4\u017ee vyrovna\u0165 svoje konto za cel\u00fa minul\u00fa sez\u00f3nu \u010fal\u0161\u00edm g\u00f3lom dnes.<\/li>\n<li>Iliman Ndiaye sa prv\u00fdkr\u00e1t vo svojej kari\u00e9re pok\u00fasi sk\u00f3rova\u0165 v \u0161tyroch po sebe nasleduj\u00facich z\u00e1pasoch.<\/li>\n<\/ul>\n<h3 style=\"text-align: center;\"><span style=\"color: #3366ff;\"><em><strong>Up The Toffees !!!<\/strong><\/em><\/span><\/h3>\n<p><strong>\u010co:<\/strong> Everton FC \u2013 AFC Bournemouth, 4. kolo FA Cup<br \/>\n<strong>Kedy:<\/strong> 8.2. 2025 od 16:00 SE\u010c<br \/>\n<strong>Ako: <\/strong>z\u00e1pasov\u00fd stream na VOYO<br \/>\n<strong>Kde:<\/strong> Goodison Park \u2013 Goodison Rd, Liverpool L4 4EL (kapacita: 39 414)<br \/>\n<strong>Rozhodca:<\/strong> John Brooks \u00a0<strong>Asistenti:<\/strong> L. Betts, A. Howson \u00a0<strong>\u0160tvrt\u00fd rozhodca:<\/strong> A. Backhouse<\/p>\n","protected":false},"excerpt":{"rendered":"<p>Ke\u010f sme naposledy hrali proti \u010cere\u0161niam, bolo to tak\u00e9 zl\u00e9, \u017ee som takmer zlo\u017eil pero, resp. odpojil kl\u00e1vesnicu. Niekto v\u0161ak vypo\u010dul t\u00fdch p\u00e1r z\u00fafal\u00fdch riadkov a\u00a0zmenil n\u00e1m \u017eivot. Ten fan\u00fa\u0161ikovsk\u00fd. Tak m\u00e1lo sta\u010d\u00ed ku \u0161\u0165astiu.<\/p>\n","protected":false},"author":1,"featured_media":21683,"comment_status":"open","ping_status":"closed","sticky":false,"template":"","format":"standard","meta":{"_eb_attr":"","_monsterinsights_skip_tracking":false,"_monsterinsights_sitenote_active":false,"_monsterinsights_sitenote_note":"","_monsterinsights_sitenote_category":0,"footnotes":""},"categories":[4],"tags":[],"yoast_head":"<!-- This site is optimized with the Yoast SEO plugin v23.4 - https:\/\/yoast.com\/wordpress\/plugins\/seo\/ -->\n<title>FAC Preview: Everton \u2013 Bournemouth - Official Czech &amp; Slovak Everton Supporters&#039; Club<\/title>\n<meta name=\"robots\" content=\"index, follow, max-snippet:-1, max-image-preview:large, max-video-preview:-1\" \/>\n<link rel=\"canonical\" href=\"https:\/\/evertonfc.cz\/index.php\/2025\/02\/08\/fac-preview-everton-bournemouth\/\" \/>\n<meta property=\"og:locale\" content=\"cs_CZ\" \/>\n<meta property=\"og:type\" content=\"article\" \/>\n<meta property=\"og:title\" content=\"FAC Preview: Everton \u2013 Bournemouth - Official Czech &amp; Slovak Everton Supporters&#039; Club\" \/>\n<meta property=\"og:description\" content=\"Ke\u010f sme naposledy hrali proti \u010cere\u0161niam, bolo to tak\u00e9 zl\u00e9, \u017ee som takmer zlo\u017eil pero, resp. odpojil kl\u00e1vesnicu. Niekto v\u0161ak vypo\u010dul t\u00fdch p\u00e1r z\u00fafal\u00fdch riadkov a\u00a0zmenil n\u00e1m \u017eivot. Ten fan\u00fa\u0161ikovsk\u00fd. Tak m\u00e1lo sta\u010d\u00ed ku \u0161\u0165astiu.\" \/>\n<meta property=\"og:url\" content=\"https:\/\/evertonfc.cz\/index.php\/2025\/02\/08\/fac-preview-everton-bournemouth\/\" \/>\n<meta property=\"og:site_name\" content=\"Official Czech &amp; Slovak Everton Supporters&#039; Club\" \/>\n<meta property=\"article:publisher\" content=\"https:\/\/www.facebook.com\/everton.fans.cz.sk\" \/>\n<meta property=\"article:published_time\" content=\"2025-02-08T13:12:59+00:00\" \/>\n<meta property=\"og:image\" content=\"https:\/\/evertonfc.cz\/wp-content\/uploads\/2023\/05\/Everton-VS-Bournemouth.jpg\" \/>\n\t<meta property=\"og:image:width\" content=\"720\" \/>\n\t<meta property=\"og:image:height\" content=\"405\" \/>\n\t<meta property=\"og:image:type\" content=\"image\/jpeg\" \/>\n<meta name=\"author\" content=\"BlueBlooded\" \/>\n<meta name=\"twitter:card\" content=\"summary_large_image\" \/>\n<meta name=\"twitter:label1\" content=\"Napsal(a)\" \/>\n\t<meta name=\"twitter:data1\" content=\"BlueBlooded\" \/>\n\t<meta name=\"twitter:label2\" content=\"Odhadovan\u00e1 doba \u010dten\u00ed\" \/>\n\t<meta name=\"twitter:data2\" content=\"5 minut\" \/>\n<script type=\"application\/ld+json\" class=\"yoast-schema-graph\">{\"@context\":\"https:\/\/schema.org\",\"@graph\":[{\"@type\":\"Article\",\"@id\":\"https:\/\/evertonfc.cz\/index.php\/2025\/02\/08\/fac-preview-everton-bournemouth\/#article\",\"isPartOf\":{\"@id\":\"https:\/\/evertonfc.cz\/index.php\/2025\/02\/08\/fac-preview-everton-bournemouth\/\"},\"author\":{\"name\":\"BlueBlooded\",\"@id\":\"https:\/\/evertonfc.cz\/#\/schema\/person\/d4493b8cbea51532597fbc4685698916\"},\"headline\":\"FAC Preview: Everton \u2013 Bournemouth\",\"datePublished\":\"2025-02-08T13:12:59+00:00\",\"dateModified\":\"2025-02-08T13:12:59+00:00\",\"mainEntityOfPage\":{\"@id\":\"https:\/\/evertonfc.cz\/index.php\/2025\/02\/08\/fac-preview-everton-bournemouth\/\"},\"wordCount\":875,\"commentCount\":3,\"publisher\":{\"@id\":\"https:\/\/evertonfc.cz\/#organization\"},\"image\":{\"@id\":\"https:\/\/evertonfc.cz\/index.php\/2025\/02\/08\/fac-preview-everton-bournemouth\/#primaryimage\"},\"thumbnailUrl\":\"https:\/\/evertonfc.cz\/wp-content\/uploads\/2023\/05\/Everton-VS-Bournemouth.jpg\",\"articleSection\":[\"Z\u00e1pasy\"],\"inLanguage\":\"cs\",\"potentialAction\":[{\"@type\":\"CommentAction\",\"name\":\"Comment\",\"target\":[\"https:\/\/evertonfc.cz\/index.php\/2025\/02\/08\/fac-preview-everton-bournemouth\/#respond\"]}]},{\"@type\":\"WebPage\",\"@id\":\"https:\/\/evertonfc.cz\/index.php\/2025\/02\/08\/fac-preview-everton-bournemouth\/\",\"url\":\"https:\/\/evertonfc.cz\/index.php\/2025\/02\/08\/fac-preview-everton-bournemouth\/\",\"name\":\"FAC Preview: Everton \u2013 Bournemouth - Official Czech &amp; Slovak Everton Supporters&#039; Club\",\"isPartOf\":{\"@id\":\"https:\/\/evertonfc.cz\/#website\"},\"primaryImageOfPage\":{\"@id\":\"https:\/\/evertonfc.cz\/index.php\/2025\/02\/08\/fac-preview-everton-bournemouth\/#primaryimage\"},\"image\":{\"@id\":\"https:\/\/evertonfc.cz\/index.php\/2025\/02\/08\/fac-preview-everton-bournemouth\/#primaryimage\"},\"thumbnailUrl\":\"https:\/\/evertonfc.cz\/wp-content\/uploads\/2023\/05\/Everton-VS-Bournemouth.jpg\",\"datePublished\":\"2025-02-08T13:12:59+00:00\",\"dateModified\":\"2025-02-08T13:12:59+00:00\",\"breadcrumb\":{\"@id\":\"https:\/\/evertonfc.cz\/index.php\/2025\/02\/08\/fac-preview-everton-bournemouth\/#breadcrumb\"},\"inLanguage\":\"cs\",\"potentialAction\":[{\"@type\":\"ReadAction\",\"target\":[\"https:\/\/evertonfc.cz\/index.php\/2025\/02\/08\/fac-preview-everton-bournemouth\/\"]}]},{\"@type\":\"ImageObject\",\"inLanguage\":\"cs\",\"@id\":\"https:\/\/evertonfc.cz\/index.php\/2025\/02\/08\/fac-preview-everton-bournemouth\/#primaryimage\",\"url\":\"https:\/\/evertonfc.cz\/wp-content\/uploads\/2023\/05\/Everton-VS-Bournemouth.jpg\",\"contentUrl\":\"https:\/\/evertonfc.cz\/wp-content\/uploads\/2023\/05\/Everton-VS-Bournemouth.jpg\",\"width\":720,\"height\":405},{\"@type\":\"BreadcrumbList\",\"@id\":\"https:\/\/evertonfc.cz\/index.php\/2025\/02\/08\/fac-preview-everton-bournemouth\/#breadcrumb\",\"itemListElement\":[{\"@type\":\"ListItem\",\"position\":1,\"name\":\"Home\",\"item\":\"https:\/\/evertonfc.cz\/\"},{\"@type\":\"ListItem\",\"position\":2,\"name\":\"FAC Preview: Everton \u2013 Bournemouth\"}]},{\"@type\":\"WebSite\",\"@id\":\"https:\/\/evertonfc.cz\/#website\",\"url\":\"https:\/\/evertonfc.cz\/\",\"name\":\"Official Czech &amp; Slovak Everton Supporters&#039; Club\",\"description\":\"\",\"publisher\":{\"@id\":\"https:\/\/evertonfc.cz\/#organization\"},\"potentialAction\":[{\"@type\":\"SearchAction\",\"target\":{\"@type\":\"EntryPoint\",\"urlTemplate\":\"https:\/\/evertonfc.cz\/?s={search_term_string}\"},\"query-input\":{\"@type\":\"PropertyValueSpecification\",\"valueRequired\":true,\"valueName\":\"search_term_string\"}}],\"inLanguage\":\"cs\"},{\"@type\":\"Organization\",\"@id\":\"https:\/\/evertonfc.cz\/#organization\",\"name\":\"Official Czech & Slovak Everton Supporters' Club\",\"url\":\"https:\/\/evertonfc.cz\/\",\"logo\":{\"@type\":\"ImageObject\",\"inLanguage\":\"cs\",\"@id\":\"https:\/\/evertonfc.cz\/#\/schema\/logo\/image\/\",\"url\":\"https:\/\/evertonfc.cz\/wp-content\/uploads\/2019\/05\/logo.png\",\"contentUrl\":\"https:\/\/evertonfc.cz\/wp-content\/uploads\/2019\/05\/logo.png\",\"width\":112,\"height\":112,\"caption\":\"Official Czech & Slovak Everton Supporters' Club\"},\"image\":{\"@id\":\"https:\/\/evertonfc.cz\/#\/schema\/logo\/image\/\"},\"sameAs\":[\"https:\/\/www.facebook.com\/everton.fans.cz.sk\"]},{\"@type\":\"Person\",\"@id\":\"https:\/\/evertonfc.cz\/#\/schema\/person\/d4493b8cbea51532597fbc4685698916\",\"name\":\"BlueBlooded\",\"url\":\"https:\/\/evertonfc.cz\/index.php\/author\/admin\/\"}]}<\/script>\n<!-- \/ Yoast SEO plugin. -->","yoast_head_json":{"title":"FAC Preview: Everton \u2013 Bournemouth - Official Czech &amp; Slovak Everton Supporters&#039; Club","robots":{"index":"index","follow":"follow","max-snippet":"max-snippet:-1","max-image-preview":"max-image-preview:large","max-video-preview":"max-video-preview:-1"},"canonical":"https:\/\/evertonfc.cz\/index.php\/2025\/02\/08\/fac-preview-everton-bournemouth\/","og_locale":"cs_CZ","og_type":"article","og_title":"FAC Preview: Everton \u2013 Bournemouth - Official Czech &amp; Slovak Everton Supporters&#039; Club","og_description":"Ke\u010f sme naposledy hrali proti \u010cere\u0161niam, bolo to tak\u00e9 zl\u00e9, \u017ee som takmer zlo\u017eil pero, resp. odpojil kl\u00e1vesnicu. Niekto v\u0161ak vypo\u010dul t\u00fdch p\u00e1r z\u00fafal\u00fdch riadkov a\u00a0zmenil n\u00e1m \u017eivot. Ten fan\u00fa\u0161ikovsk\u00fd. Tak m\u00e1lo sta\u010d\u00ed ku \u0161\u0165astiu.","og_url":"https:\/\/evertonfc.cz\/index.php\/2025\/02\/08\/fac-preview-everton-bournemouth\/","og_site_name":"Official Czech &amp; Slovak Everton Supporters&#039; Club","article_publisher":"https:\/\/www.facebook.com\/everton.fans.cz.sk","article_published_time":"2025-02-08T13:12:59+00:00","og_image":[{"width":720,"height":405,"url":"https:\/\/evertonfc.cz\/wp-content\/uploads\/2023\/05\/Everton-VS-Bournemouth.jpg","type":"image\/jpeg"}],"author":"BlueBlooded","twitter_card":"summary_large_image","twitter_misc":{"Napsal(a)":"BlueBlooded","Odhadovan\u00e1 doba \u010dten\u00ed":"5 minut"},"schema":{"@context":"https:\/\/schema.org","@graph":[{"@type":"Article","@id":"https:\/\/evertonfc.cz\/index.php\/2025\/02\/08\/fac-preview-everton-bournemouth\/#article","isPartOf":{"@id":"https:\/\/evertonfc.cz\/index.php\/2025\/02\/08\/fac-preview-everton-bournemouth\/"},"author":{"name":"BlueBlooded","@id":"https:\/\/evertonfc.cz\/#\/schema\/person\/d4493b8cbea51532597fbc4685698916"},"headline":"FAC Preview: Everton \u2013 Bournemouth","datePublished":"2025-02-08T13:12:59+00:00","dateModified":"2025-02-08T13:12:59+00:00","mainEntityOfPage":{"@id":"https:\/\/evertonfc.cz\/index.php\/2025\/02\/08\/fac-preview-everton-bournemouth\/"},"wordCount":875,"commentCount":3,"publisher":{"@id":"https:\/\/evertonfc.cz\/#organization"},"image":{"@id":"https:\/\/evertonfc.cz\/index.php\/2025\/02\/08\/fac-preview-everton-bournemouth\/#primaryimage"},"thumbnailUrl":"https:\/\/evertonfc.cz\/wp-content\/uploads\/2023\/05\/Everton-VS-Bournemouth.jpg","articleSection":["Z\u00e1pasy"],"inLanguage":"cs","potentialAction":[{"@type":"CommentAction","name":"Comment","target":["https:\/\/evertonfc.cz\/index.php\/2025\/02\/08\/fac-preview-everton-bournemouth\/#respond"]}]},{"@type":"WebPage","@id":"https:\/\/evertonfc.cz\/index.php\/2025\/02\/08\/fac-preview-everton-bournemouth\/","url":"https:\/\/evertonfc.cz\/index.php\/2025\/02\/08\/fac-preview-everton-bournemouth\/","name":"FAC Preview: Everton \u2013 Bournemouth - Official Czech &amp; Slovak Everton Supporters&#039; Club","isPartOf":{"@id":"https:\/\/evertonfc.cz\/#website"},"primaryImageOfPage":{"@id":"https:\/\/evertonfc.cz\/index.php\/2025\/02\/08\/fac-preview-everton-bournemouth\/#primaryimage"},"image":{"@id":"https:\/\/evertonfc.cz\/index.php\/2025\/02\/08\/fac-preview-everton-bournemouth\/#primaryimage"},"thumbnailUrl":"https:\/\/evertonfc.cz\/wp-content\/uploads\/2023\/05\/Everton-VS-Bournemouth.jpg","datePublished":"2025-02-08T13:12:59+00:00","dateModified":"2025-02-08T13:12:59+00:00","breadcrumb":{"@id":"https:\/\/evertonfc.cz\/index.php\/2025\/02\/08\/fac-preview-everton-bournemouth\/#breadcrumb"},"inLanguage":"cs","potentialAction":[{"@type":"ReadAction","target":["https:\/\/evertonfc.cz\/index.php\/2025\/02\/08\/fac-preview-everton-bournemouth\/"]}]},{"@type":"ImageObject","inLanguage":"cs","@id":"https:\/\/evertonfc.cz\/index.php\/2025\/02\/08\/fac-preview-everton-bournemouth\/#primaryimage","url":"https:\/\/evertonfc.cz\/wp-content\/uploads\/2023\/05\/Everton-VS-Bournemouth.jpg","contentUrl":"https:\/\/evertonfc.cz\/wp-content\/uploads\/2023\/05\/Everton-VS-Bournemouth.jpg","width":720,"height":405},{"@type":"BreadcrumbList","@id":"https:\/\/evertonfc.cz\/index.php\/2025\/02\/08\/fac-preview-everton-bournemouth\/#breadcrumb","itemListElement":[{"@type":"ListItem","position":1,"name":"Home","item":"https:\/\/evertonfc.cz\/"},{"@type":"ListItem","position":2,"name":"FAC Preview: Everton \u2013 Bournemouth"}]},{"@type":"WebSite","@id":"https:\/\/evertonfc.cz\/#website","url":"https:\/\/evertonfc.cz\/","name":"Official Czech &amp; Slovak Everton Supporters&#039; Club","description":"","publisher":{"@id":"https:\/\/evertonfc.cz\/#organization"},"potentialAction":[{"@type":"SearchAction","target":{"@type":"EntryPoint","urlTemplate":"https:\/\/evertonfc.cz\/?s={search_term_string}"},"query-input":{"@type":"PropertyValueSpecification","valueRequired":true,"valueName":"search_term_string"}}],"inLanguage":"cs"},{"@type":"Organization","@id":"https:\/\/evertonfc.cz\/#organization","name":"Official Czech & Slovak Everton Supporters' Club","url":"https:\/\/evertonfc.cz\/","logo":{"@type":"ImageObject","inLanguage":"cs","@id":"https:\/\/evertonfc.cz\/#\/schema\/logo\/image\/","url":"https:\/\/evertonfc.cz\/wp-content\/uploads\/2019\/05\/logo.png","contentUrl":"https:\/\/evertonfc.cz\/wp-content\/uploads\/2019\/05\/logo.png","width":112,"height":112,"caption":"Official Czech & Slovak Everton Supporters' Club"},"image":{"@id":"https:\/\/evertonfc.cz\/#\/schema\/logo\/image\/"},"sameAs":["https:\/\/www.facebook.com\/everton.fans.cz.sk"]},{"@type":"Person","@id":"https:\/\/evertonfc.cz\/#\/schema\/person\/d4493b8cbea51532597fbc4685698916","name":"BlueBlooded","url":"https:\/\/evertonfc.cz\/index.php\/author\/admin\/"}]}},"_links":{"self":[{"href":"https:\/\/evertonfc.cz\/index.php\/wp-json\/wp\/v2\/posts\/26268"}],"collection":[{"href":"https:\/\/evertonfc.cz\/index.php\/wp-json\/wp\/v2\/posts"}],"about":[{"href":"https:\/\/evertonfc.cz\/index.php\/wp-json\/wp\/v2\/types\/post"}],"author":[{"embeddable":true,"href":"https:\/\/evertonfc.cz\/index.php\/wp-json\/wp\/v2\/users\/1"}],"replies":[{"embeddable":true,"href":"https:\/\/evertonfc.cz\/index.php\/wp-json\/wp\/v2\/comments?post=26268"}],"version-history":[{"count":5,"href":"https:\/\/evertonfc.cz\/index.php\/wp-json\/wp\/v2\/posts\/26268\/revisions"}],"predecessor-version":[{"id":26273,"href":"https:\/\/evertonfc.cz\/index.php\/wp-json\/wp\/v2\/posts\/26268\/revisions\/26273"}],"wp:featuredmedia":[{"embeddable":true,"href":"https:\/\/evertonfc.cz\/index.php\/wp-json\/wp\/v2\/media\/21683"}],"wp:attachment":[{"href":"https:\/\/evertonfc.cz\/index.php\/wp-json\/wp\/v2\/media?parent=26268"}],"wp:term":[{"taxonomy":"category","embeddable":true,"href":"https:\/\/evertonfc.cz\/index.php\/wp-json\/wp\/v2\/categories?post=26268"},{"taxonomy":"post_tag","embeddable":true,"href":"https:\/\/evertonfc.cz\/index.php\/wp-json\/wp\/v2\/tags?post=26268"}],"curies":[{"name":"wp","href":"https:\/\/api.w.org\/{rel}","templated":true}]}}