{"id":2627,"date":"2010-04-14T19:18:51","date_gmt":"2010-04-14T17:18:51","guid":{"rendered":"http:\/\/evertonfc.cz\/?p=2627"},"modified":"2019-02-09T19:20:19","modified_gmt":"2019-02-09T18:20:19","slug":"aston-villa-everton-22","status":"publish","type":"post","link":"https:\/\/evertonfc.cz\/index.php\/2010\/04\/14\/aston-villa-everton-22\/","title":{"rendered":"Aston Villa &#8211; Everton 2:2"},"content":{"rendered":"<p>Sm\u016fla se pomalu ale jist\u011b st\u00e1v\u00e1 nadobro na\u0161\u00edm nerozlu\u010diteln\u00fdm spole\u010dn\u00edkem. Na Villa Parku Blues p\u0159i\u0161li o zaslou\u017een\u00e9 v\u00edt\u011bzstv\u00ed v nastaven\u00e9m \u010dase. Jak typick\u00e9&#8230;<\/p>\n<p>David Moyes dal p\u0159ednost a\u017e na jedinou v\u00fdjimku stejn\u00e9 sestav\u011b z minul\u00e9ho z\u00e1pasu. Zm\u011bnu doznal pouze \u00fatok, kde m\u00edsto Louise Sahy nastoupil Yakubu.<\/p>\n<p>\u00davodn\u00ed minuty vyzn\u011bly l\u00e9pe pro Everton. Prvn\u00ed nad\u011bjn\u00fd n\u00e1znak mohl ve slu\u0161n\u00e9 st\u0159eleck\u00e9 pozici p\u0159etavit v \u00favodn\u00ed branku Leon Osman, jeho r\u00e1na ale byla zblokov\u00e1na a z n\u00e1sledn\u00e9 dor\u00e1\u017eky neusp\u011bl ani Diniyar Bilyaletdinov. Na druh\u00e9 stran\u011b potvrdil atraktivn\u00ed start utk\u00e1n\u00ed Stewart Downing, kdy\u017e p\u0159\u00edzemn\u00ed st\u0159elou ze st\u0159edn\u00ed vzd\u00e1lenosti prov\u011b\u0159il Tima Howarda. \u017divo byl ve v\u00e1pn\u011b Toffees i v 12. minut\u011b. Z \u00fahlu pohotov\u011b m\u00ed\u0159il James Milner, Howard se v\u0161ak zaskv\u011bl skv\u011bl\u00fdm z\u00e1krokem.<\/p>\n<p>Vysok\u00e9 tempo duelu nicm\u00e9n\u011b nepolevalo, sp\u00ed\u0161e naopak. Brejk Evertonu zakon\u010doval r\u00e1nou z prvn\u00ed znovu Osman a s p\u0159\u00edle\u017eitost\u00ed nenalo\u017eil v\u016fbec \u0161patn\u011b; Brad Friedel jeho pokus zpoza \u0161estn\u00e1ctky s n\u00e1mahou vyrazil. Zanedlouho se ji\u017e na sv\u011bteln\u00e9 tabuli ov\u0161em sk\u00f3re m\u011bnilo. Perfektn\u011b zahran\u00fd balon ze standartn\u00ed situace Leightona Bainese dolet\u011bl v 22. minut\u011b a\u017e k Timu Cahillovi, a ten provedl to, co mu jde v\u016fbec nejl\u00e9pe &#8211; p\u0159esnou hlavi\u010dkou dopravil m\u00ed\u010d do s\u00edt\u011b.<\/p>\n<p>\u0160ance se d\u00e1le p\u0159el\u00e9valy ze strany na stranu, v t\u00e9 dal\u0161\u00ed se zjevili Villans. V osobn\u00edm souboji se silov\u011b kolem Phila Jagielky obto\u010dil John Carew, nicm\u00e9n\u011b po efektivn\u00edm uvoln\u011bn\u00ed svou st\u0159elu nasm\u011broval jen do bo\u010dn\u00ed s\u00edt\u011b.<\/p>\n<p>Druh\u00e1 p\u016fle neza\u010dala pro Toffees zrovna r\u016f\u017eov\u011b. D\u00edky nevyb\u00edrav\u00e9mu z\u00e1kroku Ashleyho Younga h\u0159i\u0161t\u011b nucen\u011b opustil John Heitinga, jeho\u017e m\u00edsto v defenzivn\u00ed \u010d\u00e1sti z\u00e1lohy n\u00e1sledn\u011b zaujmul Jack Rodwell. Brzy svoje \u00fa\u010dinkov\u00e1n\u00ed v z\u00e1pase zakon\u010dil tak\u00e9 Yakubu, ov\u0161em nikoliv d\u00edky zdravotn\u00edm pot\u00ed\u017e\u00edm, n\u00fdbr\u017e kv\u016fli velmi slab\u00e9mu v\u00fdkonu.<\/p>\n<p>V dvaasedmdes\u00e1t\u00e9 minut\u011b p\u0159i\u0161lo jako r\u00e1na z \u010dist\u00e9ho nebe vyrovn\u00e1n\u00ed. Centr Jamese Milnera dohlavi\u010dkoval do s\u00edt\u011b Gabriel Agbonlahor a r\u00e1zem se tak jelo od nuly. S odpov\u011bd\u00ed se ale Blues p\u0159\u00edli\u0161 dlouho nep\u00e1rali. Hned o dv\u011b minuty pozd\u011bji ude\u0159il Cahill znovu &#8211; tentokr\u00e1t hlavi\u010dkou z rohov\u00e9ho kopu.<\/p>\n<p>Veden\u00ed Toffees dr\u017eeli a\u017e do nastaven\u00e9ho \u010dasu. Jen\u017ee pr\u00e1v\u011b v t\u00e9 nejnevhodn\u011bj\u0161\u00ed dob\u011b p\u0159i\u0161lo k velk\u00e9 radosti Villa Parku srovn\u00e1n\u00ed, a\u010d k n\u011bmu Aston Villa p\u0159i\u0161la k velk\u00e9 sm\u016fle Evertonu jako slep\u00e1 k housl\u00edm. Centr Ashleyho Younga l\u00edznul sm\u011brem ke sv\u00e9mu brank\u00e1\u0159i Phil Jagielka a Tim Howard si z jeho necht\u011bnou hlavi\u010dkou poradil tak b\u00eddn\u011b, \u017ee a\u017e u\u017e se zd\u00e1lo, \u017ee m\u00ed\u010d zne\u0161kodn\u00ed, ten nakonec \u0161\u0165astn\u011b skon\u010dil v s\u00edti.<\/p>\n<p>P\u0159esto si Everton t\u0159i body odv\u00e9zt mohl. V posledn\u00ed \u0161anci utk\u00e1n\u00ed se pak objevil Phil Neville, kdy\u017e se mu ve v\u00e1pn\u011b naskytl dostate\u010dn\u00fd prostor, jen\u017ee svou um\u00edst\u011bnou p\u0159\u00edzemn\u00ed st\u0159elou jen o milimetry minul br\u00e1nu. D\u00edky t\u0159et\u00ed d\u011blb\u011b bod\u016f v \u0159ad\u011b, tak Evertonu na Aston Villu st\u00e1le sch\u00e1zej\u00ed \u010dty\u0159i body. Z\u00e1v\u011bre\u010dn\u00e1 sedm\u00e1 pozice a t\u00edm p\u00e1dem vstupenka do Evropsk\u00e9 ligy, by se tak rovnala mal\u00e9mu z\u00e1zraku&#8230;<\/p>\n<p><strong>Aston Villa:\u00a0<\/strong>Friedel, Cuellar, Collins, Dunne, Warnock, Petrov, Milner, Downing,m Young, Agbonlahor, Carew<strong><br \/>\n<\/strong><\/p>\n<p><strong>Everton:\u00a0<\/strong>Howard, Neville, Distin, Jagielka, Baines, Pienaar, Osman, Heitinga, Bilyaletdinov, Cahill, Yakubu<\/p>\n<p><strong>G\u00f3ly:<\/strong>\u00a022., 73. Cahill &#8211; 71. Agbonlahor, 90. Jagielka (OG)<\/p>\n<p><strong>\u017dlut\u00e9 karty:\u00a0<\/strong>Milner, Petrov &#8211; Cahill, Howard<strong><br \/>\n<\/strong><\/p>\n<p><strong>Fauly:\u00a0<\/strong>11 &#8211; 9<strong><br \/>\n<\/strong><\/p>\n<p><strong>St\u0159ely na br\u00e1nu:\u00a0<\/strong>7 -10<strong><br \/>\n<\/strong><\/p>\n<p><strong>St\u0159ely mimo br\u00e1nu:\u00a0<\/strong>3 &#8211; 3<strong><br \/>\n<\/strong><\/p>\n<p><strong>Rohov\u00e9 kopy:\u00a0<\/strong>7 &#8211; 7<strong><br \/>\n<\/strong><\/p>\n<p><strong>Dr\u017een\u00ed m\u00ed\u010de:\u00a0<\/strong>50% &#8211; 50%<\/p>\n","protected":false},"excerpt":{"rendered":"<p>Sm\u016fla se pomalu ale jist\u011b st\u00e1v\u00e1 nadobro na\u0161\u00edm nerozlu\u010diteln\u00fdm spole\u010dn\u00edkem. Na Villa Parku Blues p\u0159i\u0161li o zaslou\u017een\u00e9 v\u00edt\u011bzstv\u00ed v nastaven\u00e9m&hellip;<\/p>\n","protected":false},"author":7,"featured_media":1315,"comment_status":"open","ping_status":"closed","sticky":false,"template":"","format":"standard","meta":{"_eb_attr":"","_monsterinsights_skip_tracking":false,"_monsterinsights_sitenote_active":false,"_monsterinsights_sitenote_note":"","_monsterinsights_sitenote_category":0,"footnotes":""},"categories":[4],"tags":[],"yoast_head":"<!-- This site is optimized with the Yoast SEO plugin v23.4 - https:\/\/yoast.com\/wordpress\/plugins\/seo\/ -->\n<title>Aston Villa - Everton 2:2 - Official Czech &amp; Slovak Everton Supporters&#039; Club<\/title>\n<meta name=\"robots\" content=\"index, follow, max-snippet:-1, max-image-preview:large, max-video-preview:-1\" \/>\n<link rel=\"canonical\" href=\"https:\/\/evertonfc.cz\/index.php\/2010\/04\/14\/aston-villa-everton-22\/\" \/>\n<meta property=\"og:locale\" content=\"cs_CZ\" \/>\n<meta property=\"og:type\" content=\"article\" \/>\n<meta property=\"og:title\" content=\"Aston Villa - Everton 2:2 - Official Czech &amp; Slovak Everton Supporters&#039; Club\" \/>\n<meta property=\"og:description\" content=\"Sm\u016fla se pomalu ale jist\u011b st\u00e1v\u00e1 nadobro na\u0161\u00edm nerozlu\u010diteln\u00fdm spole\u010dn\u00edkem. Na Villa Parku Blues p\u0159i\u0161li o zaslou\u017een\u00e9 v\u00edt\u011bzstv\u00ed v nastaven\u00e9m&hellip;\" \/>\n<meta property=\"og:url\" content=\"https:\/\/evertonfc.cz\/index.php\/2010\/04\/14\/aston-villa-everton-22\/\" \/>\n<meta property=\"og:site_name\" content=\"Official Czech &amp; Slovak Everton Supporters&#039; Club\" \/>\n<meta property=\"article:publisher\" content=\"https:\/\/www.facebook.com\/everton.fans.cz.sk\" \/>\n<meta property=\"article:published_time\" content=\"2010-04-14T17:18:51+00:00\" \/>\n<meta property=\"article:modified_time\" content=\"2019-02-09T18:20:19+00:00\" \/>\n<meta property=\"og:image\" content=\"https:\/\/evertonfc.cz\/wp-content\/uploads\/2019\/01\/report.jpg\" \/>\n\t<meta property=\"og:image:width\" content=\"720\" \/>\n\t<meta property=\"og:image:height\" content=\"405\" \/>\n\t<meta property=\"og:image:type\" content=\"image\/jpeg\" \/>\n<meta name=\"author\" content=\"Me\u0148a\" \/>\n<meta name=\"twitter:card\" content=\"summary_large_image\" \/>\n<meta name=\"twitter:label1\" content=\"Napsal(a)\" \/>\n\t<meta name=\"twitter:data1\" content=\"Me\u0148a\" \/>\n\t<meta name=\"twitter:label2\" content=\"Odhadovan\u00e1 doba \u010dten\u00ed\" \/>\n\t<meta name=\"twitter:data2\" content=\"3 minuty\" \/>\n<script type=\"application\/ld+json\" class=\"yoast-schema-graph\">{\"@context\":\"https:\/\/schema.org\",\"@graph\":[{\"@type\":\"Article\",\"@id\":\"https:\/\/evertonfc.cz\/index.php\/2010\/04\/14\/aston-villa-everton-22\/#article\",\"isPartOf\":{\"@id\":\"https:\/\/evertonfc.cz\/index.php\/2010\/04\/14\/aston-villa-everton-22\/\"},\"author\":{\"name\":\"Me\u0148a\",\"@id\":\"https:\/\/evertonfc.cz\/#\/schema\/person\/cd6328a75577de2add7793fd4b0930c3\"},\"headline\":\"Aston Villa &#8211; Everton 2:2\",\"datePublished\":\"2010-04-14T17:18:51+00:00\",\"dateModified\":\"2019-02-09T18:20:19+00:00\",\"mainEntityOfPage\":{\"@id\":\"https:\/\/evertonfc.cz\/index.php\/2010\/04\/14\/aston-villa-everton-22\/\"},\"wordCount\":680,\"commentCount\":0,\"publisher\":{\"@id\":\"https:\/\/evertonfc.cz\/#organization\"},\"image\":{\"@id\":\"https:\/\/evertonfc.cz\/index.php\/2010\/04\/14\/aston-villa-everton-22\/#primaryimage\"},\"thumbnailUrl\":\"https:\/\/evertonfc.cz\/wp-content\/uploads\/2019\/01\/report.jpg\",\"articleSection\":[\"Z\u00e1pasy\"],\"inLanguage\":\"cs\",\"potentialAction\":[{\"@type\":\"CommentAction\",\"name\":\"Comment\",\"target\":[\"https:\/\/evertonfc.cz\/index.php\/2010\/04\/14\/aston-villa-everton-22\/#respond\"]}]},{\"@type\":\"WebPage\",\"@id\":\"https:\/\/evertonfc.cz\/index.php\/2010\/04\/14\/aston-villa-everton-22\/\",\"url\":\"https:\/\/evertonfc.cz\/index.php\/2010\/04\/14\/aston-villa-everton-22\/\",\"name\":\"Aston Villa - Everton 2:2 - Official Czech &amp; Slovak Everton Supporters&#039; Club\",\"isPartOf\":{\"@id\":\"https:\/\/evertonfc.cz\/#website\"},\"primaryImageOfPage\":{\"@id\":\"https:\/\/evertonfc.cz\/index.php\/2010\/04\/14\/aston-villa-everton-22\/#primaryimage\"},\"image\":{\"@id\":\"https:\/\/evertonfc.cz\/index.php\/2010\/04\/14\/aston-villa-everton-22\/#primaryimage\"},\"thumbnailUrl\":\"https:\/\/evertonfc.cz\/wp-content\/uploads\/2019\/01\/report.jpg\",\"datePublished\":\"2010-04-14T17:18:51+00:00\",\"dateModified\":\"2019-02-09T18:20:19+00:00\",\"breadcrumb\":{\"@id\":\"https:\/\/evertonfc.cz\/index.php\/2010\/04\/14\/aston-villa-everton-22\/#breadcrumb\"},\"inLanguage\":\"cs\",\"potentialAction\":[{\"@type\":\"ReadAction\",\"target\":[\"https:\/\/evertonfc.cz\/index.php\/2010\/04\/14\/aston-villa-everton-22\/\"]}]},{\"@type\":\"ImageObject\",\"inLanguage\":\"cs\",\"@id\":\"https:\/\/evertonfc.cz\/index.php\/2010\/04\/14\/aston-villa-everton-22\/#primaryimage\",\"url\":\"https:\/\/evertonfc.cz\/wp-content\/uploads\/2019\/01\/report.jpg\",\"contentUrl\":\"https:\/\/evertonfc.cz\/wp-content\/uploads\/2019\/01\/report.jpg\",\"width\":720,\"height\":405},{\"@type\":\"BreadcrumbList\",\"@id\":\"https:\/\/evertonfc.cz\/index.php\/2010\/04\/14\/aston-villa-everton-22\/#breadcrumb\",\"itemListElement\":[{\"@type\":\"ListItem\",\"position\":1,\"name\":\"Home\",\"item\":\"https:\/\/evertonfc.cz\/\"},{\"@type\":\"ListItem\",\"position\":2,\"name\":\"Aston Villa &#8211; Everton 2:2\"}]},{\"@type\":\"WebSite\",\"@id\":\"https:\/\/evertonfc.cz\/#website\",\"url\":\"https:\/\/evertonfc.cz\/\",\"name\":\"Official Czech &amp; Slovak Everton Supporters&#039; Club\",\"description\":\"\",\"publisher\":{\"@id\":\"https:\/\/evertonfc.cz\/#organization\"},\"potentialAction\":[{\"@type\":\"SearchAction\",\"target\":{\"@type\":\"EntryPoint\",\"urlTemplate\":\"https:\/\/evertonfc.cz\/?s={search_term_string}\"},\"query-input\":{\"@type\":\"PropertyValueSpecification\",\"valueRequired\":true,\"valueName\":\"search_term_string\"}}],\"inLanguage\":\"cs\"},{\"@type\":\"Organization\",\"@id\":\"https:\/\/evertonfc.cz\/#organization\",\"name\":\"Official Czech & Slovak Everton Supporters' Club\",\"url\":\"https:\/\/evertonfc.cz\/\",\"logo\":{\"@type\":\"ImageObject\",\"inLanguage\":\"cs\",\"@id\":\"https:\/\/evertonfc.cz\/#\/schema\/logo\/image\/\",\"url\":\"https:\/\/evertonfc.cz\/wp-content\/uploads\/2019\/05\/logo.png\",\"contentUrl\":\"https:\/\/evertonfc.cz\/wp-content\/uploads\/2019\/05\/logo.png\",\"width\":112,\"height\":112,\"caption\":\"Official Czech & Slovak Everton Supporters' Club\"},\"image\":{\"@id\":\"https:\/\/evertonfc.cz\/#\/schema\/logo\/image\/\"},\"sameAs\":[\"https:\/\/www.facebook.com\/everton.fans.cz.sk\"]},{\"@type\":\"Person\",\"@id\":\"https:\/\/evertonfc.cz\/#\/schema\/person\/cd6328a75577de2add7793fd4b0930c3\",\"name\":\"Me\u0148a\",\"url\":\"https:\/\/evertonfc.cz\/index.php\/author\/mena\/\"}]}<\/script>\n<!-- \/ Yoast SEO plugin. -->","yoast_head_json":{"title":"Aston Villa - Everton 2:2 - Official Czech &amp; Slovak Everton Supporters&#039; Club","robots":{"index":"index","follow":"follow","max-snippet":"max-snippet:-1","max-image-preview":"max-image-preview:large","max-video-preview":"max-video-preview:-1"},"canonical":"https:\/\/evertonfc.cz\/index.php\/2010\/04\/14\/aston-villa-everton-22\/","og_locale":"cs_CZ","og_type":"article","og_title":"Aston Villa - Everton 2:2 - Official Czech &amp; Slovak Everton Supporters&#039; Club","og_description":"Sm\u016fla se pomalu ale jist\u011b st\u00e1v\u00e1 nadobro na\u0161\u00edm nerozlu\u010diteln\u00fdm spole\u010dn\u00edkem. Na Villa Parku Blues p\u0159i\u0161li o zaslou\u017een\u00e9 v\u00edt\u011bzstv\u00ed v nastaven\u00e9m&hellip;","og_url":"https:\/\/evertonfc.cz\/index.php\/2010\/04\/14\/aston-villa-everton-22\/","og_site_name":"Official Czech &amp; Slovak Everton Supporters&#039; Club","article_publisher":"https:\/\/www.facebook.com\/everton.fans.cz.sk","article_published_time":"2010-04-14T17:18:51+00:00","article_modified_time":"2019-02-09T18:20:19+00:00","og_image":[{"width":720,"height":405,"url":"https:\/\/evertonfc.cz\/wp-content\/uploads\/2019\/01\/report.jpg","type":"image\/jpeg"}],"author":"Me\u0148a","twitter_card":"summary_large_image","twitter_misc":{"Napsal(a)":"Me\u0148a","Odhadovan\u00e1 doba \u010dten\u00ed":"3 minuty"},"schema":{"@context":"https:\/\/schema.org","@graph":[{"@type":"Article","@id":"https:\/\/evertonfc.cz\/index.php\/2010\/04\/14\/aston-villa-everton-22\/#article","isPartOf":{"@id":"https:\/\/evertonfc.cz\/index.php\/2010\/04\/14\/aston-villa-everton-22\/"},"author":{"name":"Me\u0148a","@id":"https:\/\/evertonfc.cz\/#\/schema\/person\/cd6328a75577de2add7793fd4b0930c3"},"headline":"Aston Villa &#8211; Everton 2:2","datePublished":"2010-04-14T17:18:51+00:00","dateModified":"2019-02-09T18:20:19+00:00","mainEntityOfPage":{"@id":"https:\/\/evertonfc.cz\/index.php\/2010\/04\/14\/aston-villa-everton-22\/"},"wordCount":680,"commentCount":0,"publisher":{"@id":"https:\/\/evertonfc.cz\/#organization"},"image":{"@id":"https:\/\/evertonfc.cz\/index.php\/2010\/04\/14\/aston-villa-everton-22\/#primaryimage"},"thumbnailUrl":"https:\/\/evertonfc.cz\/wp-content\/uploads\/2019\/01\/report.jpg","articleSection":["Z\u00e1pasy"],"inLanguage":"cs","potentialAction":[{"@type":"CommentAction","name":"Comment","target":["https:\/\/evertonfc.cz\/index.php\/2010\/04\/14\/aston-villa-everton-22\/#respond"]}]},{"@type":"WebPage","@id":"https:\/\/evertonfc.cz\/index.php\/2010\/04\/14\/aston-villa-everton-22\/","url":"https:\/\/evertonfc.cz\/index.php\/2010\/04\/14\/aston-villa-everton-22\/","name":"Aston Villa - Everton 2:2 - Official Czech &amp; Slovak Everton Supporters&#039; Club","isPartOf":{"@id":"https:\/\/evertonfc.cz\/#website"},"primaryImageOfPage":{"@id":"https:\/\/evertonfc.cz\/index.php\/2010\/04\/14\/aston-villa-everton-22\/#primaryimage"},"image":{"@id":"https:\/\/evertonfc.cz\/index.php\/2010\/04\/14\/aston-villa-everton-22\/#primaryimage"},"thumbnailUrl":"https:\/\/evertonfc.cz\/wp-content\/uploads\/2019\/01\/report.jpg","datePublished":"2010-04-14T17:18:51+00:00","dateModified":"2019-02-09T18:20:19+00:00","breadcrumb":{"@id":"https:\/\/evertonfc.cz\/index.php\/2010\/04\/14\/aston-villa-everton-22\/#breadcrumb"},"inLanguage":"cs","potentialAction":[{"@type":"ReadAction","target":["https:\/\/evertonfc.cz\/index.php\/2010\/04\/14\/aston-villa-everton-22\/"]}]},{"@type":"ImageObject","inLanguage":"cs","@id":"https:\/\/evertonfc.cz\/index.php\/2010\/04\/14\/aston-villa-everton-22\/#primaryimage","url":"https:\/\/evertonfc.cz\/wp-content\/uploads\/2019\/01\/report.jpg","contentUrl":"https:\/\/evertonfc.cz\/wp-content\/uploads\/2019\/01\/report.jpg","width":720,"height":405},{"@type":"BreadcrumbList","@id":"https:\/\/evertonfc.cz\/index.php\/2010\/04\/14\/aston-villa-everton-22\/#breadcrumb","itemListElement":[{"@type":"ListItem","position":1,"name":"Home","item":"https:\/\/evertonfc.cz\/"},{"@type":"ListItem","position":2,"name":"Aston Villa &#8211; Everton 2:2"}]},{"@type":"WebSite","@id":"https:\/\/evertonfc.cz\/#website","url":"https:\/\/evertonfc.cz\/","name":"Official Czech &amp; Slovak Everton Supporters&#039; Club","description":"","publisher":{"@id":"https:\/\/evertonfc.cz\/#organization"},"potentialAction":[{"@type":"SearchAction","target":{"@type":"EntryPoint","urlTemplate":"https:\/\/evertonfc.cz\/?s={search_term_string}"},"query-input":{"@type":"PropertyValueSpecification","valueRequired":true,"valueName":"search_term_string"}}],"inLanguage":"cs"},{"@type":"Organization","@id":"https:\/\/evertonfc.cz\/#organization","name":"Official Czech & Slovak Everton Supporters' Club","url":"https:\/\/evertonfc.cz\/","logo":{"@type":"ImageObject","inLanguage":"cs","@id":"https:\/\/evertonfc.cz\/#\/schema\/logo\/image\/","url":"https:\/\/evertonfc.cz\/wp-content\/uploads\/2019\/05\/logo.png","contentUrl":"https:\/\/evertonfc.cz\/wp-content\/uploads\/2019\/05\/logo.png","width":112,"height":112,"caption":"Official Czech & Slovak Everton Supporters' Club"},"image":{"@id":"https:\/\/evertonfc.cz\/#\/schema\/logo\/image\/"},"sameAs":["https:\/\/www.facebook.com\/everton.fans.cz.sk"]},{"@type":"Person","@id":"https:\/\/evertonfc.cz\/#\/schema\/person\/cd6328a75577de2add7793fd4b0930c3","name":"Me\u0148a","url":"https:\/\/evertonfc.cz\/index.php\/author\/mena\/"}]}},"_links":{"self":[{"href":"https:\/\/evertonfc.cz\/index.php\/wp-json\/wp\/v2\/posts\/2627"}],"collection":[{"href":"https:\/\/evertonfc.cz\/index.php\/wp-json\/wp\/v2\/posts"}],"about":[{"href":"https:\/\/evertonfc.cz\/index.php\/wp-json\/wp\/v2\/types\/post"}],"author":[{"embeddable":true,"href":"https:\/\/evertonfc.cz\/index.php\/wp-json\/wp\/v2\/users\/7"}],"replies":[{"embeddable":true,"href":"https:\/\/evertonfc.cz\/index.php\/wp-json\/wp\/v2\/comments?post=2627"}],"version-history":[{"count":1,"href":"https:\/\/evertonfc.cz\/index.php\/wp-json\/wp\/v2\/posts\/2627\/revisions"}],"predecessor-version":[{"id":2628,"href":"https:\/\/evertonfc.cz\/index.php\/wp-json\/wp\/v2\/posts\/2627\/revisions\/2628"}],"wp:featuredmedia":[{"embeddable":true,"href":"https:\/\/evertonfc.cz\/index.php\/wp-json\/wp\/v2\/media\/1315"}],"wp:attachment":[{"href":"https:\/\/evertonfc.cz\/index.php\/wp-json\/wp\/v2\/media?parent=2627"}],"wp:term":[{"taxonomy":"category","embeddable":true,"href":"https:\/\/evertonfc.cz\/index.php\/wp-json\/wp\/v2\/categories?post=2627"},{"taxonomy":"post_tag","embeddable":true,"href":"https:\/\/evertonfc.cz\/index.php\/wp-json\/wp\/v2\/tags?post=2627"}],"curies":[{"name":"wp","href":"https:\/\/api.w.org\/{rel}","templated":true}]}}