{"id":26277,"date":"2025-02-09T18:11:03","date_gmt":"2025-02-09T17:11:03","guid":{"rendered":"https:\/\/evertonfc.cz\/?p=26277"},"modified":"2025-02-12T21:56:59","modified_gmt":"2025-02-12T20:56:59","slug":"fa-cup-everton-bournemouth-02","status":"publish","type":"post","link":"https:\/\/evertonfc.cz\/index.php\/2025\/02\/09\/fa-cup-everton-bournemouth-02\/","title":{"rendered":"FA Cup: Everton &#8211; Bournemouth 0:2"},"content":{"rendered":"<h4>Posledn\u00ed tango v poh\u00e1ru na Goodison Parku skon\u010dilo neslavn\u011b. P\u0159edtancoval Tarkowski, a to je sp\u00ed\u0161 barov\u00fd typ, \u0159ekl bych. Ale co, je \u00fanor, tj. nejvy\u0161\u0161\u00ed \u010das sbalit kufry, soust\u0159edit se na ligu.<\/h4>\n<p>Ji\u017ean\u00e9 p\u0159ijeli sice s dosti oslaben\u00fdm k\u00e1drem, ale st\u00e1le ve slu\u0161n\u00e9 form\u011b. Moyes polil t\u00fdm \u017eivou vodou, tak\u017ee dok\u00e1zal porozum\u011bt jazyku Kohout\u016f, Rack\u016f i Li\u0161ek, ale na T\u0159e\u0161n\u011b to jaksi nezafungovalo. Kdo naslouch\u00e1 fanou\u0161kovsk\u00fdm tamtam\u016fm, tak v\u00ed, \u017ee se tentokr\u00e1t netruchl\u00ed. Tenhle exit \u017e\u00e1dnou trag\u00e9dii neznamen\u00e1. Na\u0161e ka\u017edoro\u010dn\u00ed fin\u00e1le je toti\u017e jinde a bl\u00ed\u017e\u00ed se.<\/p>\n<h4>Prvn\u00ed polo\u010das<\/h4>\n<p>P\u0159esto\u017ee host\u00e9 za\u010dali bez sv\u00fdch ofenzivn\u00edch opor, nebylo to a\u017e tak zn\u00e1t. Daniel Jebbison sice v Premier League sb\u00edr\u00e1 minutky a zat\u00edm by to neposkl\u00e1dal ani na 4 z\u00e1pasy, ale Evertonu u\u017e stihl d\u00e1t ligovou branku. Na podhrotu se objevil Ben Winterburn. Ten podle mne nem\u00e1 na Vitality Stadium ani vlastn\u00ed sk\u0159\u00ed\u0148ku, tak m\u00e1lo toho dosud odehr\u00e1l. P\u0159esto, nebo prost\u011b pr\u00e1v\u011b proto, The Cherries se ujali veden\u00ed, kter\u00e9 se b\u011b\u017en\u011b pova\u017euje zq pohodln\u00e9.<\/p>\n<p>Prvn\u00ed pozoruhodnou p\u0159\u00edle\u017eitost m\u011bl sice Ndiaye, kdy\u017e se srdnat\u011b probil p\u0159es dvojici obr\u00e1nc\u016f, ale z \u00fahlu Kepu nep\u0159ekonal. Ve 20. minut\u011b se v poli zapomn\u011bl Tarkowski, Semenya u\u017e nest\u00edhall zastavit, ani za pomoci sv\u00e9ho ob\u00e1van\u00e9ho skluzu, a voil\u00e1, byla z toho penalta. S\u00e1m sra\u017een\u00fd pak chvatn\u011b provedenou, prudkou a um\u00edst\u011bnou penaltou sice dal Pickfordovi nad\u011bji, ale jen prchavou \u2013 <strong>0:1<\/strong>.<\/p>\n<p>Aby toho nebylo dost, Tarkowskiho rozehr\u00e1vka od branky zac\u00edlila na Taverniera. Jeho ta\u017een\u00ed k brance skon\u010dilo nepopsateln\u00fdm zmatkem pln\u00fdm odraz\u016f a m\u00e9n\u011b \u010di v\u00edce zda\u0159il\u00fdch z\u00e1sah\u016f m\u00ed\u010de, na konci ale byl kanadsk\u00fd karamelorubec Jebbison \u2013 <strong>0:2<\/strong>.<\/p>\n<h4>Druh\u00fd polo\u010das<\/h4>\n<p>P\u0159est\u00e1vkov\u00e9 prom\u00edt\u00e1n\u00ed inspirativn\u00ed kol\u00e1\u017ee na t\u00e9ma, jak jedna parta dok\u00e1zala b\u011bhem 8 minut soupe\u0159e o 3 body p\u0159ipravit. Dvacet minut se toho moc ned\u011blo, Moyes proto vyslal na plac \u010derstvou posilu Alcaraze a jeho buddyho Harrisona. Soud\u00edm tak alespo\u0148 z toho, co bylo vid\u011bt p\u0159i prvn\u00edm tr\u00e9ninku Argentince, kde je bylo mo\u017eno nejednou spat\u0159it v dru\u017en\u00e9m rozhovoru.<\/p>\n<p>Nejprve sice zlobil nov\u011b p\u0159\u00edchoz\u00ed Kluivert na druh\u00e9 stran\u011b, ale ani jeden ze 2 pokus\u016f se na\u0161t\u011bst\u00ed neujal. Za\u010daly se d\u00edt v\u011bci na druh\u00e9 stran\u011b. Alcaraz se probil st\u0159edem t\u0159e\u0161\u0148ov\u00e9ho sadu, zastavit ho dok\u00e1zala a\u017e snad \u010dtvrt\u00e1 v\u011btev, to se\u00a0 nesm\u00ed. Z p\u0159\u00edm\u00e9ho kopu pak s\u00e1m nap\u00e1lil prudce Kepovu levou ty\u010d.<\/p>\n<p>Vz\u00e1p\u011bt\u00ed prodlou\u017eil Young\u016fv roh hlavou Ndiaye, z branky vykop\u00e1val Semenyo. Nepro\u0161la Alcarazova prvn\u00ed r\u00e1na, ani prvn\u00ed Harrison\u016fv centr, ale m\u00ed\u010d sebral znovu Alcaraz, chyt\u0159e jej posunul znovu na Harrisona. Jeho centr tentokr\u00e1t na\u0161el na zadn\u00ed ty\u010di O\u2019Briena, ale ten zbl\u00edzka jen zam\u00ed\u0159il do prav\u00e9 ty\u010de.<\/p>\n<p>Do t\u0159etice pak konstrukci trefil Harrison, kdy\u017e jeho centr jak bi\u010d prol\u00e9tl a\u017e na zadn\u00ed, aby se pak pokorn\u011b odrazil do rukou brank\u00e1\u0159e. Kdyby jedna z t\u011bchto st\u0159el skon\u010dila v s\u00edti, kdyby se jednou usm\u00e1la \u0161t\u011bst\u011bna, mohlo se to cel\u00e9 je\u0161t\u011b zamotat. Ale proto\u017ee \u0161et\u0159\u00edme \u0161t\u011bst\u00ed\u010dko na p\u0159\u00ed\u0161t\u00ed z\u00e1pas, sk\u00f3re u\u017e se nem\u011bnilo. Do n\u011bjak\u00fdch \u0161anc\u00ed se dostal i st\u0159\u00eddaj\u00edc\u00ed Iroegbunam, na druh\u00e9 stran\u011b hrozil Outtara a znovu Kluivert, ale sb\u00edraly se sp\u00ed\u0161e \u017elut\u00e9 karty.<\/p>\n<h4>Shrnut\u00ed<\/h4>\n<p>Sentiment pododobn\u00fd tomu panuj\u00edc\u00edmu mezi fans zazn\u011bl i od Davida Moyese. Velk\u00e1 pr\u00e1ce n\u00e1s \u010dek\u00e1 v lize. Derby p\u0159ed n\u00e1mi. Pochv\u00e1lil zejm\u00e9na st\u0159\u00eddaj\u00edc\u00ed Alcaraze a Harrisona, kter\u00fdm poda\u0159en\u00fd v\u00fdkon m\u016f\u017ee pomoci i psychicky. Do\u0161lo i na vynech\u00e1n\u00ed Mykolenka, kter\u00e9ho do z\u00e1pasu nepustilo namo\u017een\u00e9 l\u00fdtko.<\/p>\n<p style=\"text-align: right;\"><span style=\"font-size: 8pt;\">fotozdroj: theguardian.com<\/span><\/p>\n<p><strong>Branky<\/strong>: 23\u2018 Semenyo (pen), 43\u2018 Jebbison<\/p>\n<p><strong>\u017dlut\u00e9<\/strong> <strong>karty<\/strong>: 87\u2018 Ndiaye \u2013 63\u2018 Adams, 79\u2018 Kerkez, 90+1\u2018 Huijsen, 90+3\u2018 Brooks<\/p>\n<p><strong>St\u0159ely\/na branku:<\/strong> 11\/1 \u2013 18\/8 <strong>Dr\u017een\u00ed<\/strong> <strong>m\u00ed\u010de<\/strong>: 58% &#8211; 42% <strong>Rohy<\/strong>: 6 \u2013 6 <strong>xG<\/strong>: 0,94 \u2013 2,10<\/p>\n<p><strong>Everton<\/strong>: Pickford \u2013 O\u2019Brien, Tarkowski, Branthwaite, Young \u2013 Gueye (84\u2018 Keane), Garner (74\u2018 Iroegbunam) \u2013 Lindstr\u00f8m (65\u2018 Harrison), Doucour\u00e9 (65\u2018 Alcaraz), Ndiaye \u2013 Beto<\/p>\n<p><strong>AFC Bournemouth<\/strong>: Kepa \u2013 Cook, Zabarnyi, Huijsen, Kerkez \u2013 Adams, Christie (90+2\u2018 Silcott-Dubbery) \u2013 Tavernier (78\u2018 Brooks), Winterburn (64\u2018 Kluivert), Semenyo \u2013 Jebbison (78\u2018 Outtara)<\/p>\n<p><strong>Rozhod\u010d\u00ed<\/strong>: Brooks<\/p>\n","protected":false},"excerpt":{"rendered":"<p>Posledn\u00ed tango v\u00a0poh\u00e1ru na Goodison Parku skon\u010dilo neslavn\u011b. P\u0159edtancoval Tarkowski, a to je sp\u00ed\u0161 barov\u00fd typ, \u0159ekl bych. Ale co, je \u00fanor, tj. nejvy\u0161\u0161\u00ed \u010das sbalit kufry, soust\u0159edit se na ligu.<\/p>\n","protected":false},"author":10,"featured_media":26278,"comment_status":"open","ping_status":"closed","sticky":false,"template":"","format":"standard","meta":{"_eb_attr":"","_monsterinsights_skip_tracking":false,"_monsterinsights_sitenote_active":false,"_monsterinsights_sitenote_note":"","_monsterinsights_sitenote_category":0,"footnotes":""},"categories":[4],"tags":[],"yoast_head":"<!-- This site is optimized with the Yoast SEO plugin v23.4 - https:\/\/yoast.com\/wordpress\/plugins\/seo\/ -->\n<title>FA Cup: Everton - Bournemouth 0:2 - Official Czech &amp; Slovak Everton Supporters&#039; Club<\/title>\n<meta name=\"robots\" content=\"index, follow, max-snippet:-1, max-image-preview:large, max-video-preview:-1\" \/>\n<link rel=\"canonical\" href=\"https:\/\/evertonfc.cz\/index.php\/2025\/02\/09\/fa-cup-everton-bournemouth-02\/\" \/>\n<meta property=\"og:locale\" content=\"cs_CZ\" \/>\n<meta property=\"og:type\" content=\"article\" \/>\n<meta property=\"og:title\" content=\"FA Cup: Everton - Bournemouth 0:2 - Official Czech &amp; Slovak Everton Supporters&#039; Club\" \/>\n<meta property=\"og:description\" content=\"Posledn\u00ed tango v\u00a0poh\u00e1ru na Goodison Parku skon\u010dilo neslavn\u011b. P\u0159edtancoval Tarkowski, a to je sp\u00ed\u0161 barov\u00fd typ, \u0159ekl bych. Ale co, je \u00fanor, tj. nejvy\u0161\u0161\u00ed \u010das sbalit kufry, soust\u0159edit se na ligu.\" \/>\n<meta property=\"og:url\" content=\"https:\/\/evertonfc.cz\/index.php\/2025\/02\/09\/fa-cup-everton-bournemouth-02\/\" \/>\n<meta property=\"og:site_name\" content=\"Official Czech &amp; Slovak Everton Supporters&#039; Club\" \/>\n<meta property=\"article:publisher\" content=\"https:\/\/www.facebook.com\/everton.fans.cz.sk\" \/>\n<meta property=\"article:published_time\" content=\"2025-02-09T17:11:03+00:00\" \/>\n<meta property=\"article:modified_time\" content=\"2025-02-12T20:56:59+00:00\" \/>\n<meta property=\"og:image\" content=\"https:\/\/evertonfc.cz\/wp-content\/uploads\/2025\/02\/facup_cherries.jpg\" \/>\n\t<meta property=\"og:image:width\" content=\"720\" \/>\n\t<meta property=\"og:image:height\" content=\"405\" \/>\n\t<meta property=\"og:image:type\" content=\"image\/jpeg\" \/>\n<meta name=\"author\" content=\"Fip\" \/>\n<meta name=\"twitter:card\" content=\"summary_large_image\" \/>\n<meta name=\"twitter:label1\" content=\"Napsal(a)\" \/>\n\t<meta name=\"twitter:data1\" content=\"Fip\" \/>\n\t<meta name=\"twitter:label2\" content=\"Odhadovan\u00e1 doba \u010dten\u00ed\" \/>\n\t<meta name=\"twitter:data2\" content=\"4 minuty\" \/>\n<script type=\"application\/ld+json\" class=\"yoast-schema-graph\">{\"@context\":\"https:\/\/schema.org\",\"@graph\":[{\"@type\":\"Article\",\"@id\":\"https:\/\/evertonfc.cz\/index.php\/2025\/02\/09\/fa-cup-everton-bournemouth-02\/#article\",\"isPartOf\":{\"@id\":\"https:\/\/evertonfc.cz\/index.php\/2025\/02\/09\/fa-cup-everton-bournemouth-02\/\"},\"author\":{\"name\":\"Fip\",\"@id\":\"https:\/\/evertonfc.cz\/#\/schema\/person\/35904009755e8eaa0dc1a5f5f0419002\"},\"headline\":\"FA Cup: Everton &#8211; Bournemouth 0:2\",\"datePublished\":\"2025-02-09T17:11:03+00:00\",\"dateModified\":\"2025-02-12T20:56:59+00:00\",\"mainEntityOfPage\":{\"@id\":\"https:\/\/evertonfc.cz\/index.php\/2025\/02\/09\/fa-cup-everton-bournemouth-02\/\"},\"wordCount\":763,\"commentCount\":20,\"publisher\":{\"@id\":\"https:\/\/evertonfc.cz\/#organization\"},\"image\":{\"@id\":\"https:\/\/evertonfc.cz\/index.php\/2025\/02\/09\/fa-cup-everton-bournemouth-02\/#primaryimage\"},\"thumbnailUrl\":\"https:\/\/evertonfc.cz\/wp-content\/uploads\/2025\/02\/facup_cherries.jpg\",\"articleSection\":[\"Z\u00e1pasy\"],\"inLanguage\":\"cs\",\"potentialAction\":[{\"@type\":\"CommentAction\",\"name\":\"Comment\",\"target\":[\"https:\/\/evertonfc.cz\/index.php\/2025\/02\/09\/fa-cup-everton-bournemouth-02\/#respond\"]}]},{\"@type\":\"WebPage\",\"@id\":\"https:\/\/evertonfc.cz\/index.php\/2025\/02\/09\/fa-cup-everton-bournemouth-02\/\",\"url\":\"https:\/\/evertonfc.cz\/index.php\/2025\/02\/09\/fa-cup-everton-bournemouth-02\/\",\"name\":\"FA Cup: Everton - Bournemouth 0:2 - Official Czech &amp; Slovak Everton Supporters&#039; Club\",\"isPartOf\":{\"@id\":\"https:\/\/evertonfc.cz\/#website\"},\"primaryImageOfPage\":{\"@id\":\"https:\/\/evertonfc.cz\/index.php\/2025\/02\/09\/fa-cup-everton-bournemouth-02\/#primaryimage\"},\"image\":{\"@id\":\"https:\/\/evertonfc.cz\/index.php\/2025\/02\/09\/fa-cup-everton-bournemouth-02\/#primaryimage\"},\"thumbnailUrl\":\"https:\/\/evertonfc.cz\/wp-content\/uploads\/2025\/02\/facup_cherries.jpg\",\"datePublished\":\"2025-02-09T17:11:03+00:00\",\"dateModified\":\"2025-02-12T20:56:59+00:00\",\"breadcrumb\":{\"@id\":\"https:\/\/evertonfc.cz\/index.php\/2025\/02\/09\/fa-cup-everton-bournemouth-02\/#breadcrumb\"},\"inLanguage\":\"cs\",\"potentialAction\":[{\"@type\":\"ReadAction\",\"target\":[\"https:\/\/evertonfc.cz\/index.php\/2025\/02\/09\/fa-cup-everton-bournemouth-02\/\"]}]},{\"@type\":\"ImageObject\",\"inLanguage\":\"cs\",\"@id\":\"https:\/\/evertonfc.cz\/index.php\/2025\/02\/09\/fa-cup-everton-bournemouth-02\/#primaryimage\",\"url\":\"https:\/\/evertonfc.cz\/wp-content\/uploads\/2025\/02\/facup_cherries.jpg\",\"contentUrl\":\"https:\/\/evertonfc.cz\/wp-content\/uploads\/2025\/02\/facup_cherries.jpg\",\"width\":720,\"height\":405},{\"@type\":\"BreadcrumbList\",\"@id\":\"https:\/\/evertonfc.cz\/index.php\/2025\/02\/09\/fa-cup-everton-bournemouth-02\/#breadcrumb\",\"itemListElement\":[{\"@type\":\"ListItem\",\"position\":1,\"name\":\"Home\",\"item\":\"https:\/\/evertonfc.cz\/\"},{\"@type\":\"ListItem\",\"position\":2,\"name\":\"FA Cup: Everton &#8211; Bournemouth 0:2\"}]},{\"@type\":\"WebSite\",\"@id\":\"https:\/\/evertonfc.cz\/#website\",\"url\":\"https:\/\/evertonfc.cz\/\",\"name\":\"Official Czech &amp; Slovak Everton Supporters&#039; Club\",\"description\":\"\",\"publisher\":{\"@id\":\"https:\/\/evertonfc.cz\/#organization\"},\"potentialAction\":[{\"@type\":\"SearchAction\",\"target\":{\"@type\":\"EntryPoint\",\"urlTemplate\":\"https:\/\/evertonfc.cz\/?s={search_term_string}\"},\"query-input\":{\"@type\":\"PropertyValueSpecification\",\"valueRequired\":true,\"valueName\":\"search_term_string\"}}],\"inLanguage\":\"cs\"},{\"@type\":\"Organization\",\"@id\":\"https:\/\/evertonfc.cz\/#organization\",\"name\":\"Official Czech & Slovak Everton Supporters' Club\",\"url\":\"https:\/\/evertonfc.cz\/\",\"logo\":{\"@type\":\"ImageObject\",\"inLanguage\":\"cs\",\"@id\":\"https:\/\/evertonfc.cz\/#\/schema\/logo\/image\/\",\"url\":\"https:\/\/evertonfc.cz\/wp-content\/uploads\/2019\/05\/logo.png\",\"contentUrl\":\"https:\/\/evertonfc.cz\/wp-content\/uploads\/2019\/05\/logo.png\",\"width\":112,\"height\":112,\"caption\":\"Official Czech & Slovak Everton Supporters' Club\"},\"image\":{\"@id\":\"https:\/\/evertonfc.cz\/#\/schema\/logo\/image\/\"},\"sameAs\":[\"https:\/\/www.facebook.com\/everton.fans.cz.sk\"]},{\"@type\":\"Person\",\"@id\":\"https:\/\/evertonfc.cz\/#\/schema\/person\/35904009755e8eaa0dc1a5f5f0419002\",\"name\":\"Fip\",\"url\":\"https:\/\/evertonfc.cz\/index.php\/author\/fip\/\"}]}<\/script>\n<!-- \/ Yoast SEO plugin. -->","yoast_head_json":{"title":"FA Cup: Everton - Bournemouth 0:2 - Official Czech &amp; Slovak Everton Supporters&#039; Club","robots":{"index":"index","follow":"follow","max-snippet":"max-snippet:-1","max-image-preview":"max-image-preview:large","max-video-preview":"max-video-preview:-1"},"canonical":"https:\/\/evertonfc.cz\/index.php\/2025\/02\/09\/fa-cup-everton-bournemouth-02\/","og_locale":"cs_CZ","og_type":"article","og_title":"FA Cup: Everton - Bournemouth 0:2 - Official Czech &amp; Slovak Everton Supporters&#039; Club","og_description":"Posledn\u00ed tango v\u00a0poh\u00e1ru na Goodison Parku skon\u010dilo neslavn\u011b. P\u0159edtancoval Tarkowski, a to je sp\u00ed\u0161 barov\u00fd typ, \u0159ekl bych. Ale co, je \u00fanor, tj. nejvy\u0161\u0161\u00ed \u010das sbalit kufry, soust\u0159edit se na ligu.","og_url":"https:\/\/evertonfc.cz\/index.php\/2025\/02\/09\/fa-cup-everton-bournemouth-02\/","og_site_name":"Official Czech &amp; Slovak Everton Supporters&#039; Club","article_publisher":"https:\/\/www.facebook.com\/everton.fans.cz.sk","article_published_time":"2025-02-09T17:11:03+00:00","article_modified_time":"2025-02-12T20:56:59+00:00","og_image":[{"width":720,"height":405,"url":"https:\/\/evertonfc.cz\/wp-content\/uploads\/2025\/02\/facup_cherries.jpg","type":"image\/jpeg"}],"author":"Fip","twitter_card":"summary_large_image","twitter_misc":{"Napsal(a)":"Fip","Odhadovan\u00e1 doba \u010dten\u00ed":"4 minuty"},"schema":{"@context":"https:\/\/schema.org","@graph":[{"@type":"Article","@id":"https:\/\/evertonfc.cz\/index.php\/2025\/02\/09\/fa-cup-everton-bournemouth-02\/#article","isPartOf":{"@id":"https:\/\/evertonfc.cz\/index.php\/2025\/02\/09\/fa-cup-everton-bournemouth-02\/"},"author":{"name":"Fip","@id":"https:\/\/evertonfc.cz\/#\/schema\/person\/35904009755e8eaa0dc1a5f5f0419002"},"headline":"FA Cup: Everton &#8211; Bournemouth 0:2","datePublished":"2025-02-09T17:11:03+00:00","dateModified":"2025-02-12T20:56:59+00:00","mainEntityOfPage":{"@id":"https:\/\/evertonfc.cz\/index.php\/2025\/02\/09\/fa-cup-everton-bournemouth-02\/"},"wordCount":763,"commentCount":20,"publisher":{"@id":"https:\/\/evertonfc.cz\/#organization"},"image":{"@id":"https:\/\/evertonfc.cz\/index.php\/2025\/02\/09\/fa-cup-everton-bournemouth-02\/#primaryimage"},"thumbnailUrl":"https:\/\/evertonfc.cz\/wp-content\/uploads\/2025\/02\/facup_cherries.jpg","articleSection":["Z\u00e1pasy"],"inLanguage":"cs","potentialAction":[{"@type":"CommentAction","name":"Comment","target":["https:\/\/evertonfc.cz\/index.php\/2025\/02\/09\/fa-cup-everton-bournemouth-02\/#respond"]}]},{"@type":"WebPage","@id":"https:\/\/evertonfc.cz\/index.php\/2025\/02\/09\/fa-cup-everton-bournemouth-02\/","url":"https:\/\/evertonfc.cz\/index.php\/2025\/02\/09\/fa-cup-everton-bournemouth-02\/","name":"FA Cup: Everton - Bournemouth 0:2 - Official Czech &amp; Slovak Everton Supporters&#039; Club","isPartOf":{"@id":"https:\/\/evertonfc.cz\/#website"},"primaryImageOfPage":{"@id":"https:\/\/evertonfc.cz\/index.php\/2025\/02\/09\/fa-cup-everton-bournemouth-02\/#primaryimage"},"image":{"@id":"https:\/\/evertonfc.cz\/index.php\/2025\/02\/09\/fa-cup-everton-bournemouth-02\/#primaryimage"},"thumbnailUrl":"https:\/\/evertonfc.cz\/wp-content\/uploads\/2025\/02\/facup_cherries.jpg","datePublished":"2025-02-09T17:11:03+00:00","dateModified":"2025-02-12T20:56:59+00:00","breadcrumb":{"@id":"https:\/\/evertonfc.cz\/index.php\/2025\/02\/09\/fa-cup-everton-bournemouth-02\/#breadcrumb"},"inLanguage":"cs","potentialAction":[{"@type":"ReadAction","target":["https:\/\/evertonfc.cz\/index.php\/2025\/02\/09\/fa-cup-everton-bournemouth-02\/"]}]},{"@type":"ImageObject","inLanguage":"cs","@id":"https:\/\/evertonfc.cz\/index.php\/2025\/02\/09\/fa-cup-everton-bournemouth-02\/#primaryimage","url":"https:\/\/evertonfc.cz\/wp-content\/uploads\/2025\/02\/facup_cherries.jpg","contentUrl":"https:\/\/evertonfc.cz\/wp-content\/uploads\/2025\/02\/facup_cherries.jpg","width":720,"height":405},{"@type":"BreadcrumbList","@id":"https:\/\/evertonfc.cz\/index.php\/2025\/02\/09\/fa-cup-everton-bournemouth-02\/#breadcrumb","itemListElement":[{"@type":"ListItem","position":1,"name":"Home","item":"https:\/\/evertonfc.cz\/"},{"@type":"ListItem","position":2,"name":"FA Cup: Everton &#8211; Bournemouth 0:2"}]},{"@type":"WebSite","@id":"https:\/\/evertonfc.cz\/#website","url":"https:\/\/evertonfc.cz\/","name":"Official Czech &amp; Slovak Everton Supporters&#039; Club","description":"","publisher":{"@id":"https:\/\/evertonfc.cz\/#organization"},"potentialAction":[{"@type":"SearchAction","target":{"@type":"EntryPoint","urlTemplate":"https:\/\/evertonfc.cz\/?s={search_term_string}"},"query-input":{"@type":"PropertyValueSpecification","valueRequired":true,"valueName":"search_term_string"}}],"inLanguage":"cs"},{"@type":"Organization","@id":"https:\/\/evertonfc.cz\/#organization","name":"Official Czech & Slovak Everton Supporters' Club","url":"https:\/\/evertonfc.cz\/","logo":{"@type":"ImageObject","inLanguage":"cs","@id":"https:\/\/evertonfc.cz\/#\/schema\/logo\/image\/","url":"https:\/\/evertonfc.cz\/wp-content\/uploads\/2019\/05\/logo.png","contentUrl":"https:\/\/evertonfc.cz\/wp-content\/uploads\/2019\/05\/logo.png","width":112,"height":112,"caption":"Official Czech & Slovak Everton Supporters' Club"},"image":{"@id":"https:\/\/evertonfc.cz\/#\/schema\/logo\/image\/"},"sameAs":["https:\/\/www.facebook.com\/everton.fans.cz.sk"]},{"@type":"Person","@id":"https:\/\/evertonfc.cz\/#\/schema\/person\/35904009755e8eaa0dc1a5f5f0419002","name":"Fip","url":"https:\/\/evertonfc.cz\/index.php\/author\/fip\/"}]}},"_links":{"self":[{"href":"https:\/\/evertonfc.cz\/index.php\/wp-json\/wp\/v2\/posts\/26277"}],"collection":[{"href":"https:\/\/evertonfc.cz\/index.php\/wp-json\/wp\/v2\/posts"}],"about":[{"href":"https:\/\/evertonfc.cz\/index.php\/wp-json\/wp\/v2\/types\/post"}],"author":[{"embeddable":true,"href":"https:\/\/evertonfc.cz\/index.php\/wp-json\/wp\/v2\/users\/10"}],"replies":[{"embeddable":true,"href":"https:\/\/evertonfc.cz\/index.php\/wp-json\/wp\/v2\/comments?post=26277"}],"version-history":[{"count":9,"href":"https:\/\/evertonfc.cz\/index.php\/wp-json\/wp\/v2\/posts\/26277\/revisions"}],"predecessor-version":[{"id":26312,"href":"https:\/\/evertonfc.cz\/index.php\/wp-json\/wp\/v2\/posts\/26277\/revisions\/26312"}],"wp:featuredmedia":[{"embeddable":true,"href":"https:\/\/evertonfc.cz\/index.php\/wp-json\/wp\/v2\/media\/26278"}],"wp:attachment":[{"href":"https:\/\/evertonfc.cz\/index.php\/wp-json\/wp\/v2\/media?parent=26277"}],"wp:term":[{"taxonomy":"category","embeddable":true,"href":"https:\/\/evertonfc.cz\/index.php\/wp-json\/wp\/v2\/categories?post=26277"},{"taxonomy":"post_tag","embeddable":true,"href":"https:\/\/evertonfc.cz\/index.php\/wp-json\/wp\/v2\/tags?post=26277"}],"curies":[{"name":"wp","href":"https:\/\/api.w.org\/{rel}","templated":true}]}}