{"id":26291,"date":"2025-02-12T13:32:34","date_gmt":"2025-02-12T12:32:34","guid":{"rendered":"https:\/\/evertonfc.cz\/?p=26291"},"modified":"2025-02-12T18:47:08","modified_gmt":"2025-02-12T17:47:08","slug":"preview-everton-liverpool-13","status":"publish","type":"post","link":"https:\/\/evertonfc.cz\/index.php\/2025\/02\/12\/preview-everton-liverpool-13\/","title":{"rendered":"Preview: Everton \u2013 Liverpool"},"content":{"rendered":"<h4>E\u0161te raz a\u00a0naposledy priv\u00edta Star\u00e1 D\u00e1ma \u010derven\u00e9ho suseda spoza Stanley Parku. Toho s\u00a0\u010derven\u00fdm pl\u00e1\u0161\u0165om, ktor\u00e9ho netreba menova\u0165. Z\u00e1vid\u00edme t\u00fdm p\u00e1r desiatkam tis\u00edc \u0161\u0165astlivcom, ktor\u00ed bud\u00fa tomu svedkom na\u017eivo.<\/h4>\n<p><em>One time Goodison, next time Bramley-Moore &#8211; pozvanie na krat\u0161\u00ed rozhovor prijal Ondra, redaktor<\/em> <strong><a href=\"https:\/\/www.lfc1892.net\/\" target=\"_blank\" rel=\"noopener\">lfc1892.net<\/a>.<\/strong><\/p>\n<h4><span style=\"font-size: 12pt;\"><strong>245. mestsk\u00e9 derby bude posledn\u00e9 v staru\u010dkom Goodison Parku. Ak\u00e9 maj\u00fa tuzemsk\u00ed, a mo\u017eno ak vie\u0161, v\u0161eobecne fan\u00fa\u0161ikovia \u201etemnej strany\u201c spomienky na tento \u0161tadi\u00f3n, a \u010do si myslia o s\u0165ahovan\u00ed rivala na nov\u00fd v Bramley-Moore Dock?<\/strong><\/span><\/h4>\n<p>J\u00e1 m\u00e1m osobn\u00ed vzpom\u00ednku jednu. Po jednom derby kdysi d\u00e1vno, kter\u00e9 jsem nav\u0161t\u00edvil jsem se pro\u0161el parkem a alespo\u0148 ke stadionu jsem se za\u0161el pod\u00edvat. Jinak up\u0159\u00edmn\u011b nev\u00edm jak se k n\u011bmu fanou\u0161ci stav\u00ed. Pro n\u00e1s v Liverpoolu existuje jen jeden stadion. Pro n\u00e1s mlad\u0161\u00ed fanou\u0161ky to v\u0161ak je m\u00edsto, kde se hraj\u00ed vz\u00e1jemn\u00e9 z\u00e1pasy s maxim\u00e1ln\u00ed intenzitou a ve skv\u011bl\u00e9 atmosf\u00e9\u0159e. A tak\u00e9 se z n\u011bj pom\u011brn\u011b \u010dasto voz\u00ed body.<\/p>\n<p>Modern\u00ed stadion je asi pro ka\u017ed\u00fd klub plus, hlavn\u011b po finan\u010dn\u00ed str\u00e1nce. Jak jsem vid\u011bl n\u011bjak\u00e1 videa a fotky nov\u00e9ho stadionu vypad\u00e1 kr\u00e1sn\u011b, strm\u00e9 tribuny by m\u011bly udr\u017eet skv\u011blou atmosf\u00e9ru. Ale jsem trochu fotbalov\u00fd romantik a jsem r\u00e1d, \u017ee my jsme rad\u011bji \u0161li cestou p\u0159estavby ne\u017e novou v\u00fdstavbou. Nicm\u00e9n\u011b pro m\u011bsto to bude ur\u010dit\u011b p\u0159\u00ednos, kdy\u017e se daj\u00ed dohromady nevyu\u017eit\u00e9 pozemky a m\u011bsto a hlavn\u011b doky budou vypadat trochu l\u00e9pe.<\/p>\n<h4><span style=\"font-size: 12pt;\"><strong>Pre v\u00e1s sa za\u010dala u\u017e t\u00fato sez\u00f3nu tie\u017e nov\u00e1 \u00e9ra. Unaven\u00e9ho Kloppa nahradil Arne Slot. A t\u00e1 tranz\u00edcia sa zd\u00e1 by\u0165 tak\u00e1 plynul\u00e1, \u017ee v lige ve\u013ea s\u00faperov bohu\u017eia\u013e nem\u00e1te. \u0160es\u0165bodov\u00fd n\u00e1skok v polovici sez\u00f3ny. \u010cakali ste tak\u00e9to&#8230; a\u017e vylep\u0161enie? V \u010dom to je, \u010do rob\u00ed lep\u0161ie Slot ne\u017e Klopp?<\/strong><\/span><\/h4>\n<p>S\u00e1m za sebe a za fanou\u0161ky co zn\u00e1m mus\u00edm \u0159\u00edct, \u017ee jsme tohle rozhodn\u011b ne\u010dekali. Klopp za sebou ale zanechal v\u00fdborn\u00fd t\u00fdm s p\u0159ebudovanou z\u00e1lohou a \u00fatokem a tak i kdy\u017e t\u00e9m\u011b\u0159 bez posil, m\u011bl Slot po n\u00e1stupu v\u00fdbornou v\u00fdchoz\u00ed pozici. M\u016fj sez\u00f3nn\u00ed c\u00edl byl top 4 a n\u011bjak\u00e9 zvyknut\u00ed si na nov\u00e9ho mana\u017eera, to v\u0161ak p\u0159ich\u00e1z\u00ed l\u00e9pe ne\u017e jsme \u010dekali. Mo\u017en\u00e1 za to m\u016f\u017ee i p\u0159\u00edzniv\u00fd los, kter\u00fd jsme na za\u010d\u00e1tku sezony m\u011bli a te\u010f ji\u017e jsou hr\u00e1\u010di v laufu a jde to.<\/p>\n<p>Asi to vylep\u0161en\u00ed je, Klopp byl, nebo je skv\u011bl\u00fd motivator, skv\u011bl\u00e9 um\u00ed s hr\u00e1\u010di, ale t\u00e9m\u011b\u0159 celou dobu u n\u00e1s jsme hr\u00e1li jeden styl. V posledn\u00ed sez\u00f3n\u011b dvou jej trochu obm\u011bnil a bylo to dobr\u00e9. Slot um\u00ed tak\u00e9 skv\u011ble pracovat s hr\u00e1\u010di a i kdy\u017e n\u011bkte\u0159\u00ed moc nehraj\u00ed, nejdou z kabiny \u017e\u00e1dn\u00e9 zpr\u00e1vy o nespokojenosti nebo podobn\u011b. Slot je dle m\u011b lep\u0161\u00ed taktik ne\u017e byl Klopp. Ve v\u011bt\u0161in\u011b z\u00e1pas\u016f dok\u00e1zal na soupe\u0159e vymyslet strategii tak, aby vyu\u017eila jeho slabin. V\u011bt\u0161inou se tak\u00e9 zd\u00e1, \u017ee prvn\u00ed polo\u010das se sna\u017e\u00edme dr\u017eet m\u00ed\u010d a Slot vym\u00fd\u0161l\u00ed pl\u00e1n jak vyzr\u00e1t na soupe\u0159e ve druh\u00e9 p\u016fli. A krom\u011b z\u00e1pasu s Realem a City, do kter\u00fdch jsme vl\u00e9tli od \u00favodn\u00edho hvizdu to vych\u00e1z\u00ed.<\/p>\n<h4><span style=\"font-size: 12pt;\"><strong>Ak si dobre pam\u00e4t\u00e1m, dva mesiace dozadu ste mali rozsiahlu mar\u00f3dku, a\u00a0my e\u0161te star\u00e9ho tr\u00e9nera. Vy ste teraz \u0161etrili sily v\u00a0poh\u00e1ri (\u010do sa zrejme vypomstilo), a\u00a0my po 9 mesiacoch kone\u010dne \u0165ah\u00e1me s\u00e9riu ligov\u00fdch v\u00fdhier. Ke\u010f si porovn\u00e1\u0161 situ\u00e1cie oboch klubov pred p\u00f4vodn\u00fdm term\u00ednom a\u00a0teraz, zmenilo sa pod\u013ea teba nie\u010do na predikci\u00e1ch v\u00fdsledku? Hral by si rad\u0161ej v\u00a0decembri alebo teraz?<\/strong><\/span><\/h4>\n<p>Up\u0159\u00edmn\u011b asi bych rad\u0161i hr\u00e1l v tom p\u016fvodn\u00edm term\u00ednu. My tehdy tu\u0161\u00edm byli bez prav\u00fdch obr\u00e1nc\u016f a nebyli asi ani Konat\u00e9 Alisson a Jota. Ale situace je jin\u00e1 p\u0159edev\u0161\u00edm u v\u00e1s. Zm\u011bnila se k lep\u0161\u00edmu. Doma st\u0159\u00edl\u00edte hodn\u011b branek a pod DM hra m\u00e1 \u0159\u00e1d. Nesm\u00edme ani zapomenout na \u010das z\u00e1pasu. Zat\u00edmco p\u016fvodn\u00ed v\u00fdkop byl po ob\u011bd\u011b a ta atmosf\u00e9ra by asi nebyla n\u011bjak slavn\u00e1. Co\u017e by nahr\u00e1valo n\u00e1m. Te\u010f se bude hr\u00e1t pod sv\u011btly a to pro v\u00e1s m\u016f\u017ee b\u00fdt a asi i bude hnac\u00ed motor. Abych je\u0161t\u011b doplnil. Vy v tom z\u00e1pase m\u016f\u017eete jen z\u00edskat, my ztratit a to se tak\u00e9 hraje l\u00e9pe.<\/p>\n<h4><span style=\"font-size: 12pt;\"><strong>\u00d3 \u00e1no, dlh\u0161ie otvoren\u00e9 puby a kr\u010dmy, to v\u017edy pom\u00e1ha, haha! A aj tie svetl\u00e1 robia svoje, takzvan\u00e9 magic nights. Tak teda na z\u00e1ver, \u010do o\u010dak\u00e1va\u0161 od posledn\u00e9ho, teda 120. Merseyside derby v Goodison Parku? Priebeh z\u00e1pasu, strelci, karty, sk\u00f3re a pre\u010do. Vedel si napr\u00edklad, \u017ee naposledy kopalo EFC penaltu v derby doma v apr\u00edli 2003? A v\u00e1\u0161 posledn\u00fd vyl\u00fa\u010den\u00fd hr\u00e1\u010d v Goodison Parku bol Igor Bi\u0161\u0107an e\u0161te o dva roky sk\u00f4r? Povedal by som, \u017ee spr\u00e1vny \u010das aktualizova\u0165 \u0161tatistiky!<\/strong><\/span><\/h4>\n<p>No mysl\u00edm, \u017ee tyto statistiky u\u017e tak m\u016f\u017eou z\u016fstat. I kdy\u017e jak se d\u00edv\u00e1m, kdo to p\u00edsk\u00e1, tak to m\u016f\u017ee b\u00fdt celkem vyhrocen\u00e9 derby. Mysl\u00edm ale, \u017ee vice karet posbirate vy. A potom u\u017e bude z\u00e1le\u017eet na na\u0161em p\u0159\u00edstupu. V\u011b\u0159\u00edm, \u017ee ned\u011bln\u00ed poh\u00e1rov\u00fd z\u00e1pas je pro n\u00e1s velk\u00fdm zdvi\u017een\u00fdm prstem. Slot je dle m\u011b jeden z nejlep\u0161\u00edch taktik\u016f v lize a v\u011bt\u0161inou na pr\u016fb\u011bh z\u00e1pasu dob\u0159e reaguje. Vyhrajeme 2:1 n\u011bjak\u00fdm g\u00f3lem v z\u00e1v\u011bru. Vy v p\u016fli povedete. Ale my g\u00f3ly Gakpa a Salaha oto\u010d\u00edme.<\/p>\n<p style=\"text-align: center;\"><span style=\"font-size: 10pt;\"><em>Za redakciu EvertonFC.cz, \u010fakujeme.<\/em><\/span><\/p>\n<hr \/>\n<h4><strong>T\u00edmov\u00e9 novinky<\/strong><\/h4>\n<p>V\u0161etci d\u00fafaj\u00fa, \u017ee o\u00a0p\u00e1r hod\u00edn nebude Salaha str\u00e1\u017ei\u0165 o\u00a0osem rokov star\u0161\u00ed Young, ale u\u017e uzdraven\u00fd Mykolenko. Poh\u00e1r cez v\u00edkend vynechal kv\u00f4li probl\u00e9mov\u00e9mu l\u00fdtku, ale u\u017e tr\u00e9noval a\u00a0je pripraven\u00fd. A\u00a0to je asi tak v\u0161etko k\u00a0n\u00e1vratom. Pattersonov hamstring \u017eiada dlh\u0161iu pauzu, mimo ost\u00e1va tie\u017e Coleman, Calvert-Lewin, Broja aj Chermiti. Na adresu McNeila po oper\u00e1cii dostali novin\u00e1ri odpove\u010f \u0161es\u0165 t\u00fd\u017ed\u0148ov.<\/p>\n<p>Z\u00a0t\u00e1bora rivala hl\u00e1sia viac pozit\u00edvnych spr\u00e1v. Vr\u00e1ti\u0165 by sa mohol Alexander-Arnold. Do bojov ale asi nezasiahne obranca Gomez a\u00a0z\u00e1lo\u017en\u00edk Jones. \u010co v\u00a0podstate m\u00f4\u017ee znamena\u0165, \u017ee neuvid\u00edme na tr\u00e1vniku ani jedn\u00e9ho Scousera.<\/p>\n<h4><strong>Ak\u00e1 je perspekt\u00edva?<\/strong><\/h4>\n<p>V \u010dom je toto derby v\u00fdnimo\u010dn\u00e9 okrem toho, \u017ee je posledn\u00e9 v Goodison Parku? Zo 119 stretnut\u00ed tu toti\u017e aj modr\u00ed aj \u010derven\u00ed hr\u00e1\u010di vyhrali zhodne po 41 duelov. 37 kr\u00e1t sa zrodila rem\u00edza. Tak\u017ee ktoko\u013evek dnes vyhr\u00e1, ak niekto vyhr\u00e1, m\u00f4\u017ee si n\u00e1rokova\u0165 chvastanie sa na veky vekov. Dos\u0165 siln\u00e1 motiv\u00e1cia. Najm\u00e4 pre dom\u00e1cich fan\u00fa\u0161ikov.<\/p>\n<p>Naposledy sme im po z\u00e1vere\u010dnom hvizde spievali &#8222;You lost the league at Goodison Park&#8220;. Dnes s\u00fa v\u00a0ove\u013ea bezpe\u010dnej\u0161ej poz\u00edcii na vrchu tabu\u013eky. Ale ni\u010d nie je nemo\u017en\u00e9. Por\u00e1\u017eka v\u00a0derby spolu s\u00a0vyraden\u00edm z\u00a0FA Cupu od Plymouthu Argyle by mohla otvori\u0165 dvierka pre pochybnosti v\u00a0kab\u00edne, a\u00a0aj posmeli\u0165 s\u00faperov v\u00a0boji o\u00a0titul.<\/p>\n<p>S\u00edce n\u00e1m u\u017e nepom\u00f4\u017ee pekeln\u00e9 po\u010dasie b\u00farky Darragh, ale nov\u00e9 EFC pod Moyesom za\u010d\u00edna svoje z\u00e1pasy podobne urputne. Ako keby v\u017edy rozhoduj\u00faci prv\u00fd g\u00f3l pod Dycheom bol pre Moyesa doma povinnos\u0165ou. Najm\u00e4 v\u00a0prvom pol\u010dase. Aj \u0161tatistiky hovoria, \u017ee t\u00edm si vytv\u00e1ra lep\u0161ie \u0161ance, a\u00a0viac ich aj premie\u0148a.<\/p>\n<p>Na oko to mo\u017eno nevyzer\u00e1 a\u017e tak odli\u0161ne, ale intenzita hry hr\u00e1\u010dov v\u00a0modrom sa zv\u00fd\u0161ila. Pressing je lep\u0161\u00ed a\u00a0koordinovanej\u0161\u00ed, \u010do vedie k\u00a0tomu, \u017ee z\u00edskavame viac l\u00f4pt v\u00a0obrannej tretine s\u00faperov. Na\u0161a obrann\u00e1 l\u00ednia je vysunutej\u0161ia a\u00a0neboj\u00edme sa aj viac kombinova\u0165. T\u00fdm hlavne eliminujeme na\u0161e straty zbyto\u010dn\u00fdmi n\u00e1kopmi, z\u00a0ktor\u00fdch sa \u0165a\u017eko z\u00edskava sp\u00e4\u0165 lopta. Ale ako povedal pred z\u00e1pasom Duncan Ferguson: <em>\u201eEverton nevyhr\u00e1 derby tak, \u017ee odprihr\u00e1vkuje Liverpool zo \u0161tadi\u00f3na, v\u0161ak?\u201c<\/em><\/p>\n<h4 style=\"text-align: center;\"><span style=\"text-decoration: underline;\"><strong>\u0160tatistick\u00e9 okienko:<\/strong><\/span><\/h4>\n<ul>\n<li>Everton sa bude sna\u017e\u00ed\u0165 vyhra\u0165 po sebe id\u00face ligov\u00e9 derby prv\u00fdkr\u00e1t od roku 1985.<\/li>\n<li>V\u00ed\u0165azstvo nad The Reds vlani v apr\u00edli bolo na\u0161im prv\u00fdm v\u00ed\u0165azstvom v\u00a0ligovom derby doma z 13 pokusov od okt\u00f3bra 2010 (D3, L9).<\/li>\n<li>Posledn\u00e9 tri stretnutia sa skon\u010dili so sk\u00f3re 2:0, dvakr\u00e1t vyhrali \u010derven\u00ed a raz modr\u00ed.<\/li>\n<li>Everton sa prv\u00fdkr\u00e1t od decembra 2023 usiluje o \u0161tvrt\u00e9 v\u00ed\u0165azstvo v lige za sebou.<\/li>\n<li>Liverpool neprehral v 19 z\u00e1pasoch Premier League, 14 vyhral a p\u00e4\u0165 remizoval.<\/li>\n<li>Toffees strelili len 23 g\u00f3lov v rovnakom po\u010dte z\u00e1pasov Premier League v tejto sez\u00f3ne \u2013 iba dvaja spodn\u00ed Ipswich a Southampton ich maj\u00fa menej.<\/li>\n<li>T\u00edm Arneho Slota sk\u00f3roval v ka\u017edom z posledn\u00fdch 19 ligov\u00fdch z\u00e1pasov.<\/li>\n<li>Viac ako celkovo dev\u00e4\u0165 \u010dist\u00fdch kont Evertonu v najvy\u0161\u0161ej s\u00fa\u0165a\u017ei v tejto sez\u00f3ne udr\u017eal iba Liverpool a Nottingham Forest. Navy\u0161e,\u00a0viedol v oboch posledn\u00fdch dvoch dom\u00e1cich z\u00e1pasoch (Spurs, Leicester) Premier League po pol\u010dase 3:0. Oba duely vyhral.<\/li>\n<li>V tejto sez\u00f3ne e\u0161te LFC neprehralo z\u00e1pas vonku a\u00a0z\u00edskali 30 bodov z 36 mo\u017en\u00fdch.<\/li>\n<li>David Moyes vyhral len 3 zo svojich 22 ligov\u00fdch Merseyside derby vo svojom prvom p\u00f4soben\u00ed v Evertone v rokoch 2002 a\u017e 2013 (D7, L12).<\/li>\n<li>Liverpool strelil v tejto sez\u00f3ne PL najmenej o p\u00e4\u0165 g\u00f3lov viac v druhom pol\u010dase ako ktor\u00fdko\u013evek in\u00fd t\u00edm v Premier League, a to napriek tomu, \u017ee odohral o z\u00e1pas menej ako v\u0161etky kluby okrem jedn\u00e9ho.<\/li>\n<li>Mohamed Salah sa v tejto sez\u00f3ne priamo podie\u013eal na 21 g\u00f3loch v 12 z\u00e1pasoch Liverpoolu vonku v\u00a0lige. Strelil 13 g\u00f3lov a pridal osem asistenci\u00ed.<\/li>\n<li>Iliman Ndiaye by sa mohol sta\u0165 prv\u00fdm hr\u00e1\u010dom Evertonu, ktor\u00fd sk\u00f3roval v \u0161tyroch po sebe id\u00facich ligov\u00fdch z\u00e1pasoch od Richarlisona v marci 2021.<\/li>\n<\/ul>\n<h3 style=\"text-align: center;\"><span style=\"color: #3366ff;\"><em><strong>Up The Toffees !!!<\/strong><\/em><\/span><\/h3>\n<p><strong>\u010co:<\/strong> Everton FC \u2013 Liverpool FC, dohr\u00e1vka 15. kola Premier League<br \/>\n<strong>Kedy:<\/strong> 12.2. 2025 od 20:30 SE\u010c<br \/>\n<strong>Ako: <\/strong>priamy prenos na Canal+Sport 1 (komentuje Jarom\u00edr Bos\u00e1k)<br \/>\n<strong>Kde:<\/strong> Goodison Park \u2013 Goodison Rd, Liverpool L4 4EL (kapacita: 39 414)<br \/>\n<strong>Rozhodca:<\/strong> Michael Oliver\u00a0 <strong>Asistenti:<\/strong> J. Mainwaring, S. Burt \u00a0<strong>\u0160tvrt\u00fd rozhodca:<\/strong> T. Harrington<br \/>\n<strong>VAR:<\/strong> Chris Kavanagh\u00a0 <strong>Asistent VAR:<\/strong> Eddie Smart<\/p>\n","protected":false},"excerpt":{"rendered":"<p>E\u0161te raz a\u00a0naposledy priv\u00edta Star\u00e1 D\u00e1ma \u010derven\u00e9ho suseda spoza Stanley Parku. Toho s\u00a0\u010derven\u00fdm pl\u00e1\u0161\u0165om, ktor\u00e9ho netreba menova\u0165. Z\u00e1vid\u00edme t\u00fdm p\u00e1r desiatkam tis\u00edc \u0161\u0165astlivcom, ktor\u00ed bud\u00fa tomu svedkom na\u017eivo.<\/p>\n","protected":false},"author":1,"featured_media":19715,"comment_status":"open","ping_status":"closed","sticky":false,"template":"","format":"standard","meta":{"_eb_attr":"","_monsterinsights_skip_tracking":false,"_monsterinsights_sitenote_active":false,"_monsterinsights_sitenote_note":"","_monsterinsights_sitenote_category":0,"footnotes":""},"categories":[4],"tags":[],"yoast_head":"<!-- This site is optimized with the Yoast SEO plugin v23.4 - https:\/\/yoast.com\/wordpress\/plugins\/seo\/ -->\n<title>Preview: Everton \u2013 Liverpool - Official Czech &amp; Slovak Everton Supporters&#039; Club<\/title>\n<meta name=\"robots\" content=\"index, follow, max-snippet:-1, max-image-preview:large, max-video-preview:-1\" \/>\n<link rel=\"canonical\" href=\"https:\/\/evertonfc.cz\/index.php\/2025\/02\/12\/preview-everton-liverpool-13\/\" \/>\n<meta property=\"og:locale\" content=\"cs_CZ\" \/>\n<meta property=\"og:type\" content=\"article\" \/>\n<meta property=\"og:title\" content=\"Preview: Everton \u2013 Liverpool - Official Czech &amp; Slovak Everton Supporters&#039; Club\" \/>\n<meta property=\"og:description\" content=\"E\u0161te raz a\u00a0naposledy priv\u00edta Star\u00e1 D\u00e1ma \u010derven\u00e9ho suseda spoza Stanley Parku. Toho s\u00a0\u010derven\u00fdm pl\u00e1\u0161\u0165om, ktor\u00e9ho netreba menova\u0165. Z\u00e1vid\u00edme t\u00fdm p\u00e1r desiatkam tis\u00edc \u0161\u0165astlivcom, ktor\u00ed bud\u00fa tomu svedkom na\u017eivo.\" \/>\n<meta property=\"og:url\" content=\"https:\/\/evertonfc.cz\/index.php\/2025\/02\/12\/preview-everton-liverpool-13\/\" \/>\n<meta property=\"og:site_name\" content=\"Official Czech &amp; Slovak Everton Supporters&#039; Club\" \/>\n<meta property=\"article:publisher\" content=\"https:\/\/www.facebook.com\/everton.fans.cz.sk\" \/>\n<meta property=\"article:published_time\" content=\"2025-02-12T12:32:34+00:00\" \/>\n<meta property=\"article:modified_time\" content=\"2025-02-12T17:47:08+00:00\" \/>\n<meta property=\"og:image\" content=\"https:\/\/evertonfc.cz\/wp-content\/uploads\/2022\/09\/Everton-VS-Liverpool.png\" \/>\n\t<meta property=\"og:image:width\" content=\"720\" \/>\n\t<meta property=\"og:image:height\" content=\"405\" \/>\n\t<meta property=\"og:image:type\" content=\"image\/png\" \/>\n<meta name=\"author\" content=\"BlueBlooded\" \/>\n<meta name=\"twitter:card\" content=\"summary_large_image\" \/>\n<meta name=\"twitter:label1\" content=\"Napsal(a)\" \/>\n\t<meta name=\"twitter:data1\" content=\"BlueBlooded\" \/>\n\t<meta name=\"twitter:label2\" content=\"Odhadovan\u00e1 doba \u010dten\u00ed\" \/>\n\t<meta name=\"twitter:data2\" content=\"9 minut\" \/>\n<script type=\"application\/ld+json\" class=\"yoast-schema-graph\">{\"@context\":\"https:\/\/schema.org\",\"@graph\":[{\"@type\":\"Article\",\"@id\":\"https:\/\/evertonfc.cz\/index.php\/2025\/02\/12\/preview-everton-liverpool-13\/#article\",\"isPartOf\":{\"@id\":\"https:\/\/evertonfc.cz\/index.php\/2025\/02\/12\/preview-everton-liverpool-13\/\"},\"author\":{\"name\":\"BlueBlooded\",\"@id\":\"https:\/\/evertonfc.cz\/#\/schema\/person\/d4493b8cbea51532597fbc4685698916\"},\"headline\":\"Preview: Everton \u2013 Liverpool\",\"datePublished\":\"2025-02-12T12:32:34+00:00\",\"dateModified\":\"2025-02-12T17:47:08+00:00\",\"mainEntityOfPage\":{\"@id\":\"https:\/\/evertonfc.cz\/index.php\/2025\/02\/12\/preview-everton-liverpool-13\/\"},\"wordCount\":1867,\"commentCount\":13,\"publisher\":{\"@id\":\"https:\/\/evertonfc.cz\/#organization\"},\"image\":{\"@id\":\"https:\/\/evertonfc.cz\/index.php\/2025\/02\/12\/preview-everton-liverpool-13\/#primaryimage\"},\"thumbnailUrl\":\"https:\/\/evertonfc.cz\/wp-content\/uploads\/2022\/09\/Everton-VS-Liverpool.png\",\"articleSection\":[\"Z\u00e1pasy\"],\"inLanguage\":\"cs\",\"potentialAction\":[{\"@type\":\"CommentAction\",\"name\":\"Comment\",\"target\":[\"https:\/\/evertonfc.cz\/index.php\/2025\/02\/12\/preview-everton-liverpool-13\/#respond\"]}]},{\"@type\":\"WebPage\",\"@id\":\"https:\/\/evertonfc.cz\/index.php\/2025\/02\/12\/preview-everton-liverpool-13\/\",\"url\":\"https:\/\/evertonfc.cz\/index.php\/2025\/02\/12\/preview-everton-liverpool-13\/\",\"name\":\"Preview: Everton \u2013 Liverpool - Official Czech &amp; Slovak Everton Supporters&#039; Club\",\"isPartOf\":{\"@id\":\"https:\/\/evertonfc.cz\/#website\"},\"primaryImageOfPage\":{\"@id\":\"https:\/\/evertonfc.cz\/index.php\/2025\/02\/12\/preview-everton-liverpool-13\/#primaryimage\"},\"image\":{\"@id\":\"https:\/\/evertonfc.cz\/index.php\/2025\/02\/12\/preview-everton-liverpool-13\/#primaryimage\"},\"thumbnailUrl\":\"https:\/\/evertonfc.cz\/wp-content\/uploads\/2022\/09\/Everton-VS-Liverpool.png\",\"datePublished\":\"2025-02-12T12:32:34+00:00\",\"dateModified\":\"2025-02-12T17:47:08+00:00\",\"breadcrumb\":{\"@id\":\"https:\/\/evertonfc.cz\/index.php\/2025\/02\/12\/preview-everton-liverpool-13\/#breadcrumb\"},\"inLanguage\":\"cs\",\"potentialAction\":[{\"@type\":\"ReadAction\",\"target\":[\"https:\/\/evertonfc.cz\/index.php\/2025\/02\/12\/preview-everton-liverpool-13\/\"]}]},{\"@type\":\"ImageObject\",\"inLanguage\":\"cs\",\"@id\":\"https:\/\/evertonfc.cz\/index.php\/2025\/02\/12\/preview-everton-liverpool-13\/#primaryimage\",\"url\":\"https:\/\/evertonfc.cz\/wp-content\/uploads\/2022\/09\/Everton-VS-Liverpool.png\",\"contentUrl\":\"https:\/\/evertonfc.cz\/wp-content\/uploads\/2022\/09\/Everton-VS-Liverpool.png\",\"width\":720,\"height\":405},{\"@type\":\"BreadcrumbList\",\"@id\":\"https:\/\/evertonfc.cz\/index.php\/2025\/02\/12\/preview-everton-liverpool-13\/#breadcrumb\",\"itemListElement\":[{\"@type\":\"ListItem\",\"position\":1,\"name\":\"Home\",\"item\":\"https:\/\/evertonfc.cz\/\"},{\"@type\":\"ListItem\",\"position\":2,\"name\":\"Preview: Everton \u2013 Liverpool\"}]},{\"@type\":\"WebSite\",\"@id\":\"https:\/\/evertonfc.cz\/#website\",\"url\":\"https:\/\/evertonfc.cz\/\",\"name\":\"Official Czech &amp; Slovak Everton Supporters&#039; Club\",\"description\":\"\",\"publisher\":{\"@id\":\"https:\/\/evertonfc.cz\/#organization\"},\"potentialAction\":[{\"@type\":\"SearchAction\",\"target\":{\"@type\":\"EntryPoint\",\"urlTemplate\":\"https:\/\/evertonfc.cz\/?s={search_term_string}\"},\"query-input\":{\"@type\":\"PropertyValueSpecification\",\"valueRequired\":true,\"valueName\":\"search_term_string\"}}],\"inLanguage\":\"cs\"},{\"@type\":\"Organization\",\"@id\":\"https:\/\/evertonfc.cz\/#organization\",\"name\":\"Official Czech & Slovak Everton Supporters' Club\",\"url\":\"https:\/\/evertonfc.cz\/\",\"logo\":{\"@type\":\"ImageObject\",\"inLanguage\":\"cs\",\"@id\":\"https:\/\/evertonfc.cz\/#\/schema\/logo\/image\/\",\"url\":\"https:\/\/evertonfc.cz\/wp-content\/uploads\/2019\/05\/logo.png\",\"contentUrl\":\"https:\/\/evertonfc.cz\/wp-content\/uploads\/2019\/05\/logo.png\",\"width\":112,\"height\":112,\"caption\":\"Official Czech & Slovak Everton Supporters' Club\"},\"image\":{\"@id\":\"https:\/\/evertonfc.cz\/#\/schema\/logo\/image\/\"},\"sameAs\":[\"https:\/\/www.facebook.com\/everton.fans.cz.sk\"]},{\"@type\":\"Person\",\"@id\":\"https:\/\/evertonfc.cz\/#\/schema\/person\/d4493b8cbea51532597fbc4685698916\",\"name\":\"BlueBlooded\",\"url\":\"https:\/\/evertonfc.cz\/index.php\/author\/admin\/\"}]}<\/script>\n<!-- \/ Yoast SEO plugin. -->","yoast_head_json":{"title":"Preview: Everton \u2013 Liverpool - Official Czech &amp; Slovak Everton Supporters&#039; Club","robots":{"index":"index","follow":"follow","max-snippet":"max-snippet:-1","max-image-preview":"max-image-preview:large","max-video-preview":"max-video-preview:-1"},"canonical":"https:\/\/evertonfc.cz\/index.php\/2025\/02\/12\/preview-everton-liverpool-13\/","og_locale":"cs_CZ","og_type":"article","og_title":"Preview: Everton \u2013 Liverpool - Official Czech &amp; Slovak Everton Supporters&#039; Club","og_description":"E\u0161te raz a\u00a0naposledy priv\u00edta Star\u00e1 D\u00e1ma \u010derven\u00e9ho suseda spoza Stanley Parku. Toho s\u00a0\u010derven\u00fdm pl\u00e1\u0161\u0165om, ktor\u00e9ho netreba menova\u0165. Z\u00e1vid\u00edme t\u00fdm p\u00e1r desiatkam tis\u00edc \u0161\u0165astlivcom, ktor\u00ed bud\u00fa tomu svedkom na\u017eivo.","og_url":"https:\/\/evertonfc.cz\/index.php\/2025\/02\/12\/preview-everton-liverpool-13\/","og_site_name":"Official Czech &amp; Slovak Everton Supporters&#039; Club","article_publisher":"https:\/\/www.facebook.com\/everton.fans.cz.sk","article_published_time":"2025-02-12T12:32:34+00:00","article_modified_time":"2025-02-12T17:47:08+00:00","og_image":[{"width":720,"height":405,"url":"https:\/\/evertonfc.cz\/wp-content\/uploads\/2022\/09\/Everton-VS-Liverpool.png","type":"image\/png"}],"author":"BlueBlooded","twitter_card":"summary_large_image","twitter_misc":{"Napsal(a)":"BlueBlooded","Odhadovan\u00e1 doba \u010dten\u00ed":"9 minut"},"schema":{"@context":"https:\/\/schema.org","@graph":[{"@type":"Article","@id":"https:\/\/evertonfc.cz\/index.php\/2025\/02\/12\/preview-everton-liverpool-13\/#article","isPartOf":{"@id":"https:\/\/evertonfc.cz\/index.php\/2025\/02\/12\/preview-everton-liverpool-13\/"},"author":{"name":"BlueBlooded","@id":"https:\/\/evertonfc.cz\/#\/schema\/person\/d4493b8cbea51532597fbc4685698916"},"headline":"Preview: Everton \u2013 Liverpool","datePublished":"2025-02-12T12:32:34+00:00","dateModified":"2025-02-12T17:47:08+00:00","mainEntityOfPage":{"@id":"https:\/\/evertonfc.cz\/index.php\/2025\/02\/12\/preview-everton-liverpool-13\/"},"wordCount":1867,"commentCount":13,"publisher":{"@id":"https:\/\/evertonfc.cz\/#organization"},"image":{"@id":"https:\/\/evertonfc.cz\/index.php\/2025\/02\/12\/preview-everton-liverpool-13\/#primaryimage"},"thumbnailUrl":"https:\/\/evertonfc.cz\/wp-content\/uploads\/2022\/09\/Everton-VS-Liverpool.png","articleSection":["Z\u00e1pasy"],"inLanguage":"cs","potentialAction":[{"@type":"CommentAction","name":"Comment","target":["https:\/\/evertonfc.cz\/index.php\/2025\/02\/12\/preview-everton-liverpool-13\/#respond"]}]},{"@type":"WebPage","@id":"https:\/\/evertonfc.cz\/index.php\/2025\/02\/12\/preview-everton-liverpool-13\/","url":"https:\/\/evertonfc.cz\/index.php\/2025\/02\/12\/preview-everton-liverpool-13\/","name":"Preview: Everton \u2013 Liverpool - Official Czech &amp; Slovak Everton Supporters&#039; Club","isPartOf":{"@id":"https:\/\/evertonfc.cz\/#website"},"primaryImageOfPage":{"@id":"https:\/\/evertonfc.cz\/index.php\/2025\/02\/12\/preview-everton-liverpool-13\/#primaryimage"},"image":{"@id":"https:\/\/evertonfc.cz\/index.php\/2025\/02\/12\/preview-everton-liverpool-13\/#primaryimage"},"thumbnailUrl":"https:\/\/evertonfc.cz\/wp-content\/uploads\/2022\/09\/Everton-VS-Liverpool.png","datePublished":"2025-02-12T12:32:34+00:00","dateModified":"2025-02-12T17:47:08+00:00","breadcrumb":{"@id":"https:\/\/evertonfc.cz\/index.php\/2025\/02\/12\/preview-everton-liverpool-13\/#breadcrumb"},"inLanguage":"cs","potentialAction":[{"@type":"ReadAction","target":["https:\/\/evertonfc.cz\/index.php\/2025\/02\/12\/preview-everton-liverpool-13\/"]}]},{"@type":"ImageObject","inLanguage":"cs","@id":"https:\/\/evertonfc.cz\/index.php\/2025\/02\/12\/preview-everton-liverpool-13\/#primaryimage","url":"https:\/\/evertonfc.cz\/wp-content\/uploads\/2022\/09\/Everton-VS-Liverpool.png","contentUrl":"https:\/\/evertonfc.cz\/wp-content\/uploads\/2022\/09\/Everton-VS-Liverpool.png","width":720,"height":405},{"@type":"BreadcrumbList","@id":"https:\/\/evertonfc.cz\/index.php\/2025\/02\/12\/preview-everton-liverpool-13\/#breadcrumb","itemListElement":[{"@type":"ListItem","position":1,"name":"Home","item":"https:\/\/evertonfc.cz\/"},{"@type":"ListItem","position":2,"name":"Preview: Everton \u2013 Liverpool"}]},{"@type":"WebSite","@id":"https:\/\/evertonfc.cz\/#website","url":"https:\/\/evertonfc.cz\/","name":"Official Czech &amp; Slovak Everton Supporters&#039; Club","description":"","publisher":{"@id":"https:\/\/evertonfc.cz\/#organization"},"potentialAction":[{"@type":"SearchAction","target":{"@type":"EntryPoint","urlTemplate":"https:\/\/evertonfc.cz\/?s={search_term_string}"},"query-input":{"@type":"PropertyValueSpecification","valueRequired":true,"valueName":"search_term_string"}}],"inLanguage":"cs"},{"@type":"Organization","@id":"https:\/\/evertonfc.cz\/#organization","name":"Official Czech & Slovak Everton Supporters' Club","url":"https:\/\/evertonfc.cz\/","logo":{"@type":"ImageObject","inLanguage":"cs","@id":"https:\/\/evertonfc.cz\/#\/schema\/logo\/image\/","url":"https:\/\/evertonfc.cz\/wp-content\/uploads\/2019\/05\/logo.png","contentUrl":"https:\/\/evertonfc.cz\/wp-content\/uploads\/2019\/05\/logo.png","width":112,"height":112,"caption":"Official Czech & Slovak Everton Supporters' Club"},"image":{"@id":"https:\/\/evertonfc.cz\/#\/schema\/logo\/image\/"},"sameAs":["https:\/\/www.facebook.com\/everton.fans.cz.sk"]},{"@type":"Person","@id":"https:\/\/evertonfc.cz\/#\/schema\/person\/d4493b8cbea51532597fbc4685698916","name":"BlueBlooded","url":"https:\/\/evertonfc.cz\/index.php\/author\/admin\/"}]}},"_links":{"self":[{"href":"https:\/\/evertonfc.cz\/index.php\/wp-json\/wp\/v2\/posts\/26291"}],"collection":[{"href":"https:\/\/evertonfc.cz\/index.php\/wp-json\/wp\/v2\/posts"}],"about":[{"href":"https:\/\/evertonfc.cz\/index.php\/wp-json\/wp\/v2\/types\/post"}],"author":[{"embeddable":true,"href":"https:\/\/evertonfc.cz\/index.php\/wp-json\/wp\/v2\/users\/1"}],"replies":[{"embeddable":true,"href":"https:\/\/evertonfc.cz\/index.php\/wp-json\/wp\/v2\/comments?post=26291"}],"version-history":[{"count":9,"href":"https:\/\/evertonfc.cz\/index.php\/wp-json\/wp\/v2\/posts\/26291\/revisions"}],"predecessor-version":[{"id":26304,"href":"https:\/\/evertonfc.cz\/index.php\/wp-json\/wp\/v2\/posts\/26291\/revisions\/26304"}],"wp:featuredmedia":[{"embeddable":true,"href":"https:\/\/evertonfc.cz\/index.php\/wp-json\/wp\/v2\/media\/19715"}],"wp:attachment":[{"href":"https:\/\/evertonfc.cz\/index.php\/wp-json\/wp\/v2\/media?parent=26291"}],"wp:term":[{"taxonomy":"category","embeddable":true,"href":"https:\/\/evertonfc.cz\/index.php\/wp-json\/wp\/v2\/categories?post=26291"},{"taxonomy":"post_tag","embeddable":true,"href":"https:\/\/evertonfc.cz\/index.php\/wp-json\/wp\/v2\/tags?post=26291"}],"curies":[{"name":"wp","href":"https:\/\/api.w.org\/{rel}","templated":true}]}}