{"id":2631,"date":"2010-04-12T19:26:06","date_gmt":"2010-04-12T17:26:06","guid":{"rendered":"http:\/\/evertonfc.cz\/?p=2631"},"modified":"2019-02-09T19:27:41","modified_gmt":"2019-02-09T18:27:41","slug":"ze-nepotrebujeme-posily","status":"publish","type":"post","link":"https:\/\/evertonfc.cz\/index.php\/2010\/04\/12\/ze-nepotrebujeme-posily\/","title":{"rendered":"\u017de nepot\u0159ebujeme posily?"},"content":{"rendered":"<h4>P\u0159ipravte se na dal\u0161\u00ed strastipln\u00e9 l\u00e9to ve stylu t\u011bch dvou p\u0159edchoz\u00edch. Uji\u0161\u0165ov\u00e1n\u00ed o nepot\u0159eb\u011b posil a vysok\u00e9 kvalit\u011b k\u00e1dru u\u017e toti\u017e za\u010dala a nev\u011b\u0161t\u00ed nic dobr\u00e9ho.<\/h4>\n<p>Ne, opravdu nepat\u0159\u00edm mezi ty, kte\u0159\u00ed poka\u017ed\u00e9 a na v\u0161em hledaj\u00ed chyby. Ale prohl\u00e1\u0161en\u00ed, kter\u00fdch se mohli Evertonians minul\u00fd t\u00fdden do\u010d\u00edst, se snad ani nedaj\u00ed p\u0159ej\u00edt jen tak, bez bez \u017e\u00e1dn\u00e9 zn\u00e1mky nevole.<\/p>\n<p>V\u0161ichni v\u00edme, \u017ee Phil Neville je fantastick\u00fd profesion\u00e1l, jemu\u017e p\u00e1n b\u016fh do v\u00ednku bohu\u017eel nenad\u011blil ty nej\u00fa\u017easn\u011bj\u0161\u00ed fotbalov\u00e9 vlastnosti. To, k \u010demu je na h\u0159i\u0161ti mnohdy k nezaplacen\u00ed a to, d\u00edky \u010demu se na n\u011bj Everton m\u016f\u017ee kdykoliv spolehnout, tedy pr\u00e1v\u011b jeho profesionalismus a v\u016fd\u010d\u00ed schopnosti, ale nelze p\u0159ehl\u00e9dnout. M\u00e1m ho r\u00e1d. Od ostatn\u00edch fanou\u0161k\u016f a posledn\u00ed dobou nez\u0159\u00eddkakdy i ode m\u011b, na jeho adresu putuje mno\u017estv\u00ed kritiky, ale z ur\u010dit\u00fdch d\u016fvod\u016f jej prost\u011b a jednodu\u0161e m\u00e1m r\u00e1d. Po celou dobu odv\u00e1d\u00ed pro klub maximum a na svoje spoluhr\u00e1\u010de m\u00e1 jednozna\u010dn\u011b pozitivn\u00ed efekt. Ale to si opravdu mysl\u00ed, \u017ee jsme tak pitom\u00ed?<\/p>\n<p>Za n\u011bkolik posledn\u00edch sezon jsme sv\u011bdky progresu, kter\u00fdm Everton proch\u00e1z\u00ed. Pokrok, kter\u00fd z podpr\u016fm\u011brn\u00e9ho mu\u017estva a \u0161patn\u011b funguj\u00edc\u00edho klubu, d\u011bl\u00e1 ambici\u00f3zn\u00ed, nadan\u00fd a tvrd\u011b pracuj\u00edc\u00ed t\u00fdm, kter\u00fd tah\u00e1 za jeden provaz. Jenom\u017ee ten progres neprob\u00edh\u00e1 tak rychle, jak bychom si p\u0159\u00e1li. Kv\u016fli nedostatku financ\u00ed.<\/p>\n<p>Tak\u017ee kdy\u017e Phil Neville \u0159\u00edk\u00e1, \u017ee Everton m\u00e1 dostate\u010dn\u011b dobr\u00fd t\u00fdm a \u017ee nov\u00e9 posily nejsou zapot\u0159eb\u00ed, tak tomu snad ani s\u00e1m v\u011b\u0159it nem\u016f\u017ee. Je pravdou, \u017ee pokud k\u00e1dr nesu\u017euj\u00ed p\u0159\u00edvaly zran\u011bn\u00fdch, jak tomu posledn\u00ed dobou bohu\u017eel b\u00fdv\u00e1, Everton se chlub\u00ed skv\u011bl\u00fdm mu\u017estvem. Ale skute\u010dn\u011b to sta\u010d\u00ed k tomu, aby se klub ze sou\u010dasn\u00e9 pozice, ze kter\u00e9 chce posko\u010dit na tu pomyslnou dal\u0161\u00ed \u00farove\u0148 jm\u00e9nem Champions League opravdu vy\u0161vihl, pop\u0159\u00edpad\u011b z\u00edskal tolik vysn\u011bnou tofej? Bude to zn\u00edt pesimisticky, ale ani k tomu, \u017ee Everton bude m\u00edt alespo\u0148 pro jednu sezonu pln\u011b zdrav\u00e9 mu\u017estvo, snad ani nikdy nem\u016f\u017ee doj\u00edt. Skute\u010dn\u011b tedy nepot\u0159ebujeme nov\u00e9 posily?<\/p>\n<p>Klub ale nem\u00e1 pen\u00edze. V\u00edm to j\u00e1, v\u00ed to ostatn\u00ed, v\u00ed to chairman, v\u00ed to mana\u017eer. Je docela mo\u017en\u00e9, \u017ee Everton d\u011bl\u00ed od skute\u010dn\u011b perfektn\u011b vyrovnan\u00e9ho mu\u017estva dva, nebo t\u0159i prvot\u0159\u00eddn\u00ed hr\u00e1\u010di, ale t\u00fdm rozhodn\u011b nem\u016f\u017ee naplnit svoje ambice pokud se k\u00e1dr neroz\u0161\u00ed\u0159\u00ed o dal\u0161\u00ed kvalitn\u00ed hr\u00e1\u010de, kte\u0159\u00ed dok\u00e1\u017eou PLNOHODNOTN\u011a t\u00e1hnout t\u00fdm v p\u0159\u00edpad\u011b zran\u011bn\u00ed a u\u017e v\u016fbec nemluv\u011b o tom dal\u0161\u00edm zm\u00edn\u011bn\u00e9m progresu. Tak\u017ee Phile, a\u010dkoliv to s n\u00e1mi mysl\u00ed\u0161 dob\u0159e, v\u011b\u0159 tomu, \u017ee nov\u00ed hr\u00e1\u010di skute\u010dn\u011b zapot\u0159eb\u00ed jsou. Bohu\u017eel, hlavn\u00ed roli bude znovu hr\u00e1t vynikaj\u00edc\u00ed p\u0159estupov\u00e1 politika Davida Moyese, kter\u00fd bude m\u00edt dv\u011b mo\u017enosti &#8211; soust\u0159edit se na voln\u00e9 agenty, hostov\u00e1n\u00ed nebo na skute\u010dn\u011b levn\u00e9 hr\u00e1\u010de. Mo\u017enost \u010d\u00edslo dva je pak v\u00edcem\u00e9n\u011b jasn\u00e1 &#8211; prodej n\u011bkter\u00e9ho ze st\u00e1vaj\u00edc\u00edch d\u016fle\u017eit\u00fdch \u010dlen\u016f t\u00fdmu, tak jak tomu bylo b\u011bhem dvou p\u0159edchoz\u00edch let. A nic se na tom nezm\u011bn\u00ed, dokud do klubu nedoraz\u00ed tolik pot\u0159ebn\u00e9 investice.<\/p>\n<p>Nen\u00ed tedy jin\u00e9 cesty, ne\u017e se ment\u00e1ln\u011b p\u0159ipravit na dal\u0161\u00ed l\u00e9to pln\u00e9 \u010dek\u00e1n\u00ed, je\u0161t\u011b jednou \u010dek\u00e1n\u00ed a nakonec zklam\u00e1n\u00ed, proto\u017ee a\u0165 se n\u00e1m to l\u00edb\u00ed ne, tak to v Evertonu v l\u00e9t\u011b prost\u011b chod\u00edv\u00e1. Vad\u00ed mi to a ni\u010d\u00ed m\u011b to, ale p\u0159ipravenost je lep\u0161\u00edm receptem ne\u017e neopodstatn\u011bn\u00e1 nad\u011bje. A nam\u00edsto slov typu &#8222;nepot\u0159ebujeme posily&#8220;, bych se opravdu rad\u011bji soust\u0159edil na to, jak v r\u00e1mci mo\u017enost\u00ed p\u0159iv\u00e9st kvalitn\u00ed nov\u00e1\u010dky.<\/p>\n","protected":false},"excerpt":{"rendered":"<p>P\u0159ipravte se na dal\u0161\u00ed strastipln\u00e9 l\u00e9to ve stylu t\u011bch dvou p\u0159edchoz\u00edch. Uji\u0161\u0165ov\u00e1n\u00ed o nepot\u0159eb\u011b posil a vysok\u00e9 kvalit\u011b k\u00e1dru u\u017e&hellip;<\/p>\n","protected":false},"author":7,"featured_media":1310,"comment_status":"open","ping_status":"closed","sticky":false,"template":"","format":"standard","meta":{"_eb_attr":"","_monsterinsights_skip_tracking":false,"_monsterinsights_sitenote_active":false,"_monsterinsights_sitenote_note":"","_monsterinsights_sitenote_category":0,"footnotes":""},"categories":[39],"tags":[],"yoast_head":"<!-- This site is optimized with the Yoast SEO plugin v23.4 - https:\/\/yoast.com\/wordpress\/plugins\/seo\/ -->\n<title>\u017de nepot\u0159ebujeme posily? - Official Czech &amp; Slovak Everton Supporters&#039; Club<\/title>\n<meta name=\"robots\" content=\"index, follow, max-snippet:-1, max-image-preview:large, max-video-preview:-1\" \/>\n<link rel=\"canonical\" href=\"https:\/\/evertonfc.cz\/index.php\/2010\/04\/12\/ze-nepotrebujeme-posily\/\" \/>\n<meta property=\"og:locale\" content=\"cs_CZ\" \/>\n<meta property=\"og:type\" content=\"article\" \/>\n<meta property=\"og:title\" content=\"\u017de nepot\u0159ebujeme posily? - Official Czech &amp; Slovak Everton Supporters&#039; Club\" \/>\n<meta property=\"og:description\" content=\"P\u0159ipravte se na dal\u0161\u00ed strastipln\u00e9 l\u00e9to ve stylu t\u011bch dvou p\u0159edchoz\u00edch. Uji\u0161\u0165ov\u00e1n\u00ed o nepot\u0159eb\u011b posil a vysok\u00e9 kvalit\u011b k\u00e1dru u\u017e&hellip;\" \/>\n<meta property=\"og:url\" content=\"https:\/\/evertonfc.cz\/index.php\/2010\/04\/12\/ze-nepotrebujeme-posily\/\" \/>\n<meta property=\"og:site_name\" content=\"Official Czech &amp; Slovak Everton Supporters&#039; Club\" \/>\n<meta property=\"article:publisher\" content=\"https:\/\/www.facebook.com\/everton.fans.cz.sk\" \/>\n<meta property=\"article:published_time\" content=\"2010-04-12T17:26:06+00:00\" \/>\n<meta property=\"article:modified_time\" content=\"2019-02-09T18:27:41+00:00\" \/>\n<meta property=\"og:image\" content=\"https:\/\/evertonfc.cz\/wp-content\/uploads\/2019\/01\/blog.jpg\" \/>\n\t<meta property=\"og:image:width\" content=\"720\" \/>\n\t<meta property=\"og:image:height\" content=\"405\" \/>\n\t<meta property=\"og:image:type\" content=\"image\/jpeg\" \/>\n<meta name=\"author\" content=\"Me\u0148a\" \/>\n<meta name=\"twitter:card\" content=\"summary_large_image\" \/>\n<meta name=\"twitter:label1\" content=\"Napsal(a)\" \/>\n\t<meta name=\"twitter:data1\" content=\"Me\u0148a\" \/>\n\t<meta name=\"twitter:label2\" content=\"Odhadovan\u00e1 doba \u010dten\u00ed\" \/>\n\t<meta name=\"twitter:data2\" content=\"4 minuty\" \/>\n<script type=\"application\/ld+json\" class=\"yoast-schema-graph\">{\"@context\":\"https:\/\/schema.org\",\"@graph\":[{\"@type\":\"Article\",\"@id\":\"https:\/\/evertonfc.cz\/index.php\/2010\/04\/12\/ze-nepotrebujeme-posily\/#article\",\"isPartOf\":{\"@id\":\"https:\/\/evertonfc.cz\/index.php\/2010\/04\/12\/ze-nepotrebujeme-posily\/\"},\"author\":{\"name\":\"Me\u0148a\",\"@id\":\"https:\/\/evertonfc.cz\/#\/schema\/person\/cd6328a75577de2add7793fd4b0930c3\"},\"headline\":\"\u017de nepot\u0159ebujeme posily?\",\"datePublished\":\"2010-04-12T17:26:06+00:00\",\"dateModified\":\"2019-02-09T18:27:41+00:00\",\"mainEntityOfPage\":{\"@id\":\"https:\/\/evertonfc.cz\/index.php\/2010\/04\/12\/ze-nepotrebujeme-posily\/\"},\"wordCount\":716,\"commentCount\":0,\"publisher\":{\"@id\":\"https:\/\/evertonfc.cz\/#organization\"},\"image\":{\"@id\":\"https:\/\/evertonfc.cz\/index.php\/2010\/04\/12\/ze-nepotrebujeme-posily\/#primaryimage\"},\"thumbnailUrl\":\"https:\/\/evertonfc.cz\/wp-content\/uploads\/2019\/01\/blog.jpg\",\"articleSection\":[\"Blog\"],\"inLanguage\":\"cs\",\"potentialAction\":[{\"@type\":\"CommentAction\",\"name\":\"Comment\",\"target\":[\"https:\/\/evertonfc.cz\/index.php\/2010\/04\/12\/ze-nepotrebujeme-posily\/#respond\"]}]},{\"@type\":\"WebPage\",\"@id\":\"https:\/\/evertonfc.cz\/index.php\/2010\/04\/12\/ze-nepotrebujeme-posily\/\",\"url\":\"https:\/\/evertonfc.cz\/index.php\/2010\/04\/12\/ze-nepotrebujeme-posily\/\",\"name\":\"\u017de nepot\u0159ebujeme posily? - Official Czech &amp; Slovak Everton Supporters&#039; Club\",\"isPartOf\":{\"@id\":\"https:\/\/evertonfc.cz\/#website\"},\"primaryImageOfPage\":{\"@id\":\"https:\/\/evertonfc.cz\/index.php\/2010\/04\/12\/ze-nepotrebujeme-posily\/#primaryimage\"},\"image\":{\"@id\":\"https:\/\/evertonfc.cz\/index.php\/2010\/04\/12\/ze-nepotrebujeme-posily\/#primaryimage\"},\"thumbnailUrl\":\"https:\/\/evertonfc.cz\/wp-content\/uploads\/2019\/01\/blog.jpg\",\"datePublished\":\"2010-04-12T17:26:06+00:00\",\"dateModified\":\"2019-02-09T18:27:41+00:00\",\"breadcrumb\":{\"@id\":\"https:\/\/evertonfc.cz\/index.php\/2010\/04\/12\/ze-nepotrebujeme-posily\/#breadcrumb\"},\"inLanguage\":\"cs\",\"potentialAction\":[{\"@type\":\"ReadAction\",\"target\":[\"https:\/\/evertonfc.cz\/index.php\/2010\/04\/12\/ze-nepotrebujeme-posily\/\"]}]},{\"@type\":\"ImageObject\",\"inLanguage\":\"cs\",\"@id\":\"https:\/\/evertonfc.cz\/index.php\/2010\/04\/12\/ze-nepotrebujeme-posily\/#primaryimage\",\"url\":\"https:\/\/evertonfc.cz\/wp-content\/uploads\/2019\/01\/blog.jpg\",\"contentUrl\":\"https:\/\/evertonfc.cz\/wp-content\/uploads\/2019\/01\/blog.jpg\",\"width\":720,\"height\":405},{\"@type\":\"BreadcrumbList\",\"@id\":\"https:\/\/evertonfc.cz\/index.php\/2010\/04\/12\/ze-nepotrebujeme-posily\/#breadcrumb\",\"itemListElement\":[{\"@type\":\"ListItem\",\"position\":1,\"name\":\"Home\",\"item\":\"https:\/\/evertonfc.cz\/\"},{\"@type\":\"ListItem\",\"position\":2,\"name\":\"\u017de nepot\u0159ebujeme posily?\"}]},{\"@type\":\"WebSite\",\"@id\":\"https:\/\/evertonfc.cz\/#website\",\"url\":\"https:\/\/evertonfc.cz\/\",\"name\":\"Official Czech &amp; Slovak Everton Supporters&#039; Club\",\"description\":\"\",\"publisher\":{\"@id\":\"https:\/\/evertonfc.cz\/#organization\"},\"potentialAction\":[{\"@type\":\"SearchAction\",\"target\":{\"@type\":\"EntryPoint\",\"urlTemplate\":\"https:\/\/evertonfc.cz\/?s={search_term_string}\"},\"query-input\":{\"@type\":\"PropertyValueSpecification\",\"valueRequired\":true,\"valueName\":\"search_term_string\"}}],\"inLanguage\":\"cs\"},{\"@type\":\"Organization\",\"@id\":\"https:\/\/evertonfc.cz\/#organization\",\"name\":\"Official Czech & Slovak Everton Supporters' Club\",\"url\":\"https:\/\/evertonfc.cz\/\",\"logo\":{\"@type\":\"ImageObject\",\"inLanguage\":\"cs\",\"@id\":\"https:\/\/evertonfc.cz\/#\/schema\/logo\/image\/\",\"url\":\"https:\/\/evertonfc.cz\/wp-content\/uploads\/2019\/05\/logo.png\",\"contentUrl\":\"https:\/\/evertonfc.cz\/wp-content\/uploads\/2019\/05\/logo.png\",\"width\":112,\"height\":112,\"caption\":\"Official Czech & Slovak Everton Supporters' Club\"},\"image\":{\"@id\":\"https:\/\/evertonfc.cz\/#\/schema\/logo\/image\/\"},\"sameAs\":[\"https:\/\/www.facebook.com\/everton.fans.cz.sk\"]},{\"@type\":\"Person\",\"@id\":\"https:\/\/evertonfc.cz\/#\/schema\/person\/cd6328a75577de2add7793fd4b0930c3\",\"name\":\"Me\u0148a\",\"url\":\"https:\/\/evertonfc.cz\/index.php\/author\/mena\/\"}]}<\/script>\n<!-- \/ Yoast SEO plugin. -->","yoast_head_json":{"title":"\u017de nepot\u0159ebujeme posily? - Official Czech &amp; Slovak Everton Supporters&#039; Club","robots":{"index":"index","follow":"follow","max-snippet":"max-snippet:-1","max-image-preview":"max-image-preview:large","max-video-preview":"max-video-preview:-1"},"canonical":"https:\/\/evertonfc.cz\/index.php\/2010\/04\/12\/ze-nepotrebujeme-posily\/","og_locale":"cs_CZ","og_type":"article","og_title":"\u017de nepot\u0159ebujeme posily? - Official Czech &amp; Slovak Everton Supporters&#039; Club","og_description":"P\u0159ipravte se na dal\u0161\u00ed strastipln\u00e9 l\u00e9to ve stylu t\u011bch dvou p\u0159edchoz\u00edch. Uji\u0161\u0165ov\u00e1n\u00ed o nepot\u0159eb\u011b posil a vysok\u00e9 kvalit\u011b k\u00e1dru u\u017e&hellip;","og_url":"https:\/\/evertonfc.cz\/index.php\/2010\/04\/12\/ze-nepotrebujeme-posily\/","og_site_name":"Official Czech &amp; Slovak Everton Supporters&#039; Club","article_publisher":"https:\/\/www.facebook.com\/everton.fans.cz.sk","article_published_time":"2010-04-12T17:26:06+00:00","article_modified_time":"2019-02-09T18:27:41+00:00","og_image":[{"width":720,"height":405,"url":"https:\/\/evertonfc.cz\/wp-content\/uploads\/2019\/01\/blog.jpg","type":"image\/jpeg"}],"author":"Me\u0148a","twitter_card":"summary_large_image","twitter_misc":{"Napsal(a)":"Me\u0148a","Odhadovan\u00e1 doba \u010dten\u00ed":"4 minuty"},"schema":{"@context":"https:\/\/schema.org","@graph":[{"@type":"Article","@id":"https:\/\/evertonfc.cz\/index.php\/2010\/04\/12\/ze-nepotrebujeme-posily\/#article","isPartOf":{"@id":"https:\/\/evertonfc.cz\/index.php\/2010\/04\/12\/ze-nepotrebujeme-posily\/"},"author":{"name":"Me\u0148a","@id":"https:\/\/evertonfc.cz\/#\/schema\/person\/cd6328a75577de2add7793fd4b0930c3"},"headline":"\u017de nepot\u0159ebujeme posily?","datePublished":"2010-04-12T17:26:06+00:00","dateModified":"2019-02-09T18:27:41+00:00","mainEntityOfPage":{"@id":"https:\/\/evertonfc.cz\/index.php\/2010\/04\/12\/ze-nepotrebujeme-posily\/"},"wordCount":716,"commentCount":0,"publisher":{"@id":"https:\/\/evertonfc.cz\/#organization"},"image":{"@id":"https:\/\/evertonfc.cz\/index.php\/2010\/04\/12\/ze-nepotrebujeme-posily\/#primaryimage"},"thumbnailUrl":"https:\/\/evertonfc.cz\/wp-content\/uploads\/2019\/01\/blog.jpg","articleSection":["Blog"],"inLanguage":"cs","potentialAction":[{"@type":"CommentAction","name":"Comment","target":["https:\/\/evertonfc.cz\/index.php\/2010\/04\/12\/ze-nepotrebujeme-posily\/#respond"]}]},{"@type":"WebPage","@id":"https:\/\/evertonfc.cz\/index.php\/2010\/04\/12\/ze-nepotrebujeme-posily\/","url":"https:\/\/evertonfc.cz\/index.php\/2010\/04\/12\/ze-nepotrebujeme-posily\/","name":"\u017de nepot\u0159ebujeme posily? - Official Czech &amp; Slovak Everton Supporters&#039; Club","isPartOf":{"@id":"https:\/\/evertonfc.cz\/#website"},"primaryImageOfPage":{"@id":"https:\/\/evertonfc.cz\/index.php\/2010\/04\/12\/ze-nepotrebujeme-posily\/#primaryimage"},"image":{"@id":"https:\/\/evertonfc.cz\/index.php\/2010\/04\/12\/ze-nepotrebujeme-posily\/#primaryimage"},"thumbnailUrl":"https:\/\/evertonfc.cz\/wp-content\/uploads\/2019\/01\/blog.jpg","datePublished":"2010-04-12T17:26:06+00:00","dateModified":"2019-02-09T18:27:41+00:00","breadcrumb":{"@id":"https:\/\/evertonfc.cz\/index.php\/2010\/04\/12\/ze-nepotrebujeme-posily\/#breadcrumb"},"inLanguage":"cs","potentialAction":[{"@type":"ReadAction","target":["https:\/\/evertonfc.cz\/index.php\/2010\/04\/12\/ze-nepotrebujeme-posily\/"]}]},{"@type":"ImageObject","inLanguage":"cs","@id":"https:\/\/evertonfc.cz\/index.php\/2010\/04\/12\/ze-nepotrebujeme-posily\/#primaryimage","url":"https:\/\/evertonfc.cz\/wp-content\/uploads\/2019\/01\/blog.jpg","contentUrl":"https:\/\/evertonfc.cz\/wp-content\/uploads\/2019\/01\/blog.jpg","width":720,"height":405},{"@type":"BreadcrumbList","@id":"https:\/\/evertonfc.cz\/index.php\/2010\/04\/12\/ze-nepotrebujeme-posily\/#breadcrumb","itemListElement":[{"@type":"ListItem","position":1,"name":"Home","item":"https:\/\/evertonfc.cz\/"},{"@type":"ListItem","position":2,"name":"\u017de nepot\u0159ebujeme posily?"}]},{"@type":"WebSite","@id":"https:\/\/evertonfc.cz\/#website","url":"https:\/\/evertonfc.cz\/","name":"Official Czech &amp; Slovak Everton Supporters&#039; Club","description":"","publisher":{"@id":"https:\/\/evertonfc.cz\/#organization"},"potentialAction":[{"@type":"SearchAction","target":{"@type":"EntryPoint","urlTemplate":"https:\/\/evertonfc.cz\/?s={search_term_string}"},"query-input":{"@type":"PropertyValueSpecification","valueRequired":true,"valueName":"search_term_string"}}],"inLanguage":"cs"},{"@type":"Organization","@id":"https:\/\/evertonfc.cz\/#organization","name":"Official Czech & Slovak Everton Supporters' Club","url":"https:\/\/evertonfc.cz\/","logo":{"@type":"ImageObject","inLanguage":"cs","@id":"https:\/\/evertonfc.cz\/#\/schema\/logo\/image\/","url":"https:\/\/evertonfc.cz\/wp-content\/uploads\/2019\/05\/logo.png","contentUrl":"https:\/\/evertonfc.cz\/wp-content\/uploads\/2019\/05\/logo.png","width":112,"height":112,"caption":"Official Czech & Slovak Everton Supporters' Club"},"image":{"@id":"https:\/\/evertonfc.cz\/#\/schema\/logo\/image\/"},"sameAs":["https:\/\/www.facebook.com\/everton.fans.cz.sk"]},{"@type":"Person","@id":"https:\/\/evertonfc.cz\/#\/schema\/person\/cd6328a75577de2add7793fd4b0930c3","name":"Me\u0148a","url":"https:\/\/evertonfc.cz\/index.php\/author\/mena\/"}]}},"_links":{"self":[{"href":"https:\/\/evertonfc.cz\/index.php\/wp-json\/wp\/v2\/posts\/2631"}],"collection":[{"href":"https:\/\/evertonfc.cz\/index.php\/wp-json\/wp\/v2\/posts"}],"about":[{"href":"https:\/\/evertonfc.cz\/index.php\/wp-json\/wp\/v2\/types\/post"}],"author":[{"embeddable":true,"href":"https:\/\/evertonfc.cz\/index.php\/wp-json\/wp\/v2\/users\/7"}],"replies":[{"embeddable":true,"href":"https:\/\/evertonfc.cz\/index.php\/wp-json\/wp\/v2\/comments?post=2631"}],"version-history":[{"count":1,"href":"https:\/\/evertonfc.cz\/index.php\/wp-json\/wp\/v2\/posts\/2631\/revisions"}],"predecessor-version":[{"id":2632,"href":"https:\/\/evertonfc.cz\/index.php\/wp-json\/wp\/v2\/posts\/2631\/revisions\/2632"}],"wp:featuredmedia":[{"embeddable":true,"href":"https:\/\/evertonfc.cz\/index.php\/wp-json\/wp\/v2\/media\/1310"}],"wp:attachment":[{"href":"https:\/\/evertonfc.cz\/index.php\/wp-json\/wp\/v2\/media?parent=2631"}],"wp:term":[{"taxonomy":"category","embeddable":true,"href":"https:\/\/evertonfc.cz\/index.php\/wp-json\/wp\/v2\/categories?post=2631"},{"taxonomy":"post_tag","embeddable":true,"href":"https:\/\/evertonfc.cz\/index.php\/wp-json\/wp\/v2\/tags?post=2631"}],"curies":[{"name":"wp","href":"https:\/\/api.w.org\/{rel}","templated":true}]}}