{"id":2635,"date":"2010-04-08T19:31:02","date_gmt":"2010-04-08T17:31:02","guid":{"rendered":"http:\/\/evertonfc.cz\/?p=2635"},"modified":"2019-02-09T19:32:50","modified_gmt":"2019-02-09T18:32:50","slug":"neville-posily-nepotrebujeme","status":"publish","type":"post","link":"https:\/\/evertonfc.cz\/index.php\/2010\/04\/08\/neville-posily-nepotrebujeme\/","title":{"rendered":"Neville: Posily nepot\u0159ebujeme!"},"content":{"rendered":"<h4>Phil Neville pova\u017euje sou\u010dasn\u00fd k\u00e1dr Toffees ze dostate\u010dn\u011b kvalitn\u00ed. Skipper dokonce nep\u0159\u00edmo doporu\u010duje mana\u017eerovi, a\u0165 v l\u00e9t\u011b nekupuje \u017e\u00e1dn\u00e9ho nov\u00e9ho hr\u00e1\u010de.<\/h4>\n<p>Po \u0161patn\u00e9m za\u010d\u00e1tku sez\u00f3ny se Everton za\u010dal na konci podzimu dost\u00e1vat zp\u011bt do formy a pro mnoh\u00e9 p\u0159ekvapiv\u011b na konci Premier League bojuje o evropsk\u00e9ho poh\u00e1ry. Nejv\u011bt\u0161\u00ed z\u00e1sluhu na vzestupu formy maj\u00ed ur\u010dit\u011b n\u00e1vraty dlouhodob\u011b zran\u011bn\u00fdch opor. Podle Neville tak sou\u010dasn\u00fd k\u00e1dr dokazuje, \u017ee je dostate\u010dn\u011b kvalitn\u00ed.<\/p>\n<p><em>\u201eRealita je jasn\u00e1, s aktu\u00e1ln\u00ed soupiskou m\u016f\u017eeme porazit jak\u00fdkoliv t\u00fdm v lize. N\u011bkdo se m\u011b jeden den zeptal: Koho byste si p\u0159\u00e1l jako letn\u00ed posilu? Odpov\u011bd\u011bl jsem mu: Nestar\u00e1m se, kdo pos\u00edl\u00ed t\u00fdm, podle m\u011b ale nikoho p\u0159iv\u00e9st nepot\u0159ebujeme,\u201c<\/em> p\u0159ekvapil Neville.<\/p>\n<p>Kapit\u00e1n Evertonu jen douf\u00e1, \u017ee se Blues na za\u010d\u00e1tku p\u0159\u00ed\u0161t\u00ed sez\u00f3ny vyhnou zran\u011bn\u00ed a klub tak kone\u010dn\u011b odstartuje dob\u0159e do sout\u011b\u017e\u00ed:<\/p>\n<p><em>\u201eKdyby byli do za\u010d\u00e1tku nov\u00e9 sez\u00f3ny v\u0161ichni zdrav\u00ed, bylo by to je\u0161t\u011b lep\u0161\u00ed. Pokud by tomu tak bylo, m\u016f\u017eeme se postavit ka\u017ed\u00e9mu soupe\u0159i &#8211; to dokazujeme\u00a0u\u017e od V\u00e1noc. N\u00e1m to nav\u00edc dod\u00e1v\u00e1 nad\u011bji a sebed\u016fv\u011bru a na\u0161i fanou\u0161ci jsou \u0161\u0165astn\u00ed.\u201c<\/em><\/p>\n<p>Mezit\u00edm mo\u017en\u00e1 jeden z tahoun\u016f Evertonu v p\u0159\u00ed\u0161t\u00ed sez\u00f3n\u011b, mlad\u00edk Seamus Coleman, kter\u00fd aktu\u00e1ln\u011b hostuje v druholigov\u00e9m Blackpoolu, douf\u00e1 v prodlou\u017een\u00ed hostov\u00e1n\u00ed do konce sez\u00f3ny.<\/p>\n<p>Coleman asi p\u0159ed t\u0159emi t\u00fddny ode\u0161el na m\u011bs\u00ed\u010dn\u00ed hostov\u00e1n\u00ed do Blackpoolu, ve sv\u00e9m nov\u00e9m p\u016fsobi\u0161t\u011b se ale okam\u017eit\u011b zabydlel na prav\u00e9 stran\u011b obrany a solidn\u00edmi v\u00fdkony si hned z\u00edskal fanou\u0161ky. Mana\u017eer Ian Holloway evertonsk\u00e9mu talentu v\u011b\u0159\u00ed natolik, \u017ee ho poslal hned do p\u011bti utk\u00e1n\u00edch od prvn\u00ed minuty. Coleman se mu za to odvd\u011b\u010dil mimo jin\u00e9 i jednou brankou.<\/p>\n<p><em>\u201eSamoz\u0159ejm\u011b po\u010dk\u00e1me na to, co Everton \u0159ekne. A\u0165 se ale rozhodne jakkoliv, budu \u0161\u0165astn\u00fd. R\u00e1d bych z\u016fstal v Blackpoolu a pomohl mu k postupu do Premier League, pokud ov\u0161em budu nebudu moct prodlou\u017eit hostov\u00e1n\u00ed, zachov\u00e1m se, jak jsem \u0159ekl,\u201c<\/em> vysv\u011btlil Coleman.<\/p>\n","protected":false},"excerpt":{"rendered":"<p>Phil Neville pova\u017euje sou\u010dasn\u00fd k\u00e1dr Toffees ze dostate\u010dn\u011b kvalitn\u00ed. Skipper dokonce nep\u0159\u00edmo doporu\u010duje mana\u017eerovi, a\u0165 v l\u00e9t\u011b nekupuje \u017e\u00e1dn\u00e9ho nov\u00e9ho&hellip;<\/p>\n","protected":false},"author":6,"featured_media":1312,"comment_status":"open","ping_status":"closed","sticky":false,"template":"","format":"standard","meta":{"_eb_attr":"","_monsterinsights_skip_tracking":false,"_monsterinsights_sitenote_active":false,"_monsterinsights_sitenote_note":"","_monsterinsights_sitenote_category":0,"footnotes":""},"categories":[1],"tags":[],"yoast_head":"<!-- This site is optimized with the Yoast SEO plugin v23.4 - https:\/\/yoast.com\/wordpress\/plugins\/seo\/ -->\n<title>Neville: Posily nepot\u0159ebujeme! - Official Czech &amp; Slovak Everton Supporters&#039; Club<\/title>\n<meta name=\"robots\" content=\"index, follow, max-snippet:-1, max-image-preview:large, max-video-preview:-1\" \/>\n<link rel=\"canonical\" href=\"https:\/\/evertonfc.cz\/index.php\/2010\/04\/08\/neville-posily-nepotrebujeme\/\" \/>\n<meta property=\"og:locale\" content=\"cs_CZ\" \/>\n<meta property=\"og:type\" content=\"article\" \/>\n<meta property=\"og:title\" content=\"Neville: Posily nepot\u0159ebujeme! - Official Czech &amp; Slovak Everton Supporters&#039; Club\" \/>\n<meta property=\"og:description\" content=\"Phil Neville pova\u017euje sou\u010dasn\u00fd k\u00e1dr Toffees ze dostate\u010dn\u011b kvalitn\u00ed. Skipper dokonce nep\u0159\u00edmo doporu\u010duje mana\u017eerovi, a\u0165 v l\u00e9t\u011b nekupuje \u017e\u00e1dn\u00e9ho nov\u00e9ho&hellip;\" \/>\n<meta property=\"og:url\" content=\"https:\/\/evertonfc.cz\/index.php\/2010\/04\/08\/neville-posily-nepotrebujeme\/\" \/>\n<meta property=\"og:site_name\" content=\"Official Czech &amp; Slovak Everton Supporters&#039; Club\" \/>\n<meta property=\"article:publisher\" content=\"https:\/\/www.facebook.com\/everton.fans.cz.sk\" \/>\n<meta property=\"article:published_time\" content=\"2010-04-08T17:31:02+00:00\" \/>\n<meta property=\"article:modified_time\" content=\"2019-02-09T18:32:50+00:00\" \/>\n<meta property=\"og:image\" content=\"https:\/\/evertonfc.cz\/wp-content\/uploads\/2019\/01\/interview.jpg\" \/>\n\t<meta property=\"og:image:width\" content=\"720\" \/>\n\t<meta property=\"og:image:height\" content=\"405\" \/>\n\t<meta property=\"og:image:type\" content=\"image\/jpeg\" \/>\n<meta name=\"author\" content=\"Ri\u010di\" \/>\n<meta name=\"twitter:card\" content=\"summary_large_image\" \/>\n<meta name=\"twitter:creator\" content=\"@rbrejsa\" \/>\n<meta name=\"twitter:label1\" content=\"Napsal(a)\" \/>\n\t<meta name=\"twitter:data1\" content=\"Ri\u010di\" \/>\n\t<meta name=\"twitter:label2\" content=\"Odhadovan\u00e1 doba \u010dten\u00ed\" \/>\n\t<meta name=\"twitter:data2\" content=\"2 minuty\" \/>\n<script type=\"application\/ld+json\" class=\"yoast-schema-graph\">{\"@context\":\"https:\/\/schema.org\",\"@graph\":[{\"@type\":\"Article\",\"@id\":\"https:\/\/evertonfc.cz\/index.php\/2010\/04\/08\/neville-posily-nepotrebujeme\/#article\",\"isPartOf\":{\"@id\":\"https:\/\/evertonfc.cz\/index.php\/2010\/04\/08\/neville-posily-nepotrebujeme\/\"},\"author\":{\"name\":\"Ri\u010di\",\"@id\":\"https:\/\/evertonfc.cz\/#\/schema\/person\/f7a5daedb2ffee98480bc70e191aaef1\"},\"headline\":\"Neville: Posily nepot\u0159ebujeme!\",\"datePublished\":\"2010-04-08T17:31:02+00:00\",\"dateModified\":\"2019-02-09T18:32:50+00:00\",\"mainEntityOfPage\":{\"@id\":\"https:\/\/evertonfc.cz\/index.php\/2010\/04\/08\/neville-posily-nepotrebujeme\/\"},\"wordCount\":409,\"commentCount\":0,\"publisher\":{\"@id\":\"https:\/\/evertonfc.cz\/#organization\"},\"image\":{\"@id\":\"https:\/\/evertonfc.cz\/index.php\/2010\/04\/08\/neville-posily-nepotrebujeme\/#primaryimage\"},\"thumbnailUrl\":\"https:\/\/evertonfc.cz\/wp-content\/uploads\/2019\/01\/interview.jpg\",\"articleSection\":[\"Rozhovory\"],\"inLanguage\":\"cs\",\"potentialAction\":[{\"@type\":\"CommentAction\",\"name\":\"Comment\",\"target\":[\"https:\/\/evertonfc.cz\/index.php\/2010\/04\/08\/neville-posily-nepotrebujeme\/#respond\"]}]},{\"@type\":\"WebPage\",\"@id\":\"https:\/\/evertonfc.cz\/index.php\/2010\/04\/08\/neville-posily-nepotrebujeme\/\",\"url\":\"https:\/\/evertonfc.cz\/index.php\/2010\/04\/08\/neville-posily-nepotrebujeme\/\",\"name\":\"Neville: Posily nepot\u0159ebujeme! - Official Czech &amp; Slovak Everton Supporters&#039; Club\",\"isPartOf\":{\"@id\":\"https:\/\/evertonfc.cz\/#website\"},\"primaryImageOfPage\":{\"@id\":\"https:\/\/evertonfc.cz\/index.php\/2010\/04\/08\/neville-posily-nepotrebujeme\/#primaryimage\"},\"image\":{\"@id\":\"https:\/\/evertonfc.cz\/index.php\/2010\/04\/08\/neville-posily-nepotrebujeme\/#primaryimage\"},\"thumbnailUrl\":\"https:\/\/evertonfc.cz\/wp-content\/uploads\/2019\/01\/interview.jpg\",\"datePublished\":\"2010-04-08T17:31:02+00:00\",\"dateModified\":\"2019-02-09T18:32:50+00:00\",\"breadcrumb\":{\"@id\":\"https:\/\/evertonfc.cz\/index.php\/2010\/04\/08\/neville-posily-nepotrebujeme\/#breadcrumb\"},\"inLanguage\":\"cs\",\"potentialAction\":[{\"@type\":\"ReadAction\",\"target\":[\"https:\/\/evertonfc.cz\/index.php\/2010\/04\/08\/neville-posily-nepotrebujeme\/\"]}]},{\"@type\":\"ImageObject\",\"inLanguage\":\"cs\",\"@id\":\"https:\/\/evertonfc.cz\/index.php\/2010\/04\/08\/neville-posily-nepotrebujeme\/#primaryimage\",\"url\":\"https:\/\/evertonfc.cz\/wp-content\/uploads\/2019\/01\/interview.jpg\",\"contentUrl\":\"https:\/\/evertonfc.cz\/wp-content\/uploads\/2019\/01\/interview.jpg\",\"width\":720,\"height\":405},{\"@type\":\"BreadcrumbList\",\"@id\":\"https:\/\/evertonfc.cz\/index.php\/2010\/04\/08\/neville-posily-nepotrebujeme\/#breadcrumb\",\"itemListElement\":[{\"@type\":\"ListItem\",\"position\":1,\"name\":\"Home\",\"item\":\"https:\/\/evertonfc.cz\/\"},{\"@type\":\"ListItem\",\"position\":2,\"name\":\"Neville: Posily nepot\u0159ebujeme!\"}]},{\"@type\":\"WebSite\",\"@id\":\"https:\/\/evertonfc.cz\/#website\",\"url\":\"https:\/\/evertonfc.cz\/\",\"name\":\"Official Czech &amp; Slovak Everton Supporters&#039; Club\",\"description\":\"\",\"publisher\":{\"@id\":\"https:\/\/evertonfc.cz\/#organization\"},\"potentialAction\":[{\"@type\":\"SearchAction\",\"target\":{\"@type\":\"EntryPoint\",\"urlTemplate\":\"https:\/\/evertonfc.cz\/?s={search_term_string}\"},\"query-input\":{\"@type\":\"PropertyValueSpecification\",\"valueRequired\":true,\"valueName\":\"search_term_string\"}}],\"inLanguage\":\"cs\"},{\"@type\":\"Organization\",\"@id\":\"https:\/\/evertonfc.cz\/#organization\",\"name\":\"Official Czech & Slovak Everton Supporters' Club\",\"url\":\"https:\/\/evertonfc.cz\/\",\"logo\":{\"@type\":\"ImageObject\",\"inLanguage\":\"cs\",\"@id\":\"https:\/\/evertonfc.cz\/#\/schema\/logo\/image\/\",\"url\":\"https:\/\/evertonfc.cz\/wp-content\/uploads\/2019\/05\/logo.png\",\"contentUrl\":\"https:\/\/evertonfc.cz\/wp-content\/uploads\/2019\/05\/logo.png\",\"width\":112,\"height\":112,\"caption\":\"Official Czech & Slovak Everton Supporters' Club\"},\"image\":{\"@id\":\"https:\/\/evertonfc.cz\/#\/schema\/logo\/image\/\"},\"sameAs\":[\"https:\/\/www.facebook.com\/everton.fans.cz.sk\"]},{\"@type\":\"Person\",\"@id\":\"https:\/\/evertonfc.cz\/#\/schema\/person\/f7a5daedb2ffee98480bc70e191aaef1\",\"name\":\"Ri\u010di\",\"sameAs\":[\"https:\/\/x.com\/rbrejsa\"],\"url\":\"https:\/\/evertonfc.cz\/index.php\/author\/rici\/\"}]}<\/script>\n<!-- \/ Yoast SEO plugin. -->","yoast_head_json":{"title":"Neville: Posily nepot\u0159ebujeme! - Official Czech &amp; Slovak Everton Supporters&#039; Club","robots":{"index":"index","follow":"follow","max-snippet":"max-snippet:-1","max-image-preview":"max-image-preview:large","max-video-preview":"max-video-preview:-1"},"canonical":"https:\/\/evertonfc.cz\/index.php\/2010\/04\/08\/neville-posily-nepotrebujeme\/","og_locale":"cs_CZ","og_type":"article","og_title":"Neville: Posily nepot\u0159ebujeme! - Official Czech &amp; Slovak Everton Supporters&#039; Club","og_description":"Phil Neville pova\u017euje sou\u010dasn\u00fd k\u00e1dr Toffees ze dostate\u010dn\u011b kvalitn\u00ed. Skipper dokonce nep\u0159\u00edmo doporu\u010duje mana\u017eerovi, a\u0165 v l\u00e9t\u011b nekupuje \u017e\u00e1dn\u00e9ho nov\u00e9ho&hellip;","og_url":"https:\/\/evertonfc.cz\/index.php\/2010\/04\/08\/neville-posily-nepotrebujeme\/","og_site_name":"Official Czech &amp; Slovak Everton Supporters&#039; Club","article_publisher":"https:\/\/www.facebook.com\/everton.fans.cz.sk","article_published_time":"2010-04-08T17:31:02+00:00","article_modified_time":"2019-02-09T18:32:50+00:00","og_image":[{"width":720,"height":405,"url":"https:\/\/evertonfc.cz\/wp-content\/uploads\/2019\/01\/interview.jpg","type":"image\/jpeg"}],"author":"Ri\u010di","twitter_card":"summary_large_image","twitter_creator":"@rbrejsa","twitter_misc":{"Napsal(a)":"Ri\u010di","Odhadovan\u00e1 doba \u010dten\u00ed":"2 minuty"},"schema":{"@context":"https:\/\/schema.org","@graph":[{"@type":"Article","@id":"https:\/\/evertonfc.cz\/index.php\/2010\/04\/08\/neville-posily-nepotrebujeme\/#article","isPartOf":{"@id":"https:\/\/evertonfc.cz\/index.php\/2010\/04\/08\/neville-posily-nepotrebujeme\/"},"author":{"name":"Ri\u010di","@id":"https:\/\/evertonfc.cz\/#\/schema\/person\/f7a5daedb2ffee98480bc70e191aaef1"},"headline":"Neville: Posily nepot\u0159ebujeme!","datePublished":"2010-04-08T17:31:02+00:00","dateModified":"2019-02-09T18:32:50+00:00","mainEntityOfPage":{"@id":"https:\/\/evertonfc.cz\/index.php\/2010\/04\/08\/neville-posily-nepotrebujeme\/"},"wordCount":409,"commentCount":0,"publisher":{"@id":"https:\/\/evertonfc.cz\/#organization"},"image":{"@id":"https:\/\/evertonfc.cz\/index.php\/2010\/04\/08\/neville-posily-nepotrebujeme\/#primaryimage"},"thumbnailUrl":"https:\/\/evertonfc.cz\/wp-content\/uploads\/2019\/01\/interview.jpg","articleSection":["Rozhovory"],"inLanguage":"cs","potentialAction":[{"@type":"CommentAction","name":"Comment","target":["https:\/\/evertonfc.cz\/index.php\/2010\/04\/08\/neville-posily-nepotrebujeme\/#respond"]}]},{"@type":"WebPage","@id":"https:\/\/evertonfc.cz\/index.php\/2010\/04\/08\/neville-posily-nepotrebujeme\/","url":"https:\/\/evertonfc.cz\/index.php\/2010\/04\/08\/neville-posily-nepotrebujeme\/","name":"Neville: Posily nepot\u0159ebujeme! - Official Czech &amp; Slovak Everton Supporters&#039; Club","isPartOf":{"@id":"https:\/\/evertonfc.cz\/#website"},"primaryImageOfPage":{"@id":"https:\/\/evertonfc.cz\/index.php\/2010\/04\/08\/neville-posily-nepotrebujeme\/#primaryimage"},"image":{"@id":"https:\/\/evertonfc.cz\/index.php\/2010\/04\/08\/neville-posily-nepotrebujeme\/#primaryimage"},"thumbnailUrl":"https:\/\/evertonfc.cz\/wp-content\/uploads\/2019\/01\/interview.jpg","datePublished":"2010-04-08T17:31:02+00:00","dateModified":"2019-02-09T18:32:50+00:00","breadcrumb":{"@id":"https:\/\/evertonfc.cz\/index.php\/2010\/04\/08\/neville-posily-nepotrebujeme\/#breadcrumb"},"inLanguage":"cs","potentialAction":[{"@type":"ReadAction","target":["https:\/\/evertonfc.cz\/index.php\/2010\/04\/08\/neville-posily-nepotrebujeme\/"]}]},{"@type":"ImageObject","inLanguage":"cs","@id":"https:\/\/evertonfc.cz\/index.php\/2010\/04\/08\/neville-posily-nepotrebujeme\/#primaryimage","url":"https:\/\/evertonfc.cz\/wp-content\/uploads\/2019\/01\/interview.jpg","contentUrl":"https:\/\/evertonfc.cz\/wp-content\/uploads\/2019\/01\/interview.jpg","width":720,"height":405},{"@type":"BreadcrumbList","@id":"https:\/\/evertonfc.cz\/index.php\/2010\/04\/08\/neville-posily-nepotrebujeme\/#breadcrumb","itemListElement":[{"@type":"ListItem","position":1,"name":"Home","item":"https:\/\/evertonfc.cz\/"},{"@type":"ListItem","position":2,"name":"Neville: Posily nepot\u0159ebujeme!"}]},{"@type":"WebSite","@id":"https:\/\/evertonfc.cz\/#website","url":"https:\/\/evertonfc.cz\/","name":"Official Czech &amp; Slovak Everton Supporters&#039; Club","description":"","publisher":{"@id":"https:\/\/evertonfc.cz\/#organization"},"potentialAction":[{"@type":"SearchAction","target":{"@type":"EntryPoint","urlTemplate":"https:\/\/evertonfc.cz\/?s={search_term_string}"},"query-input":{"@type":"PropertyValueSpecification","valueRequired":true,"valueName":"search_term_string"}}],"inLanguage":"cs"},{"@type":"Organization","@id":"https:\/\/evertonfc.cz\/#organization","name":"Official Czech & Slovak Everton Supporters' Club","url":"https:\/\/evertonfc.cz\/","logo":{"@type":"ImageObject","inLanguage":"cs","@id":"https:\/\/evertonfc.cz\/#\/schema\/logo\/image\/","url":"https:\/\/evertonfc.cz\/wp-content\/uploads\/2019\/05\/logo.png","contentUrl":"https:\/\/evertonfc.cz\/wp-content\/uploads\/2019\/05\/logo.png","width":112,"height":112,"caption":"Official Czech & Slovak Everton Supporters' Club"},"image":{"@id":"https:\/\/evertonfc.cz\/#\/schema\/logo\/image\/"},"sameAs":["https:\/\/www.facebook.com\/everton.fans.cz.sk"]},{"@type":"Person","@id":"https:\/\/evertonfc.cz\/#\/schema\/person\/f7a5daedb2ffee98480bc70e191aaef1","name":"Ri\u010di","sameAs":["https:\/\/x.com\/rbrejsa"],"url":"https:\/\/evertonfc.cz\/index.php\/author\/rici\/"}]}},"_links":{"self":[{"href":"https:\/\/evertonfc.cz\/index.php\/wp-json\/wp\/v2\/posts\/2635"}],"collection":[{"href":"https:\/\/evertonfc.cz\/index.php\/wp-json\/wp\/v2\/posts"}],"about":[{"href":"https:\/\/evertonfc.cz\/index.php\/wp-json\/wp\/v2\/types\/post"}],"author":[{"embeddable":true,"href":"https:\/\/evertonfc.cz\/index.php\/wp-json\/wp\/v2\/users\/6"}],"replies":[{"embeddable":true,"href":"https:\/\/evertonfc.cz\/index.php\/wp-json\/wp\/v2\/comments?post=2635"}],"version-history":[{"count":1,"href":"https:\/\/evertonfc.cz\/index.php\/wp-json\/wp\/v2\/posts\/2635\/revisions"}],"predecessor-version":[{"id":2636,"href":"https:\/\/evertonfc.cz\/index.php\/wp-json\/wp\/v2\/posts\/2635\/revisions\/2636"}],"wp:featuredmedia":[{"embeddable":true,"href":"https:\/\/evertonfc.cz\/index.php\/wp-json\/wp\/v2\/media\/1312"}],"wp:attachment":[{"href":"https:\/\/evertonfc.cz\/index.php\/wp-json\/wp\/v2\/media?parent=2635"}],"wp:term":[{"taxonomy":"category","embeddable":true,"href":"https:\/\/evertonfc.cz\/index.php\/wp-json\/wp\/v2\/categories?post=2635"},{"taxonomy":"post_tag","embeddable":true,"href":"https:\/\/evertonfc.cz\/index.php\/wp-json\/wp\/v2\/tags?post=2635"}],"curies":[{"name":"wp","href":"https:\/\/api.w.org\/{rel}","templated":true}]}}