{"id":26367,"date":"2025-02-21T23:17:52","date_gmt":"2025-02-21T22:17:52","guid":{"rendered":"https:\/\/evertonfc.cz\/?p=26367"},"modified":"2025-02-21T23:24:54","modified_gmt":"2025-02-21T22:24:54","slug":"preview-everton-manchester-united-17","status":"publish","type":"post","link":"https:\/\/evertonfc.cz\/index.php\/2025\/02\/21\/preview-everton-manchester-united-17\/","title":{"rendered":"Preview: Everton \u2013 Manchester United"},"content":{"rendered":"<h4>Klasik by sa v\u017edy op\u00fdtal: \u201eKeby v\u00e1m niekto pred touto sez\u00f3nou povedal, \u017ee skon\u010d\u00edte pred Tottenhamom a\u00a0Manchesterom United, brali by ste to?\u201c Yes, sir!<\/h4>\n<p>No, ale e\u0161te nie je ani z\u010faleka po v\u0161etkom. V\u00a0lige ost\u00e1va e\u0161te 13 z\u00e1pasov, a\u00a0poradie na ka\u017edom konci tabu\u013eky sa m\u00f4\u017ee v\u00fdrazne meni\u0165. My sme v\u0161ak spokojn\u00ed a\u00a0bez nervov. Aj s\u00a0Moyesom. On s\u00e1m tie\u017e, ve\u010f sta\u010dia len dve v\u00fdhry, a\u00a0m\u00f4\u017eeme bezstarostne pretancova\u0165 zvy\u0161ok ro\u010dn\u00edka a\u017e do Bramley-Moore. Sveta \u017ei\u0165 t\u00fdm Evertonians!<\/p>\n<p>Pondelok sme boli svedkami prv\u00e9ho testovacieho z\u00e1pasu na tom ligotaj\u00facom sa skvoste v dokoch. Bohu\u017eia\u013e, nemali sme \u010das na \u010dl\u00e1nok, kde by sme zreferovali dojmy zo stretnutia U18 Evertonu a Wiganu, ktor\u00e9 sledovalo prv\u00fdch 10 000 \u0161\u0165astn\u00fdch fan\u00fa\u0161ikov na grandi\u00f3znej South Stand. Kto odber\u00e1 ofici\u00e1lne kan\u00e1ly klubu, tomu ur\u010dite ni\u010d neu\u0161lo. Slov\u00e1 s\u00fa preto zbyto\u010dn\u00e9, <a href=\"https:\/\/www.youtube.com\/watch?v=2mT9O1vuAQE\"><strong>pustite si video!<\/strong><\/a><\/p>\n<h4><strong>T\u00edmov\u00e9 novinky<\/strong><\/h4>\n<p>Ex-ry\u0161av\u00fd David n\u00e1m absol\u00fatne d\u00e1va zabudn\u00fa\u0165, \u017ee m\u00e1me nejak\u00e9 probl\u00e9my so zlo\u017een\u00edm t\u00edmu bez absentuj\u00facich hr\u00e1\u010dov. Kie\u017eby tak\u00fdto trend pokra\u010doval. Jedinou zmenou oproti minul\u00e9mu t\u00fd\u017ed\u0148u bude len n\u00e1vrat Doucour\u00e9ho po odpykan\u00ed si kartov\u00e9ho trestu. Hlavn\u00e1 ot\u00e1zka teda znie: Posad\u00ed sa Alcaraz na lavi\u010dku? A\u00a0chceme to?<\/p>\n<p>Mu\u017estvo ost\u00e1va na\u010falej bez dribl\u00e9ra Ndiayeho. Jeho poranen\u00fd vn\u00fatorn\u00fd postrann\u00fd v\u00e4z na kolene sa zrejme zahoj\u00ed r\u00fdchlej\u0161ie, ne\u017e sa o\u010dak\u00e1valo, a pom\u00e1ha\u0165 tomu maj\u00fa aj injekcie, ktor\u00e9 aktu\u00e1lne Senegalec do k\u013abu dost\u00e1va. Inak je lazaret st\u00e1le rovnak\u00fd, ani men\u0161\u00ed, ani v\u00e4\u010d\u0161\u00ed. Patterson u\u017e tr\u00e9nuje na tr\u00e1ve, rovnako ako Chermiti, ale st\u00e1le je to pr\u00edli\u0161 skoro pre nich. Na dlh\u0161ie mimo s\u00fa st\u00e1le Coleman, McNeil, Broja, Calvert-Lewin a aj Mangala, ktor\u00fd v t\u00fd\u017edni podst\u00fapil \u00faspe\u0161n\u00fa plastiku predn\u00e9ho skr\u00ed\u017een\u00e9ho v\u00e4zu. Budeme ho e\u0161te chcie\u0165?<\/p>\n<p>Hostia sa tie\u017e m\u00f4\u017eu \u013eutova\u0165, po M62 pricestuj\u00fa bez Shawa, Mounta, Dialla, Mainooa, Bayindira, Mart\u00edneza, a Evansa. Do duelu v\u0161ak m\u00f4\u017eu e\u0161te odobri\u0165 Yora, Eriksena, a Ugarteho. A\u00a0bude to sta\u010dit, mysl\u00ed\u0161?<\/p>\n<h4><strong>Manchester Divided?<\/strong><\/h4>\n<p>Vidie\u0165 sl\u00e1vnych Red Devils v\u00a0dolnej polovici tabu\u013eky, to je&#8230; osvie\u017euj\u00face? Nechcem by\u0165 \u0161kodoradostn\u00fd, preto\u017ee ur\u010dite by som tam niektor\u00e9 kluby videl omnoho rad\u0161ej (a n\u00e1s u\u017e nie), ale predsa len sa nem\u00f4\u017eem ubr\u00e1ni\u0165 pocitu, \u017ee je fajn z\u00a0na\u0161ej perspekt\u00edvy sledova\u0165 mas\u00edvne tr\u00e1penie aj niekoho in\u00e9ho ako na\u0161e vlastn\u00e9. Ak \u010d\u00edsla neklam\u00fa, tak toto je zatia\u013e ich bodovo najhor\u0161ia sez\u00f3na v\u00a0\u00e9re Premier League.<\/p>\n<p>St\u00e1le v podstate nov\u00fd mana\u017e\u00e9r R\u00faben Amorim je percentu\u00e1lne najhor\u0161\u00ed v post-Fergusonovej \u00e9re, a Moyesovmu United s Fellainim nedovid\u00ed ani len na to strapat\u00e9 afro. Len si to zoberme, 28 g\u00f3lov v 25 z\u00e1pasoch. V posledn\u00fdch deviatich strelili iba sedem g\u00f3lov, pri\u010dom a\u017e v piatich z nich nedok\u00e1zali sk\u00f3rova\u0165. Pomal\u00e9 rozbehy po \u00favodnom hvizde nepom\u00e1haj\u00fa. Jedin\u00fd g\u00f3l v prvom pol\u010dase, ktor\u00fd strelili v posledn\u00fdch 16 z\u00e1pasoch vo v\u0161etk\u00fdch s\u00fa\u0165a\u017eiach, bola penalta Bruna Fernandesa pri prehre s Brightonom.<\/p>\n<p>V \u010dom to je? Tr\u00e1pi sa tam ka\u017ed\u00fd. Ani Amorim nechcel pr\u00eds\u0165, \u017ee v lete. Ale tak\u00e1 mo\u017enos\u0165 nebola. \u010cachry machry so \u0161portov\u00fdmi riadite\u013emi tie\u017e nepom\u00e1haj\u00fa, a zrejme tu niekde m\u00f4\u017eeme h\u013eada\u0165 chybu, ke\u010f priviedli absol\u00fatne rigidn\u00e9ho tr\u00e9nera do t\u00edmu, ktor\u00fd je st\u00e1le zrejme v prestavbe, a nie je nijako vyprofilovan\u00fd. Ur\u010dite nie na futbal, ktor\u00fd vyzn\u00e1va Portugalec. A bude to \u0165a\u017e\u0161ie. Aj na United toti\u017e svietia reflektory PSR. Rada na nezaplatenie? Budte trpezliv\u00ed, a vydr\u017ete \u00fatrapy. Dole sa ide r\u00fdchlo, sp\u00e4\u0165 hore \u0165a\u017e\u0161ie&#8230;<\/p>\n<h4 style=\"text-align: center;\"><span style=\"text-decoration: underline;\"><strong>\u0160tatistick\u00e9 okienko:<\/strong><\/span><\/h4>\n<ul>\n<li>V Premier League v Goodisone nebola v tomto z\u00e1pase bezg\u00f3lov\u00e1 rem\u00edza a iba jeden zo 65 z\u00e1pasov doma alebo aj vonku bol bez g\u00f3lu \u2013 na Old Trafford v auguste 2004.<\/li>\n<li>Everton prehral predch\u00e1dzaj\u00facich p\u00e4\u0165 z\u00e1pasov Premier League proti Manchestru United, pri\u010dom nedok\u00e1zal sk\u00f3rova\u0165 ani v jednom z posledn\u00fdch \u0161tyroch.<\/li>\n<li>Naposledy Toffees prehrali p\u00e4\u0165 po sebe id\u00facich ligov\u00fdch z\u00e1pasov proti konkr\u00e9tnemu s\u00faperovi bez sk\u00f3rovania proti Wolves v rokoch 1957 a\u017e 1960.<\/li>\n<li>Av\u0161ak Karamelky vyhrali \u0161tyri z posledn\u00fdch 5 z\u00e1pasov Premier League (jedna rem\u00edza), \u010do je viac ako v prv\u00fdch 20 (tri v\u00ed\u0165azstv\u00e1, osem rem\u00edz, dev\u00e4\u0165 prehier).<\/li>\n<li>Okrem toho strelilo EFC v posledn\u00fdch 5. z\u00e1pasoch PL 12 g\u00f3lov \u2013 viac ako v predch\u00e1dzaj\u00facich 16 dueloch.<\/li>\n<li>Konverzn\u00fd pomer striel United 8,4% je 2. najni\u017e\u0161\u00ed v tejto ligovej sez\u00f3ne, za Southamptonom so 7,9%.<\/li>\n<li>Odkedy sa David Moyes vr\u00e1til do klubu, z\u00edskal Everton 13 bodov (\u0161tyri v\u00ed\u0165azstv\u00e1, jedna rem\u00edza, jedna prehra), pri\u010dom \u017eiadny t\u00edm v\u00a0lige nez\u00edskal viac.<\/li>\n<li>Red Devils prehrali v tomto ro\u010dn\u00edku 12 ligov\u00fdch z\u00e1pasov. Naposledy utrpeli viac por\u00e1\u017eok vo svojich \u00favodn\u00fdch 25 stretnutiach v rokoch 1973\/74, ke\u010f boli v tejto f\u00e1ze 13-kr\u00e1t porazen\u00ed. A n\u00e1sledne zost\u00fapili.<\/li>\n<li>Moyes vyhral svoje posledn\u00e9 dva dom\u00e1ce ligov\u00e9 z\u00e1pasy v m\u00e1ji a decembri 2023 (s WHU) proti United.<\/li>\n<li>Beto strelil \u0161tyri g\u00f3ly v posledn\u00fdch troch z\u00e1pasoch PL, to\u013eko ako vo svojich prv\u00fdch 44 vyst\u00fapeniach v s\u00fa\u0165a\u017ei. Cie\u013eom \u00fato\u010dn\u00edka je sta\u0165 sa prv\u00fdm hr\u00e1\u010dom Evertonu od Richarlisona pred \u0161tyrmi rokmi, ktor\u00fd vsietil v \u0161tyroch po sebe id\u00facich ligov\u00fdch z\u00e1pasoch. Pod Moyesom dosahuje priemerne g\u00f3l ka\u017ed\u00fdch 88 min\u00fat s mierou konverzie strely 40 % v porovnan\u00ed s g\u00f3lom ka\u017ed\u00fdch 290 min\u00fat a mierou konverzie 7,4 % za Seana Dychea.<\/li>\n<\/ul>\n<h3 style=\"text-align: center;\"><span style=\"color: #3366ff;\"><em><strong>Up The Toffees !!!<\/strong><\/em><\/span><\/h3>\n<p><strong>\u010co:<\/strong> Everton FC \u2013 Manchester United FC, 26. kolo Premier League<br \/>\n<strong>Kedy:<\/strong> 22.2. 2025 od 13:30 SE\u010c<br \/>\n<strong>Ako: <\/strong>priamy prenos na Canal+Sport 1 (komentuje Jarom\u00edr Bos\u00e1k)<br \/>\n<strong>Kde:<\/strong> Goodison Park \u2013 Goodison Rd, Liverpool L4 4EL (kapacita: 39 414)<br \/>\n<strong>Rozhodca:<\/strong> Andy Madley\u00a0 <strong>Asistenti:<\/strong> M. Wilkes, C. Taylor\u00a0 <strong>\u0160tvrt\u00fd rozhodca:<\/strong> A. Taylor<br \/>\n<strong>VAR:<\/strong> Matt Donohue\u00a0 <strong>Asistent VAR:<\/strong> Derek Eaton<\/p>\n","protected":false},"excerpt":{"rendered":"<p>Klasik by sa v\u017edy op\u00fdtal: \u201eKeby v\u00e1m niekto pred touto sez\u00f3nou povedal, \u017ee skon\u010d\u00edte pred Tottenhamom a\u00a0Manchesterom United, brali by ste to?\u201c Yes, sir!<\/p>\n","protected":false},"author":1,"featured_media":12849,"comment_status":"open","ping_status":"closed","sticky":false,"template":"","format":"standard","meta":{"_eb_attr":"","_monsterinsights_skip_tracking":false,"_monsterinsights_sitenote_active":false,"_monsterinsights_sitenote_note":"","_monsterinsights_sitenote_category":0,"footnotes":""},"categories":[4],"tags":[],"yoast_head":"<!-- This site is optimized with the Yoast SEO plugin v23.4 - https:\/\/yoast.com\/wordpress\/plugins\/seo\/ -->\n<title>Preview: Everton \u2013 Manchester United - Official Czech &amp; Slovak Everton Supporters&#039; Club<\/title>\n<meta name=\"robots\" content=\"index, follow, max-snippet:-1, max-image-preview:large, max-video-preview:-1\" \/>\n<link rel=\"canonical\" href=\"https:\/\/evertonfc.cz\/index.php\/2025\/02\/21\/preview-everton-manchester-united-17\/\" \/>\n<meta property=\"og:locale\" content=\"cs_CZ\" \/>\n<meta property=\"og:type\" content=\"article\" \/>\n<meta property=\"og:title\" content=\"Preview: Everton \u2013 Manchester United - Official Czech &amp; Slovak Everton Supporters&#039; Club\" \/>\n<meta property=\"og:description\" content=\"Klasik by sa v\u017edy op\u00fdtal: \u201eKeby v\u00e1m niekto pred touto sez\u00f3nou povedal, \u017ee skon\u010d\u00edte pred Tottenhamom a\u00a0Manchesterom United, brali by ste to?\u201c Yes, sir!\" \/>\n<meta property=\"og:url\" content=\"https:\/\/evertonfc.cz\/index.php\/2025\/02\/21\/preview-everton-manchester-united-17\/\" \/>\n<meta property=\"og:site_name\" content=\"Official Czech &amp; Slovak Everton Supporters&#039; Club\" \/>\n<meta property=\"article:publisher\" content=\"https:\/\/www.facebook.com\/everton.fans.cz.sk\" \/>\n<meta property=\"article:published_time\" content=\"2025-02-21T22:17:52+00:00\" \/>\n<meta property=\"article:modified_time\" content=\"2025-02-21T22:24:54+00:00\" \/>\n<meta property=\"og:image\" content=\"https:\/\/evertonfc.cz\/wp-content\/uploads\/2020\/11\/Everton-VS-Manchester-United-7-11-2020.jpg.jpg\" \/>\n\t<meta property=\"og:image:width\" content=\"720\" \/>\n\t<meta property=\"og:image:height\" content=\"405\" \/>\n\t<meta property=\"og:image:type\" content=\"image\/jpeg\" \/>\n<meta name=\"author\" content=\"BlueBlooded\" \/>\n<meta name=\"twitter:card\" content=\"summary_large_image\" \/>\n<meta name=\"twitter:label1\" content=\"Napsal(a)\" \/>\n\t<meta name=\"twitter:data1\" content=\"BlueBlooded\" \/>\n\t<meta name=\"twitter:label2\" content=\"Odhadovan\u00e1 doba \u010dten\u00ed\" \/>\n\t<meta name=\"twitter:data2\" content=\"5 minut\" \/>\n<script type=\"application\/ld+json\" class=\"yoast-schema-graph\">{\"@context\":\"https:\/\/schema.org\",\"@graph\":[{\"@type\":\"Article\",\"@id\":\"https:\/\/evertonfc.cz\/index.php\/2025\/02\/21\/preview-everton-manchester-united-17\/#article\",\"isPartOf\":{\"@id\":\"https:\/\/evertonfc.cz\/index.php\/2025\/02\/21\/preview-everton-manchester-united-17\/\"},\"author\":{\"name\":\"BlueBlooded\",\"@id\":\"https:\/\/evertonfc.cz\/#\/schema\/person\/d4493b8cbea51532597fbc4685698916\"},\"headline\":\"Preview: Everton \u2013 Manchester United\",\"datePublished\":\"2025-02-21T22:17:52+00:00\",\"dateModified\":\"2025-02-21T22:24:54+00:00\",\"mainEntityOfPage\":{\"@id\":\"https:\/\/evertonfc.cz\/index.php\/2025\/02\/21\/preview-everton-manchester-united-17\/\"},\"wordCount\":1057,\"commentCount\":6,\"publisher\":{\"@id\":\"https:\/\/evertonfc.cz\/#organization\"},\"image\":{\"@id\":\"https:\/\/evertonfc.cz\/index.php\/2025\/02\/21\/preview-everton-manchester-united-17\/#primaryimage\"},\"thumbnailUrl\":\"https:\/\/evertonfc.cz\/wp-content\/uploads\/2020\/11\/Everton-VS-Manchester-United-7-11-2020.jpg.jpg\",\"articleSection\":[\"Z\u00e1pasy\"],\"inLanguage\":\"cs\",\"potentialAction\":[{\"@type\":\"CommentAction\",\"name\":\"Comment\",\"target\":[\"https:\/\/evertonfc.cz\/index.php\/2025\/02\/21\/preview-everton-manchester-united-17\/#respond\"]}]},{\"@type\":\"WebPage\",\"@id\":\"https:\/\/evertonfc.cz\/index.php\/2025\/02\/21\/preview-everton-manchester-united-17\/\",\"url\":\"https:\/\/evertonfc.cz\/index.php\/2025\/02\/21\/preview-everton-manchester-united-17\/\",\"name\":\"Preview: Everton \u2013 Manchester United - Official Czech &amp; Slovak Everton Supporters&#039; Club\",\"isPartOf\":{\"@id\":\"https:\/\/evertonfc.cz\/#website\"},\"primaryImageOfPage\":{\"@id\":\"https:\/\/evertonfc.cz\/index.php\/2025\/02\/21\/preview-everton-manchester-united-17\/#primaryimage\"},\"image\":{\"@id\":\"https:\/\/evertonfc.cz\/index.php\/2025\/02\/21\/preview-everton-manchester-united-17\/#primaryimage\"},\"thumbnailUrl\":\"https:\/\/evertonfc.cz\/wp-content\/uploads\/2020\/11\/Everton-VS-Manchester-United-7-11-2020.jpg.jpg\",\"datePublished\":\"2025-02-21T22:17:52+00:00\",\"dateModified\":\"2025-02-21T22:24:54+00:00\",\"breadcrumb\":{\"@id\":\"https:\/\/evertonfc.cz\/index.php\/2025\/02\/21\/preview-everton-manchester-united-17\/#breadcrumb\"},\"inLanguage\":\"cs\",\"potentialAction\":[{\"@type\":\"ReadAction\",\"target\":[\"https:\/\/evertonfc.cz\/index.php\/2025\/02\/21\/preview-everton-manchester-united-17\/\"]}]},{\"@type\":\"ImageObject\",\"inLanguage\":\"cs\",\"@id\":\"https:\/\/evertonfc.cz\/index.php\/2025\/02\/21\/preview-everton-manchester-united-17\/#primaryimage\",\"url\":\"https:\/\/evertonfc.cz\/wp-content\/uploads\/2020\/11\/Everton-VS-Manchester-United-7-11-2020.jpg.jpg\",\"contentUrl\":\"https:\/\/evertonfc.cz\/wp-content\/uploads\/2020\/11\/Everton-VS-Manchester-United-7-11-2020.jpg.jpg\",\"width\":720,\"height\":405},{\"@type\":\"BreadcrumbList\",\"@id\":\"https:\/\/evertonfc.cz\/index.php\/2025\/02\/21\/preview-everton-manchester-united-17\/#breadcrumb\",\"itemListElement\":[{\"@type\":\"ListItem\",\"position\":1,\"name\":\"Home\",\"item\":\"https:\/\/evertonfc.cz\/\"},{\"@type\":\"ListItem\",\"position\":2,\"name\":\"Preview: Everton \u2013 Manchester United\"}]},{\"@type\":\"WebSite\",\"@id\":\"https:\/\/evertonfc.cz\/#website\",\"url\":\"https:\/\/evertonfc.cz\/\",\"name\":\"Official Czech &amp; Slovak Everton Supporters&#039; Club\",\"description\":\"\",\"publisher\":{\"@id\":\"https:\/\/evertonfc.cz\/#organization\"},\"potentialAction\":[{\"@type\":\"SearchAction\",\"target\":{\"@type\":\"EntryPoint\",\"urlTemplate\":\"https:\/\/evertonfc.cz\/?s={search_term_string}\"},\"query-input\":{\"@type\":\"PropertyValueSpecification\",\"valueRequired\":true,\"valueName\":\"search_term_string\"}}],\"inLanguage\":\"cs\"},{\"@type\":\"Organization\",\"@id\":\"https:\/\/evertonfc.cz\/#organization\",\"name\":\"Official Czech & Slovak Everton Supporters' Club\",\"url\":\"https:\/\/evertonfc.cz\/\",\"logo\":{\"@type\":\"ImageObject\",\"inLanguage\":\"cs\",\"@id\":\"https:\/\/evertonfc.cz\/#\/schema\/logo\/image\/\",\"url\":\"https:\/\/evertonfc.cz\/wp-content\/uploads\/2019\/05\/logo.png\",\"contentUrl\":\"https:\/\/evertonfc.cz\/wp-content\/uploads\/2019\/05\/logo.png\",\"width\":112,\"height\":112,\"caption\":\"Official Czech & Slovak Everton Supporters' Club\"},\"image\":{\"@id\":\"https:\/\/evertonfc.cz\/#\/schema\/logo\/image\/\"},\"sameAs\":[\"https:\/\/www.facebook.com\/everton.fans.cz.sk\"]},{\"@type\":\"Person\",\"@id\":\"https:\/\/evertonfc.cz\/#\/schema\/person\/d4493b8cbea51532597fbc4685698916\",\"name\":\"BlueBlooded\",\"url\":\"https:\/\/evertonfc.cz\/index.php\/author\/admin\/\"}]}<\/script>\n<!-- \/ Yoast SEO plugin. -->","yoast_head_json":{"title":"Preview: Everton \u2013 Manchester United - Official Czech &amp; Slovak Everton Supporters&#039; Club","robots":{"index":"index","follow":"follow","max-snippet":"max-snippet:-1","max-image-preview":"max-image-preview:large","max-video-preview":"max-video-preview:-1"},"canonical":"https:\/\/evertonfc.cz\/index.php\/2025\/02\/21\/preview-everton-manchester-united-17\/","og_locale":"cs_CZ","og_type":"article","og_title":"Preview: Everton \u2013 Manchester United - Official Czech &amp; Slovak Everton Supporters&#039; Club","og_description":"Klasik by sa v\u017edy op\u00fdtal: \u201eKeby v\u00e1m niekto pred touto sez\u00f3nou povedal, \u017ee skon\u010d\u00edte pred Tottenhamom a\u00a0Manchesterom United, brali by ste to?\u201c Yes, sir!","og_url":"https:\/\/evertonfc.cz\/index.php\/2025\/02\/21\/preview-everton-manchester-united-17\/","og_site_name":"Official Czech &amp; Slovak Everton Supporters&#039; Club","article_publisher":"https:\/\/www.facebook.com\/everton.fans.cz.sk","article_published_time":"2025-02-21T22:17:52+00:00","article_modified_time":"2025-02-21T22:24:54+00:00","og_image":[{"width":720,"height":405,"url":"https:\/\/evertonfc.cz\/wp-content\/uploads\/2020\/11\/Everton-VS-Manchester-United-7-11-2020.jpg.jpg","type":"image\/jpeg"}],"author":"BlueBlooded","twitter_card":"summary_large_image","twitter_misc":{"Napsal(a)":"BlueBlooded","Odhadovan\u00e1 doba \u010dten\u00ed":"5 minut"},"schema":{"@context":"https:\/\/schema.org","@graph":[{"@type":"Article","@id":"https:\/\/evertonfc.cz\/index.php\/2025\/02\/21\/preview-everton-manchester-united-17\/#article","isPartOf":{"@id":"https:\/\/evertonfc.cz\/index.php\/2025\/02\/21\/preview-everton-manchester-united-17\/"},"author":{"name":"BlueBlooded","@id":"https:\/\/evertonfc.cz\/#\/schema\/person\/d4493b8cbea51532597fbc4685698916"},"headline":"Preview: Everton \u2013 Manchester United","datePublished":"2025-02-21T22:17:52+00:00","dateModified":"2025-02-21T22:24:54+00:00","mainEntityOfPage":{"@id":"https:\/\/evertonfc.cz\/index.php\/2025\/02\/21\/preview-everton-manchester-united-17\/"},"wordCount":1057,"commentCount":6,"publisher":{"@id":"https:\/\/evertonfc.cz\/#organization"},"image":{"@id":"https:\/\/evertonfc.cz\/index.php\/2025\/02\/21\/preview-everton-manchester-united-17\/#primaryimage"},"thumbnailUrl":"https:\/\/evertonfc.cz\/wp-content\/uploads\/2020\/11\/Everton-VS-Manchester-United-7-11-2020.jpg.jpg","articleSection":["Z\u00e1pasy"],"inLanguage":"cs","potentialAction":[{"@type":"CommentAction","name":"Comment","target":["https:\/\/evertonfc.cz\/index.php\/2025\/02\/21\/preview-everton-manchester-united-17\/#respond"]}]},{"@type":"WebPage","@id":"https:\/\/evertonfc.cz\/index.php\/2025\/02\/21\/preview-everton-manchester-united-17\/","url":"https:\/\/evertonfc.cz\/index.php\/2025\/02\/21\/preview-everton-manchester-united-17\/","name":"Preview: Everton \u2013 Manchester United - Official Czech &amp; Slovak Everton Supporters&#039; Club","isPartOf":{"@id":"https:\/\/evertonfc.cz\/#website"},"primaryImageOfPage":{"@id":"https:\/\/evertonfc.cz\/index.php\/2025\/02\/21\/preview-everton-manchester-united-17\/#primaryimage"},"image":{"@id":"https:\/\/evertonfc.cz\/index.php\/2025\/02\/21\/preview-everton-manchester-united-17\/#primaryimage"},"thumbnailUrl":"https:\/\/evertonfc.cz\/wp-content\/uploads\/2020\/11\/Everton-VS-Manchester-United-7-11-2020.jpg.jpg","datePublished":"2025-02-21T22:17:52+00:00","dateModified":"2025-02-21T22:24:54+00:00","breadcrumb":{"@id":"https:\/\/evertonfc.cz\/index.php\/2025\/02\/21\/preview-everton-manchester-united-17\/#breadcrumb"},"inLanguage":"cs","potentialAction":[{"@type":"ReadAction","target":["https:\/\/evertonfc.cz\/index.php\/2025\/02\/21\/preview-everton-manchester-united-17\/"]}]},{"@type":"ImageObject","inLanguage":"cs","@id":"https:\/\/evertonfc.cz\/index.php\/2025\/02\/21\/preview-everton-manchester-united-17\/#primaryimage","url":"https:\/\/evertonfc.cz\/wp-content\/uploads\/2020\/11\/Everton-VS-Manchester-United-7-11-2020.jpg.jpg","contentUrl":"https:\/\/evertonfc.cz\/wp-content\/uploads\/2020\/11\/Everton-VS-Manchester-United-7-11-2020.jpg.jpg","width":720,"height":405},{"@type":"BreadcrumbList","@id":"https:\/\/evertonfc.cz\/index.php\/2025\/02\/21\/preview-everton-manchester-united-17\/#breadcrumb","itemListElement":[{"@type":"ListItem","position":1,"name":"Home","item":"https:\/\/evertonfc.cz\/"},{"@type":"ListItem","position":2,"name":"Preview: Everton \u2013 Manchester United"}]},{"@type":"WebSite","@id":"https:\/\/evertonfc.cz\/#website","url":"https:\/\/evertonfc.cz\/","name":"Official Czech &amp; Slovak Everton Supporters&#039; Club","description":"","publisher":{"@id":"https:\/\/evertonfc.cz\/#organization"},"potentialAction":[{"@type":"SearchAction","target":{"@type":"EntryPoint","urlTemplate":"https:\/\/evertonfc.cz\/?s={search_term_string}"},"query-input":{"@type":"PropertyValueSpecification","valueRequired":true,"valueName":"search_term_string"}}],"inLanguage":"cs"},{"@type":"Organization","@id":"https:\/\/evertonfc.cz\/#organization","name":"Official Czech & Slovak Everton Supporters' Club","url":"https:\/\/evertonfc.cz\/","logo":{"@type":"ImageObject","inLanguage":"cs","@id":"https:\/\/evertonfc.cz\/#\/schema\/logo\/image\/","url":"https:\/\/evertonfc.cz\/wp-content\/uploads\/2019\/05\/logo.png","contentUrl":"https:\/\/evertonfc.cz\/wp-content\/uploads\/2019\/05\/logo.png","width":112,"height":112,"caption":"Official Czech & Slovak Everton Supporters' Club"},"image":{"@id":"https:\/\/evertonfc.cz\/#\/schema\/logo\/image\/"},"sameAs":["https:\/\/www.facebook.com\/everton.fans.cz.sk"]},{"@type":"Person","@id":"https:\/\/evertonfc.cz\/#\/schema\/person\/d4493b8cbea51532597fbc4685698916","name":"BlueBlooded","url":"https:\/\/evertonfc.cz\/index.php\/author\/admin\/"}]}},"_links":{"self":[{"href":"https:\/\/evertonfc.cz\/index.php\/wp-json\/wp\/v2\/posts\/26367"}],"collection":[{"href":"https:\/\/evertonfc.cz\/index.php\/wp-json\/wp\/v2\/posts"}],"about":[{"href":"https:\/\/evertonfc.cz\/index.php\/wp-json\/wp\/v2\/types\/post"}],"author":[{"embeddable":true,"href":"https:\/\/evertonfc.cz\/index.php\/wp-json\/wp\/v2\/users\/1"}],"replies":[{"embeddable":true,"href":"https:\/\/evertonfc.cz\/index.php\/wp-json\/wp\/v2\/comments?post=26367"}],"version-history":[{"count":9,"href":"https:\/\/evertonfc.cz\/index.php\/wp-json\/wp\/v2\/posts\/26367\/revisions"}],"predecessor-version":[{"id":26376,"href":"https:\/\/evertonfc.cz\/index.php\/wp-json\/wp\/v2\/posts\/26367\/revisions\/26376"}],"wp:featuredmedia":[{"embeddable":true,"href":"https:\/\/evertonfc.cz\/index.php\/wp-json\/wp\/v2\/media\/12849"}],"wp:attachment":[{"href":"https:\/\/evertonfc.cz\/index.php\/wp-json\/wp\/v2\/media?parent=26367"}],"wp:term":[{"taxonomy":"category","embeddable":true,"href":"https:\/\/evertonfc.cz\/index.php\/wp-json\/wp\/v2\/categories?post=26367"},{"taxonomy":"post_tag","embeddable":true,"href":"https:\/\/evertonfc.cz\/index.php\/wp-json\/wp\/v2\/tags?post=26367"}],"curies":[{"name":"wp","href":"https:\/\/api.w.org\/{rel}","templated":true}]}}