{"id":2637,"date":"2010-04-06T19:32:58","date_gmt":"2010-04-06T17:32:58","guid":{"rendered":"http:\/\/evertonfc.cz\/?p=2637"},"modified":"2019-02-09T19:34:47","modified_gmt":"2019-02-09T18:34:47","slug":"yakova-budoucnost-je-u-nas-presvedcuje-moyes","status":"publish","type":"post","link":"https:\/\/evertonfc.cz\/index.php\/2010\/04\/06\/yakova-budoucnost-je-u-nas-presvedcuje-moyes\/","title":{"rendered":"Yakova budoucnost je u n\u00e1s, p\u0159esv\u011bd\u010duje Moyes"},"content":{"rendered":"<h4>David Moyes vyvr\u00e1til spekulace o letn\u00edm odchodu Yakubua, podle mana\u017eera je Yakova budoucnost na Goodison Parku. Spolu se Sahou jsou pr\u00fd \u0161pi\u010dkov\u00ed \u00fato\u010dn\u00edci.<\/h4>\n<p>Yakubu si v listopadu roku 2008 v\u00e1\u017en\u011b poranil Achillovu \u0161lachu, zran\u011bn\u00ed ho vy\u0159adilo a\u017e do z\u00e1\u0159\u00ed minul\u00e9ho roku. Od t\u00e9 doby stihl Yakubu nast\u0159\u00edlet jen p\u011bt sout\u011b\u017en\u00edch branek, co\u017e je na kanon\u00fdra, kter\u00fd se ve sv\u00e9 prvn\u00ed sez\u00f3n\u011b v dresu Toffees (2007\/08) stal nej\u00fasp\u011b\u0161n\u011bj\u0161\u00edm st\u0159elcem Evertonu od roku 1992, kdy dal Peter Beardsley 20 branek za sezonu &#8211; Yakubu jich dok\u00e1zal d\u00e1t 21, velmi \u0161patn\u00e1 vizitka.<\/p>\n<p>Proto se za\u010daly mno\u017eit spekulace, \u017ee Yak, jen\u017e p\u0159i\u0161el do Evertonu z Middlesbrough za 11,25 milion\u016f liber, v l\u00e9t\u011b opust\u00ed Goodison Park. David Moyes to ale pop\u0159el: <em>\u201eYak je bojovn\u00edk a jeho budoucnost je zde. M\u00e1 za sebou t\u011b\u017ek\u00fd rok, v n\u011bm\u017e bojoval se zran\u011bnou Achillovkou. Dostat se zp\u011bt z takov\u00e9ho zran\u011bn\u00ed nen\u00ed snadn\u00e9. Yak tr\u00e9nuje tvrd\u011b, aby se dostal zp\u00e1tky do sv\u00e9 kondice a my mu chceme d\u00e1t \u0161anci dostat se tam, kde byl p\u0159ed sv\u00fdm zran\u011bn\u00edm.<\/em><\/p>\n<p><em>Yakubu se v tr\u00e9ninku prezentuje v dobr\u00e9m sv\u011btle, kdy\u017e je\u0161t\u011b za\u010dne st\u0159\u00edlet branky, tak se mu bude da\u0159it v\u00edce. St\u0159\u00edlen\u00ed branek na n\u011bj p\u016fsob\u00ed jako \u017eiv\u00e1 voda. V posledn\u00edch 18 m\u011bs\u00edc\u00edch \u0161el s formou trochu dol\u016f, proto\u017ee m\u011bl zran\u011bn\u00ed.<\/em><\/p>\n<p><em>Pov\u011bd\u011bl jsem hr\u00e1\u010d\u016fm, aby byli p\u0159ed brankou soupe\u0159e v\u00edce hladov\u00ed. To spl\u0148uj\u00ed kanon\u00fd\u0159i, ti ale stoj\u00ed velk\u00e9 pen\u00edze a Everton nem\u016f\u017ee v tomto konkurovat velk\u00fdm klub\u016fm. Zaplatit velk\u00e9 pen\u00edze za jednoho hr\u00e1\u010de si nem\u016f\u017eeme dovolit. My m\u00e1me ov\u0161em Louise Sahu a Yakubua, kte\u0159\u00ed maj\u00ed pot\u0159ebnou kvalitu a st\u0159\u00edlej\u00ed branky, je\u017e pot\u0159ebujeme,\u201c<\/em> prozradil Moyes.<\/p>\n","protected":false},"excerpt":{"rendered":"<p>David Moyes vyvr\u00e1til spekulace o letn\u00edm odchodu Yakubua, podle mana\u017eera je Yakova budoucnost na Goodison Parku. Spolu se Sahou jsou&hellip;<\/p>\n","protected":false},"author":6,"featured_media":1312,"comment_status":"open","ping_status":"closed","sticky":false,"template":"","format":"standard","meta":{"_eb_attr":"","_monsterinsights_skip_tracking":false,"_monsterinsights_sitenote_active":false,"_monsterinsights_sitenote_note":"","_monsterinsights_sitenote_category":0,"footnotes":""},"categories":[1],"tags":[],"yoast_head":"<!-- This site is optimized with the Yoast SEO plugin v23.4 - https:\/\/yoast.com\/wordpress\/plugins\/seo\/ -->\n<title>Yakova budoucnost je u n\u00e1s, p\u0159esv\u011bd\u010duje Moyes - Official Czech &amp; Slovak Everton Supporters&#039; Club<\/title>\n<meta name=\"robots\" content=\"index, follow, max-snippet:-1, max-image-preview:large, max-video-preview:-1\" \/>\n<link rel=\"canonical\" href=\"https:\/\/evertonfc.cz\/index.php\/2010\/04\/06\/yakova-budoucnost-je-u-nas-presvedcuje-moyes\/\" \/>\n<meta property=\"og:locale\" content=\"cs_CZ\" \/>\n<meta property=\"og:type\" content=\"article\" \/>\n<meta property=\"og:title\" content=\"Yakova budoucnost je u n\u00e1s, p\u0159esv\u011bd\u010duje Moyes - Official Czech &amp; Slovak Everton Supporters&#039; Club\" \/>\n<meta property=\"og:description\" content=\"David Moyes vyvr\u00e1til spekulace o letn\u00edm odchodu Yakubua, podle mana\u017eera je Yakova budoucnost na Goodison Parku. Spolu se Sahou jsou&hellip;\" \/>\n<meta property=\"og:url\" content=\"https:\/\/evertonfc.cz\/index.php\/2010\/04\/06\/yakova-budoucnost-je-u-nas-presvedcuje-moyes\/\" \/>\n<meta property=\"og:site_name\" content=\"Official Czech &amp; Slovak Everton Supporters&#039; Club\" \/>\n<meta property=\"article:publisher\" content=\"https:\/\/www.facebook.com\/everton.fans.cz.sk\" \/>\n<meta property=\"article:published_time\" content=\"2010-04-06T17:32:58+00:00\" \/>\n<meta property=\"article:modified_time\" content=\"2019-02-09T18:34:47+00:00\" \/>\n<meta property=\"og:image\" content=\"https:\/\/evertonfc.cz\/wp-content\/uploads\/2019\/01\/interview.jpg\" \/>\n\t<meta property=\"og:image:width\" content=\"720\" \/>\n\t<meta property=\"og:image:height\" content=\"405\" \/>\n\t<meta property=\"og:image:type\" content=\"image\/jpeg\" \/>\n<meta name=\"author\" content=\"Ri\u010di\" \/>\n<meta name=\"twitter:card\" content=\"summary_large_image\" \/>\n<meta name=\"twitter:creator\" content=\"@rbrejsa\" \/>\n<meta name=\"twitter:label1\" content=\"Napsal(a)\" \/>\n\t<meta name=\"twitter:data1\" content=\"Ri\u010di\" \/>\n\t<meta name=\"twitter:label2\" content=\"Odhadovan\u00e1 doba \u010dten\u00ed\" \/>\n\t<meta name=\"twitter:data2\" content=\"2 minuty\" \/>\n<script type=\"application\/ld+json\" class=\"yoast-schema-graph\">{\"@context\":\"https:\/\/schema.org\",\"@graph\":[{\"@type\":\"Article\",\"@id\":\"https:\/\/evertonfc.cz\/index.php\/2010\/04\/06\/yakova-budoucnost-je-u-nas-presvedcuje-moyes\/#article\",\"isPartOf\":{\"@id\":\"https:\/\/evertonfc.cz\/index.php\/2010\/04\/06\/yakova-budoucnost-je-u-nas-presvedcuje-moyes\/\"},\"author\":{\"name\":\"Ri\u010di\",\"@id\":\"https:\/\/evertonfc.cz\/#\/schema\/person\/f7a5daedb2ffee98480bc70e191aaef1\"},\"headline\":\"Yakova budoucnost je u n\u00e1s, p\u0159esv\u011bd\u010duje Moyes\",\"datePublished\":\"2010-04-06T17:32:58+00:00\",\"dateModified\":\"2019-02-09T18:34:47+00:00\",\"mainEntityOfPage\":{\"@id\":\"https:\/\/evertonfc.cz\/index.php\/2010\/04\/06\/yakova-budoucnost-je-u-nas-presvedcuje-moyes\/\"},\"wordCount\":344,\"commentCount\":0,\"publisher\":{\"@id\":\"https:\/\/evertonfc.cz\/#organization\"},\"image\":{\"@id\":\"https:\/\/evertonfc.cz\/index.php\/2010\/04\/06\/yakova-budoucnost-je-u-nas-presvedcuje-moyes\/#primaryimage\"},\"thumbnailUrl\":\"https:\/\/evertonfc.cz\/wp-content\/uploads\/2019\/01\/interview.jpg\",\"articleSection\":[\"Rozhovory\"],\"inLanguage\":\"cs\",\"potentialAction\":[{\"@type\":\"CommentAction\",\"name\":\"Comment\",\"target\":[\"https:\/\/evertonfc.cz\/index.php\/2010\/04\/06\/yakova-budoucnost-je-u-nas-presvedcuje-moyes\/#respond\"]}]},{\"@type\":\"WebPage\",\"@id\":\"https:\/\/evertonfc.cz\/index.php\/2010\/04\/06\/yakova-budoucnost-je-u-nas-presvedcuje-moyes\/\",\"url\":\"https:\/\/evertonfc.cz\/index.php\/2010\/04\/06\/yakova-budoucnost-je-u-nas-presvedcuje-moyes\/\",\"name\":\"Yakova budoucnost je u n\u00e1s, p\u0159esv\u011bd\u010duje Moyes - Official Czech &amp; Slovak Everton Supporters&#039; Club\",\"isPartOf\":{\"@id\":\"https:\/\/evertonfc.cz\/#website\"},\"primaryImageOfPage\":{\"@id\":\"https:\/\/evertonfc.cz\/index.php\/2010\/04\/06\/yakova-budoucnost-je-u-nas-presvedcuje-moyes\/#primaryimage\"},\"image\":{\"@id\":\"https:\/\/evertonfc.cz\/index.php\/2010\/04\/06\/yakova-budoucnost-je-u-nas-presvedcuje-moyes\/#primaryimage\"},\"thumbnailUrl\":\"https:\/\/evertonfc.cz\/wp-content\/uploads\/2019\/01\/interview.jpg\",\"datePublished\":\"2010-04-06T17:32:58+00:00\",\"dateModified\":\"2019-02-09T18:34:47+00:00\",\"breadcrumb\":{\"@id\":\"https:\/\/evertonfc.cz\/index.php\/2010\/04\/06\/yakova-budoucnost-je-u-nas-presvedcuje-moyes\/#breadcrumb\"},\"inLanguage\":\"cs\",\"potentialAction\":[{\"@type\":\"ReadAction\",\"target\":[\"https:\/\/evertonfc.cz\/index.php\/2010\/04\/06\/yakova-budoucnost-je-u-nas-presvedcuje-moyes\/\"]}]},{\"@type\":\"ImageObject\",\"inLanguage\":\"cs\",\"@id\":\"https:\/\/evertonfc.cz\/index.php\/2010\/04\/06\/yakova-budoucnost-je-u-nas-presvedcuje-moyes\/#primaryimage\",\"url\":\"https:\/\/evertonfc.cz\/wp-content\/uploads\/2019\/01\/interview.jpg\",\"contentUrl\":\"https:\/\/evertonfc.cz\/wp-content\/uploads\/2019\/01\/interview.jpg\",\"width\":720,\"height\":405},{\"@type\":\"BreadcrumbList\",\"@id\":\"https:\/\/evertonfc.cz\/index.php\/2010\/04\/06\/yakova-budoucnost-je-u-nas-presvedcuje-moyes\/#breadcrumb\",\"itemListElement\":[{\"@type\":\"ListItem\",\"position\":1,\"name\":\"Home\",\"item\":\"https:\/\/evertonfc.cz\/\"},{\"@type\":\"ListItem\",\"position\":2,\"name\":\"Yakova budoucnost je u n\u00e1s, p\u0159esv\u011bd\u010duje Moyes\"}]},{\"@type\":\"WebSite\",\"@id\":\"https:\/\/evertonfc.cz\/#website\",\"url\":\"https:\/\/evertonfc.cz\/\",\"name\":\"Official Czech &amp; Slovak Everton Supporters&#039; Club\",\"description\":\"\",\"publisher\":{\"@id\":\"https:\/\/evertonfc.cz\/#organization\"},\"potentialAction\":[{\"@type\":\"SearchAction\",\"target\":{\"@type\":\"EntryPoint\",\"urlTemplate\":\"https:\/\/evertonfc.cz\/?s={search_term_string}\"},\"query-input\":{\"@type\":\"PropertyValueSpecification\",\"valueRequired\":true,\"valueName\":\"search_term_string\"}}],\"inLanguage\":\"cs\"},{\"@type\":\"Organization\",\"@id\":\"https:\/\/evertonfc.cz\/#organization\",\"name\":\"Official Czech & Slovak Everton Supporters' Club\",\"url\":\"https:\/\/evertonfc.cz\/\",\"logo\":{\"@type\":\"ImageObject\",\"inLanguage\":\"cs\",\"@id\":\"https:\/\/evertonfc.cz\/#\/schema\/logo\/image\/\",\"url\":\"https:\/\/evertonfc.cz\/wp-content\/uploads\/2019\/05\/logo.png\",\"contentUrl\":\"https:\/\/evertonfc.cz\/wp-content\/uploads\/2019\/05\/logo.png\",\"width\":112,\"height\":112,\"caption\":\"Official Czech & Slovak Everton Supporters' Club\"},\"image\":{\"@id\":\"https:\/\/evertonfc.cz\/#\/schema\/logo\/image\/\"},\"sameAs\":[\"https:\/\/www.facebook.com\/everton.fans.cz.sk\"]},{\"@type\":\"Person\",\"@id\":\"https:\/\/evertonfc.cz\/#\/schema\/person\/f7a5daedb2ffee98480bc70e191aaef1\",\"name\":\"Ri\u010di\",\"sameAs\":[\"https:\/\/x.com\/rbrejsa\"],\"url\":\"https:\/\/evertonfc.cz\/index.php\/author\/rici\/\"}]}<\/script>\n<!-- \/ Yoast SEO plugin. -->","yoast_head_json":{"title":"Yakova budoucnost je u n\u00e1s, p\u0159esv\u011bd\u010duje Moyes - Official Czech &amp; Slovak Everton Supporters&#039; Club","robots":{"index":"index","follow":"follow","max-snippet":"max-snippet:-1","max-image-preview":"max-image-preview:large","max-video-preview":"max-video-preview:-1"},"canonical":"https:\/\/evertonfc.cz\/index.php\/2010\/04\/06\/yakova-budoucnost-je-u-nas-presvedcuje-moyes\/","og_locale":"cs_CZ","og_type":"article","og_title":"Yakova budoucnost je u n\u00e1s, p\u0159esv\u011bd\u010duje Moyes - Official Czech &amp; Slovak Everton Supporters&#039; Club","og_description":"David Moyes vyvr\u00e1til spekulace o letn\u00edm odchodu Yakubua, podle mana\u017eera je Yakova budoucnost na Goodison Parku. Spolu se Sahou jsou&hellip;","og_url":"https:\/\/evertonfc.cz\/index.php\/2010\/04\/06\/yakova-budoucnost-je-u-nas-presvedcuje-moyes\/","og_site_name":"Official Czech &amp; Slovak Everton Supporters&#039; Club","article_publisher":"https:\/\/www.facebook.com\/everton.fans.cz.sk","article_published_time":"2010-04-06T17:32:58+00:00","article_modified_time":"2019-02-09T18:34:47+00:00","og_image":[{"width":720,"height":405,"url":"https:\/\/evertonfc.cz\/wp-content\/uploads\/2019\/01\/interview.jpg","type":"image\/jpeg"}],"author":"Ri\u010di","twitter_card":"summary_large_image","twitter_creator":"@rbrejsa","twitter_misc":{"Napsal(a)":"Ri\u010di","Odhadovan\u00e1 doba \u010dten\u00ed":"2 minuty"},"schema":{"@context":"https:\/\/schema.org","@graph":[{"@type":"Article","@id":"https:\/\/evertonfc.cz\/index.php\/2010\/04\/06\/yakova-budoucnost-je-u-nas-presvedcuje-moyes\/#article","isPartOf":{"@id":"https:\/\/evertonfc.cz\/index.php\/2010\/04\/06\/yakova-budoucnost-je-u-nas-presvedcuje-moyes\/"},"author":{"name":"Ri\u010di","@id":"https:\/\/evertonfc.cz\/#\/schema\/person\/f7a5daedb2ffee98480bc70e191aaef1"},"headline":"Yakova budoucnost je u n\u00e1s, p\u0159esv\u011bd\u010duje Moyes","datePublished":"2010-04-06T17:32:58+00:00","dateModified":"2019-02-09T18:34:47+00:00","mainEntityOfPage":{"@id":"https:\/\/evertonfc.cz\/index.php\/2010\/04\/06\/yakova-budoucnost-je-u-nas-presvedcuje-moyes\/"},"wordCount":344,"commentCount":0,"publisher":{"@id":"https:\/\/evertonfc.cz\/#organization"},"image":{"@id":"https:\/\/evertonfc.cz\/index.php\/2010\/04\/06\/yakova-budoucnost-je-u-nas-presvedcuje-moyes\/#primaryimage"},"thumbnailUrl":"https:\/\/evertonfc.cz\/wp-content\/uploads\/2019\/01\/interview.jpg","articleSection":["Rozhovory"],"inLanguage":"cs","potentialAction":[{"@type":"CommentAction","name":"Comment","target":["https:\/\/evertonfc.cz\/index.php\/2010\/04\/06\/yakova-budoucnost-je-u-nas-presvedcuje-moyes\/#respond"]}]},{"@type":"WebPage","@id":"https:\/\/evertonfc.cz\/index.php\/2010\/04\/06\/yakova-budoucnost-je-u-nas-presvedcuje-moyes\/","url":"https:\/\/evertonfc.cz\/index.php\/2010\/04\/06\/yakova-budoucnost-je-u-nas-presvedcuje-moyes\/","name":"Yakova budoucnost je u n\u00e1s, p\u0159esv\u011bd\u010duje Moyes - Official Czech &amp; Slovak Everton Supporters&#039; Club","isPartOf":{"@id":"https:\/\/evertonfc.cz\/#website"},"primaryImageOfPage":{"@id":"https:\/\/evertonfc.cz\/index.php\/2010\/04\/06\/yakova-budoucnost-je-u-nas-presvedcuje-moyes\/#primaryimage"},"image":{"@id":"https:\/\/evertonfc.cz\/index.php\/2010\/04\/06\/yakova-budoucnost-je-u-nas-presvedcuje-moyes\/#primaryimage"},"thumbnailUrl":"https:\/\/evertonfc.cz\/wp-content\/uploads\/2019\/01\/interview.jpg","datePublished":"2010-04-06T17:32:58+00:00","dateModified":"2019-02-09T18:34:47+00:00","breadcrumb":{"@id":"https:\/\/evertonfc.cz\/index.php\/2010\/04\/06\/yakova-budoucnost-je-u-nas-presvedcuje-moyes\/#breadcrumb"},"inLanguage":"cs","potentialAction":[{"@type":"ReadAction","target":["https:\/\/evertonfc.cz\/index.php\/2010\/04\/06\/yakova-budoucnost-je-u-nas-presvedcuje-moyes\/"]}]},{"@type":"ImageObject","inLanguage":"cs","@id":"https:\/\/evertonfc.cz\/index.php\/2010\/04\/06\/yakova-budoucnost-je-u-nas-presvedcuje-moyes\/#primaryimage","url":"https:\/\/evertonfc.cz\/wp-content\/uploads\/2019\/01\/interview.jpg","contentUrl":"https:\/\/evertonfc.cz\/wp-content\/uploads\/2019\/01\/interview.jpg","width":720,"height":405},{"@type":"BreadcrumbList","@id":"https:\/\/evertonfc.cz\/index.php\/2010\/04\/06\/yakova-budoucnost-je-u-nas-presvedcuje-moyes\/#breadcrumb","itemListElement":[{"@type":"ListItem","position":1,"name":"Home","item":"https:\/\/evertonfc.cz\/"},{"@type":"ListItem","position":2,"name":"Yakova budoucnost je u n\u00e1s, p\u0159esv\u011bd\u010duje Moyes"}]},{"@type":"WebSite","@id":"https:\/\/evertonfc.cz\/#website","url":"https:\/\/evertonfc.cz\/","name":"Official Czech &amp; Slovak Everton Supporters&#039; Club","description":"","publisher":{"@id":"https:\/\/evertonfc.cz\/#organization"},"potentialAction":[{"@type":"SearchAction","target":{"@type":"EntryPoint","urlTemplate":"https:\/\/evertonfc.cz\/?s={search_term_string}"},"query-input":{"@type":"PropertyValueSpecification","valueRequired":true,"valueName":"search_term_string"}}],"inLanguage":"cs"},{"@type":"Organization","@id":"https:\/\/evertonfc.cz\/#organization","name":"Official Czech & Slovak Everton Supporters' Club","url":"https:\/\/evertonfc.cz\/","logo":{"@type":"ImageObject","inLanguage":"cs","@id":"https:\/\/evertonfc.cz\/#\/schema\/logo\/image\/","url":"https:\/\/evertonfc.cz\/wp-content\/uploads\/2019\/05\/logo.png","contentUrl":"https:\/\/evertonfc.cz\/wp-content\/uploads\/2019\/05\/logo.png","width":112,"height":112,"caption":"Official Czech & Slovak Everton Supporters' Club"},"image":{"@id":"https:\/\/evertonfc.cz\/#\/schema\/logo\/image\/"},"sameAs":["https:\/\/www.facebook.com\/everton.fans.cz.sk"]},{"@type":"Person","@id":"https:\/\/evertonfc.cz\/#\/schema\/person\/f7a5daedb2ffee98480bc70e191aaef1","name":"Ri\u010di","sameAs":["https:\/\/x.com\/rbrejsa"],"url":"https:\/\/evertonfc.cz\/index.php\/author\/rici\/"}]}},"_links":{"self":[{"href":"https:\/\/evertonfc.cz\/index.php\/wp-json\/wp\/v2\/posts\/2637"}],"collection":[{"href":"https:\/\/evertonfc.cz\/index.php\/wp-json\/wp\/v2\/posts"}],"about":[{"href":"https:\/\/evertonfc.cz\/index.php\/wp-json\/wp\/v2\/types\/post"}],"author":[{"embeddable":true,"href":"https:\/\/evertonfc.cz\/index.php\/wp-json\/wp\/v2\/users\/6"}],"replies":[{"embeddable":true,"href":"https:\/\/evertonfc.cz\/index.php\/wp-json\/wp\/v2\/comments?post=2637"}],"version-history":[{"count":1,"href":"https:\/\/evertonfc.cz\/index.php\/wp-json\/wp\/v2\/posts\/2637\/revisions"}],"predecessor-version":[{"id":2638,"href":"https:\/\/evertonfc.cz\/index.php\/wp-json\/wp\/v2\/posts\/2637\/revisions\/2638"}],"wp:featuredmedia":[{"embeddable":true,"href":"https:\/\/evertonfc.cz\/index.php\/wp-json\/wp\/v2\/media\/1312"}],"wp:attachment":[{"href":"https:\/\/evertonfc.cz\/index.php\/wp-json\/wp\/v2\/media?parent=2637"}],"wp:term":[{"taxonomy":"category","embeddable":true,"href":"https:\/\/evertonfc.cz\/index.php\/wp-json\/wp\/v2\/categories?post=2637"},{"taxonomy":"post_tag","embeddable":true,"href":"https:\/\/evertonfc.cz\/index.php\/wp-json\/wp\/v2\/tags?post=2637"}],"curies":[{"name":"wp","href":"https:\/\/api.w.org\/{rel}","templated":true}]}}