{"id":26377,"date":"2025-02-23T17:55:41","date_gmt":"2025-02-23T16:55:41","guid":{"rendered":"https:\/\/evertonfc.cz\/?p=26377"},"modified":"2025-02-23T17:55:41","modified_gmt":"2025-02-23T16:55:41","slug":"everton-manchester-united-22","status":"publish","type":"post","link":"https:\/\/evertonfc.cz\/index.php\/2025\/02\/23\/everton-manchester-united-22\/","title":{"rendered":"Everton \u2013 Manchester United 2:2"},"content":{"rendered":"<h4>Tak si to povedzme otvorene a\u00a0bez politickej korektnosti. Vo v\u010deraj\u0161om z\u00e1pase obrali rozhodcovia a\u00a0nefunk\u010dn\u00fd VAR v\u00a0nadstavenom \u010dase Karamelky o mo\u017en\u00e9\u00a0v\u00ed\u0165azstvo! A\u00a0\u017eiadny diskusn\u00fd st\u00f4l \u201echange my mind\u201c.<\/h4>\n<p>Hanba! Tak sme mohli skandova\u0165 za obrazovkami, ke\u010f sme v\u010dera sledovali, ako v\u00a0priamom prenose nefunguje v\u00a0najsledovanej\u0161ej lige sveta syst\u00e9m riadenia hry. Evertonians na \u0161tadi\u00f3ne dali tie\u017e jasne najavo, \u010do si myslia. Zborov\u00e9 <em>\u201eCheat, cheat, cheat!\u201c<\/em> sa rozliehalo v\u00a0hlav\u00e1ch goodisonsk\u00e9ho sektora host\u00ed naposledy. \u010co si maj\u00fa myslie\u0165 fan\u00fa\u0161ikovia? A\u00a0\u010do si vlastne myslia t\u00ed rozhodcovia?<\/p>\n<p>S\u00fa naozaj tak neschopn\u00ed pos\u00fadi\u0165 situ\u00e1ciu pod\u013ea platn\u00fdch pravidiel, nastavi\u0165 si na z\u00e1zname spr\u00e1vny uhol, a vidie\u0165, ako je Young opakovane dr\u017ean\u00fd a \u0165ahan\u00fd za dres de Ligtom? Pre\u010do Young nedostal \u017elt\u00fa kartu za simulovanie? Cel\u00e1 situ\u00e1cia sa na ihrisku prezerala len z poh\u013eadu na Maguirea, ktor\u00fd nebol ani hlavn\u00fd vinn\u00edk. Ot\u00e1zka znie, \u010di sa p\u00ed\u0161\u0165alkovia len nez\u013eakli tak z\u00e1va\u017en\u00e9ho rozhodnutia, ktor\u00e9 by v ich kr\u00edze e\u0161te viac po\u0161kodilo jeden z najsledovanej\u0161\u00edch klubov na plan\u00e9te. \u201e&#8230;jdu blejt!\u201c<\/p>\n<p>\u010cloveku sa po takom z\u00e1\u017eitku ani \u010falej nechce zaobera\u0165 zvy\u0161kom z\u00e1pasu. Ten bol na pomery EFC op\u00e4\u0165 \u00fa\u017easn\u00fd, pokra\u010duj\u00fac v\u00a0trende renesancie pod staro-nov\u00fdm mana\u017e\u00e9rom. Jedin\u00e9, \u010do tomu m\u00f4\u017eeme vy\u010d\u00edta\u0165, je mal\u00e1 proaktivita v\u00a0striedaniach, a\u00a0ned\u00f4vera v\u00a0hr\u00e1\u010dov z akad\u00e9mie na lavi\u010dke, ktor\u00ed tak\u00fa pr\u00e1cu ako pressing s\u00fapera 10 min\u00fat pred koncom ur\u010dite zvl\u00e1dnu. Pre\u010do sme sn\u00e1\u010f jedin\u00ed zbabelci v\u00a0tomto?<\/p>\n<h4><strong>1.pol\u010das<\/strong><\/h4>\n<p>N\u00e1vrat Doucour\u00e9ho do z\u00e1kladu sa mana\u017e\u00e9rovi oplatil. O\u010dividne hladn\u00fd, ned\u00e1val rozohr\u00e1vke host\u00ed pokoj, a\u00a0spolu s\u00a0Betom ich n\u00fatili k\u00a0chyb\u00e1m. S\u00a0nad\u0161en\u00edm sme mohli sledova\u0165, ako si nedok\u00e1\u017eu trikr\u00e1t presne prihra\u0165, a\u00a0posledn\u00fd pokus v\u017edy skon\u010dil na na\u0161ich kopa\u010dk\u00e1ch. A\u00a0to si prihr\u00e1vali hr\u00e1\u010di za stovky mili\u00f3nov libier.<\/p>\n<p>V\u00a019. min\u00fate nevedel s\u00faper po rohu odprata\u0165 loptu, a\u00a0tak po pinballe Doucs pred\u013a\u017eil na Beta, ktor\u00fd bez v\u00e1hania zakon\u010dil half-volejom od zeme na <strong>1:0<\/strong>. Po polhodine hry sme sa peknou kolmou akciou dostali z\u00a0vlastnej \u0161estn\u00e1stky a\u017e do s\u00faperovej, kde Harrison po prihr\u00e1vke Beta takmer prekonal Onanu, ale doklep\u00e1va\u0165 hlavou vo vzdu\u0161nom s\u00faboji musel op\u00e4\u0165 v\u0161adepr\u00edtomn\u00fd motorov\u00fd Doucour\u00e9. <strong>2:0<\/strong><\/p>\n<p>Wau! To bola hra. Dominovali sme, a\u00a0Manchester bol na uter\u00e1k. Neuk\u00e1zali asi okrem jednej v\u00e1\u017enej\u0161ej \u0161ance absol\u00fatne ni\u010d. Potom v\u0161ak pri\u0161iel druh\u00fd pol\u010das, a\u00a0opr\u00e1vnen\u00e9 obavy, \u010di udr\u017e\u00edme intenzitu na\u0161ej hry. Varovn\u00e9 prsty n\u00e1m uk\u00e1zalo nieko\u013eko hr\u00e1\u010dov, ktor\u00ed u\u017e toho za\u010d\u00ednaj\u00fa ma\u0165 fyzicky dos\u0165. A\u00a0to o\u00a0tri dni hr\u00e1me s\u00a0Brentfordom.<\/p>\n<h4><strong>2.pol\u010das<\/strong><\/h4>\n<p>Takto z ihriska sch\u00e1dzal v 54. min\u00fate Lindstr\u00f8m. Young svojim pr\u00edchodom nenadchol a tradi\u010dne ochabil prav\u00fa stranu. A\u017e tak, \u017ee prienik do poslednej tretiny musel uk\u00e1za\u0165 obor O&#8217;Brien, ktor\u00fd dokonca poslal tak fantastick\u00fd center, \u017ee aj (op\u00e4\u0165) Doucour\u00e9ho volej musel prin\u00fa\u0165 Onanu k v\u00e1\u017enemu z\u00e1kroku. Tret\u00ed sme nedali, a postupne ustal aj vysok\u00fd pressing. Od 70 min\u00faty \u0165ahali nohy v\u0161etci okrem na\u0161ich obrancov a brank\u00e1ra.<\/p>\n<p>N\u00e1sledne pri\u0161iel inkriminovan\u00fd moment ruky Doucsa po \u0161tandardke, \u010d\u00edm si United dali repete, ale bli\u017e\u0161ie k\u00a0br\u00e1ne. A\u00a0Fernandes to kopol li\u0161iacky na zadn\u00fa \u017er\u010f, kde mo\u017eno mohol niekto z na\u0161ich by\u0165. Zn\u00ed\u017een\u00e9 a\u00a0<strong>2:1<\/strong> a\u00a0Houston, m\u00e1me probl\u00e9m. Devils prebrali opraty a\u00a0stup\u0148ovali tlak. U\u017e nemal kto zamestn\u00e1va\u0165, k tomu nervozita. V\u00a080. min\u00fate lopta z\u00a0priameho kopu do v\u00e1pna, ale odrazili sme ju len k\u00a0Ugartemu, ktor\u00fd prep\u00e1lil v\u0161etko. Bum, <strong>2:2! <\/strong>A nad koncom som sa roz\u010d\u00falil u\u017e na za\u010diatku, tak\u017ee sta\u010dilo na dnes&#8230;<\/p>\n<h4><strong>David Moyes po z\u00e1pase:<\/strong><\/h4>\n<blockquote><p><span style=\"font-size: 12pt;\"><em>\u201eNemysl\u00edm si, \u017ee rozhodca mal by\u0165 povolan\u00fd k VARu, to naozaj nie. Pre\u010do do toho zasahoval VAR? Nem\u00e1m potuchy. Pokia\u013e si naozaj nemysleli, \u017ee je to zl\u00e9, tak nie, jednozna\u010dn\u00e9 potiahnutie dresu a Ash ide dole. Keby to bolo naopak <\/em>(\u017ee VAR nahl\u00e1si penaltu)<em>, ani by som sa ne\u010dudoval, keby to bolo odp\u00edskan\u00e9. Tak\u017ee som v tomto rozhodnut\u00ed dos\u0165 neutr\u00e1lny. Ale nedostali sme to, a to je v\u0161etko. Proti Liverpoolu sme remizovali 2:2 a bolo to ako v\u00ed\u0165azstvo. Dnes je rem\u00edza 2:2 a je to trochu ako prehra. Ale hovor\u00ed n\u00e1m, ako \u010faleko sme sa dostali, ke\u010f sme sklaman\u00ed, \u017ee nem\u00f4\u017eeme porazi\u0165 Manchester United.\u201c<\/em><\/span><\/p><\/blockquote>\n<h3 style=\"text-align: center;\"><em><span style=\"color: #3366ff;\"><strong>Come on you Blues !!!<\/strong><\/span><\/em><\/h3>\n<p style=\"text-align: right;\"><span style=\"font-size: 8pt;\">(fotozdroj: Sky Sports)<\/span><\/p>\n<p><strong>Zostrihy: <\/strong><a href=\"https:\/\/hoofoot.com\/?match=Everton_v_Manchester_United_2025_02_22\">HooFoot.com<\/a> \/ <a href=\"https:\/\/www.evertonfc.com\/news\/2025\/february\/23\/full-90--everton-v-manchester-united\/\">Everton TV<\/a><\/p>\n<p><strong>G\u00f3ly: <\/strong>19\u00b4 Beto (Doucour\u00e9), 33\u00b4 Doucour\u00e9, 72\u00b4 Fernandes, 80\u00b4 Ugarte<\/p>\n<p><strong>\u017dlt\u00e9 karty:<\/strong> 40+3\u00b4 O&#8217;Brien, 63\u00b4 Garner, 79\u00b4 Young, 90\u00b4 Obi<\/p>\n<p><strong>Everton FC:<\/strong> Pickford \u2013 O&#8217;Brien (88\u00b4 Keane), Tarkowski, Branthwaite, Mykolenko \u2013 Lindstr\u00f8m (54\u00b4 Young), Gueye, Doucour\u00e9 (81\u00b4 Alcaraz), Garner, Harrison \u2013 Beto<\/p>\n<p><strong>Manchester United FC:<\/strong> Onana \u2013 Dalot, Mazraoui (70\u00b4 Yoro), Maguire, de Ligt, Dorgu \u2013 Ugarte, Casemiro (62\u00b4 Garnacho), Fernandes \u2013 Zirkzee, H\u00f8jlund (70\u00b4 Obi)<\/p>\n<p><strong>Rozhodca: <\/strong>Andrew Madley\u00a0 <strong>Div\u00e1ci: <\/strong>39 290<strong>\u00a0 Hr\u00e1\u010d z\u00e1pasu EFC:<\/strong> Abdoulaye Doucour\u00e9<\/p>\n","protected":false},"excerpt":{"rendered":"<p>Tak si to povedzme otvorene a\u00a0bez politickej korektnosti. Vo v\u010deraj\u0161om z\u00e1pase obrali rozhodcovia a\u00a0nefunk\u010dn\u00fd VAR v\u00a0nadstavenom \u010dase Karamelky o mo\u017en\u00e9\u00a0v\u00ed\u0165azstvo! A\u00a0\u017eiadny diskusn\u00fd st\u00f4l \u201echange my mind\u201c.<\/p>\n","protected":false},"author":1,"featured_media":26379,"comment_status":"open","ping_status":"closed","sticky":false,"template":"","format":"standard","meta":{"_eb_attr":"","_monsterinsights_skip_tracking":false,"_monsterinsights_sitenote_active":false,"_monsterinsights_sitenote_note":"","_monsterinsights_sitenote_category":0,"footnotes":""},"categories":[4],"tags":[],"yoast_head":"<!-- This site is optimized with the Yoast SEO plugin v23.4 - https:\/\/yoast.com\/wordpress\/plugins\/seo\/ -->\n<title>Everton \u2013 Manchester United 2:2 - Official Czech &amp; Slovak Everton Supporters&#039; Club<\/title>\n<meta name=\"robots\" content=\"index, follow, max-snippet:-1, max-image-preview:large, max-video-preview:-1\" \/>\n<link rel=\"canonical\" href=\"https:\/\/evertonfc.cz\/index.php\/2025\/02\/23\/everton-manchester-united-22\/\" \/>\n<meta property=\"og:locale\" content=\"cs_CZ\" \/>\n<meta property=\"og:type\" content=\"article\" \/>\n<meta property=\"og:title\" content=\"Everton \u2013 Manchester United 2:2 - Official Czech &amp; Slovak Everton Supporters&#039; Club\" \/>\n<meta property=\"og:description\" content=\"Tak si to povedzme otvorene a\u00a0bez politickej korektnosti. Vo v\u010deraj\u0161om z\u00e1pase obrali rozhodcovia a\u00a0nefunk\u010dn\u00fd VAR v\u00a0nadstavenom \u010dase Karamelky o mo\u017en\u00e9\u00a0v\u00ed\u0165azstvo! A\u00a0\u017eiadny diskusn\u00fd st\u00f4l \u201echange my mind\u201c.\" \/>\n<meta property=\"og:url\" content=\"https:\/\/evertonfc.cz\/index.php\/2025\/02\/23\/everton-manchester-united-22\/\" \/>\n<meta property=\"og:site_name\" content=\"Official Czech &amp; Slovak Everton Supporters&#039; Club\" \/>\n<meta property=\"article:publisher\" content=\"https:\/\/www.facebook.com\/everton.fans.cz.sk\" \/>\n<meta property=\"article:published_time\" content=\"2025-02-23T16:55:41+00:00\" \/>\n<meta property=\"og:image\" content=\"https:\/\/evertonfc.cz\/wp-content\/uploads\/2025\/02\/Everton-penalty-2-2-Manchester-United-by-Sky-Sports-22-2-2025.jpg\" \/>\n\t<meta property=\"og:image:width\" content=\"720\" \/>\n\t<meta property=\"og:image:height\" content=\"405\" \/>\n\t<meta property=\"og:image:type\" content=\"image\/jpeg\" \/>\n<meta name=\"author\" content=\"BlueBlooded\" \/>\n<meta name=\"twitter:card\" content=\"summary_large_image\" \/>\n<meta name=\"twitter:label1\" content=\"Napsal(a)\" \/>\n\t<meta name=\"twitter:data1\" content=\"BlueBlooded\" \/>\n\t<meta name=\"twitter:label2\" content=\"Odhadovan\u00e1 doba \u010dten\u00ed\" \/>\n\t<meta name=\"twitter:data2\" content=\"4 minuty\" \/>\n<script type=\"application\/ld+json\" class=\"yoast-schema-graph\">{\"@context\":\"https:\/\/schema.org\",\"@graph\":[{\"@type\":\"Article\",\"@id\":\"https:\/\/evertonfc.cz\/index.php\/2025\/02\/23\/everton-manchester-united-22\/#article\",\"isPartOf\":{\"@id\":\"https:\/\/evertonfc.cz\/index.php\/2025\/02\/23\/everton-manchester-united-22\/\"},\"author\":{\"name\":\"BlueBlooded\",\"@id\":\"https:\/\/evertonfc.cz\/#\/schema\/person\/d4493b8cbea51532597fbc4685698916\"},\"headline\":\"Everton \u2013 Manchester United 2:2\",\"datePublished\":\"2025-02-23T16:55:41+00:00\",\"dateModified\":\"2025-02-23T16:55:41+00:00\",\"mainEntityOfPage\":{\"@id\":\"https:\/\/evertonfc.cz\/index.php\/2025\/02\/23\/everton-manchester-united-22\/\"},\"wordCount\":871,\"commentCount\":10,\"publisher\":{\"@id\":\"https:\/\/evertonfc.cz\/#organization\"},\"image\":{\"@id\":\"https:\/\/evertonfc.cz\/index.php\/2025\/02\/23\/everton-manchester-united-22\/#primaryimage\"},\"thumbnailUrl\":\"https:\/\/evertonfc.cz\/wp-content\/uploads\/2025\/02\/Everton-penalty-2-2-Manchester-United-by-Sky-Sports-22-2-2025.jpg\",\"articleSection\":[\"Z\u00e1pasy\"],\"inLanguage\":\"cs\",\"potentialAction\":[{\"@type\":\"CommentAction\",\"name\":\"Comment\",\"target\":[\"https:\/\/evertonfc.cz\/index.php\/2025\/02\/23\/everton-manchester-united-22\/#respond\"]}]},{\"@type\":\"WebPage\",\"@id\":\"https:\/\/evertonfc.cz\/index.php\/2025\/02\/23\/everton-manchester-united-22\/\",\"url\":\"https:\/\/evertonfc.cz\/index.php\/2025\/02\/23\/everton-manchester-united-22\/\",\"name\":\"Everton \u2013 Manchester United 2:2 - Official Czech &amp; Slovak Everton Supporters&#039; Club\",\"isPartOf\":{\"@id\":\"https:\/\/evertonfc.cz\/#website\"},\"primaryImageOfPage\":{\"@id\":\"https:\/\/evertonfc.cz\/index.php\/2025\/02\/23\/everton-manchester-united-22\/#primaryimage\"},\"image\":{\"@id\":\"https:\/\/evertonfc.cz\/index.php\/2025\/02\/23\/everton-manchester-united-22\/#primaryimage\"},\"thumbnailUrl\":\"https:\/\/evertonfc.cz\/wp-content\/uploads\/2025\/02\/Everton-penalty-2-2-Manchester-United-by-Sky-Sports-22-2-2025.jpg\",\"datePublished\":\"2025-02-23T16:55:41+00:00\",\"dateModified\":\"2025-02-23T16:55:41+00:00\",\"breadcrumb\":{\"@id\":\"https:\/\/evertonfc.cz\/index.php\/2025\/02\/23\/everton-manchester-united-22\/#breadcrumb\"},\"inLanguage\":\"cs\",\"potentialAction\":[{\"@type\":\"ReadAction\",\"target\":[\"https:\/\/evertonfc.cz\/index.php\/2025\/02\/23\/everton-manchester-united-22\/\"]}]},{\"@type\":\"ImageObject\",\"inLanguage\":\"cs\",\"@id\":\"https:\/\/evertonfc.cz\/index.php\/2025\/02\/23\/everton-manchester-united-22\/#primaryimage\",\"url\":\"https:\/\/evertonfc.cz\/wp-content\/uploads\/2025\/02\/Everton-penalty-2-2-Manchester-United-by-Sky-Sports-22-2-2025.jpg\",\"contentUrl\":\"https:\/\/evertonfc.cz\/wp-content\/uploads\/2025\/02\/Everton-penalty-2-2-Manchester-United-by-Sky-Sports-22-2-2025.jpg\",\"width\":720,\"height\":405},{\"@type\":\"BreadcrumbList\",\"@id\":\"https:\/\/evertonfc.cz\/index.php\/2025\/02\/23\/everton-manchester-united-22\/#breadcrumb\",\"itemListElement\":[{\"@type\":\"ListItem\",\"position\":1,\"name\":\"Home\",\"item\":\"https:\/\/evertonfc.cz\/\"},{\"@type\":\"ListItem\",\"position\":2,\"name\":\"Everton \u2013 Manchester United 2:2\"}]},{\"@type\":\"WebSite\",\"@id\":\"https:\/\/evertonfc.cz\/#website\",\"url\":\"https:\/\/evertonfc.cz\/\",\"name\":\"Official Czech &amp; Slovak Everton Supporters&#039; Club\",\"description\":\"\",\"publisher\":{\"@id\":\"https:\/\/evertonfc.cz\/#organization\"},\"potentialAction\":[{\"@type\":\"SearchAction\",\"target\":{\"@type\":\"EntryPoint\",\"urlTemplate\":\"https:\/\/evertonfc.cz\/?s={search_term_string}\"},\"query-input\":{\"@type\":\"PropertyValueSpecification\",\"valueRequired\":true,\"valueName\":\"search_term_string\"}}],\"inLanguage\":\"cs\"},{\"@type\":\"Organization\",\"@id\":\"https:\/\/evertonfc.cz\/#organization\",\"name\":\"Official Czech & Slovak Everton Supporters' Club\",\"url\":\"https:\/\/evertonfc.cz\/\",\"logo\":{\"@type\":\"ImageObject\",\"inLanguage\":\"cs\",\"@id\":\"https:\/\/evertonfc.cz\/#\/schema\/logo\/image\/\",\"url\":\"https:\/\/evertonfc.cz\/wp-content\/uploads\/2019\/05\/logo.png\",\"contentUrl\":\"https:\/\/evertonfc.cz\/wp-content\/uploads\/2019\/05\/logo.png\",\"width\":112,\"height\":112,\"caption\":\"Official Czech & Slovak Everton Supporters' Club\"},\"image\":{\"@id\":\"https:\/\/evertonfc.cz\/#\/schema\/logo\/image\/\"},\"sameAs\":[\"https:\/\/www.facebook.com\/everton.fans.cz.sk\"]},{\"@type\":\"Person\",\"@id\":\"https:\/\/evertonfc.cz\/#\/schema\/person\/d4493b8cbea51532597fbc4685698916\",\"name\":\"BlueBlooded\",\"url\":\"https:\/\/evertonfc.cz\/index.php\/author\/admin\/\"}]}<\/script>\n<!-- \/ Yoast SEO plugin. -->","yoast_head_json":{"title":"Everton \u2013 Manchester United 2:2 - Official Czech &amp; Slovak Everton Supporters&#039; Club","robots":{"index":"index","follow":"follow","max-snippet":"max-snippet:-1","max-image-preview":"max-image-preview:large","max-video-preview":"max-video-preview:-1"},"canonical":"https:\/\/evertonfc.cz\/index.php\/2025\/02\/23\/everton-manchester-united-22\/","og_locale":"cs_CZ","og_type":"article","og_title":"Everton \u2013 Manchester United 2:2 - Official Czech &amp; Slovak Everton Supporters&#039; Club","og_description":"Tak si to povedzme otvorene a\u00a0bez politickej korektnosti. Vo v\u010deraj\u0161om z\u00e1pase obrali rozhodcovia a\u00a0nefunk\u010dn\u00fd VAR v\u00a0nadstavenom \u010dase Karamelky o mo\u017en\u00e9\u00a0v\u00ed\u0165azstvo! A\u00a0\u017eiadny diskusn\u00fd st\u00f4l \u201echange my mind\u201c.","og_url":"https:\/\/evertonfc.cz\/index.php\/2025\/02\/23\/everton-manchester-united-22\/","og_site_name":"Official Czech &amp; Slovak Everton Supporters&#039; Club","article_publisher":"https:\/\/www.facebook.com\/everton.fans.cz.sk","article_published_time":"2025-02-23T16:55:41+00:00","og_image":[{"width":720,"height":405,"url":"https:\/\/evertonfc.cz\/wp-content\/uploads\/2025\/02\/Everton-penalty-2-2-Manchester-United-by-Sky-Sports-22-2-2025.jpg","type":"image\/jpeg"}],"author":"BlueBlooded","twitter_card":"summary_large_image","twitter_misc":{"Napsal(a)":"BlueBlooded","Odhadovan\u00e1 doba \u010dten\u00ed":"4 minuty"},"schema":{"@context":"https:\/\/schema.org","@graph":[{"@type":"Article","@id":"https:\/\/evertonfc.cz\/index.php\/2025\/02\/23\/everton-manchester-united-22\/#article","isPartOf":{"@id":"https:\/\/evertonfc.cz\/index.php\/2025\/02\/23\/everton-manchester-united-22\/"},"author":{"name":"BlueBlooded","@id":"https:\/\/evertonfc.cz\/#\/schema\/person\/d4493b8cbea51532597fbc4685698916"},"headline":"Everton \u2013 Manchester United 2:2","datePublished":"2025-02-23T16:55:41+00:00","dateModified":"2025-02-23T16:55:41+00:00","mainEntityOfPage":{"@id":"https:\/\/evertonfc.cz\/index.php\/2025\/02\/23\/everton-manchester-united-22\/"},"wordCount":871,"commentCount":10,"publisher":{"@id":"https:\/\/evertonfc.cz\/#organization"},"image":{"@id":"https:\/\/evertonfc.cz\/index.php\/2025\/02\/23\/everton-manchester-united-22\/#primaryimage"},"thumbnailUrl":"https:\/\/evertonfc.cz\/wp-content\/uploads\/2025\/02\/Everton-penalty-2-2-Manchester-United-by-Sky-Sports-22-2-2025.jpg","articleSection":["Z\u00e1pasy"],"inLanguage":"cs","potentialAction":[{"@type":"CommentAction","name":"Comment","target":["https:\/\/evertonfc.cz\/index.php\/2025\/02\/23\/everton-manchester-united-22\/#respond"]}]},{"@type":"WebPage","@id":"https:\/\/evertonfc.cz\/index.php\/2025\/02\/23\/everton-manchester-united-22\/","url":"https:\/\/evertonfc.cz\/index.php\/2025\/02\/23\/everton-manchester-united-22\/","name":"Everton \u2013 Manchester United 2:2 - Official Czech &amp; Slovak Everton Supporters&#039; Club","isPartOf":{"@id":"https:\/\/evertonfc.cz\/#website"},"primaryImageOfPage":{"@id":"https:\/\/evertonfc.cz\/index.php\/2025\/02\/23\/everton-manchester-united-22\/#primaryimage"},"image":{"@id":"https:\/\/evertonfc.cz\/index.php\/2025\/02\/23\/everton-manchester-united-22\/#primaryimage"},"thumbnailUrl":"https:\/\/evertonfc.cz\/wp-content\/uploads\/2025\/02\/Everton-penalty-2-2-Manchester-United-by-Sky-Sports-22-2-2025.jpg","datePublished":"2025-02-23T16:55:41+00:00","dateModified":"2025-02-23T16:55:41+00:00","breadcrumb":{"@id":"https:\/\/evertonfc.cz\/index.php\/2025\/02\/23\/everton-manchester-united-22\/#breadcrumb"},"inLanguage":"cs","potentialAction":[{"@type":"ReadAction","target":["https:\/\/evertonfc.cz\/index.php\/2025\/02\/23\/everton-manchester-united-22\/"]}]},{"@type":"ImageObject","inLanguage":"cs","@id":"https:\/\/evertonfc.cz\/index.php\/2025\/02\/23\/everton-manchester-united-22\/#primaryimage","url":"https:\/\/evertonfc.cz\/wp-content\/uploads\/2025\/02\/Everton-penalty-2-2-Manchester-United-by-Sky-Sports-22-2-2025.jpg","contentUrl":"https:\/\/evertonfc.cz\/wp-content\/uploads\/2025\/02\/Everton-penalty-2-2-Manchester-United-by-Sky-Sports-22-2-2025.jpg","width":720,"height":405},{"@type":"BreadcrumbList","@id":"https:\/\/evertonfc.cz\/index.php\/2025\/02\/23\/everton-manchester-united-22\/#breadcrumb","itemListElement":[{"@type":"ListItem","position":1,"name":"Home","item":"https:\/\/evertonfc.cz\/"},{"@type":"ListItem","position":2,"name":"Everton \u2013 Manchester United 2:2"}]},{"@type":"WebSite","@id":"https:\/\/evertonfc.cz\/#website","url":"https:\/\/evertonfc.cz\/","name":"Official Czech &amp; Slovak Everton Supporters&#039; Club","description":"","publisher":{"@id":"https:\/\/evertonfc.cz\/#organization"},"potentialAction":[{"@type":"SearchAction","target":{"@type":"EntryPoint","urlTemplate":"https:\/\/evertonfc.cz\/?s={search_term_string}"},"query-input":{"@type":"PropertyValueSpecification","valueRequired":true,"valueName":"search_term_string"}}],"inLanguage":"cs"},{"@type":"Organization","@id":"https:\/\/evertonfc.cz\/#organization","name":"Official Czech & Slovak Everton Supporters' Club","url":"https:\/\/evertonfc.cz\/","logo":{"@type":"ImageObject","inLanguage":"cs","@id":"https:\/\/evertonfc.cz\/#\/schema\/logo\/image\/","url":"https:\/\/evertonfc.cz\/wp-content\/uploads\/2019\/05\/logo.png","contentUrl":"https:\/\/evertonfc.cz\/wp-content\/uploads\/2019\/05\/logo.png","width":112,"height":112,"caption":"Official Czech & Slovak Everton Supporters' Club"},"image":{"@id":"https:\/\/evertonfc.cz\/#\/schema\/logo\/image\/"},"sameAs":["https:\/\/www.facebook.com\/everton.fans.cz.sk"]},{"@type":"Person","@id":"https:\/\/evertonfc.cz\/#\/schema\/person\/d4493b8cbea51532597fbc4685698916","name":"BlueBlooded","url":"https:\/\/evertonfc.cz\/index.php\/author\/admin\/"}]}},"_links":{"self":[{"href":"https:\/\/evertonfc.cz\/index.php\/wp-json\/wp\/v2\/posts\/26377"}],"collection":[{"href":"https:\/\/evertonfc.cz\/index.php\/wp-json\/wp\/v2\/posts"}],"about":[{"href":"https:\/\/evertonfc.cz\/index.php\/wp-json\/wp\/v2\/types\/post"}],"author":[{"embeddable":true,"href":"https:\/\/evertonfc.cz\/index.php\/wp-json\/wp\/v2\/users\/1"}],"replies":[{"embeddable":true,"href":"https:\/\/evertonfc.cz\/index.php\/wp-json\/wp\/v2\/comments?post=26377"}],"version-history":[{"count":4,"href":"https:\/\/evertonfc.cz\/index.php\/wp-json\/wp\/v2\/posts\/26377\/revisions"}],"predecessor-version":[{"id":26383,"href":"https:\/\/evertonfc.cz\/index.php\/wp-json\/wp\/v2\/posts\/26377\/revisions\/26383"}],"wp:featuredmedia":[{"embeddable":true,"href":"https:\/\/evertonfc.cz\/index.php\/wp-json\/wp\/v2\/media\/26379"}],"wp:attachment":[{"href":"https:\/\/evertonfc.cz\/index.php\/wp-json\/wp\/v2\/media?parent=26377"}],"wp:term":[{"taxonomy":"category","embeddable":true,"href":"https:\/\/evertonfc.cz\/index.php\/wp-json\/wp\/v2\/categories?post=26377"},{"taxonomy":"post_tag","embeddable":true,"href":"https:\/\/evertonfc.cz\/index.php\/wp-json\/wp\/v2\/tags?post=26377"}],"curies":[{"name":"wp","href":"https:\/\/api.w.org\/{rel}","templated":true}]}}