{"id":26388,"date":"2025-02-26T11:32:59","date_gmt":"2025-02-26T10:32:59","guid":{"rendered":"https:\/\/evertonfc.cz\/?p=26388"},"modified":"2025-02-26T13:06:20","modified_gmt":"2025-02-26T12:06:20","slug":"preview-brentford-everton-4","status":"publish","type":"post","link":"https:\/\/evertonfc.cz\/index.php\/2025\/02\/26\/preview-brentford-everton-4\/","title":{"rendered":"Preview: Brentford &#8211; Everton"},"content":{"rendered":"<h4>Vlo\u017een\u00e9 kolo zav\u00e1d\u00ed Everton do z\u00e1padn\u00edho Lond\u00fdna, kde hraje v Premier League ji\u017e stabilizovan\u00fd klub.<\/h4>\n<p>Je to pr\u00e1ce p\u0159edev\u0161\u00edm d\u00e1nsk\u00e9ho mana\u017eera Thomase Franka. B\u00fdval\u00fd z\u00e1lo\u017en\u00edk vede klub od roku 2018, p\u0159i\u010dem\u017e do n\u011bj p\u0159i\u0161el o dva roky d\u0159\u00edve jako asistent. V roce 2021 postoupili Bees do nejvy\u0161\u0161\u00ed sout\u011b\u017ee, kde postupn\u011b skon\u010dili na 13., 9. a 16. m\u00edst\u011b, p\u0159i\u010dem\u017e nikdy neza\u017eili boj do posledn\u00edch kol o z\u00e1chranu. V sou\u010dasn\u00e9 sez\u00f3n\u011b vypadl ostudn\u011b v Anglick\u00e9m poh\u00e1ru p\u0159i prvn\u00ed p\u0159\u00edle\u017eitosti doma s tehdy posledn\u00edm Plymouthem. Do \u010dtvrtfin\u00e1le to dot\u00e1hl v\u00a0Ligov\u00e9m poh\u00e1ru, nad jeho s\u00edly byl Newcastle na St. James\u00b4 Parku. Nyn\u00ed je v ligov\u00e9 tabulce 6 bod\u016f nad Evertonem na 11. p\u0159\u00ed\u010dce. V posledn\u00edch p\u011bti ligov\u00fdch utk\u00e1n\u00edch zaznamenal klub 3 v\u00fdhry a 2 prohry.<\/p>\n<p>Kv\u016fli ot\u0159esu mozku z p\u00e1te\u010dn\u00edho z\u00e1pasu proti Leicesteru (v\u00fdhra 4:0) nenastoup\u00ed kapit\u00e1n N\u00f8rgaard. Jinak z\u016fst\u00e1v\u00e1 seznam absent\u00e9r\u016f stejn\u00fd. Dasilva, Thiago a van den Berg tedy nemohou hr\u00e1t kv\u016fli kolenu, Henry, Hickey a Jensen kv\u016fli stehnu a Nunese nepust\u00ed do hry zran\u011bn\u00e1 z\u00e1da. Na p\u0159edz\u00e1pasov\u00e9 tiskov\u00e9 konferenci pochv\u00e1lil Frank Moyese i Dycheho a zaujaly ho v\u00fdkony Garnera s Betem.<\/p>\n<p>Moyes je na to s marodkou dost podobn\u011b. Jedin\u00fd uschopn\u011bn\u00fd (i kdy\u017e n\u011bco proti Man U zvl\u00e1dl) je Lindstr\u00f8m, kter\u00fd vyl\u00e9\u010dil ch\u0159ipku. S tou laboruje tak\u00e9 Iroegbunam, nen\u00ed jedin\u00fdm, zjevn\u011b bacily v klubu l\u00e9taj\u00ed. Jinak st\u00e1le plat\u00ed, \u017ee k dispozici nejsou Broja (kotn\u00edk), Calvert-Lewin, Chermiti (oba stehno), Mangala, McNeil, Ndiaye (v\u0161ichni koleno) a l\u00fdtko nepust\u00ed do z\u00e1pasu Colemana. Do pln\u00e9ho tr\u00e9ninku se ji\u017e zapojil Patterson, ale dne\u0161n\u00ed z\u00e1pas je\u0161t\u011b nestihne. Lze d\u016fvodn\u011b o\u010dek\u00e1vat, \u017ee do p\u0159\u00ed\u0161t\u00edho ligov\u00e9ho z\u00e1pasu proti Wolverhamptonu bude marod\u016f m\u00e9n\u011b, tento t\u00fdden se o v\u00edkendu hraje Anglick\u00fd poh\u00e1r, kter\u00fd se Karamelek net\u00fdk\u00e1.<\/p>\n<p><strong>Co:\u00a0<\/strong>Brentford FC \u2013 Everton FC, 27. kolo Premier League<br \/>\n<strong>Kdy:\u00a0<\/strong>26. \u00fanora 2025 od 20:30<br \/>\n<strong>Kde:\u00a0<\/strong>Gtech Community Stadium \u2013\u00a0166 Lionel Road North, Brentford, Lond\u00fdn (kapacita: 17 250)<br \/>\n<strong>TV:\u00a0<\/strong>P\u0159\u00edm\u00fd p\u0159enos na stanici Canal+ Sport 6, komentuje Martin Minha<br \/>\n<strong>Rozhod\u010d\u00ed:\u00a0<\/strong>Simon Hooper\u00a0\u2013 Adrian Holmes, Simon Long\u00a0 <strong>\u010ctvrt\u00fd rozhod\u010d\u00ed:\u00a0<\/strong>John Busby<br \/>\n<strong>Videorozhod\u010d\u00ed: <\/strong>Alex Chilowicz\u00a0 <strong>Asistent videorozhod\u010d\u00edho:\u00a0<\/strong>Steve Meredith<\/p>\n","protected":false},"excerpt":{"rendered":"<p>Vlo\u017een\u00e9 kolo zav\u00e1d\u00ed Everton do z\u00e1padn\u00edho Lond\u00fdna, kde hraje v Premier League ji\u017e stabilizovan\u00fd klub.<\/p>\n","protected":false},"author":12,"featured_media":17028,"comment_status":"open","ping_status":"closed","sticky":false,"template":"","format":"standard","meta":{"_eb_attr":"","_monsterinsights_skip_tracking":false,"_monsterinsights_sitenote_active":false,"_monsterinsights_sitenote_note":"","_monsterinsights_sitenote_category":0,"footnotes":""},"categories":[4],"tags":[],"yoast_head":"<!-- This site is optimized with the Yoast SEO plugin v23.4 - https:\/\/yoast.com\/wordpress\/plugins\/seo\/ -->\n<title>Preview: Brentford - Everton - Official Czech &amp; Slovak Everton Supporters&#039; Club<\/title>\n<meta name=\"description\" content=\"Vlo\u017een\u00e9 kolo zav\u00e1d\u00ed Everton do z\u00e1padn\u00edho Lond\u00fdna, kde hraje v Premier League ji\u017e stabilizovan\u00fd klub.\" \/>\n<meta name=\"robots\" content=\"index, follow, max-snippet:-1, max-image-preview:large, max-video-preview:-1\" \/>\n<link rel=\"canonical\" href=\"https:\/\/evertonfc.cz\/index.php\/2025\/02\/26\/preview-brentford-everton-4\/\" \/>\n<meta property=\"og:locale\" content=\"cs_CZ\" \/>\n<meta property=\"og:type\" content=\"article\" \/>\n<meta property=\"og:title\" content=\"Preview: Brentford - Everton - Official Czech &amp; Slovak Everton Supporters&#039; Club\" \/>\n<meta property=\"og:description\" content=\"Vlo\u017een\u00e9 kolo zav\u00e1d\u00ed Everton do z\u00e1padn\u00edho Lond\u00fdna, kde hraje v Premier League ji\u017e stabilizovan\u00fd klub.\" \/>\n<meta property=\"og:url\" content=\"https:\/\/evertonfc.cz\/index.php\/2025\/02\/26\/preview-brentford-everton-4\/\" \/>\n<meta property=\"og:site_name\" content=\"Official Czech &amp; Slovak Everton Supporters&#039; Club\" \/>\n<meta property=\"article:publisher\" content=\"https:\/\/www.facebook.com\/everton.fans.cz.sk\" \/>\n<meta property=\"article:published_time\" content=\"2025-02-26T10:32:59+00:00\" \/>\n<meta property=\"article:modified_time\" content=\"2025-02-26T12:06:20+00:00\" \/>\n<meta property=\"og:image\" content=\"https:\/\/evertonfc.cz\/wp-content\/uploads\/2021\/11\/Brentford-VS-Everton.png\" \/>\n\t<meta property=\"og:image:width\" content=\"720\" \/>\n\t<meta property=\"og:image:height\" content=\"405\" \/>\n\t<meta property=\"og:image:type\" content=\"image\/png\" \/>\n<meta name=\"author\" content=\"Javor\" \/>\n<meta name=\"twitter:card\" content=\"summary_large_image\" \/>\n<meta name=\"twitter:creator\" content=\"@LoudinJan\" \/>\n<meta name=\"twitter:label1\" content=\"Napsal(a)\" \/>\n\t<meta name=\"twitter:data1\" content=\"Javor\" \/>\n\t<meta name=\"twitter:label2\" content=\"Odhadovan\u00e1 doba \u010dten\u00ed\" \/>\n\t<meta name=\"twitter:data2\" content=\"3 minuty\" \/>\n<script type=\"application\/ld+json\" class=\"yoast-schema-graph\">{\"@context\":\"https:\/\/schema.org\",\"@graph\":[{\"@type\":\"Article\",\"@id\":\"https:\/\/evertonfc.cz\/index.php\/2025\/02\/26\/preview-brentford-everton-4\/#article\",\"isPartOf\":{\"@id\":\"https:\/\/evertonfc.cz\/index.php\/2025\/02\/26\/preview-brentford-everton-4\/\"},\"author\":{\"name\":\"Javor\",\"@id\":\"https:\/\/evertonfc.cz\/#\/schema\/person\/b30daf6a5852f4811f8207a17ec1bf78\"},\"headline\":\"Preview: Brentford &#8211; Everton\",\"datePublished\":\"2025-02-26T10:32:59+00:00\",\"dateModified\":\"2025-02-26T12:06:20+00:00\",\"mainEntityOfPage\":{\"@id\":\"https:\/\/evertonfc.cz\/index.php\/2025\/02\/26\/preview-brentford-everton-4\/\"},\"wordCount\":422,\"commentCount\":2,\"publisher\":{\"@id\":\"https:\/\/evertonfc.cz\/#organization\"},\"image\":{\"@id\":\"https:\/\/evertonfc.cz\/index.php\/2025\/02\/26\/preview-brentford-everton-4\/#primaryimage\"},\"thumbnailUrl\":\"https:\/\/evertonfc.cz\/wp-content\/uploads\/2021\/11\/Brentford-VS-Everton.png\",\"articleSection\":[\"Z\u00e1pasy\"],\"inLanguage\":\"cs\",\"potentialAction\":[{\"@type\":\"CommentAction\",\"name\":\"Comment\",\"target\":[\"https:\/\/evertonfc.cz\/index.php\/2025\/02\/26\/preview-brentford-everton-4\/#respond\"]}]},{\"@type\":\"WebPage\",\"@id\":\"https:\/\/evertonfc.cz\/index.php\/2025\/02\/26\/preview-brentford-everton-4\/\",\"url\":\"https:\/\/evertonfc.cz\/index.php\/2025\/02\/26\/preview-brentford-everton-4\/\",\"name\":\"Preview: Brentford - Everton - Official Czech &amp; Slovak Everton Supporters&#039; Club\",\"isPartOf\":{\"@id\":\"https:\/\/evertonfc.cz\/#website\"},\"primaryImageOfPage\":{\"@id\":\"https:\/\/evertonfc.cz\/index.php\/2025\/02\/26\/preview-brentford-everton-4\/#primaryimage\"},\"image\":{\"@id\":\"https:\/\/evertonfc.cz\/index.php\/2025\/02\/26\/preview-brentford-everton-4\/#primaryimage\"},\"thumbnailUrl\":\"https:\/\/evertonfc.cz\/wp-content\/uploads\/2021\/11\/Brentford-VS-Everton.png\",\"datePublished\":\"2025-02-26T10:32:59+00:00\",\"dateModified\":\"2025-02-26T12:06:20+00:00\",\"description\":\"Vlo\u017een\u00e9 kolo zav\u00e1d\u00ed Everton do z\u00e1padn\u00edho Lond\u00fdna, kde hraje v Premier League ji\u017e stabilizovan\u00fd klub.\",\"breadcrumb\":{\"@id\":\"https:\/\/evertonfc.cz\/index.php\/2025\/02\/26\/preview-brentford-everton-4\/#breadcrumb\"},\"inLanguage\":\"cs\",\"potentialAction\":[{\"@type\":\"ReadAction\",\"target\":[\"https:\/\/evertonfc.cz\/index.php\/2025\/02\/26\/preview-brentford-everton-4\/\"]}]},{\"@type\":\"ImageObject\",\"inLanguage\":\"cs\",\"@id\":\"https:\/\/evertonfc.cz\/index.php\/2025\/02\/26\/preview-brentford-everton-4\/#primaryimage\",\"url\":\"https:\/\/evertonfc.cz\/wp-content\/uploads\/2021\/11\/Brentford-VS-Everton.png\",\"contentUrl\":\"https:\/\/evertonfc.cz\/wp-content\/uploads\/2021\/11\/Brentford-VS-Everton.png\",\"width\":720,\"height\":405},{\"@type\":\"BreadcrumbList\",\"@id\":\"https:\/\/evertonfc.cz\/index.php\/2025\/02\/26\/preview-brentford-everton-4\/#breadcrumb\",\"itemListElement\":[{\"@type\":\"ListItem\",\"position\":1,\"name\":\"Home\",\"item\":\"https:\/\/evertonfc.cz\/\"},{\"@type\":\"ListItem\",\"position\":2,\"name\":\"Preview: Brentford &#8211; Everton\"}]},{\"@type\":\"WebSite\",\"@id\":\"https:\/\/evertonfc.cz\/#website\",\"url\":\"https:\/\/evertonfc.cz\/\",\"name\":\"Official Czech &amp; Slovak Everton Supporters&#039; Club\",\"description\":\"\",\"publisher\":{\"@id\":\"https:\/\/evertonfc.cz\/#organization\"},\"potentialAction\":[{\"@type\":\"SearchAction\",\"target\":{\"@type\":\"EntryPoint\",\"urlTemplate\":\"https:\/\/evertonfc.cz\/?s={search_term_string}\"},\"query-input\":{\"@type\":\"PropertyValueSpecification\",\"valueRequired\":true,\"valueName\":\"search_term_string\"}}],\"inLanguage\":\"cs\"},{\"@type\":\"Organization\",\"@id\":\"https:\/\/evertonfc.cz\/#organization\",\"name\":\"Official Czech & Slovak Everton Supporters' Club\",\"url\":\"https:\/\/evertonfc.cz\/\",\"logo\":{\"@type\":\"ImageObject\",\"inLanguage\":\"cs\",\"@id\":\"https:\/\/evertonfc.cz\/#\/schema\/logo\/image\/\",\"url\":\"https:\/\/evertonfc.cz\/wp-content\/uploads\/2019\/05\/logo.png\",\"contentUrl\":\"https:\/\/evertonfc.cz\/wp-content\/uploads\/2019\/05\/logo.png\",\"width\":112,\"height\":112,\"caption\":\"Official Czech & Slovak Everton Supporters' Club\"},\"image\":{\"@id\":\"https:\/\/evertonfc.cz\/#\/schema\/logo\/image\/\"},\"sameAs\":[\"https:\/\/www.facebook.com\/everton.fans.cz.sk\"]},{\"@type\":\"Person\",\"@id\":\"https:\/\/evertonfc.cz\/#\/schema\/person\/b30daf6a5852f4811f8207a17ec1bf78\",\"name\":\"Javor\",\"sameAs\":[\"https:\/\/x.com\/LoudinJan\"],\"url\":\"https:\/\/evertonfc.cz\/index.php\/author\/javor\/\"}]}<\/script>\n<!-- \/ Yoast SEO plugin. -->","yoast_head_json":{"title":"Preview: Brentford - Everton - Official Czech &amp; Slovak Everton Supporters&#039; Club","description":"Vlo\u017een\u00e9 kolo zav\u00e1d\u00ed Everton do z\u00e1padn\u00edho Lond\u00fdna, kde hraje v Premier League ji\u017e stabilizovan\u00fd klub.","robots":{"index":"index","follow":"follow","max-snippet":"max-snippet:-1","max-image-preview":"max-image-preview:large","max-video-preview":"max-video-preview:-1"},"canonical":"https:\/\/evertonfc.cz\/index.php\/2025\/02\/26\/preview-brentford-everton-4\/","og_locale":"cs_CZ","og_type":"article","og_title":"Preview: Brentford - Everton - Official Czech &amp; Slovak Everton Supporters&#039; Club","og_description":"Vlo\u017een\u00e9 kolo zav\u00e1d\u00ed Everton do z\u00e1padn\u00edho Lond\u00fdna, kde hraje v Premier League ji\u017e stabilizovan\u00fd klub.","og_url":"https:\/\/evertonfc.cz\/index.php\/2025\/02\/26\/preview-brentford-everton-4\/","og_site_name":"Official Czech &amp; Slovak Everton Supporters&#039; Club","article_publisher":"https:\/\/www.facebook.com\/everton.fans.cz.sk","article_published_time":"2025-02-26T10:32:59+00:00","article_modified_time":"2025-02-26T12:06:20+00:00","og_image":[{"width":720,"height":405,"url":"https:\/\/evertonfc.cz\/wp-content\/uploads\/2021\/11\/Brentford-VS-Everton.png","type":"image\/png"}],"author":"Javor","twitter_card":"summary_large_image","twitter_creator":"@LoudinJan","twitter_misc":{"Napsal(a)":"Javor","Odhadovan\u00e1 doba \u010dten\u00ed":"3 minuty"},"schema":{"@context":"https:\/\/schema.org","@graph":[{"@type":"Article","@id":"https:\/\/evertonfc.cz\/index.php\/2025\/02\/26\/preview-brentford-everton-4\/#article","isPartOf":{"@id":"https:\/\/evertonfc.cz\/index.php\/2025\/02\/26\/preview-brentford-everton-4\/"},"author":{"name":"Javor","@id":"https:\/\/evertonfc.cz\/#\/schema\/person\/b30daf6a5852f4811f8207a17ec1bf78"},"headline":"Preview: Brentford &#8211; Everton","datePublished":"2025-02-26T10:32:59+00:00","dateModified":"2025-02-26T12:06:20+00:00","mainEntityOfPage":{"@id":"https:\/\/evertonfc.cz\/index.php\/2025\/02\/26\/preview-brentford-everton-4\/"},"wordCount":422,"commentCount":2,"publisher":{"@id":"https:\/\/evertonfc.cz\/#organization"},"image":{"@id":"https:\/\/evertonfc.cz\/index.php\/2025\/02\/26\/preview-brentford-everton-4\/#primaryimage"},"thumbnailUrl":"https:\/\/evertonfc.cz\/wp-content\/uploads\/2021\/11\/Brentford-VS-Everton.png","articleSection":["Z\u00e1pasy"],"inLanguage":"cs","potentialAction":[{"@type":"CommentAction","name":"Comment","target":["https:\/\/evertonfc.cz\/index.php\/2025\/02\/26\/preview-brentford-everton-4\/#respond"]}]},{"@type":"WebPage","@id":"https:\/\/evertonfc.cz\/index.php\/2025\/02\/26\/preview-brentford-everton-4\/","url":"https:\/\/evertonfc.cz\/index.php\/2025\/02\/26\/preview-brentford-everton-4\/","name":"Preview: Brentford - Everton - Official Czech &amp; Slovak Everton Supporters&#039; Club","isPartOf":{"@id":"https:\/\/evertonfc.cz\/#website"},"primaryImageOfPage":{"@id":"https:\/\/evertonfc.cz\/index.php\/2025\/02\/26\/preview-brentford-everton-4\/#primaryimage"},"image":{"@id":"https:\/\/evertonfc.cz\/index.php\/2025\/02\/26\/preview-brentford-everton-4\/#primaryimage"},"thumbnailUrl":"https:\/\/evertonfc.cz\/wp-content\/uploads\/2021\/11\/Brentford-VS-Everton.png","datePublished":"2025-02-26T10:32:59+00:00","dateModified":"2025-02-26T12:06:20+00:00","description":"Vlo\u017een\u00e9 kolo zav\u00e1d\u00ed Everton do z\u00e1padn\u00edho Lond\u00fdna, kde hraje v Premier League ji\u017e stabilizovan\u00fd klub.","breadcrumb":{"@id":"https:\/\/evertonfc.cz\/index.php\/2025\/02\/26\/preview-brentford-everton-4\/#breadcrumb"},"inLanguage":"cs","potentialAction":[{"@type":"ReadAction","target":["https:\/\/evertonfc.cz\/index.php\/2025\/02\/26\/preview-brentford-everton-4\/"]}]},{"@type":"ImageObject","inLanguage":"cs","@id":"https:\/\/evertonfc.cz\/index.php\/2025\/02\/26\/preview-brentford-everton-4\/#primaryimage","url":"https:\/\/evertonfc.cz\/wp-content\/uploads\/2021\/11\/Brentford-VS-Everton.png","contentUrl":"https:\/\/evertonfc.cz\/wp-content\/uploads\/2021\/11\/Brentford-VS-Everton.png","width":720,"height":405},{"@type":"BreadcrumbList","@id":"https:\/\/evertonfc.cz\/index.php\/2025\/02\/26\/preview-brentford-everton-4\/#breadcrumb","itemListElement":[{"@type":"ListItem","position":1,"name":"Home","item":"https:\/\/evertonfc.cz\/"},{"@type":"ListItem","position":2,"name":"Preview: Brentford &#8211; Everton"}]},{"@type":"WebSite","@id":"https:\/\/evertonfc.cz\/#website","url":"https:\/\/evertonfc.cz\/","name":"Official Czech &amp; Slovak Everton Supporters&#039; Club","description":"","publisher":{"@id":"https:\/\/evertonfc.cz\/#organization"},"potentialAction":[{"@type":"SearchAction","target":{"@type":"EntryPoint","urlTemplate":"https:\/\/evertonfc.cz\/?s={search_term_string}"},"query-input":{"@type":"PropertyValueSpecification","valueRequired":true,"valueName":"search_term_string"}}],"inLanguage":"cs"},{"@type":"Organization","@id":"https:\/\/evertonfc.cz\/#organization","name":"Official Czech & Slovak Everton Supporters' Club","url":"https:\/\/evertonfc.cz\/","logo":{"@type":"ImageObject","inLanguage":"cs","@id":"https:\/\/evertonfc.cz\/#\/schema\/logo\/image\/","url":"https:\/\/evertonfc.cz\/wp-content\/uploads\/2019\/05\/logo.png","contentUrl":"https:\/\/evertonfc.cz\/wp-content\/uploads\/2019\/05\/logo.png","width":112,"height":112,"caption":"Official Czech & Slovak Everton Supporters' Club"},"image":{"@id":"https:\/\/evertonfc.cz\/#\/schema\/logo\/image\/"},"sameAs":["https:\/\/www.facebook.com\/everton.fans.cz.sk"]},{"@type":"Person","@id":"https:\/\/evertonfc.cz\/#\/schema\/person\/b30daf6a5852f4811f8207a17ec1bf78","name":"Javor","sameAs":["https:\/\/x.com\/LoudinJan"],"url":"https:\/\/evertonfc.cz\/index.php\/author\/javor\/"}]}},"_links":{"self":[{"href":"https:\/\/evertonfc.cz\/index.php\/wp-json\/wp\/v2\/posts\/26388"}],"collection":[{"href":"https:\/\/evertonfc.cz\/index.php\/wp-json\/wp\/v2\/posts"}],"about":[{"href":"https:\/\/evertonfc.cz\/index.php\/wp-json\/wp\/v2\/types\/post"}],"author":[{"embeddable":true,"href":"https:\/\/evertonfc.cz\/index.php\/wp-json\/wp\/v2\/users\/12"}],"replies":[{"embeddable":true,"href":"https:\/\/evertonfc.cz\/index.php\/wp-json\/wp\/v2\/comments?post=26388"}],"version-history":[{"count":5,"href":"https:\/\/evertonfc.cz\/index.php\/wp-json\/wp\/v2\/posts\/26388\/revisions"}],"predecessor-version":[{"id":26393,"href":"https:\/\/evertonfc.cz\/index.php\/wp-json\/wp\/v2\/posts\/26388\/revisions\/26393"}],"wp:featuredmedia":[{"embeddable":true,"href":"https:\/\/evertonfc.cz\/index.php\/wp-json\/wp\/v2\/media\/17028"}],"wp:attachment":[{"href":"https:\/\/evertonfc.cz\/index.php\/wp-json\/wp\/v2\/media?parent=26388"}],"wp:term":[{"taxonomy":"category","embeddable":true,"href":"https:\/\/evertonfc.cz\/index.php\/wp-json\/wp\/v2\/categories?post=26388"},{"taxonomy":"post_tag","embeddable":true,"href":"https:\/\/evertonfc.cz\/index.php\/wp-json\/wp\/v2\/tags?post=26388"}],"curies":[{"name":"wp","href":"https:\/\/api.w.org\/{rel}","templated":true}]}}