{"id":2639,"date":"2010-04-05T19:34:58","date_gmt":"2010-04-05T17:34:58","guid":{"rendered":"http:\/\/evertonfc.cz\/?p=2639"},"modified":"2019-02-09T19:37:18","modified_gmt":"2019-02-09T18:37:18","slug":"billy-potrebujeme-petkrat-vyhrat","status":"publish","type":"post","link":"https:\/\/evertonfc.cz\/index.php\/2010\/04\/05\/billy-potrebujeme-petkrat-vyhrat\/","title":{"rendered":"Billy: Pot\u0159ebujeme p\u011btkr\u00e1t vyhr\u00e1t"},"content":{"rendered":"<h4>Podle Dinyara Bilyaletdinova by m\u011bl Everton vyhr\u00e1t v\u0161ech p\u011bt posledn\u00edch z\u00e1pas\u016f leto\u0161n\u00ed Premier League a kvalifikovat se do poh\u00e1rov\u00e9 Evropy.<\/h4>\n<p>Po tom, co se Everton dok\u00e1zal obdivuhodn\u011b zvednout ze \u0161ed\u00e9ho pr\u016fm\u011bru, jevil se jako velmi v\u00e1\u017en\u00fd adept na um\u00edst\u011bn\u00ed zaru\u010duj\u00edc\u00ed evropsk\u00e9 poh\u00e1ry v tabulce Premiership.<\/p>\n<p>Bohu\u017eel dv\u011b po sob\u011b jdouc\u00ed rem\u00edzy s Wolves a s West Hamem tyto pl\u00e1ny p\u0159ibrzdily a Toffees tak budou muset zase \u00fato\u010dit ze zadn\u00ed pozice. V sou\u010dasnosti se nach\u00e1zej\u00ed na osm\u00e9m m\u00edst\u011b p\u011bt bod\u016f za \u0161est\u00fdm Liverpool a \u010dty\u0159i body za sedmou Aston Villou, kter\u00e1 m\u00e1 ale je\u0161t\u011b z\u00e1pas k dobru.<\/p>\n<p>Utk\u00e1n\u00ed pro Aston Ville p\u0159\u00ed\u0161t\u00ed st\u0159edu tak m\u016f\u017ee velmi napov\u011bd\u011bt o ambic\u00edch Evertonu, co\u017e si samoz\u0159ejm\u011b uv\u011bdomuje i Bilyaletdinov:\u00a0<em>\u201eU\u017e podruh\u00e9 za sebou jsme z\u00edskali jenom jeden bod, to je m\u00e1lo, abychom se dostali do Top 5. Pot\u0159ebujeme je\u0161t\u011b p\u011bt v\u00fdher a mo\u017en\u00e1 se to poda\u0159\u00ed.<\/em><\/p>\n<p><em>Utk\u00e1n\u00ed proti Ville bude dvojn\u00e1sobn\u011b d\u016fle\u017eit\u00e9, mus\u00edme ho vyhr\u00e1t. Mus\u00edme hr\u00e1t jak nejl\u00e9pe um\u00edme, pot\u00e9 by to mohlo vyj\u00edt. Mus\u00edme v\u011b\u0159it, proto\u017ee s na\u0161imi dobr\u00fdmi hr\u00e1\u010di na to m\u00e1me.<\/em><\/p>\n<p><em>Nyn\u00ed pot\u0159ebujeme p\u00e1r dn\u00ed odpo\u010dinku, okouknout doma p\u00e1r z\u00e1pas\u016f v televizi, teprve potom se m\u016f\u017eeme za\u010d\u00edt p\u0159ipravovat na souboj s Aston Villou. V\u011b\u0159\u00edme v hran\u00ed evropsk\u00e9ho fotbalu v p\u0159\u00ed\u0161t\u00ed sez\u00f3n\u011b. Ani nechci pomyslet na to, kdyby se n\u00e1m to nepoda\u0159ilo. Jsem p\u0159esv\u011bd\u010den, \u017ee jsme toho schopni,\u201c<\/em> \u0159ekl rusk\u00fd ofenzivn\u00ed reprezentant.<\/p>\n<p>&#8222;Billy&#8220; v z\u00e1pase proti Hammers vst\u0159elil branku, i p\u0159esto pochopiteln\u011b nebyl spokojen, proto\u017ee jeho p\u00e1t\u00e1 leto\u0161n\u00ed trefa v Premier League neznamenala v\u00edt\u011bzstv\u00ed.<\/p>\n<p><em>\u201eSice jsem dal g\u00f3l, ale nejsem \u0161\u0165astn\u00fd, m\u00e1me toti\u017e z tohoto z\u00e1pasu jenom bod. To nen\u00ed p\u0159\u00edli\u0161 dobr\u00e9. Nezvl\u00e1dli jsme konec z\u00e1pasu, chyba po druh\u00e9 vst\u0159elen\u00e9 brance byla fat\u00e1ln\u00ed, to je ale fotbal.<\/em><\/p>\n<p><em>Proti Hammers jsme nebyli p\u0159esv\u011bd\u010div\u00ed v p\u0159echodov\u00e9 f\u00e1zi, tato na\u0161e forma by m\u011bla p\u0159in\u00e1\u0161et lep\u0161\u00ed v\u00fdsledky. Mus\u00edme zabodovat proti Ville.\u201c<\/em><\/p>\n<p>Bilyaletdinov p\u0159i\u0161el do Evertonu v l\u00e9t\u011b z rusk\u00e9ho Lokomotivu Moskva. A jeliko\u017e rusk\u00e1 liga za\u010d\u00edn\u00e1 v b\u0159eznu a kon\u010d\u00ed v listopadu, nezn\u00e1 typickou letn\u00ed p\u0159est\u00e1vku, jak\u00e1 je nap\u0159\u00edklad v Anglii. I p\u0159es n\u00e1ro\u010dn\u00fd program, m\u00e1 ale Billy na kont\u011b u\u017e \u0161est sout\u011b\u017en\u00edch g\u00f3l\u016f ve sv\u00e9 prvn\u00ed sez\u00f3n\u011b za Everton.<\/p>\n<p>\u201ePro m\u011b je toto jedna z nejlep\u0161\u00edch sez\u00f3n v m\u00e9m \u017eivot\u011b, nast\u0159\u00edlel jsem v n\u00ed na moje pom\u011bry docela dost branek. Hraju v kuse v podstat\u011b u\u017e rok a p\u016fl, co\u017e je pro m\u011b velmi \u00fachvatn\u00e9. Jsem ale r\u00e1d za ka\u017edou minutu na h\u0159i\u0161ti v dresu toho klubu,\u201c nechal se sly\u0161et Bilyaletdinov.<\/p>\n","protected":false},"excerpt":{"rendered":"<p>Podle Dinyara Bilyaletdinova by m\u011bl Everton vyhr\u00e1t v\u0161ech p\u011bt posledn\u00edch z\u00e1pas\u016f leto\u0161n\u00ed Premier League a kvalifikovat se do poh\u00e1rov\u00e9 Evropy.&hellip;<\/p>\n","protected":false},"author":6,"featured_media":1312,"comment_status":"open","ping_status":"closed","sticky":false,"template":"","format":"standard","meta":{"_eb_attr":"","_monsterinsights_skip_tracking":false,"_monsterinsights_sitenote_active":false,"_monsterinsights_sitenote_note":"","_monsterinsights_sitenote_category":0,"footnotes":""},"categories":[1],"tags":[],"yoast_head":"<!-- This site is optimized with the Yoast SEO plugin v23.4 - https:\/\/yoast.com\/wordpress\/plugins\/seo\/ -->\n<title>Billy: Pot\u0159ebujeme p\u011btkr\u00e1t vyhr\u00e1t - Official Czech &amp; Slovak Everton Supporters&#039; Club<\/title>\n<meta name=\"robots\" content=\"index, follow, max-snippet:-1, max-image-preview:large, max-video-preview:-1\" \/>\n<link rel=\"canonical\" href=\"https:\/\/evertonfc.cz\/index.php\/2010\/04\/05\/billy-potrebujeme-petkrat-vyhrat\/\" \/>\n<meta property=\"og:locale\" content=\"cs_CZ\" \/>\n<meta property=\"og:type\" content=\"article\" \/>\n<meta property=\"og:title\" content=\"Billy: Pot\u0159ebujeme p\u011btkr\u00e1t vyhr\u00e1t - Official Czech &amp; Slovak Everton Supporters&#039; Club\" \/>\n<meta property=\"og:description\" content=\"Podle Dinyara Bilyaletdinova by m\u011bl Everton vyhr\u00e1t v\u0161ech p\u011bt posledn\u00edch z\u00e1pas\u016f leto\u0161n\u00ed Premier League a kvalifikovat se do poh\u00e1rov\u00e9 Evropy.&hellip;\" \/>\n<meta property=\"og:url\" content=\"https:\/\/evertonfc.cz\/index.php\/2010\/04\/05\/billy-potrebujeme-petkrat-vyhrat\/\" \/>\n<meta property=\"og:site_name\" content=\"Official Czech &amp; Slovak Everton Supporters&#039; Club\" \/>\n<meta property=\"article:publisher\" content=\"https:\/\/www.facebook.com\/everton.fans.cz.sk\" \/>\n<meta property=\"article:published_time\" content=\"2010-04-05T17:34:58+00:00\" \/>\n<meta property=\"article:modified_time\" content=\"2019-02-09T18:37:18+00:00\" \/>\n<meta property=\"og:image\" content=\"https:\/\/evertonfc.cz\/wp-content\/uploads\/2019\/01\/interview.jpg\" \/>\n\t<meta property=\"og:image:width\" content=\"720\" \/>\n\t<meta property=\"og:image:height\" content=\"405\" \/>\n\t<meta property=\"og:image:type\" content=\"image\/jpeg\" \/>\n<meta name=\"author\" content=\"Ri\u010di\" \/>\n<meta name=\"twitter:card\" content=\"summary_large_image\" \/>\n<meta name=\"twitter:creator\" content=\"@rbrejsa\" \/>\n<meta name=\"twitter:label1\" content=\"Napsal(a)\" \/>\n\t<meta name=\"twitter:data1\" content=\"Ri\u010di\" \/>\n\t<meta name=\"twitter:label2\" content=\"Odhadovan\u00e1 doba \u010dten\u00ed\" \/>\n\t<meta name=\"twitter:data2\" content=\"3 minuty\" \/>\n<script type=\"application\/ld+json\" class=\"yoast-schema-graph\">{\"@context\":\"https:\/\/schema.org\",\"@graph\":[{\"@type\":\"Article\",\"@id\":\"https:\/\/evertonfc.cz\/index.php\/2010\/04\/05\/billy-potrebujeme-petkrat-vyhrat\/#article\",\"isPartOf\":{\"@id\":\"https:\/\/evertonfc.cz\/index.php\/2010\/04\/05\/billy-potrebujeme-petkrat-vyhrat\/\"},\"author\":{\"name\":\"Ri\u010di\",\"@id\":\"https:\/\/evertonfc.cz\/#\/schema\/person\/f7a5daedb2ffee98480bc70e191aaef1\"},\"headline\":\"Billy: Pot\u0159ebujeme p\u011btkr\u00e1t vyhr\u00e1t\",\"datePublished\":\"2010-04-05T17:34:58+00:00\",\"dateModified\":\"2019-02-09T18:37:18+00:00\",\"mainEntityOfPage\":{\"@id\":\"https:\/\/evertonfc.cz\/index.php\/2010\/04\/05\/billy-potrebujeme-petkrat-vyhrat\/\"},\"wordCount\":541,\"commentCount\":0,\"publisher\":{\"@id\":\"https:\/\/evertonfc.cz\/#organization\"},\"image\":{\"@id\":\"https:\/\/evertonfc.cz\/index.php\/2010\/04\/05\/billy-potrebujeme-petkrat-vyhrat\/#primaryimage\"},\"thumbnailUrl\":\"https:\/\/evertonfc.cz\/wp-content\/uploads\/2019\/01\/interview.jpg\",\"articleSection\":[\"Rozhovory\"],\"inLanguage\":\"cs\",\"potentialAction\":[{\"@type\":\"CommentAction\",\"name\":\"Comment\",\"target\":[\"https:\/\/evertonfc.cz\/index.php\/2010\/04\/05\/billy-potrebujeme-petkrat-vyhrat\/#respond\"]}]},{\"@type\":\"WebPage\",\"@id\":\"https:\/\/evertonfc.cz\/index.php\/2010\/04\/05\/billy-potrebujeme-petkrat-vyhrat\/\",\"url\":\"https:\/\/evertonfc.cz\/index.php\/2010\/04\/05\/billy-potrebujeme-petkrat-vyhrat\/\",\"name\":\"Billy: Pot\u0159ebujeme p\u011btkr\u00e1t vyhr\u00e1t - Official Czech &amp; Slovak Everton Supporters&#039; Club\",\"isPartOf\":{\"@id\":\"https:\/\/evertonfc.cz\/#website\"},\"primaryImageOfPage\":{\"@id\":\"https:\/\/evertonfc.cz\/index.php\/2010\/04\/05\/billy-potrebujeme-petkrat-vyhrat\/#primaryimage\"},\"image\":{\"@id\":\"https:\/\/evertonfc.cz\/index.php\/2010\/04\/05\/billy-potrebujeme-petkrat-vyhrat\/#primaryimage\"},\"thumbnailUrl\":\"https:\/\/evertonfc.cz\/wp-content\/uploads\/2019\/01\/interview.jpg\",\"datePublished\":\"2010-04-05T17:34:58+00:00\",\"dateModified\":\"2019-02-09T18:37:18+00:00\",\"breadcrumb\":{\"@id\":\"https:\/\/evertonfc.cz\/index.php\/2010\/04\/05\/billy-potrebujeme-petkrat-vyhrat\/#breadcrumb\"},\"inLanguage\":\"cs\",\"potentialAction\":[{\"@type\":\"ReadAction\",\"target\":[\"https:\/\/evertonfc.cz\/index.php\/2010\/04\/05\/billy-potrebujeme-petkrat-vyhrat\/\"]}]},{\"@type\":\"ImageObject\",\"inLanguage\":\"cs\",\"@id\":\"https:\/\/evertonfc.cz\/index.php\/2010\/04\/05\/billy-potrebujeme-petkrat-vyhrat\/#primaryimage\",\"url\":\"https:\/\/evertonfc.cz\/wp-content\/uploads\/2019\/01\/interview.jpg\",\"contentUrl\":\"https:\/\/evertonfc.cz\/wp-content\/uploads\/2019\/01\/interview.jpg\",\"width\":720,\"height\":405},{\"@type\":\"BreadcrumbList\",\"@id\":\"https:\/\/evertonfc.cz\/index.php\/2010\/04\/05\/billy-potrebujeme-petkrat-vyhrat\/#breadcrumb\",\"itemListElement\":[{\"@type\":\"ListItem\",\"position\":1,\"name\":\"Home\",\"item\":\"https:\/\/evertonfc.cz\/\"},{\"@type\":\"ListItem\",\"position\":2,\"name\":\"Billy: Pot\u0159ebujeme p\u011btkr\u00e1t vyhr\u00e1t\"}]},{\"@type\":\"WebSite\",\"@id\":\"https:\/\/evertonfc.cz\/#website\",\"url\":\"https:\/\/evertonfc.cz\/\",\"name\":\"Official Czech &amp; Slovak Everton Supporters&#039; Club\",\"description\":\"\",\"publisher\":{\"@id\":\"https:\/\/evertonfc.cz\/#organization\"},\"potentialAction\":[{\"@type\":\"SearchAction\",\"target\":{\"@type\":\"EntryPoint\",\"urlTemplate\":\"https:\/\/evertonfc.cz\/?s={search_term_string}\"},\"query-input\":{\"@type\":\"PropertyValueSpecification\",\"valueRequired\":true,\"valueName\":\"search_term_string\"}}],\"inLanguage\":\"cs\"},{\"@type\":\"Organization\",\"@id\":\"https:\/\/evertonfc.cz\/#organization\",\"name\":\"Official Czech & Slovak Everton Supporters' Club\",\"url\":\"https:\/\/evertonfc.cz\/\",\"logo\":{\"@type\":\"ImageObject\",\"inLanguage\":\"cs\",\"@id\":\"https:\/\/evertonfc.cz\/#\/schema\/logo\/image\/\",\"url\":\"https:\/\/evertonfc.cz\/wp-content\/uploads\/2019\/05\/logo.png\",\"contentUrl\":\"https:\/\/evertonfc.cz\/wp-content\/uploads\/2019\/05\/logo.png\",\"width\":112,\"height\":112,\"caption\":\"Official Czech & Slovak Everton Supporters' Club\"},\"image\":{\"@id\":\"https:\/\/evertonfc.cz\/#\/schema\/logo\/image\/\"},\"sameAs\":[\"https:\/\/www.facebook.com\/everton.fans.cz.sk\"]},{\"@type\":\"Person\",\"@id\":\"https:\/\/evertonfc.cz\/#\/schema\/person\/f7a5daedb2ffee98480bc70e191aaef1\",\"name\":\"Ri\u010di\",\"sameAs\":[\"https:\/\/x.com\/rbrejsa\"],\"url\":\"https:\/\/evertonfc.cz\/index.php\/author\/rici\/\"}]}<\/script>\n<!-- \/ Yoast SEO plugin. -->","yoast_head_json":{"title":"Billy: Pot\u0159ebujeme p\u011btkr\u00e1t vyhr\u00e1t - Official Czech &amp; Slovak Everton Supporters&#039; Club","robots":{"index":"index","follow":"follow","max-snippet":"max-snippet:-1","max-image-preview":"max-image-preview:large","max-video-preview":"max-video-preview:-1"},"canonical":"https:\/\/evertonfc.cz\/index.php\/2010\/04\/05\/billy-potrebujeme-petkrat-vyhrat\/","og_locale":"cs_CZ","og_type":"article","og_title":"Billy: Pot\u0159ebujeme p\u011btkr\u00e1t vyhr\u00e1t - Official Czech &amp; Slovak Everton Supporters&#039; Club","og_description":"Podle Dinyara Bilyaletdinova by m\u011bl Everton vyhr\u00e1t v\u0161ech p\u011bt posledn\u00edch z\u00e1pas\u016f leto\u0161n\u00ed Premier League a kvalifikovat se do poh\u00e1rov\u00e9 Evropy.&hellip;","og_url":"https:\/\/evertonfc.cz\/index.php\/2010\/04\/05\/billy-potrebujeme-petkrat-vyhrat\/","og_site_name":"Official Czech &amp; Slovak Everton Supporters&#039; Club","article_publisher":"https:\/\/www.facebook.com\/everton.fans.cz.sk","article_published_time":"2010-04-05T17:34:58+00:00","article_modified_time":"2019-02-09T18:37:18+00:00","og_image":[{"width":720,"height":405,"url":"https:\/\/evertonfc.cz\/wp-content\/uploads\/2019\/01\/interview.jpg","type":"image\/jpeg"}],"author":"Ri\u010di","twitter_card":"summary_large_image","twitter_creator":"@rbrejsa","twitter_misc":{"Napsal(a)":"Ri\u010di","Odhadovan\u00e1 doba \u010dten\u00ed":"3 minuty"},"schema":{"@context":"https:\/\/schema.org","@graph":[{"@type":"Article","@id":"https:\/\/evertonfc.cz\/index.php\/2010\/04\/05\/billy-potrebujeme-petkrat-vyhrat\/#article","isPartOf":{"@id":"https:\/\/evertonfc.cz\/index.php\/2010\/04\/05\/billy-potrebujeme-petkrat-vyhrat\/"},"author":{"name":"Ri\u010di","@id":"https:\/\/evertonfc.cz\/#\/schema\/person\/f7a5daedb2ffee98480bc70e191aaef1"},"headline":"Billy: Pot\u0159ebujeme p\u011btkr\u00e1t vyhr\u00e1t","datePublished":"2010-04-05T17:34:58+00:00","dateModified":"2019-02-09T18:37:18+00:00","mainEntityOfPage":{"@id":"https:\/\/evertonfc.cz\/index.php\/2010\/04\/05\/billy-potrebujeme-petkrat-vyhrat\/"},"wordCount":541,"commentCount":0,"publisher":{"@id":"https:\/\/evertonfc.cz\/#organization"},"image":{"@id":"https:\/\/evertonfc.cz\/index.php\/2010\/04\/05\/billy-potrebujeme-petkrat-vyhrat\/#primaryimage"},"thumbnailUrl":"https:\/\/evertonfc.cz\/wp-content\/uploads\/2019\/01\/interview.jpg","articleSection":["Rozhovory"],"inLanguage":"cs","potentialAction":[{"@type":"CommentAction","name":"Comment","target":["https:\/\/evertonfc.cz\/index.php\/2010\/04\/05\/billy-potrebujeme-petkrat-vyhrat\/#respond"]}]},{"@type":"WebPage","@id":"https:\/\/evertonfc.cz\/index.php\/2010\/04\/05\/billy-potrebujeme-petkrat-vyhrat\/","url":"https:\/\/evertonfc.cz\/index.php\/2010\/04\/05\/billy-potrebujeme-petkrat-vyhrat\/","name":"Billy: Pot\u0159ebujeme p\u011btkr\u00e1t vyhr\u00e1t - Official Czech &amp; Slovak Everton Supporters&#039; Club","isPartOf":{"@id":"https:\/\/evertonfc.cz\/#website"},"primaryImageOfPage":{"@id":"https:\/\/evertonfc.cz\/index.php\/2010\/04\/05\/billy-potrebujeme-petkrat-vyhrat\/#primaryimage"},"image":{"@id":"https:\/\/evertonfc.cz\/index.php\/2010\/04\/05\/billy-potrebujeme-petkrat-vyhrat\/#primaryimage"},"thumbnailUrl":"https:\/\/evertonfc.cz\/wp-content\/uploads\/2019\/01\/interview.jpg","datePublished":"2010-04-05T17:34:58+00:00","dateModified":"2019-02-09T18:37:18+00:00","breadcrumb":{"@id":"https:\/\/evertonfc.cz\/index.php\/2010\/04\/05\/billy-potrebujeme-petkrat-vyhrat\/#breadcrumb"},"inLanguage":"cs","potentialAction":[{"@type":"ReadAction","target":["https:\/\/evertonfc.cz\/index.php\/2010\/04\/05\/billy-potrebujeme-petkrat-vyhrat\/"]}]},{"@type":"ImageObject","inLanguage":"cs","@id":"https:\/\/evertonfc.cz\/index.php\/2010\/04\/05\/billy-potrebujeme-petkrat-vyhrat\/#primaryimage","url":"https:\/\/evertonfc.cz\/wp-content\/uploads\/2019\/01\/interview.jpg","contentUrl":"https:\/\/evertonfc.cz\/wp-content\/uploads\/2019\/01\/interview.jpg","width":720,"height":405},{"@type":"BreadcrumbList","@id":"https:\/\/evertonfc.cz\/index.php\/2010\/04\/05\/billy-potrebujeme-petkrat-vyhrat\/#breadcrumb","itemListElement":[{"@type":"ListItem","position":1,"name":"Home","item":"https:\/\/evertonfc.cz\/"},{"@type":"ListItem","position":2,"name":"Billy: Pot\u0159ebujeme p\u011btkr\u00e1t vyhr\u00e1t"}]},{"@type":"WebSite","@id":"https:\/\/evertonfc.cz\/#website","url":"https:\/\/evertonfc.cz\/","name":"Official Czech &amp; Slovak Everton Supporters&#039; Club","description":"","publisher":{"@id":"https:\/\/evertonfc.cz\/#organization"},"potentialAction":[{"@type":"SearchAction","target":{"@type":"EntryPoint","urlTemplate":"https:\/\/evertonfc.cz\/?s={search_term_string}"},"query-input":{"@type":"PropertyValueSpecification","valueRequired":true,"valueName":"search_term_string"}}],"inLanguage":"cs"},{"@type":"Organization","@id":"https:\/\/evertonfc.cz\/#organization","name":"Official Czech & Slovak Everton Supporters' Club","url":"https:\/\/evertonfc.cz\/","logo":{"@type":"ImageObject","inLanguage":"cs","@id":"https:\/\/evertonfc.cz\/#\/schema\/logo\/image\/","url":"https:\/\/evertonfc.cz\/wp-content\/uploads\/2019\/05\/logo.png","contentUrl":"https:\/\/evertonfc.cz\/wp-content\/uploads\/2019\/05\/logo.png","width":112,"height":112,"caption":"Official Czech & Slovak Everton Supporters' Club"},"image":{"@id":"https:\/\/evertonfc.cz\/#\/schema\/logo\/image\/"},"sameAs":["https:\/\/www.facebook.com\/everton.fans.cz.sk"]},{"@type":"Person","@id":"https:\/\/evertonfc.cz\/#\/schema\/person\/f7a5daedb2ffee98480bc70e191aaef1","name":"Ri\u010di","sameAs":["https:\/\/x.com\/rbrejsa"],"url":"https:\/\/evertonfc.cz\/index.php\/author\/rici\/"}]}},"_links":{"self":[{"href":"https:\/\/evertonfc.cz\/index.php\/wp-json\/wp\/v2\/posts\/2639"}],"collection":[{"href":"https:\/\/evertonfc.cz\/index.php\/wp-json\/wp\/v2\/posts"}],"about":[{"href":"https:\/\/evertonfc.cz\/index.php\/wp-json\/wp\/v2\/types\/post"}],"author":[{"embeddable":true,"href":"https:\/\/evertonfc.cz\/index.php\/wp-json\/wp\/v2\/users\/6"}],"replies":[{"embeddable":true,"href":"https:\/\/evertonfc.cz\/index.php\/wp-json\/wp\/v2\/comments?post=2639"}],"version-history":[{"count":1,"href":"https:\/\/evertonfc.cz\/index.php\/wp-json\/wp\/v2\/posts\/2639\/revisions"}],"predecessor-version":[{"id":2640,"href":"https:\/\/evertonfc.cz\/index.php\/wp-json\/wp\/v2\/posts\/2639\/revisions\/2640"}],"wp:featuredmedia":[{"embeddable":true,"href":"https:\/\/evertonfc.cz\/index.php\/wp-json\/wp\/v2\/media\/1312"}],"wp:attachment":[{"href":"https:\/\/evertonfc.cz\/index.php\/wp-json\/wp\/v2\/media?parent=2639"}],"wp:term":[{"taxonomy":"category","embeddable":true,"href":"https:\/\/evertonfc.cz\/index.php\/wp-json\/wp\/v2\/categories?post=2639"},{"taxonomy":"post_tag","embeddable":true,"href":"https:\/\/evertonfc.cz\/index.php\/wp-json\/wp\/v2\/tags?post=2639"}],"curies":[{"name":"wp","href":"https:\/\/api.w.org\/{rel}","templated":true}]}}