{"id":2641,"date":"2010-04-05T19:37:30","date_gmt":"2010-04-05T17:37:30","guid":{"rendered":"http:\/\/evertonfc.cz\/?p=2641"},"modified":"2019-02-09T22:12:18","modified_gmt":"2019-02-09T21:12:18","slug":"nebyli-jsme-dost-dobri-lituje-boss","status":"publish","type":"post","link":"https:\/\/evertonfc.cz\/index.php\/2010\/04\/05\/nebyli-jsme-dost-dobri-lituje-boss\/","title":{"rendered":"Nebyli jsme dost dob\u0159\u00ed, lituje boss"},"content":{"rendered":"<h4>Nam\u00edsto toho, aby si Everton udr\u017eel na dosah sedmou p\u0159\u00ed\u010dku, se sestupem ohro\u017een\u00fdm West Hamem pouze remizoval. Roz\u010darovan\u00fd David Moyes v\u00ed, \u017ee jeho t\u00fdm nepodal adekv\u00e1tn\u00ed v\u00fdkon.<\/h4>\n<p>Everton se p\u0159itom dvakr\u00e1t ocitnul ve veden\u00ed. Prvn\u00ed n\u00e1skok si d\u00edky \u0161est\u00e9mu leto\u0161n\u00edmu g\u00f3lu Diniyara Bilyaletdinova p\u0159inesli i do druh\u00e9ho polo\u010dasu, jen\u017ee pr\u00e1v\u011b ve druh\u00e9m d\u011bjstv\u00ed byli Hammers v\u00edce ne\u017e vyrovnan\u00fdm soupe\u0159em a z\u00e1jy p\u0159i\u0161lo srovn\u00e1n\u00ed. Podruh\u00e9 vyst\u0159elil Toffees veden\u00ed \u0161est minut p\u0159ed koncem Yakubu, ale West Ham bleskurychlou odpov\u011bd\u00ed znemo\u017enil osm\u00e9 dom\u00e1c\u00ed v\u00edt\u011bzstv\u00ed Evertonu v \u0159ad\u011b. Nad\u011bje na \u010dtvrt\u00e9 um\u00edst\u011bn\u00ed zaji\u0161\u0165uj\u00edc\u00ed poh\u00e1rovou Evropu za sebou, tak vis\u00ed na pov\u00e1\u017eliv\u011b tenk\u00e9m lan\u011b.<\/p>\n<p><em>\u201ePokud vedete 2-1 a v posledn\u00edch minut\u00e1ch z\u00e1pasu n\u00e1skok promrh\u00e1te, je velk\u00e9 roz\u010darov\u00e1n\u00ed. Nehr\u00e1li jsme dob\u0159e a v\u00edc jsme si nejsp\u00ed\u0161 nezaslou\u017eili,&#8220;\u00a0nehled\u00e1 Moyes v\u00fdmluvy.\u00a0&#8222;N\u011bkdy ale nepod\u00e1te dobr\u00fd v\u00fdkon a utk\u00e1n\u00ed vyhrajete, a p\u0159esn\u011b k tomu se schylovalo neb\u00fdt vyrovn\u00e1vac\u00ed branky.<\/em><\/p>\n<p><em>Sna\u017eili jsme se hr\u00e1t co nejl\u00e9pe, ale nedostali jsme se na \u00farove\u0148, kterou jsme praktikovali v minul\u00fdch z\u00e1pasech. Rozhodn\u011b jsme v t\u00e9to sezon\u011b zahr\u00e1li ji\u017e daleko l\u00e9pe. Rem\u00edza je pravd\u011bpodobn\u011b spravedliv\u00fd v\u00fdsledek. Na\u0161e hra je posledn\u00ed dobou velmi dobr\u00e1, ale tento z\u00e1pas jsme chytili za \u0161patn\u00fd konec.<\/em><\/p>\n<p><em>West Ham si ur\u010dit\u011b zaslou\u017e\u00ed uzn\u00e1n\u00ed. Hodn\u011b n\u00e1m z\u00e1pas zt\u00ed\u017eili a byli \u010dasto u m\u00ed\u010de. Bylo slo\u017eit\u00e9 na jejich hru nal\u00e9zt recept, zvl\u00e1\u0161t\u011b pak v prvn\u00edm polo\u010dase, kdy jsme vl\u00e1dli v dr\u017een\u00ed m\u00ed\u010de. Nesta\u010dilo to na to, abychom na jejich obranu vyzr\u00e1li.\u201c<\/em><\/p>\n<p>A\u010dkoliv z\u00e1pas nenab\u00eddl kdov\u00edjak atraktivn\u00ed pod\u00edvanou, nechyb\u011bly mu dva kontroverzn\u00ed momenty. Ten prvn\u00ed vy\u00fastil po faulu Sylvaina Distina na Cartlona Colea v penaltu, nakonec zahozenou Midem, a v druh\u00e9 p\u011bta\u010dty\u0159icetimiutovce se pokutov\u00e9ho kopu do\u017eadoval tak\u00e9 Everton, a to po z\u00e1kroku Da Costy na Louise Sahu. Podle Moyese byla jeden\u00e1ctka na\u0159\u00edzena spr\u00e1vn\u011b, nicm\u00e9n\u011b z\u00e1rove\u0148 si i post\u011b\u017eoval. Penaltu m\u011bl po onom faulu Da Costy kopat i Everton.<\/p>\n<p><em>\u201ePro West Ham to byla jasn\u00e1 penalta a z\u00e1rove\u0148 si mysl\u00edm, \u017ee byla na m\u00edst\u011b i \u010derven\u00e1 karta. Mo\u017en\u00e1 jsme m\u011bli \u0161t\u011bst\u00ed, \u017ee Sylvain z\u016fstal na h\u0159i\u0161ti.&#8220;<\/em>\u00a0p\u0159izn\u00e1v\u00e1.<em>\u00a0&#8222;Ale mus\u00edm \u0159\u00edct, \u017ee stejn\u011b tak jsme jednu m\u011bli kopat i my. Bylo to chybn\u00e9 rozhodnut\u00ed. Tu situaci jsme dob\u0159e vid\u011bli, obr\u00e1ncova kopa\u010dka Louise uhodila do \u017ealudku.\u201c<\/em><\/p>\n<p>Celkov\u011b ov\u0161em Moyes nepoukazuje pouze na jedin\u00e9 zm\u00edn\u011bn\u00e9 rozhodnut\u00ed Howarda Webba. Mana\u017eer kritikou na sud\u00edho, loni dokonce zvolen\u00e9ho nejlep\u0161\u00edm anglick\u00fdm rozhod\u010d\u00edm roku, ne\u0161et\u0159\u00ed.<\/p>\n<p><em>\u201eTento rozhod\u010d\u00ed nep\u00edsk\u00e1 z\u00e1pasy tak dob\u0159e, jak u n\u011bj bylo zvykem v p\u0159edchoz\u00edch sezon\u00e1ch. Jeho chybn\u00e9 rozhodnut\u00ed pro n\u00e1s bylo z\u00e1sadn\u00edm momentem. Proti n\u00e1m penaltu na\u0159\u00eddil, p\u0159itom oba z\u00e1kroky byly podobn\u00e9. Nem\u00e1m pot\u0159ebu s n\u00edm o jeho rozhodnut\u00edch mluvit. V\u0161ichni v\u00edme, \u017ee d\u011bl\u00e1me chyby. V\u010dera jsem moc dobr\u00fdch rozhodnut\u00ed neud\u011blal, ale pan Webb na tom nebyl o nic l\u00e9pe.\u201c<\/em><\/p>\n<h4><strong>Udr\u017een\u00ed hv\u011bzd? Pracuje se na n\u011bm<\/strong><\/h4>\n<p>O pozn\u00e1n\u00ed radostn\u011bj\u0161\u00ed zpr\u00e1vy od mana\u017eera zazn\u011bly v ot\u00e1zce kontrakt\u016f dvou d\u016fle\u017eit\u00fdch hr\u00e1\u010d\u016f Blues &#8211; Stevena Pienaara a Jacka Rodwella. Budoucnost obou fotbalist\u016f si \u010dasto a r\u00e1da berou m\u00e9dia na pa\u0161k\u00e1l, klub v\u0161ak pr\u00fd d\u011bl\u00e1 v\u0161e pro to, aby dvojici v Evertonu udr\u017eel. Vyjedn\u00e1v\u00e1n\u00ed o prodlou\u017een\u00ed jejich p\u016fsoben\u00ed na Goodison Parku jsou podle Moyese v pokro\u010dil\u00e9 f\u00e1zi.<\/p>\n<p><em>\u201eSteven je v klubu, kter\u00fd mu sed\u00ed, ale sami se mus\u00edte rozhodnout, co je pro v\u00e1s nejlep\u0161\u00ed. Vyjedn\u00e1v\u00e1n\u00ed prob\u00edhaj\u00ed tak\u00e9 s Jackem. Loni sice podepsal p\u011btiletou smlouvu, ale mohu potvrdit, \u017ee jedn\u00e1me o nov\u00e9m kontraktu i s n\u00edm,\u201c<\/em>\u00a0informuje Moyes.<\/p>\n<p><em>\u201eEverton je pro n\u011b nejlep\u0161\u00ed klub a nejsp\u00ed\u0161 to dopadne tak, \u017ee si uv\u011bdom\u00ed, \u017ee tohle je pro n\u011b to spr\u00e1vn\u00e9 m\u00edsto. Celkov\u011b, v\u0161ichni hr\u00e1\u010di, kte\u0159\u00ed z\u016fstanou si \u0159eknou, \u017ee ud\u011blali spr\u00e1vn\u011b. Mysl\u00edm, \u017ee hr\u00e1\u010di v\u011bd\u00ed, \u017ee jsme velmi bl\u00edzko tomu, \u010demu se \u0159\u00edk\u00e1 top mu\u017estvo a pokud bych byl v jejich k\u016f\u017ei, \u0159\u00edkal bych si, \u017ee nem\u00e1m \u017e\u00e1dnou pot\u0159ebu odch\u00e1zet,\u201c\u00a0<\/em>podot\u00fdk\u00e1 Moyes sebev\u011bdom\u011b.<\/p>\n<p>Z\u00e1rove\u0148 mana\u017eer trv\u00e1 na tom, \u017ee klub nepot\u0159ebuje nikoho ze sv\u00fdch sou\u010dasn\u00fdch hr\u00e1\u010d\u016f prod\u00e1vat. Na l\u00e9to Moyes pl\u00e1nuje pouze men\u0161\u00ed posilov\u00e1n\u00ed. V\u011b\u0159\u00ed, \u017ee jeho mu\u017estvo m\u00e1 dostate\u010dnou kvalitu k tomu, aby mohlo dos\u00e1hnout sv\u00e9ho potenci\u00e1lu.<\/p>\n<p><em>\u201eNec\u00edt\u00edm, \u017ee bych n\u011bkoho m\u011bl prod\u00e1vat. V\u0161ichni jsou pod smlouvami. Mysl\u00edm, \u017ee v\u011bt\u0161ina m\u00fdch hr\u00e1\u010d\u016f v\u00ed, \u017ee Everton je pro n\u011b ide\u00e1ln\u00ed. Jsme progresivn\u00ed klub s ambici\u00f3zn\u00edm mana\u017eerem, sna\u017e\u00edc\u00ed posunout se dop\u0159edu.<\/em><\/p>\n<p><em>R\u00e1d bych p\u00e1r hr\u00e1\u010d\u016f z\u00edskal abychom udr\u017eeli progres, ale n\u011bjak\u00e9\u00a0razantn\u00ed zm\u011bny nepot\u0159ebujeme. Jsme spokojeni s t\u00edm, jak\u00e9 mu\u017estvo m\u00e1me. Vlastn\u011b jsem docela uvoln\u011bn\u00fd, co se t\u00fd\u010de situace s hr\u00e1\u010di, proto\u017ee pokud by n\u011bkdo cht\u011bl odej\u00edt, mysl\u00edm, \u017ee by si sp\u00ed\u0161e pohor\u0161il,\u201c\u00a0<\/em>dod\u00e1v\u00e1.<\/p>\n","protected":false},"excerpt":{"rendered":"<p>Nam\u00edsto toho, aby si Everton udr\u017eel na dosah sedmou p\u0159\u00ed\u010dku, se sestupem ohro\u017een\u00fdm West Hamem pouze remizoval. Roz\u010darovan\u00fd David Moyes&hellip;<\/p>\n","protected":false},"author":7,"featured_media":1312,"comment_status":"open","ping_status":"closed","sticky":false,"template":"","format":"standard","meta":{"_eb_attr":"","_monsterinsights_skip_tracking":false,"_monsterinsights_sitenote_active":false,"_monsterinsights_sitenote_note":"","_monsterinsights_sitenote_category":0,"footnotes":""},"categories":[1],"tags":[],"yoast_head":"<!-- This site is optimized with the Yoast SEO plugin v23.4 - https:\/\/yoast.com\/wordpress\/plugins\/seo\/ -->\n<title>Nebyli jsme dost dob\u0159\u00ed, lituje boss - Official Czech &amp; Slovak Everton Supporters&#039; Club<\/title>\n<meta name=\"robots\" content=\"index, follow, max-snippet:-1, max-image-preview:large, max-video-preview:-1\" \/>\n<link rel=\"canonical\" href=\"https:\/\/evertonfc.cz\/index.php\/2010\/04\/05\/nebyli-jsme-dost-dobri-lituje-boss\/\" \/>\n<meta property=\"og:locale\" content=\"cs_CZ\" \/>\n<meta property=\"og:type\" content=\"article\" \/>\n<meta property=\"og:title\" content=\"Nebyli jsme dost dob\u0159\u00ed, lituje boss - Official Czech &amp; Slovak Everton Supporters&#039; Club\" \/>\n<meta property=\"og:description\" content=\"Nam\u00edsto toho, aby si Everton udr\u017eel na dosah sedmou p\u0159\u00ed\u010dku, se sestupem ohro\u017een\u00fdm West Hamem pouze remizoval. Roz\u010darovan\u00fd David Moyes&hellip;\" \/>\n<meta property=\"og:url\" content=\"https:\/\/evertonfc.cz\/index.php\/2010\/04\/05\/nebyli-jsme-dost-dobri-lituje-boss\/\" \/>\n<meta property=\"og:site_name\" content=\"Official Czech &amp; Slovak Everton Supporters&#039; Club\" \/>\n<meta property=\"article:publisher\" content=\"https:\/\/www.facebook.com\/everton.fans.cz.sk\" \/>\n<meta property=\"article:published_time\" content=\"2010-04-05T17:37:30+00:00\" \/>\n<meta property=\"article:modified_time\" content=\"2019-02-09T21:12:18+00:00\" \/>\n<meta property=\"og:image\" content=\"https:\/\/evertonfc.cz\/wp-content\/uploads\/2019\/01\/interview.jpg\" \/>\n\t<meta property=\"og:image:width\" content=\"720\" \/>\n\t<meta property=\"og:image:height\" content=\"405\" \/>\n\t<meta property=\"og:image:type\" content=\"image\/jpeg\" \/>\n<meta name=\"author\" content=\"Me\u0148a\" \/>\n<meta name=\"twitter:card\" content=\"summary_large_image\" \/>\n<meta name=\"twitter:label1\" content=\"Napsal(a)\" \/>\n\t<meta name=\"twitter:data1\" content=\"Me\u0148a\" \/>\n\t<meta name=\"twitter:label2\" content=\"Odhadovan\u00e1 doba \u010dten\u00ed\" \/>\n\t<meta name=\"twitter:data2\" content=\"5 minut\" \/>\n<script type=\"application\/ld+json\" class=\"yoast-schema-graph\">{\"@context\":\"https:\/\/schema.org\",\"@graph\":[{\"@type\":\"Article\",\"@id\":\"https:\/\/evertonfc.cz\/index.php\/2010\/04\/05\/nebyli-jsme-dost-dobri-lituje-boss\/#article\",\"isPartOf\":{\"@id\":\"https:\/\/evertonfc.cz\/index.php\/2010\/04\/05\/nebyli-jsme-dost-dobri-lituje-boss\/\"},\"author\":{\"name\":\"Me\u0148a\",\"@id\":\"https:\/\/evertonfc.cz\/#\/schema\/person\/cd6328a75577de2add7793fd4b0930c3\"},\"headline\":\"Nebyli jsme dost dob\u0159\u00ed, lituje boss\",\"datePublished\":\"2010-04-05T17:37:30+00:00\",\"dateModified\":\"2019-02-09T21:12:18+00:00\",\"mainEntityOfPage\":{\"@id\":\"https:\/\/evertonfc.cz\/index.php\/2010\/04\/05\/nebyli-jsme-dost-dobri-lituje-boss\/\"},\"wordCount\":989,\"commentCount\":0,\"publisher\":{\"@id\":\"https:\/\/evertonfc.cz\/#organization\"},\"image\":{\"@id\":\"https:\/\/evertonfc.cz\/index.php\/2010\/04\/05\/nebyli-jsme-dost-dobri-lituje-boss\/#primaryimage\"},\"thumbnailUrl\":\"https:\/\/evertonfc.cz\/wp-content\/uploads\/2019\/01\/interview.jpg\",\"articleSection\":[\"Rozhovory\"],\"inLanguage\":\"cs\",\"potentialAction\":[{\"@type\":\"CommentAction\",\"name\":\"Comment\",\"target\":[\"https:\/\/evertonfc.cz\/index.php\/2010\/04\/05\/nebyli-jsme-dost-dobri-lituje-boss\/#respond\"]}]},{\"@type\":\"WebPage\",\"@id\":\"https:\/\/evertonfc.cz\/index.php\/2010\/04\/05\/nebyli-jsme-dost-dobri-lituje-boss\/\",\"url\":\"https:\/\/evertonfc.cz\/index.php\/2010\/04\/05\/nebyli-jsme-dost-dobri-lituje-boss\/\",\"name\":\"Nebyli jsme dost dob\u0159\u00ed, lituje boss - Official Czech &amp; Slovak Everton Supporters&#039; Club\",\"isPartOf\":{\"@id\":\"https:\/\/evertonfc.cz\/#website\"},\"primaryImageOfPage\":{\"@id\":\"https:\/\/evertonfc.cz\/index.php\/2010\/04\/05\/nebyli-jsme-dost-dobri-lituje-boss\/#primaryimage\"},\"image\":{\"@id\":\"https:\/\/evertonfc.cz\/index.php\/2010\/04\/05\/nebyli-jsme-dost-dobri-lituje-boss\/#primaryimage\"},\"thumbnailUrl\":\"https:\/\/evertonfc.cz\/wp-content\/uploads\/2019\/01\/interview.jpg\",\"datePublished\":\"2010-04-05T17:37:30+00:00\",\"dateModified\":\"2019-02-09T21:12:18+00:00\",\"breadcrumb\":{\"@id\":\"https:\/\/evertonfc.cz\/index.php\/2010\/04\/05\/nebyli-jsme-dost-dobri-lituje-boss\/#breadcrumb\"},\"inLanguage\":\"cs\",\"potentialAction\":[{\"@type\":\"ReadAction\",\"target\":[\"https:\/\/evertonfc.cz\/index.php\/2010\/04\/05\/nebyli-jsme-dost-dobri-lituje-boss\/\"]}]},{\"@type\":\"ImageObject\",\"inLanguage\":\"cs\",\"@id\":\"https:\/\/evertonfc.cz\/index.php\/2010\/04\/05\/nebyli-jsme-dost-dobri-lituje-boss\/#primaryimage\",\"url\":\"https:\/\/evertonfc.cz\/wp-content\/uploads\/2019\/01\/interview.jpg\",\"contentUrl\":\"https:\/\/evertonfc.cz\/wp-content\/uploads\/2019\/01\/interview.jpg\",\"width\":720,\"height\":405},{\"@type\":\"BreadcrumbList\",\"@id\":\"https:\/\/evertonfc.cz\/index.php\/2010\/04\/05\/nebyli-jsme-dost-dobri-lituje-boss\/#breadcrumb\",\"itemListElement\":[{\"@type\":\"ListItem\",\"position\":1,\"name\":\"Home\",\"item\":\"https:\/\/evertonfc.cz\/\"},{\"@type\":\"ListItem\",\"position\":2,\"name\":\"Nebyli jsme dost dob\u0159\u00ed, lituje boss\"}]},{\"@type\":\"WebSite\",\"@id\":\"https:\/\/evertonfc.cz\/#website\",\"url\":\"https:\/\/evertonfc.cz\/\",\"name\":\"Official Czech &amp; Slovak Everton Supporters&#039; Club\",\"description\":\"\",\"publisher\":{\"@id\":\"https:\/\/evertonfc.cz\/#organization\"},\"potentialAction\":[{\"@type\":\"SearchAction\",\"target\":{\"@type\":\"EntryPoint\",\"urlTemplate\":\"https:\/\/evertonfc.cz\/?s={search_term_string}\"},\"query-input\":{\"@type\":\"PropertyValueSpecification\",\"valueRequired\":true,\"valueName\":\"search_term_string\"}}],\"inLanguage\":\"cs\"},{\"@type\":\"Organization\",\"@id\":\"https:\/\/evertonfc.cz\/#organization\",\"name\":\"Official Czech & Slovak Everton Supporters' Club\",\"url\":\"https:\/\/evertonfc.cz\/\",\"logo\":{\"@type\":\"ImageObject\",\"inLanguage\":\"cs\",\"@id\":\"https:\/\/evertonfc.cz\/#\/schema\/logo\/image\/\",\"url\":\"https:\/\/evertonfc.cz\/wp-content\/uploads\/2019\/05\/logo.png\",\"contentUrl\":\"https:\/\/evertonfc.cz\/wp-content\/uploads\/2019\/05\/logo.png\",\"width\":112,\"height\":112,\"caption\":\"Official Czech & Slovak Everton Supporters' Club\"},\"image\":{\"@id\":\"https:\/\/evertonfc.cz\/#\/schema\/logo\/image\/\"},\"sameAs\":[\"https:\/\/www.facebook.com\/everton.fans.cz.sk\"]},{\"@type\":\"Person\",\"@id\":\"https:\/\/evertonfc.cz\/#\/schema\/person\/cd6328a75577de2add7793fd4b0930c3\",\"name\":\"Me\u0148a\",\"url\":\"https:\/\/evertonfc.cz\/index.php\/author\/mena\/\"}]}<\/script>\n<!-- \/ Yoast SEO plugin. -->","yoast_head_json":{"title":"Nebyli jsme dost dob\u0159\u00ed, lituje boss - Official Czech &amp; Slovak Everton Supporters&#039; Club","robots":{"index":"index","follow":"follow","max-snippet":"max-snippet:-1","max-image-preview":"max-image-preview:large","max-video-preview":"max-video-preview:-1"},"canonical":"https:\/\/evertonfc.cz\/index.php\/2010\/04\/05\/nebyli-jsme-dost-dobri-lituje-boss\/","og_locale":"cs_CZ","og_type":"article","og_title":"Nebyli jsme dost dob\u0159\u00ed, lituje boss - Official Czech &amp; Slovak Everton Supporters&#039; Club","og_description":"Nam\u00edsto toho, aby si Everton udr\u017eel na dosah sedmou p\u0159\u00ed\u010dku, se sestupem ohro\u017een\u00fdm West Hamem pouze remizoval. Roz\u010darovan\u00fd David Moyes&hellip;","og_url":"https:\/\/evertonfc.cz\/index.php\/2010\/04\/05\/nebyli-jsme-dost-dobri-lituje-boss\/","og_site_name":"Official Czech &amp; Slovak Everton Supporters&#039; Club","article_publisher":"https:\/\/www.facebook.com\/everton.fans.cz.sk","article_published_time":"2010-04-05T17:37:30+00:00","article_modified_time":"2019-02-09T21:12:18+00:00","og_image":[{"width":720,"height":405,"url":"https:\/\/evertonfc.cz\/wp-content\/uploads\/2019\/01\/interview.jpg","type":"image\/jpeg"}],"author":"Me\u0148a","twitter_card":"summary_large_image","twitter_misc":{"Napsal(a)":"Me\u0148a","Odhadovan\u00e1 doba \u010dten\u00ed":"5 minut"},"schema":{"@context":"https:\/\/schema.org","@graph":[{"@type":"Article","@id":"https:\/\/evertonfc.cz\/index.php\/2010\/04\/05\/nebyli-jsme-dost-dobri-lituje-boss\/#article","isPartOf":{"@id":"https:\/\/evertonfc.cz\/index.php\/2010\/04\/05\/nebyli-jsme-dost-dobri-lituje-boss\/"},"author":{"name":"Me\u0148a","@id":"https:\/\/evertonfc.cz\/#\/schema\/person\/cd6328a75577de2add7793fd4b0930c3"},"headline":"Nebyli jsme dost dob\u0159\u00ed, lituje boss","datePublished":"2010-04-05T17:37:30+00:00","dateModified":"2019-02-09T21:12:18+00:00","mainEntityOfPage":{"@id":"https:\/\/evertonfc.cz\/index.php\/2010\/04\/05\/nebyli-jsme-dost-dobri-lituje-boss\/"},"wordCount":989,"commentCount":0,"publisher":{"@id":"https:\/\/evertonfc.cz\/#organization"},"image":{"@id":"https:\/\/evertonfc.cz\/index.php\/2010\/04\/05\/nebyli-jsme-dost-dobri-lituje-boss\/#primaryimage"},"thumbnailUrl":"https:\/\/evertonfc.cz\/wp-content\/uploads\/2019\/01\/interview.jpg","articleSection":["Rozhovory"],"inLanguage":"cs","potentialAction":[{"@type":"CommentAction","name":"Comment","target":["https:\/\/evertonfc.cz\/index.php\/2010\/04\/05\/nebyli-jsme-dost-dobri-lituje-boss\/#respond"]}]},{"@type":"WebPage","@id":"https:\/\/evertonfc.cz\/index.php\/2010\/04\/05\/nebyli-jsme-dost-dobri-lituje-boss\/","url":"https:\/\/evertonfc.cz\/index.php\/2010\/04\/05\/nebyli-jsme-dost-dobri-lituje-boss\/","name":"Nebyli jsme dost dob\u0159\u00ed, lituje boss - Official Czech &amp; Slovak Everton Supporters&#039; Club","isPartOf":{"@id":"https:\/\/evertonfc.cz\/#website"},"primaryImageOfPage":{"@id":"https:\/\/evertonfc.cz\/index.php\/2010\/04\/05\/nebyli-jsme-dost-dobri-lituje-boss\/#primaryimage"},"image":{"@id":"https:\/\/evertonfc.cz\/index.php\/2010\/04\/05\/nebyli-jsme-dost-dobri-lituje-boss\/#primaryimage"},"thumbnailUrl":"https:\/\/evertonfc.cz\/wp-content\/uploads\/2019\/01\/interview.jpg","datePublished":"2010-04-05T17:37:30+00:00","dateModified":"2019-02-09T21:12:18+00:00","breadcrumb":{"@id":"https:\/\/evertonfc.cz\/index.php\/2010\/04\/05\/nebyli-jsme-dost-dobri-lituje-boss\/#breadcrumb"},"inLanguage":"cs","potentialAction":[{"@type":"ReadAction","target":["https:\/\/evertonfc.cz\/index.php\/2010\/04\/05\/nebyli-jsme-dost-dobri-lituje-boss\/"]}]},{"@type":"ImageObject","inLanguage":"cs","@id":"https:\/\/evertonfc.cz\/index.php\/2010\/04\/05\/nebyli-jsme-dost-dobri-lituje-boss\/#primaryimage","url":"https:\/\/evertonfc.cz\/wp-content\/uploads\/2019\/01\/interview.jpg","contentUrl":"https:\/\/evertonfc.cz\/wp-content\/uploads\/2019\/01\/interview.jpg","width":720,"height":405},{"@type":"BreadcrumbList","@id":"https:\/\/evertonfc.cz\/index.php\/2010\/04\/05\/nebyli-jsme-dost-dobri-lituje-boss\/#breadcrumb","itemListElement":[{"@type":"ListItem","position":1,"name":"Home","item":"https:\/\/evertonfc.cz\/"},{"@type":"ListItem","position":2,"name":"Nebyli jsme dost dob\u0159\u00ed, lituje boss"}]},{"@type":"WebSite","@id":"https:\/\/evertonfc.cz\/#website","url":"https:\/\/evertonfc.cz\/","name":"Official Czech &amp; Slovak Everton Supporters&#039; Club","description":"","publisher":{"@id":"https:\/\/evertonfc.cz\/#organization"},"potentialAction":[{"@type":"SearchAction","target":{"@type":"EntryPoint","urlTemplate":"https:\/\/evertonfc.cz\/?s={search_term_string}"},"query-input":{"@type":"PropertyValueSpecification","valueRequired":true,"valueName":"search_term_string"}}],"inLanguage":"cs"},{"@type":"Organization","@id":"https:\/\/evertonfc.cz\/#organization","name":"Official Czech & Slovak Everton Supporters' Club","url":"https:\/\/evertonfc.cz\/","logo":{"@type":"ImageObject","inLanguage":"cs","@id":"https:\/\/evertonfc.cz\/#\/schema\/logo\/image\/","url":"https:\/\/evertonfc.cz\/wp-content\/uploads\/2019\/05\/logo.png","contentUrl":"https:\/\/evertonfc.cz\/wp-content\/uploads\/2019\/05\/logo.png","width":112,"height":112,"caption":"Official Czech & Slovak Everton Supporters' Club"},"image":{"@id":"https:\/\/evertonfc.cz\/#\/schema\/logo\/image\/"},"sameAs":["https:\/\/www.facebook.com\/everton.fans.cz.sk"]},{"@type":"Person","@id":"https:\/\/evertonfc.cz\/#\/schema\/person\/cd6328a75577de2add7793fd4b0930c3","name":"Me\u0148a","url":"https:\/\/evertonfc.cz\/index.php\/author\/mena\/"}]}},"_links":{"self":[{"href":"https:\/\/evertonfc.cz\/index.php\/wp-json\/wp\/v2\/posts\/2641"}],"collection":[{"href":"https:\/\/evertonfc.cz\/index.php\/wp-json\/wp\/v2\/posts"}],"about":[{"href":"https:\/\/evertonfc.cz\/index.php\/wp-json\/wp\/v2\/types\/post"}],"author":[{"embeddable":true,"href":"https:\/\/evertonfc.cz\/index.php\/wp-json\/wp\/v2\/users\/7"}],"replies":[{"embeddable":true,"href":"https:\/\/evertonfc.cz\/index.php\/wp-json\/wp\/v2\/comments?post=2641"}],"version-history":[{"count":2,"href":"https:\/\/evertonfc.cz\/index.php\/wp-json\/wp\/v2\/posts\/2641\/revisions"}],"predecessor-version":[{"id":2726,"href":"https:\/\/evertonfc.cz\/index.php\/wp-json\/wp\/v2\/posts\/2641\/revisions\/2726"}],"wp:featuredmedia":[{"embeddable":true,"href":"https:\/\/evertonfc.cz\/index.php\/wp-json\/wp\/v2\/media\/1312"}],"wp:attachment":[{"href":"https:\/\/evertonfc.cz\/index.php\/wp-json\/wp\/v2\/media?parent=2641"}],"wp:term":[{"taxonomy":"category","embeddable":true,"href":"https:\/\/evertonfc.cz\/index.php\/wp-json\/wp\/v2\/categories?post=2641"},{"taxonomy":"post_tag","embeddable":true,"href":"https:\/\/evertonfc.cz\/index.php\/wp-json\/wp\/v2\/tags?post=2641"}],"curies":[{"name":"wp","href":"https:\/\/api.w.org\/{rel}","templated":true}]}}