{"id":26442,"date":"2025-03-08T09:32:39","date_gmt":"2025-03-08T08:32:39","guid":{"rendered":"https:\/\/evertonfc.cz\/?p=26442"},"modified":"2025-03-08T10:38:23","modified_gmt":"2025-03-08T09:38:23","slug":"preview-wolverhampton-wanderers-everton-7","status":"publish","type":"post","link":"https:\/\/evertonfc.cz\/index.php\/2025\/03\/08\/preview-wolverhampton-wanderers-everton-7\/","title":{"rendered":"Preview: Wolverhampton Wanderers &#8211; Everton"},"content":{"rendered":"<h4>Na h\u0159i\u0161ti kandid\u00e1ta sestupu pro vzd\u00e1len\u00ed se od sestupu.<\/h4>\n<p>Po ligov\u00e9 pauze kv\u016fli osmifin\u00e1le Anglick\u00e9ho poh\u00e1ru se vrac\u00ed liga. Karamelky zaj\u00ed\u017ed\u011bj\u00ed na p\u0159edm\u011bst\u00ed Birminghamu podr\u017eet Vlk\u016fm hlavu pod vodou. M\u011blo by se poda\u0159it, jde sice o utk\u00e1n\u00ed tabulkov\u00fdch soused\u016f, ale je mezi nimi v tabulce desetibodov\u00fd rozd\u00edl a forma obou t\u00fdm\u016f je tak\u00e9 trochu (ne \u00fapln\u011b) jinde.<\/p>\n<p>Everton tr\u00e1vil minul\u00fd t\u00fdden v teple ve Spojen\u00fdch arabsk\u00fdch emir\u00e1tech. Hr\u00e1\u010di tedy p\u011bkn\u011b potr\u00e9novali, co\u017e Moyes ozna\u010dil za <i>&#8222;velmi p\u0159\u00edzniv\u00e9&#8220;.\u00a0<\/i>Je zjevn\u00e9, \u017ee tenhle v\u00fdlet byl \u010d\u00e1ste\u010dn\u011b odm\u011bna za dobr\u00e9 v\u00fdsledky, \u00fa\u010dastnili se ho i v\u0161ichni zran\u011bn\u00ed. Ale nikdo z nich nebude je\u0161t\u011b k dispozici. Broja, Calvert-Lewin, Coleman, Mangala, McNeil a Ndiaye si tedy je\u0161t\u011b na kopnut\u00ed do m\u00ed\u010de v lize budou muset po\u010dkat, n\u011bkte\u0159\u00ed by m\u011bli b\u00fdt po reprezenta\u010dn\u00ed p\u0159est\u00e1vce, co\u017e bude v\u00edtan\u00e9, proto\u017ee navazujeme hned presti\u017en\u00edm utk\u00e1n\u00edm uprost\u0159ed t\u00fddne na druh\u00e9m konci Stanley Parku. Tam pojedeme tak\u00e9 odpo\u010dat\u00ed, po dom\u00e1c\u00edm utk\u00e1n\u00ed p\u0159\u00ed\u0161t\u00ed t\u00fdden proti West Hamu m\u00e1me kv\u016fli absenci ve \u010dtvrtfin\u00e1le Anglick\u00e9ho poh\u00e1ru dva t\u00fddny volna. Jedin\u00fdm navr\u00e1tilcem tak bude Doucour\u00e9, kter\u00fd utk\u00e1n\u00ed na h\u0159i\u0161ti Brentfordu vynechal kv\u016fli narozen\u00ed syna, minim\u00e1ln\u011b na lavi\u010dku by se m\u011bli posadit Chermiti a Patterson.<\/p>\n<p>Wolves hraj\u00ed a budou hr\u00e1t do konce sez\u00f3ny o z\u00e1chranu, plat\u00ed, \u017ee z ligy sestoup\u00ed dva z trojice oni-Leicester-Ipswich. Nejlep\u0161\u00edm hr\u00e1\u010dem dne\u0161n\u00edho soupe\u0159e je Cunha, kter\u00fd ale nem\u016f\u017ee nastoupit, proto\u017ee dostal \u010dervenou kartu v poh\u00e1rov\u00e9m utk\u00e1n\u00ed proti Bournemouthu a odpyk\u00e1 si prvn\u00ed t\u0159etinu sv\u00e9ho trestu. Zran\u011bn\u00ed vyl\u00e9\u010dil Agbadou a bude minim\u00e1ln\u011b na lavi\u010dce, Gomes a Guedes u\u017e tak\u00e9 tr\u00e9nuj\u00ed, ale do utk\u00e1n\u00ed nezas\u00e1hnou. Otazn\u00edk vis\u00ed nad dvojic\u00ed Doherty &#8211; Strand Larsen, k dispozici ur\u010dit\u011b nebude \u010dtve\u0159ice Gonz\u00e1lez, Chiwone, Kalajd\u017ei\u010d a Mosquera.<\/p>\n<p><strong>Co:\u00a0<\/strong>Wolverhampton Wanderers FC &#8211; Everton FC, 28. kolo Premier League<br \/>\n<strong>Kdy:\u00a0<\/strong>8. b\u0159ezna 2025 od 21:00<br \/>\n<strong>Kde: <\/strong>Molineux Stadium &#8211; Waterloo Road, Wolverhampton (kapacita: 31 750)<br \/>\n<strong>TV:\u00a0<\/strong>P\u0159\u00edm\u00fd p\u0159enos na stanici Canal+ Sport, komentuje Mat\u00fa\u0161 Luk\u00e1\u010d<br \/>\n<strong>Rozhod\u010d\u00ed:\u00a0<\/strong>Stuart Attwell &#8211; Constantine Hatzidakis, Natalie Aspinallov\u00e1\u00a0 <strong>\u010ctvrt\u00fd rozhod\u010d\u00ed:\u00a0<\/strong>Tom Bramall<br \/>\n<strong>Videorozhod\u010d\u00ed:\u00a0<\/strong>Graham Scott\u00a0 <strong>Asistent videorozhod\u010d\u00edho:\u00a0<\/strong>Dan Cook<\/p>\n","protected":false},"excerpt":{"rendered":"<p>Na h\u0159i\u0161ti kandid\u00e1ta sestupu pro vzd\u00e1len\u00ed se od sestupu.<\/p>\n","protected":false},"author":12,"featured_media":13534,"comment_status":"open","ping_status":"closed","sticky":false,"template":"","format":"standard","meta":{"_eb_attr":"","_monsterinsights_skip_tracking":false,"_monsterinsights_sitenote_active":false,"_monsterinsights_sitenote_note":"","_monsterinsights_sitenote_category":0,"footnotes":""},"categories":[4],"tags":[],"yoast_head":"<!-- This site is optimized with the Yoast SEO plugin v23.4 - https:\/\/yoast.com\/wordpress\/plugins\/seo\/ -->\n<title>Preview: Wolverhampton Wanderers - Everton - Official Czech &amp; Slovak Everton Supporters&#039; Club<\/title>\n<meta name=\"description\" content=\"Na h\u0159i\u0161ti kandid\u00e1ta sestupu pro vzd\u00e1len\u00ed se od sestupu.\" \/>\n<meta name=\"robots\" content=\"index, follow, max-snippet:-1, max-image-preview:large, max-video-preview:-1\" \/>\n<link rel=\"canonical\" href=\"https:\/\/evertonfc.cz\/index.php\/2025\/03\/08\/preview-wolverhampton-wanderers-everton-7\/\" \/>\n<meta property=\"og:locale\" content=\"cs_CZ\" \/>\n<meta property=\"og:type\" content=\"article\" \/>\n<meta property=\"og:title\" content=\"Preview: Wolverhampton Wanderers - Everton - Official Czech &amp; Slovak Everton Supporters&#039; Club\" \/>\n<meta property=\"og:description\" content=\"Na h\u0159i\u0161ti kandid\u00e1ta sestupu pro vzd\u00e1len\u00ed se od sestupu.\" \/>\n<meta property=\"og:url\" content=\"https:\/\/evertonfc.cz\/index.php\/2025\/03\/08\/preview-wolverhampton-wanderers-everton-7\/\" \/>\n<meta property=\"og:site_name\" content=\"Official Czech &amp; Slovak Everton Supporters&#039; Club\" \/>\n<meta property=\"article:publisher\" content=\"https:\/\/www.facebook.com\/everton.fans.cz.sk\" \/>\n<meta property=\"article:published_time\" content=\"2025-03-08T08:32:39+00:00\" \/>\n<meta property=\"article:modified_time\" content=\"2025-03-08T09:38:23+00:00\" \/>\n<meta property=\"og:image\" content=\"https:\/\/evertonfc.cz\/wp-content\/uploads\/2021\/01\/Wolverhampton-Wanderers-VS-Everton.jpg\" \/>\n\t<meta property=\"og:image:width\" content=\"720\" \/>\n\t<meta property=\"og:image:height\" content=\"405\" \/>\n\t<meta property=\"og:image:type\" content=\"image\/jpeg\" \/>\n<meta name=\"author\" content=\"Javor\" \/>\n<meta name=\"twitter:card\" content=\"summary_large_image\" \/>\n<meta name=\"twitter:creator\" content=\"@LoudinJan\" \/>\n<meta name=\"twitter:label1\" content=\"Napsal(a)\" \/>\n\t<meta name=\"twitter:data1\" content=\"Javor\" \/>\n\t<meta name=\"twitter:label2\" content=\"Odhadovan\u00e1 doba \u010dten\u00ed\" \/>\n\t<meta name=\"twitter:data2\" content=\"2 minuty\" \/>\n<script type=\"application\/ld+json\" class=\"yoast-schema-graph\">{\"@context\":\"https:\/\/schema.org\",\"@graph\":[{\"@type\":\"Article\",\"@id\":\"https:\/\/evertonfc.cz\/index.php\/2025\/03\/08\/preview-wolverhampton-wanderers-everton-7\/#article\",\"isPartOf\":{\"@id\":\"https:\/\/evertonfc.cz\/index.php\/2025\/03\/08\/preview-wolverhampton-wanderers-everton-7\/\"},\"author\":{\"name\":\"Javor\",\"@id\":\"https:\/\/evertonfc.cz\/#\/schema\/person\/b30daf6a5852f4811f8207a17ec1bf78\"},\"headline\":\"Preview: Wolverhampton Wanderers &#8211; Everton\",\"datePublished\":\"2025-03-08T08:32:39+00:00\",\"dateModified\":\"2025-03-08T09:38:23+00:00\",\"mainEntityOfPage\":{\"@id\":\"https:\/\/evertonfc.cz\/index.php\/2025\/03\/08\/preview-wolverhampton-wanderers-everton-7\/\"},\"wordCount\":432,\"commentCount\":7,\"publisher\":{\"@id\":\"https:\/\/evertonfc.cz\/#organization\"},\"image\":{\"@id\":\"https:\/\/evertonfc.cz\/index.php\/2025\/03\/08\/preview-wolverhampton-wanderers-everton-7\/#primaryimage\"},\"thumbnailUrl\":\"https:\/\/evertonfc.cz\/wp-content\/uploads\/2021\/01\/Wolverhampton-Wanderers-VS-Everton.jpg\",\"articleSection\":[\"Z\u00e1pasy\"],\"inLanguage\":\"cs\",\"potentialAction\":[{\"@type\":\"CommentAction\",\"name\":\"Comment\",\"target\":[\"https:\/\/evertonfc.cz\/index.php\/2025\/03\/08\/preview-wolverhampton-wanderers-everton-7\/#respond\"]}]},{\"@type\":\"WebPage\",\"@id\":\"https:\/\/evertonfc.cz\/index.php\/2025\/03\/08\/preview-wolverhampton-wanderers-everton-7\/\",\"url\":\"https:\/\/evertonfc.cz\/index.php\/2025\/03\/08\/preview-wolverhampton-wanderers-everton-7\/\",\"name\":\"Preview: Wolverhampton Wanderers - Everton - Official Czech &amp; Slovak Everton Supporters&#039; Club\",\"isPartOf\":{\"@id\":\"https:\/\/evertonfc.cz\/#website\"},\"primaryImageOfPage\":{\"@id\":\"https:\/\/evertonfc.cz\/index.php\/2025\/03\/08\/preview-wolverhampton-wanderers-everton-7\/#primaryimage\"},\"image\":{\"@id\":\"https:\/\/evertonfc.cz\/index.php\/2025\/03\/08\/preview-wolverhampton-wanderers-everton-7\/#primaryimage\"},\"thumbnailUrl\":\"https:\/\/evertonfc.cz\/wp-content\/uploads\/2021\/01\/Wolverhampton-Wanderers-VS-Everton.jpg\",\"datePublished\":\"2025-03-08T08:32:39+00:00\",\"dateModified\":\"2025-03-08T09:38:23+00:00\",\"description\":\"Na h\u0159i\u0161ti kandid\u00e1ta sestupu pro vzd\u00e1len\u00ed se od sestupu.\",\"breadcrumb\":{\"@id\":\"https:\/\/evertonfc.cz\/index.php\/2025\/03\/08\/preview-wolverhampton-wanderers-everton-7\/#breadcrumb\"},\"inLanguage\":\"cs\",\"potentialAction\":[{\"@type\":\"ReadAction\",\"target\":[\"https:\/\/evertonfc.cz\/index.php\/2025\/03\/08\/preview-wolverhampton-wanderers-everton-7\/\"]}]},{\"@type\":\"ImageObject\",\"inLanguage\":\"cs\",\"@id\":\"https:\/\/evertonfc.cz\/index.php\/2025\/03\/08\/preview-wolverhampton-wanderers-everton-7\/#primaryimage\",\"url\":\"https:\/\/evertonfc.cz\/wp-content\/uploads\/2021\/01\/Wolverhampton-Wanderers-VS-Everton.jpg\",\"contentUrl\":\"https:\/\/evertonfc.cz\/wp-content\/uploads\/2021\/01\/Wolverhampton-Wanderers-VS-Everton.jpg\",\"width\":720,\"height\":405},{\"@type\":\"BreadcrumbList\",\"@id\":\"https:\/\/evertonfc.cz\/index.php\/2025\/03\/08\/preview-wolverhampton-wanderers-everton-7\/#breadcrumb\",\"itemListElement\":[{\"@type\":\"ListItem\",\"position\":1,\"name\":\"Home\",\"item\":\"https:\/\/evertonfc.cz\/\"},{\"@type\":\"ListItem\",\"position\":2,\"name\":\"Preview: Wolverhampton Wanderers &#8211; Everton\"}]},{\"@type\":\"WebSite\",\"@id\":\"https:\/\/evertonfc.cz\/#website\",\"url\":\"https:\/\/evertonfc.cz\/\",\"name\":\"Official Czech &amp; Slovak Everton Supporters&#039; Club\",\"description\":\"\",\"publisher\":{\"@id\":\"https:\/\/evertonfc.cz\/#organization\"},\"potentialAction\":[{\"@type\":\"SearchAction\",\"target\":{\"@type\":\"EntryPoint\",\"urlTemplate\":\"https:\/\/evertonfc.cz\/?s={search_term_string}\"},\"query-input\":{\"@type\":\"PropertyValueSpecification\",\"valueRequired\":true,\"valueName\":\"search_term_string\"}}],\"inLanguage\":\"cs\"},{\"@type\":\"Organization\",\"@id\":\"https:\/\/evertonfc.cz\/#organization\",\"name\":\"Official Czech & Slovak Everton Supporters' Club\",\"url\":\"https:\/\/evertonfc.cz\/\",\"logo\":{\"@type\":\"ImageObject\",\"inLanguage\":\"cs\",\"@id\":\"https:\/\/evertonfc.cz\/#\/schema\/logo\/image\/\",\"url\":\"https:\/\/evertonfc.cz\/wp-content\/uploads\/2019\/05\/logo.png\",\"contentUrl\":\"https:\/\/evertonfc.cz\/wp-content\/uploads\/2019\/05\/logo.png\",\"width\":112,\"height\":112,\"caption\":\"Official Czech & Slovak Everton Supporters' Club\"},\"image\":{\"@id\":\"https:\/\/evertonfc.cz\/#\/schema\/logo\/image\/\"},\"sameAs\":[\"https:\/\/www.facebook.com\/everton.fans.cz.sk\"]},{\"@type\":\"Person\",\"@id\":\"https:\/\/evertonfc.cz\/#\/schema\/person\/b30daf6a5852f4811f8207a17ec1bf78\",\"name\":\"Javor\",\"sameAs\":[\"https:\/\/x.com\/LoudinJan\"],\"url\":\"https:\/\/evertonfc.cz\/index.php\/author\/javor\/\"}]}<\/script>\n<!-- \/ Yoast SEO plugin. -->","yoast_head_json":{"title":"Preview: Wolverhampton Wanderers - Everton - Official Czech &amp; Slovak Everton Supporters&#039; Club","description":"Na h\u0159i\u0161ti kandid\u00e1ta sestupu pro vzd\u00e1len\u00ed se od sestupu.","robots":{"index":"index","follow":"follow","max-snippet":"max-snippet:-1","max-image-preview":"max-image-preview:large","max-video-preview":"max-video-preview:-1"},"canonical":"https:\/\/evertonfc.cz\/index.php\/2025\/03\/08\/preview-wolverhampton-wanderers-everton-7\/","og_locale":"cs_CZ","og_type":"article","og_title":"Preview: Wolverhampton Wanderers - Everton - Official Czech &amp; Slovak Everton Supporters&#039; Club","og_description":"Na h\u0159i\u0161ti kandid\u00e1ta sestupu pro vzd\u00e1len\u00ed se od sestupu.","og_url":"https:\/\/evertonfc.cz\/index.php\/2025\/03\/08\/preview-wolverhampton-wanderers-everton-7\/","og_site_name":"Official Czech &amp; Slovak Everton Supporters&#039; Club","article_publisher":"https:\/\/www.facebook.com\/everton.fans.cz.sk","article_published_time":"2025-03-08T08:32:39+00:00","article_modified_time":"2025-03-08T09:38:23+00:00","og_image":[{"width":720,"height":405,"url":"https:\/\/evertonfc.cz\/wp-content\/uploads\/2021\/01\/Wolverhampton-Wanderers-VS-Everton.jpg","type":"image\/jpeg"}],"author":"Javor","twitter_card":"summary_large_image","twitter_creator":"@LoudinJan","twitter_misc":{"Napsal(a)":"Javor","Odhadovan\u00e1 doba \u010dten\u00ed":"2 minuty"},"schema":{"@context":"https:\/\/schema.org","@graph":[{"@type":"Article","@id":"https:\/\/evertonfc.cz\/index.php\/2025\/03\/08\/preview-wolverhampton-wanderers-everton-7\/#article","isPartOf":{"@id":"https:\/\/evertonfc.cz\/index.php\/2025\/03\/08\/preview-wolverhampton-wanderers-everton-7\/"},"author":{"name":"Javor","@id":"https:\/\/evertonfc.cz\/#\/schema\/person\/b30daf6a5852f4811f8207a17ec1bf78"},"headline":"Preview: Wolverhampton Wanderers &#8211; Everton","datePublished":"2025-03-08T08:32:39+00:00","dateModified":"2025-03-08T09:38:23+00:00","mainEntityOfPage":{"@id":"https:\/\/evertonfc.cz\/index.php\/2025\/03\/08\/preview-wolverhampton-wanderers-everton-7\/"},"wordCount":432,"commentCount":7,"publisher":{"@id":"https:\/\/evertonfc.cz\/#organization"},"image":{"@id":"https:\/\/evertonfc.cz\/index.php\/2025\/03\/08\/preview-wolverhampton-wanderers-everton-7\/#primaryimage"},"thumbnailUrl":"https:\/\/evertonfc.cz\/wp-content\/uploads\/2021\/01\/Wolverhampton-Wanderers-VS-Everton.jpg","articleSection":["Z\u00e1pasy"],"inLanguage":"cs","potentialAction":[{"@type":"CommentAction","name":"Comment","target":["https:\/\/evertonfc.cz\/index.php\/2025\/03\/08\/preview-wolverhampton-wanderers-everton-7\/#respond"]}]},{"@type":"WebPage","@id":"https:\/\/evertonfc.cz\/index.php\/2025\/03\/08\/preview-wolverhampton-wanderers-everton-7\/","url":"https:\/\/evertonfc.cz\/index.php\/2025\/03\/08\/preview-wolverhampton-wanderers-everton-7\/","name":"Preview: Wolverhampton Wanderers - Everton - Official Czech &amp; Slovak Everton Supporters&#039; Club","isPartOf":{"@id":"https:\/\/evertonfc.cz\/#website"},"primaryImageOfPage":{"@id":"https:\/\/evertonfc.cz\/index.php\/2025\/03\/08\/preview-wolverhampton-wanderers-everton-7\/#primaryimage"},"image":{"@id":"https:\/\/evertonfc.cz\/index.php\/2025\/03\/08\/preview-wolverhampton-wanderers-everton-7\/#primaryimage"},"thumbnailUrl":"https:\/\/evertonfc.cz\/wp-content\/uploads\/2021\/01\/Wolverhampton-Wanderers-VS-Everton.jpg","datePublished":"2025-03-08T08:32:39+00:00","dateModified":"2025-03-08T09:38:23+00:00","description":"Na h\u0159i\u0161ti kandid\u00e1ta sestupu pro vzd\u00e1len\u00ed se od sestupu.","breadcrumb":{"@id":"https:\/\/evertonfc.cz\/index.php\/2025\/03\/08\/preview-wolverhampton-wanderers-everton-7\/#breadcrumb"},"inLanguage":"cs","potentialAction":[{"@type":"ReadAction","target":["https:\/\/evertonfc.cz\/index.php\/2025\/03\/08\/preview-wolverhampton-wanderers-everton-7\/"]}]},{"@type":"ImageObject","inLanguage":"cs","@id":"https:\/\/evertonfc.cz\/index.php\/2025\/03\/08\/preview-wolverhampton-wanderers-everton-7\/#primaryimage","url":"https:\/\/evertonfc.cz\/wp-content\/uploads\/2021\/01\/Wolverhampton-Wanderers-VS-Everton.jpg","contentUrl":"https:\/\/evertonfc.cz\/wp-content\/uploads\/2021\/01\/Wolverhampton-Wanderers-VS-Everton.jpg","width":720,"height":405},{"@type":"BreadcrumbList","@id":"https:\/\/evertonfc.cz\/index.php\/2025\/03\/08\/preview-wolverhampton-wanderers-everton-7\/#breadcrumb","itemListElement":[{"@type":"ListItem","position":1,"name":"Home","item":"https:\/\/evertonfc.cz\/"},{"@type":"ListItem","position":2,"name":"Preview: Wolverhampton Wanderers &#8211; Everton"}]},{"@type":"WebSite","@id":"https:\/\/evertonfc.cz\/#website","url":"https:\/\/evertonfc.cz\/","name":"Official Czech &amp; Slovak Everton Supporters&#039; Club","description":"","publisher":{"@id":"https:\/\/evertonfc.cz\/#organization"},"potentialAction":[{"@type":"SearchAction","target":{"@type":"EntryPoint","urlTemplate":"https:\/\/evertonfc.cz\/?s={search_term_string}"},"query-input":{"@type":"PropertyValueSpecification","valueRequired":true,"valueName":"search_term_string"}}],"inLanguage":"cs"},{"@type":"Organization","@id":"https:\/\/evertonfc.cz\/#organization","name":"Official Czech & Slovak Everton Supporters' Club","url":"https:\/\/evertonfc.cz\/","logo":{"@type":"ImageObject","inLanguage":"cs","@id":"https:\/\/evertonfc.cz\/#\/schema\/logo\/image\/","url":"https:\/\/evertonfc.cz\/wp-content\/uploads\/2019\/05\/logo.png","contentUrl":"https:\/\/evertonfc.cz\/wp-content\/uploads\/2019\/05\/logo.png","width":112,"height":112,"caption":"Official Czech & Slovak Everton Supporters' Club"},"image":{"@id":"https:\/\/evertonfc.cz\/#\/schema\/logo\/image\/"},"sameAs":["https:\/\/www.facebook.com\/everton.fans.cz.sk"]},{"@type":"Person","@id":"https:\/\/evertonfc.cz\/#\/schema\/person\/b30daf6a5852f4811f8207a17ec1bf78","name":"Javor","sameAs":["https:\/\/x.com\/LoudinJan"],"url":"https:\/\/evertonfc.cz\/index.php\/author\/javor\/"}]}},"_links":{"self":[{"href":"https:\/\/evertonfc.cz\/index.php\/wp-json\/wp\/v2\/posts\/26442"}],"collection":[{"href":"https:\/\/evertonfc.cz\/index.php\/wp-json\/wp\/v2\/posts"}],"about":[{"href":"https:\/\/evertonfc.cz\/index.php\/wp-json\/wp\/v2\/types\/post"}],"author":[{"embeddable":true,"href":"https:\/\/evertonfc.cz\/index.php\/wp-json\/wp\/v2\/users\/12"}],"replies":[{"embeddable":true,"href":"https:\/\/evertonfc.cz\/index.php\/wp-json\/wp\/v2\/comments?post=26442"}],"version-history":[{"count":3,"href":"https:\/\/evertonfc.cz\/index.php\/wp-json\/wp\/v2\/posts\/26442\/revisions"}],"predecessor-version":[{"id":26445,"href":"https:\/\/evertonfc.cz\/index.php\/wp-json\/wp\/v2\/posts\/26442\/revisions\/26445"}],"wp:featuredmedia":[{"embeddable":true,"href":"https:\/\/evertonfc.cz\/index.php\/wp-json\/wp\/v2\/media\/13534"}],"wp:attachment":[{"href":"https:\/\/evertonfc.cz\/index.php\/wp-json\/wp\/v2\/media?parent=26442"}],"wp:term":[{"taxonomy":"category","embeddable":true,"href":"https:\/\/evertonfc.cz\/index.php\/wp-json\/wp\/v2\/categories?post=26442"},{"taxonomy":"post_tag","embeddable":true,"href":"https:\/\/evertonfc.cz\/index.php\/wp-json\/wp\/v2\/tags?post=26442"}],"curies":[{"name":"wp","href":"https:\/\/api.w.org\/{rel}","templated":true}]}}