{"id":26462,"date":"2025-03-10T18:31:49","date_gmt":"2025-03-10T17:31:49","guid":{"rendered":"https:\/\/evertonfc.cz\/?p=26462"},"modified":"2025-03-11T09:55:50","modified_gmt":"2025-03-11T08:55:50","slug":"wolverhampton-wanderers-everton-11-2","status":"publish","type":"post","link":"https:\/\/evertonfc.cz\/index.php\/2025\/03\/10\/wolverhampton-wanderers-everton-11-2\/","title":{"rendered":"Wolverhampton Wanderers \u2013 Everton 1:1"},"content":{"rendered":"<h4>No fuj! U\u017e sme si zvykli na lep\u0161ie, a\u00a0hoci v\u00fdsledok e\u0161te ako tak akceptujeme, predveden\u00e1 hra po n\u00e1vrate z\u00a0hor\u00faceho kempu na Bl\u00edzkom v\u00fdchode bola ak\u00e1si pri\u0161kvaren\u00e1.<\/h4>\n<p>Jedinou zmenou na dos\u0165 netradi\u010dne neskor\u00fd sobotn\u00fd v\u00fdkop bol nevyn\u00faten\u00fd n\u00e1vrat Doucour\u00e9ho miesto Alcaraza do z\u00e1kladnej zostavy. To je \u0161koda, nako\u013eko ve\u013emi dobre vieme, kto z tejto dvojice je futbalovej\u0161\u00ed typ. A \u010doskoro to bolo aj na tr\u00e1vniku vidie\u0165 v podan\u00ed jednotliv\u00fdch t\u00edmov. Ale nie hne\u010f. \u00davodn\u00fd hvizd lep\u0161ie navnadil host\u00ed. T\u00ed sa hrnuli dopredu a nenech\u00e1vali rozohr\u00e1vku hostite\u013eov na pokoji. Pr\u00e1ve naopak.<\/p>\n<p>Ka\u017ed\u00fa tretiu \u010di \u0161tvrt\u00fa prihr\u00e1vku od rozohrania brank\u00e1ra sme s\u00a0\u013eahkos\u0165ou zachyt\u00e1vali. Niekto si iste mohol poveda\u0165, \u017ee to vyzeralo a\u017e pr\u00edli\u0161 jednoducho. A\u00a0veru, tak\u00e1to fyzicky n\u00e1ro\u010dn\u00e1 pr\u00e1ca vydr\u017eala Karamelk\u00e1m len asi 10 alebo 15 min\u00fat. Za t\u00fa dobu ale stihol br\u00e1nku ohrozi\u0165 len Doucour\u00e9, obrana pred \u010diarou vyrazila. Z\u00a0n\u00e1sledn\u00fdch rohov potom Beto nevyu\u017eil Harrisonov servis do p\u00e4\u0165ky.<\/p>\n<p>To u\u017e sa dom\u00e1ci otrepali a\u00a0zistili, \u017ee aj oni vedia hra\u0165 futbal, ba dokonca lep\u0161ie ne\u017e ich s\u00faper. Za\u010dali viac kombinova\u0165 a\u00a0vyu\u017e\u00edva\u0165 aj vo svoj prospech form\u00e1ciu, kde vedeli pre\u010d\u00edslova\u0165 na\u0161u obranu. Ni\u010d v\u00fdrazn\u00e9 sa v\u0161ak nedialo a\u017e do \u00favodn\u00e9ho g\u00f3lu po polhodine. Lindstr\u00f8m preniesol hru na Harrisona a\u00a0ten sa rozhodol pre spr\u00e1vnu vec. Prestrelil dvoch obrancov a\u00a0lopta dosk\u00e1kala za chrb\u00e1t S\u00e1a. <strong>0:1!<\/strong> Bellegarde sa rozhodol, \u017ee nejak\u00fd Jack na hos\u0165ovan\u00ed ho predsa nezatieni. A po prvotnom zahrozen\u00ed vlastnou strelou to o 7 min\u00fat zariadil vlastn\u00fdm prienikom a perfektnou prihr\u00e1vkou na Munetsiho. <strong>1:1<\/strong>.<\/p>\n<p>Tam pre Evertonians z\u00e1pas mohol skon\u010di\u0165. Preto\u017ee zvy\u0161ok predstavoval iba tr\u00e1penie sa a v\u00e4\u010d\u0161inou br\u00e1nenie v\u00fdsledku. V\u00fdrazne dopomohol aj Pickford, ke\u010f v 72. min\u00fate vychytal Larsena. Svetielko na konci tunela a jedin\u00fd d\u00f4vod pre\u010do by ste si mohli zapn\u00fa\u0165 aj druh\u00fd pol\u010das, bola akcia Alcaraza hne\u010f na to. Ten unikol z vlastnej polovice a dal Betovi g\u00f3lovku pred nos. Mohol aj prihr\u00e1va\u0165 sp\u00e4\u0165 Charlymu do pr\u00e1zdnej br\u00e1ny, ale miesto toho tragicky zakon\u010dil. \u0160koda, ale lep\u0161\u00ed sme neboli. A to je po dlhom \u010dase naozaj frustruj\u00face&#8230;<\/p>\n<h4><strong>David Moyes po z\u00e1pase:<\/strong><\/h4>\n<blockquote><p><span style=\"font-size: 12pt;\"><em>\u201eSom naozaj r\u00e1d, \u017ee berieme bod. Vo v\u0161eobecnosti si nemysl\u00edm, \u017ee sme dnes ve\u010der hrali dobre, ale boli tu aj in\u00e9 \u010dasti hry, o ktor\u00fdch som si myslel, \u017ee boli dobr\u00e9. Mysl\u00edm, \u017ee sme hrozili, pok\u00fa\u0161ali robi\u0165 spr\u00e1vne veci v mnoh\u00fdch oblastiach, ale vo v\u0161eobecnosti m\u00e1m pocit, \u017ee Wolves s\u00fa moment\u00e1lne v celkom dobrej forme. Viem, \u017ee ich poz\u00edcia tomu nemus\u00ed nasved\u010dova\u0165, ale mysl\u00edm, \u017ee ke\u010f sme sem pri\u0161li, z\u00fafalo n\u00e1s chceli dnes ve\u010der porazi\u0165, preto\u017ee sa k n\u00e1m mohli pribl\u00ed\u017ei\u0165. A jedin\u00e9, \u010do sme urobili, je, \u017ee sme dnes udr\u017eali odstup a z\u00edskali bod.\u201c<\/em><\/span><\/p><\/blockquote>\n<h3 style=\"text-align: center;\"><span style=\"color: #3366ff;\"><em><strong>Come on you Blues !!!<\/strong><\/em><\/span><\/h3>\n<p style=\"text-align: right;\"><span style=\"font-size: 8pt;\">(fotozdroj: evertonfc.com)<\/span><\/p>\n<p><strong>G\u00f3ly: <\/strong>33\u00b4 Harrison (Lindstr\u00f8m), 40\u00b4 Munetsi (Bellegarde)<\/p>\n<p><strong>\u017dlt\u00e9 karty:<\/strong> 53\u00b4 Andre, 62\u00b4 Larsen, 79\u00b4 Iroegbunam, 85\u00b4 Alcaraz<\/p>\n<p><strong>Wolverhampton Wanderers FC:<\/strong> S\u00e1 \u2013 Semedo (90+2\u00b4 Bueno), Doherty, Agbadou, Toti, A\u00eft-Nouri \u2013 Andr\u00e9 (90+2\u00b4 Doyle), Gomes \u2013 Munetsi (46\u00b4 Sarabia), Larsen (74\u00b4 Hwang), Bellegarde (83\u00b4 Guedes)<\/p>\n<p><strong>Everton FC:<\/strong> Pickford \u2013 O&#8217;Brien, Tarkowski, Branthwaite, Mykolenko \u2013 Doucour\u00e9 (63\u00b4 Alcaraz), Gueye, Garner (46\u00b4 Young) \u2013 Lindstr\u00f8m (63\u00b4 Iroegbunam), Beto, Harrison<\/p>\n<p><strong>Rozhodca: <\/strong>Stuart Attwell\u00a0\u00a0<strong>Div\u00e1ci:<\/strong> 30 738\u00a0 <strong>Hr\u00e1\u010d z\u00e1pasu EFC:<\/strong> Idrissa Gueye<\/p>\n","protected":false},"excerpt":{"rendered":"<p>No fuj! U\u017e sme si zvykli na lep\u0161ie, a\u00a0hoci v\u00fdsledok e\u0161te ako tak akceptujeme, predveden\u00e1 hra po n\u00e1vrate z\u00a0hor\u00faceho kempu na Bl\u00edzkom v\u00fdchode bola ak\u00e1si pri\u0161kvaren\u00e1.<\/p>\n","protected":false},"author":1,"featured_media":26463,"comment_status":"open","ping_status":"closed","sticky":false,"template":"","format":"standard","meta":{"_eb_attr":"","_monsterinsights_skip_tracking":false,"_monsterinsights_sitenote_active":false,"_monsterinsights_sitenote_note":"","_monsterinsights_sitenote_category":0,"footnotes":""},"categories":[4],"tags":[],"yoast_head":"<!-- This site is optimized with the Yoast SEO plugin v23.4 - https:\/\/yoast.com\/wordpress\/plugins\/seo\/ -->\n<title>Wolverhampton Wanderers \u2013 Everton 1:1 - Official Czech &amp; Slovak Everton Supporters&#039; Club<\/title>\n<meta name=\"robots\" content=\"index, follow, max-snippet:-1, max-image-preview:large, max-video-preview:-1\" \/>\n<link rel=\"canonical\" href=\"https:\/\/evertonfc.cz\/index.php\/2025\/03\/10\/wolverhampton-wanderers-everton-11-2\/\" \/>\n<meta property=\"og:locale\" content=\"cs_CZ\" \/>\n<meta property=\"og:type\" content=\"article\" \/>\n<meta property=\"og:title\" content=\"Wolverhampton Wanderers \u2013 Everton 1:1 - Official Czech &amp; Slovak Everton Supporters&#039; Club\" \/>\n<meta property=\"og:description\" content=\"No fuj! U\u017e sme si zvykli na lep\u0161ie, a\u00a0hoci v\u00fdsledok e\u0161te ako tak akceptujeme, predveden\u00e1 hra po n\u00e1vrate z\u00a0hor\u00faceho kempu na Bl\u00edzkom v\u00fdchode bola ak\u00e1si pri\u0161kvaren\u00e1.\" \/>\n<meta property=\"og:url\" content=\"https:\/\/evertonfc.cz\/index.php\/2025\/03\/10\/wolverhampton-wanderers-everton-11-2\/\" \/>\n<meta property=\"og:site_name\" content=\"Official Czech &amp; Slovak Everton Supporters&#039; Club\" \/>\n<meta property=\"article:publisher\" content=\"https:\/\/www.facebook.com\/everton.fans.cz.sk\" \/>\n<meta property=\"article:published_time\" content=\"2025-03-10T17:31:49+00:00\" \/>\n<meta property=\"article:modified_time\" content=\"2025-03-11T08:55:50+00:00\" \/>\n<meta property=\"og:image\" content=\"https:\/\/evertonfc.cz\/wp-content\/uploads\/2025\/03\/Wolverhampton-1-1-Everton-by-efc.com-8-3-2025.jpg\" \/>\n\t<meta property=\"og:image:width\" content=\"720\" \/>\n\t<meta property=\"og:image:height\" content=\"405\" \/>\n\t<meta property=\"og:image:type\" content=\"image\/jpeg\" \/>\n<meta name=\"author\" content=\"BlueBlooded\" \/>\n<meta name=\"twitter:card\" content=\"summary_large_image\" \/>\n<meta name=\"twitter:label1\" content=\"Napsal(a)\" \/>\n\t<meta name=\"twitter:data1\" content=\"BlueBlooded\" \/>\n\t<meta name=\"twitter:label2\" content=\"Odhadovan\u00e1 doba \u010dten\u00ed\" \/>\n\t<meta name=\"twitter:data2\" content=\"3 minuty\" \/>\n<script type=\"application\/ld+json\" class=\"yoast-schema-graph\">{\"@context\":\"https:\/\/schema.org\",\"@graph\":[{\"@type\":\"Article\",\"@id\":\"https:\/\/evertonfc.cz\/index.php\/2025\/03\/10\/wolverhampton-wanderers-everton-11-2\/#article\",\"isPartOf\":{\"@id\":\"https:\/\/evertonfc.cz\/index.php\/2025\/03\/10\/wolverhampton-wanderers-everton-11-2\/\"},\"author\":{\"name\":\"BlueBlooded\",\"@id\":\"https:\/\/evertonfc.cz\/#\/schema\/person\/d4493b8cbea51532597fbc4685698916\"},\"headline\":\"Wolverhampton Wanderers \u2013 Everton 1:1\",\"datePublished\":\"2025-03-10T17:31:49+00:00\",\"dateModified\":\"2025-03-11T08:55:50+00:00\",\"mainEntityOfPage\":{\"@id\":\"https:\/\/evertonfc.cz\/index.php\/2025\/03\/10\/wolverhampton-wanderers-everton-11-2\/\"},\"wordCount\":605,\"commentCount\":1,\"publisher\":{\"@id\":\"https:\/\/evertonfc.cz\/#organization\"},\"image\":{\"@id\":\"https:\/\/evertonfc.cz\/index.php\/2025\/03\/10\/wolverhampton-wanderers-everton-11-2\/#primaryimage\"},\"thumbnailUrl\":\"https:\/\/evertonfc.cz\/wp-content\/uploads\/2025\/03\/Wolverhampton-1-1-Everton-by-efc.com-8-3-2025.jpg\",\"articleSection\":[\"Z\u00e1pasy\"],\"inLanguage\":\"cs\",\"potentialAction\":[{\"@type\":\"CommentAction\",\"name\":\"Comment\",\"target\":[\"https:\/\/evertonfc.cz\/index.php\/2025\/03\/10\/wolverhampton-wanderers-everton-11-2\/#respond\"]}]},{\"@type\":\"WebPage\",\"@id\":\"https:\/\/evertonfc.cz\/index.php\/2025\/03\/10\/wolverhampton-wanderers-everton-11-2\/\",\"url\":\"https:\/\/evertonfc.cz\/index.php\/2025\/03\/10\/wolverhampton-wanderers-everton-11-2\/\",\"name\":\"Wolverhampton Wanderers \u2013 Everton 1:1 - Official Czech &amp; Slovak Everton Supporters&#039; Club\",\"isPartOf\":{\"@id\":\"https:\/\/evertonfc.cz\/#website\"},\"primaryImageOfPage\":{\"@id\":\"https:\/\/evertonfc.cz\/index.php\/2025\/03\/10\/wolverhampton-wanderers-everton-11-2\/#primaryimage\"},\"image\":{\"@id\":\"https:\/\/evertonfc.cz\/index.php\/2025\/03\/10\/wolverhampton-wanderers-everton-11-2\/#primaryimage\"},\"thumbnailUrl\":\"https:\/\/evertonfc.cz\/wp-content\/uploads\/2025\/03\/Wolverhampton-1-1-Everton-by-efc.com-8-3-2025.jpg\",\"datePublished\":\"2025-03-10T17:31:49+00:00\",\"dateModified\":\"2025-03-11T08:55:50+00:00\",\"breadcrumb\":{\"@id\":\"https:\/\/evertonfc.cz\/index.php\/2025\/03\/10\/wolverhampton-wanderers-everton-11-2\/#breadcrumb\"},\"inLanguage\":\"cs\",\"potentialAction\":[{\"@type\":\"ReadAction\",\"target\":[\"https:\/\/evertonfc.cz\/index.php\/2025\/03\/10\/wolverhampton-wanderers-everton-11-2\/\"]}]},{\"@type\":\"ImageObject\",\"inLanguage\":\"cs\",\"@id\":\"https:\/\/evertonfc.cz\/index.php\/2025\/03\/10\/wolverhampton-wanderers-everton-11-2\/#primaryimage\",\"url\":\"https:\/\/evertonfc.cz\/wp-content\/uploads\/2025\/03\/Wolverhampton-1-1-Everton-by-efc.com-8-3-2025.jpg\",\"contentUrl\":\"https:\/\/evertonfc.cz\/wp-content\/uploads\/2025\/03\/Wolverhampton-1-1-Everton-by-efc.com-8-3-2025.jpg\",\"width\":720,\"height\":405},{\"@type\":\"BreadcrumbList\",\"@id\":\"https:\/\/evertonfc.cz\/index.php\/2025\/03\/10\/wolverhampton-wanderers-everton-11-2\/#breadcrumb\",\"itemListElement\":[{\"@type\":\"ListItem\",\"position\":1,\"name\":\"Home\",\"item\":\"https:\/\/evertonfc.cz\/\"},{\"@type\":\"ListItem\",\"position\":2,\"name\":\"Wolverhampton Wanderers \u2013 Everton 1:1\"}]},{\"@type\":\"WebSite\",\"@id\":\"https:\/\/evertonfc.cz\/#website\",\"url\":\"https:\/\/evertonfc.cz\/\",\"name\":\"Official Czech &amp; Slovak Everton Supporters&#039; Club\",\"description\":\"\",\"publisher\":{\"@id\":\"https:\/\/evertonfc.cz\/#organization\"},\"potentialAction\":[{\"@type\":\"SearchAction\",\"target\":{\"@type\":\"EntryPoint\",\"urlTemplate\":\"https:\/\/evertonfc.cz\/?s={search_term_string}\"},\"query-input\":{\"@type\":\"PropertyValueSpecification\",\"valueRequired\":true,\"valueName\":\"search_term_string\"}}],\"inLanguage\":\"cs\"},{\"@type\":\"Organization\",\"@id\":\"https:\/\/evertonfc.cz\/#organization\",\"name\":\"Official Czech & Slovak Everton Supporters' Club\",\"url\":\"https:\/\/evertonfc.cz\/\",\"logo\":{\"@type\":\"ImageObject\",\"inLanguage\":\"cs\",\"@id\":\"https:\/\/evertonfc.cz\/#\/schema\/logo\/image\/\",\"url\":\"https:\/\/evertonfc.cz\/wp-content\/uploads\/2019\/05\/logo.png\",\"contentUrl\":\"https:\/\/evertonfc.cz\/wp-content\/uploads\/2019\/05\/logo.png\",\"width\":112,\"height\":112,\"caption\":\"Official Czech & Slovak Everton Supporters' Club\"},\"image\":{\"@id\":\"https:\/\/evertonfc.cz\/#\/schema\/logo\/image\/\"},\"sameAs\":[\"https:\/\/www.facebook.com\/everton.fans.cz.sk\"]},{\"@type\":\"Person\",\"@id\":\"https:\/\/evertonfc.cz\/#\/schema\/person\/d4493b8cbea51532597fbc4685698916\",\"name\":\"BlueBlooded\",\"url\":\"https:\/\/evertonfc.cz\/index.php\/author\/admin\/\"}]}<\/script>\n<!-- \/ Yoast SEO plugin. -->","yoast_head_json":{"title":"Wolverhampton Wanderers \u2013 Everton 1:1 - Official Czech &amp; Slovak Everton Supporters&#039; Club","robots":{"index":"index","follow":"follow","max-snippet":"max-snippet:-1","max-image-preview":"max-image-preview:large","max-video-preview":"max-video-preview:-1"},"canonical":"https:\/\/evertonfc.cz\/index.php\/2025\/03\/10\/wolverhampton-wanderers-everton-11-2\/","og_locale":"cs_CZ","og_type":"article","og_title":"Wolverhampton Wanderers \u2013 Everton 1:1 - Official Czech &amp; Slovak Everton Supporters&#039; Club","og_description":"No fuj! U\u017e sme si zvykli na lep\u0161ie, a\u00a0hoci v\u00fdsledok e\u0161te ako tak akceptujeme, predveden\u00e1 hra po n\u00e1vrate z\u00a0hor\u00faceho kempu na Bl\u00edzkom v\u00fdchode bola ak\u00e1si pri\u0161kvaren\u00e1.","og_url":"https:\/\/evertonfc.cz\/index.php\/2025\/03\/10\/wolverhampton-wanderers-everton-11-2\/","og_site_name":"Official Czech &amp; Slovak Everton Supporters&#039; Club","article_publisher":"https:\/\/www.facebook.com\/everton.fans.cz.sk","article_published_time":"2025-03-10T17:31:49+00:00","article_modified_time":"2025-03-11T08:55:50+00:00","og_image":[{"width":720,"height":405,"url":"https:\/\/evertonfc.cz\/wp-content\/uploads\/2025\/03\/Wolverhampton-1-1-Everton-by-efc.com-8-3-2025.jpg","type":"image\/jpeg"}],"author":"BlueBlooded","twitter_card":"summary_large_image","twitter_misc":{"Napsal(a)":"BlueBlooded","Odhadovan\u00e1 doba \u010dten\u00ed":"3 minuty"},"schema":{"@context":"https:\/\/schema.org","@graph":[{"@type":"Article","@id":"https:\/\/evertonfc.cz\/index.php\/2025\/03\/10\/wolverhampton-wanderers-everton-11-2\/#article","isPartOf":{"@id":"https:\/\/evertonfc.cz\/index.php\/2025\/03\/10\/wolverhampton-wanderers-everton-11-2\/"},"author":{"name":"BlueBlooded","@id":"https:\/\/evertonfc.cz\/#\/schema\/person\/d4493b8cbea51532597fbc4685698916"},"headline":"Wolverhampton Wanderers \u2013 Everton 1:1","datePublished":"2025-03-10T17:31:49+00:00","dateModified":"2025-03-11T08:55:50+00:00","mainEntityOfPage":{"@id":"https:\/\/evertonfc.cz\/index.php\/2025\/03\/10\/wolverhampton-wanderers-everton-11-2\/"},"wordCount":605,"commentCount":1,"publisher":{"@id":"https:\/\/evertonfc.cz\/#organization"},"image":{"@id":"https:\/\/evertonfc.cz\/index.php\/2025\/03\/10\/wolverhampton-wanderers-everton-11-2\/#primaryimage"},"thumbnailUrl":"https:\/\/evertonfc.cz\/wp-content\/uploads\/2025\/03\/Wolverhampton-1-1-Everton-by-efc.com-8-3-2025.jpg","articleSection":["Z\u00e1pasy"],"inLanguage":"cs","potentialAction":[{"@type":"CommentAction","name":"Comment","target":["https:\/\/evertonfc.cz\/index.php\/2025\/03\/10\/wolverhampton-wanderers-everton-11-2\/#respond"]}]},{"@type":"WebPage","@id":"https:\/\/evertonfc.cz\/index.php\/2025\/03\/10\/wolverhampton-wanderers-everton-11-2\/","url":"https:\/\/evertonfc.cz\/index.php\/2025\/03\/10\/wolverhampton-wanderers-everton-11-2\/","name":"Wolverhampton Wanderers \u2013 Everton 1:1 - Official Czech &amp; Slovak Everton Supporters&#039; Club","isPartOf":{"@id":"https:\/\/evertonfc.cz\/#website"},"primaryImageOfPage":{"@id":"https:\/\/evertonfc.cz\/index.php\/2025\/03\/10\/wolverhampton-wanderers-everton-11-2\/#primaryimage"},"image":{"@id":"https:\/\/evertonfc.cz\/index.php\/2025\/03\/10\/wolverhampton-wanderers-everton-11-2\/#primaryimage"},"thumbnailUrl":"https:\/\/evertonfc.cz\/wp-content\/uploads\/2025\/03\/Wolverhampton-1-1-Everton-by-efc.com-8-3-2025.jpg","datePublished":"2025-03-10T17:31:49+00:00","dateModified":"2025-03-11T08:55:50+00:00","breadcrumb":{"@id":"https:\/\/evertonfc.cz\/index.php\/2025\/03\/10\/wolverhampton-wanderers-everton-11-2\/#breadcrumb"},"inLanguage":"cs","potentialAction":[{"@type":"ReadAction","target":["https:\/\/evertonfc.cz\/index.php\/2025\/03\/10\/wolverhampton-wanderers-everton-11-2\/"]}]},{"@type":"ImageObject","inLanguage":"cs","@id":"https:\/\/evertonfc.cz\/index.php\/2025\/03\/10\/wolverhampton-wanderers-everton-11-2\/#primaryimage","url":"https:\/\/evertonfc.cz\/wp-content\/uploads\/2025\/03\/Wolverhampton-1-1-Everton-by-efc.com-8-3-2025.jpg","contentUrl":"https:\/\/evertonfc.cz\/wp-content\/uploads\/2025\/03\/Wolverhampton-1-1-Everton-by-efc.com-8-3-2025.jpg","width":720,"height":405},{"@type":"BreadcrumbList","@id":"https:\/\/evertonfc.cz\/index.php\/2025\/03\/10\/wolverhampton-wanderers-everton-11-2\/#breadcrumb","itemListElement":[{"@type":"ListItem","position":1,"name":"Home","item":"https:\/\/evertonfc.cz\/"},{"@type":"ListItem","position":2,"name":"Wolverhampton Wanderers \u2013 Everton 1:1"}]},{"@type":"WebSite","@id":"https:\/\/evertonfc.cz\/#website","url":"https:\/\/evertonfc.cz\/","name":"Official Czech &amp; Slovak Everton Supporters&#039; Club","description":"","publisher":{"@id":"https:\/\/evertonfc.cz\/#organization"},"potentialAction":[{"@type":"SearchAction","target":{"@type":"EntryPoint","urlTemplate":"https:\/\/evertonfc.cz\/?s={search_term_string}"},"query-input":{"@type":"PropertyValueSpecification","valueRequired":true,"valueName":"search_term_string"}}],"inLanguage":"cs"},{"@type":"Organization","@id":"https:\/\/evertonfc.cz\/#organization","name":"Official Czech & Slovak Everton Supporters' Club","url":"https:\/\/evertonfc.cz\/","logo":{"@type":"ImageObject","inLanguage":"cs","@id":"https:\/\/evertonfc.cz\/#\/schema\/logo\/image\/","url":"https:\/\/evertonfc.cz\/wp-content\/uploads\/2019\/05\/logo.png","contentUrl":"https:\/\/evertonfc.cz\/wp-content\/uploads\/2019\/05\/logo.png","width":112,"height":112,"caption":"Official Czech & Slovak Everton Supporters' Club"},"image":{"@id":"https:\/\/evertonfc.cz\/#\/schema\/logo\/image\/"},"sameAs":["https:\/\/www.facebook.com\/everton.fans.cz.sk"]},{"@type":"Person","@id":"https:\/\/evertonfc.cz\/#\/schema\/person\/d4493b8cbea51532597fbc4685698916","name":"BlueBlooded","url":"https:\/\/evertonfc.cz\/index.php\/author\/admin\/"}]}},"_links":{"self":[{"href":"https:\/\/evertonfc.cz\/index.php\/wp-json\/wp\/v2\/posts\/26462"}],"collection":[{"href":"https:\/\/evertonfc.cz\/index.php\/wp-json\/wp\/v2\/posts"}],"about":[{"href":"https:\/\/evertonfc.cz\/index.php\/wp-json\/wp\/v2\/types\/post"}],"author":[{"embeddable":true,"href":"https:\/\/evertonfc.cz\/index.php\/wp-json\/wp\/v2\/users\/1"}],"replies":[{"embeddable":true,"href":"https:\/\/evertonfc.cz\/index.php\/wp-json\/wp\/v2\/comments?post=26462"}],"version-history":[{"count":6,"href":"https:\/\/evertonfc.cz\/index.php\/wp-json\/wp\/v2\/posts\/26462\/revisions"}],"predecessor-version":[{"id":26470,"href":"https:\/\/evertonfc.cz\/index.php\/wp-json\/wp\/v2\/posts\/26462\/revisions\/26470"}],"wp:featuredmedia":[{"embeddable":true,"href":"https:\/\/evertonfc.cz\/index.php\/wp-json\/wp\/v2\/media\/26463"}],"wp:attachment":[{"href":"https:\/\/evertonfc.cz\/index.php\/wp-json\/wp\/v2\/media?parent=26462"}],"wp:term":[{"taxonomy":"category","embeddable":true,"href":"https:\/\/evertonfc.cz\/index.php\/wp-json\/wp\/v2\/categories?post=26462"},{"taxonomy":"post_tag","embeddable":true,"href":"https:\/\/evertonfc.cz\/index.php\/wp-json\/wp\/v2\/tags?post=26462"}],"curies":[{"name":"wp","href":"https:\/\/api.w.org\/{rel}","templated":true}]}}