{"id":2647,"date":"2010-04-03T19:47:43","date_gmt":"2010-04-03T17:47:43","guid":{"rendered":"http:\/\/evertonfc.cz\/?p=2647"},"modified":"2019-02-09T19:49:38","modified_gmt":"2019-02-09T18:49:38","slug":"moyes-everton-funguje-protoze-ja-ridim-klub","status":"publish","type":"post","link":"https:\/\/evertonfc.cz\/index.php\/2010\/04\/03\/moyes-everton-funguje-protoze-ja-ridim-klub\/","title":{"rendered":"Moyes: Everton funguje, proto\u017ee j\u00e1 \u0159\u00edd\u00edm klub"},"content":{"rendered":"<h4>Mana\u017eer David Moyes vyj\u00e1d\u0159il d\u016fv\u011bru sv\u00e9mu kolegovi z West Hamu, Gianfrancovi Zolovi, a prozradil d\u016fvod, pro\u010d je pod n\u00edm Everton \u00fasp\u011b\u0161n\u00fd.<\/h4>\n<p>Ambici\u00f3zn\u00ed mana\u017eer Evertonu p\u0159izn\u00e1v\u00e1, \u017ee ned\u011bln\u00ed z\u00e1pas s West Hamem, v n\u011bm vyvol\u00e1 pocit vd\u011b\u010dnosti. Nov\u00fd p\u0159edseda Hammers, David Sullivan, toti\u017e ve\u0159ejn\u011b kritizoval Gianfranca Zolu. To podle Moyese nen\u00ed znak harmonick\u00e9ho a Bill Kenwright by to pr\u00fd nikdy neud\u011blal, za co\u017e mu je DM vde\u010dn\u00fd.<\/p>\n<p><em>\u201eNev\u00edm p\u0159esn\u011b, co v\u0161echno se ve West Hamu d\u011bje, zachytil jsem jen v\u011bci, kter\u00e9 byly prezentov\u00e1ny medi\u00e1ln\u00edmi prost\u0159edky. Mana\u017ee\u0159i ale pot\u0159ebuj\u00ed podporu a pomoc. Do konce sez\u00f3ny zb\u00fdv\u00e1 5, 6, 7 z\u00e1pas\u016f a sami jste vid\u011bli, co se p\u0159ihodilo ned\u00e1vno Philu Brownovi.<\/em><\/p>\n<p><em>Pr\u00e1ce mana\u017eera je t\u011b\u017ek\u00e1 a pro Gianfranca zvl\u00e1\u0161\u0165, je ov\u0161em dobr\u00e9, kdy\u017e vid\u00edte podporu. To je d\u016fle\u017eit\u011b, hlavn\u011b kdy\u017e se v\u00e1m neda\u0159\u00ed. Gold m\u011bl pr\u00e1vo zkritizovat t\u00fdm, proto\u017ee je majitel klubu. Podle m\u011b to ale Hammers nepom\u016f\u017ee, lep\u0161\u00ed by bylo, kdyby to Gold \u0159ekl Zolovi n\u011bkde v soukrom\u00ed. I kdy\u017e mo\u017en\u00e1 to \u0159ekl ve\u0159ejn\u011b i jen Gianfracovi.<\/em><\/p>\n<p><em>Gianfraco by cht\u011bl asi ve sv\u00e9 pr\u00e1ci pokra\u010dovat bez okoln\u00edho ru\u0161en\u00ed.<\/em><\/p>\n<p><em>J\u00e1 jsem \u0161\u0165astn\u00fd, \u017ee m\u00e1m okolo sebe lidi, kte\u0159\u00ed m\u011b nech\u00e1vaj\u00ed pracovat v klidu. Prohr\u00e1l jsem spoustu z\u00e1pas\u016f a nec\u00edtil jsem se dob\u0159e, jen\u017ee v\u0161e se d\u00edky d\u016fv\u011b\u0159e nakonec vr\u00e1tilo zp\u00e1tky do dobr\u00fdch kolej\u00edch. Pot\u0159eboval jsem vr\u00e1tit hr\u00e1\u010d\u016fm sebev\u011bdom\u00ed a to jsem ud\u011blal, proto\u017ee m\u00e1m p\u0159edsedu, jen\u017e m\u011b podporuje, vid\u00ed v\u0161e pozitivn\u011b a pom\u00e1h\u00e1 mi. To je to, co klub pot\u0159ebuje.<\/em><\/p>\n<p><em>Nen\u00ed lehk\u00e9 b\u00fdt mana\u017eerem, kdy\u017e se v\u011bci nevyv\u00edjej\u00ed spr\u00e1vn\u00fdm sm\u011brem.<\/em><\/p>\n<p><em>Mohu ur\u010dovat chod klubu, a to m\u011b velmi t\u011b\u0161\u00ed. Sir Alex Ferguson \u0159ekl, \u017ee mana\u017eer mus\u00ed \u0159\u00eddit klub a on to tak d\u011bl\u00e1. A j\u00e1 se t\u00edm \u0159\u00edd\u00edm zde v Evertonu. Mo\u017en\u00e1 to nen\u00ed spr\u00e1vn\u00e9 pro ka\u017ed\u00fd klub, ov\u0161em pro n\u00e1s je to cesta, jak se dostat nahoru. Mus\u00edte si zaslou\u017eit d\u016fv\u011bru a snad jsem si ji j\u00e1 zde zaslou\u017eil,\u201c<\/em> prozradil Moyes.<\/p>\n","protected":false},"excerpt":{"rendered":"<p>Mana\u017eer David Moyes vyj\u00e1d\u0159il d\u016fv\u011bru sv\u00e9mu kolegovi z West Hamu, Gianfrancovi Zolovi, a prozradil d\u016fvod, pro\u010d je pod n\u00edm Everton&hellip;<\/p>\n","protected":false},"author":6,"featured_media":1312,"comment_status":"open","ping_status":"closed","sticky":false,"template":"","format":"standard","meta":{"_eb_attr":"","_monsterinsights_skip_tracking":false,"_monsterinsights_sitenote_active":false,"_monsterinsights_sitenote_note":"","_monsterinsights_sitenote_category":0,"footnotes":""},"categories":[1],"tags":[],"yoast_head":"<!-- This site is optimized with the Yoast SEO plugin v23.4 - https:\/\/yoast.com\/wordpress\/plugins\/seo\/ -->\n<title>Moyes: Everton funguje, proto\u017ee j\u00e1 \u0159\u00edd\u00edm klub - Official Czech &amp; Slovak Everton Supporters&#039; Club<\/title>\n<meta name=\"robots\" content=\"index, follow, max-snippet:-1, max-image-preview:large, max-video-preview:-1\" \/>\n<link rel=\"canonical\" href=\"https:\/\/evertonfc.cz\/index.php\/2010\/04\/03\/moyes-everton-funguje-protoze-ja-ridim-klub\/\" \/>\n<meta property=\"og:locale\" content=\"cs_CZ\" \/>\n<meta property=\"og:type\" content=\"article\" \/>\n<meta property=\"og:title\" content=\"Moyes: Everton funguje, proto\u017ee j\u00e1 \u0159\u00edd\u00edm klub - Official Czech &amp; Slovak Everton Supporters&#039; Club\" \/>\n<meta property=\"og:description\" content=\"Mana\u017eer David Moyes vyj\u00e1d\u0159il d\u016fv\u011bru sv\u00e9mu kolegovi z West Hamu, Gianfrancovi Zolovi, a prozradil d\u016fvod, pro\u010d je pod n\u00edm Everton&hellip;\" \/>\n<meta property=\"og:url\" content=\"https:\/\/evertonfc.cz\/index.php\/2010\/04\/03\/moyes-everton-funguje-protoze-ja-ridim-klub\/\" \/>\n<meta property=\"og:site_name\" content=\"Official Czech &amp; Slovak Everton Supporters&#039; Club\" \/>\n<meta property=\"article:publisher\" content=\"https:\/\/www.facebook.com\/everton.fans.cz.sk\" \/>\n<meta property=\"article:published_time\" content=\"2010-04-03T17:47:43+00:00\" \/>\n<meta property=\"article:modified_time\" content=\"2019-02-09T18:49:38+00:00\" \/>\n<meta property=\"og:image\" content=\"https:\/\/evertonfc.cz\/wp-content\/uploads\/2019\/01\/interview.jpg\" \/>\n\t<meta property=\"og:image:width\" content=\"720\" \/>\n\t<meta property=\"og:image:height\" content=\"405\" \/>\n\t<meta property=\"og:image:type\" content=\"image\/jpeg\" \/>\n<meta name=\"author\" content=\"Ri\u010di\" \/>\n<meta name=\"twitter:card\" content=\"summary_large_image\" \/>\n<meta name=\"twitter:creator\" content=\"@rbrejsa\" \/>\n<meta name=\"twitter:label1\" content=\"Napsal(a)\" \/>\n\t<meta name=\"twitter:data1\" content=\"Ri\u010di\" \/>\n\t<meta name=\"twitter:label2\" content=\"Odhadovan\u00e1 doba \u010dten\u00ed\" \/>\n\t<meta name=\"twitter:data2\" content=\"2 minuty\" \/>\n<script type=\"application\/ld+json\" class=\"yoast-schema-graph\">{\"@context\":\"https:\/\/schema.org\",\"@graph\":[{\"@type\":\"Article\",\"@id\":\"https:\/\/evertonfc.cz\/index.php\/2010\/04\/03\/moyes-everton-funguje-protoze-ja-ridim-klub\/#article\",\"isPartOf\":{\"@id\":\"https:\/\/evertonfc.cz\/index.php\/2010\/04\/03\/moyes-everton-funguje-protoze-ja-ridim-klub\/\"},\"author\":{\"name\":\"Ri\u010di\",\"@id\":\"https:\/\/evertonfc.cz\/#\/schema\/person\/f7a5daedb2ffee98480bc70e191aaef1\"},\"headline\":\"Moyes: Everton funguje, proto\u017ee j\u00e1 \u0159\u00edd\u00edm klub\",\"datePublished\":\"2010-04-03T17:47:43+00:00\",\"dateModified\":\"2019-02-09T18:49:38+00:00\",\"mainEntityOfPage\":{\"@id\":\"https:\/\/evertonfc.cz\/index.php\/2010\/04\/03\/moyes-everton-funguje-protoze-ja-ridim-klub\/\"},\"wordCount\":424,\"commentCount\":0,\"publisher\":{\"@id\":\"https:\/\/evertonfc.cz\/#organization\"},\"image\":{\"@id\":\"https:\/\/evertonfc.cz\/index.php\/2010\/04\/03\/moyes-everton-funguje-protoze-ja-ridim-klub\/#primaryimage\"},\"thumbnailUrl\":\"https:\/\/evertonfc.cz\/wp-content\/uploads\/2019\/01\/interview.jpg\",\"articleSection\":[\"Rozhovory\"],\"inLanguage\":\"cs\",\"potentialAction\":[{\"@type\":\"CommentAction\",\"name\":\"Comment\",\"target\":[\"https:\/\/evertonfc.cz\/index.php\/2010\/04\/03\/moyes-everton-funguje-protoze-ja-ridim-klub\/#respond\"]}]},{\"@type\":\"WebPage\",\"@id\":\"https:\/\/evertonfc.cz\/index.php\/2010\/04\/03\/moyes-everton-funguje-protoze-ja-ridim-klub\/\",\"url\":\"https:\/\/evertonfc.cz\/index.php\/2010\/04\/03\/moyes-everton-funguje-protoze-ja-ridim-klub\/\",\"name\":\"Moyes: Everton funguje, proto\u017ee j\u00e1 \u0159\u00edd\u00edm klub - Official Czech &amp; Slovak Everton Supporters&#039; Club\",\"isPartOf\":{\"@id\":\"https:\/\/evertonfc.cz\/#website\"},\"primaryImageOfPage\":{\"@id\":\"https:\/\/evertonfc.cz\/index.php\/2010\/04\/03\/moyes-everton-funguje-protoze-ja-ridim-klub\/#primaryimage\"},\"image\":{\"@id\":\"https:\/\/evertonfc.cz\/index.php\/2010\/04\/03\/moyes-everton-funguje-protoze-ja-ridim-klub\/#primaryimage\"},\"thumbnailUrl\":\"https:\/\/evertonfc.cz\/wp-content\/uploads\/2019\/01\/interview.jpg\",\"datePublished\":\"2010-04-03T17:47:43+00:00\",\"dateModified\":\"2019-02-09T18:49:38+00:00\",\"breadcrumb\":{\"@id\":\"https:\/\/evertonfc.cz\/index.php\/2010\/04\/03\/moyes-everton-funguje-protoze-ja-ridim-klub\/#breadcrumb\"},\"inLanguage\":\"cs\",\"potentialAction\":[{\"@type\":\"ReadAction\",\"target\":[\"https:\/\/evertonfc.cz\/index.php\/2010\/04\/03\/moyes-everton-funguje-protoze-ja-ridim-klub\/\"]}]},{\"@type\":\"ImageObject\",\"inLanguage\":\"cs\",\"@id\":\"https:\/\/evertonfc.cz\/index.php\/2010\/04\/03\/moyes-everton-funguje-protoze-ja-ridim-klub\/#primaryimage\",\"url\":\"https:\/\/evertonfc.cz\/wp-content\/uploads\/2019\/01\/interview.jpg\",\"contentUrl\":\"https:\/\/evertonfc.cz\/wp-content\/uploads\/2019\/01\/interview.jpg\",\"width\":720,\"height\":405},{\"@type\":\"BreadcrumbList\",\"@id\":\"https:\/\/evertonfc.cz\/index.php\/2010\/04\/03\/moyes-everton-funguje-protoze-ja-ridim-klub\/#breadcrumb\",\"itemListElement\":[{\"@type\":\"ListItem\",\"position\":1,\"name\":\"Home\",\"item\":\"https:\/\/evertonfc.cz\/\"},{\"@type\":\"ListItem\",\"position\":2,\"name\":\"Moyes: Everton funguje, proto\u017ee j\u00e1 \u0159\u00edd\u00edm klub\"}]},{\"@type\":\"WebSite\",\"@id\":\"https:\/\/evertonfc.cz\/#website\",\"url\":\"https:\/\/evertonfc.cz\/\",\"name\":\"Official Czech &amp; Slovak Everton Supporters&#039; Club\",\"description\":\"\",\"publisher\":{\"@id\":\"https:\/\/evertonfc.cz\/#organization\"},\"potentialAction\":[{\"@type\":\"SearchAction\",\"target\":{\"@type\":\"EntryPoint\",\"urlTemplate\":\"https:\/\/evertonfc.cz\/?s={search_term_string}\"},\"query-input\":{\"@type\":\"PropertyValueSpecification\",\"valueRequired\":true,\"valueName\":\"search_term_string\"}}],\"inLanguage\":\"cs\"},{\"@type\":\"Organization\",\"@id\":\"https:\/\/evertonfc.cz\/#organization\",\"name\":\"Official Czech & Slovak Everton Supporters' Club\",\"url\":\"https:\/\/evertonfc.cz\/\",\"logo\":{\"@type\":\"ImageObject\",\"inLanguage\":\"cs\",\"@id\":\"https:\/\/evertonfc.cz\/#\/schema\/logo\/image\/\",\"url\":\"https:\/\/evertonfc.cz\/wp-content\/uploads\/2019\/05\/logo.png\",\"contentUrl\":\"https:\/\/evertonfc.cz\/wp-content\/uploads\/2019\/05\/logo.png\",\"width\":112,\"height\":112,\"caption\":\"Official Czech & Slovak Everton Supporters' Club\"},\"image\":{\"@id\":\"https:\/\/evertonfc.cz\/#\/schema\/logo\/image\/\"},\"sameAs\":[\"https:\/\/www.facebook.com\/everton.fans.cz.sk\"]},{\"@type\":\"Person\",\"@id\":\"https:\/\/evertonfc.cz\/#\/schema\/person\/f7a5daedb2ffee98480bc70e191aaef1\",\"name\":\"Ri\u010di\",\"sameAs\":[\"https:\/\/x.com\/rbrejsa\"],\"url\":\"https:\/\/evertonfc.cz\/index.php\/author\/rici\/\"}]}<\/script>\n<!-- \/ Yoast SEO plugin. -->","yoast_head_json":{"title":"Moyes: Everton funguje, proto\u017ee j\u00e1 \u0159\u00edd\u00edm klub - Official Czech &amp; Slovak Everton Supporters&#039; Club","robots":{"index":"index","follow":"follow","max-snippet":"max-snippet:-1","max-image-preview":"max-image-preview:large","max-video-preview":"max-video-preview:-1"},"canonical":"https:\/\/evertonfc.cz\/index.php\/2010\/04\/03\/moyes-everton-funguje-protoze-ja-ridim-klub\/","og_locale":"cs_CZ","og_type":"article","og_title":"Moyes: Everton funguje, proto\u017ee j\u00e1 \u0159\u00edd\u00edm klub - Official Czech &amp; Slovak Everton Supporters&#039; Club","og_description":"Mana\u017eer David Moyes vyj\u00e1d\u0159il d\u016fv\u011bru sv\u00e9mu kolegovi z West Hamu, Gianfrancovi Zolovi, a prozradil d\u016fvod, pro\u010d je pod n\u00edm Everton&hellip;","og_url":"https:\/\/evertonfc.cz\/index.php\/2010\/04\/03\/moyes-everton-funguje-protoze-ja-ridim-klub\/","og_site_name":"Official Czech &amp; Slovak Everton Supporters&#039; Club","article_publisher":"https:\/\/www.facebook.com\/everton.fans.cz.sk","article_published_time":"2010-04-03T17:47:43+00:00","article_modified_time":"2019-02-09T18:49:38+00:00","og_image":[{"width":720,"height":405,"url":"https:\/\/evertonfc.cz\/wp-content\/uploads\/2019\/01\/interview.jpg","type":"image\/jpeg"}],"author":"Ri\u010di","twitter_card":"summary_large_image","twitter_creator":"@rbrejsa","twitter_misc":{"Napsal(a)":"Ri\u010di","Odhadovan\u00e1 doba \u010dten\u00ed":"2 minuty"},"schema":{"@context":"https:\/\/schema.org","@graph":[{"@type":"Article","@id":"https:\/\/evertonfc.cz\/index.php\/2010\/04\/03\/moyes-everton-funguje-protoze-ja-ridim-klub\/#article","isPartOf":{"@id":"https:\/\/evertonfc.cz\/index.php\/2010\/04\/03\/moyes-everton-funguje-protoze-ja-ridim-klub\/"},"author":{"name":"Ri\u010di","@id":"https:\/\/evertonfc.cz\/#\/schema\/person\/f7a5daedb2ffee98480bc70e191aaef1"},"headline":"Moyes: Everton funguje, proto\u017ee j\u00e1 \u0159\u00edd\u00edm klub","datePublished":"2010-04-03T17:47:43+00:00","dateModified":"2019-02-09T18:49:38+00:00","mainEntityOfPage":{"@id":"https:\/\/evertonfc.cz\/index.php\/2010\/04\/03\/moyes-everton-funguje-protoze-ja-ridim-klub\/"},"wordCount":424,"commentCount":0,"publisher":{"@id":"https:\/\/evertonfc.cz\/#organization"},"image":{"@id":"https:\/\/evertonfc.cz\/index.php\/2010\/04\/03\/moyes-everton-funguje-protoze-ja-ridim-klub\/#primaryimage"},"thumbnailUrl":"https:\/\/evertonfc.cz\/wp-content\/uploads\/2019\/01\/interview.jpg","articleSection":["Rozhovory"],"inLanguage":"cs","potentialAction":[{"@type":"CommentAction","name":"Comment","target":["https:\/\/evertonfc.cz\/index.php\/2010\/04\/03\/moyes-everton-funguje-protoze-ja-ridim-klub\/#respond"]}]},{"@type":"WebPage","@id":"https:\/\/evertonfc.cz\/index.php\/2010\/04\/03\/moyes-everton-funguje-protoze-ja-ridim-klub\/","url":"https:\/\/evertonfc.cz\/index.php\/2010\/04\/03\/moyes-everton-funguje-protoze-ja-ridim-klub\/","name":"Moyes: Everton funguje, proto\u017ee j\u00e1 \u0159\u00edd\u00edm klub - Official Czech &amp; Slovak Everton Supporters&#039; Club","isPartOf":{"@id":"https:\/\/evertonfc.cz\/#website"},"primaryImageOfPage":{"@id":"https:\/\/evertonfc.cz\/index.php\/2010\/04\/03\/moyes-everton-funguje-protoze-ja-ridim-klub\/#primaryimage"},"image":{"@id":"https:\/\/evertonfc.cz\/index.php\/2010\/04\/03\/moyes-everton-funguje-protoze-ja-ridim-klub\/#primaryimage"},"thumbnailUrl":"https:\/\/evertonfc.cz\/wp-content\/uploads\/2019\/01\/interview.jpg","datePublished":"2010-04-03T17:47:43+00:00","dateModified":"2019-02-09T18:49:38+00:00","breadcrumb":{"@id":"https:\/\/evertonfc.cz\/index.php\/2010\/04\/03\/moyes-everton-funguje-protoze-ja-ridim-klub\/#breadcrumb"},"inLanguage":"cs","potentialAction":[{"@type":"ReadAction","target":["https:\/\/evertonfc.cz\/index.php\/2010\/04\/03\/moyes-everton-funguje-protoze-ja-ridim-klub\/"]}]},{"@type":"ImageObject","inLanguage":"cs","@id":"https:\/\/evertonfc.cz\/index.php\/2010\/04\/03\/moyes-everton-funguje-protoze-ja-ridim-klub\/#primaryimage","url":"https:\/\/evertonfc.cz\/wp-content\/uploads\/2019\/01\/interview.jpg","contentUrl":"https:\/\/evertonfc.cz\/wp-content\/uploads\/2019\/01\/interview.jpg","width":720,"height":405},{"@type":"BreadcrumbList","@id":"https:\/\/evertonfc.cz\/index.php\/2010\/04\/03\/moyes-everton-funguje-protoze-ja-ridim-klub\/#breadcrumb","itemListElement":[{"@type":"ListItem","position":1,"name":"Home","item":"https:\/\/evertonfc.cz\/"},{"@type":"ListItem","position":2,"name":"Moyes: Everton funguje, proto\u017ee j\u00e1 \u0159\u00edd\u00edm klub"}]},{"@type":"WebSite","@id":"https:\/\/evertonfc.cz\/#website","url":"https:\/\/evertonfc.cz\/","name":"Official Czech &amp; Slovak Everton Supporters&#039; Club","description":"","publisher":{"@id":"https:\/\/evertonfc.cz\/#organization"},"potentialAction":[{"@type":"SearchAction","target":{"@type":"EntryPoint","urlTemplate":"https:\/\/evertonfc.cz\/?s={search_term_string}"},"query-input":{"@type":"PropertyValueSpecification","valueRequired":true,"valueName":"search_term_string"}}],"inLanguage":"cs"},{"@type":"Organization","@id":"https:\/\/evertonfc.cz\/#organization","name":"Official Czech & Slovak Everton Supporters' Club","url":"https:\/\/evertonfc.cz\/","logo":{"@type":"ImageObject","inLanguage":"cs","@id":"https:\/\/evertonfc.cz\/#\/schema\/logo\/image\/","url":"https:\/\/evertonfc.cz\/wp-content\/uploads\/2019\/05\/logo.png","contentUrl":"https:\/\/evertonfc.cz\/wp-content\/uploads\/2019\/05\/logo.png","width":112,"height":112,"caption":"Official Czech & Slovak Everton Supporters' Club"},"image":{"@id":"https:\/\/evertonfc.cz\/#\/schema\/logo\/image\/"},"sameAs":["https:\/\/www.facebook.com\/everton.fans.cz.sk"]},{"@type":"Person","@id":"https:\/\/evertonfc.cz\/#\/schema\/person\/f7a5daedb2ffee98480bc70e191aaef1","name":"Ri\u010di","sameAs":["https:\/\/x.com\/rbrejsa"],"url":"https:\/\/evertonfc.cz\/index.php\/author\/rici\/"}]}},"_links":{"self":[{"href":"https:\/\/evertonfc.cz\/index.php\/wp-json\/wp\/v2\/posts\/2647"}],"collection":[{"href":"https:\/\/evertonfc.cz\/index.php\/wp-json\/wp\/v2\/posts"}],"about":[{"href":"https:\/\/evertonfc.cz\/index.php\/wp-json\/wp\/v2\/types\/post"}],"author":[{"embeddable":true,"href":"https:\/\/evertonfc.cz\/index.php\/wp-json\/wp\/v2\/users\/6"}],"replies":[{"embeddable":true,"href":"https:\/\/evertonfc.cz\/index.php\/wp-json\/wp\/v2\/comments?post=2647"}],"version-history":[{"count":1,"href":"https:\/\/evertonfc.cz\/index.php\/wp-json\/wp\/v2\/posts\/2647\/revisions"}],"predecessor-version":[{"id":2648,"href":"https:\/\/evertonfc.cz\/index.php\/wp-json\/wp\/v2\/posts\/2647\/revisions\/2648"}],"wp:featuredmedia":[{"embeddable":true,"href":"https:\/\/evertonfc.cz\/index.php\/wp-json\/wp\/v2\/media\/1312"}],"wp:attachment":[{"href":"https:\/\/evertonfc.cz\/index.php\/wp-json\/wp\/v2\/media?parent=2647"}],"wp:term":[{"taxonomy":"category","embeddable":true,"href":"https:\/\/evertonfc.cz\/index.php\/wp-json\/wp\/v2\/categories?post=2647"},{"taxonomy":"post_tag","embeddable":true,"href":"https:\/\/evertonfc.cz\/index.php\/wp-json\/wp\/v2\/tags?post=2647"}],"curies":[{"name":"wp","href":"https:\/\/api.w.org\/{rel}","templated":true}]}}