{"id":26473,"date":"2025-03-14T15:18:04","date_gmt":"2025-03-14T14:18:04","guid":{"rendered":"https:\/\/evertonfc.cz\/?p=26473"},"modified":"2025-03-14T17:43:11","modified_gmt":"2025-03-14T16:43:11","slug":"preview-everton-west-ham-united-12","status":"publish","type":"post","link":"https:\/\/evertonfc.cz\/index.php\/2025\/03\/14\/preview-everton-west-ham-united-12\/","title":{"rendered":"Preview: Everton &#8211; West Ham United"},"content":{"rendered":"<h4>Zb\u00fdv\u00e1 u\u017e jen p\u011bt z\u00e1pas\u016f, ne\u017e se Everton po 133 letech rozlou\u010d\u00ed s Goodison Parkem. Kapesn\u00edky ale je\u0161t\u011b nevytahujme, i kdy\u017e sobotn\u00ed kl\u00e1n\u00ed bude m\u00edt zvl\u00e1\u0161\u0165 pro Davida Moyese sentiment\u00e1ln\u00ed n\u00e1dech.<\/h4>\n<p>61let\u00fd Skot, kter\u00fd byl za m\u011bs\u00edc \u00fanor vyhl\u00e1\u0161en mana\u017eerem Premier League (a mimochodem v\u0161ech deset p\u0159edchoz\u00edch ocen\u011bn\u00ed z\u00edskal b\u011bhem sv\u00e9ho prvn\u00edho p\u016fsoben\u00ed v Evertonu), \u00fasp\u011b\u0161n\u011b a podruh\u00e9 \u017eiv\u011b pop\u00edr\u00e1 star\u00e9 Herakleitovo r\u010den\u00ed: &#8222;Nevstoup\u00ed\u0161 dvakr\u00e1t do stejn\u00e9 \u0159eky.&#8220;<\/p>\n<p>Moyes si dv\u011b samostatn\u00e9 \u0161tace st\u0159ihl tak\u00e9 v letech 2017\u20132018 a 2019\u20132024 ve West Hamu, kter\u00fd pomohl stabilizovat mezi anglickou smet\u00e1nkou a v roce 2023 s n\u00edm slavil historick\u00fd triumf v Evropsk\u00e9 konferen\u010dn\u00ed lize.<\/p>\n<p>V l\u00e9t\u011b ho pak Hammers nahradili Julenem Lopeteguim, kter\u00fd m\u011bl naplnit ambici\u00f3zn\u00ed pl\u00e1ny majitel\u016f. \u0160pan\u011bl v\u0161ak vydr\u017eel foukat bubliny jen do leto\u0161n\u00edho ledna, kdy ho na lavi\u010dce vyst\u0159\u00eddal Graham Potter. A dnes, p\u0159ed 29. ligov\u00fdm kolem, se West Ham nach\u00e1z\u00ed na 16. m\u00edst\u011b s 33 body a d\u00edv\u00e1 se na z\u00e1da patn\u00e1ct\u00e9mu Evertonu kv\u016fli hor\u0161\u00edmu sk\u00f3re.<\/p>\n<p>Potterovi, jeho\u017e je\u0161t\u011b p\u0159ed p\u00e1r m\u011bs\u00edci mnoz\u00ed Evertonians pova\u017eovali za favorita na mana\u017eera, se ale zat\u00edm nepoda\u0159ilo zcela okouzlit West Ham. V dosavadn\u00edch osmi ligov\u00fdch z\u00e1pasech t\u0159ikr\u00e1t vyhr\u00e1l, jednou remizoval a \u010dty\u0159ikr\u00e1t prohr\u00e1l. Naposledy v pond\u011bl\u00ed podlehl doma Newcastlu nejt\u011bsn\u011bj\u0161\u00edm rozd\u00edlem 0:1. P\u0159etrv\u00e1vaj\u00ed probl\u00e9my, s nimi\u017e se pot\u00fdkal u\u017e jeho p\u0159edch\u016fdce, a to zejm\u00e9na absence produktivn\u00edho hrotov\u00e9ho \u00fato\u010dn\u00edka a zbyte\u010dn\u00e9 inkasovan\u00e9 branky.<\/p>\n<p>Moyes s Evertonem naopak neprohr\u00e1l v posledn\u00edch osmi ligov\u00fdch z\u00e1pasech, t\u0159eba\u017ee posledn\u00ed t\u0159i poka\u017ed\u00e9 skon\u010dily rem\u00edzou. Jeho ocen\u011bn\u00ed mana\u017eera m\u011bs\u00edce \u00fanora jen podtrhuje skv\u011blou pr\u00e1ci, kterou odv\u00e1d\u00ed ve velmi t\u011b\u017ek\u00fdch podm\u00ednk\u00e1ch s \u00fazk\u00fdm k\u00e1drem. Mimochodem, v\u00edce ocen\u011bn\u00ed pro mana\u017eera m\u011bs\u00edce z\u00edskali v historii Premier League pouze Alex Ferguson (27) a Ars\u00e8ne Wenger (15). Moyes se moment\u00e1ln\u011b s 11 triumfy d\u011bl\u00ed o t\u0159et\u00ed p\u0159\u00ed\u010dku s Pepem Guardiolou. Celkem slu\u0161n\u00e1 spole\u010dnost, nen\u00ed-li\u017e pravda?<\/p>\n<p>Toffees bohu\u017eel nad\u00e1le postr\u00e1daj\u00ed dlouhodob\u011b zran\u011bn\u00e9 Calverta-Lewina, Mangalu, Ndiayeho a McNeila (toho u\u017e dokonce t\u0159i m\u011bs\u00edce). Posledn\u00ed dva by se ale snad mohli zapojit do tr\u00e9ninku po reprezenta\u010dn\u00ed pauze na za\u010d\u00e1tku dubna. Na druhou stranu se uzdravil \u00fato\u010dn\u00edk Broja, kter\u00fd v sobotu usedne na lavi\u010dku n\u00e1hradn\u00edk\u016f. Uvid\u00edme, zda aspo\u0148 na n\u011bkolik minut dostane \u0161anci ned\u00e1vno vyl\u00e9\u010den\u00fd mlad\u00fd \u00fato\u010dn\u00edk Chermiti. V z\u00e1kladn\u00ed sestav\u011b z\u016fst\u00e1v\u00e1 pouze otazn\u00edk, zda \u0161anci od prvn\u00ed minuty dostane aktivn\u00ed Alcaraz, a\u0165 u\u017e na sv\u00e9 p\u0159irozen\u00e9 pozici des\u00edtky m\u00edsto Doucour\u00e9ho, nebo na k\u0159\u00eddle m\u00edsto neproduktivn\u00edho Lindstr\u00f8ma.<\/p>\n<p>West Ham del\u0161\u00ed dobu postr\u00e1d\u00e1 marody Antonia a Summervilla. Vladim\u00edr Coufal se \u00fasp\u011b\u0161n\u011b uzdravuje a na duel s Evertonem by m\u011bl b\u00fdt p\u0159ipraven. V opa\u010dn\u00e9 situaci je letn\u00ed \u00fato\u010dn\u00e1 posila Niclas F\u00fcllkrug, jeho\u017e svalov\u00e9 zran\u011bn\u00ed mu umo\u017en\u00ed n\u00e1vrat do hry nejsp\u00ed\u0161e a\u017e po reprezenta\u010dn\u00ed pauze. V \u00fatoku se tak Hammers budou muset spolehnout na osv\u011bd\u010den\u00e9 duo Bowen\u2013Kudus, kter\u00e9 tradi\u010dn\u011b dopl\u0148uje st\u0159edopola\u0159 Sou\u010dek. Evan Ferguson, od zimy hostuj\u00edc\u00ed z Brightonu, zat\u00edm zna\u010dn\u011b zaost\u00e1v\u00e1 za o\u010dek\u00e1v\u00e1n\u00edmi.<\/p>\n<p><strong>Co:<\/strong>\u00a0Everton FC \u2013 West Ham United FC, 29. kolo Premier League<br \/>\n<strong>Kdy:<\/strong>\u00a015. b\u0159ezna 2025 od 16:00<br \/>\n<strong>Kde:<\/strong>\u00a0Goodison Park \u2013 Goodison Road, Liverpool L4 4EL (kapacita: 39 414)<br \/>\n<strong>TV:<\/strong>\u00a0p\u0159\u00edm\u00fd p\u0159enos na CANAL+ Sport 4, komentuje Martin Minha<br \/>\n<strong>Rozhod\u010d\u00ed:<\/strong> Darren Bond\u00a0 <strong>Postrann\u00ed:<\/strong> Dan Robathan, Marc Perry\u00a0 <strong>\u010ctvrt\u00fd rozhod\u010d\u00ed:<\/strong> Ruebyn Ricardo<br \/>\n<strong>VAR:<\/strong> Chris Kavanagh\u00a0 <strong>Asistent VAR:<\/strong> Scott Ledger<\/p>\n","protected":false},"excerpt":{"rendered":"<p>Zb\u00fdv\u00e1 u\u017e jen p\u011bt z\u00e1pas\u016f, ne\u017e se Everton po 133 letech rozlou\u010d\u00ed s Goodison Parkem. Kapesn\u00edky ale je\u0161t\u011b nevytahujme, i kdy\u017e sobotn\u00ed kl\u00e1n\u00ed bude m\u00edt zvl\u00e1\u0161\u0165 pro Davida Moyese sentiment\u00e1ln\u00ed n\u00e1dech.<\/p>\n","protected":false},"author":6,"featured_media":13403,"comment_status":"open","ping_status":"closed","sticky":false,"template":"","format":"standard","meta":{"_eb_attr":"","_monsterinsights_skip_tracking":false,"_monsterinsights_sitenote_active":false,"_monsterinsights_sitenote_note":"","_monsterinsights_sitenote_category":0,"footnotes":""},"categories":[4],"tags":[],"yoast_head":"<!-- This site is optimized with the Yoast SEO plugin v23.4 - https:\/\/yoast.com\/wordpress\/plugins\/seo\/ -->\n<title>Preview: Everton - West Ham United - Official Czech &amp; Slovak Everton Supporters&#039; Club<\/title>\n<meta name=\"description\" content=\"Zb\u00fdv\u00e1 u\u017e jen p\u011bt z\u00e1pas\u016f, ne\u017e se Everton po 133 letech rozlou\u010d\u00ed s Goodison Parkem. Kapesn\u00edky ale je\u0161t\u011b nevytahujme, i kdy\u017e sobotn\u00ed kl\u00e1n\u00ed bude m\u00edt zvl\u00e1\u0161\u0165 pro Davida Moyese sentiment\u00e1ln\u00ed n\u00e1dech.\" \/>\n<meta name=\"robots\" content=\"index, follow, max-snippet:-1, max-image-preview:large, max-video-preview:-1\" \/>\n<link rel=\"canonical\" href=\"https:\/\/evertonfc.cz\/index.php\/2025\/03\/14\/preview-everton-west-ham-united-12\/\" \/>\n<meta property=\"og:locale\" content=\"cs_CZ\" \/>\n<meta property=\"og:type\" content=\"article\" \/>\n<meta property=\"og:title\" content=\"Preview: Everton - West Ham United - Official Czech &amp; Slovak Everton Supporters&#039; Club\" \/>\n<meta property=\"og:description\" content=\"Zb\u00fdv\u00e1 u\u017e jen p\u011bt z\u00e1pas\u016f, ne\u017e se Everton po 133 letech rozlou\u010d\u00ed s Goodison Parkem. Kapesn\u00edky ale je\u0161t\u011b nevytahujme, i kdy\u017e sobotn\u00ed kl\u00e1n\u00ed bude m\u00edt zvl\u00e1\u0161\u0165 pro Davida Moyese sentiment\u00e1ln\u00ed n\u00e1dech.\" \/>\n<meta property=\"og:url\" content=\"https:\/\/evertonfc.cz\/index.php\/2025\/03\/14\/preview-everton-west-ham-united-12\/\" \/>\n<meta property=\"og:site_name\" content=\"Official Czech &amp; Slovak Everton Supporters&#039; Club\" \/>\n<meta property=\"article:publisher\" content=\"https:\/\/www.facebook.com\/everton.fans.cz.sk\" \/>\n<meta property=\"article:published_time\" content=\"2025-03-14T14:18:04+00:00\" \/>\n<meta property=\"article:modified_time\" content=\"2025-03-14T16:43:11+00:00\" \/>\n<meta property=\"og:image\" content=\"https:\/\/evertonfc.cz\/wp-content\/uploads\/2021\/01\/Everton-VS-West-Ham.jpg\" \/>\n\t<meta property=\"og:image:width\" content=\"720\" \/>\n\t<meta property=\"og:image:height\" content=\"405\" \/>\n\t<meta property=\"og:image:type\" content=\"image\/jpeg\" \/>\n<meta name=\"author\" content=\"Ri\u010di\" \/>\n<meta name=\"twitter:card\" content=\"summary_large_image\" \/>\n<meta name=\"twitter:creator\" content=\"@rbrejsa\" \/>\n<meta name=\"twitter:label1\" content=\"Napsal(a)\" \/>\n\t<meta name=\"twitter:data1\" content=\"Ri\u010di\" \/>\n\t<meta name=\"twitter:label2\" content=\"Odhadovan\u00e1 doba \u010dten\u00ed\" \/>\n\t<meta name=\"twitter:data2\" content=\"3 minuty\" \/>\n<script type=\"application\/ld+json\" class=\"yoast-schema-graph\">{\"@context\":\"https:\/\/schema.org\",\"@graph\":[{\"@type\":\"Article\",\"@id\":\"https:\/\/evertonfc.cz\/index.php\/2025\/03\/14\/preview-everton-west-ham-united-12\/#article\",\"isPartOf\":{\"@id\":\"https:\/\/evertonfc.cz\/index.php\/2025\/03\/14\/preview-everton-west-ham-united-12\/\"},\"author\":{\"name\":\"Ri\u010di\",\"@id\":\"https:\/\/evertonfc.cz\/#\/schema\/person\/f7a5daedb2ffee98480bc70e191aaef1\"},\"headline\":\"Preview: Everton &#8211; West Ham United\",\"datePublished\":\"2025-03-14T14:18:04+00:00\",\"dateModified\":\"2025-03-14T16:43:11+00:00\",\"mainEntityOfPage\":{\"@id\":\"https:\/\/evertonfc.cz\/index.php\/2025\/03\/14\/preview-everton-west-ham-united-12\/\"},\"wordCount\":687,\"commentCount\":12,\"publisher\":{\"@id\":\"https:\/\/evertonfc.cz\/#organization\"},\"image\":{\"@id\":\"https:\/\/evertonfc.cz\/index.php\/2025\/03\/14\/preview-everton-west-ham-united-12\/#primaryimage\"},\"thumbnailUrl\":\"https:\/\/evertonfc.cz\/wp-content\/uploads\/2021\/01\/Everton-VS-West-Ham.jpg\",\"articleSection\":[\"Z\u00e1pasy\"],\"inLanguage\":\"cs\",\"potentialAction\":[{\"@type\":\"CommentAction\",\"name\":\"Comment\",\"target\":[\"https:\/\/evertonfc.cz\/index.php\/2025\/03\/14\/preview-everton-west-ham-united-12\/#respond\"]}]},{\"@type\":\"WebPage\",\"@id\":\"https:\/\/evertonfc.cz\/index.php\/2025\/03\/14\/preview-everton-west-ham-united-12\/\",\"url\":\"https:\/\/evertonfc.cz\/index.php\/2025\/03\/14\/preview-everton-west-ham-united-12\/\",\"name\":\"Preview: Everton - West Ham United - Official Czech &amp; Slovak Everton Supporters&#039; Club\",\"isPartOf\":{\"@id\":\"https:\/\/evertonfc.cz\/#website\"},\"primaryImageOfPage\":{\"@id\":\"https:\/\/evertonfc.cz\/index.php\/2025\/03\/14\/preview-everton-west-ham-united-12\/#primaryimage\"},\"image\":{\"@id\":\"https:\/\/evertonfc.cz\/index.php\/2025\/03\/14\/preview-everton-west-ham-united-12\/#primaryimage\"},\"thumbnailUrl\":\"https:\/\/evertonfc.cz\/wp-content\/uploads\/2021\/01\/Everton-VS-West-Ham.jpg\",\"datePublished\":\"2025-03-14T14:18:04+00:00\",\"dateModified\":\"2025-03-14T16:43:11+00:00\",\"description\":\"Zb\u00fdv\u00e1 u\u017e jen p\u011bt z\u00e1pas\u016f, ne\u017e se Everton po 133 letech rozlou\u010d\u00ed s Goodison Parkem. Kapesn\u00edky ale je\u0161t\u011b nevytahujme, i kdy\u017e sobotn\u00ed kl\u00e1n\u00ed bude m\u00edt zvl\u00e1\u0161\u0165 pro Davida Moyese sentiment\u00e1ln\u00ed n\u00e1dech.\",\"breadcrumb\":{\"@id\":\"https:\/\/evertonfc.cz\/index.php\/2025\/03\/14\/preview-everton-west-ham-united-12\/#breadcrumb\"},\"inLanguage\":\"cs\",\"potentialAction\":[{\"@type\":\"ReadAction\",\"target\":[\"https:\/\/evertonfc.cz\/index.php\/2025\/03\/14\/preview-everton-west-ham-united-12\/\"]}]},{\"@type\":\"ImageObject\",\"inLanguage\":\"cs\",\"@id\":\"https:\/\/evertonfc.cz\/index.php\/2025\/03\/14\/preview-everton-west-ham-united-12\/#primaryimage\",\"url\":\"https:\/\/evertonfc.cz\/wp-content\/uploads\/2021\/01\/Everton-VS-West-Ham.jpg\",\"contentUrl\":\"https:\/\/evertonfc.cz\/wp-content\/uploads\/2021\/01\/Everton-VS-West-Ham.jpg\",\"width\":720,\"height\":405},{\"@type\":\"BreadcrumbList\",\"@id\":\"https:\/\/evertonfc.cz\/index.php\/2025\/03\/14\/preview-everton-west-ham-united-12\/#breadcrumb\",\"itemListElement\":[{\"@type\":\"ListItem\",\"position\":1,\"name\":\"Home\",\"item\":\"https:\/\/evertonfc.cz\/\"},{\"@type\":\"ListItem\",\"position\":2,\"name\":\"Preview: Everton &#8211; West Ham United\"}]},{\"@type\":\"WebSite\",\"@id\":\"https:\/\/evertonfc.cz\/#website\",\"url\":\"https:\/\/evertonfc.cz\/\",\"name\":\"Official Czech &amp; Slovak Everton Supporters&#039; Club\",\"description\":\"\",\"publisher\":{\"@id\":\"https:\/\/evertonfc.cz\/#organization\"},\"potentialAction\":[{\"@type\":\"SearchAction\",\"target\":{\"@type\":\"EntryPoint\",\"urlTemplate\":\"https:\/\/evertonfc.cz\/?s={search_term_string}\"},\"query-input\":{\"@type\":\"PropertyValueSpecification\",\"valueRequired\":true,\"valueName\":\"search_term_string\"}}],\"inLanguage\":\"cs\"},{\"@type\":\"Organization\",\"@id\":\"https:\/\/evertonfc.cz\/#organization\",\"name\":\"Official Czech & Slovak Everton Supporters' Club\",\"url\":\"https:\/\/evertonfc.cz\/\",\"logo\":{\"@type\":\"ImageObject\",\"inLanguage\":\"cs\",\"@id\":\"https:\/\/evertonfc.cz\/#\/schema\/logo\/image\/\",\"url\":\"https:\/\/evertonfc.cz\/wp-content\/uploads\/2019\/05\/logo.png\",\"contentUrl\":\"https:\/\/evertonfc.cz\/wp-content\/uploads\/2019\/05\/logo.png\",\"width\":112,\"height\":112,\"caption\":\"Official Czech & Slovak Everton Supporters' Club\"},\"image\":{\"@id\":\"https:\/\/evertonfc.cz\/#\/schema\/logo\/image\/\"},\"sameAs\":[\"https:\/\/www.facebook.com\/everton.fans.cz.sk\"]},{\"@type\":\"Person\",\"@id\":\"https:\/\/evertonfc.cz\/#\/schema\/person\/f7a5daedb2ffee98480bc70e191aaef1\",\"name\":\"Ri\u010di\",\"sameAs\":[\"https:\/\/x.com\/rbrejsa\"],\"url\":\"https:\/\/evertonfc.cz\/index.php\/author\/rici\/\"}]}<\/script>\n<!-- \/ Yoast SEO plugin. -->","yoast_head_json":{"title":"Preview: Everton - West Ham United - Official Czech &amp; Slovak Everton Supporters&#039; Club","description":"Zb\u00fdv\u00e1 u\u017e jen p\u011bt z\u00e1pas\u016f, ne\u017e se Everton po 133 letech rozlou\u010d\u00ed s Goodison Parkem. Kapesn\u00edky ale je\u0161t\u011b nevytahujme, i kdy\u017e sobotn\u00ed kl\u00e1n\u00ed bude m\u00edt zvl\u00e1\u0161\u0165 pro Davida Moyese sentiment\u00e1ln\u00ed n\u00e1dech.","robots":{"index":"index","follow":"follow","max-snippet":"max-snippet:-1","max-image-preview":"max-image-preview:large","max-video-preview":"max-video-preview:-1"},"canonical":"https:\/\/evertonfc.cz\/index.php\/2025\/03\/14\/preview-everton-west-ham-united-12\/","og_locale":"cs_CZ","og_type":"article","og_title":"Preview: Everton - West Ham United - Official Czech &amp; Slovak Everton Supporters&#039; Club","og_description":"Zb\u00fdv\u00e1 u\u017e jen p\u011bt z\u00e1pas\u016f, ne\u017e se Everton po 133 letech rozlou\u010d\u00ed s Goodison Parkem. Kapesn\u00edky ale je\u0161t\u011b nevytahujme, i kdy\u017e sobotn\u00ed kl\u00e1n\u00ed bude m\u00edt zvl\u00e1\u0161\u0165 pro Davida Moyese sentiment\u00e1ln\u00ed n\u00e1dech.","og_url":"https:\/\/evertonfc.cz\/index.php\/2025\/03\/14\/preview-everton-west-ham-united-12\/","og_site_name":"Official Czech &amp; Slovak Everton Supporters&#039; Club","article_publisher":"https:\/\/www.facebook.com\/everton.fans.cz.sk","article_published_time":"2025-03-14T14:18:04+00:00","article_modified_time":"2025-03-14T16:43:11+00:00","og_image":[{"width":720,"height":405,"url":"https:\/\/evertonfc.cz\/wp-content\/uploads\/2021\/01\/Everton-VS-West-Ham.jpg","type":"image\/jpeg"}],"author":"Ri\u010di","twitter_card":"summary_large_image","twitter_creator":"@rbrejsa","twitter_misc":{"Napsal(a)":"Ri\u010di","Odhadovan\u00e1 doba \u010dten\u00ed":"3 minuty"},"schema":{"@context":"https:\/\/schema.org","@graph":[{"@type":"Article","@id":"https:\/\/evertonfc.cz\/index.php\/2025\/03\/14\/preview-everton-west-ham-united-12\/#article","isPartOf":{"@id":"https:\/\/evertonfc.cz\/index.php\/2025\/03\/14\/preview-everton-west-ham-united-12\/"},"author":{"name":"Ri\u010di","@id":"https:\/\/evertonfc.cz\/#\/schema\/person\/f7a5daedb2ffee98480bc70e191aaef1"},"headline":"Preview: Everton &#8211; West Ham United","datePublished":"2025-03-14T14:18:04+00:00","dateModified":"2025-03-14T16:43:11+00:00","mainEntityOfPage":{"@id":"https:\/\/evertonfc.cz\/index.php\/2025\/03\/14\/preview-everton-west-ham-united-12\/"},"wordCount":687,"commentCount":12,"publisher":{"@id":"https:\/\/evertonfc.cz\/#organization"},"image":{"@id":"https:\/\/evertonfc.cz\/index.php\/2025\/03\/14\/preview-everton-west-ham-united-12\/#primaryimage"},"thumbnailUrl":"https:\/\/evertonfc.cz\/wp-content\/uploads\/2021\/01\/Everton-VS-West-Ham.jpg","articleSection":["Z\u00e1pasy"],"inLanguage":"cs","potentialAction":[{"@type":"CommentAction","name":"Comment","target":["https:\/\/evertonfc.cz\/index.php\/2025\/03\/14\/preview-everton-west-ham-united-12\/#respond"]}]},{"@type":"WebPage","@id":"https:\/\/evertonfc.cz\/index.php\/2025\/03\/14\/preview-everton-west-ham-united-12\/","url":"https:\/\/evertonfc.cz\/index.php\/2025\/03\/14\/preview-everton-west-ham-united-12\/","name":"Preview: Everton - West Ham United - Official Czech &amp; Slovak Everton Supporters&#039; Club","isPartOf":{"@id":"https:\/\/evertonfc.cz\/#website"},"primaryImageOfPage":{"@id":"https:\/\/evertonfc.cz\/index.php\/2025\/03\/14\/preview-everton-west-ham-united-12\/#primaryimage"},"image":{"@id":"https:\/\/evertonfc.cz\/index.php\/2025\/03\/14\/preview-everton-west-ham-united-12\/#primaryimage"},"thumbnailUrl":"https:\/\/evertonfc.cz\/wp-content\/uploads\/2021\/01\/Everton-VS-West-Ham.jpg","datePublished":"2025-03-14T14:18:04+00:00","dateModified":"2025-03-14T16:43:11+00:00","description":"Zb\u00fdv\u00e1 u\u017e jen p\u011bt z\u00e1pas\u016f, ne\u017e se Everton po 133 letech rozlou\u010d\u00ed s Goodison Parkem. Kapesn\u00edky ale je\u0161t\u011b nevytahujme, i kdy\u017e sobotn\u00ed kl\u00e1n\u00ed bude m\u00edt zvl\u00e1\u0161\u0165 pro Davida Moyese sentiment\u00e1ln\u00ed n\u00e1dech.","breadcrumb":{"@id":"https:\/\/evertonfc.cz\/index.php\/2025\/03\/14\/preview-everton-west-ham-united-12\/#breadcrumb"},"inLanguage":"cs","potentialAction":[{"@type":"ReadAction","target":["https:\/\/evertonfc.cz\/index.php\/2025\/03\/14\/preview-everton-west-ham-united-12\/"]}]},{"@type":"ImageObject","inLanguage":"cs","@id":"https:\/\/evertonfc.cz\/index.php\/2025\/03\/14\/preview-everton-west-ham-united-12\/#primaryimage","url":"https:\/\/evertonfc.cz\/wp-content\/uploads\/2021\/01\/Everton-VS-West-Ham.jpg","contentUrl":"https:\/\/evertonfc.cz\/wp-content\/uploads\/2021\/01\/Everton-VS-West-Ham.jpg","width":720,"height":405},{"@type":"BreadcrumbList","@id":"https:\/\/evertonfc.cz\/index.php\/2025\/03\/14\/preview-everton-west-ham-united-12\/#breadcrumb","itemListElement":[{"@type":"ListItem","position":1,"name":"Home","item":"https:\/\/evertonfc.cz\/"},{"@type":"ListItem","position":2,"name":"Preview: Everton &#8211; West Ham United"}]},{"@type":"WebSite","@id":"https:\/\/evertonfc.cz\/#website","url":"https:\/\/evertonfc.cz\/","name":"Official Czech &amp; Slovak Everton Supporters&#039; Club","description":"","publisher":{"@id":"https:\/\/evertonfc.cz\/#organization"},"potentialAction":[{"@type":"SearchAction","target":{"@type":"EntryPoint","urlTemplate":"https:\/\/evertonfc.cz\/?s={search_term_string}"},"query-input":{"@type":"PropertyValueSpecification","valueRequired":true,"valueName":"search_term_string"}}],"inLanguage":"cs"},{"@type":"Organization","@id":"https:\/\/evertonfc.cz\/#organization","name":"Official Czech & Slovak Everton Supporters' Club","url":"https:\/\/evertonfc.cz\/","logo":{"@type":"ImageObject","inLanguage":"cs","@id":"https:\/\/evertonfc.cz\/#\/schema\/logo\/image\/","url":"https:\/\/evertonfc.cz\/wp-content\/uploads\/2019\/05\/logo.png","contentUrl":"https:\/\/evertonfc.cz\/wp-content\/uploads\/2019\/05\/logo.png","width":112,"height":112,"caption":"Official Czech & Slovak Everton Supporters' Club"},"image":{"@id":"https:\/\/evertonfc.cz\/#\/schema\/logo\/image\/"},"sameAs":["https:\/\/www.facebook.com\/everton.fans.cz.sk"]},{"@type":"Person","@id":"https:\/\/evertonfc.cz\/#\/schema\/person\/f7a5daedb2ffee98480bc70e191aaef1","name":"Ri\u010di","sameAs":["https:\/\/x.com\/rbrejsa"],"url":"https:\/\/evertonfc.cz\/index.php\/author\/rici\/"}]}},"_links":{"self":[{"href":"https:\/\/evertonfc.cz\/index.php\/wp-json\/wp\/v2\/posts\/26473"}],"collection":[{"href":"https:\/\/evertonfc.cz\/index.php\/wp-json\/wp\/v2\/posts"}],"about":[{"href":"https:\/\/evertonfc.cz\/index.php\/wp-json\/wp\/v2\/types\/post"}],"author":[{"embeddable":true,"href":"https:\/\/evertonfc.cz\/index.php\/wp-json\/wp\/v2\/users\/6"}],"replies":[{"embeddable":true,"href":"https:\/\/evertonfc.cz\/index.php\/wp-json\/wp\/v2\/comments?post=26473"}],"version-history":[{"count":10,"href":"https:\/\/evertonfc.cz\/index.php\/wp-json\/wp\/v2\/posts\/26473\/revisions"}],"predecessor-version":[{"id":26483,"href":"https:\/\/evertonfc.cz\/index.php\/wp-json\/wp\/v2\/posts\/26473\/revisions\/26483"}],"wp:featuredmedia":[{"embeddable":true,"href":"https:\/\/evertonfc.cz\/index.php\/wp-json\/wp\/v2\/media\/13403"}],"wp:attachment":[{"href":"https:\/\/evertonfc.cz\/index.php\/wp-json\/wp\/v2\/media?parent=26473"}],"wp:term":[{"taxonomy":"category","embeddable":true,"href":"https:\/\/evertonfc.cz\/index.php\/wp-json\/wp\/v2\/categories?post=26473"},{"taxonomy":"post_tag","embeddable":true,"href":"https:\/\/evertonfc.cz\/index.php\/wp-json\/wp\/v2\/tags?post=26473"}],"curies":[{"name":"wp","href":"https:\/\/api.w.org\/{rel}","templated":true}]}}