{"id":2649,"date":"2010-04-02T19:49:56","date_gmt":"2010-04-02T17:49:56","guid":{"rendered":"http:\/\/evertonfc.cz\/?p=2649"},"modified":"2019-02-09T19:53:32","modified_gmt":"2019-02-09T18:53:32","slug":"rozhovor-s-patem-van-den-hauwem","status":"publish","type":"post","link":"https:\/\/evertonfc.cz\/index.php\/2010\/04\/02\/rozhovor-s-patem-van-den-hauwem\/","title":{"rendered":"Rozhovor s Patem Van Den Hauwem"},"content":{"rendered":"<h4>Legend\u00e1rn\u00ed Pat Van Den Hauwe poskytl Liverpool Echo speci\u00e1ln\u00ed rozhovor o minulosti ale i sou\u010dasnosti b\u011bhem setk\u00e1n\u00ed s b\u00fdval\u00fdmi spoluhr\u00e1\u010di z \u00fasp\u011b\u0161n\u00e9ho roku 1985.<\/h4>\n<p>Na za\u010d\u00e1tek by se slu\u0161elo \u0159\u00edct o Patu Van Den Hauweovi p\u00e1r fakt\u016f. Lev\u00fd obr\u00e1nce se narodil v Belgii, t\u0159in\u00e1ctkr\u00e1t ale reprezentoval Wales. Svoji fotbalovou kari\u00e9ru za\u010dal v Birminghamu City v roce 1978. Do Evertonu p\u0159estoupil v z\u00e1\u0159\u00ed roku 1984 za 100 000 liber. Na Goodison Parku z\u016fstal \u010dty\u0159i roky, za\u017eil slavnou sez\u00f3nu 1984\/85. D\u00edky tvrd\u00e9mu stylu hry z\u00edskal p\u0159ezd\u00edvku &#8222;Psycho&#8220; Pat. Dokonce se kolovalo, \u017ee rodi\u010de zlobiv\u00fdch d\u011bt\u00ed stra\u0161ili sv\u00e9 potomky pr\u00e1v\u011b Van Den Hauwem. Mnoz\u00ed fotbalov\u00ed odborn\u00edci ho dote\u010f pova\u017euj\u00ed po Ray Wilsonovi za druh\u00e9ho nejlep\u0161\u00edho lev\u00e9ho beka v d\u011bjin\u00e1ch Evertonu. V sou\u010dasnosti tr\u00e9nuje F.C. Cape Town v Jihoafrick\u00e9 republice.<\/p>\n<p>Velmi popul\u00e1rn\u00ed hr\u00e1\u010d u fanou\u0161k\u016f Toffees poskytl cenn\u00fd rozhovor b\u011bhem setk\u00e1n\u00ed se sv\u00fdmi b\u00fdval\u00fdmi spoluhr\u00e1\u010di z Evertonu: <em>\u201ePro m\u011b je toto vz\u00e1cn\u00e1 n\u00e1v\u0161t\u011bva, jsem r\u00e1d, \u017ee jsem se vr\u00e1til na m\u00edsto \u010dinu. V Jihoafrick\u00e9 republice \u017eiji od roku 1995. Potom, co jsem ode\u0161el ze Spurs. Tottenham jsem opustil, kdy\u017e po odchodu Terryho Venablese p\u0159i\u0161el jako mana\u017eer Ossie Ardiles, kter\u00fd m\u011b jako hr\u00e1\u010de nebral (Venables skon\u010dil ve Spurs v roce 1991, Ardiles Tottenham za\u010dal tr\u00e9novat a\u017e od roku 1993). N\u00e1sledn\u011b jsem s Mickem McCarthym p\u0159estoupil do Milwallu, kde jsem pobyl rok.<\/em><\/p>\n<p><em>N\u011bkter\u00e9 v\u011bci se v m\u00e9m osobn\u00edm \u017eivot\u011b ale nepovedly, t\u0159eba jako man\u017eelstv\u00ed s Mandy, o n\u011bm\u017e se toho hodn\u011b napsalo. V podstat\u011b jsem pot\u00e9 do\u0161el k n\u00e1zoru, \u017ee v Anglii u\u017e nen\u00ed pro m\u011b m\u00edsto,\u201c<\/em> vysv\u011btlil Pat vztah s modelkou Mandy Smith, kterou si vzal v roce 1993, dva roky po svatb\u011b se ale u\u017e spolu p\u0159estali st\u00fdkat, a\u017e se nakonec v roce 1997 ofici\u00e1ln\u011b roze\u0161li.<\/p>\n<p>N\u00e1sledn\u011b Van Den Hauwe mluvil o sv\u00e9m odchodu z Brit\u00e1nie, jen\u017e zp\u016fsobily hlavn\u011b britsk\u00e9 bulv\u00e1rn\u00ed pl\u00e1tky: <em>\u201eJen jsem si \u0159ekl: Tak to je v\u0161e, bal\u00edm to. Cht\u011bl jsem vypadnout, nev\u011bd\u011bl jsem, co budu d\u011blat. Najednou mi av\u0161ak zavolal m\u016fj dobr\u00fd kamar\u00e1d a advok\u00e1t Nick Traynor a zeptal se m\u011b, jestli bych m\u011bl z\u00e1jem odej\u00edt a hr\u00e1t v Jihoafrick\u00e9 republice.<\/em><\/p>\n<p><em>Zpo\u010d\u00e1tku jsme to bral s humorem. V televizi jsem vid\u011bl na JAR jen samou \u0161patnou reklamu, \u0159\u00edkal jsem si, \u017ee tam nep\u016fjdu. Nakonec jsem to ale ud\u011blal. Za\u010dal jsem v JAR hr\u00e1t a na\u0161el jsem si tam p\u0159\u00e1tele, proto jsem se rozhodl z\u016fstat a na\u0161el jsem nov\u00fd domov. Stejn\u011b jako jsem \u0161\u0165astn\u00fd b\u00fdt zp\u011bt zde ve Velk\u00e9 Brit\u00e1nii, t\u011b\u0161\u00edm se dom\u016f do JAR.\u201c<\/em><\/p>\n<p>Van Den Hauweho velmi p\u0159ekvapilo, \u017ee i po tak dlouh\u00e9 dob\u011b na n\u011bj fanou\u0161ci nezapomn\u011bli. V\u016fbec, Psycho Pat byl b\u011bhem sv\u00e9ho p\u016fsoben\u00ed na Goodison Parku velmi obl\u00edben\u00fd a z tribun bylo \u010dasto skandov\u00e1no jeho jm\u00e9no.<\/p>\n<p><em>\u201eNetu\u0161il jsem, jak jsem zde po\u0159\u00e1d popul\u00e1rn\u00ed. Opravdu jsem se to dozv\u011bd\u011bl, a\u017e te\u010f, co jsem op\u011bt v Anglii. Je to prost\u011b neuv\u011b\u0159iteln\u00e9, po tolika letech na m\u011b fanou\u0161ci st\u00e1le vzpom\u00ednaj\u00ed. V m\u00e9m srdci neust\u00e1le n\u011bco c\u00edt\u00edm, kdy\u017e se mluv\u00ed o Evertonu. Aspo\u0148 jsem byl pro klub n\u011bjak u\u017eite\u010dn\u00fd.<\/em><\/p>\n<p><em>OK, m\u011bl jsem \u0161patn\u00e9 i dobr\u00e9 momenty. Nikdo nen\u00ed nedokonal\u00fd a ani j\u00e1 jsem nebyl. Jedno ale v\u00edm, v\u017edy kdy\u017e jsem vyb\u011bhl na tr\u00e1vn\u00edk, hr\u00e1l jsem pro Everton FC a pro fanou\u0161ky. Sna\u017eil jsem se ze sebe vydat jen to nejlep\u0161\u00ed. Co jsem d\u011blal mimo h\u0159i\u0161t\u011b, byla moje v\u011bc. Na h\u0159i\u0161ti jsem ale v\u017edy d\u011blal, co jsem musel,\u201c<\/em> pov\u011bd\u011bl Van Den Hauwe.<\/p>\n<p>Kdy\u017e p\u0159i\u0161la \u0159e\u010d na Patovo p\u016fsoben\u00ed v EFC, b\u00fdval\u00fd lev\u00fd bek nedok\u00e1zal zm\u00ednit jen jeden okam\u017eik: <em>\u201eKde za\u010d\u00edt se vzpom\u00ednkami? Nemohu vybrat pouze jednu. FA Cup, liga, PVP. Pro m\u011b to byly fantastick\u00e9 \u010dty\u0159i roky a nejlep\u0161\u00ed okam\u017eiky m\u00e9ho \u017eivota. Nekoukal jsem na DVD z t\u011bchto sez\u00f3n, proto\u017ee se nechci vracet zp\u00e1tky do minulosti a p\u0159em\u00fd\u0161let o tom. Nekouk\u00e1m ani na p\u0159\u00edli\u0161 z\u00e1pas\u016f ze sou\u010dasnosti, ob\u010das n\u011bco vid\u00edm n\u00e1hodn\u011b v televizi.\u201c<\/em><\/p>\n<p>N\u00e1sledn\u011b se mluvilo o setk\u00e1n\u00ed s b\u00fdval\u00fdmi spoluhr\u00e1\u010di, kter\u00e9 bylo zorganizovan\u00e9 na po\u010dest \u00fasp\u011b\u0161n\u00e9ho roku 1985: <em>\u201eBylo skv\u011bl\u00e9 vid\u011bt v\u0161echny, zvl\u00e1\u0161t\u011b Sharpieho. Staral se o m\u011b a prov\u00e1zel m\u011b, tak jsem ale rozhodl j\u00e1.\u201c<\/em><\/p>\n<p>Na z\u00e1v\u011br rozhovoru Psycho Pat mluvil o Davidu Moyesovi<em>: \u201eJe t\u011b\u017ek\u00e9 ur\u010dit, zda sou\u010dasn\u00fd t\u00fdm m\u016f\u017ee b\u00fdt stejn\u011b dobr\u00fd jako my. Douf\u00e1m ale jen, \u017ee Everton udr\u017e\u00ed Davida Moyese v pozici mana\u017eera. On je t\u00edm prav\u00fdm mu\u017eem, jen\u017e m\u016f\u017ee dok\u00e1zat z\u00e1zraky. Dob\u0159e v\u00edm, \u017ee klub m\u00e1 m\u00e1lo pen\u011bz. On je ale ohromuj\u00edc\u00ed osoba a skv\u011bl\u00fd tren\u00e9r.<\/em><\/p>\n<p><em>J\u00e1 v sou\u010dasnosti tr\u00e9nuji, aktu\u00e1ln\u011b jsem byl ale po\u017e\u00e1d\u00e1n EFC, abych doporu\u010dil n\u011bjak\u00e9 hr\u00e1\u010de z Jihoafrick\u00e9 republiky.<\/em><\/p>\n<p><em>V\u0161echno se jednodu\u0161e d\u011bje, jak m\u00e1.\u201c<\/em><\/p>\n","protected":false},"excerpt":{"rendered":"<p>Legend\u00e1rn\u00ed Pat Van Den Hauwe poskytl Liverpool Echo speci\u00e1ln\u00ed rozhovor o minulosti ale i sou\u010dasnosti b\u011bhem setk\u00e1n\u00ed s b\u00fdval\u00fdmi spoluhr\u00e1\u010di&hellip;<\/p>\n","protected":false},"author":6,"featured_media":1312,"comment_status":"open","ping_status":"closed","sticky":false,"template":"","format":"standard","meta":{"_eb_attr":"","_monsterinsights_skip_tracking":false,"_monsterinsights_sitenote_active":false,"_monsterinsights_sitenote_note":"","_monsterinsights_sitenote_category":0,"footnotes":""},"categories":[1],"tags":[],"yoast_head":"<!-- This site is optimized with the Yoast SEO plugin v23.4 - https:\/\/yoast.com\/wordpress\/plugins\/seo\/ -->\n<title>Rozhovor s Patem Van Den Hauwem - Official Czech &amp; Slovak Everton Supporters&#039; Club<\/title>\n<meta name=\"robots\" content=\"index, follow, max-snippet:-1, max-image-preview:large, max-video-preview:-1\" \/>\n<link rel=\"canonical\" href=\"https:\/\/evertonfc.cz\/index.php\/2010\/04\/02\/rozhovor-s-patem-van-den-hauwem\/\" \/>\n<meta property=\"og:locale\" content=\"cs_CZ\" \/>\n<meta property=\"og:type\" content=\"article\" \/>\n<meta property=\"og:title\" content=\"Rozhovor s Patem Van Den Hauwem - Official Czech &amp; Slovak Everton Supporters&#039; Club\" \/>\n<meta property=\"og:description\" content=\"Legend\u00e1rn\u00ed Pat Van Den Hauwe poskytl Liverpool Echo speci\u00e1ln\u00ed rozhovor o minulosti ale i sou\u010dasnosti b\u011bhem setk\u00e1n\u00ed s b\u00fdval\u00fdmi spoluhr\u00e1\u010di&hellip;\" \/>\n<meta property=\"og:url\" content=\"https:\/\/evertonfc.cz\/index.php\/2010\/04\/02\/rozhovor-s-patem-van-den-hauwem\/\" \/>\n<meta property=\"og:site_name\" content=\"Official Czech &amp; Slovak Everton Supporters&#039; Club\" \/>\n<meta property=\"article:publisher\" content=\"https:\/\/www.facebook.com\/everton.fans.cz.sk\" \/>\n<meta property=\"article:published_time\" content=\"2010-04-02T17:49:56+00:00\" \/>\n<meta property=\"article:modified_time\" content=\"2019-02-09T18:53:32+00:00\" \/>\n<meta property=\"og:image\" content=\"https:\/\/evertonfc.cz\/wp-content\/uploads\/2019\/01\/interview.jpg\" \/>\n\t<meta property=\"og:image:width\" content=\"720\" \/>\n\t<meta property=\"og:image:height\" content=\"405\" \/>\n\t<meta property=\"og:image:type\" content=\"image\/jpeg\" \/>\n<meta name=\"author\" content=\"Ri\u010di\" \/>\n<meta name=\"twitter:card\" content=\"summary_large_image\" \/>\n<meta name=\"twitter:creator\" content=\"@rbrejsa\" \/>\n<meta name=\"twitter:label1\" content=\"Napsal(a)\" \/>\n\t<meta name=\"twitter:data1\" content=\"Ri\u010di\" \/>\n\t<meta name=\"twitter:label2\" content=\"Odhadovan\u00e1 doba \u010dten\u00ed\" \/>\n\t<meta name=\"twitter:data2\" content=\"5 minut\" \/>\n<script type=\"application\/ld+json\" class=\"yoast-schema-graph\">{\"@context\":\"https:\/\/schema.org\",\"@graph\":[{\"@type\":\"Article\",\"@id\":\"https:\/\/evertonfc.cz\/index.php\/2010\/04\/02\/rozhovor-s-patem-van-den-hauwem\/#article\",\"isPartOf\":{\"@id\":\"https:\/\/evertonfc.cz\/index.php\/2010\/04\/02\/rozhovor-s-patem-van-den-hauwem\/\"},\"author\":{\"name\":\"Ri\u010di\",\"@id\":\"https:\/\/evertonfc.cz\/#\/schema\/person\/f7a5daedb2ffee98480bc70e191aaef1\"},\"headline\":\"Rozhovor s Patem Van Den Hauwem\",\"datePublished\":\"2010-04-02T17:49:56+00:00\",\"dateModified\":\"2019-02-09T18:53:32+00:00\",\"mainEntityOfPage\":{\"@id\":\"https:\/\/evertonfc.cz\/index.php\/2010\/04\/02\/rozhovor-s-patem-van-den-hauwem\/\"},\"wordCount\":967,\"commentCount\":0,\"publisher\":{\"@id\":\"https:\/\/evertonfc.cz\/#organization\"},\"image\":{\"@id\":\"https:\/\/evertonfc.cz\/index.php\/2010\/04\/02\/rozhovor-s-patem-van-den-hauwem\/#primaryimage\"},\"thumbnailUrl\":\"https:\/\/evertonfc.cz\/wp-content\/uploads\/2019\/01\/interview.jpg\",\"articleSection\":[\"Rozhovory\"],\"inLanguage\":\"cs\",\"potentialAction\":[{\"@type\":\"CommentAction\",\"name\":\"Comment\",\"target\":[\"https:\/\/evertonfc.cz\/index.php\/2010\/04\/02\/rozhovor-s-patem-van-den-hauwem\/#respond\"]}]},{\"@type\":\"WebPage\",\"@id\":\"https:\/\/evertonfc.cz\/index.php\/2010\/04\/02\/rozhovor-s-patem-van-den-hauwem\/\",\"url\":\"https:\/\/evertonfc.cz\/index.php\/2010\/04\/02\/rozhovor-s-patem-van-den-hauwem\/\",\"name\":\"Rozhovor s Patem Van Den Hauwem - Official Czech &amp; Slovak Everton Supporters&#039; Club\",\"isPartOf\":{\"@id\":\"https:\/\/evertonfc.cz\/#website\"},\"primaryImageOfPage\":{\"@id\":\"https:\/\/evertonfc.cz\/index.php\/2010\/04\/02\/rozhovor-s-patem-van-den-hauwem\/#primaryimage\"},\"image\":{\"@id\":\"https:\/\/evertonfc.cz\/index.php\/2010\/04\/02\/rozhovor-s-patem-van-den-hauwem\/#primaryimage\"},\"thumbnailUrl\":\"https:\/\/evertonfc.cz\/wp-content\/uploads\/2019\/01\/interview.jpg\",\"datePublished\":\"2010-04-02T17:49:56+00:00\",\"dateModified\":\"2019-02-09T18:53:32+00:00\",\"breadcrumb\":{\"@id\":\"https:\/\/evertonfc.cz\/index.php\/2010\/04\/02\/rozhovor-s-patem-van-den-hauwem\/#breadcrumb\"},\"inLanguage\":\"cs\",\"potentialAction\":[{\"@type\":\"ReadAction\",\"target\":[\"https:\/\/evertonfc.cz\/index.php\/2010\/04\/02\/rozhovor-s-patem-van-den-hauwem\/\"]}]},{\"@type\":\"ImageObject\",\"inLanguage\":\"cs\",\"@id\":\"https:\/\/evertonfc.cz\/index.php\/2010\/04\/02\/rozhovor-s-patem-van-den-hauwem\/#primaryimage\",\"url\":\"https:\/\/evertonfc.cz\/wp-content\/uploads\/2019\/01\/interview.jpg\",\"contentUrl\":\"https:\/\/evertonfc.cz\/wp-content\/uploads\/2019\/01\/interview.jpg\",\"width\":720,\"height\":405},{\"@type\":\"BreadcrumbList\",\"@id\":\"https:\/\/evertonfc.cz\/index.php\/2010\/04\/02\/rozhovor-s-patem-van-den-hauwem\/#breadcrumb\",\"itemListElement\":[{\"@type\":\"ListItem\",\"position\":1,\"name\":\"Home\",\"item\":\"https:\/\/evertonfc.cz\/\"},{\"@type\":\"ListItem\",\"position\":2,\"name\":\"Rozhovor s Patem Van Den Hauwem\"}]},{\"@type\":\"WebSite\",\"@id\":\"https:\/\/evertonfc.cz\/#website\",\"url\":\"https:\/\/evertonfc.cz\/\",\"name\":\"Official Czech &amp; Slovak Everton Supporters&#039; Club\",\"description\":\"\",\"publisher\":{\"@id\":\"https:\/\/evertonfc.cz\/#organization\"},\"potentialAction\":[{\"@type\":\"SearchAction\",\"target\":{\"@type\":\"EntryPoint\",\"urlTemplate\":\"https:\/\/evertonfc.cz\/?s={search_term_string}\"},\"query-input\":{\"@type\":\"PropertyValueSpecification\",\"valueRequired\":true,\"valueName\":\"search_term_string\"}}],\"inLanguage\":\"cs\"},{\"@type\":\"Organization\",\"@id\":\"https:\/\/evertonfc.cz\/#organization\",\"name\":\"Official Czech & Slovak Everton Supporters' Club\",\"url\":\"https:\/\/evertonfc.cz\/\",\"logo\":{\"@type\":\"ImageObject\",\"inLanguage\":\"cs\",\"@id\":\"https:\/\/evertonfc.cz\/#\/schema\/logo\/image\/\",\"url\":\"https:\/\/evertonfc.cz\/wp-content\/uploads\/2019\/05\/logo.png\",\"contentUrl\":\"https:\/\/evertonfc.cz\/wp-content\/uploads\/2019\/05\/logo.png\",\"width\":112,\"height\":112,\"caption\":\"Official Czech & Slovak Everton Supporters' Club\"},\"image\":{\"@id\":\"https:\/\/evertonfc.cz\/#\/schema\/logo\/image\/\"},\"sameAs\":[\"https:\/\/www.facebook.com\/everton.fans.cz.sk\"]},{\"@type\":\"Person\",\"@id\":\"https:\/\/evertonfc.cz\/#\/schema\/person\/f7a5daedb2ffee98480bc70e191aaef1\",\"name\":\"Ri\u010di\",\"sameAs\":[\"https:\/\/x.com\/rbrejsa\"],\"url\":\"https:\/\/evertonfc.cz\/index.php\/author\/rici\/\"}]}<\/script>\n<!-- \/ Yoast SEO plugin. -->","yoast_head_json":{"title":"Rozhovor s Patem Van Den Hauwem - Official Czech &amp; Slovak Everton Supporters&#039; Club","robots":{"index":"index","follow":"follow","max-snippet":"max-snippet:-1","max-image-preview":"max-image-preview:large","max-video-preview":"max-video-preview:-1"},"canonical":"https:\/\/evertonfc.cz\/index.php\/2010\/04\/02\/rozhovor-s-patem-van-den-hauwem\/","og_locale":"cs_CZ","og_type":"article","og_title":"Rozhovor s Patem Van Den Hauwem - Official Czech &amp; Slovak Everton Supporters&#039; Club","og_description":"Legend\u00e1rn\u00ed Pat Van Den Hauwe poskytl Liverpool Echo speci\u00e1ln\u00ed rozhovor o minulosti ale i sou\u010dasnosti b\u011bhem setk\u00e1n\u00ed s b\u00fdval\u00fdmi spoluhr\u00e1\u010di&hellip;","og_url":"https:\/\/evertonfc.cz\/index.php\/2010\/04\/02\/rozhovor-s-patem-van-den-hauwem\/","og_site_name":"Official Czech &amp; Slovak Everton Supporters&#039; Club","article_publisher":"https:\/\/www.facebook.com\/everton.fans.cz.sk","article_published_time":"2010-04-02T17:49:56+00:00","article_modified_time":"2019-02-09T18:53:32+00:00","og_image":[{"width":720,"height":405,"url":"https:\/\/evertonfc.cz\/wp-content\/uploads\/2019\/01\/interview.jpg","type":"image\/jpeg"}],"author":"Ri\u010di","twitter_card":"summary_large_image","twitter_creator":"@rbrejsa","twitter_misc":{"Napsal(a)":"Ri\u010di","Odhadovan\u00e1 doba \u010dten\u00ed":"5 minut"},"schema":{"@context":"https:\/\/schema.org","@graph":[{"@type":"Article","@id":"https:\/\/evertonfc.cz\/index.php\/2010\/04\/02\/rozhovor-s-patem-van-den-hauwem\/#article","isPartOf":{"@id":"https:\/\/evertonfc.cz\/index.php\/2010\/04\/02\/rozhovor-s-patem-van-den-hauwem\/"},"author":{"name":"Ri\u010di","@id":"https:\/\/evertonfc.cz\/#\/schema\/person\/f7a5daedb2ffee98480bc70e191aaef1"},"headline":"Rozhovor s Patem Van Den Hauwem","datePublished":"2010-04-02T17:49:56+00:00","dateModified":"2019-02-09T18:53:32+00:00","mainEntityOfPage":{"@id":"https:\/\/evertonfc.cz\/index.php\/2010\/04\/02\/rozhovor-s-patem-van-den-hauwem\/"},"wordCount":967,"commentCount":0,"publisher":{"@id":"https:\/\/evertonfc.cz\/#organization"},"image":{"@id":"https:\/\/evertonfc.cz\/index.php\/2010\/04\/02\/rozhovor-s-patem-van-den-hauwem\/#primaryimage"},"thumbnailUrl":"https:\/\/evertonfc.cz\/wp-content\/uploads\/2019\/01\/interview.jpg","articleSection":["Rozhovory"],"inLanguage":"cs","potentialAction":[{"@type":"CommentAction","name":"Comment","target":["https:\/\/evertonfc.cz\/index.php\/2010\/04\/02\/rozhovor-s-patem-van-den-hauwem\/#respond"]}]},{"@type":"WebPage","@id":"https:\/\/evertonfc.cz\/index.php\/2010\/04\/02\/rozhovor-s-patem-van-den-hauwem\/","url":"https:\/\/evertonfc.cz\/index.php\/2010\/04\/02\/rozhovor-s-patem-van-den-hauwem\/","name":"Rozhovor s Patem Van Den Hauwem - Official Czech &amp; Slovak Everton Supporters&#039; Club","isPartOf":{"@id":"https:\/\/evertonfc.cz\/#website"},"primaryImageOfPage":{"@id":"https:\/\/evertonfc.cz\/index.php\/2010\/04\/02\/rozhovor-s-patem-van-den-hauwem\/#primaryimage"},"image":{"@id":"https:\/\/evertonfc.cz\/index.php\/2010\/04\/02\/rozhovor-s-patem-van-den-hauwem\/#primaryimage"},"thumbnailUrl":"https:\/\/evertonfc.cz\/wp-content\/uploads\/2019\/01\/interview.jpg","datePublished":"2010-04-02T17:49:56+00:00","dateModified":"2019-02-09T18:53:32+00:00","breadcrumb":{"@id":"https:\/\/evertonfc.cz\/index.php\/2010\/04\/02\/rozhovor-s-patem-van-den-hauwem\/#breadcrumb"},"inLanguage":"cs","potentialAction":[{"@type":"ReadAction","target":["https:\/\/evertonfc.cz\/index.php\/2010\/04\/02\/rozhovor-s-patem-van-den-hauwem\/"]}]},{"@type":"ImageObject","inLanguage":"cs","@id":"https:\/\/evertonfc.cz\/index.php\/2010\/04\/02\/rozhovor-s-patem-van-den-hauwem\/#primaryimage","url":"https:\/\/evertonfc.cz\/wp-content\/uploads\/2019\/01\/interview.jpg","contentUrl":"https:\/\/evertonfc.cz\/wp-content\/uploads\/2019\/01\/interview.jpg","width":720,"height":405},{"@type":"BreadcrumbList","@id":"https:\/\/evertonfc.cz\/index.php\/2010\/04\/02\/rozhovor-s-patem-van-den-hauwem\/#breadcrumb","itemListElement":[{"@type":"ListItem","position":1,"name":"Home","item":"https:\/\/evertonfc.cz\/"},{"@type":"ListItem","position":2,"name":"Rozhovor s Patem Van Den Hauwem"}]},{"@type":"WebSite","@id":"https:\/\/evertonfc.cz\/#website","url":"https:\/\/evertonfc.cz\/","name":"Official Czech &amp; Slovak Everton Supporters&#039; Club","description":"","publisher":{"@id":"https:\/\/evertonfc.cz\/#organization"},"potentialAction":[{"@type":"SearchAction","target":{"@type":"EntryPoint","urlTemplate":"https:\/\/evertonfc.cz\/?s={search_term_string}"},"query-input":{"@type":"PropertyValueSpecification","valueRequired":true,"valueName":"search_term_string"}}],"inLanguage":"cs"},{"@type":"Organization","@id":"https:\/\/evertonfc.cz\/#organization","name":"Official Czech & Slovak Everton Supporters' Club","url":"https:\/\/evertonfc.cz\/","logo":{"@type":"ImageObject","inLanguage":"cs","@id":"https:\/\/evertonfc.cz\/#\/schema\/logo\/image\/","url":"https:\/\/evertonfc.cz\/wp-content\/uploads\/2019\/05\/logo.png","contentUrl":"https:\/\/evertonfc.cz\/wp-content\/uploads\/2019\/05\/logo.png","width":112,"height":112,"caption":"Official Czech & Slovak Everton Supporters' Club"},"image":{"@id":"https:\/\/evertonfc.cz\/#\/schema\/logo\/image\/"},"sameAs":["https:\/\/www.facebook.com\/everton.fans.cz.sk"]},{"@type":"Person","@id":"https:\/\/evertonfc.cz\/#\/schema\/person\/f7a5daedb2ffee98480bc70e191aaef1","name":"Ri\u010di","sameAs":["https:\/\/x.com\/rbrejsa"],"url":"https:\/\/evertonfc.cz\/index.php\/author\/rici\/"}]}},"_links":{"self":[{"href":"https:\/\/evertonfc.cz\/index.php\/wp-json\/wp\/v2\/posts\/2649"}],"collection":[{"href":"https:\/\/evertonfc.cz\/index.php\/wp-json\/wp\/v2\/posts"}],"about":[{"href":"https:\/\/evertonfc.cz\/index.php\/wp-json\/wp\/v2\/types\/post"}],"author":[{"embeddable":true,"href":"https:\/\/evertonfc.cz\/index.php\/wp-json\/wp\/v2\/users\/6"}],"replies":[{"embeddable":true,"href":"https:\/\/evertonfc.cz\/index.php\/wp-json\/wp\/v2\/comments?post=2649"}],"version-history":[{"count":1,"href":"https:\/\/evertonfc.cz\/index.php\/wp-json\/wp\/v2\/posts\/2649\/revisions"}],"predecessor-version":[{"id":2650,"href":"https:\/\/evertonfc.cz\/index.php\/wp-json\/wp\/v2\/posts\/2649\/revisions\/2650"}],"wp:featuredmedia":[{"embeddable":true,"href":"https:\/\/evertonfc.cz\/index.php\/wp-json\/wp\/v2\/media\/1312"}],"wp:attachment":[{"href":"https:\/\/evertonfc.cz\/index.php\/wp-json\/wp\/v2\/media?parent=2649"}],"wp:term":[{"taxonomy":"category","embeddable":true,"href":"https:\/\/evertonfc.cz\/index.php\/wp-json\/wp\/v2\/categories?post=2649"},{"taxonomy":"post_tag","embeddable":true,"href":"https:\/\/evertonfc.cz\/index.php\/wp-json\/wp\/v2\/tags?post=2649"}],"curies":[{"name":"wp","href":"https:\/\/api.w.org\/{rel}","templated":true}]}}