{"id":26497,"date":"2025-03-19T18:47:57","date_gmt":"2025-03-19T17:47:57","guid":{"rendered":"https:\/\/evertonfc.cz\/?p=26497"},"modified":"2025-03-20T11:13:37","modified_gmt":"2025-03-20T10:13:37","slug":"everton-w-arsenal-w-13","status":"publish","type":"post","link":"https:\/\/evertonfc.cz\/index.php\/2025\/03\/19\/everton-w-arsenal-w-13\/","title":{"rendered":"Everton W &#8211; Arsenal W 1:3"},"content":{"rendered":"<h4>Vyprodan\u00fd Walton Hall vid\u011bl dom\u00e1c\u00ed prohru Evertonu s kandid\u00e1tkami na ligov\u00fd titul. Po nad\u011bjn\u00e9m prvn\u00edm polo\u010dase v\u0161e rozmetala druh\u00e1 p\u016fle.<\/h4>\n<p>Pro extr\u00e9mn\u00ed pracovn\u00ed vyt\u00ed\u017eenost jsem bohu\u017eel nebyl schopen z\u00e1pas sledovat, a to ani ze z\u00e1znamu. Proto p\u0159ikl\u00e1d\u00e1m jen telegrafick\u00fd z\u00e1znam v\u00fdsledku a z\u00e1jemce odkazuji na ofici\u00e1ln\u00ed youtube z\u00e1znam. Omlouv\u00e1m se za p\u0159\u00edpadn\u00e9 zklam\u00e1n\u00ed a v\u011b\u0159\u00edm, \u017ee dal\u0161\u00ed report ji\u017e bude plnotu\u010dn\u00fd.<\/p>\n<p style=\"text-align: right;\"><span style=\"font-size: 8pt;\"><em>Fotografie: Hayashi slav\u00ed vyrovn\u00e1vac\u00ed branku (zdroj: Facebook Everton Women Fans)<\/em><\/span><\/p>\n<p><strong>G\u00f3ly:<\/strong> T. Payne (37\u00b4) &#8211; Russo (25\u00b4+ 90\u00b4), Mjelde (63\u00b4- vlastn\u00ed): <strong>\u017dK: <\/strong>bez karet<\/p>\n<p><strong>Everton (4-4-1-1): <\/strong>Brosnan; Mjelde, Stenevik, S. Holmgaard, Fern\u00e1ndez; Snoeijs (Wheeler 63\u00b4), Ladd, Vanhaevermaet (K. Holmgaard 63\u00b4), Hayashi (Watson 88\u00b4); T. Payne (Olesen 75\u00b4), Gago (Lawley 75\u00b4)<\/p>\n<p><strong>Arsenal (4-2-3-1):\u00a0 <\/strong>Zinsberger; Fox (Hurtig 86\u00b4), Williamson, Catley, Mariona; Little, (Blackstenius 61\u00b4), McCabe; Maanum (Foord 61\u00b4), Walti (Cooney-Cross 61\u00b4), Kelly (Mead 61\u00b4); Russo<\/p>\n<p><strong>Rozhod\u010d\u00ed: <\/strong>Grace Lowe<strong>\u00a0 Div\u00e1ci:<\/strong> 1 613<\/p>\n<p><iframe loading=\"lazy\" title=\"Full Match: Everton v Arsenal | Barclays WSL 2024-25\" width=\"1140\" height=\"641\" src=\"https:\/\/www.youtube.com\/embed\/UgMotMOXq58?feature=oembed\" frameborder=\"0\" allow=\"accelerometer; autoplay; clipboard-write; encrypted-media; gyroscope; picture-in-picture; web-share\" referrerpolicy=\"strict-origin-when-cross-origin\" allowfullscreen><\/iframe><\/p>\n","protected":false},"excerpt":{"rendered":"<p>Vyprodan\u00fd Walton Hall vid\u011bl dom\u00e1c\u00ed prohru Evertonu s kandid\u00e1tkami na ligov\u00fd titul. Po nad\u011bjn\u00e9m prvn\u00edm polo\u010dase v\u0161e rozmetala druh\u00e1 p\u016fle.<\/p>\n","protected":false},"author":26,"featured_media":26501,"comment_status":"open","ping_status":"closed","sticky":false,"template":"","format":"standard","meta":{"_eb_attr":"","_monsterinsights_skip_tracking":false,"_monsterinsights_sitenote_active":false,"_monsterinsights_sitenote_note":"","_monsterinsights_sitenote_category":0,"footnotes":""},"categories":[110],"tags":[],"yoast_head":"<!-- This site is optimized with the Yoast SEO plugin v23.4 - https:\/\/yoast.com\/wordpress\/plugins\/seo\/ -->\n<title>Everton W - Arsenal W 1:3 - Official Czech &amp; Slovak Everton Supporters&#039; Club<\/title>\n<meta name=\"robots\" content=\"index, follow, max-snippet:-1, max-image-preview:large, max-video-preview:-1\" \/>\n<link rel=\"canonical\" href=\"https:\/\/evertonfc.cz\/index.php\/2025\/03\/19\/everton-w-arsenal-w-13\/\" \/>\n<meta property=\"og:locale\" content=\"cs_CZ\" \/>\n<meta property=\"og:type\" content=\"article\" \/>\n<meta property=\"og:title\" content=\"Everton W - Arsenal W 1:3 - Official Czech &amp; Slovak Everton Supporters&#039; Club\" \/>\n<meta property=\"og:description\" content=\"Vyprodan\u00fd Walton Hall vid\u011bl dom\u00e1c\u00ed prohru Evertonu s kandid\u00e1tkami na ligov\u00fd titul. Po nad\u011bjn\u00e9m prvn\u00edm polo\u010dase v\u0161e rozmetala druh\u00e1 p\u016fle.\" \/>\n<meta property=\"og:url\" content=\"https:\/\/evertonfc.cz\/index.php\/2025\/03\/19\/everton-w-arsenal-w-13\/\" \/>\n<meta property=\"og:site_name\" content=\"Official Czech &amp; Slovak Everton Supporters&#039; Club\" \/>\n<meta property=\"article:publisher\" content=\"https:\/\/www.facebook.com\/everton.fans.cz.sk\" \/>\n<meta property=\"article:published_time\" content=\"2025-03-19T17:47:57+00:00\" \/>\n<meta property=\"article:modified_time\" content=\"2025-03-20T10:13:37+00:00\" \/>\n<meta property=\"og:image\" content=\"https:\/\/evertonfc.cz\/wp-content\/uploads\/2025\/03\/Hayashi-vs-Arsenal-14.3.2025-web.jpg\" \/>\n\t<meta property=\"og:image:width\" content=\"720\" \/>\n\t<meta property=\"og:image:height\" content=\"405\" \/>\n\t<meta property=\"og:image:type\" content=\"image\/jpeg\" \/>\n<meta name=\"author\" content=\"Karamela\" \/>\n<meta name=\"twitter:card\" content=\"summary_large_image\" \/>\n<meta name=\"twitter:label1\" content=\"Napsal(a)\" \/>\n\t<meta name=\"twitter:data1\" content=\"Karamela\" \/>\n\t<meta name=\"twitter:label2\" content=\"Odhadovan\u00e1 doba \u010dten\u00ed\" \/>\n\t<meta name=\"twitter:data2\" content=\"1 minuta\" \/>\n<script type=\"application\/ld+json\" class=\"yoast-schema-graph\">{\"@context\":\"https:\/\/schema.org\",\"@graph\":[{\"@type\":\"Article\",\"@id\":\"https:\/\/evertonfc.cz\/index.php\/2025\/03\/19\/everton-w-arsenal-w-13\/#article\",\"isPartOf\":{\"@id\":\"https:\/\/evertonfc.cz\/index.php\/2025\/03\/19\/everton-w-arsenal-w-13\/\"},\"author\":{\"name\":\"Karamela\",\"@id\":\"https:\/\/evertonfc.cz\/#\/schema\/person\/e9a24a80a32efa1344dd2c4e5882185c\"},\"headline\":\"Everton W &#8211; Arsenal W 1:3\",\"datePublished\":\"2025-03-19T17:47:57+00:00\",\"dateModified\":\"2025-03-20T10:13:37+00:00\",\"mainEntityOfPage\":{\"@id\":\"https:\/\/evertonfc.cz\/index.php\/2025\/03\/19\/everton-w-arsenal-w-13\/\"},\"wordCount\":172,\"commentCount\":2,\"publisher\":{\"@id\":\"https:\/\/evertonfc.cz\/#organization\"},\"image\":{\"@id\":\"https:\/\/evertonfc.cz\/index.php\/2025\/03\/19\/everton-w-arsenal-w-13\/#primaryimage\"},\"thumbnailUrl\":\"https:\/\/evertonfc.cz\/wp-content\/uploads\/2025\/03\/Hayashi-vs-Arsenal-14.3.2025-web.jpg\",\"articleSection\":[\"Everton Women\"],\"inLanguage\":\"cs\",\"potentialAction\":[{\"@type\":\"CommentAction\",\"name\":\"Comment\",\"target\":[\"https:\/\/evertonfc.cz\/index.php\/2025\/03\/19\/everton-w-arsenal-w-13\/#respond\"]}]},{\"@type\":\"WebPage\",\"@id\":\"https:\/\/evertonfc.cz\/index.php\/2025\/03\/19\/everton-w-arsenal-w-13\/\",\"url\":\"https:\/\/evertonfc.cz\/index.php\/2025\/03\/19\/everton-w-arsenal-w-13\/\",\"name\":\"Everton W - Arsenal W 1:3 - Official Czech &amp; Slovak Everton Supporters&#039; Club\",\"isPartOf\":{\"@id\":\"https:\/\/evertonfc.cz\/#website\"},\"primaryImageOfPage\":{\"@id\":\"https:\/\/evertonfc.cz\/index.php\/2025\/03\/19\/everton-w-arsenal-w-13\/#primaryimage\"},\"image\":{\"@id\":\"https:\/\/evertonfc.cz\/index.php\/2025\/03\/19\/everton-w-arsenal-w-13\/#primaryimage\"},\"thumbnailUrl\":\"https:\/\/evertonfc.cz\/wp-content\/uploads\/2025\/03\/Hayashi-vs-Arsenal-14.3.2025-web.jpg\",\"datePublished\":\"2025-03-19T17:47:57+00:00\",\"dateModified\":\"2025-03-20T10:13:37+00:00\",\"breadcrumb\":{\"@id\":\"https:\/\/evertonfc.cz\/index.php\/2025\/03\/19\/everton-w-arsenal-w-13\/#breadcrumb\"},\"inLanguage\":\"cs\",\"potentialAction\":[{\"@type\":\"ReadAction\",\"target\":[\"https:\/\/evertonfc.cz\/index.php\/2025\/03\/19\/everton-w-arsenal-w-13\/\"]}]},{\"@type\":\"ImageObject\",\"inLanguage\":\"cs\",\"@id\":\"https:\/\/evertonfc.cz\/index.php\/2025\/03\/19\/everton-w-arsenal-w-13\/#primaryimage\",\"url\":\"https:\/\/evertonfc.cz\/wp-content\/uploads\/2025\/03\/Hayashi-vs-Arsenal-14.3.2025-web.jpg\",\"contentUrl\":\"https:\/\/evertonfc.cz\/wp-content\/uploads\/2025\/03\/Hayashi-vs-Arsenal-14.3.2025-web.jpg\",\"width\":720,\"height\":405},{\"@type\":\"BreadcrumbList\",\"@id\":\"https:\/\/evertonfc.cz\/index.php\/2025\/03\/19\/everton-w-arsenal-w-13\/#breadcrumb\",\"itemListElement\":[{\"@type\":\"ListItem\",\"position\":1,\"name\":\"Home\",\"item\":\"https:\/\/evertonfc.cz\/\"},{\"@type\":\"ListItem\",\"position\":2,\"name\":\"Everton W &#8211; Arsenal W 1:3\"}]},{\"@type\":\"WebSite\",\"@id\":\"https:\/\/evertonfc.cz\/#website\",\"url\":\"https:\/\/evertonfc.cz\/\",\"name\":\"Official Czech &amp; Slovak Everton Supporters&#039; Club\",\"description\":\"\",\"publisher\":{\"@id\":\"https:\/\/evertonfc.cz\/#organization\"},\"potentialAction\":[{\"@type\":\"SearchAction\",\"target\":{\"@type\":\"EntryPoint\",\"urlTemplate\":\"https:\/\/evertonfc.cz\/?s={search_term_string}\"},\"query-input\":{\"@type\":\"PropertyValueSpecification\",\"valueRequired\":true,\"valueName\":\"search_term_string\"}}],\"inLanguage\":\"cs\"},{\"@type\":\"Organization\",\"@id\":\"https:\/\/evertonfc.cz\/#organization\",\"name\":\"Official Czech & Slovak Everton Supporters' Club\",\"url\":\"https:\/\/evertonfc.cz\/\",\"logo\":{\"@type\":\"ImageObject\",\"inLanguage\":\"cs\",\"@id\":\"https:\/\/evertonfc.cz\/#\/schema\/logo\/image\/\",\"url\":\"https:\/\/evertonfc.cz\/wp-content\/uploads\/2019\/05\/logo.png\",\"contentUrl\":\"https:\/\/evertonfc.cz\/wp-content\/uploads\/2019\/05\/logo.png\",\"width\":112,\"height\":112,\"caption\":\"Official Czech & Slovak Everton Supporters' Club\"},\"image\":{\"@id\":\"https:\/\/evertonfc.cz\/#\/schema\/logo\/image\/\"},\"sameAs\":[\"https:\/\/www.facebook.com\/everton.fans.cz.sk\"]},{\"@type\":\"Person\",\"@id\":\"https:\/\/evertonfc.cz\/#\/schema\/person\/e9a24a80a32efa1344dd2c4e5882185c\",\"name\":\"Karamela\",\"url\":\"https:\/\/evertonfc.cz\/index.php\/author\/karamela\/\"}]}<\/script>\n<!-- \/ Yoast SEO plugin. -->","yoast_head_json":{"title":"Everton W - Arsenal W 1:3 - Official Czech &amp; Slovak Everton Supporters&#039; Club","robots":{"index":"index","follow":"follow","max-snippet":"max-snippet:-1","max-image-preview":"max-image-preview:large","max-video-preview":"max-video-preview:-1"},"canonical":"https:\/\/evertonfc.cz\/index.php\/2025\/03\/19\/everton-w-arsenal-w-13\/","og_locale":"cs_CZ","og_type":"article","og_title":"Everton W - Arsenal W 1:3 - Official Czech &amp; Slovak Everton Supporters&#039; Club","og_description":"Vyprodan\u00fd Walton Hall vid\u011bl dom\u00e1c\u00ed prohru Evertonu s kandid\u00e1tkami na ligov\u00fd titul. Po nad\u011bjn\u00e9m prvn\u00edm polo\u010dase v\u0161e rozmetala druh\u00e1 p\u016fle.","og_url":"https:\/\/evertonfc.cz\/index.php\/2025\/03\/19\/everton-w-arsenal-w-13\/","og_site_name":"Official Czech &amp; Slovak Everton Supporters&#039; Club","article_publisher":"https:\/\/www.facebook.com\/everton.fans.cz.sk","article_published_time":"2025-03-19T17:47:57+00:00","article_modified_time":"2025-03-20T10:13:37+00:00","og_image":[{"width":720,"height":405,"url":"https:\/\/evertonfc.cz\/wp-content\/uploads\/2025\/03\/Hayashi-vs-Arsenal-14.3.2025-web.jpg","type":"image\/jpeg"}],"author":"Karamela","twitter_card":"summary_large_image","twitter_misc":{"Napsal(a)":"Karamela","Odhadovan\u00e1 doba \u010dten\u00ed":"1 minuta"},"schema":{"@context":"https:\/\/schema.org","@graph":[{"@type":"Article","@id":"https:\/\/evertonfc.cz\/index.php\/2025\/03\/19\/everton-w-arsenal-w-13\/#article","isPartOf":{"@id":"https:\/\/evertonfc.cz\/index.php\/2025\/03\/19\/everton-w-arsenal-w-13\/"},"author":{"name":"Karamela","@id":"https:\/\/evertonfc.cz\/#\/schema\/person\/e9a24a80a32efa1344dd2c4e5882185c"},"headline":"Everton W &#8211; Arsenal W 1:3","datePublished":"2025-03-19T17:47:57+00:00","dateModified":"2025-03-20T10:13:37+00:00","mainEntityOfPage":{"@id":"https:\/\/evertonfc.cz\/index.php\/2025\/03\/19\/everton-w-arsenal-w-13\/"},"wordCount":172,"commentCount":2,"publisher":{"@id":"https:\/\/evertonfc.cz\/#organization"},"image":{"@id":"https:\/\/evertonfc.cz\/index.php\/2025\/03\/19\/everton-w-arsenal-w-13\/#primaryimage"},"thumbnailUrl":"https:\/\/evertonfc.cz\/wp-content\/uploads\/2025\/03\/Hayashi-vs-Arsenal-14.3.2025-web.jpg","articleSection":["Everton Women"],"inLanguage":"cs","potentialAction":[{"@type":"CommentAction","name":"Comment","target":["https:\/\/evertonfc.cz\/index.php\/2025\/03\/19\/everton-w-arsenal-w-13\/#respond"]}]},{"@type":"WebPage","@id":"https:\/\/evertonfc.cz\/index.php\/2025\/03\/19\/everton-w-arsenal-w-13\/","url":"https:\/\/evertonfc.cz\/index.php\/2025\/03\/19\/everton-w-arsenal-w-13\/","name":"Everton W - Arsenal W 1:3 - Official Czech &amp; Slovak Everton Supporters&#039; Club","isPartOf":{"@id":"https:\/\/evertonfc.cz\/#website"},"primaryImageOfPage":{"@id":"https:\/\/evertonfc.cz\/index.php\/2025\/03\/19\/everton-w-arsenal-w-13\/#primaryimage"},"image":{"@id":"https:\/\/evertonfc.cz\/index.php\/2025\/03\/19\/everton-w-arsenal-w-13\/#primaryimage"},"thumbnailUrl":"https:\/\/evertonfc.cz\/wp-content\/uploads\/2025\/03\/Hayashi-vs-Arsenal-14.3.2025-web.jpg","datePublished":"2025-03-19T17:47:57+00:00","dateModified":"2025-03-20T10:13:37+00:00","breadcrumb":{"@id":"https:\/\/evertonfc.cz\/index.php\/2025\/03\/19\/everton-w-arsenal-w-13\/#breadcrumb"},"inLanguage":"cs","potentialAction":[{"@type":"ReadAction","target":["https:\/\/evertonfc.cz\/index.php\/2025\/03\/19\/everton-w-arsenal-w-13\/"]}]},{"@type":"ImageObject","inLanguage":"cs","@id":"https:\/\/evertonfc.cz\/index.php\/2025\/03\/19\/everton-w-arsenal-w-13\/#primaryimage","url":"https:\/\/evertonfc.cz\/wp-content\/uploads\/2025\/03\/Hayashi-vs-Arsenal-14.3.2025-web.jpg","contentUrl":"https:\/\/evertonfc.cz\/wp-content\/uploads\/2025\/03\/Hayashi-vs-Arsenal-14.3.2025-web.jpg","width":720,"height":405},{"@type":"BreadcrumbList","@id":"https:\/\/evertonfc.cz\/index.php\/2025\/03\/19\/everton-w-arsenal-w-13\/#breadcrumb","itemListElement":[{"@type":"ListItem","position":1,"name":"Home","item":"https:\/\/evertonfc.cz\/"},{"@type":"ListItem","position":2,"name":"Everton W &#8211; Arsenal W 1:3"}]},{"@type":"WebSite","@id":"https:\/\/evertonfc.cz\/#website","url":"https:\/\/evertonfc.cz\/","name":"Official Czech &amp; Slovak Everton Supporters&#039; Club","description":"","publisher":{"@id":"https:\/\/evertonfc.cz\/#organization"},"potentialAction":[{"@type":"SearchAction","target":{"@type":"EntryPoint","urlTemplate":"https:\/\/evertonfc.cz\/?s={search_term_string}"},"query-input":{"@type":"PropertyValueSpecification","valueRequired":true,"valueName":"search_term_string"}}],"inLanguage":"cs"},{"@type":"Organization","@id":"https:\/\/evertonfc.cz\/#organization","name":"Official Czech & Slovak Everton Supporters' Club","url":"https:\/\/evertonfc.cz\/","logo":{"@type":"ImageObject","inLanguage":"cs","@id":"https:\/\/evertonfc.cz\/#\/schema\/logo\/image\/","url":"https:\/\/evertonfc.cz\/wp-content\/uploads\/2019\/05\/logo.png","contentUrl":"https:\/\/evertonfc.cz\/wp-content\/uploads\/2019\/05\/logo.png","width":112,"height":112,"caption":"Official Czech & Slovak Everton Supporters' Club"},"image":{"@id":"https:\/\/evertonfc.cz\/#\/schema\/logo\/image\/"},"sameAs":["https:\/\/www.facebook.com\/everton.fans.cz.sk"]},{"@type":"Person","@id":"https:\/\/evertonfc.cz\/#\/schema\/person\/e9a24a80a32efa1344dd2c4e5882185c","name":"Karamela","url":"https:\/\/evertonfc.cz\/index.php\/author\/karamela\/"}]}},"_links":{"self":[{"href":"https:\/\/evertonfc.cz\/index.php\/wp-json\/wp\/v2\/posts\/26497"}],"collection":[{"href":"https:\/\/evertonfc.cz\/index.php\/wp-json\/wp\/v2\/posts"}],"about":[{"href":"https:\/\/evertonfc.cz\/index.php\/wp-json\/wp\/v2\/types\/post"}],"author":[{"embeddable":true,"href":"https:\/\/evertonfc.cz\/index.php\/wp-json\/wp\/v2\/users\/26"}],"replies":[{"embeddable":true,"href":"https:\/\/evertonfc.cz\/index.php\/wp-json\/wp\/v2\/comments?post=26497"}],"version-history":[{"count":5,"href":"https:\/\/evertonfc.cz\/index.php\/wp-json\/wp\/v2\/posts\/26497\/revisions"}],"predecessor-version":[{"id":26505,"href":"https:\/\/evertonfc.cz\/index.php\/wp-json\/wp\/v2\/posts\/26497\/revisions\/26505"}],"wp:featuredmedia":[{"embeddable":true,"href":"https:\/\/evertonfc.cz\/index.php\/wp-json\/wp\/v2\/media\/26501"}],"wp:attachment":[{"href":"https:\/\/evertonfc.cz\/index.php\/wp-json\/wp\/v2\/media?parent=26497"}],"wp:term":[{"taxonomy":"category","embeddable":true,"href":"https:\/\/evertonfc.cz\/index.php\/wp-json\/wp\/v2\/categories?post=26497"},{"taxonomy":"post_tag","embeddable":true,"href":"https:\/\/evertonfc.cz\/index.php\/wp-json\/wp\/v2\/tags?post=26497"}],"curies":[{"name":"wp","href":"https:\/\/api.w.org\/{rel}","templated":true}]}}