{"id":2651,"date":"2010-04-01T19:54:22","date_gmt":"2010-04-01T17:54:22","guid":{"rendered":"http:\/\/evertonfc.cz\/?p=2651"},"modified":"2019-02-09T21:12:25","modified_gmt":"2019-02-09T20:12:25","slug":"cahill-chce-videt-artetu-na-ms","status":"publish","type":"post","link":"https:\/\/evertonfc.cz\/index.php\/2010\/04\/01\/cahill-chce-videt-artetu-na-ms\/","title":{"rendered":"Cahill chce vid\u011bt Artetu na MS"},"content":{"rendered":"<h4>Tim Cahill v\u011b\u0159\u00ed, \u017ee se jeho spoluhr\u00e1\u010d Mikel Arteta dostane do \u0161pan\u011blsk\u00e9 nominace na Mistrovstv\u00ed sv\u011bta. Zvl\u00e1\u0161\u0165 po tom, co Cesc Fabregas utrp\u011bl v\u00e1\u017en\u00e9 zran\u011bn\u00ed a jeho \u00fa\u010dast na turnaji v JAR je ohro\u017eena.<\/h4>\n<p>Fabregas si b\u011bhem st\u0159ede\u010dn\u00edho duelu Ligy mistr\u016f s Barcelonou zlomil l\u00fdtkovou kost v prav\u00e9 noze a podle p\u0159edb\u011b\u017en\u00fdch progn\u00f3z by mohl b\u00fdt zran\u011bn\u00fd asi \u0161est t\u00fddn\u016f, co\u017e by ohrozilo jeho \u00fa\u010dast na \u010dervnov\u00e9m MS v Jihoafrick\u00e9 republice. Podle Tima Cahilla by m\u011bl na turnaj jet m\u00edsto opory Gunners Mikel Arteta.<\/p>\n<p><em>\u201eMikel je jeden z m\u00fdch nejlep\u0161\u00edch p\u0159\u00e1tel a mysl\u00edm si, \u017ee si zaslou\u017e\u00ed b\u00fdt v nominaci na MS d\u00edky sv\u00fdm z\u00e1sluh\u00e1m. Pro \u0160pan\u011blsko je d\u016fle\u017eit\u00e9, aby se Fabregas stihl uzdravit, proto\u017ee pokud jste ho vid\u011bli proti Barcelon\u011b, dob\u0159e v\u00edte, jak je talentovan\u00fd. Kdyby se ale nesta\u010dil uzdravit, Mikel by m\u011bl dostat \u0161anci v n\u00e1rodn\u00edm t\u00fdmu.<\/em><\/p>\n<p><em>Nejlep\u0161\u00ed by bylo, kdyby Mikky z\u016fstal zdrav\u00fd. V\u0161ichni v\u00edme, co pak na h\u0159i\u0161ti dok\u00e1\u017ee a podle m\u011b si to uv\u011bdomuje i \u0161pan\u011blsk\u00fd tren\u00e9r. I pokud bychom zapomn\u011bli na Fabregase a jeho zran\u011bn\u00ed, Mikel si zaslou\u017e\u00ed dostat \u0161anci, kdy\u017e bude stoprocetn\u011b zdrav\u00fd,\u201c<\/em> ne\u0161et\u0159il slovy chv\u00e1ly na spoluhr\u00e1\u010de Cahill.<\/p>\n<p>Mikel Arteta nikdy neodehr\u00e1l za \u0161pan\u011blsk\u00fd n\u00e1rodn\u00ed t\u00fdm z\u00e1pas. A to pod\u00e1v\u00e1 za Toffees v Premier League dobr\u00e9 v\u00fdkony u\u017e od roku 2005. Velmi bl\u00edzko k prvn\u00edmu startu v reprezentaci byl minul\u00fd rok v \u00fanoru, tehdy se m\u011bl objevit v nominaci na z\u00e1pas. Nane\u0161t\u011bst\u00ed si av\u0161ak 24 hodin p\u0159ed ozn\u00e1men\u00edm nominace v\u00e1\u017en\u011b poranil koleno v z\u00e1pase s Newcastle a na \u0161pan\u011blsk\u00fd n\u00e1rodn\u00ed dres mohl tak na del\u0161\u00ed dobu zapomenout.<\/p>\n<p>Cahill d\u00e1le pokra\u010doval v pozitivn\u00edch slovech na Artetovu adresu: <em>\u201eOn m\u00e1 spr\u00e1vnou povahu, je v\u017edy p\u0159ipraven na v\u0161echno a py\u0161n\u00ed se ozna\u010den\u00edm skv\u011bl\u00fd profesion\u00e1l. Po n\u00e1vratu z t\u011b\u017ek\u00e9ho zran\u011bn\u00ed je ot\u00e1zka, jak si hr\u00e1\u010dovo t\u011blo zvykne na z\u00e1t\u011b\u017e prvn\u00edch \u0161est a\u017e osm t\u00fddn\u016f. To je plat\u00ed u ka\u017ed\u00e9ho hr\u00e1\u010de.\u201c<\/em> Vysv\u011btloval Australan leh\u010d\u00ed zran\u011bn\u00ed evertonsk\u00e9ho \u010d\u00edsla 10.<\/p>\n<p>Na konci rozhovoru Tim nezapomn\u011bl podpo\u0159it zran\u011bn\u00e9ho Dana Goslinga, jen\u017e bude po p\u0159etrhnut\u00ed kolenn\u00edho k\u0159\u00ed\u017eov\u00e9ho vazu na marodce minim\u00e1ln\u011b dev\u011bt m\u011bs\u00edc\u016f.<\/p>\n<p><em>\u201ePro Dana to bude dlouh\u00e1 doba bez fotbalu, ale v t\u00fdmu je spousta hr\u00e1\u010d\u016f, kte\u0159\u00ed m\u011bli podobn\u00e9 zran\u011bn\u00ed. B\u011bhem jeho absence bude m\u00edt hodn\u011b voln\u00e9ho \u010dasu, tak\u017ee se m\u016f\u017ee v\u00edce dozv\u011bd\u011bt o sv\u00e9m zran\u011bn\u00ed, nau\u010d\u00ed se v\u00edce o \u017eivot\u011b v\u016fbec. Od n\u00e1s v\u0161ech bude m\u00edt Dan velkou podporu. Je velmi mlad\u00fd a m\u00e1 za sebou pouze p\u00e1r let hran\u00ed fotbalu, proto jako profesion\u00e1l mus\u00ed ze sv\u00e9ho zran\u011bn\u00ed z\u00edskat zku\u0161enosti,\u201c<\/em> nechal se sly\u0161et Cahill.<\/p>\n","protected":false},"excerpt":{"rendered":"<p>Tim Cahill v\u011b\u0159\u00ed, \u017ee se jeho spoluhr\u00e1\u010d Mikel Arteta dostane do \u0161pan\u011blsk\u00e9 nominace na Mistrovstv\u00ed sv\u011bta. Zvl\u00e1\u0161\u0165 po tom, co&hellip;<\/p>\n","protected":false},"author":6,"featured_media":1312,"comment_status":"open","ping_status":"closed","sticky":false,"template":"","format":"standard","meta":{"_eb_attr":"","_monsterinsights_skip_tracking":false,"_monsterinsights_sitenote_active":false,"_monsterinsights_sitenote_note":"","_monsterinsights_sitenote_category":0,"footnotes":""},"categories":[1],"tags":[],"yoast_head":"<!-- This site is optimized with the Yoast SEO plugin v23.4 - https:\/\/yoast.com\/wordpress\/plugins\/seo\/ -->\n<title>Cahill chce vid\u011bt Artetu na MS - Official Czech &amp; Slovak Everton Supporters&#039; Club<\/title>\n<meta name=\"robots\" content=\"index, follow, max-snippet:-1, max-image-preview:large, max-video-preview:-1\" \/>\n<link rel=\"canonical\" href=\"https:\/\/evertonfc.cz\/index.php\/2010\/04\/01\/cahill-chce-videt-artetu-na-ms\/\" \/>\n<meta property=\"og:locale\" content=\"cs_CZ\" \/>\n<meta property=\"og:type\" content=\"article\" \/>\n<meta property=\"og:title\" content=\"Cahill chce vid\u011bt Artetu na MS - Official Czech &amp; Slovak Everton Supporters&#039; Club\" \/>\n<meta property=\"og:description\" content=\"Tim Cahill v\u011b\u0159\u00ed, \u017ee se jeho spoluhr\u00e1\u010d Mikel Arteta dostane do \u0161pan\u011blsk\u00e9 nominace na Mistrovstv\u00ed sv\u011bta. Zvl\u00e1\u0161\u0165 po tom, co&hellip;\" \/>\n<meta property=\"og:url\" content=\"https:\/\/evertonfc.cz\/index.php\/2010\/04\/01\/cahill-chce-videt-artetu-na-ms\/\" \/>\n<meta property=\"og:site_name\" content=\"Official Czech &amp; Slovak Everton Supporters&#039; Club\" \/>\n<meta property=\"article:publisher\" content=\"https:\/\/www.facebook.com\/everton.fans.cz.sk\" \/>\n<meta property=\"article:published_time\" content=\"2010-04-01T17:54:22+00:00\" \/>\n<meta property=\"article:modified_time\" content=\"2019-02-09T20:12:25+00:00\" \/>\n<meta property=\"og:image\" content=\"https:\/\/evertonfc.cz\/wp-content\/uploads\/2019\/01\/interview.jpg\" \/>\n\t<meta property=\"og:image:width\" content=\"720\" \/>\n\t<meta property=\"og:image:height\" content=\"405\" \/>\n\t<meta property=\"og:image:type\" content=\"image\/jpeg\" \/>\n<meta name=\"author\" content=\"Ri\u010di\" \/>\n<meta name=\"twitter:card\" content=\"summary_large_image\" \/>\n<meta name=\"twitter:creator\" content=\"@rbrejsa\" \/>\n<meta name=\"twitter:label1\" content=\"Napsal(a)\" \/>\n\t<meta name=\"twitter:data1\" content=\"Ri\u010di\" \/>\n\t<meta name=\"twitter:label2\" content=\"Odhadovan\u00e1 doba \u010dten\u00ed\" \/>\n\t<meta name=\"twitter:data2\" content=\"3 minuty\" \/>\n<script type=\"application\/ld+json\" class=\"yoast-schema-graph\">{\"@context\":\"https:\/\/schema.org\",\"@graph\":[{\"@type\":\"Article\",\"@id\":\"https:\/\/evertonfc.cz\/index.php\/2010\/04\/01\/cahill-chce-videt-artetu-na-ms\/#article\",\"isPartOf\":{\"@id\":\"https:\/\/evertonfc.cz\/index.php\/2010\/04\/01\/cahill-chce-videt-artetu-na-ms\/\"},\"author\":{\"name\":\"Ri\u010di\",\"@id\":\"https:\/\/evertonfc.cz\/#\/schema\/person\/f7a5daedb2ffee98480bc70e191aaef1\"},\"headline\":\"Cahill chce vid\u011bt Artetu na MS\",\"datePublished\":\"2010-04-01T17:54:22+00:00\",\"dateModified\":\"2019-02-09T20:12:25+00:00\",\"mainEntityOfPage\":{\"@id\":\"https:\/\/evertonfc.cz\/index.php\/2010\/04\/01\/cahill-chce-videt-artetu-na-ms\/\"},\"wordCount\":552,\"commentCount\":0,\"publisher\":{\"@id\":\"https:\/\/evertonfc.cz\/#organization\"},\"image\":{\"@id\":\"https:\/\/evertonfc.cz\/index.php\/2010\/04\/01\/cahill-chce-videt-artetu-na-ms\/#primaryimage\"},\"thumbnailUrl\":\"https:\/\/evertonfc.cz\/wp-content\/uploads\/2019\/01\/interview.jpg\",\"articleSection\":[\"Rozhovory\"],\"inLanguage\":\"cs\",\"potentialAction\":[{\"@type\":\"CommentAction\",\"name\":\"Comment\",\"target\":[\"https:\/\/evertonfc.cz\/index.php\/2010\/04\/01\/cahill-chce-videt-artetu-na-ms\/#respond\"]}]},{\"@type\":\"WebPage\",\"@id\":\"https:\/\/evertonfc.cz\/index.php\/2010\/04\/01\/cahill-chce-videt-artetu-na-ms\/\",\"url\":\"https:\/\/evertonfc.cz\/index.php\/2010\/04\/01\/cahill-chce-videt-artetu-na-ms\/\",\"name\":\"Cahill chce vid\u011bt Artetu na MS - Official Czech &amp; Slovak Everton Supporters&#039; Club\",\"isPartOf\":{\"@id\":\"https:\/\/evertonfc.cz\/#website\"},\"primaryImageOfPage\":{\"@id\":\"https:\/\/evertonfc.cz\/index.php\/2010\/04\/01\/cahill-chce-videt-artetu-na-ms\/#primaryimage\"},\"image\":{\"@id\":\"https:\/\/evertonfc.cz\/index.php\/2010\/04\/01\/cahill-chce-videt-artetu-na-ms\/#primaryimage\"},\"thumbnailUrl\":\"https:\/\/evertonfc.cz\/wp-content\/uploads\/2019\/01\/interview.jpg\",\"datePublished\":\"2010-04-01T17:54:22+00:00\",\"dateModified\":\"2019-02-09T20:12:25+00:00\",\"breadcrumb\":{\"@id\":\"https:\/\/evertonfc.cz\/index.php\/2010\/04\/01\/cahill-chce-videt-artetu-na-ms\/#breadcrumb\"},\"inLanguage\":\"cs\",\"potentialAction\":[{\"@type\":\"ReadAction\",\"target\":[\"https:\/\/evertonfc.cz\/index.php\/2010\/04\/01\/cahill-chce-videt-artetu-na-ms\/\"]}]},{\"@type\":\"ImageObject\",\"inLanguage\":\"cs\",\"@id\":\"https:\/\/evertonfc.cz\/index.php\/2010\/04\/01\/cahill-chce-videt-artetu-na-ms\/#primaryimage\",\"url\":\"https:\/\/evertonfc.cz\/wp-content\/uploads\/2019\/01\/interview.jpg\",\"contentUrl\":\"https:\/\/evertonfc.cz\/wp-content\/uploads\/2019\/01\/interview.jpg\",\"width\":720,\"height\":405},{\"@type\":\"BreadcrumbList\",\"@id\":\"https:\/\/evertonfc.cz\/index.php\/2010\/04\/01\/cahill-chce-videt-artetu-na-ms\/#breadcrumb\",\"itemListElement\":[{\"@type\":\"ListItem\",\"position\":1,\"name\":\"Home\",\"item\":\"https:\/\/evertonfc.cz\/\"},{\"@type\":\"ListItem\",\"position\":2,\"name\":\"Cahill chce vid\u011bt Artetu na MS\"}]},{\"@type\":\"WebSite\",\"@id\":\"https:\/\/evertonfc.cz\/#website\",\"url\":\"https:\/\/evertonfc.cz\/\",\"name\":\"Official Czech &amp; Slovak Everton Supporters&#039; Club\",\"description\":\"\",\"publisher\":{\"@id\":\"https:\/\/evertonfc.cz\/#organization\"},\"potentialAction\":[{\"@type\":\"SearchAction\",\"target\":{\"@type\":\"EntryPoint\",\"urlTemplate\":\"https:\/\/evertonfc.cz\/?s={search_term_string}\"},\"query-input\":{\"@type\":\"PropertyValueSpecification\",\"valueRequired\":true,\"valueName\":\"search_term_string\"}}],\"inLanguage\":\"cs\"},{\"@type\":\"Organization\",\"@id\":\"https:\/\/evertonfc.cz\/#organization\",\"name\":\"Official Czech & Slovak Everton Supporters' Club\",\"url\":\"https:\/\/evertonfc.cz\/\",\"logo\":{\"@type\":\"ImageObject\",\"inLanguage\":\"cs\",\"@id\":\"https:\/\/evertonfc.cz\/#\/schema\/logo\/image\/\",\"url\":\"https:\/\/evertonfc.cz\/wp-content\/uploads\/2019\/05\/logo.png\",\"contentUrl\":\"https:\/\/evertonfc.cz\/wp-content\/uploads\/2019\/05\/logo.png\",\"width\":112,\"height\":112,\"caption\":\"Official Czech & Slovak Everton Supporters' Club\"},\"image\":{\"@id\":\"https:\/\/evertonfc.cz\/#\/schema\/logo\/image\/\"},\"sameAs\":[\"https:\/\/www.facebook.com\/everton.fans.cz.sk\"]},{\"@type\":\"Person\",\"@id\":\"https:\/\/evertonfc.cz\/#\/schema\/person\/f7a5daedb2ffee98480bc70e191aaef1\",\"name\":\"Ri\u010di\",\"sameAs\":[\"https:\/\/x.com\/rbrejsa\"],\"url\":\"https:\/\/evertonfc.cz\/index.php\/author\/rici\/\"}]}<\/script>\n<!-- \/ Yoast SEO plugin. -->","yoast_head_json":{"title":"Cahill chce vid\u011bt Artetu na MS - Official Czech &amp; Slovak Everton Supporters&#039; Club","robots":{"index":"index","follow":"follow","max-snippet":"max-snippet:-1","max-image-preview":"max-image-preview:large","max-video-preview":"max-video-preview:-1"},"canonical":"https:\/\/evertonfc.cz\/index.php\/2010\/04\/01\/cahill-chce-videt-artetu-na-ms\/","og_locale":"cs_CZ","og_type":"article","og_title":"Cahill chce vid\u011bt Artetu na MS - Official Czech &amp; Slovak Everton Supporters&#039; Club","og_description":"Tim Cahill v\u011b\u0159\u00ed, \u017ee se jeho spoluhr\u00e1\u010d Mikel Arteta dostane do \u0161pan\u011blsk\u00e9 nominace na Mistrovstv\u00ed sv\u011bta. Zvl\u00e1\u0161\u0165 po tom, co&hellip;","og_url":"https:\/\/evertonfc.cz\/index.php\/2010\/04\/01\/cahill-chce-videt-artetu-na-ms\/","og_site_name":"Official Czech &amp; Slovak Everton Supporters&#039; Club","article_publisher":"https:\/\/www.facebook.com\/everton.fans.cz.sk","article_published_time":"2010-04-01T17:54:22+00:00","article_modified_time":"2019-02-09T20:12:25+00:00","og_image":[{"width":720,"height":405,"url":"https:\/\/evertonfc.cz\/wp-content\/uploads\/2019\/01\/interview.jpg","type":"image\/jpeg"}],"author":"Ri\u010di","twitter_card":"summary_large_image","twitter_creator":"@rbrejsa","twitter_misc":{"Napsal(a)":"Ri\u010di","Odhadovan\u00e1 doba \u010dten\u00ed":"3 minuty"},"schema":{"@context":"https:\/\/schema.org","@graph":[{"@type":"Article","@id":"https:\/\/evertonfc.cz\/index.php\/2010\/04\/01\/cahill-chce-videt-artetu-na-ms\/#article","isPartOf":{"@id":"https:\/\/evertonfc.cz\/index.php\/2010\/04\/01\/cahill-chce-videt-artetu-na-ms\/"},"author":{"name":"Ri\u010di","@id":"https:\/\/evertonfc.cz\/#\/schema\/person\/f7a5daedb2ffee98480bc70e191aaef1"},"headline":"Cahill chce vid\u011bt Artetu na MS","datePublished":"2010-04-01T17:54:22+00:00","dateModified":"2019-02-09T20:12:25+00:00","mainEntityOfPage":{"@id":"https:\/\/evertonfc.cz\/index.php\/2010\/04\/01\/cahill-chce-videt-artetu-na-ms\/"},"wordCount":552,"commentCount":0,"publisher":{"@id":"https:\/\/evertonfc.cz\/#organization"},"image":{"@id":"https:\/\/evertonfc.cz\/index.php\/2010\/04\/01\/cahill-chce-videt-artetu-na-ms\/#primaryimage"},"thumbnailUrl":"https:\/\/evertonfc.cz\/wp-content\/uploads\/2019\/01\/interview.jpg","articleSection":["Rozhovory"],"inLanguage":"cs","potentialAction":[{"@type":"CommentAction","name":"Comment","target":["https:\/\/evertonfc.cz\/index.php\/2010\/04\/01\/cahill-chce-videt-artetu-na-ms\/#respond"]}]},{"@type":"WebPage","@id":"https:\/\/evertonfc.cz\/index.php\/2010\/04\/01\/cahill-chce-videt-artetu-na-ms\/","url":"https:\/\/evertonfc.cz\/index.php\/2010\/04\/01\/cahill-chce-videt-artetu-na-ms\/","name":"Cahill chce vid\u011bt Artetu na MS - Official Czech &amp; Slovak Everton Supporters&#039; Club","isPartOf":{"@id":"https:\/\/evertonfc.cz\/#website"},"primaryImageOfPage":{"@id":"https:\/\/evertonfc.cz\/index.php\/2010\/04\/01\/cahill-chce-videt-artetu-na-ms\/#primaryimage"},"image":{"@id":"https:\/\/evertonfc.cz\/index.php\/2010\/04\/01\/cahill-chce-videt-artetu-na-ms\/#primaryimage"},"thumbnailUrl":"https:\/\/evertonfc.cz\/wp-content\/uploads\/2019\/01\/interview.jpg","datePublished":"2010-04-01T17:54:22+00:00","dateModified":"2019-02-09T20:12:25+00:00","breadcrumb":{"@id":"https:\/\/evertonfc.cz\/index.php\/2010\/04\/01\/cahill-chce-videt-artetu-na-ms\/#breadcrumb"},"inLanguage":"cs","potentialAction":[{"@type":"ReadAction","target":["https:\/\/evertonfc.cz\/index.php\/2010\/04\/01\/cahill-chce-videt-artetu-na-ms\/"]}]},{"@type":"ImageObject","inLanguage":"cs","@id":"https:\/\/evertonfc.cz\/index.php\/2010\/04\/01\/cahill-chce-videt-artetu-na-ms\/#primaryimage","url":"https:\/\/evertonfc.cz\/wp-content\/uploads\/2019\/01\/interview.jpg","contentUrl":"https:\/\/evertonfc.cz\/wp-content\/uploads\/2019\/01\/interview.jpg","width":720,"height":405},{"@type":"BreadcrumbList","@id":"https:\/\/evertonfc.cz\/index.php\/2010\/04\/01\/cahill-chce-videt-artetu-na-ms\/#breadcrumb","itemListElement":[{"@type":"ListItem","position":1,"name":"Home","item":"https:\/\/evertonfc.cz\/"},{"@type":"ListItem","position":2,"name":"Cahill chce vid\u011bt Artetu na MS"}]},{"@type":"WebSite","@id":"https:\/\/evertonfc.cz\/#website","url":"https:\/\/evertonfc.cz\/","name":"Official Czech &amp; Slovak Everton Supporters&#039; Club","description":"","publisher":{"@id":"https:\/\/evertonfc.cz\/#organization"},"potentialAction":[{"@type":"SearchAction","target":{"@type":"EntryPoint","urlTemplate":"https:\/\/evertonfc.cz\/?s={search_term_string}"},"query-input":{"@type":"PropertyValueSpecification","valueRequired":true,"valueName":"search_term_string"}}],"inLanguage":"cs"},{"@type":"Organization","@id":"https:\/\/evertonfc.cz\/#organization","name":"Official Czech & Slovak Everton Supporters' Club","url":"https:\/\/evertonfc.cz\/","logo":{"@type":"ImageObject","inLanguage":"cs","@id":"https:\/\/evertonfc.cz\/#\/schema\/logo\/image\/","url":"https:\/\/evertonfc.cz\/wp-content\/uploads\/2019\/05\/logo.png","contentUrl":"https:\/\/evertonfc.cz\/wp-content\/uploads\/2019\/05\/logo.png","width":112,"height":112,"caption":"Official Czech & Slovak Everton Supporters' Club"},"image":{"@id":"https:\/\/evertonfc.cz\/#\/schema\/logo\/image\/"},"sameAs":["https:\/\/www.facebook.com\/everton.fans.cz.sk"]},{"@type":"Person","@id":"https:\/\/evertonfc.cz\/#\/schema\/person\/f7a5daedb2ffee98480bc70e191aaef1","name":"Ri\u010di","sameAs":["https:\/\/x.com\/rbrejsa"],"url":"https:\/\/evertonfc.cz\/index.php\/author\/rici\/"}]}},"_links":{"self":[{"href":"https:\/\/evertonfc.cz\/index.php\/wp-json\/wp\/v2\/posts\/2651"}],"collection":[{"href":"https:\/\/evertonfc.cz\/index.php\/wp-json\/wp\/v2\/posts"}],"about":[{"href":"https:\/\/evertonfc.cz\/index.php\/wp-json\/wp\/v2\/types\/post"}],"author":[{"embeddable":true,"href":"https:\/\/evertonfc.cz\/index.php\/wp-json\/wp\/v2\/users\/6"}],"replies":[{"embeddable":true,"href":"https:\/\/evertonfc.cz\/index.php\/wp-json\/wp\/v2\/comments?post=2651"}],"version-history":[{"count":1,"href":"https:\/\/evertonfc.cz\/index.php\/wp-json\/wp\/v2\/posts\/2651\/revisions"}],"predecessor-version":[{"id":2667,"href":"https:\/\/evertonfc.cz\/index.php\/wp-json\/wp\/v2\/posts\/2651\/revisions\/2667"}],"wp:featuredmedia":[{"embeddable":true,"href":"https:\/\/evertonfc.cz\/index.php\/wp-json\/wp\/v2\/media\/1312"}],"wp:attachment":[{"href":"https:\/\/evertonfc.cz\/index.php\/wp-json\/wp\/v2\/media?parent=2651"}],"wp:term":[{"taxonomy":"category","embeddable":true,"href":"https:\/\/evertonfc.cz\/index.php\/wp-json\/wp\/v2\/categories?post=2651"},{"taxonomy":"post_tag","embeddable":true,"href":"https:\/\/evertonfc.cz\/index.php\/wp-json\/wp\/v2\/tags?post=2651"}],"curies":[{"name":"wp","href":"https:\/\/api.w.org\/{rel}","templated":true}]}}