{"id":26524,"date":"2025-04-06T19:24:53","date_gmt":"2025-04-06T17:24:53","guid":{"rendered":"https:\/\/evertonfc.cz\/?p=26524"},"modified":"2025-04-07T10:36:15","modified_gmt":"2025-04-07T08:36:15","slug":"manchester-united-w-everton-w-20","status":"publish","type":"post","link":"https:\/\/evertonfc.cz\/index.php\/2025\/04\/06\/manchester-united-w-everton-w-20\/","title":{"rendered":"Manchester United W &#8211; Everton W 2:0"},"content":{"rendered":"<h4><span class=\"TextRun SCXW209747815 BCX0\" lang=\"CS-CZ\" xml:lang=\"CS-CZ\" data-contrast=\"auto\"><span class=\"NormalTextRun SCXW209747815 BCX0\">MUTD se n\u00e1m sice ve WSL zat\u00edm nikdy porazit nepoda\u0159ilo, ale <\/span><span class=\"NormalTextRun SCXW209747815 BCX0\">n<\/span><span class=\"NormalTextRun SCXW209747815 BCX0\">e<\/span><span class=\"NormalTextRun SCXW209747815 BCX0\">z<\/span><span class=\"NormalTextRun SCXW209747815 BCX0\">a<\/span><span class=\"NormalTextRun SCXW209747815 BCX0\">\u010d<\/span><span class=\"NormalTextRun SCXW209747815 BCX0\">a<\/span><span class=\"NormalTextRun SCXW209747815 BCX0\">li<\/span><span class=\"NormalTextRun SCXW209747815 BCX0\"> jsme \u0161patn\u011b. Bohu\u017eel n\u00e1m to dlouho nevydr\u017eelo a Red Devils uk\u00e1zaly, pro\u010d jsou st\u00e1le ve h\u0159e o evropsk\u00e9 poh\u00e1ry.<\/span><\/span><\/h4>\n<p>S kompletn\u00ed sestavou (krom chronicky marodn\u00fdch) a s navr\u00e1tiv\u0161\u00ed se Wheeler v z\u00e1kladu jsme se pokusili p\u0159epsat historii a zabodovat na h\u0159i\u0161ti United.<\/p>\n<h4>Ruka na \u00favod<\/h4>\n<p><span class=\"TextRun SCXW209747815 BCX0\" lang=\"CS-CZ\" xml:lang=\"CS-CZ\" data-contrast=\"auto\"><span class=\"NormalTextRun SCXW209747815 BCX0\">Hned ve t\u0159et\u00ed minut\u011b zahr\u00e1la Sara <\/span><span class=\"NormalTextRun SpellingErrorV2Themed SCXW209747815 BCX0\">Holmgaard<\/span><span class=\"NormalTextRun SCXW209747815 BCX0\"> roh, ze kter\u00e9ho se <\/span><span class=\"NormalTextRun SpellingErrorV2Themed SCXW209747815 BCX0\">Fern\u00e1ndez<\/span> <span class=\"NormalTextRun SCXW209747815 BCX0\">poda\u0159ilo <\/span><span class=\"NormalTextRun SCXW209747815 BCX0\">dopravit m\u00ed\u010d do branky dom\u00e1c\u00edch. Bohu\u017eel <\/span><span class=\"NormalTextRun SCXW209747815 BCX0\">p\u0159ed t\u00edm se<\/span><span class=\"NormalTextRun SCXW209747815 BCX0\"> m\u00ed\u010d odrazil od pa\u017ee<\/span> <span class=\"NormalTextRun SpellingErrorV2Themed SCXW209747815 BCX0\">Snoeijs<\/span><span class=\"NormalTextRun SCXW209747815 BCX0\"> (co na tom, \u017ee v\u202fnaprosto p\u0159irozen\u00e9 poloze)<\/span><span class=\"NormalTextRun SCXW209747815 BCX0\">, tak\u017ee z\u202fbranky a z radosti nic nebylo.\u00a0 <\/span><span class=\"NormalTextRun SCXW209747815 BCX0\">\u017de i nejlep\u0161\u00ed obrana v\u202fleto\u0161n\u00ed lize, tedy obrana United m\u00e1 sv\u00e9 slabiny uk\u00e1zala urputn\u00e1 <\/span><span class=\"NormalTextRun SpellingErrorV2Themed SCXW209747815 BCX0\">Wheeler<\/span><span class=\"NormalTextRun SCXW209747815 BCX0\">. Povedlo se j\u00ed zachytit le\u017e\u00e9rn\u00ed rozehr\u00e1vku Le Tissier a poslat p\u011bkn\u00fd pas na nab\u00edhaj\u00edc Gago. Ta bohu\u017eel tv\u00e1\u0159\u00ed v tv\u00e1\u0159 Tullis-Joyce neuusp\u011bla.<\/span><\/span><\/p>\n<p><span class=\"TextRun SCXW209747815 BCX0\" lang=\"CS-CZ\" xml:lang=\"CS-CZ\" data-contrast=\"auto\"><span class=\"NormalTextRun SCXW209747815 BCX0\">Po deseti minut\u00e1ch <\/span><span class=\"NormalTextRun SpellingErrorV2Themed SCXW209747815 BCX0\">Wheeler<\/span><span class=\"NormalTextRun SCXW209747815 BCX0\"> na polovin\u011b ost\u0159e atakovala <\/span><span class=\"NormalTextRun SpellingErrorV2Themed SCXW209747815 BCX0\">Riviere<\/span><span class=\"NormalTextRun SCXW209747815 BCX0\">. Od rozhod\u010d\u00ed se za to na\u0161\u00ed Australance sice dostalo jen d\u016frazn\u00e9ho varov\u00e1n\u00ed a ne \u017elut\u00e9, ale <\/span><span class=\"NormalTextRun SpellingErrorV2Themed SCXW209747815 BCX0\">Riviere<\/span><span class=\"NormalTextRun SCXW209747815 BCX0\"> v\u202fp\u00e9\u010di <\/span><span class=\"NormalTextRun SCXW209747815 BCX0\">f<\/span><span class=\"NormalTextRun SCXW209747815 BCX0\">y<\/span><span class=\"NormalTextRun SCXW209747815 BCX0\">zioterapeut\u016f<\/span><span class=\"NormalTextRun SCXW209747815 BCX0\"> odkulhala do z\u00e1mez\u00ed. Zanedlouho se do\u0161lo i na n\u00e1s, kdy\u017e to byla pro zm\u011bnu <\/span><span class=\"NormalTextRun SpellingErrorV2Themed SCXW209747815 BCX0\">Heather<\/span> <span class=\"NormalTextRun SpellingErrorV2Themed SCXW209747815 BCX0\">Payne<\/span><span class=\"NormalTextRun SCXW209747815 BCX0\">, kter\u00e1 si ne\u0161ikovn\u011b <\/span><span class=\"NormalTextRun SpellingErrorV2Themed SCXW209747815 BCX0\">zvrk<\/span><span class=\"NormalTextRun SpellingErrorV2Themed SCXW209747815 BCX0\">nu<\/span><span class=\"NormalTextRun SpellingErrorV2Themed SCXW209747815 BCX0\">la<\/span> <span class=\"NormalTextRun ContextualSpellingAndGrammarErrorV2Themed SCXW209747815 BCX0\">kotn\u00edk a<\/span><span class=\"NormalTextRun SCXW209747815 BCX0\"> bylo z\u202ftoho dal\u0161\u00ed o\u0161et\u0159ov\u00e1n\u00ed. Ob\u011b p\u0159eru\u0161en\u00ed vedla k\u202ftomu, \u017ee jsme vypadli z\u202ftempa a United za\u010daly v\u011bt\u0159it p\u0159\u00edle\u017eitost. T<\/span><span class=\"NormalTextRun SCXW209747815 BCX0\">\u00e9 se jim zanedlouho dostalo. <\/span><\/span><\/p>\n<h4>Ne\u010dekan\u00e1 chyba&#8230;<\/h4>\n<p><span class=\"TextRun SCXW209747815 BCX0\" lang=\"CS-CZ\" xml:lang=\"CS-CZ\" data-contrast=\"auto\"><span class=\"NormalTextRun SpellingErrorV2Themed SCXW209747815 BCX0\">Heather<\/span> <span class=\"NormalTextRun SpellingErrorV2Themed SCXW209747815 BCX0\">Payne<\/span><span class=\"NormalTextRun SCXW209747815 BCX0\"> prok\u00e1zala, \u017ee na n\u00ed podvrtnut\u00ed nezanechalo \u017e\u00e1dn\u00e9 stopy a faulovala <\/span><span class=\"NormalTextRun SpellingErrorV2Themed SCXW209747815 BCX0\">Sandberg<\/span><span class=\"NormalTextRun SCXW209747815 BCX0\">. K\u202fna\u0159\u00edzen\u00e9mu p\u0159\u00edm\u00e9mu kopu se postavila <\/span><span class=\"NormalTextRun SpellingErrorV2Themed SCXW209747815 BCX0\">Toone<\/span><span class=\"NormalTextRun SCXW209747815 BCX0\">. Vyslala na branku dob\u0159e m\u00ed\u0159enou st\u0159elu st\u0159edn\u00ed razance, kterou bohu\u017eel <\/span><span class=\"NormalTextRun SpellingErrorV2Themed SCXW209747815 BCX0\">Brosnan<\/span><span class=\"NormalTextRun SCXW209747815 BCX0\"> ne\u0161\u0165astn\u011b podb\u011bhla nebo neudr\u017eela v\u202fruk\u00e1ch (ani ze z\u00e1znamu jsem nebyl schopen posoudit, co se vlastn\u011b seb\u011bhlo)<\/span><span class=\"NormalTextRun SCXW209747815 BCX0\"> a Janssen bez obt\u00ed\u017e\u00ed jen doklepla do pr\u00e1zdn\u00e9 br\u00e1ny<\/span><span class=\"NormalTextRun SCXW209747815 BCX0\">. Velk\u00e1 \u0161koda, tato chyba jinak letos skv\u011ble hraj\u00edc\u00ed <\/span><span class=\"NormalTextRun SpellingErrorV2Themed SCXW209747815 BCX0\">Brosnan<\/span><span class=\"NormalTextRun SCXW209747815 BCX0\"> dostala MUTD do veden\u00ed <\/span><\/span><strong><span class=\"TextRun SCXW209747815 BCX0\" lang=\"CS-CZ\" xml:lang=\"CS-CZ\" data-contrast=\"auto\"><span class=\"NormalTextRun SCXW209747815 BCX0\">1:0<\/span><\/span><\/strong><span class=\"TextRun SCXW209747815 BCX0\" lang=\"CS-CZ\" xml:lang=\"CS-CZ\" data-contrast=\"auto\"><span class=\"NormalTextRun SCXW209747815 BCX0\">.<\/span><\/span><\/p>\n<h4><span class=\"EOP SCXW209747815 BCX0\" data-ccp-props=\"{}\">&#8230; a u\u017e se vezeme.<\/span><\/h4>\n<p><span class=\"EOP SCXW209747815 BCX0\" data-ccp-props=\"{}\">Inkasovan\u00fd g\u00f3l vyvedl na\u0161\u00ed brank\u00e1\u0159ku z konceptu a zanedlouho po nep\u0159esn\u00e9m rozehr\u00e1n\u00ed m\u00e1lem obdr\u017eela dal\u0161\u00ed. Pak ale zlikvidovala vylo\u017een\u00e9 \u0161ance Le Tissier a Bizet Ildhus\u00f8y a jej\u00ed seb\u011bv\u011bdom\u00ed i jistota byly op\u011bt na obvykl\u00e9 v\u00fd\u0161i. Vzdor tomu u\u017e v poli d\u00e1blice p\u0159evzaly iniciativu a kontrolu hry. <\/span>Necel\u00e9 dv\u011b minuty po polo\u010dasov\u00e9m restartu p\u0159idala druh\u00fd g\u00f3l dom\u00e1c\u00edch Clinton pati\u010dkou t\u00e9m\u011b\u0159 z brankov\u00e9 \u010d\u00e1ry &#8211; <strong>2:0<\/strong>. A pak u\u017e to vypadalo slovy klasika &#8222;Jde vlna za vlnou, nikdy se nevrac\u00ed&#8230;&#8220;. United bez obt\u00ed\u017e\u00ed zam\u011bstn\u00e1valy na\u0161\u00ed obranu, ani\u017e se n\u00e1m poda\u0159ilo ne jejich snahu jakkoliv pdpov\u011bd\u011bt. A to je\u0161t\u011b Brosnan je\u0161t\u011b sebrala nad\u011bje na t\u0159et\u00ed g\u00f3l\u00a0 Malard.<\/p>\n<h4>Shrnut\u00ed:<\/h4>\n<p>Proti t\u00fdm\u016fm z Top Four se n\u00e1m dlouhodob\u011b neda\u0159\u00ed a tento z\u00e1pas nebyl vyj\u00edmkou. K dispozici jsme m\u011bli prakticky v\u0161echny kl\u00ed\u010dov\u00e9 hr\u00e1\u010dky, p\u0159esto nal\u00e9zt recept na v pohod\u011b hraj\u00edc\u00ed dom\u00e1c\u00ed se n\u00e1m nepoda\u0159ilo. M\u016f\u017eeme se jen dohadovat, co by s pr\u016fb\u011bhem z\u00e1pasu ud\u011blal n\u00e1\u0161 g\u00f3l z \u00favodu z\u00e1pasu, pokud by byla uzn\u00e1n. Krom\u011b kosmetick\u00e9 \u00fapravy sk\u00f3re ale nejsp\u00ed\u0161 nic z\u00e1sadn\u00edho. Nyn\u00ed n\u00e1s \u010dek\u00e1 reprezenta\u010dn\u00ed a poh\u00e1rov\u00e1 pauza a po n\u00ed 20.4. vyraz\u00edme na p\u016fdu nevyzpyteteln\u00e9ho Manchester City. <span style=\"color: #0000ff;\"><strong>COYBG!<\/strong><\/span><\/p>\n<p style=\"text-align: right;\"><span style=\"font-size: 10pt;\"><em>Fotografie: Snoeijs v souboji s Galton (zdroj: getty Images via https:\/\/royalbluemersey.sbnation.com)<\/em><\/span><\/p>\n<p><strong>G\u00f3ly: <\/strong>Janssen (22\u00b4), Clinton (47\u00b4)\u00a0 <strong>\u017dK: <\/strong>Le Tissier, Sandberg &#8211; H. Payne<\/p>\n<p><strong>MUTD (4-2-3-1): <\/strong>Tullis-Joyce, Riviere (Mannion 88&#8242;), Janssen, Le Tissier, Sandberg, Clinton (Naalsund 74&#8242;), Miyazawa, Bizet Ildhus\u00f8y (Malard 55&#8242;), Toone, Galton (Awujo 73&#8242;), Terland (Williams 88&#8242;)<\/p>\n<p><strong>Everton (4-4-2):<\/strong> Brosnan; H.Payne (Stenevik 54&#8242;), Mjelde, Fernandez, S. Holmgaard; Snoeijs (Sarri 78&#8242;), Ladd (K. Holmgaard 54&#8242;), Wheeler (Olesen 65&#8242;), Vanhaevermaet; T.Payne (Lawley 65&#8242;), Gago<\/p>\n<p class=\"ssrcss-1q0x1qg-Paragraph e1jhz7w10\"><strong>Rozhod\u010d\u00ed:<\/strong> Phoebe Cross\u00a0 <strong>Div\u00e1ci:<\/strong> 3 856 (Leigh Sports Village)<\/p>\n<p><iframe loading=\"lazy\" title=\"Full Match: Manchester United v Everton | Barclays WSL 2024-25\" width=\"1140\" height=\"641\" src=\"https:\/\/www.youtube.com\/embed\/SgBVorDO4FI?feature=oembed\" frameborder=\"0\" allow=\"accelerometer; autoplay; clipboard-write; encrypted-media; gyroscope; picture-in-picture; web-share\" referrerpolicy=\"strict-origin-when-cross-origin\" allowfullscreen><\/iframe><\/p>\n","protected":false},"excerpt":{"rendered":"<p>MUTD se n\u00e1m sice ve WSL zat\u00edm nikdy porazit nepoda\u0159ilo, ale neza\u010dali jsme \u0161patn\u011b. Bohu\u017eel n\u00e1m to dlouho nevydr\u017eelo a Rerd Devils uk\u00e1zaly, pro\u010d st\u00e1le pom\u00fd\u0161lej\u00ed na evropsk\u00e9 poh\u00e1ry.<\/p>\n","protected":false},"author":26,"featured_media":26558,"comment_status":"open","ping_status":"closed","sticky":false,"template":"","format":"standard","meta":{"_eb_attr":"","_monsterinsights_skip_tracking":false,"_monsterinsights_sitenote_active":false,"_monsterinsights_sitenote_note":"","_monsterinsights_sitenote_category":0,"footnotes":""},"categories":[110],"tags":[],"yoast_head":"<!-- This site is optimized with the Yoast SEO plugin v23.4 - https:\/\/yoast.com\/wordpress\/plugins\/seo\/ -->\n<title>Manchester United W - Everton W 2:0 - Official Czech &amp; Slovak Everton Supporters&#039; Club<\/title>\n<meta name=\"robots\" content=\"index, follow, max-snippet:-1, max-image-preview:large, max-video-preview:-1\" \/>\n<link rel=\"canonical\" href=\"https:\/\/evertonfc.cz\/index.php\/2025\/04\/06\/manchester-united-w-everton-w-20\/\" \/>\n<meta property=\"og:locale\" content=\"cs_CZ\" \/>\n<meta property=\"og:type\" content=\"article\" \/>\n<meta property=\"og:title\" content=\"Manchester United W - Everton W 2:0 - Official Czech &amp; Slovak Everton Supporters&#039; Club\" \/>\n<meta property=\"og:description\" content=\"MUTD se n\u00e1m sice ve WSL zat\u00edm nikdy porazit nepoda\u0159ilo, ale neza\u010dali jsme \u0161patn\u011b. Bohu\u017eel n\u00e1m to dlouho nevydr\u017eelo a Rerd Devils uk\u00e1zaly, pro\u010d st\u00e1le pom\u00fd\u0161lej\u00ed na evropsk\u00e9 poh\u00e1ry.\" \/>\n<meta property=\"og:url\" content=\"https:\/\/evertonfc.cz\/index.php\/2025\/04\/06\/manchester-united-w-everton-w-20\/\" \/>\n<meta property=\"og:site_name\" content=\"Official Czech &amp; Slovak Everton Supporters&#039; Club\" \/>\n<meta property=\"article:publisher\" content=\"https:\/\/www.facebook.com\/everton.fans.cz.sk\" \/>\n<meta property=\"article:published_time\" content=\"2025-04-06T17:24:53+00:00\" \/>\n<meta property=\"article:modified_time\" content=\"2025-04-07T08:36:15+00:00\" \/>\n<meta property=\"og:image\" content=\"https:\/\/evertonfc.cz\/wp-content\/uploads\/2025\/04\/Manchester-United-women-2-0-Everton-women-by-Getty-Images-1-4-2025.jpg\" \/>\n\t<meta property=\"og:image:width\" content=\"720\" \/>\n\t<meta property=\"og:image:height\" content=\"405\" \/>\n\t<meta property=\"og:image:type\" content=\"image\/jpeg\" \/>\n<meta name=\"author\" content=\"Karamela\" \/>\n<meta name=\"twitter:card\" content=\"summary_large_image\" \/>\n<meta name=\"twitter:label1\" content=\"Napsal(a)\" \/>\n\t<meta name=\"twitter:data1\" content=\"Karamela\" \/>\n\t<meta name=\"twitter:label2\" content=\"Odhadovan\u00e1 doba \u010dten\u00ed\" \/>\n\t<meta name=\"twitter:data2\" content=\"4 minuty\" \/>\n<script type=\"application\/ld+json\" class=\"yoast-schema-graph\">{\"@context\":\"https:\/\/schema.org\",\"@graph\":[{\"@type\":\"Article\",\"@id\":\"https:\/\/evertonfc.cz\/index.php\/2025\/04\/06\/manchester-united-w-everton-w-20\/#article\",\"isPartOf\":{\"@id\":\"https:\/\/evertonfc.cz\/index.php\/2025\/04\/06\/manchester-united-w-everton-w-20\/\"},\"author\":{\"name\":\"Karamela\",\"@id\":\"https:\/\/evertonfc.cz\/#\/schema\/person\/e9a24a80a32efa1344dd2c4e5882185c\"},\"headline\":\"Manchester United W &#8211; Everton W 2:0\",\"datePublished\":\"2025-04-06T17:24:53+00:00\",\"dateModified\":\"2025-04-07T08:36:15+00:00\",\"mainEntityOfPage\":{\"@id\":\"https:\/\/evertonfc.cz\/index.php\/2025\/04\/06\/manchester-united-w-everton-w-20\/\"},\"wordCount\":730,\"commentCount\":0,\"publisher\":{\"@id\":\"https:\/\/evertonfc.cz\/#organization\"},\"image\":{\"@id\":\"https:\/\/evertonfc.cz\/index.php\/2025\/04\/06\/manchester-united-w-everton-w-20\/#primaryimage\"},\"thumbnailUrl\":\"https:\/\/evertonfc.cz\/wp-content\/uploads\/2025\/04\/Manchester-United-women-2-0-Everton-women-by-Getty-Images-1-4-2025.jpg\",\"articleSection\":[\"Everton Women\"],\"inLanguage\":\"cs\",\"potentialAction\":[{\"@type\":\"CommentAction\",\"name\":\"Comment\",\"target\":[\"https:\/\/evertonfc.cz\/index.php\/2025\/04\/06\/manchester-united-w-everton-w-20\/#respond\"]}]},{\"@type\":\"WebPage\",\"@id\":\"https:\/\/evertonfc.cz\/index.php\/2025\/04\/06\/manchester-united-w-everton-w-20\/\",\"url\":\"https:\/\/evertonfc.cz\/index.php\/2025\/04\/06\/manchester-united-w-everton-w-20\/\",\"name\":\"Manchester United W - Everton W 2:0 - Official Czech &amp; Slovak Everton Supporters&#039; Club\",\"isPartOf\":{\"@id\":\"https:\/\/evertonfc.cz\/#website\"},\"primaryImageOfPage\":{\"@id\":\"https:\/\/evertonfc.cz\/index.php\/2025\/04\/06\/manchester-united-w-everton-w-20\/#primaryimage\"},\"image\":{\"@id\":\"https:\/\/evertonfc.cz\/index.php\/2025\/04\/06\/manchester-united-w-everton-w-20\/#primaryimage\"},\"thumbnailUrl\":\"https:\/\/evertonfc.cz\/wp-content\/uploads\/2025\/04\/Manchester-United-women-2-0-Everton-women-by-Getty-Images-1-4-2025.jpg\",\"datePublished\":\"2025-04-06T17:24:53+00:00\",\"dateModified\":\"2025-04-07T08:36:15+00:00\",\"breadcrumb\":{\"@id\":\"https:\/\/evertonfc.cz\/index.php\/2025\/04\/06\/manchester-united-w-everton-w-20\/#breadcrumb\"},\"inLanguage\":\"cs\",\"potentialAction\":[{\"@type\":\"ReadAction\",\"target\":[\"https:\/\/evertonfc.cz\/index.php\/2025\/04\/06\/manchester-united-w-everton-w-20\/\"]}]},{\"@type\":\"ImageObject\",\"inLanguage\":\"cs\",\"@id\":\"https:\/\/evertonfc.cz\/index.php\/2025\/04\/06\/manchester-united-w-everton-w-20\/#primaryimage\",\"url\":\"https:\/\/evertonfc.cz\/wp-content\/uploads\/2025\/04\/Manchester-United-women-2-0-Everton-women-by-Getty-Images-1-4-2025.jpg\",\"contentUrl\":\"https:\/\/evertonfc.cz\/wp-content\/uploads\/2025\/04\/Manchester-United-women-2-0-Everton-women-by-Getty-Images-1-4-2025.jpg\",\"width\":720,\"height\":405},{\"@type\":\"BreadcrumbList\",\"@id\":\"https:\/\/evertonfc.cz\/index.php\/2025\/04\/06\/manchester-united-w-everton-w-20\/#breadcrumb\",\"itemListElement\":[{\"@type\":\"ListItem\",\"position\":1,\"name\":\"Home\",\"item\":\"https:\/\/evertonfc.cz\/\"},{\"@type\":\"ListItem\",\"position\":2,\"name\":\"Manchester United W &#8211; Everton W 2:0\"}]},{\"@type\":\"WebSite\",\"@id\":\"https:\/\/evertonfc.cz\/#website\",\"url\":\"https:\/\/evertonfc.cz\/\",\"name\":\"Official Czech &amp; Slovak Everton Supporters&#039; Club\",\"description\":\"\",\"publisher\":{\"@id\":\"https:\/\/evertonfc.cz\/#organization\"},\"potentialAction\":[{\"@type\":\"SearchAction\",\"target\":{\"@type\":\"EntryPoint\",\"urlTemplate\":\"https:\/\/evertonfc.cz\/?s={search_term_string}\"},\"query-input\":{\"@type\":\"PropertyValueSpecification\",\"valueRequired\":true,\"valueName\":\"search_term_string\"}}],\"inLanguage\":\"cs\"},{\"@type\":\"Organization\",\"@id\":\"https:\/\/evertonfc.cz\/#organization\",\"name\":\"Official Czech & Slovak Everton Supporters' Club\",\"url\":\"https:\/\/evertonfc.cz\/\",\"logo\":{\"@type\":\"ImageObject\",\"inLanguage\":\"cs\",\"@id\":\"https:\/\/evertonfc.cz\/#\/schema\/logo\/image\/\",\"url\":\"https:\/\/evertonfc.cz\/wp-content\/uploads\/2019\/05\/logo.png\",\"contentUrl\":\"https:\/\/evertonfc.cz\/wp-content\/uploads\/2019\/05\/logo.png\",\"width\":112,\"height\":112,\"caption\":\"Official Czech & Slovak Everton Supporters' Club\"},\"image\":{\"@id\":\"https:\/\/evertonfc.cz\/#\/schema\/logo\/image\/\"},\"sameAs\":[\"https:\/\/www.facebook.com\/everton.fans.cz.sk\"]},{\"@type\":\"Person\",\"@id\":\"https:\/\/evertonfc.cz\/#\/schema\/person\/e9a24a80a32efa1344dd2c4e5882185c\",\"name\":\"Karamela\",\"url\":\"https:\/\/evertonfc.cz\/index.php\/author\/karamela\/\"}]}<\/script>\n<!-- \/ Yoast SEO plugin. -->","yoast_head_json":{"title":"Manchester United W - Everton W 2:0 - Official Czech &amp; Slovak Everton Supporters&#039; Club","robots":{"index":"index","follow":"follow","max-snippet":"max-snippet:-1","max-image-preview":"max-image-preview:large","max-video-preview":"max-video-preview:-1"},"canonical":"https:\/\/evertonfc.cz\/index.php\/2025\/04\/06\/manchester-united-w-everton-w-20\/","og_locale":"cs_CZ","og_type":"article","og_title":"Manchester United W - Everton W 2:0 - Official Czech &amp; Slovak Everton Supporters&#039; Club","og_description":"MUTD se n\u00e1m sice ve WSL zat\u00edm nikdy porazit nepoda\u0159ilo, ale neza\u010dali jsme \u0161patn\u011b. Bohu\u017eel n\u00e1m to dlouho nevydr\u017eelo a Rerd Devils uk\u00e1zaly, pro\u010d st\u00e1le pom\u00fd\u0161lej\u00ed na evropsk\u00e9 poh\u00e1ry.","og_url":"https:\/\/evertonfc.cz\/index.php\/2025\/04\/06\/manchester-united-w-everton-w-20\/","og_site_name":"Official Czech &amp; Slovak Everton Supporters&#039; Club","article_publisher":"https:\/\/www.facebook.com\/everton.fans.cz.sk","article_published_time":"2025-04-06T17:24:53+00:00","article_modified_time":"2025-04-07T08:36:15+00:00","og_image":[{"width":720,"height":405,"url":"https:\/\/evertonfc.cz\/wp-content\/uploads\/2025\/04\/Manchester-United-women-2-0-Everton-women-by-Getty-Images-1-4-2025.jpg","type":"image\/jpeg"}],"author":"Karamela","twitter_card":"summary_large_image","twitter_misc":{"Napsal(a)":"Karamela","Odhadovan\u00e1 doba \u010dten\u00ed":"4 minuty"},"schema":{"@context":"https:\/\/schema.org","@graph":[{"@type":"Article","@id":"https:\/\/evertonfc.cz\/index.php\/2025\/04\/06\/manchester-united-w-everton-w-20\/#article","isPartOf":{"@id":"https:\/\/evertonfc.cz\/index.php\/2025\/04\/06\/manchester-united-w-everton-w-20\/"},"author":{"name":"Karamela","@id":"https:\/\/evertonfc.cz\/#\/schema\/person\/e9a24a80a32efa1344dd2c4e5882185c"},"headline":"Manchester United W &#8211; Everton W 2:0","datePublished":"2025-04-06T17:24:53+00:00","dateModified":"2025-04-07T08:36:15+00:00","mainEntityOfPage":{"@id":"https:\/\/evertonfc.cz\/index.php\/2025\/04\/06\/manchester-united-w-everton-w-20\/"},"wordCount":730,"commentCount":0,"publisher":{"@id":"https:\/\/evertonfc.cz\/#organization"},"image":{"@id":"https:\/\/evertonfc.cz\/index.php\/2025\/04\/06\/manchester-united-w-everton-w-20\/#primaryimage"},"thumbnailUrl":"https:\/\/evertonfc.cz\/wp-content\/uploads\/2025\/04\/Manchester-United-women-2-0-Everton-women-by-Getty-Images-1-4-2025.jpg","articleSection":["Everton Women"],"inLanguage":"cs","potentialAction":[{"@type":"CommentAction","name":"Comment","target":["https:\/\/evertonfc.cz\/index.php\/2025\/04\/06\/manchester-united-w-everton-w-20\/#respond"]}]},{"@type":"WebPage","@id":"https:\/\/evertonfc.cz\/index.php\/2025\/04\/06\/manchester-united-w-everton-w-20\/","url":"https:\/\/evertonfc.cz\/index.php\/2025\/04\/06\/manchester-united-w-everton-w-20\/","name":"Manchester United W - Everton W 2:0 - Official Czech &amp; Slovak Everton Supporters&#039; Club","isPartOf":{"@id":"https:\/\/evertonfc.cz\/#website"},"primaryImageOfPage":{"@id":"https:\/\/evertonfc.cz\/index.php\/2025\/04\/06\/manchester-united-w-everton-w-20\/#primaryimage"},"image":{"@id":"https:\/\/evertonfc.cz\/index.php\/2025\/04\/06\/manchester-united-w-everton-w-20\/#primaryimage"},"thumbnailUrl":"https:\/\/evertonfc.cz\/wp-content\/uploads\/2025\/04\/Manchester-United-women-2-0-Everton-women-by-Getty-Images-1-4-2025.jpg","datePublished":"2025-04-06T17:24:53+00:00","dateModified":"2025-04-07T08:36:15+00:00","breadcrumb":{"@id":"https:\/\/evertonfc.cz\/index.php\/2025\/04\/06\/manchester-united-w-everton-w-20\/#breadcrumb"},"inLanguage":"cs","potentialAction":[{"@type":"ReadAction","target":["https:\/\/evertonfc.cz\/index.php\/2025\/04\/06\/manchester-united-w-everton-w-20\/"]}]},{"@type":"ImageObject","inLanguage":"cs","@id":"https:\/\/evertonfc.cz\/index.php\/2025\/04\/06\/manchester-united-w-everton-w-20\/#primaryimage","url":"https:\/\/evertonfc.cz\/wp-content\/uploads\/2025\/04\/Manchester-United-women-2-0-Everton-women-by-Getty-Images-1-4-2025.jpg","contentUrl":"https:\/\/evertonfc.cz\/wp-content\/uploads\/2025\/04\/Manchester-United-women-2-0-Everton-women-by-Getty-Images-1-4-2025.jpg","width":720,"height":405},{"@type":"BreadcrumbList","@id":"https:\/\/evertonfc.cz\/index.php\/2025\/04\/06\/manchester-united-w-everton-w-20\/#breadcrumb","itemListElement":[{"@type":"ListItem","position":1,"name":"Home","item":"https:\/\/evertonfc.cz\/"},{"@type":"ListItem","position":2,"name":"Manchester United W &#8211; Everton W 2:0"}]},{"@type":"WebSite","@id":"https:\/\/evertonfc.cz\/#website","url":"https:\/\/evertonfc.cz\/","name":"Official Czech &amp; Slovak Everton Supporters&#039; Club","description":"","publisher":{"@id":"https:\/\/evertonfc.cz\/#organization"},"potentialAction":[{"@type":"SearchAction","target":{"@type":"EntryPoint","urlTemplate":"https:\/\/evertonfc.cz\/?s={search_term_string}"},"query-input":{"@type":"PropertyValueSpecification","valueRequired":true,"valueName":"search_term_string"}}],"inLanguage":"cs"},{"@type":"Organization","@id":"https:\/\/evertonfc.cz\/#organization","name":"Official Czech & Slovak Everton Supporters' Club","url":"https:\/\/evertonfc.cz\/","logo":{"@type":"ImageObject","inLanguage":"cs","@id":"https:\/\/evertonfc.cz\/#\/schema\/logo\/image\/","url":"https:\/\/evertonfc.cz\/wp-content\/uploads\/2019\/05\/logo.png","contentUrl":"https:\/\/evertonfc.cz\/wp-content\/uploads\/2019\/05\/logo.png","width":112,"height":112,"caption":"Official Czech & Slovak Everton Supporters' Club"},"image":{"@id":"https:\/\/evertonfc.cz\/#\/schema\/logo\/image\/"},"sameAs":["https:\/\/www.facebook.com\/everton.fans.cz.sk"]},{"@type":"Person","@id":"https:\/\/evertonfc.cz\/#\/schema\/person\/e9a24a80a32efa1344dd2c4e5882185c","name":"Karamela","url":"https:\/\/evertonfc.cz\/index.php\/author\/karamela\/"}]}},"_links":{"self":[{"href":"https:\/\/evertonfc.cz\/index.php\/wp-json\/wp\/v2\/posts\/26524"}],"collection":[{"href":"https:\/\/evertonfc.cz\/index.php\/wp-json\/wp\/v2\/posts"}],"about":[{"href":"https:\/\/evertonfc.cz\/index.php\/wp-json\/wp\/v2\/types\/post"}],"author":[{"embeddable":true,"href":"https:\/\/evertonfc.cz\/index.php\/wp-json\/wp\/v2\/users\/26"}],"replies":[{"embeddable":true,"href":"https:\/\/evertonfc.cz\/index.php\/wp-json\/wp\/v2\/comments?post=26524"}],"version-history":[{"count":8,"href":"https:\/\/evertonfc.cz\/index.php\/wp-json\/wp\/v2\/posts\/26524\/revisions"}],"predecessor-version":[{"id":26559,"href":"https:\/\/evertonfc.cz\/index.php\/wp-json\/wp\/v2\/posts\/26524\/revisions\/26559"}],"wp:featuredmedia":[{"embeddable":true,"href":"https:\/\/evertonfc.cz\/index.php\/wp-json\/wp\/v2\/media\/26558"}],"wp:attachment":[{"href":"https:\/\/evertonfc.cz\/index.php\/wp-json\/wp\/v2\/media?parent=26524"}],"wp:term":[{"taxonomy":"category","embeddable":true,"href":"https:\/\/evertonfc.cz\/index.php\/wp-json\/wp\/v2\/categories?post=26524"},{"taxonomy":"post_tag","embeddable":true,"href":"https:\/\/evertonfc.cz\/index.php\/wp-json\/wp\/v2\/tags?post=26524"}],"curies":[{"name":"wp","href":"https:\/\/api.w.org\/{rel}","templated":true}]}}