{"id":26526,"date":"2025-04-02T15:09:13","date_gmt":"2025-04-02T13:09:13","guid":{"rendered":"https:\/\/evertonfc.cz\/?p=26526"},"modified":"2025-04-02T16:03:45","modified_gmt":"2025-04-02T14:03:45","slug":"preview-liverpool-everton-13","status":"publish","type":"post","link":"https:\/\/evertonfc.cz\/index.php\/2025\/04\/02\/preview-liverpool-everton-13\/","title":{"rendered":"Preview: Liverpool &#8211; Everton"},"content":{"rendered":"<h4>Po odpo\u010dinkov\u00e9m b\u0159eznu (pouze dv\u011b utk\u00e1n\u00ed) je tu start nabit\u00e9ho dubna.<\/h4>\n<p>246. Merseyside derby je tu. Kdy\u017e Everton <a href=\"https:\/\/evertonfc.cz\/index.php\/2025\/02\/12\/everton-liverpool-2-2\/\">celkem ned\u00e1vno\u00a0<\/a>proti sv\u00fdm soused\u016fm remizoval, tak p\u0159i\u0161el soupe\u0159 nakonec o t\u0159i vylou\u010den\u00e9 a o dva body. Karamelky od t\u00e9 doby neprohr\u00e1ly, ale taky maj\u00ed s\u00e9rii 4 rem\u00edz v \u0159ad\u011b. Dne\u0161n\u00ed p\u00e1t\u00e1 by je nepochybn\u011b pot\u011b\u0161ila (stejn\u011b jako Petulu Clarkovou a Helenu Vondr\u00e1\u010dkovou), p\u0159ece jen plat\u00ed, \u017ee zachr\u00e1n\u011bni je\u0161t\u011b nejsou.<\/p>\n<p>Liverpool nepro\u017eil dobr\u00fd b\u0159ezen. Ve fin\u00e1le Ligov\u00e9ho poh\u00e1ru prohr\u00e1l s Newcastlem, v osmifin\u00e1le Ligy mistr\u016f vypadl naprosto zaslou\u017een\u011b s Paris Saint Germain. Zb\u00fdv\u00e1 jim tedy ligov\u00e1 povinnost. Na prvn\u00ed p\u0159\u00ed\u010dce maj\u00ed n\u00e1skok dev\u00edti bod\u016f na Arsenal. K titulu maj\u00ed ze v\u0161ech t\u00fdm\u016f nejbl\u00ed\u017ee &#8211; a z prvn\u00ed pozice existuje pouze jeden sm\u011br. Uvid\u00edme.<\/p>\n<p>Dom\u00e1c\u00ed maj\u00ed nav\u00edc docela zdrav\u00fd k\u00e1dr. Z reprezenta\u010dn\u00ed pauzy se vr\u00e1tili d\u0159\u00edve Alisson a Gravenberch kv\u016fli m\u00edrn\u00e9mu zran\u011bn\u00ed, ale oba budou p\u0159ipraveni k z\u00e1pasu a nenasazen\u00ed brank\u00e1\u0159e Alissona by bylo vylo\u017een\u011b \u0161okem. S otazn\u00edkem je \u00fa\u010dast Bradleyho kv\u016fli p\u0159itahova\u010di stehenn\u00edho svalu, tr\u00e9ninky n\u011bjak\u00e9 zvl\u00e1dnul. Stoprocentn\u011b do utk\u00e1n\u00ed tak nezas\u00e1hne pouze trojice Alexander-Arnold (kotn\u00edk), Gomez (p\u0159itahova\u010d stehenn\u00edho svalu) a Morton (rameno).<\/p>\n<p>Evertonu, kter\u00e9ho \u010dek\u00e1 v n\u00e1sleduj\u00edc\u00edch p\u011bti z\u00e1pasech cel\u00e1 prvn\u00ed p\u011btka ligy, ze zdravotn\u00edho hlediska pauza prosp\u011bla. Do pln\u00e9ho tr\u00e9ninku se zapojili McNeil s Ndiayem, dva jednozna\u010dn\u011b nejtvo\u0159iv\u011bj\u0161\u00ed hr\u00e1\u010di sou\u010dasn\u00e9ho k\u00e1dru. K dispozici budou i Chermiti a Broja. Mykolenko m\u00edrn\u011b laboruje s probl\u00e9mem v oblasti stehna, stejn\u011b jako Bradley zvl\u00e1dl odtr\u00e9novat. Jedin\u00fdmi jist\u00fdmi absent\u00e9ry tak jsou Calvert-Lewin a Mangala.<\/p>\n<p><strong>Co:\u00a0<\/strong>Liverpool FC &#8211; Everton FC, 30. kolo Premier League<br \/>\n<strong>Kdy:\u00a0<\/strong>2. dubna 2025 od 21:00<br \/>\n<strong>Kde:\u00a0<\/strong>Anfield Road\u00a0\u2013\u00a0Liverpool, L4 0TH (kapacita: 61 276)<br \/>\n<strong>TV:\u00a0<\/strong>p\u0159\u00edm\u00fd p\u0159enos na stanici Canal+ Sport, komentuje Mat\u00fa\u0161 Luk\u00e1\u010d<br \/>\n<strong>Rozhod\u010d\u00ed:\u00a0<\/strong>Sam Barrott &#8211; Lee Betts, Timothy Wood\u00a0 <strong>\u010ctvrt\u00fd rozhod\u010d\u00ed: <\/strong>Darren Bond<br \/>\n<strong>Videorozhod\u010d\u00ed: <\/strong>Paul Tierney\u00a0 <strong>Asistent videorozhod\u010d\u00edho:\u00a0<\/strong>Adam Nunn<\/p>\n","protected":false},"excerpt":{"rendered":"<p>Po odpo\u010dinkov\u00e9m b\u0159eznu (pouze dv\u011b utk\u00e1n\u00ed) je tu start nabit\u00e9ho dubna.<\/p>\n","protected":false},"author":12,"featured_media":14233,"comment_status":"open","ping_status":"closed","sticky":false,"template":"","format":"standard","meta":{"_eb_attr":"","_monsterinsights_skip_tracking":false,"_monsterinsights_sitenote_active":false,"_monsterinsights_sitenote_note":"","_monsterinsights_sitenote_category":0,"footnotes":""},"categories":[4],"tags":[],"yoast_head":"<!-- This site is optimized with the Yoast SEO plugin v23.4 - https:\/\/yoast.com\/wordpress\/plugins\/seo\/ -->\n<title>Preview: Liverpool - Everton - Official Czech &amp; Slovak Everton Supporters&#039; Club<\/title>\n<meta name=\"description\" content=\"Ostr\u00fd start nabit\u00e9ho dubna.\" \/>\n<meta name=\"robots\" content=\"index, follow, max-snippet:-1, max-image-preview:large, max-video-preview:-1\" \/>\n<link rel=\"canonical\" href=\"https:\/\/evertonfc.cz\/index.php\/2025\/04\/02\/preview-liverpool-everton-13\/\" \/>\n<meta property=\"og:locale\" content=\"cs_CZ\" \/>\n<meta property=\"og:type\" content=\"article\" \/>\n<meta property=\"og:title\" content=\"Preview: Liverpool - Everton - Official Czech &amp; Slovak Everton Supporters&#039; Club\" \/>\n<meta property=\"og:description\" content=\"Ostr\u00fd start nabit\u00e9ho dubna.\" \/>\n<meta property=\"og:url\" content=\"https:\/\/evertonfc.cz\/index.php\/2025\/04\/02\/preview-liverpool-everton-13\/\" \/>\n<meta property=\"og:site_name\" content=\"Official Czech &amp; Slovak Everton Supporters&#039; Club\" \/>\n<meta property=\"article:publisher\" content=\"https:\/\/www.facebook.com\/everton.fans.cz.sk\" \/>\n<meta property=\"article:published_time\" content=\"2025-04-02T13:09:13+00:00\" \/>\n<meta property=\"article:modified_time\" content=\"2025-04-02T14:03:45+00:00\" \/>\n<meta property=\"og:image\" content=\"https:\/\/evertonfc.cz\/wp-content\/uploads\/2021\/02\/Liverpool-VS-Everton.jpg\" \/>\n\t<meta property=\"og:image:width\" content=\"720\" \/>\n\t<meta property=\"og:image:height\" content=\"405\" \/>\n\t<meta property=\"og:image:type\" content=\"image\/jpeg\" \/>\n<meta name=\"author\" content=\"Javor\" \/>\n<meta name=\"twitter:card\" content=\"summary_large_image\" \/>\n<meta name=\"twitter:creator\" content=\"@LoudinJan\" \/>\n<meta name=\"twitter:label1\" content=\"Napsal(a)\" \/>\n\t<meta name=\"twitter:data1\" content=\"Javor\" \/>\n\t<meta name=\"twitter:label2\" content=\"Odhadovan\u00e1 doba \u010dten\u00ed\" \/>\n\t<meta name=\"twitter:data2\" content=\"2 minuty\" \/>\n<script type=\"application\/ld+json\" class=\"yoast-schema-graph\">{\"@context\":\"https:\/\/schema.org\",\"@graph\":[{\"@type\":\"Article\",\"@id\":\"https:\/\/evertonfc.cz\/index.php\/2025\/04\/02\/preview-liverpool-everton-13\/#article\",\"isPartOf\":{\"@id\":\"https:\/\/evertonfc.cz\/index.php\/2025\/04\/02\/preview-liverpool-everton-13\/\"},\"author\":{\"name\":\"Javor\",\"@id\":\"https:\/\/evertonfc.cz\/#\/schema\/person\/b30daf6a5852f4811f8207a17ec1bf78\"},\"headline\":\"Preview: Liverpool &#8211; Everton\",\"datePublished\":\"2025-04-02T13:09:13+00:00\",\"dateModified\":\"2025-04-02T14:03:45+00:00\",\"mainEntityOfPage\":{\"@id\":\"https:\/\/evertonfc.cz\/index.php\/2025\/04\/02\/preview-liverpool-everton-13\/\"},\"wordCount\":384,\"commentCount\":6,\"publisher\":{\"@id\":\"https:\/\/evertonfc.cz\/#organization\"},\"image\":{\"@id\":\"https:\/\/evertonfc.cz\/index.php\/2025\/04\/02\/preview-liverpool-everton-13\/#primaryimage\"},\"thumbnailUrl\":\"https:\/\/evertonfc.cz\/wp-content\/uploads\/2021\/02\/Liverpool-VS-Everton.jpg\",\"articleSection\":[\"Z\u00e1pasy\"],\"inLanguage\":\"cs\",\"potentialAction\":[{\"@type\":\"CommentAction\",\"name\":\"Comment\",\"target\":[\"https:\/\/evertonfc.cz\/index.php\/2025\/04\/02\/preview-liverpool-everton-13\/#respond\"]}]},{\"@type\":\"WebPage\",\"@id\":\"https:\/\/evertonfc.cz\/index.php\/2025\/04\/02\/preview-liverpool-everton-13\/\",\"url\":\"https:\/\/evertonfc.cz\/index.php\/2025\/04\/02\/preview-liverpool-everton-13\/\",\"name\":\"Preview: Liverpool - Everton - Official Czech &amp; Slovak Everton Supporters&#039; Club\",\"isPartOf\":{\"@id\":\"https:\/\/evertonfc.cz\/#website\"},\"primaryImageOfPage\":{\"@id\":\"https:\/\/evertonfc.cz\/index.php\/2025\/04\/02\/preview-liverpool-everton-13\/#primaryimage\"},\"image\":{\"@id\":\"https:\/\/evertonfc.cz\/index.php\/2025\/04\/02\/preview-liverpool-everton-13\/#primaryimage\"},\"thumbnailUrl\":\"https:\/\/evertonfc.cz\/wp-content\/uploads\/2021\/02\/Liverpool-VS-Everton.jpg\",\"datePublished\":\"2025-04-02T13:09:13+00:00\",\"dateModified\":\"2025-04-02T14:03:45+00:00\",\"description\":\"Ostr\u00fd start nabit\u00e9ho dubna.\",\"breadcrumb\":{\"@id\":\"https:\/\/evertonfc.cz\/index.php\/2025\/04\/02\/preview-liverpool-everton-13\/#breadcrumb\"},\"inLanguage\":\"cs\",\"potentialAction\":[{\"@type\":\"ReadAction\",\"target\":[\"https:\/\/evertonfc.cz\/index.php\/2025\/04\/02\/preview-liverpool-everton-13\/\"]}]},{\"@type\":\"ImageObject\",\"inLanguage\":\"cs\",\"@id\":\"https:\/\/evertonfc.cz\/index.php\/2025\/04\/02\/preview-liverpool-everton-13\/#primaryimage\",\"url\":\"https:\/\/evertonfc.cz\/wp-content\/uploads\/2021\/02\/Liverpool-VS-Everton.jpg\",\"contentUrl\":\"https:\/\/evertonfc.cz\/wp-content\/uploads\/2021\/02\/Liverpool-VS-Everton.jpg\",\"width\":720,\"height\":405},{\"@type\":\"BreadcrumbList\",\"@id\":\"https:\/\/evertonfc.cz\/index.php\/2025\/04\/02\/preview-liverpool-everton-13\/#breadcrumb\",\"itemListElement\":[{\"@type\":\"ListItem\",\"position\":1,\"name\":\"Home\",\"item\":\"https:\/\/evertonfc.cz\/\"},{\"@type\":\"ListItem\",\"position\":2,\"name\":\"Preview: Liverpool &#8211; Everton\"}]},{\"@type\":\"WebSite\",\"@id\":\"https:\/\/evertonfc.cz\/#website\",\"url\":\"https:\/\/evertonfc.cz\/\",\"name\":\"Official Czech &amp; Slovak Everton Supporters&#039; Club\",\"description\":\"\",\"publisher\":{\"@id\":\"https:\/\/evertonfc.cz\/#organization\"},\"potentialAction\":[{\"@type\":\"SearchAction\",\"target\":{\"@type\":\"EntryPoint\",\"urlTemplate\":\"https:\/\/evertonfc.cz\/?s={search_term_string}\"},\"query-input\":{\"@type\":\"PropertyValueSpecification\",\"valueRequired\":true,\"valueName\":\"search_term_string\"}}],\"inLanguage\":\"cs\"},{\"@type\":\"Organization\",\"@id\":\"https:\/\/evertonfc.cz\/#organization\",\"name\":\"Official Czech & Slovak Everton Supporters' Club\",\"url\":\"https:\/\/evertonfc.cz\/\",\"logo\":{\"@type\":\"ImageObject\",\"inLanguage\":\"cs\",\"@id\":\"https:\/\/evertonfc.cz\/#\/schema\/logo\/image\/\",\"url\":\"https:\/\/evertonfc.cz\/wp-content\/uploads\/2019\/05\/logo.png\",\"contentUrl\":\"https:\/\/evertonfc.cz\/wp-content\/uploads\/2019\/05\/logo.png\",\"width\":112,\"height\":112,\"caption\":\"Official Czech & Slovak Everton Supporters' Club\"},\"image\":{\"@id\":\"https:\/\/evertonfc.cz\/#\/schema\/logo\/image\/\"},\"sameAs\":[\"https:\/\/www.facebook.com\/everton.fans.cz.sk\"]},{\"@type\":\"Person\",\"@id\":\"https:\/\/evertonfc.cz\/#\/schema\/person\/b30daf6a5852f4811f8207a17ec1bf78\",\"name\":\"Javor\",\"sameAs\":[\"https:\/\/x.com\/LoudinJan\"],\"url\":\"https:\/\/evertonfc.cz\/index.php\/author\/javor\/\"}]}<\/script>\n<!-- \/ Yoast SEO plugin. -->","yoast_head_json":{"title":"Preview: Liverpool - Everton - Official Czech &amp; Slovak Everton Supporters&#039; Club","description":"Ostr\u00fd start nabit\u00e9ho dubna.","robots":{"index":"index","follow":"follow","max-snippet":"max-snippet:-1","max-image-preview":"max-image-preview:large","max-video-preview":"max-video-preview:-1"},"canonical":"https:\/\/evertonfc.cz\/index.php\/2025\/04\/02\/preview-liverpool-everton-13\/","og_locale":"cs_CZ","og_type":"article","og_title":"Preview: Liverpool - Everton - Official Czech &amp; Slovak Everton Supporters&#039; Club","og_description":"Ostr\u00fd start nabit\u00e9ho dubna.","og_url":"https:\/\/evertonfc.cz\/index.php\/2025\/04\/02\/preview-liverpool-everton-13\/","og_site_name":"Official Czech &amp; Slovak Everton Supporters&#039; Club","article_publisher":"https:\/\/www.facebook.com\/everton.fans.cz.sk","article_published_time":"2025-04-02T13:09:13+00:00","article_modified_time":"2025-04-02T14:03:45+00:00","og_image":[{"width":720,"height":405,"url":"https:\/\/evertonfc.cz\/wp-content\/uploads\/2021\/02\/Liverpool-VS-Everton.jpg","type":"image\/jpeg"}],"author":"Javor","twitter_card":"summary_large_image","twitter_creator":"@LoudinJan","twitter_misc":{"Napsal(a)":"Javor","Odhadovan\u00e1 doba \u010dten\u00ed":"2 minuty"},"schema":{"@context":"https:\/\/schema.org","@graph":[{"@type":"Article","@id":"https:\/\/evertonfc.cz\/index.php\/2025\/04\/02\/preview-liverpool-everton-13\/#article","isPartOf":{"@id":"https:\/\/evertonfc.cz\/index.php\/2025\/04\/02\/preview-liverpool-everton-13\/"},"author":{"name":"Javor","@id":"https:\/\/evertonfc.cz\/#\/schema\/person\/b30daf6a5852f4811f8207a17ec1bf78"},"headline":"Preview: Liverpool &#8211; Everton","datePublished":"2025-04-02T13:09:13+00:00","dateModified":"2025-04-02T14:03:45+00:00","mainEntityOfPage":{"@id":"https:\/\/evertonfc.cz\/index.php\/2025\/04\/02\/preview-liverpool-everton-13\/"},"wordCount":384,"commentCount":6,"publisher":{"@id":"https:\/\/evertonfc.cz\/#organization"},"image":{"@id":"https:\/\/evertonfc.cz\/index.php\/2025\/04\/02\/preview-liverpool-everton-13\/#primaryimage"},"thumbnailUrl":"https:\/\/evertonfc.cz\/wp-content\/uploads\/2021\/02\/Liverpool-VS-Everton.jpg","articleSection":["Z\u00e1pasy"],"inLanguage":"cs","potentialAction":[{"@type":"CommentAction","name":"Comment","target":["https:\/\/evertonfc.cz\/index.php\/2025\/04\/02\/preview-liverpool-everton-13\/#respond"]}]},{"@type":"WebPage","@id":"https:\/\/evertonfc.cz\/index.php\/2025\/04\/02\/preview-liverpool-everton-13\/","url":"https:\/\/evertonfc.cz\/index.php\/2025\/04\/02\/preview-liverpool-everton-13\/","name":"Preview: Liverpool - Everton - Official Czech &amp; Slovak Everton Supporters&#039; Club","isPartOf":{"@id":"https:\/\/evertonfc.cz\/#website"},"primaryImageOfPage":{"@id":"https:\/\/evertonfc.cz\/index.php\/2025\/04\/02\/preview-liverpool-everton-13\/#primaryimage"},"image":{"@id":"https:\/\/evertonfc.cz\/index.php\/2025\/04\/02\/preview-liverpool-everton-13\/#primaryimage"},"thumbnailUrl":"https:\/\/evertonfc.cz\/wp-content\/uploads\/2021\/02\/Liverpool-VS-Everton.jpg","datePublished":"2025-04-02T13:09:13+00:00","dateModified":"2025-04-02T14:03:45+00:00","description":"Ostr\u00fd start nabit\u00e9ho dubna.","breadcrumb":{"@id":"https:\/\/evertonfc.cz\/index.php\/2025\/04\/02\/preview-liverpool-everton-13\/#breadcrumb"},"inLanguage":"cs","potentialAction":[{"@type":"ReadAction","target":["https:\/\/evertonfc.cz\/index.php\/2025\/04\/02\/preview-liverpool-everton-13\/"]}]},{"@type":"ImageObject","inLanguage":"cs","@id":"https:\/\/evertonfc.cz\/index.php\/2025\/04\/02\/preview-liverpool-everton-13\/#primaryimage","url":"https:\/\/evertonfc.cz\/wp-content\/uploads\/2021\/02\/Liverpool-VS-Everton.jpg","contentUrl":"https:\/\/evertonfc.cz\/wp-content\/uploads\/2021\/02\/Liverpool-VS-Everton.jpg","width":720,"height":405},{"@type":"BreadcrumbList","@id":"https:\/\/evertonfc.cz\/index.php\/2025\/04\/02\/preview-liverpool-everton-13\/#breadcrumb","itemListElement":[{"@type":"ListItem","position":1,"name":"Home","item":"https:\/\/evertonfc.cz\/"},{"@type":"ListItem","position":2,"name":"Preview: Liverpool &#8211; Everton"}]},{"@type":"WebSite","@id":"https:\/\/evertonfc.cz\/#website","url":"https:\/\/evertonfc.cz\/","name":"Official Czech &amp; Slovak Everton Supporters&#039; Club","description":"","publisher":{"@id":"https:\/\/evertonfc.cz\/#organization"},"potentialAction":[{"@type":"SearchAction","target":{"@type":"EntryPoint","urlTemplate":"https:\/\/evertonfc.cz\/?s={search_term_string}"},"query-input":{"@type":"PropertyValueSpecification","valueRequired":true,"valueName":"search_term_string"}}],"inLanguage":"cs"},{"@type":"Organization","@id":"https:\/\/evertonfc.cz\/#organization","name":"Official Czech & Slovak Everton Supporters' Club","url":"https:\/\/evertonfc.cz\/","logo":{"@type":"ImageObject","inLanguage":"cs","@id":"https:\/\/evertonfc.cz\/#\/schema\/logo\/image\/","url":"https:\/\/evertonfc.cz\/wp-content\/uploads\/2019\/05\/logo.png","contentUrl":"https:\/\/evertonfc.cz\/wp-content\/uploads\/2019\/05\/logo.png","width":112,"height":112,"caption":"Official Czech & Slovak Everton Supporters' Club"},"image":{"@id":"https:\/\/evertonfc.cz\/#\/schema\/logo\/image\/"},"sameAs":["https:\/\/www.facebook.com\/everton.fans.cz.sk"]},{"@type":"Person","@id":"https:\/\/evertonfc.cz\/#\/schema\/person\/b30daf6a5852f4811f8207a17ec1bf78","name":"Javor","sameAs":["https:\/\/x.com\/LoudinJan"],"url":"https:\/\/evertonfc.cz\/index.php\/author\/javor\/"}]}},"_links":{"self":[{"href":"https:\/\/evertonfc.cz\/index.php\/wp-json\/wp\/v2\/posts\/26526"}],"collection":[{"href":"https:\/\/evertonfc.cz\/index.php\/wp-json\/wp\/v2\/posts"}],"about":[{"href":"https:\/\/evertonfc.cz\/index.php\/wp-json\/wp\/v2\/types\/post"}],"author":[{"embeddable":true,"href":"https:\/\/evertonfc.cz\/index.php\/wp-json\/wp\/v2\/users\/12"}],"replies":[{"embeddable":true,"href":"https:\/\/evertonfc.cz\/index.php\/wp-json\/wp\/v2\/comments?post=26526"}],"version-history":[{"count":4,"href":"https:\/\/evertonfc.cz\/index.php\/wp-json\/wp\/v2\/posts\/26526\/revisions"}],"predecessor-version":[{"id":26530,"href":"https:\/\/evertonfc.cz\/index.php\/wp-json\/wp\/v2\/posts\/26526\/revisions\/26530"}],"wp:featuredmedia":[{"embeddable":true,"href":"https:\/\/evertonfc.cz\/index.php\/wp-json\/wp\/v2\/media\/14233"}],"wp:attachment":[{"href":"https:\/\/evertonfc.cz\/index.php\/wp-json\/wp\/v2\/media?parent=26526"}],"wp:term":[{"taxonomy":"category","embeddable":true,"href":"https:\/\/evertonfc.cz\/index.php\/wp-json\/wp\/v2\/categories?post=26526"},{"taxonomy":"post_tag","embeddable":true,"href":"https:\/\/evertonfc.cz\/index.php\/wp-json\/wp\/v2\/tags?post=26526"}],"curies":[{"name":"wp","href":"https:\/\/api.w.org\/{rel}","templated":true}]}}