{"id":26531,"date":"2025-04-03T21:04:19","date_gmt":"2025-04-03T19:04:19","guid":{"rendered":"https:\/\/evertonfc.cz\/?p=26531"},"modified":"2025-04-04T17:42:23","modified_gmt":"2025-04-04T15:42:23","slug":"liverpool-everton-10-3","status":"publish","type":"post","link":"https:\/\/evertonfc.cz\/index.php\/2025\/04\/03\/liverpool-everton-10-3\/","title":{"rendered":"Liverpool \u2013 Everton 1:0"},"content":{"rendered":"<h4>Kdo \u010dekal, \u017ee 246. Merseyside derby p\u0159isp\u011bje k jeho psychick\u00e9 pohod\u011b, ten se op\u011bt musel schoulit do klub\u00ed\u010dka. S odstupem \u010dasu u\u017e o tom mohu n\u011bco napsat.<\/h4>\n<p>Utk\u00e1n\u00ed p\u0159ineslo jubilejn\u00ed 100. v\u00fdhru pro na\u0161eho soupe\u0159e. Vykonali dal\u0161\u00ed krok za ziskem ligov\u00e9ho titulu. Pokud bychom ale st\u00e1li na kraji onoho pomysln\u00e9ho \u00fatesu, kter\u00fd, slovy Davida W. Moyese, d\u011bl\u00ed v sou\u010dasnosti oba kluby, mohli bychom v\u010dera ve\u010der pozorovat nep\u0159\u00edli\u0161 hluboko stvo\u0159en\u00ed modr\u00e9 barvy, jak se bl\u00ed\u017e\u00ed k\u00a0vrcholu. Tak nervy dr\u00e1saj\u00edc\u00ed to bylo. Tedy, p\u0159inejmen\u0161\u00edm pro m\u011b.<\/p>\n<p>Stejn\u00e1 sestava z posledn\u00edch t\u00fddn\u016f nevyvol\u00e1vala i vinou n\u011bkter\u00fdch jmen mezi Evertonians mnoho optimismu. Na druhou stranu, s\u00e9rie neporazitelnosti a nedostatek mo\u017enost\u00ed tuto strnulost obhajovala. By\u0165 se na lavi\u010dce objevily persony jako Ndiaye, Chermiti a Broja, jejich pln\u00e9 nasazen\u00ed nebylo je\u0161t\u011b na po\u0159adu dne.<\/p>\n<p>Hodn\u011b se p\u0159ed z\u00e1pasem mluvilo o Moyesov\u011b bilanci na Anfieldu, p\u0159esn\u011bji o po\u010dtu kuli\u010dek znamenaj\u00edc\u00edch v\u00edt\u011bzstv\u00ed. V\u00a0minulosti jsme nejednou kritizovali jeho b\u00e1zliv\u00fd p\u0159\u00edstup v\u00a0t\u011bchto z\u00e1pasech, ale s\u00a0odstupem po v\u010derej\u0161\u00edm z\u00e1pase nebyl pl\u00e1n nastaven v\u016fbec \u0161patn\u011b. O to v\u00edce bolestiv\u00e9 je zkousnout dal\u0161\u00ed z\u00e1\u0159ez na pa\u017ebu pro redshite.<\/p>\n<h4>Causa Tarkowski<\/h4>\n<p>Nechci se tomuto momentu vyh\u00fdbat, by\u0165 neust\u00e1le p\u0159ipom\u00edn\u00e1n\u00ed ze strany koment\u00e1tora mi pilo krev. Pokud bych m\u011bl p\u0159istupovat k\u00a0v\u011bci podobn\u011b jednostrann\u011b, asi bych o v\u011bci nepsal v\u016fbec.<\/p>\n<p>U\u017e v 10. minut\u011b kapit\u00e1n Tarkowski \u0161el za odra\u017een\u00fdm m\u00ed\u010dem s neum\u011b\u0159enou razanc\u00ed a po odkopu zas\u00e1hl bolestiv\u011b l\u00fdtko Mac Allisterovo. D\u00e1 se \u0159\u00edci, \u017ee dost zbyte\u010dn\u011b, proto\u017ee Argentinec do souboje boj\u00e1cn\u011b ne\u0161el a sp\u00ed\u0161e jen na m\u00edsto dob\u00edhal, jen\u017ee t\u00edm nabral kolizn\u00ed kurz. Pravd\u011bpodobn\u011b t\u00edm, \u017ee to vypustil a ne\u0161el do souboje silou, ho zachr\u00e1nilo, a z\u00e1pas cel\u00fd dohr\u00e1l.<\/p>\n<p>Tarkowski byl napom\u00edn\u00e1n, ani VAR toto rozhodnut\u00ed nezm\u011bnil. Skluz ze star\u00e9 \u0161koly, ale v\u00a0modern\u00edm fotbale jasn\u00e1 \u010derven\u00e1 karta. To je p\u0159eva\u017euj\u00edc\u00ed m\u00edn\u011bn\u00ed odborn\u00e9 ve\u0159ejnosti. Podobn\u011b se vyj\u00e1d\u0159il p\u0159ekvapiv\u011b i Duncan Ferguson, s\u00e1m recidivista p\u0159iznal pochyben\u00ed. I p\u0159esto v\u0161echno, j\u00e1 jsem uvnit\u0159 v\u00a0sob\u011b nestrann\u00fd a uznal\u00fd postoj neobjevil.<\/p>\n<p>Mimochodem, pro prodlev\u011b z\u00a0d\u016fvodu sb\u00edr\u00e1n\u00ed poz\u016fstatk\u016f ob\u011bti Szoboszlai poslal m\u00ed\u010d z\u00a0p\u0159\u00edm\u00e9ho kopu vedle a vysoko.<\/p>\n<h4>Beto on the run<\/h4>\n<p>Role osam\u011bl\u00e9ho hrotov\u00e9ho b\u011b\u017ece se ujal Beto a zprvu se zd\u00e1lo, \u017ee jde o \u00fakol beznad\u011bjn\u00fd. \u010casto se ocital v houfu rud\u00fdch a zn\u00e1te Beta, nen\u00ed to \u017e\u00e1dn\u00fd \u0161t\u00edrek. Av\u0161ak, dvakr\u00e1t dok\u00e1zal obr\u00e1nc\u016fm vyp\u00e1lit rybn\u00edk.<\/p>\n<p>V\u00a0prvn\u00ed akci m\u011bl prsty justi\u010dn\u00ed omyl Tarkowski, jeho p\u0159edlouh\u00fd boch\u00e1nek se sn\u00e1\u0161el za obranu nevinn\u011b jako chm\u00fd\u0159\u00ed pampeli\u0161ky. Uhranut\u00fd Konat\u00e9 jej pustil za sebe, Beto jej zkrotil a procedil za Kellehera. Rozhod\u010d\u00ed nenechal dlouho nad\u011bji a branku odvolal. Z\u00e1b\u011bry v\u00a0TV p\u016fsobily nepr\u016fkazn\u011b, minim\u00e1ln\u011b velmi t\u011bsn\u011b.<\/p>\n<p>P\u0159i dal\u0161\u00edm n\u00e1kopu dok\u00e1zal Beto zv\u00edt\u011bzit v souboji hlav, druh\u00fd m\u00ed\u010d uzmul Doucour\u00e9 a dobrou p\u0159ihr\u00e1vkou vyzval Beta na dal\u0161\u00ed n\u00e1jezd. Ten se dok\u00e1zal heroicky odpoutat od dvojice protivn\u00edk\u016f. Na hranici v\u00e1pna pr\u00e1sknul do m\u00ed\u010de, tak\u017ee Kelleher si znovu ne\u0161krtl (mo\u017en\u00e1 trochu), ale st\u0159ela zam\u00ed\u0159ila do paty brankov\u00e9 konstrukce a zlomysln\u011b odlet\u011bla do d\u00e1li.<\/p>\n<p>Beto m\u011bl men\u0161\u00ed extempore s\u00a0Konat\u00e9m, kter\u00e9mu ukopl m\u00ed\u010d, co\u017e znamenalo dal\u0161\u00ed \u017elut\u00e9 napomenut\u00ed, ale p\u0159i jeho energetick\u00e9m v\u00fddaji byl tento zkrat pochopiteln\u00fd. Na z\u00e1v\u011br polo\u010dasu se po centru dostal ke hlavi\u010dce Alcaraz, ale pokus se mezi t\u0159i ty\u010de se neve\u0161el. To bylo z\u00a0ofenz\u00edvy Evertonu skoro v\u0161e, proto\u017ee v\u00a0druh\u00e9 poli to byla velk\u00e1 b\u00edda.<\/p>\n<h4>Vozov\u00e1 hradba odol\u00e1vala<\/h4>\n<p>Defenz\u00edva Evertonu fungovala velmi dob\u0159e, v prvn\u00ed p\u016fli toho dom\u00e1c\u00edm moc nedovolila. Jota m\u00ed\u0159il nad horn\u00ed levou ty\u010d jako v\u00fd\u0161e zm\u00edn\u011bn\u00fd Ma\u010far. Snad jedinou \u0161anci Salaha zlikvidoval Pickford, nep\u0159\u00edli\u0161 prudk\u00fd centr se mu snesl na hlavu, ale razantn\u011bj\u0161\u00edmu zakon\u010den\u00ed zabr\u00e1nil i pomal\u00fd pohyb nejle\u0161\u00edho st\u0159elce sout\u011b\u017ee. Gravenberchovu r\u00e1nu zte\u010doval Tarkowski p\u0159\u00edmo do rukavic Pickforda.<\/p>\n<p>Sou\u010dasn\u011b je t\u0159eba uv\u00e9st, \u017ee snad \u017e\u00e1dn\u00fd z\u00a011 rohov\u00fdch kop\u016f dom\u00e1c\u00edch neznamenal v\u00e1\u017en\u011bj\u0161\u00ed ohro\u017een\u00ed, ve h\u0159e hlavou byli Toffees naprosto dominantn\u00ed.<\/p>\n<h4>Jedin\u00e1 uznan\u00e1 branka<\/h4>\n<p>Everton ale v\u00a0druh\u00e9 p\u016fli nesta\u010dil. Vyjma kontroverzn\u00ed branky snad za zm\u00ednku stoj\u00ed jen Gravenberchova r\u00e1na, vyra\u017een\u00fd m\u00ed\u010d odvracel ob\u011btav\u011b Branthwaite a je t\u0159eba ocenit Salaha, \u017ee mu p\u0159itom neukopl hlavu. Nebezpe\u010dn\u00e1 byl i pokus Diaze, kter\u00fd odvracel Tarkowski. Jednu ze st\u0159el zablokoval Mykolenko, \u00a0div \u017ee mu noha neupadla. Celkov\u00fd dojem jsem m\u011bl, \u017ee tohle ustoj\u00edme.<\/p>\n<p>Unaven\u00e9 \u0161t\u011bst\u00ed sedne i na vola. Pas za obranu do jasn\u00e9ho ofsajdu blokuje Tarkowski, sra\u017een\u00fd m\u00ed\u010d ale Diaz dostane k\u00a0Jotovi, kter\u00fd proti dvakr\u00e1t nazna\u010d\u00ed st\u0159elu opa\u0159en\u00fdm obr\u00e1nc\u016fm a sk\u00f3ruje ranou doprost\u0159ed br\u00e1ny \u2013 <strong>1:0<\/strong>. Dle pravidel mo\u017en\u00e1 v\u00a0po\u0159\u00e1dku, ale nelogicky k\u00a0hern\u00ed situaci. U\u017e u\u017e aby m\u011bl Liverpool 3 body.<\/p>\n<p>Posledn\u00ed minuty, opa\u010dn\u00e1 strana, dlouh\u00fd n\u00e1kop m\u00ed\u0159\u00ed na Branthwaitea do ofsajdu, ale p\u0159ed n\u00edm Jones m\u00ed\u010d odvrac\u00ed n\u011bkam za sebe. Tentokr\u00e1t ale rozhod\u010d\u00ed rychle p\u00edsk\u00e1 postaven\u00ed mimo hru. Konzistentn\u011b.<\/p>\n<h4>Temn\u00e9 um\u011bn\u00ed<\/h4>\n<p>Kdy\u017e to ne\u0161lo po dobr\u00e9m, zkou\u0161eli to n\u011bkdy hr\u00e1\u010di i jinak. Diaz se po jednom z\u00e1kroku kut\u00e1lel tak, \u017ee nem\u00edt Anfield tribuny, odkoulel by se a\u017e do jez\u00edrka ve Stanley Parku. Van Dijk, \u201eStarej proch\u00e1zka\u201c, si pom\u00e1hal rukama, ale kdy\u017e na n\u011bj n\u011bkdo st\u00e1hl ruce, tak ud\u011blal p\u00e1r rychl\u00fdch krok\u016f k rozhod\u010d\u00edmu. Ten van Dijk mi pil krev, shodil mimo z\u00e1b\u011br kamer Tarkowskiho, ale z\u0159ejm\u011b existuje pravidlo, kter\u00e9 to povoluje. Jota aspo\u0148 dostal \u017elutou za kysel\u00fd ksichty.<\/p>\n<p>Pickford hodn\u011b riskoval, dost neobratn\u011b p\u0159i \u00faniku sest\u0159elil Nu\u0148\u00e9ze. Obzvl\u00e1\u0161t\u011b neciteln\u00e9, chud\u00e1k si myslel, \u017ee je je\u0161t\u011b ve h\u0159e, ale u\u017e se 10 sekund nehr\u00e1lo. Kde jsem to u\u017e vid\u011bl? Jordan se na z\u00e1v\u011br vydal na zte\u010d soupe\u0159ovy branky, ale \u0159e\u010d t\u011bla nazna\u010dovala, \u017ee to nebude jeho parketa.<\/p>\n<p>Rem\u00edzu nevyd\u0159el ani kvartet st\u0159\u00eddaj\u00edc\u00edch hr\u00e1\u010d\u016f. Ndiaye po zran\u011bn\u00ed teprve nab\u00edr\u00e1 s\u00edlu, Broja se moc k m\u00ed\u010di nedostal, Young na kraji nep\u0159ekvapil a Chermiti dostal jen p\u00e1r minutek. Snad tedy p\u0159\u00ed\u0161t\u011b, i kdy\u017e prostoru na experimenty asi moc nebude. Ale t\u0159eba n\u00e1m role outsider\u016f sedne. Na Anfieldu to dlouho vypadalo, \u017ee to p\u016fjde.<\/p>\n<p style=\"text-align: right;\"><span style=\"font-size: 8pt;\">fotozdroj: mirror.co.uk<\/span><\/p>\n<p><strong>Branka<\/strong>: 57\u2018 Jota<\/p>\n<p><strong>\u017dlut\u00e9<\/strong> <strong>karty<\/strong>: 64\u2018 Jota, 88\u2018 Nu\u0148\u00e9z \u2013 11\u2018 Tarkowski, 29\u2018 Beto<\/p>\n<p><strong>Dr\u017een\u00ed<\/strong> <strong>m\u00ed\u010de<\/strong>: 74% &#8211; 56% <strong>St\u0159ely\/na branku<\/strong>: 17\/3 \u2013 5\/0 <strong>xG<\/strong>: 1,39 \u2013 0,67 <strong>Rohy<\/strong>: 11 \u2013 5<\/p>\n<p><strong>Liverpool<\/strong>: Kelleher \u2013 Robertson, Konat\u00e9, van Dijk, Jones \u2013 Gravenberch, Mac Allister \u2013 Diaz (86\u2018 Gakpo), Szoboszlai, Salah (90+3\u2018 End\u00f3) \u2013 Jota (75\u2018 Nu\u0148\u00e9z)<\/p>\n<p><strong>Everton<\/strong>: Pickford \u2013 O\u2019Brien, Tarkowski, Branthwaite, Mykolenko \u2013 Gueye, Garner (79\u2018 Iroegbunam) \u2013 Harrison (69\u2018 Ndiaye), Doucoure (86\u2018 CHermiti), Alcaraz (79\u2018 Young) \u2013 Beto (79\u2018 Broja).<\/p>\n<p><strong>Rozhod\u010d\u00ed<\/strong>: S.Barrot <strong>Div\u00e1k\u016f<\/strong>: 60\u00a0331<\/p>\n","protected":false},"excerpt":{"rendered":"<p>Kdo \u010dekal, \u017ee 246. Merseyside derby p\u0159isp\u011bje jeho psychick\u00e9 pohod\u011b, ten se op\u011bt musel schoulit do klub\u00ed\u010dka. S odstupem \u010dasu u\u017e o tom mohu n\u011bco napsat.<\/p>\n","protected":false},"author":10,"featured_media":26538,"comment_status":"open","ping_status":"closed","sticky":false,"template":"","format":"standard","meta":{"_eb_attr":"","_monsterinsights_skip_tracking":false,"_monsterinsights_sitenote_active":false,"_monsterinsights_sitenote_note":"","_monsterinsights_sitenote_category":0,"footnotes":""},"categories":[4],"tags":[],"yoast_head":"<!-- This site is optimized with the Yoast SEO plugin v23.4 - https:\/\/yoast.com\/wordpress\/plugins\/seo\/ -->\n<title>Liverpool \u2013 Everton 1:0 - Official Czech &amp; Slovak Everton Supporters&#039; Club<\/title>\n<meta name=\"robots\" content=\"index, follow, max-snippet:-1, max-image-preview:large, max-video-preview:-1\" \/>\n<link rel=\"canonical\" href=\"https:\/\/evertonfc.cz\/index.php\/2025\/04\/03\/liverpool-everton-10-3\/\" \/>\n<meta property=\"og:locale\" content=\"cs_CZ\" \/>\n<meta property=\"og:type\" content=\"article\" \/>\n<meta property=\"og:title\" content=\"Liverpool \u2013 Everton 1:0 - Official Czech &amp; Slovak Everton Supporters&#039; Club\" \/>\n<meta property=\"og:description\" content=\"Kdo \u010dekal, \u017ee 246. Merseyside derby p\u0159isp\u011bje jeho psychick\u00e9 pohod\u011b, ten se op\u011bt musel schoulit do klub\u00ed\u010dka. S odstupem \u010dasu u\u017e o tom mohu n\u011bco napsat.\" \/>\n<meta property=\"og:url\" content=\"https:\/\/evertonfc.cz\/index.php\/2025\/04\/03\/liverpool-everton-10-3\/\" \/>\n<meta property=\"og:site_name\" content=\"Official Czech &amp; Slovak Everton Supporters&#039; Club\" \/>\n<meta property=\"article:publisher\" content=\"https:\/\/www.facebook.com\/everton.fans.cz.sk\" \/>\n<meta property=\"article:published_time\" content=\"2025-04-03T19:04:19+00:00\" \/>\n<meta property=\"article:modified_time\" content=\"2025-04-04T15:42:23+00:00\" \/>\n<meta property=\"og:image\" content=\"https:\/\/evertonfc.cz\/wp-content\/uploads\/2025\/04\/Liverpool-1-0-Everton-by-Getty-Images-2-4-2025.jpg\" \/>\n\t<meta property=\"og:image:width\" content=\"720\" \/>\n\t<meta property=\"og:image:height\" content=\"405\" \/>\n\t<meta property=\"og:image:type\" content=\"image\/jpeg\" \/>\n<meta name=\"author\" content=\"Fip\" \/>\n<meta name=\"twitter:card\" content=\"summary_large_image\" \/>\n<meta name=\"twitter:label1\" content=\"Napsal(a)\" \/>\n\t<meta name=\"twitter:data1\" content=\"Fip\" \/>\n\t<meta name=\"twitter:label2\" content=\"Odhadovan\u00e1 doba \u010dten\u00ed\" \/>\n\t<meta name=\"twitter:data2\" content=\"6 minut\" \/>\n<script type=\"application\/ld+json\" class=\"yoast-schema-graph\">{\"@context\":\"https:\/\/schema.org\",\"@graph\":[{\"@type\":\"Article\",\"@id\":\"https:\/\/evertonfc.cz\/index.php\/2025\/04\/03\/liverpool-everton-10-3\/#article\",\"isPartOf\":{\"@id\":\"https:\/\/evertonfc.cz\/index.php\/2025\/04\/03\/liverpool-everton-10-3\/\"},\"author\":{\"name\":\"Fip\",\"@id\":\"https:\/\/evertonfc.cz\/#\/schema\/person\/35904009755e8eaa0dc1a5f5f0419002\"},\"headline\":\"Liverpool \u2013 Everton 1:0\",\"datePublished\":\"2025-04-03T19:04:19+00:00\",\"dateModified\":\"2025-04-04T15:42:23+00:00\",\"mainEntityOfPage\":{\"@id\":\"https:\/\/evertonfc.cz\/index.php\/2025\/04\/03\/liverpool-everton-10-3\/\"},\"wordCount\":1285,\"commentCount\":2,\"publisher\":{\"@id\":\"https:\/\/evertonfc.cz\/#organization\"},\"image\":{\"@id\":\"https:\/\/evertonfc.cz\/index.php\/2025\/04\/03\/liverpool-everton-10-3\/#primaryimage\"},\"thumbnailUrl\":\"https:\/\/evertonfc.cz\/wp-content\/uploads\/2025\/04\/Liverpool-1-0-Everton-by-Getty-Images-2-4-2025.jpg\",\"articleSection\":[\"Z\u00e1pasy\"],\"inLanguage\":\"cs\",\"potentialAction\":[{\"@type\":\"CommentAction\",\"name\":\"Comment\",\"target\":[\"https:\/\/evertonfc.cz\/index.php\/2025\/04\/03\/liverpool-everton-10-3\/#respond\"]}]},{\"@type\":\"WebPage\",\"@id\":\"https:\/\/evertonfc.cz\/index.php\/2025\/04\/03\/liverpool-everton-10-3\/\",\"url\":\"https:\/\/evertonfc.cz\/index.php\/2025\/04\/03\/liverpool-everton-10-3\/\",\"name\":\"Liverpool \u2013 Everton 1:0 - Official Czech &amp; Slovak Everton Supporters&#039; Club\",\"isPartOf\":{\"@id\":\"https:\/\/evertonfc.cz\/#website\"},\"primaryImageOfPage\":{\"@id\":\"https:\/\/evertonfc.cz\/index.php\/2025\/04\/03\/liverpool-everton-10-3\/#primaryimage\"},\"image\":{\"@id\":\"https:\/\/evertonfc.cz\/index.php\/2025\/04\/03\/liverpool-everton-10-3\/#primaryimage\"},\"thumbnailUrl\":\"https:\/\/evertonfc.cz\/wp-content\/uploads\/2025\/04\/Liverpool-1-0-Everton-by-Getty-Images-2-4-2025.jpg\",\"datePublished\":\"2025-04-03T19:04:19+00:00\",\"dateModified\":\"2025-04-04T15:42:23+00:00\",\"breadcrumb\":{\"@id\":\"https:\/\/evertonfc.cz\/index.php\/2025\/04\/03\/liverpool-everton-10-3\/#breadcrumb\"},\"inLanguage\":\"cs\",\"potentialAction\":[{\"@type\":\"ReadAction\",\"target\":[\"https:\/\/evertonfc.cz\/index.php\/2025\/04\/03\/liverpool-everton-10-3\/\"]}]},{\"@type\":\"ImageObject\",\"inLanguage\":\"cs\",\"@id\":\"https:\/\/evertonfc.cz\/index.php\/2025\/04\/03\/liverpool-everton-10-3\/#primaryimage\",\"url\":\"https:\/\/evertonfc.cz\/wp-content\/uploads\/2025\/04\/Liverpool-1-0-Everton-by-Getty-Images-2-4-2025.jpg\",\"contentUrl\":\"https:\/\/evertonfc.cz\/wp-content\/uploads\/2025\/04\/Liverpool-1-0-Everton-by-Getty-Images-2-4-2025.jpg\",\"width\":720,\"height\":405},{\"@type\":\"BreadcrumbList\",\"@id\":\"https:\/\/evertonfc.cz\/index.php\/2025\/04\/03\/liverpool-everton-10-3\/#breadcrumb\",\"itemListElement\":[{\"@type\":\"ListItem\",\"position\":1,\"name\":\"Home\",\"item\":\"https:\/\/evertonfc.cz\/\"},{\"@type\":\"ListItem\",\"position\":2,\"name\":\"Liverpool \u2013 Everton 1:0\"}]},{\"@type\":\"WebSite\",\"@id\":\"https:\/\/evertonfc.cz\/#website\",\"url\":\"https:\/\/evertonfc.cz\/\",\"name\":\"Official Czech &amp; Slovak Everton Supporters&#039; Club\",\"description\":\"\",\"publisher\":{\"@id\":\"https:\/\/evertonfc.cz\/#organization\"},\"potentialAction\":[{\"@type\":\"SearchAction\",\"target\":{\"@type\":\"EntryPoint\",\"urlTemplate\":\"https:\/\/evertonfc.cz\/?s={search_term_string}\"},\"query-input\":{\"@type\":\"PropertyValueSpecification\",\"valueRequired\":true,\"valueName\":\"search_term_string\"}}],\"inLanguage\":\"cs\"},{\"@type\":\"Organization\",\"@id\":\"https:\/\/evertonfc.cz\/#organization\",\"name\":\"Official Czech & Slovak Everton Supporters' Club\",\"url\":\"https:\/\/evertonfc.cz\/\",\"logo\":{\"@type\":\"ImageObject\",\"inLanguage\":\"cs\",\"@id\":\"https:\/\/evertonfc.cz\/#\/schema\/logo\/image\/\",\"url\":\"https:\/\/evertonfc.cz\/wp-content\/uploads\/2019\/05\/logo.png\",\"contentUrl\":\"https:\/\/evertonfc.cz\/wp-content\/uploads\/2019\/05\/logo.png\",\"width\":112,\"height\":112,\"caption\":\"Official Czech & Slovak Everton Supporters' Club\"},\"image\":{\"@id\":\"https:\/\/evertonfc.cz\/#\/schema\/logo\/image\/\"},\"sameAs\":[\"https:\/\/www.facebook.com\/everton.fans.cz.sk\"]},{\"@type\":\"Person\",\"@id\":\"https:\/\/evertonfc.cz\/#\/schema\/person\/35904009755e8eaa0dc1a5f5f0419002\",\"name\":\"Fip\",\"url\":\"https:\/\/evertonfc.cz\/index.php\/author\/fip\/\"}]}<\/script>\n<!-- \/ Yoast SEO plugin. -->","yoast_head_json":{"title":"Liverpool \u2013 Everton 1:0 - Official Czech &amp; Slovak Everton Supporters&#039; Club","robots":{"index":"index","follow":"follow","max-snippet":"max-snippet:-1","max-image-preview":"max-image-preview:large","max-video-preview":"max-video-preview:-1"},"canonical":"https:\/\/evertonfc.cz\/index.php\/2025\/04\/03\/liverpool-everton-10-3\/","og_locale":"cs_CZ","og_type":"article","og_title":"Liverpool \u2013 Everton 1:0 - Official Czech &amp; Slovak Everton Supporters&#039; Club","og_description":"Kdo \u010dekal, \u017ee 246. Merseyside derby p\u0159isp\u011bje jeho psychick\u00e9 pohod\u011b, ten se op\u011bt musel schoulit do klub\u00ed\u010dka. S odstupem \u010dasu u\u017e o tom mohu n\u011bco napsat.","og_url":"https:\/\/evertonfc.cz\/index.php\/2025\/04\/03\/liverpool-everton-10-3\/","og_site_name":"Official Czech &amp; Slovak Everton Supporters&#039; Club","article_publisher":"https:\/\/www.facebook.com\/everton.fans.cz.sk","article_published_time":"2025-04-03T19:04:19+00:00","article_modified_time":"2025-04-04T15:42:23+00:00","og_image":[{"width":720,"height":405,"url":"https:\/\/evertonfc.cz\/wp-content\/uploads\/2025\/04\/Liverpool-1-0-Everton-by-Getty-Images-2-4-2025.jpg","type":"image\/jpeg"}],"author":"Fip","twitter_card":"summary_large_image","twitter_misc":{"Napsal(a)":"Fip","Odhadovan\u00e1 doba \u010dten\u00ed":"6 minut"},"schema":{"@context":"https:\/\/schema.org","@graph":[{"@type":"Article","@id":"https:\/\/evertonfc.cz\/index.php\/2025\/04\/03\/liverpool-everton-10-3\/#article","isPartOf":{"@id":"https:\/\/evertonfc.cz\/index.php\/2025\/04\/03\/liverpool-everton-10-3\/"},"author":{"name":"Fip","@id":"https:\/\/evertonfc.cz\/#\/schema\/person\/35904009755e8eaa0dc1a5f5f0419002"},"headline":"Liverpool \u2013 Everton 1:0","datePublished":"2025-04-03T19:04:19+00:00","dateModified":"2025-04-04T15:42:23+00:00","mainEntityOfPage":{"@id":"https:\/\/evertonfc.cz\/index.php\/2025\/04\/03\/liverpool-everton-10-3\/"},"wordCount":1285,"commentCount":2,"publisher":{"@id":"https:\/\/evertonfc.cz\/#organization"},"image":{"@id":"https:\/\/evertonfc.cz\/index.php\/2025\/04\/03\/liverpool-everton-10-3\/#primaryimage"},"thumbnailUrl":"https:\/\/evertonfc.cz\/wp-content\/uploads\/2025\/04\/Liverpool-1-0-Everton-by-Getty-Images-2-4-2025.jpg","articleSection":["Z\u00e1pasy"],"inLanguage":"cs","potentialAction":[{"@type":"CommentAction","name":"Comment","target":["https:\/\/evertonfc.cz\/index.php\/2025\/04\/03\/liverpool-everton-10-3\/#respond"]}]},{"@type":"WebPage","@id":"https:\/\/evertonfc.cz\/index.php\/2025\/04\/03\/liverpool-everton-10-3\/","url":"https:\/\/evertonfc.cz\/index.php\/2025\/04\/03\/liverpool-everton-10-3\/","name":"Liverpool \u2013 Everton 1:0 - Official Czech &amp; Slovak Everton Supporters&#039; Club","isPartOf":{"@id":"https:\/\/evertonfc.cz\/#website"},"primaryImageOfPage":{"@id":"https:\/\/evertonfc.cz\/index.php\/2025\/04\/03\/liverpool-everton-10-3\/#primaryimage"},"image":{"@id":"https:\/\/evertonfc.cz\/index.php\/2025\/04\/03\/liverpool-everton-10-3\/#primaryimage"},"thumbnailUrl":"https:\/\/evertonfc.cz\/wp-content\/uploads\/2025\/04\/Liverpool-1-0-Everton-by-Getty-Images-2-4-2025.jpg","datePublished":"2025-04-03T19:04:19+00:00","dateModified":"2025-04-04T15:42:23+00:00","breadcrumb":{"@id":"https:\/\/evertonfc.cz\/index.php\/2025\/04\/03\/liverpool-everton-10-3\/#breadcrumb"},"inLanguage":"cs","potentialAction":[{"@type":"ReadAction","target":["https:\/\/evertonfc.cz\/index.php\/2025\/04\/03\/liverpool-everton-10-3\/"]}]},{"@type":"ImageObject","inLanguage":"cs","@id":"https:\/\/evertonfc.cz\/index.php\/2025\/04\/03\/liverpool-everton-10-3\/#primaryimage","url":"https:\/\/evertonfc.cz\/wp-content\/uploads\/2025\/04\/Liverpool-1-0-Everton-by-Getty-Images-2-4-2025.jpg","contentUrl":"https:\/\/evertonfc.cz\/wp-content\/uploads\/2025\/04\/Liverpool-1-0-Everton-by-Getty-Images-2-4-2025.jpg","width":720,"height":405},{"@type":"BreadcrumbList","@id":"https:\/\/evertonfc.cz\/index.php\/2025\/04\/03\/liverpool-everton-10-3\/#breadcrumb","itemListElement":[{"@type":"ListItem","position":1,"name":"Home","item":"https:\/\/evertonfc.cz\/"},{"@type":"ListItem","position":2,"name":"Liverpool \u2013 Everton 1:0"}]},{"@type":"WebSite","@id":"https:\/\/evertonfc.cz\/#website","url":"https:\/\/evertonfc.cz\/","name":"Official Czech &amp; Slovak Everton Supporters&#039; Club","description":"","publisher":{"@id":"https:\/\/evertonfc.cz\/#organization"},"potentialAction":[{"@type":"SearchAction","target":{"@type":"EntryPoint","urlTemplate":"https:\/\/evertonfc.cz\/?s={search_term_string}"},"query-input":{"@type":"PropertyValueSpecification","valueRequired":true,"valueName":"search_term_string"}}],"inLanguage":"cs"},{"@type":"Organization","@id":"https:\/\/evertonfc.cz\/#organization","name":"Official Czech & Slovak Everton Supporters' Club","url":"https:\/\/evertonfc.cz\/","logo":{"@type":"ImageObject","inLanguage":"cs","@id":"https:\/\/evertonfc.cz\/#\/schema\/logo\/image\/","url":"https:\/\/evertonfc.cz\/wp-content\/uploads\/2019\/05\/logo.png","contentUrl":"https:\/\/evertonfc.cz\/wp-content\/uploads\/2019\/05\/logo.png","width":112,"height":112,"caption":"Official Czech & Slovak Everton Supporters' Club"},"image":{"@id":"https:\/\/evertonfc.cz\/#\/schema\/logo\/image\/"},"sameAs":["https:\/\/www.facebook.com\/everton.fans.cz.sk"]},{"@type":"Person","@id":"https:\/\/evertonfc.cz\/#\/schema\/person\/35904009755e8eaa0dc1a5f5f0419002","name":"Fip","url":"https:\/\/evertonfc.cz\/index.php\/author\/fip\/"}]}},"_links":{"self":[{"href":"https:\/\/evertonfc.cz\/index.php\/wp-json\/wp\/v2\/posts\/26531"}],"collection":[{"href":"https:\/\/evertonfc.cz\/index.php\/wp-json\/wp\/v2\/posts"}],"about":[{"href":"https:\/\/evertonfc.cz\/index.php\/wp-json\/wp\/v2\/types\/post"}],"author":[{"embeddable":true,"href":"https:\/\/evertonfc.cz\/index.php\/wp-json\/wp\/v2\/users\/10"}],"replies":[{"embeddable":true,"href":"https:\/\/evertonfc.cz\/index.php\/wp-json\/wp\/v2\/comments?post=26531"}],"version-history":[{"count":3,"href":"https:\/\/evertonfc.cz\/index.php\/wp-json\/wp\/v2\/posts\/26531\/revisions"}],"predecessor-version":[{"id":26535,"href":"https:\/\/evertonfc.cz\/index.php\/wp-json\/wp\/v2\/posts\/26531\/revisions\/26535"}],"wp:featuredmedia":[{"embeddable":true,"href":"https:\/\/evertonfc.cz\/index.php\/wp-json\/wp\/v2\/media\/26538"}],"wp:attachment":[{"href":"https:\/\/evertonfc.cz\/index.php\/wp-json\/wp\/v2\/media?parent=26531"}],"wp:term":[{"taxonomy":"category","embeddable":true,"href":"https:\/\/evertonfc.cz\/index.php\/wp-json\/wp\/v2\/categories?post=26531"},{"taxonomy":"post_tag","embeddable":true,"href":"https:\/\/evertonfc.cz\/index.php\/wp-json\/wp\/v2\/tags?post=26531"}],"curies":[{"name":"wp","href":"https:\/\/api.w.org\/{rel}","templated":true}]}}