{"id":2654,"date":"2017-08-24T20:51:37","date_gmt":"2017-08-24T18:51:37","guid":{"rendered":"http:\/\/evertonfc.cz\/?p=2654"},"modified":"2019-02-09T21:56:35","modified_gmt":"2019-02-09T20:56:35","slug":"el-preview-hajduk-split-everton","status":"publish","type":"post","link":"https:\/\/evertonfc.cz\/index.php\/2017\/08\/24\/el-preview-hajduk-split-everton\/","title":{"rendered":"EL Preview: Hajduk Split &#8211; Everton"},"content":{"rendered":"<h4>Odvetn\u00e9 kolo play-off otv\u00e1ra br\u00e1ny do skupinovej f\u00e1zy Eur\u00f3pskej Ligy. Prekro\u010dia Toffees tento prah bez probl\u00e9mov, alebo sa chyst\u00e1 v\u00a0dovolenkovej destin\u00e1ci\u00ed dr\u00e1ma? Dozvieme sa dnes, v\u00a0tre\u0165om z\u00e1pase v\u00a0priebehu t\u00fd\u017ed\u0148a.<\/h4>\n<p>Ten prv\u00fd sa konal presne pred siedmymi d\u0148ami a\u00a0Karamelky si z\u00a0neho odniesli s\u013eubn\u00fd dvojg\u00f3lov\u00fd n\u00e1skok s\u00a0\u010dist\u00fdm kontom. Ale Koemanovi to nesta\u010dilo a\u00a0prial si viac, \u010do je pri predvedenej\u00a0hre v\u00a0prvom pol\u010dase pochopite\u013en\u00e9. Z\u00e1pas tie\u017e pozna\u010dili udalosti, ktor\u00e9 netreba pripom\u00edna\u0165 a\u00a0ako zd\u00e1, UEFA je pr\u00edli\u0161 zanepr\u00e1zdnen\u00e1 na to, aby vykonala potrebn\u00e9 opatrenia pre nasleduj\u00faci spolo\u010dn\u00fd z\u00e1pas a\u00a0kluby sa tak dozvedia tresty a\u017e po \u0148om. Uzatvorenie aspo\u0148 \u010dasti trib\u00fan, ako v\u00a0predch\u00e1dzaj\u00facich pr\u00edpadoch Hajduku, sa teda nekon\u00e1. Dobr\u00e1 spr\u00e1va pre atmosf\u00e9ru? Nepovedal by som. Ur\u010dite nechcete ako fan\u00fa\u0161ik, aby v\u00e1s vlastn\u00fd klub varoval pred vyvesovan\u00edm vlajok, nosen\u00edm klubov\u00fdch farieb \u010di zhroma\u017e\u010fovan\u00edm sa len na predp\u00edsan\u00fdch miestach, inak v\u00e1m nie je schopn\u00fd garantova\u0165 vlastn\u00fa bezpe\u010dnos\u0165. Samotn\u00e9 chorv\u00e1tske \u00farady nevedia.<\/p>\n<p>\u201c<em>But OK\u201d<\/em><\/p>\n<p>Novinky z\u00a0t\u00e1bora host\u00ed? Tak, mus\u00edm to nap\u00edsa\u0165, okrem tradi\u010dn\u00e9ho sklamania zo straty dvoch bodov, to bude nov\u00e9 zranenie. To sa privodilo Davymu Klaassenovi, ktor\u00fd t\u00fdm p\u00e1dom do druh\u00e9ho najv\u00e4\u010d\u0161ieho chorv\u00e1tskeho mesta necestoval, spolo\u010dne so Sandrom. \u0160paniel si st\u00e1le nedolie\u010dil zranenie p\u00e4ty. James McCarthy zast\u00fapi\u0165 nem\u00f4\u017ee a\u00a0s\u00a0bo\u013eav\u00fdm kolenom bude fit tak po reprezenta\u010dnej prest\u00e1vke. Ak ho samozrejme p\u00e1n O\u00b4Neill nepovol\u00e1, v\u0161ak? A aby som nezabudol, do lietadla n\u00e1m ne\u010dakane zabl\u00fadil Jonjoe Kenny a\u00a0Wayne Rooney ukon\u010dil reprezenta\u010dn\u00fa kari\u00e9ru. To len tak bokom&#8230; kv\u00f4li Evertonu. U\u017e vid\u00edte trofeje na konci tunela?<\/p>\n<p>Na tla\u010dovke sa Holan\u010fan vyjadril, \u017ee autority v\u00a0anglickej futbalovej asoci\u00e1ci\u00ed akosi nedbaj\u00fa na program klubov, zaanga\u017eovan\u00fdch v\u00a0kontinent\u00e1lnych s\u00fa\u0165a\u017eiach. S\u00facitil spolo\u010dne s\u00a0Mourinhom, ktor\u00e9ho tvrd\u00fd a\u00a0n\u00e1ro\u010dn\u00fd program zastihol s\u00a0Diablami v\u00a0marci. Z\u00e1rove\u0148 ale ch\u00e1pe, \u017ee tlaky zml\u00fav s\u00a0komer\u010dn\u00fdmi partnermi a\u00a0vysielac\u00edmi pr\u00e1vami s\u00fa ve\u013ek\u00e9, no ob\u010das by sa mohlo aspo\u0148 v\u00a0ur\u010ditej miere prihliadnu\u0165. Nie, nebojte sa, \u017eiadne vyplak\u00e1vanie to nebolo. Len kon\u0161trukt\u00edvna odpove\u010f na ot\u00e1zky novin\u00e1rov. Predsa len, hra\u0165 z\u00e1pas 72 hod\u00edn po The Citizens a\u00a072 hod\u00edn pred Chelsea d\u00e1 zabra\u0165. Ale to bol n\u00e1\u0161 cie\u013e, toto sme chceli a\u00a0m\u00e1me by\u0165 pripraven\u00ed. \u017diadne v\u00fdhovorky.<\/p>\n<p>\u201e<em>Pra\u017e\u00e1ci\u201c<\/em><\/p>\n<p>Never\u00edte? Veru je to tak, Hajduk Split vznikol v\u00a0Prahe, U\u00a0Flek\u016f. Ako inak, po derby z\u00e1pase pra\u017esk\u00fdch &#8222;S&#8220;, v\u00a0roku 1911. A\u00a0ako inak, bola to skupina \u0161tudentov, ktor\u00e1 pop\u00edjala a\u00a0pri\u0161la s\u00a0n\u00e1padom zalo\u017ei\u0165 si v\u00a0domovskom meste vlastn\u00fd futbalov\u00fd klub. Tak\u017ee n\u00e1zov musel symbolizova\u0165 nie\u010do charakterizuj\u00face pre bud\u00facich fan\u00fa\u0161ikov \u2013 odvahu, \u013eudskos\u0165, priate\u013estvo, l\u00e1sku k\u00a0slobode, odpor k\u00a0mocnostiam a\u00a0ochrana slab\u0161\u00edch. Nepredstavite\u013en\u00e9 pri s\u00fa\u010dasnej sc\u00e9ne \u201epodporovate\u013eov\u201c klubu, \u017ee? Pov\u00f4dom pre pomenovanie Hajduk boli protiosmansk\u00ed bojovn\u00edci, ktor\u00ed p\u00f4sobili na danom \u00fazem\u00ed od 17. storo\u010dia. Duch odboja sa zachov\u00e1val aj po\u010das obdobia Druhej svetovej vojny, kedy klub tvrdohlavo odmietal za\u010dlenenie do Serie A\u00a0Mussolinim a\u00a0bojoval proti fa\u0161izmu, ako len vedel. Preboha, ve\u010f kto by u\u017e chcel hra\u0165 pod n\u00e1zvom syna talianskeho dikt\u00e1tora? To v\u0161ak vzniku AC Spalato nezabr\u00e1nilo a\u00a0Benito si vlastn\u00fd klub v Splite predsa len zalo\u017eil. Smutn\u00e9.<\/p>\n<p>\u00daspechy Splitu s\u00fa na dom\u00e1cej sc\u00e9ne zna\u010dn\u00e9. 18 ligov\u00fdch titulov a\u00a015 ligov\u00fdch poh\u00e1rov vo v\u0161etk\u00fdch \u0161t\u00e1tnych zriadeniach. Av\u0161ak v\u00a0kontint\u00e1lnych s\u00fa\u0165a\u017eiach na svoju trofej e\u0161te len \u010dakaj\u00fa. S\u00fa\u010dasn\u00fd, 48 ro\u010dn\u00fd \u0161panielsky mana\u017e\u00e9r, p\u00f4sob\u00ed v\u00a0klube od decembra 2016 a\u00a0s\u00a0t\u00edmom uhral kone\u010dn\u00e9 tretie miesto. Jeho doteraj\u0161i \u00faspech bol majstr\u00e1k s\u00a0ma\u010farsk\u00fdm Videotonom, v\u00a0sez\u00f3ne 2014\/15. Letn\u00e9 posily sa volaj\u00fa Hamza Barry z\u00a0Limassolu, ktor\u00fd podkuroval aj v\u00a0Goodison Parku a\u00a0za zmienku stoj\u00ed aj navr\u00e1tilec Rado\u0161evi\u010d, \u010di Borja L\u00f3pez do obrany, z\u00a0Barcelony B.<\/p>\n<p>Zauj\u00edmav\u00e9 \u0161tatistiky:<\/p>\n<ul>\n<li>Split vyhral 8 z\u00a0posledn\u00fdch 9 dom\u00e1cich z\u00e1pasov v\u00a0eur\u00f3pskych s\u00fa\u0165a\u017eiach.<\/li>\n<li>Ale prehral 5 z posledn\u00fdch 6 duelov proti anglick\u00fdm oponentom, kedy ani raz nesk\u00f3roval.<\/li>\n<li>Everton v\u00a0eur\u00f3pskych s\u00fa\u0165a\u017eiach vyhral 8 z\u00a0posledn\u00fdch 10 z\u00e1pasov. Ostatn\u00e9 dve prehral.<\/li>\n<li>Vonku v\u00a0\u201eeur\u00f3pe\u201c Toffees prehrali len raz v\u00a0posledn\u00fdch 6 stretnutiach.<\/li>\n<li>Wayne Rooney v\u00a0eur\u00f3pskych s\u00fa\u0165a\u017eiach sk\u00f3roval 39x. V\u0161etko za Manchester United, ako rekord klubu.<\/li>\n<\/ul>\n<p><strong>Ohlasy pred z\u00e1pasom:<\/strong><\/p>\n<p>R.Koeman \u2013 &#8222;Hra\u0165 v\u00a0eur\u00f3pskej s\u00fa\u0165a\u017ei je amb\u00edciou klubu, jeho hr\u00e1\u010dov a\u00a0tie\u017e m\u0148a. R\u00e1d si pozriem z\u00e1pasy v\u00a0utorok, stredu, \u010di \u0161tvrtok. No chcem sa aj z\u00fa\u010dastni\u0165. Z\u00a0hist\u00f3riou klubu, ak\u00fa m\u00e1 Everton, je d\u00f4le\u017eit\u00e9 by\u0165 toho s\u00fa\u010das\u0165ou. Budeme chcie\u0165 kontrolova\u0165 hru a\u00a0vstreli\u0165 g\u00f3ly. Hoci sme v\u00a0dobrej v\u00fdhode, st\u00e1le mus\u00edme odohra\u0165 95. min\u00fat.&#8220;<\/p>\n<p>J.Carillo \u2013 \u201eV prvom kole sme zistili, \u017ee Everton naozaj r\u00e1d hr\u00e1 \u010do najpriamej\u0161ie. Taktie\u017e sme si uvedomili, \u017ee sa s nimi m\u00f4\u017eeme rovna\u0165 a\u00a0vytvorili sme si aj nejak\u00e9 \u0161ance. Mysl\u00edm si, \u017ee Everton m\u00e1 ve\u013emi dobr\u00e9 mu\u017estvo, ale d\u00f4le\u017eit\u00e9 je s\u00fastredi\u0165 sa na z\u00e1pas. Nie rozm\u00fd\u0161la\u0165 nad menami. Zajtra to bude dobr\u00fd z\u00e1pas so skvelou atmosf\u00e9rou. Na Poljude chceme vyhra\u0165.\u201c<\/p>\n<p><em><strong>Up The Toffees !<\/strong><\/em><\/p>\n<p><strong>\u010co: <\/strong>HNK\u00a0Hajduk Split \u2013 Everton FC, 4. predkolo Eur\u00f3pskej Ligy<strong><br \/>\nKedy:<\/strong> 24.8. 2017 od 21:00 SE\u010c<strong><br \/>\nKde:<\/strong> Stadium Poljud &#8211; 8 Mediteranskih Igara 2, 21000, Split, Chorv\u00e1tsko (kapacita: 35 000)<strong><br \/>\nRozhodca:<\/strong> S. Karasev <strong>Asistenti:<\/strong> A. Averianov, T. Kalugin <strong>\u0160tvrt\u00fd rozhodca: <\/strong>S. Lapochkin<\/p>\n","protected":false},"excerpt":{"rendered":"<p>Odvetn\u00e9 kolo play-off otv\u00e1ra br\u00e1ny do skupinovej f\u00e1zy Eur\u00f3pskej Ligy. Prekro\u010dia Toffees tento prah bez probl\u00e9mov, alebo sa chyst\u00e1 v\u00a0dovolenkovej&hellip;<\/p>\n","protected":false},"author":1,"featured_media":1314,"comment_status":"open","ping_status":"closed","sticky":false,"template":"","format":"standard","meta":{"_eb_attr":"","_monsterinsights_skip_tracking":false,"_monsterinsights_sitenote_active":false,"_monsterinsights_sitenote_note":"","_monsterinsights_sitenote_category":0,"footnotes":""},"categories":[4],"tags":[],"yoast_head":"<!-- This site is optimized with the Yoast SEO plugin v23.4 - https:\/\/yoast.com\/wordpress\/plugins\/seo\/ -->\n<title>EL Preview: Hajduk Split - Everton - Official Czech &amp; Slovak Everton Supporters&#039; Club<\/title>\n<meta name=\"robots\" content=\"index, follow, max-snippet:-1, max-image-preview:large, max-video-preview:-1\" \/>\n<link rel=\"canonical\" href=\"https:\/\/evertonfc.cz\/index.php\/2017\/08\/24\/el-preview-hajduk-split-everton\/\" \/>\n<meta property=\"og:locale\" content=\"cs_CZ\" \/>\n<meta property=\"og:type\" content=\"article\" \/>\n<meta property=\"og:title\" content=\"EL Preview: Hajduk Split - Everton - Official Czech &amp; Slovak Everton Supporters&#039; Club\" \/>\n<meta property=\"og:description\" content=\"Odvetn\u00e9 kolo play-off otv\u00e1ra br\u00e1ny do skupinovej f\u00e1zy Eur\u00f3pskej Ligy. Prekro\u010dia Toffees tento prah bez probl\u00e9mov, alebo sa chyst\u00e1 v\u00a0dovolenkovej&hellip;\" \/>\n<meta property=\"og:url\" content=\"https:\/\/evertonfc.cz\/index.php\/2017\/08\/24\/el-preview-hajduk-split-everton\/\" \/>\n<meta property=\"og:site_name\" content=\"Official Czech &amp; Slovak Everton Supporters&#039; Club\" \/>\n<meta property=\"article:publisher\" content=\"https:\/\/www.facebook.com\/everton.fans.cz.sk\" \/>\n<meta property=\"article:published_time\" content=\"2017-08-24T18:51:37+00:00\" \/>\n<meta property=\"article:modified_time\" content=\"2019-02-09T20:56:35+00:00\" \/>\n<meta property=\"og:image\" content=\"https:\/\/evertonfc.cz\/wp-content\/uploads\/2019\/01\/preview.jpg\" \/>\n\t<meta property=\"og:image:width\" content=\"720\" \/>\n\t<meta property=\"og:image:height\" content=\"405\" \/>\n\t<meta property=\"og:image:type\" content=\"image\/jpeg\" \/>\n<meta name=\"author\" content=\"BlueBlooded\" \/>\n<meta name=\"twitter:card\" content=\"summary_large_image\" \/>\n<meta name=\"twitter:label1\" content=\"Napsal(a)\" \/>\n\t<meta name=\"twitter:data1\" content=\"BlueBlooded\" \/>\n\t<meta name=\"twitter:label2\" content=\"Odhadovan\u00e1 doba \u010dten\u00ed\" \/>\n\t<meta name=\"twitter:data2\" content=\"5 minut\" \/>\n<script type=\"application\/ld+json\" class=\"yoast-schema-graph\">{\"@context\":\"https:\/\/schema.org\",\"@graph\":[{\"@type\":\"Article\",\"@id\":\"https:\/\/evertonfc.cz\/index.php\/2017\/08\/24\/el-preview-hajduk-split-everton\/#article\",\"isPartOf\":{\"@id\":\"https:\/\/evertonfc.cz\/index.php\/2017\/08\/24\/el-preview-hajduk-split-everton\/\"},\"author\":{\"name\":\"BlueBlooded\",\"@id\":\"https:\/\/evertonfc.cz\/#\/schema\/person\/d4493b8cbea51532597fbc4685698916\"},\"headline\":\"EL Preview: Hajduk Split &#8211; Everton\",\"datePublished\":\"2017-08-24T18:51:37+00:00\",\"dateModified\":\"2019-02-09T20:56:35+00:00\",\"mainEntityOfPage\":{\"@id\":\"https:\/\/evertonfc.cz\/index.php\/2017\/08\/24\/el-preview-hajduk-split-everton\/\"},\"wordCount\":1020,\"commentCount\":0,\"publisher\":{\"@id\":\"https:\/\/evertonfc.cz\/#organization\"},\"image\":{\"@id\":\"https:\/\/evertonfc.cz\/index.php\/2017\/08\/24\/el-preview-hajduk-split-everton\/#primaryimage\"},\"thumbnailUrl\":\"https:\/\/evertonfc.cz\/wp-content\/uploads\/2019\/01\/preview.jpg\",\"articleSection\":[\"Z\u00e1pasy\"],\"inLanguage\":\"cs\",\"potentialAction\":[{\"@type\":\"CommentAction\",\"name\":\"Comment\",\"target\":[\"https:\/\/evertonfc.cz\/index.php\/2017\/08\/24\/el-preview-hajduk-split-everton\/#respond\"]}]},{\"@type\":\"WebPage\",\"@id\":\"https:\/\/evertonfc.cz\/index.php\/2017\/08\/24\/el-preview-hajduk-split-everton\/\",\"url\":\"https:\/\/evertonfc.cz\/index.php\/2017\/08\/24\/el-preview-hajduk-split-everton\/\",\"name\":\"EL Preview: Hajduk Split - Everton - Official Czech &amp; Slovak Everton Supporters&#039; Club\",\"isPartOf\":{\"@id\":\"https:\/\/evertonfc.cz\/#website\"},\"primaryImageOfPage\":{\"@id\":\"https:\/\/evertonfc.cz\/index.php\/2017\/08\/24\/el-preview-hajduk-split-everton\/#primaryimage\"},\"image\":{\"@id\":\"https:\/\/evertonfc.cz\/index.php\/2017\/08\/24\/el-preview-hajduk-split-everton\/#primaryimage\"},\"thumbnailUrl\":\"https:\/\/evertonfc.cz\/wp-content\/uploads\/2019\/01\/preview.jpg\",\"datePublished\":\"2017-08-24T18:51:37+00:00\",\"dateModified\":\"2019-02-09T20:56:35+00:00\",\"breadcrumb\":{\"@id\":\"https:\/\/evertonfc.cz\/index.php\/2017\/08\/24\/el-preview-hajduk-split-everton\/#breadcrumb\"},\"inLanguage\":\"cs\",\"potentialAction\":[{\"@type\":\"ReadAction\",\"target\":[\"https:\/\/evertonfc.cz\/index.php\/2017\/08\/24\/el-preview-hajduk-split-everton\/\"]}]},{\"@type\":\"ImageObject\",\"inLanguage\":\"cs\",\"@id\":\"https:\/\/evertonfc.cz\/index.php\/2017\/08\/24\/el-preview-hajduk-split-everton\/#primaryimage\",\"url\":\"https:\/\/evertonfc.cz\/wp-content\/uploads\/2019\/01\/preview.jpg\",\"contentUrl\":\"https:\/\/evertonfc.cz\/wp-content\/uploads\/2019\/01\/preview.jpg\",\"width\":720,\"height\":405},{\"@type\":\"BreadcrumbList\",\"@id\":\"https:\/\/evertonfc.cz\/index.php\/2017\/08\/24\/el-preview-hajduk-split-everton\/#breadcrumb\",\"itemListElement\":[{\"@type\":\"ListItem\",\"position\":1,\"name\":\"Home\",\"item\":\"https:\/\/evertonfc.cz\/\"},{\"@type\":\"ListItem\",\"position\":2,\"name\":\"EL Preview: Hajduk Split &#8211; Everton\"}]},{\"@type\":\"WebSite\",\"@id\":\"https:\/\/evertonfc.cz\/#website\",\"url\":\"https:\/\/evertonfc.cz\/\",\"name\":\"Official Czech &amp; Slovak Everton Supporters&#039; Club\",\"description\":\"\",\"publisher\":{\"@id\":\"https:\/\/evertonfc.cz\/#organization\"},\"potentialAction\":[{\"@type\":\"SearchAction\",\"target\":{\"@type\":\"EntryPoint\",\"urlTemplate\":\"https:\/\/evertonfc.cz\/?s={search_term_string}\"},\"query-input\":{\"@type\":\"PropertyValueSpecification\",\"valueRequired\":true,\"valueName\":\"search_term_string\"}}],\"inLanguage\":\"cs\"},{\"@type\":\"Organization\",\"@id\":\"https:\/\/evertonfc.cz\/#organization\",\"name\":\"Official Czech & Slovak Everton Supporters' Club\",\"url\":\"https:\/\/evertonfc.cz\/\",\"logo\":{\"@type\":\"ImageObject\",\"inLanguage\":\"cs\",\"@id\":\"https:\/\/evertonfc.cz\/#\/schema\/logo\/image\/\",\"url\":\"https:\/\/evertonfc.cz\/wp-content\/uploads\/2019\/05\/logo.png\",\"contentUrl\":\"https:\/\/evertonfc.cz\/wp-content\/uploads\/2019\/05\/logo.png\",\"width\":112,\"height\":112,\"caption\":\"Official Czech & Slovak Everton Supporters' Club\"},\"image\":{\"@id\":\"https:\/\/evertonfc.cz\/#\/schema\/logo\/image\/\"},\"sameAs\":[\"https:\/\/www.facebook.com\/everton.fans.cz.sk\"]},{\"@type\":\"Person\",\"@id\":\"https:\/\/evertonfc.cz\/#\/schema\/person\/d4493b8cbea51532597fbc4685698916\",\"name\":\"BlueBlooded\",\"url\":\"https:\/\/evertonfc.cz\/index.php\/author\/admin\/\"}]}<\/script>\n<!-- \/ Yoast SEO plugin. -->","yoast_head_json":{"title":"EL Preview: Hajduk Split - Everton - Official Czech &amp; Slovak Everton Supporters&#039; Club","robots":{"index":"index","follow":"follow","max-snippet":"max-snippet:-1","max-image-preview":"max-image-preview:large","max-video-preview":"max-video-preview:-1"},"canonical":"https:\/\/evertonfc.cz\/index.php\/2017\/08\/24\/el-preview-hajduk-split-everton\/","og_locale":"cs_CZ","og_type":"article","og_title":"EL Preview: Hajduk Split - Everton - Official Czech &amp; Slovak Everton Supporters&#039; Club","og_description":"Odvetn\u00e9 kolo play-off otv\u00e1ra br\u00e1ny do skupinovej f\u00e1zy Eur\u00f3pskej Ligy. Prekro\u010dia Toffees tento prah bez probl\u00e9mov, alebo sa chyst\u00e1 v\u00a0dovolenkovej&hellip;","og_url":"https:\/\/evertonfc.cz\/index.php\/2017\/08\/24\/el-preview-hajduk-split-everton\/","og_site_name":"Official Czech &amp; Slovak Everton Supporters&#039; Club","article_publisher":"https:\/\/www.facebook.com\/everton.fans.cz.sk","article_published_time":"2017-08-24T18:51:37+00:00","article_modified_time":"2019-02-09T20:56:35+00:00","og_image":[{"width":720,"height":405,"url":"https:\/\/evertonfc.cz\/wp-content\/uploads\/2019\/01\/preview.jpg","type":"image\/jpeg"}],"author":"BlueBlooded","twitter_card":"summary_large_image","twitter_misc":{"Napsal(a)":"BlueBlooded","Odhadovan\u00e1 doba \u010dten\u00ed":"5 minut"},"schema":{"@context":"https:\/\/schema.org","@graph":[{"@type":"Article","@id":"https:\/\/evertonfc.cz\/index.php\/2017\/08\/24\/el-preview-hajduk-split-everton\/#article","isPartOf":{"@id":"https:\/\/evertonfc.cz\/index.php\/2017\/08\/24\/el-preview-hajduk-split-everton\/"},"author":{"name":"BlueBlooded","@id":"https:\/\/evertonfc.cz\/#\/schema\/person\/d4493b8cbea51532597fbc4685698916"},"headline":"EL Preview: Hajduk Split &#8211; Everton","datePublished":"2017-08-24T18:51:37+00:00","dateModified":"2019-02-09T20:56:35+00:00","mainEntityOfPage":{"@id":"https:\/\/evertonfc.cz\/index.php\/2017\/08\/24\/el-preview-hajduk-split-everton\/"},"wordCount":1020,"commentCount":0,"publisher":{"@id":"https:\/\/evertonfc.cz\/#organization"},"image":{"@id":"https:\/\/evertonfc.cz\/index.php\/2017\/08\/24\/el-preview-hajduk-split-everton\/#primaryimage"},"thumbnailUrl":"https:\/\/evertonfc.cz\/wp-content\/uploads\/2019\/01\/preview.jpg","articleSection":["Z\u00e1pasy"],"inLanguage":"cs","potentialAction":[{"@type":"CommentAction","name":"Comment","target":["https:\/\/evertonfc.cz\/index.php\/2017\/08\/24\/el-preview-hajduk-split-everton\/#respond"]}]},{"@type":"WebPage","@id":"https:\/\/evertonfc.cz\/index.php\/2017\/08\/24\/el-preview-hajduk-split-everton\/","url":"https:\/\/evertonfc.cz\/index.php\/2017\/08\/24\/el-preview-hajduk-split-everton\/","name":"EL Preview: Hajduk Split - Everton - Official Czech &amp; Slovak Everton Supporters&#039; Club","isPartOf":{"@id":"https:\/\/evertonfc.cz\/#website"},"primaryImageOfPage":{"@id":"https:\/\/evertonfc.cz\/index.php\/2017\/08\/24\/el-preview-hajduk-split-everton\/#primaryimage"},"image":{"@id":"https:\/\/evertonfc.cz\/index.php\/2017\/08\/24\/el-preview-hajduk-split-everton\/#primaryimage"},"thumbnailUrl":"https:\/\/evertonfc.cz\/wp-content\/uploads\/2019\/01\/preview.jpg","datePublished":"2017-08-24T18:51:37+00:00","dateModified":"2019-02-09T20:56:35+00:00","breadcrumb":{"@id":"https:\/\/evertonfc.cz\/index.php\/2017\/08\/24\/el-preview-hajduk-split-everton\/#breadcrumb"},"inLanguage":"cs","potentialAction":[{"@type":"ReadAction","target":["https:\/\/evertonfc.cz\/index.php\/2017\/08\/24\/el-preview-hajduk-split-everton\/"]}]},{"@type":"ImageObject","inLanguage":"cs","@id":"https:\/\/evertonfc.cz\/index.php\/2017\/08\/24\/el-preview-hajduk-split-everton\/#primaryimage","url":"https:\/\/evertonfc.cz\/wp-content\/uploads\/2019\/01\/preview.jpg","contentUrl":"https:\/\/evertonfc.cz\/wp-content\/uploads\/2019\/01\/preview.jpg","width":720,"height":405},{"@type":"BreadcrumbList","@id":"https:\/\/evertonfc.cz\/index.php\/2017\/08\/24\/el-preview-hajduk-split-everton\/#breadcrumb","itemListElement":[{"@type":"ListItem","position":1,"name":"Home","item":"https:\/\/evertonfc.cz\/"},{"@type":"ListItem","position":2,"name":"EL Preview: Hajduk Split &#8211; Everton"}]},{"@type":"WebSite","@id":"https:\/\/evertonfc.cz\/#website","url":"https:\/\/evertonfc.cz\/","name":"Official Czech &amp; Slovak Everton Supporters&#039; Club","description":"","publisher":{"@id":"https:\/\/evertonfc.cz\/#organization"},"potentialAction":[{"@type":"SearchAction","target":{"@type":"EntryPoint","urlTemplate":"https:\/\/evertonfc.cz\/?s={search_term_string}"},"query-input":{"@type":"PropertyValueSpecification","valueRequired":true,"valueName":"search_term_string"}}],"inLanguage":"cs"},{"@type":"Organization","@id":"https:\/\/evertonfc.cz\/#organization","name":"Official Czech & Slovak Everton Supporters' Club","url":"https:\/\/evertonfc.cz\/","logo":{"@type":"ImageObject","inLanguage":"cs","@id":"https:\/\/evertonfc.cz\/#\/schema\/logo\/image\/","url":"https:\/\/evertonfc.cz\/wp-content\/uploads\/2019\/05\/logo.png","contentUrl":"https:\/\/evertonfc.cz\/wp-content\/uploads\/2019\/05\/logo.png","width":112,"height":112,"caption":"Official Czech & Slovak Everton Supporters' Club"},"image":{"@id":"https:\/\/evertonfc.cz\/#\/schema\/logo\/image\/"},"sameAs":["https:\/\/www.facebook.com\/everton.fans.cz.sk"]},{"@type":"Person","@id":"https:\/\/evertonfc.cz\/#\/schema\/person\/d4493b8cbea51532597fbc4685698916","name":"BlueBlooded","url":"https:\/\/evertonfc.cz\/index.php\/author\/admin\/"}]}},"_links":{"self":[{"href":"https:\/\/evertonfc.cz\/index.php\/wp-json\/wp\/v2\/posts\/2654"}],"collection":[{"href":"https:\/\/evertonfc.cz\/index.php\/wp-json\/wp\/v2\/posts"}],"about":[{"href":"https:\/\/evertonfc.cz\/index.php\/wp-json\/wp\/v2\/types\/post"}],"author":[{"embeddable":true,"href":"https:\/\/evertonfc.cz\/index.php\/wp-json\/wp\/v2\/users\/1"}],"replies":[{"embeddable":true,"href":"https:\/\/evertonfc.cz\/index.php\/wp-json\/wp\/v2\/comments?post=2654"}],"version-history":[{"count":3,"href":"https:\/\/evertonfc.cz\/index.php\/wp-json\/wp\/v2\/posts\/2654\/revisions"}],"predecessor-version":[{"id":2707,"href":"https:\/\/evertonfc.cz\/index.php\/wp-json\/wp\/v2\/posts\/2654\/revisions\/2707"}],"wp:featuredmedia":[{"embeddable":true,"href":"https:\/\/evertonfc.cz\/index.php\/wp-json\/wp\/v2\/media\/1314"}],"wp:attachment":[{"href":"https:\/\/evertonfc.cz\/index.php\/wp-json\/wp\/v2\/media?parent=2654"}],"wp:term":[{"taxonomy":"category","embeddable":true,"href":"https:\/\/evertonfc.cz\/index.php\/wp-json\/wp\/v2\/categories?post=2654"},{"taxonomy":"post_tag","embeddable":true,"href":"https:\/\/evertonfc.cz\/index.php\/wp-json\/wp\/v2\/tags?post=2654"}],"curies":[{"name":"wp","href":"https:\/\/api.w.org\/{rel}","templated":true}]}}