{"id":26571,"date":"2025-04-12T10:17:55","date_gmt":"2025-04-12T08:17:55","guid":{"rendered":"https:\/\/evertonfc.cz\/?p=26571"},"modified":"2025-04-12T11:49:34","modified_gmt":"2025-04-12T09:49:34","slug":"preview-nottingham-forest-everton-3","status":"publish","type":"post","link":"https:\/\/evertonfc.cz\/index.php\/2025\/04\/12\/preview-nottingham-forest-everton-3\/","title":{"rendered":"Preview: Nottingham Forest &#8211; Everton"},"content":{"rendered":"<h4>V p\u011btid\u00edln\u00e9m dubnov\u00e9m seri\u00e1lu &#8222;Everton proti prvn\u00ed p\u011btce ligy&#8220; pokra\u010dujeme t\u0159et\u00edm d\u00edlem.<\/h4>\n<p>Nottinghamu se da\u0159\u00ed, m\u00edrn\u011b \u0159e\u010deno. V lize je t\u0159et\u00ed, v semifin\u00e1le Anglick\u00e9ho poh\u00e1ru si zahraje za 15 dn\u016f proti Manchesteru City. Nuno Esp\u00edrito Santo nepochybn\u011b bojuje o trofej pro nejlep\u0161\u00edho mana\u017eera sez\u00f3ny na d\u00e1lku proti Slotovi. Postup do Ligy mistr\u016f je re\u00e1ln\u00fd, takov\u00e9 ambice u\u017e Trees nemohou skr\u00fdvat, zvl\u00e1\u0161\u0165, kdy\u017e do konce ligy hraj\u00ed pouze jeden z\u00e1pas proti t\u00fdmu z horn\u00ed poloviny tabulky. A forma tak\u00e9 je &#8211; p\u0159ed por\u00e1\u017ekou ve Villa Parku zaknihovali 10 bod\u016f ze 4 z\u00e1pas\u016f, p\u0159i\u010dem\u017e doma neprohr\u00e1li 9 utk\u00e1n\u00ed v \u0159ad\u011b.<\/p>\n<p>Jen\u017ee d\u016fle\u017eit\u00ed (nikoliv kl\u00ed\u010dov\u00ed) hr\u00e1\u010di jsou s velk\u00fdm otazn\u00edkem. Start trojice Awoniyi-Elanga-Wood byl pops\u00e1n na \u010dtvrte\u010dn\u00ed tiskov\u00e9 konferenci mana\u017eerem jako &#8222;<em>Douf\u00e1me, snad&#8220;. <\/em>O jejich \u00fa\u010dasti se tedy rozhodne p\u0159ed z\u00e1pasem. Jedinou jistou absenc\u00ed tak je Nigerijec Aina, kter\u00fd l\u00e9\u010di zran\u011bn\u00e9 l\u00fdtko. K dispozici je naopak Moreno, kter\u00fd proti Aston Ville nemohl hr\u00e1t, proto\u017ee z tohoto klubu v Nottinghamu hostuje. Pokud by Nottinghamu chyb\u011bla hlavn\u00ed \u00fato\u010dn\u00e1 trojice, tak by to bylo velk\u00e9 oslaven\u00ed a na hrotu by hr\u00e1l asi Jota.<\/p>\n<p>Moyes p\u0159inesl \u0161patnou zpr\u00e1vu &#8211; Lindstr\u00f8m se ve \u010dtvrtek podrobil operaci k\u00fdly a do sezony ji\u017e asi nezas\u00e1hne, Mangala si v n\u00e1sleduj\u00edc\u00edch sedmi utk\u00e1n\u00edch nezahraje zcela ur\u010dit\u011b. Mykolenko po absenci proti Arsenalu se vr\u00e1til do pln\u00e9ho tr\u00e9ninku, stejn\u011b jako McNeil, kter\u00fd si v minul\u00e9m z\u00e1pase p\u0159ipsal n\u011bkolik minut. Na z\u00e1kladn\u00ed sestavu to ale u anglick\u00e9ho k\u0159\u00eddla je\u0161t\u011b nen\u00ed. Calvert-Lewin tr\u00e9nuje, ale do konce m\u011bs\u00edce s n\u00edm nen\u00ed mo\u017en\u00e9 po\u010d\u00edtat.<\/p>\n<p><strong>Co:\u00a0<\/strong>Nottingham Forest FC &#8211; Everton FC, 32. kolo Premier League<br \/>\n<strong>Kdy:\u00a0<\/strong>12. dubna 2025 od 16:00<br \/>\n<strong>Kde:\u00a0<\/strong>City Ground &#8211; Pavilion Road, Nottingham, NG2 5FJ (kapacita: 30 414)<br \/>\n<strong>TV:\u00a0<\/strong>P\u0159\u00edm\u00fd p\u0159enos na stanici Canal+ Sport, komentuje Ji\u0159\u00ed Vrba<br \/>\n<strong>Rozhod\u010d\u00ed: <\/strong>Craig Pawson &#8211; Tim Wood, Craig Taylor\u00a0 <strong>\u010ctvrt\u00fd rozhod\u010d\u00ed:\u00a0<\/strong>Anthony Backhouse<br \/>\n<strong>Videorozhod\u010d\u00ed:\u00a0<\/strong>John Brooks\u00a0 <strong>Asistent videorozhod\u010d\u00edho:\u00a0<\/strong>Akil Howson<\/p>\n","protected":false},"excerpt":{"rendered":"<p>V p\u011btid\u00edln\u00e9m dubnov\u00e9m seri\u00e1lu &#8222;Everton proti prvn\u00ed p\u011btce ligy&#8220; pokra\u010dujeme t\u0159et\u00edm d\u00edlem.<\/p>\n","protected":false},"author":12,"featured_media":19491,"comment_status":"open","ping_status":"closed","sticky":false,"template":"","format":"standard","meta":{"_eb_attr":"","_monsterinsights_skip_tracking":false,"_monsterinsights_sitenote_active":false,"_monsterinsights_sitenote_note":"","_monsterinsights_sitenote_category":0,"footnotes":""},"categories":[4],"tags":[],"yoast_head":"<!-- This site is optimized with the Yoast SEO plugin v23.4 - https:\/\/yoast.com\/wordpress\/plugins\/seo\/ -->\n<title>Preview: Nottingham Forest - Everton - Official Czech &amp; Slovak Everton Supporters&#039; Club<\/title>\n<meta name=\"description\" content=\"Dal\u0161\u00ed krok za z\u00e1chranou?\" \/>\n<meta name=\"robots\" content=\"index, follow, max-snippet:-1, max-image-preview:large, max-video-preview:-1\" \/>\n<link rel=\"canonical\" href=\"https:\/\/evertonfc.cz\/index.php\/2025\/04\/12\/preview-nottingham-forest-everton-3\/\" \/>\n<meta property=\"og:locale\" content=\"cs_CZ\" \/>\n<meta property=\"og:type\" content=\"article\" \/>\n<meta property=\"og:title\" content=\"Preview: Nottingham Forest - Everton - Official Czech &amp; Slovak Everton Supporters&#039; Club\" \/>\n<meta property=\"og:description\" content=\"Dal\u0161\u00ed krok za z\u00e1chranou?\" \/>\n<meta property=\"og:url\" content=\"https:\/\/evertonfc.cz\/index.php\/2025\/04\/12\/preview-nottingham-forest-everton-3\/\" \/>\n<meta property=\"og:site_name\" content=\"Official Czech &amp; Slovak Everton Supporters&#039; Club\" \/>\n<meta property=\"article:publisher\" content=\"https:\/\/www.facebook.com\/everton.fans.cz.sk\" \/>\n<meta property=\"article:published_time\" content=\"2025-04-12T08:17:55+00:00\" \/>\n<meta property=\"article:modified_time\" content=\"2025-04-12T09:49:34+00:00\" \/>\n<meta property=\"og:image\" content=\"https:\/\/evertonfc.cz\/wp-content\/uploads\/2022\/08\/Nottingham-Forest-VS-Everton-2.png\" \/>\n\t<meta property=\"og:image:width\" content=\"720\" \/>\n\t<meta property=\"og:image:height\" content=\"405\" \/>\n\t<meta property=\"og:image:type\" content=\"image\/png\" \/>\n<meta name=\"author\" content=\"Javor\" \/>\n<meta name=\"twitter:card\" content=\"summary_large_image\" \/>\n<meta name=\"twitter:creator\" content=\"@LoudinJan\" \/>\n<meta name=\"twitter:label1\" content=\"Napsal(a)\" \/>\n\t<meta name=\"twitter:data1\" content=\"Javor\" \/>\n\t<meta name=\"twitter:label2\" content=\"Odhadovan\u00e1 doba \u010dten\u00ed\" \/>\n\t<meta name=\"twitter:data2\" content=\"2 minuty\" \/>\n<script type=\"application\/ld+json\" class=\"yoast-schema-graph\">{\"@context\":\"https:\/\/schema.org\",\"@graph\":[{\"@type\":\"Article\",\"@id\":\"https:\/\/evertonfc.cz\/index.php\/2025\/04\/12\/preview-nottingham-forest-everton-3\/#article\",\"isPartOf\":{\"@id\":\"https:\/\/evertonfc.cz\/index.php\/2025\/04\/12\/preview-nottingham-forest-everton-3\/\"},\"author\":{\"name\":\"Javor\",\"@id\":\"https:\/\/evertonfc.cz\/#\/schema\/person\/b30daf6a5852f4811f8207a17ec1bf78\"},\"headline\":\"Preview: Nottingham Forest &#8211; Everton\",\"datePublished\":\"2025-04-12T08:17:55+00:00\",\"dateModified\":\"2025-04-12T09:49:34+00:00\",\"mainEntityOfPage\":{\"@id\":\"https:\/\/evertonfc.cz\/index.php\/2025\/04\/12\/preview-nottingham-forest-everton-3\/\"},\"wordCount\":383,\"commentCount\":7,\"publisher\":{\"@id\":\"https:\/\/evertonfc.cz\/#organization\"},\"image\":{\"@id\":\"https:\/\/evertonfc.cz\/index.php\/2025\/04\/12\/preview-nottingham-forest-everton-3\/#primaryimage\"},\"thumbnailUrl\":\"https:\/\/evertonfc.cz\/wp-content\/uploads\/2022\/08\/Nottingham-Forest-VS-Everton-2.png\",\"articleSection\":[\"Z\u00e1pasy\"],\"inLanguage\":\"cs\",\"potentialAction\":[{\"@type\":\"CommentAction\",\"name\":\"Comment\",\"target\":[\"https:\/\/evertonfc.cz\/index.php\/2025\/04\/12\/preview-nottingham-forest-everton-3\/#respond\"]}]},{\"@type\":\"WebPage\",\"@id\":\"https:\/\/evertonfc.cz\/index.php\/2025\/04\/12\/preview-nottingham-forest-everton-3\/\",\"url\":\"https:\/\/evertonfc.cz\/index.php\/2025\/04\/12\/preview-nottingham-forest-everton-3\/\",\"name\":\"Preview: Nottingham Forest - Everton - Official Czech &amp; Slovak Everton Supporters&#039; Club\",\"isPartOf\":{\"@id\":\"https:\/\/evertonfc.cz\/#website\"},\"primaryImageOfPage\":{\"@id\":\"https:\/\/evertonfc.cz\/index.php\/2025\/04\/12\/preview-nottingham-forest-everton-3\/#primaryimage\"},\"image\":{\"@id\":\"https:\/\/evertonfc.cz\/index.php\/2025\/04\/12\/preview-nottingham-forest-everton-3\/#primaryimage\"},\"thumbnailUrl\":\"https:\/\/evertonfc.cz\/wp-content\/uploads\/2022\/08\/Nottingham-Forest-VS-Everton-2.png\",\"datePublished\":\"2025-04-12T08:17:55+00:00\",\"dateModified\":\"2025-04-12T09:49:34+00:00\",\"description\":\"Dal\u0161\u00ed krok za z\u00e1chranou?\",\"breadcrumb\":{\"@id\":\"https:\/\/evertonfc.cz\/index.php\/2025\/04\/12\/preview-nottingham-forest-everton-3\/#breadcrumb\"},\"inLanguage\":\"cs\",\"potentialAction\":[{\"@type\":\"ReadAction\",\"target\":[\"https:\/\/evertonfc.cz\/index.php\/2025\/04\/12\/preview-nottingham-forest-everton-3\/\"]}]},{\"@type\":\"ImageObject\",\"inLanguage\":\"cs\",\"@id\":\"https:\/\/evertonfc.cz\/index.php\/2025\/04\/12\/preview-nottingham-forest-everton-3\/#primaryimage\",\"url\":\"https:\/\/evertonfc.cz\/wp-content\/uploads\/2022\/08\/Nottingham-Forest-VS-Everton-2.png\",\"contentUrl\":\"https:\/\/evertonfc.cz\/wp-content\/uploads\/2022\/08\/Nottingham-Forest-VS-Everton-2.png\",\"width\":720,\"height\":405},{\"@type\":\"BreadcrumbList\",\"@id\":\"https:\/\/evertonfc.cz\/index.php\/2025\/04\/12\/preview-nottingham-forest-everton-3\/#breadcrumb\",\"itemListElement\":[{\"@type\":\"ListItem\",\"position\":1,\"name\":\"Home\",\"item\":\"https:\/\/evertonfc.cz\/\"},{\"@type\":\"ListItem\",\"position\":2,\"name\":\"Preview: Nottingham Forest &#8211; Everton\"}]},{\"@type\":\"WebSite\",\"@id\":\"https:\/\/evertonfc.cz\/#website\",\"url\":\"https:\/\/evertonfc.cz\/\",\"name\":\"Official Czech &amp; Slovak Everton Supporters&#039; Club\",\"description\":\"\",\"publisher\":{\"@id\":\"https:\/\/evertonfc.cz\/#organization\"},\"potentialAction\":[{\"@type\":\"SearchAction\",\"target\":{\"@type\":\"EntryPoint\",\"urlTemplate\":\"https:\/\/evertonfc.cz\/?s={search_term_string}\"},\"query-input\":{\"@type\":\"PropertyValueSpecification\",\"valueRequired\":true,\"valueName\":\"search_term_string\"}}],\"inLanguage\":\"cs\"},{\"@type\":\"Organization\",\"@id\":\"https:\/\/evertonfc.cz\/#organization\",\"name\":\"Official Czech & Slovak Everton Supporters' Club\",\"url\":\"https:\/\/evertonfc.cz\/\",\"logo\":{\"@type\":\"ImageObject\",\"inLanguage\":\"cs\",\"@id\":\"https:\/\/evertonfc.cz\/#\/schema\/logo\/image\/\",\"url\":\"https:\/\/evertonfc.cz\/wp-content\/uploads\/2019\/05\/logo.png\",\"contentUrl\":\"https:\/\/evertonfc.cz\/wp-content\/uploads\/2019\/05\/logo.png\",\"width\":112,\"height\":112,\"caption\":\"Official Czech & Slovak Everton Supporters' Club\"},\"image\":{\"@id\":\"https:\/\/evertonfc.cz\/#\/schema\/logo\/image\/\"},\"sameAs\":[\"https:\/\/www.facebook.com\/everton.fans.cz.sk\"]},{\"@type\":\"Person\",\"@id\":\"https:\/\/evertonfc.cz\/#\/schema\/person\/b30daf6a5852f4811f8207a17ec1bf78\",\"name\":\"Javor\",\"sameAs\":[\"https:\/\/x.com\/LoudinJan\"],\"url\":\"https:\/\/evertonfc.cz\/index.php\/author\/javor\/\"}]}<\/script>\n<!-- \/ Yoast SEO plugin. -->","yoast_head_json":{"title":"Preview: Nottingham Forest - Everton - Official Czech &amp; Slovak Everton Supporters&#039; Club","description":"Dal\u0161\u00ed krok za z\u00e1chranou?","robots":{"index":"index","follow":"follow","max-snippet":"max-snippet:-1","max-image-preview":"max-image-preview:large","max-video-preview":"max-video-preview:-1"},"canonical":"https:\/\/evertonfc.cz\/index.php\/2025\/04\/12\/preview-nottingham-forest-everton-3\/","og_locale":"cs_CZ","og_type":"article","og_title":"Preview: Nottingham Forest - Everton - Official Czech &amp; Slovak Everton Supporters&#039; Club","og_description":"Dal\u0161\u00ed krok za z\u00e1chranou?","og_url":"https:\/\/evertonfc.cz\/index.php\/2025\/04\/12\/preview-nottingham-forest-everton-3\/","og_site_name":"Official Czech &amp; Slovak Everton Supporters&#039; Club","article_publisher":"https:\/\/www.facebook.com\/everton.fans.cz.sk","article_published_time":"2025-04-12T08:17:55+00:00","article_modified_time":"2025-04-12T09:49:34+00:00","og_image":[{"width":720,"height":405,"url":"https:\/\/evertonfc.cz\/wp-content\/uploads\/2022\/08\/Nottingham-Forest-VS-Everton-2.png","type":"image\/png"}],"author":"Javor","twitter_card":"summary_large_image","twitter_creator":"@LoudinJan","twitter_misc":{"Napsal(a)":"Javor","Odhadovan\u00e1 doba \u010dten\u00ed":"2 minuty"},"schema":{"@context":"https:\/\/schema.org","@graph":[{"@type":"Article","@id":"https:\/\/evertonfc.cz\/index.php\/2025\/04\/12\/preview-nottingham-forest-everton-3\/#article","isPartOf":{"@id":"https:\/\/evertonfc.cz\/index.php\/2025\/04\/12\/preview-nottingham-forest-everton-3\/"},"author":{"name":"Javor","@id":"https:\/\/evertonfc.cz\/#\/schema\/person\/b30daf6a5852f4811f8207a17ec1bf78"},"headline":"Preview: Nottingham Forest &#8211; Everton","datePublished":"2025-04-12T08:17:55+00:00","dateModified":"2025-04-12T09:49:34+00:00","mainEntityOfPage":{"@id":"https:\/\/evertonfc.cz\/index.php\/2025\/04\/12\/preview-nottingham-forest-everton-3\/"},"wordCount":383,"commentCount":7,"publisher":{"@id":"https:\/\/evertonfc.cz\/#organization"},"image":{"@id":"https:\/\/evertonfc.cz\/index.php\/2025\/04\/12\/preview-nottingham-forest-everton-3\/#primaryimage"},"thumbnailUrl":"https:\/\/evertonfc.cz\/wp-content\/uploads\/2022\/08\/Nottingham-Forest-VS-Everton-2.png","articleSection":["Z\u00e1pasy"],"inLanguage":"cs","potentialAction":[{"@type":"CommentAction","name":"Comment","target":["https:\/\/evertonfc.cz\/index.php\/2025\/04\/12\/preview-nottingham-forest-everton-3\/#respond"]}]},{"@type":"WebPage","@id":"https:\/\/evertonfc.cz\/index.php\/2025\/04\/12\/preview-nottingham-forest-everton-3\/","url":"https:\/\/evertonfc.cz\/index.php\/2025\/04\/12\/preview-nottingham-forest-everton-3\/","name":"Preview: Nottingham Forest - Everton - Official Czech &amp; Slovak Everton Supporters&#039; Club","isPartOf":{"@id":"https:\/\/evertonfc.cz\/#website"},"primaryImageOfPage":{"@id":"https:\/\/evertonfc.cz\/index.php\/2025\/04\/12\/preview-nottingham-forest-everton-3\/#primaryimage"},"image":{"@id":"https:\/\/evertonfc.cz\/index.php\/2025\/04\/12\/preview-nottingham-forest-everton-3\/#primaryimage"},"thumbnailUrl":"https:\/\/evertonfc.cz\/wp-content\/uploads\/2022\/08\/Nottingham-Forest-VS-Everton-2.png","datePublished":"2025-04-12T08:17:55+00:00","dateModified":"2025-04-12T09:49:34+00:00","description":"Dal\u0161\u00ed krok za z\u00e1chranou?","breadcrumb":{"@id":"https:\/\/evertonfc.cz\/index.php\/2025\/04\/12\/preview-nottingham-forest-everton-3\/#breadcrumb"},"inLanguage":"cs","potentialAction":[{"@type":"ReadAction","target":["https:\/\/evertonfc.cz\/index.php\/2025\/04\/12\/preview-nottingham-forest-everton-3\/"]}]},{"@type":"ImageObject","inLanguage":"cs","@id":"https:\/\/evertonfc.cz\/index.php\/2025\/04\/12\/preview-nottingham-forest-everton-3\/#primaryimage","url":"https:\/\/evertonfc.cz\/wp-content\/uploads\/2022\/08\/Nottingham-Forest-VS-Everton-2.png","contentUrl":"https:\/\/evertonfc.cz\/wp-content\/uploads\/2022\/08\/Nottingham-Forest-VS-Everton-2.png","width":720,"height":405},{"@type":"BreadcrumbList","@id":"https:\/\/evertonfc.cz\/index.php\/2025\/04\/12\/preview-nottingham-forest-everton-3\/#breadcrumb","itemListElement":[{"@type":"ListItem","position":1,"name":"Home","item":"https:\/\/evertonfc.cz\/"},{"@type":"ListItem","position":2,"name":"Preview: Nottingham Forest &#8211; Everton"}]},{"@type":"WebSite","@id":"https:\/\/evertonfc.cz\/#website","url":"https:\/\/evertonfc.cz\/","name":"Official Czech &amp; Slovak Everton Supporters&#039; Club","description":"","publisher":{"@id":"https:\/\/evertonfc.cz\/#organization"},"potentialAction":[{"@type":"SearchAction","target":{"@type":"EntryPoint","urlTemplate":"https:\/\/evertonfc.cz\/?s={search_term_string}"},"query-input":{"@type":"PropertyValueSpecification","valueRequired":true,"valueName":"search_term_string"}}],"inLanguage":"cs"},{"@type":"Organization","@id":"https:\/\/evertonfc.cz\/#organization","name":"Official Czech & Slovak Everton Supporters' Club","url":"https:\/\/evertonfc.cz\/","logo":{"@type":"ImageObject","inLanguage":"cs","@id":"https:\/\/evertonfc.cz\/#\/schema\/logo\/image\/","url":"https:\/\/evertonfc.cz\/wp-content\/uploads\/2019\/05\/logo.png","contentUrl":"https:\/\/evertonfc.cz\/wp-content\/uploads\/2019\/05\/logo.png","width":112,"height":112,"caption":"Official Czech & Slovak Everton Supporters' Club"},"image":{"@id":"https:\/\/evertonfc.cz\/#\/schema\/logo\/image\/"},"sameAs":["https:\/\/www.facebook.com\/everton.fans.cz.sk"]},{"@type":"Person","@id":"https:\/\/evertonfc.cz\/#\/schema\/person\/b30daf6a5852f4811f8207a17ec1bf78","name":"Javor","sameAs":["https:\/\/x.com\/LoudinJan"],"url":"https:\/\/evertonfc.cz\/index.php\/author\/javor\/"}]}},"_links":{"self":[{"href":"https:\/\/evertonfc.cz\/index.php\/wp-json\/wp\/v2\/posts\/26571"}],"collection":[{"href":"https:\/\/evertonfc.cz\/index.php\/wp-json\/wp\/v2\/posts"}],"about":[{"href":"https:\/\/evertonfc.cz\/index.php\/wp-json\/wp\/v2\/types\/post"}],"author":[{"embeddable":true,"href":"https:\/\/evertonfc.cz\/index.php\/wp-json\/wp\/v2\/users\/12"}],"replies":[{"embeddable":true,"href":"https:\/\/evertonfc.cz\/index.php\/wp-json\/wp\/v2\/comments?post=26571"}],"version-history":[{"count":4,"href":"https:\/\/evertonfc.cz\/index.php\/wp-json\/wp\/v2\/posts\/26571\/revisions"}],"predecessor-version":[{"id":26575,"href":"https:\/\/evertonfc.cz\/index.php\/wp-json\/wp\/v2\/posts\/26571\/revisions\/26575"}],"wp:featuredmedia":[{"embeddable":true,"href":"https:\/\/evertonfc.cz\/index.php\/wp-json\/wp\/v2\/media\/19491"}],"wp:attachment":[{"href":"https:\/\/evertonfc.cz\/index.php\/wp-json\/wp\/v2\/media?parent=26571"}],"wp:term":[{"taxonomy":"category","embeddable":true,"href":"https:\/\/evertonfc.cz\/index.php\/wp-json\/wp\/v2\/categories?post=26571"},{"taxonomy":"post_tag","embeddable":true,"href":"https:\/\/evertonfc.cz\/index.php\/wp-json\/wp\/v2\/tags?post=26571"}],"curies":[{"name":"wp","href":"https:\/\/api.w.org\/{rel}","templated":true}]}}