{"id":26576,"date":"2025-04-12T18:04:19","date_gmt":"2025-04-12T16:04:19","guid":{"rendered":"https:\/\/evertonfc.cz\/?p=26576"},"modified":"2025-04-12T19:34:31","modified_gmt":"2025-04-12T17:34:31","slug":"nottingham-forest-everton-01-2","status":"publish","type":"post","link":"https:\/\/evertonfc.cz\/index.php\/2025\/04\/12\/nottingham-forest-everton-01-2\/","title":{"rendered":"Nottingham Forest &#8211; Everton 0:1"},"content":{"rendered":"<h4>Z Nottinghamu vezeme zaslou\u017eenou v\u00fdhru po brance z nastaven\u00e9ho \u010dasu.<\/h4>\n<p>Trochu p\u0159ekvapiv\u011b se v z\u00e1kladn\u00ed sestav\u011b objevil Broja, naopak tradi\u010dn\u011b tam byl minule absentuj\u00edc\u00ed Mykolenko. Prvn\u00ed zaznamen\u00e1n\u00edhodnou situaci m\u011bl na starosti O\u00b4Brien, ale po jeho pr\u016fniku do v\u00e1pna soupe\u0159e byla p\u0159ihr\u00e1vka zblokov\u00e1na. O n\u011bco pozd\u011bji centr Harrisona na\u0161el Ndiayeho, na kter\u00e9ho nalehl Williams a voln\u00fdm stylem ho st\u00e1hl na zem, p\u00ed\u0161\u0165alka rozhod\u010d\u00edho z\u016fstala n\u011bm\u00e1. N\u00e1sledn\u011b unikl kart\u011b Branthwaite za body\u010dek na Silvu, prvn\u00edm karetn\u00edm h\u0159\u00ed\u0161n\u00edkem se stal Doucour\u00e9 za faul na Andersona.<\/p>\n<p>Everton dr\u017eel m\u00ed\u010d v\u00edce, ale \u0161ance si nevytv\u00e1\u0159el a p\u0159\u00edle\u017eitosti taky ne. K prvn\u00edm st\u0159el\u00e1m se dostali Garner a Silva, le\u010d m\u00ed\u010d s\u00ed\u0165 nena\u0161el. Prvn\u00edch 30 minut lze popsat jako nudn\u00fdch, zakon\u010dila je slab\u00e1 hlavi\u010dka Silvy p\u0159\u00edmo do rukavic Pickforda. Zaj\u00edmavou akci p\u0159edvedl Everton v 36. minut\u011b, kdy Broja udr\u017eel m\u00ed\u010d proti \u010dty\u0159em obr\u00e1nc\u016fm a po jeho p\u0159i\u0165uknut\u00ed centr Harrisona hlavu Ndiayeho na\u0161el. Sels byl ale dob\u0159e postaven. Do konce polo\u010dasu stoj\u00ed za zm\u00ednku st\u0159ela Hudsona-Odoie, kterou bez probl\u00e9m\u016f brank\u00e1\u0159 vyrazil.<\/p>\n<p>Druh\u00e1 p\u016fle za\u010dala dlouh\u00fdm n\u00e1kopem na Ndiayeho, kter\u00fd si zpracoval na stehn\u011b, ale trefil vyb\u00edhaj\u00edc\u00edho Selse. Host\u00e9 se ale dostali do tlaku a m\u011bli rozhodn\u011b v\u00edce ze hry. Pickford musel zasahovat proti st\u0159ele Gibbse-Whitea. Po rohu se k op\u011btovn\u00e9mu centru dostal Gana a ke st\u0159ele O\u00b4Brien, ale netrefil za\u0159\u00edzen\u00ed. O chv\u00edli pozd\u011bji centr Harrisona podsko\u010dili Beto s Alcarazem, n\u00e1sledn\u011b st\u0159elu Doucour\u00e9ho zblokoval rozkrok Williamse na roh. Z dal\u0161\u00ed akce, kterou t\u00e1hl Alcaraz, se ke st\u0159ele po p\u0159ihr\u00e1vce Doucour\u00e9ho dostal Harrison, ale z oto\u010dky p\u0159est\u0159elil.<\/p>\n<p>Host\u00e9 m\u011bli zjevn\u011b tlak, ale k t\u011b\u017e\u0161\u00edmu z\u00e1kroku Selse nedonutili. A kdy\u017e Murillo zvl\u00e1\u0161tn\u011b zastavil Beta na hranici velk\u00e9ho v\u00e1pna, tak ani nebyl p\u00edsknut\u00fd faul. Nakonec bylo spravedlnosti u\u010din\u011bno zadost. A\u010dkoliv McNeil dostal od mana\u017eera pouze 5 minut (ne trestn\u00fdch), tak p\u0159i brejku po ubr\u00e1n\u011bn\u00e9m tohu \/prvn\u00edm pro Nottingham za cel\u00fd z\u00e1pas\/ m\u011bla jeho p\u0159ihr\u00e1vka o\u010di a Doucour\u00e9 zvl\u00e1dl prost\u0159elit Selse k bli\u017e\u0161\u00ed ty\u010di &#8211; <strong>0:1!<\/strong><\/p>\n<p><strong>Branky:<\/strong>\u00a0<span data-source=\"lightstreamer\" data-grid=\"main\" data-item=\"item_907390\" data-field=\"scorers\">90+4. A. Doucour\u00e9\u00a0<\/span><\/p>\n<p><strong>Karty:<\/strong> <span data-source=\"lightstreamer\" data-grid=\"main\" data-item=\"item_907390\" data-field=\"cards\">16. A. Doucour\u00e9, 39. Branthwaite, 87. Gana<\/span><\/p>\n<p><strong>Nottingham Forest:<\/strong>\u00a0<span data-source=\"lightstreamer\" data-grid=\"main\" data-item=\"item_907390\" data-field=\"report1\">Sels \u2013 N. Williams, Milenkovi\u0107, Murillo, Moreno \u2013 Dom\u00ednguez (75. Yates), Anderson \u2013 J. Silva (59. Elanga), Gibbs-White, Hudson-Odoi \u2013 C. Wood<\/span><span id=\"subs1_item_907390\"><br \/>\n<\/span><\/p>\n<p><strong>Everton FC:<\/strong>\u00a0<span data-source=\"lightstreamer\" data-grid=\"main\" data-item=\"item_907390\" data-field=\"report2\">Pickford \u2013 O&#8217;Brien, Tarkowski, Branthwaite, Mykolenko \u2013 Gueye, Garner \u2013 J. Harrison (90. McNeil), A. Doucour\u00e9, Ndiaye (67. Alcar\u00e1z) \u2013 Broja (64. Beto)<\/span><\/p>\n<p><strong>Rozhod\u010d\u00ed:\u00a0<\/strong>Craig Pawson\u00a0 <strong>Div\u00e1ci:\u00a0<\/strong>30 199\u00a0 <strong>Mu\u017e z\u00e1pasu redakce:\u00a0<\/strong>Jack Harrison<\/p>\n","protected":false},"excerpt":{"rendered":"<p>Z Nottinghamu vezeme zaslou\u017eenou v\u00fdhru po brance z nastaven\u00e9ho \u010dasu.<\/p>\n","protected":false},"author":12,"featured_media":26579,"comment_status":"open","ping_status":"closed","sticky":false,"template":"","format":"standard","meta":{"_eb_attr":"","_monsterinsights_skip_tracking":false,"_monsterinsights_sitenote_active":false,"_monsterinsights_sitenote_note":"","_monsterinsights_sitenote_category":0,"footnotes":""},"categories":[4],"tags":[],"yoast_head":"<!-- This site is optimized with the Yoast SEO plugin v23.4 - https:\/\/yoast.com\/wordpress\/plugins\/seo\/ -->\n<title>Nottingham Forest - Everton 0:1 - Official Czech &amp; Slovak Everton Supporters&#039; Club<\/title>\n<meta name=\"description\" content=\"Z Nottinghamu vezeme zaslou\u017eenou v\u00fdhru.\" \/>\n<meta name=\"robots\" content=\"index, follow, max-snippet:-1, max-image-preview:large, max-video-preview:-1\" \/>\n<link rel=\"canonical\" href=\"https:\/\/evertonfc.cz\/index.php\/2025\/04\/12\/nottingham-forest-everton-01-2\/\" \/>\n<meta property=\"og:locale\" content=\"cs_CZ\" \/>\n<meta property=\"og:type\" content=\"article\" \/>\n<meta property=\"og:title\" content=\"Nottingham Forest - Everton 0:1 - Official Czech &amp; Slovak Everton Supporters&#039; Club\" \/>\n<meta property=\"og:description\" content=\"Z Nottinghamu vezeme zaslou\u017eenou v\u00fdhru.\" \/>\n<meta property=\"og:url\" content=\"https:\/\/evertonfc.cz\/index.php\/2025\/04\/12\/nottingham-forest-everton-01-2\/\" \/>\n<meta property=\"og:site_name\" content=\"Official Czech &amp; Slovak Everton Supporters&#039; Club\" \/>\n<meta property=\"article:publisher\" content=\"https:\/\/www.facebook.com\/everton.fans.cz.sk\" \/>\n<meta property=\"article:published_time\" content=\"2025-04-12T16:04:19+00:00\" \/>\n<meta property=\"article:modified_time\" content=\"2025-04-12T17:34:31+00:00\" \/>\n<meta property=\"og:image\" content=\"https:\/\/evertonfc.cz\/wp-content\/uploads\/2025\/04\/Nottingham-Forest-0-1-Everton-by-Sky-Sports-12-4-2025.jpg\" \/>\n\t<meta property=\"og:image:width\" content=\"720\" \/>\n\t<meta property=\"og:image:height\" content=\"405\" \/>\n\t<meta property=\"og:image:type\" content=\"image\/jpeg\" \/>\n<meta name=\"author\" content=\"Javor\" \/>\n<meta name=\"twitter:card\" content=\"summary_large_image\" \/>\n<meta name=\"twitter:creator\" content=\"@LoudinJan\" \/>\n<meta name=\"twitter:label1\" content=\"Napsal(a)\" \/>\n\t<meta name=\"twitter:data1\" content=\"Javor\" \/>\n\t<meta name=\"twitter:label2\" content=\"Odhadovan\u00e1 doba \u010dten\u00ed\" \/>\n\t<meta name=\"twitter:data2\" content=\"3 minuty\" \/>\n<script type=\"application\/ld+json\" class=\"yoast-schema-graph\">{\"@context\":\"https:\/\/schema.org\",\"@graph\":[{\"@type\":\"Article\",\"@id\":\"https:\/\/evertonfc.cz\/index.php\/2025\/04\/12\/nottingham-forest-everton-01-2\/#article\",\"isPartOf\":{\"@id\":\"https:\/\/evertonfc.cz\/index.php\/2025\/04\/12\/nottingham-forest-everton-01-2\/\"},\"author\":{\"name\":\"Javor\",\"@id\":\"https:\/\/evertonfc.cz\/#\/schema\/person\/b30daf6a5852f4811f8207a17ec1bf78\"},\"headline\":\"Nottingham Forest &#8211; Everton 0:1\",\"datePublished\":\"2025-04-12T16:04:19+00:00\",\"dateModified\":\"2025-04-12T17:34:31+00:00\",\"mainEntityOfPage\":{\"@id\":\"https:\/\/evertonfc.cz\/index.php\/2025\/04\/12\/nottingham-forest-everton-01-2\/\"},\"wordCount\":485,\"commentCount\":19,\"publisher\":{\"@id\":\"https:\/\/evertonfc.cz\/#organization\"},\"image\":{\"@id\":\"https:\/\/evertonfc.cz\/index.php\/2025\/04\/12\/nottingham-forest-everton-01-2\/#primaryimage\"},\"thumbnailUrl\":\"https:\/\/evertonfc.cz\/wp-content\/uploads\/2025\/04\/Nottingham-Forest-0-1-Everton-by-Sky-Sports-12-4-2025.jpg\",\"articleSection\":[\"Z\u00e1pasy\"],\"inLanguage\":\"cs\",\"potentialAction\":[{\"@type\":\"CommentAction\",\"name\":\"Comment\",\"target\":[\"https:\/\/evertonfc.cz\/index.php\/2025\/04\/12\/nottingham-forest-everton-01-2\/#respond\"]}]},{\"@type\":\"WebPage\",\"@id\":\"https:\/\/evertonfc.cz\/index.php\/2025\/04\/12\/nottingham-forest-everton-01-2\/\",\"url\":\"https:\/\/evertonfc.cz\/index.php\/2025\/04\/12\/nottingham-forest-everton-01-2\/\",\"name\":\"Nottingham Forest - Everton 0:1 - Official Czech &amp; Slovak Everton Supporters&#039; Club\",\"isPartOf\":{\"@id\":\"https:\/\/evertonfc.cz\/#website\"},\"primaryImageOfPage\":{\"@id\":\"https:\/\/evertonfc.cz\/index.php\/2025\/04\/12\/nottingham-forest-everton-01-2\/#primaryimage\"},\"image\":{\"@id\":\"https:\/\/evertonfc.cz\/index.php\/2025\/04\/12\/nottingham-forest-everton-01-2\/#primaryimage\"},\"thumbnailUrl\":\"https:\/\/evertonfc.cz\/wp-content\/uploads\/2025\/04\/Nottingham-Forest-0-1-Everton-by-Sky-Sports-12-4-2025.jpg\",\"datePublished\":\"2025-04-12T16:04:19+00:00\",\"dateModified\":\"2025-04-12T17:34:31+00:00\",\"description\":\"Z Nottinghamu vezeme zaslou\u017eenou v\u00fdhru.\",\"breadcrumb\":{\"@id\":\"https:\/\/evertonfc.cz\/index.php\/2025\/04\/12\/nottingham-forest-everton-01-2\/#breadcrumb\"},\"inLanguage\":\"cs\",\"potentialAction\":[{\"@type\":\"ReadAction\",\"target\":[\"https:\/\/evertonfc.cz\/index.php\/2025\/04\/12\/nottingham-forest-everton-01-2\/\"]}]},{\"@type\":\"ImageObject\",\"inLanguage\":\"cs\",\"@id\":\"https:\/\/evertonfc.cz\/index.php\/2025\/04\/12\/nottingham-forest-everton-01-2\/#primaryimage\",\"url\":\"https:\/\/evertonfc.cz\/wp-content\/uploads\/2025\/04\/Nottingham-Forest-0-1-Everton-by-Sky-Sports-12-4-2025.jpg\",\"contentUrl\":\"https:\/\/evertonfc.cz\/wp-content\/uploads\/2025\/04\/Nottingham-Forest-0-1-Everton-by-Sky-Sports-12-4-2025.jpg\",\"width\":720,\"height\":405},{\"@type\":\"BreadcrumbList\",\"@id\":\"https:\/\/evertonfc.cz\/index.php\/2025\/04\/12\/nottingham-forest-everton-01-2\/#breadcrumb\",\"itemListElement\":[{\"@type\":\"ListItem\",\"position\":1,\"name\":\"Home\",\"item\":\"https:\/\/evertonfc.cz\/\"},{\"@type\":\"ListItem\",\"position\":2,\"name\":\"Nottingham Forest &#8211; Everton 0:1\"}]},{\"@type\":\"WebSite\",\"@id\":\"https:\/\/evertonfc.cz\/#website\",\"url\":\"https:\/\/evertonfc.cz\/\",\"name\":\"Official Czech &amp; Slovak Everton Supporters&#039; Club\",\"description\":\"\",\"publisher\":{\"@id\":\"https:\/\/evertonfc.cz\/#organization\"},\"potentialAction\":[{\"@type\":\"SearchAction\",\"target\":{\"@type\":\"EntryPoint\",\"urlTemplate\":\"https:\/\/evertonfc.cz\/?s={search_term_string}\"},\"query-input\":{\"@type\":\"PropertyValueSpecification\",\"valueRequired\":true,\"valueName\":\"search_term_string\"}}],\"inLanguage\":\"cs\"},{\"@type\":\"Organization\",\"@id\":\"https:\/\/evertonfc.cz\/#organization\",\"name\":\"Official Czech & Slovak Everton Supporters' Club\",\"url\":\"https:\/\/evertonfc.cz\/\",\"logo\":{\"@type\":\"ImageObject\",\"inLanguage\":\"cs\",\"@id\":\"https:\/\/evertonfc.cz\/#\/schema\/logo\/image\/\",\"url\":\"https:\/\/evertonfc.cz\/wp-content\/uploads\/2019\/05\/logo.png\",\"contentUrl\":\"https:\/\/evertonfc.cz\/wp-content\/uploads\/2019\/05\/logo.png\",\"width\":112,\"height\":112,\"caption\":\"Official Czech & Slovak Everton Supporters' Club\"},\"image\":{\"@id\":\"https:\/\/evertonfc.cz\/#\/schema\/logo\/image\/\"},\"sameAs\":[\"https:\/\/www.facebook.com\/everton.fans.cz.sk\"]},{\"@type\":\"Person\",\"@id\":\"https:\/\/evertonfc.cz\/#\/schema\/person\/b30daf6a5852f4811f8207a17ec1bf78\",\"name\":\"Javor\",\"sameAs\":[\"https:\/\/x.com\/LoudinJan\"],\"url\":\"https:\/\/evertonfc.cz\/index.php\/author\/javor\/\"}]}<\/script>\n<!-- \/ Yoast SEO plugin. -->","yoast_head_json":{"title":"Nottingham Forest - Everton 0:1 - Official Czech &amp; Slovak Everton Supporters&#039; Club","description":"Z Nottinghamu vezeme zaslou\u017eenou v\u00fdhru.","robots":{"index":"index","follow":"follow","max-snippet":"max-snippet:-1","max-image-preview":"max-image-preview:large","max-video-preview":"max-video-preview:-1"},"canonical":"https:\/\/evertonfc.cz\/index.php\/2025\/04\/12\/nottingham-forest-everton-01-2\/","og_locale":"cs_CZ","og_type":"article","og_title":"Nottingham Forest - Everton 0:1 - Official Czech &amp; Slovak Everton Supporters&#039; Club","og_description":"Z Nottinghamu vezeme zaslou\u017eenou v\u00fdhru.","og_url":"https:\/\/evertonfc.cz\/index.php\/2025\/04\/12\/nottingham-forest-everton-01-2\/","og_site_name":"Official Czech &amp; Slovak Everton Supporters&#039; Club","article_publisher":"https:\/\/www.facebook.com\/everton.fans.cz.sk","article_published_time":"2025-04-12T16:04:19+00:00","article_modified_time":"2025-04-12T17:34:31+00:00","og_image":[{"width":720,"height":405,"url":"https:\/\/evertonfc.cz\/wp-content\/uploads\/2025\/04\/Nottingham-Forest-0-1-Everton-by-Sky-Sports-12-4-2025.jpg","type":"image\/jpeg"}],"author":"Javor","twitter_card":"summary_large_image","twitter_creator":"@LoudinJan","twitter_misc":{"Napsal(a)":"Javor","Odhadovan\u00e1 doba \u010dten\u00ed":"3 minuty"},"schema":{"@context":"https:\/\/schema.org","@graph":[{"@type":"Article","@id":"https:\/\/evertonfc.cz\/index.php\/2025\/04\/12\/nottingham-forest-everton-01-2\/#article","isPartOf":{"@id":"https:\/\/evertonfc.cz\/index.php\/2025\/04\/12\/nottingham-forest-everton-01-2\/"},"author":{"name":"Javor","@id":"https:\/\/evertonfc.cz\/#\/schema\/person\/b30daf6a5852f4811f8207a17ec1bf78"},"headline":"Nottingham Forest &#8211; Everton 0:1","datePublished":"2025-04-12T16:04:19+00:00","dateModified":"2025-04-12T17:34:31+00:00","mainEntityOfPage":{"@id":"https:\/\/evertonfc.cz\/index.php\/2025\/04\/12\/nottingham-forest-everton-01-2\/"},"wordCount":485,"commentCount":19,"publisher":{"@id":"https:\/\/evertonfc.cz\/#organization"},"image":{"@id":"https:\/\/evertonfc.cz\/index.php\/2025\/04\/12\/nottingham-forest-everton-01-2\/#primaryimage"},"thumbnailUrl":"https:\/\/evertonfc.cz\/wp-content\/uploads\/2025\/04\/Nottingham-Forest-0-1-Everton-by-Sky-Sports-12-4-2025.jpg","articleSection":["Z\u00e1pasy"],"inLanguage":"cs","potentialAction":[{"@type":"CommentAction","name":"Comment","target":["https:\/\/evertonfc.cz\/index.php\/2025\/04\/12\/nottingham-forest-everton-01-2\/#respond"]}]},{"@type":"WebPage","@id":"https:\/\/evertonfc.cz\/index.php\/2025\/04\/12\/nottingham-forest-everton-01-2\/","url":"https:\/\/evertonfc.cz\/index.php\/2025\/04\/12\/nottingham-forest-everton-01-2\/","name":"Nottingham Forest - Everton 0:1 - Official Czech &amp; Slovak Everton Supporters&#039; Club","isPartOf":{"@id":"https:\/\/evertonfc.cz\/#website"},"primaryImageOfPage":{"@id":"https:\/\/evertonfc.cz\/index.php\/2025\/04\/12\/nottingham-forest-everton-01-2\/#primaryimage"},"image":{"@id":"https:\/\/evertonfc.cz\/index.php\/2025\/04\/12\/nottingham-forest-everton-01-2\/#primaryimage"},"thumbnailUrl":"https:\/\/evertonfc.cz\/wp-content\/uploads\/2025\/04\/Nottingham-Forest-0-1-Everton-by-Sky-Sports-12-4-2025.jpg","datePublished":"2025-04-12T16:04:19+00:00","dateModified":"2025-04-12T17:34:31+00:00","description":"Z Nottinghamu vezeme zaslou\u017eenou v\u00fdhru.","breadcrumb":{"@id":"https:\/\/evertonfc.cz\/index.php\/2025\/04\/12\/nottingham-forest-everton-01-2\/#breadcrumb"},"inLanguage":"cs","potentialAction":[{"@type":"ReadAction","target":["https:\/\/evertonfc.cz\/index.php\/2025\/04\/12\/nottingham-forest-everton-01-2\/"]}]},{"@type":"ImageObject","inLanguage":"cs","@id":"https:\/\/evertonfc.cz\/index.php\/2025\/04\/12\/nottingham-forest-everton-01-2\/#primaryimage","url":"https:\/\/evertonfc.cz\/wp-content\/uploads\/2025\/04\/Nottingham-Forest-0-1-Everton-by-Sky-Sports-12-4-2025.jpg","contentUrl":"https:\/\/evertonfc.cz\/wp-content\/uploads\/2025\/04\/Nottingham-Forest-0-1-Everton-by-Sky-Sports-12-4-2025.jpg","width":720,"height":405},{"@type":"BreadcrumbList","@id":"https:\/\/evertonfc.cz\/index.php\/2025\/04\/12\/nottingham-forest-everton-01-2\/#breadcrumb","itemListElement":[{"@type":"ListItem","position":1,"name":"Home","item":"https:\/\/evertonfc.cz\/"},{"@type":"ListItem","position":2,"name":"Nottingham Forest &#8211; Everton 0:1"}]},{"@type":"WebSite","@id":"https:\/\/evertonfc.cz\/#website","url":"https:\/\/evertonfc.cz\/","name":"Official Czech &amp; Slovak Everton Supporters&#039; Club","description":"","publisher":{"@id":"https:\/\/evertonfc.cz\/#organization"},"potentialAction":[{"@type":"SearchAction","target":{"@type":"EntryPoint","urlTemplate":"https:\/\/evertonfc.cz\/?s={search_term_string}"},"query-input":{"@type":"PropertyValueSpecification","valueRequired":true,"valueName":"search_term_string"}}],"inLanguage":"cs"},{"@type":"Organization","@id":"https:\/\/evertonfc.cz\/#organization","name":"Official Czech & Slovak Everton Supporters' Club","url":"https:\/\/evertonfc.cz\/","logo":{"@type":"ImageObject","inLanguage":"cs","@id":"https:\/\/evertonfc.cz\/#\/schema\/logo\/image\/","url":"https:\/\/evertonfc.cz\/wp-content\/uploads\/2019\/05\/logo.png","contentUrl":"https:\/\/evertonfc.cz\/wp-content\/uploads\/2019\/05\/logo.png","width":112,"height":112,"caption":"Official Czech & Slovak Everton Supporters' Club"},"image":{"@id":"https:\/\/evertonfc.cz\/#\/schema\/logo\/image\/"},"sameAs":["https:\/\/www.facebook.com\/everton.fans.cz.sk"]},{"@type":"Person","@id":"https:\/\/evertonfc.cz\/#\/schema\/person\/b30daf6a5852f4811f8207a17ec1bf78","name":"Javor","sameAs":["https:\/\/x.com\/LoudinJan"],"url":"https:\/\/evertonfc.cz\/index.php\/author\/javor\/"}]}},"_links":{"self":[{"href":"https:\/\/evertonfc.cz\/index.php\/wp-json\/wp\/v2\/posts\/26576"}],"collection":[{"href":"https:\/\/evertonfc.cz\/index.php\/wp-json\/wp\/v2\/posts"}],"about":[{"href":"https:\/\/evertonfc.cz\/index.php\/wp-json\/wp\/v2\/types\/post"}],"author":[{"embeddable":true,"href":"https:\/\/evertonfc.cz\/index.php\/wp-json\/wp\/v2\/users\/12"}],"replies":[{"embeddable":true,"href":"https:\/\/evertonfc.cz\/index.php\/wp-json\/wp\/v2\/comments?post=26576"}],"version-history":[{"count":3,"href":"https:\/\/evertonfc.cz\/index.php\/wp-json\/wp\/v2\/posts\/26576\/revisions"}],"predecessor-version":[{"id":26580,"href":"https:\/\/evertonfc.cz\/index.php\/wp-json\/wp\/v2\/posts\/26576\/revisions\/26580"}],"wp:featuredmedia":[{"embeddable":true,"href":"https:\/\/evertonfc.cz\/index.php\/wp-json\/wp\/v2\/media\/26579"}],"wp:attachment":[{"href":"https:\/\/evertonfc.cz\/index.php\/wp-json\/wp\/v2\/media?parent=26576"}],"wp:term":[{"taxonomy":"category","embeddable":true,"href":"https:\/\/evertonfc.cz\/index.php\/wp-json\/wp\/v2\/categories?post=26576"},{"taxonomy":"post_tag","embeddable":true,"href":"https:\/\/evertonfc.cz\/index.php\/wp-json\/wp\/v2\/tags?post=26576"}],"curies":[{"name":"wp","href":"https:\/\/api.w.org\/{rel}","templated":true}]}}