{"id":2659,"date":"2017-08-21T20:58:02","date_gmt":"2017-08-21T18:58:02","guid":{"rendered":"http:\/\/evertonfc.cz\/?p=2659"},"modified":"2021-02-17T15:59:08","modified_gmt":"2021-02-17T14:59:08","slug":"preview-manchester-city-everton-2","status":"publish","type":"post","link":"https:\/\/evertonfc.cz\/index.php\/2017\/08\/21\/preview-manchester-city-everton-2\/","title":{"rendered":"Preview: Manchester City &#8211; Everton"},"content":{"rendered":"<h4 id=\"NewsPostDetailSummary\">Za\u010d\u00e1tek n\u00e1ro\u010dn\u00e9ho ligov\u00e9ho \u010dty\u0159boje, \u010d\u00e1st prvn\u00ed: Sky Blues venku.<\/h4>\n<div id=\"NewsPostDetailContent\">\n<p>Je to tak. Ligov\u00fd rozpis je nemilosrdn\u00fd. Everton m\u00e1 na za\u010d\u00e1tku ligu opravdu rozlosov\u00e1n\u00ed, kter\u00e9 je sou\u010dasn\u011b velkou v\u00fdzvou. A kdo\u017ee nastoup\u00ed proti t\u00fdmu v kr\u00e1lovsk\u00e9 mod\u0159i v dal\u0161\u00edch kolech? Chelsea, Tottenham, Manchester United. A pouze Spurs doma&#8230;<\/p>\n<p>Ale nep\u0159\u00edjemn\u00e9 v\u011bci je lep\u0161\u00ed m\u00edt za sebou sp\u00ed\u0161e d\u0159\u00edve ne\u017e pozd\u011bji. Do Manchesteru je cesta kr\u00e1tk\u00e1 a oba tamn\u00ed kluby pat\u0159\u00ed ke kandid\u00e1t\u016fm titulu. S jak\u00fdmi ambicemi a nad\u011bjemi tedy Everton tuhle cestu na severov\u00fdchod absolvuje? No, nad\u011bje jsou trochu v\u011bt\u0161\u00ed ne\u017e p\u0159ed rokem.To sice Toffees uhr\u00e1li bod, ale taky m\u011bli jen jednu \u0161anci, kterou Lukaku prom\u011bnil. Sm\u011brem dop\u0159edu by to m\u011blo b\u00fdt lep\u0161\u00ed. P\u0159ece jen Barkley a Lukaku vs Klaassen, Rooney a Sandro je rozd\u00edl. Nav\u00edc Koeman prohl\u00e1sil, \u017ee Sigurdsson bude hr\u00e1t (pravd\u011bpodobn\u011b nastoup\u00ed z lavi\u010dky). Pro\u010d by to nemohlo vyj\u00edt? Obrana dr\u017e\u00ed, o tom sv\u011bd\u010d\u00ed \u010dty\u0159i \u010dist\u00e1 konta za sebou.<\/p>\n<p>Kdy\u017e u\u017e jsem u Sandra, tak bude hr\u00e1t, jeho nenasazen\u00ed v prvn\u00edm utk\u00e1n\u00ed proti Hajduku Split kv\u016fli zran\u011bn\u00ed paty bylo sp\u00ed\u0161e preventivn\u00ed a je p\u0159ipraven prohnat perka Kompanymu. Ofenzivn\u00ed par\u0165\u00e1ky by mu m\u011bli d\u011blat Mirallas, Klaassen a Rooney, \u010di\u0161t\u011bn\u00ed prostoru p\u0159ed obranou jist\u011b budou m\u00edt na starosti Schneiderlin, Davies a Gana. M\u00edrn\u00fd otazn\u00edk m\u016f\u017ee vyvstat ve st\u0159edu obrany, n\u00e1vrat Jagielky do z\u00e1kladu v r\u00e1mci rotace bych nevylu\u010doval. Martina je jasn\u00e1, stejn\u011b jako Baines a Pickford.<\/p>\n<p>Z\u00e1rove\u0148 jsou dom\u00e1c\u00ed zcela fit, nebo aspo\u0148 z hodn\u011b velk\u00e9 \u010d\u00e1sti. Trojice Delph-G\u00fcndogan-Mendy \u00fapln\u011b zdrav\u00e1 nen\u00ed, ale p\u0159\u00edpadn\u011b by p\u00e1r minut z lavi\u010dky zvl\u00e1dnout m\u011bli. Nasri p\u0159estoupil do Antalyasporu.<\/p>\n<p>Mendy je jednou z nov\u00fdch posil klubu, n\u00e1sledovali ho nap\u0159. brank\u00e1\u0159 Ederson z Benficy Lisabon, Danilo z Realu Madrid \u010di Kyle Walker z Tottenhamu, jeden ze dvou hr\u00e1\u010d\u016f, kter\u00e9 Spurs v\u00fdslovn\u011b ukradli Evertonu (t\u00edm druh\u00fdm byl Naughton). Odchody? Bylo jich dost. Propu\u0161t\u011bni byli Caballero, Clichy, Navas \u010di Sagna, Zabaleta k\u00fdvl West Hamu. Tam ho na hostov\u00e1n\u00ed doprovodil brank\u00e1\u0159 Hart, Iheanacha (kter\u00e9ho bych v\u0161ema dvaceti bral v Evertonu) koupil Leicester&#8230;<\/p>\n<p>Absence u host\u016f? Bolasie, McCarthy, Mori (koleno), Barkley (p\u0159itahova\u010d stehenn\u00edho svalu). Coleman utk\u00e1n\u00ed samoz\u0159ejm\u011b tak\u00e9 nestihne, ale ten ji\u017e za\u010dal s lehk\u00fdm tr\u00e9ninkem. A vypad\u00e1 to, \u017ee Niass\u00e9 odejde, dohoda s Fenerbahce vypad\u00e1 nad\u011bjn\u011b.<\/p>\n<p>Utk\u00e1n\u00ed vys\u00edl\u00e1 p\u0159\u00edm\u00fdm p\u0159enosem stanice Digi sport 1 od 21 hodin.<\/p>\n<p><strong>Co: <\/strong>Manchester City\u00a0FC &#8211; Everton FC, 2. kolo Premier League<br \/>\n<strong>Kdy:<\/strong> 21. 8. 2017 od 21:00 SE\u010c<br \/>\n<strong>Kde<\/strong><strong>:<\/strong> City of Manchester Stadium, Manchester<br \/>\n<strong>Rozhod\u010d\u00ed:<\/strong> Robert Madley<\/p>\n<\/div>\n","protected":false},"excerpt":{"rendered":"<p>Za\u010d\u00e1tek n\u00e1ro\u010dn\u00e9ho ligov\u00e9ho \u010dty\u0159boje, \u010d\u00e1st prvn\u00ed: Sky Blues venku. Je to tak. Ligov\u00fd rozpis je nemilosrdn\u00fd. Everton m\u00e1 na za\u010d\u00e1tku&hellip;<\/p>\n","protected":false},"author":12,"featured_media":14182,"comment_status":"open","ping_status":"closed","sticky":false,"template":"","format":"standard","meta":{"_eb_attr":"","_monsterinsights_skip_tracking":false,"_monsterinsights_sitenote_active":false,"_monsterinsights_sitenote_note":"","_monsterinsights_sitenote_category":0,"footnotes":""},"categories":[4],"tags":[],"yoast_head":"<!-- This site is optimized with the Yoast SEO plugin v23.4 - https:\/\/yoast.com\/wordpress\/plugins\/seo\/ -->\n<title>Preview: Manchester City - Everton - Official Czech &amp; Slovak Everton Supporters&#039; Club<\/title>\n<meta name=\"robots\" content=\"index, follow, max-snippet:-1, max-image-preview:large, max-video-preview:-1\" \/>\n<link rel=\"canonical\" href=\"https:\/\/evertonfc.cz\/index.php\/2017\/08\/21\/preview-manchester-city-everton-2\/\" \/>\n<meta property=\"og:locale\" content=\"cs_CZ\" \/>\n<meta property=\"og:type\" content=\"article\" \/>\n<meta property=\"og:title\" content=\"Preview: Manchester City - Everton - Official Czech &amp; Slovak Everton Supporters&#039; Club\" \/>\n<meta property=\"og:description\" content=\"Za\u010d\u00e1tek n\u00e1ro\u010dn\u00e9ho ligov\u00e9ho \u010dty\u0159boje, \u010d\u00e1st prvn\u00ed: Sky Blues venku. Je to tak. Ligov\u00fd rozpis je nemilosrdn\u00fd. Everton m\u00e1 na za\u010d\u00e1tku&hellip;\" \/>\n<meta property=\"og:url\" content=\"https:\/\/evertonfc.cz\/index.php\/2017\/08\/21\/preview-manchester-city-everton-2\/\" \/>\n<meta property=\"og:site_name\" content=\"Official Czech &amp; Slovak Everton Supporters&#039; Club\" \/>\n<meta property=\"article:publisher\" content=\"https:\/\/www.facebook.com\/everton.fans.cz.sk\" \/>\n<meta property=\"article:published_time\" content=\"2017-08-21T18:58:02+00:00\" \/>\n<meta property=\"article:modified_time\" content=\"2021-02-17T14:59:08+00:00\" \/>\n<meta property=\"og:image\" content=\"https:\/\/evertonfc.cz\/wp-content\/uploads\/2021\/02\/Manchester-City-VS-Everton.jpg\" \/>\n\t<meta property=\"og:image:width\" content=\"720\" \/>\n\t<meta property=\"og:image:height\" content=\"405\" \/>\n\t<meta property=\"og:image:type\" content=\"image\/jpeg\" \/>\n<meta name=\"author\" content=\"Javor\" \/>\n<meta name=\"twitter:card\" content=\"summary_large_image\" \/>\n<meta name=\"twitter:creator\" content=\"@LoudinJan\" \/>\n<meta name=\"twitter:label1\" content=\"Napsal(a)\" \/>\n\t<meta name=\"twitter:data1\" content=\"Javor\" \/>\n\t<meta name=\"twitter:label2\" content=\"Odhadovan\u00e1 doba \u010dten\u00ed\" \/>\n\t<meta name=\"twitter:data2\" content=\"2 minuty\" \/>\n<script type=\"application\/ld+json\" class=\"yoast-schema-graph\">{\"@context\":\"https:\/\/schema.org\",\"@graph\":[{\"@type\":\"Article\",\"@id\":\"https:\/\/evertonfc.cz\/index.php\/2017\/08\/21\/preview-manchester-city-everton-2\/#article\",\"isPartOf\":{\"@id\":\"https:\/\/evertonfc.cz\/index.php\/2017\/08\/21\/preview-manchester-city-everton-2\/\"},\"author\":{\"name\":\"Javor\",\"@id\":\"https:\/\/evertonfc.cz\/#\/schema\/person\/b30daf6a5852f4811f8207a17ec1bf78\"},\"headline\":\"Preview: Manchester City &#8211; Everton\",\"datePublished\":\"2017-08-21T18:58:02+00:00\",\"dateModified\":\"2021-02-17T14:59:08+00:00\",\"mainEntityOfPage\":{\"@id\":\"https:\/\/evertonfc.cz\/index.php\/2017\/08\/21\/preview-manchester-city-everton-2\/\"},\"wordCount\":496,\"commentCount\":0,\"publisher\":{\"@id\":\"https:\/\/evertonfc.cz\/#organization\"},\"image\":{\"@id\":\"https:\/\/evertonfc.cz\/index.php\/2017\/08\/21\/preview-manchester-city-everton-2\/#primaryimage\"},\"thumbnailUrl\":\"https:\/\/evertonfc.cz\/wp-content\/uploads\/2021\/02\/Manchester-City-VS-Everton.jpg\",\"articleSection\":[\"Z\u00e1pasy\"],\"inLanguage\":\"cs\",\"potentialAction\":[{\"@type\":\"CommentAction\",\"name\":\"Comment\",\"target\":[\"https:\/\/evertonfc.cz\/index.php\/2017\/08\/21\/preview-manchester-city-everton-2\/#respond\"]}]},{\"@type\":\"WebPage\",\"@id\":\"https:\/\/evertonfc.cz\/index.php\/2017\/08\/21\/preview-manchester-city-everton-2\/\",\"url\":\"https:\/\/evertonfc.cz\/index.php\/2017\/08\/21\/preview-manchester-city-everton-2\/\",\"name\":\"Preview: Manchester City - Everton - Official Czech &amp; Slovak Everton Supporters&#039; Club\",\"isPartOf\":{\"@id\":\"https:\/\/evertonfc.cz\/#website\"},\"primaryImageOfPage\":{\"@id\":\"https:\/\/evertonfc.cz\/index.php\/2017\/08\/21\/preview-manchester-city-everton-2\/#primaryimage\"},\"image\":{\"@id\":\"https:\/\/evertonfc.cz\/index.php\/2017\/08\/21\/preview-manchester-city-everton-2\/#primaryimage\"},\"thumbnailUrl\":\"https:\/\/evertonfc.cz\/wp-content\/uploads\/2021\/02\/Manchester-City-VS-Everton.jpg\",\"datePublished\":\"2017-08-21T18:58:02+00:00\",\"dateModified\":\"2021-02-17T14:59:08+00:00\",\"breadcrumb\":{\"@id\":\"https:\/\/evertonfc.cz\/index.php\/2017\/08\/21\/preview-manchester-city-everton-2\/#breadcrumb\"},\"inLanguage\":\"cs\",\"potentialAction\":[{\"@type\":\"ReadAction\",\"target\":[\"https:\/\/evertonfc.cz\/index.php\/2017\/08\/21\/preview-manchester-city-everton-2\/\"]}]},{\"@type\":\"ImageObject\",\"inLanguage\":\"cs\",\"@id\":\"https:\/\/evertonfc.cz\/index.php\/2017\/08\/21\/preview-manchester-city-everton-2\/#primaryimage\",\"url\":\"https:\/\/evertonfc.cz\/wp-content\/uploads\/2021\/02\/Manchester-City-VS-Everton.jpg\",\"contentUrl\":\"https:\/\/evertonfc.cz\/wp-content\/uploads\/2021\/02\/Manchester-City-VS-Everton.jpg\",\"width\":720,\"height\":405},{\"@type\":\"BreadcrumbList\",\"@id\":\"https:\/\/evertonfc.cz\/index.php\/2017\/08\/21\/preview-manchester-city-everton-2\/#breadcrumb\",\"itemListElement\":[{\"@type\":\"ListItem\",\"position\":1,\"name\":\"Home\",\"item\":\"https:\/\/evertonfc.cz\/\"},{\"@type\":\"ListItem\",\"position\":2,\"name\":\"Preview: Manchester City &#8211; Everton\"}]},{\"@type\":\"WebSite\",\"@id\":\"https:\/\/evertonfc.cz\/#website\",\"url\":\"https:\/\/evertonfc.cz\/\",\"name\":\"Official Czech &amp; Slovak Everton Supporters&#039; Club\",\"description\":\"\",\"publisher\":{\"@id\":\"https:\/\/evertonfc.cz\/#organization\"},\"potentialAction\":[{\"@type\":\"SearchAction\",\"target\":{\"@type\":\"EntryPoint\",\"urlTemplate\":\"https:\/\/evertonfc.cz\/?s={search_term_string}\"},\"query-input\":{\"@type\":\"PropertyValueSpecification\",\"valueRequired\":true,\"valueName\":\"search_term_string\"}}],\"inLanguage\":\"cs\"},{\"@type\":\"Organization\",\"@id\":\"https:\/\/evertonfc.cz\/#organization\",\"name\":\"Official Czech & Slovak Everton Supporters' Club\",\"url\":\"https:\/\/evertonfc.cz\/\",\"logo\":{\"@type\":\"ImageObject\",\"inLanguage\":\"cs\",\"@id\":\"https:\/\/evertonfc.cz\/#\/schema\/logo\/image\/\",\"url\":\"https:\/\/evertonfc.cz\/wp-content\/uploads\/2019\/05\/logo.png\",\"contentUrl\":\"https:\/\/evertonfc.cz\/wp-content\/uploads\/2019\/05\/logo.png\",\"width\":112,\"height\":112,\"caption\":\"Official Czech & Slovak Everton Supporters' Club\"},\"image\":{\"@id\":\"https:\/\/evertonfc.cz\/#\/schema\/logo\/image\/\"},\"sameAs\":[\"https:\/\/www.facebook.com\/everton.fans.cz.sk\"]},{\"@type\":\"Person\",\"@id\":\"https:\/\/evertonfc.cz\/#\/schema\/person\/b30daf6a5852f4811f8207a17ec1bf78\",\"name\":\"Javor\",\"sameAs\":[\"https:\/\/x.com\/LoudinJan\"],\"url\":\"https:\/\/evertonfc.cz\/index.php\/author\/javor\/\"}]}<\/script>\n<!-- \/ Yoast SEO plugin. -->","yoast_head_json":{"title":"Preview: Manchester City - Everton - Official Czech &amp; Slovak Everton Supporters&#039; Club","robots":{"index":"index","follow":"follow","max-snippet":"max-snippet:-1","max-image-preview":"max-image-preview:large","max-video-preview":"max-video-preview:-1"},"canonical":"https:\/\/evertonfc.cz\/index.php\/2017\/08\/21\/preview-manchester-city-everton-2\/","og_locale":"cs_CZ","og_type":"article","og_title":"Preview: Manchester City - Everton - Official Czech &amp; Slovak Everton Supporters&#039; Club","og_description":"Za\u010d\u00e1tek n\u00e1ro\u010dn\u00e9ho ligov\u00e9ho \u010dty\u0159boje, \u010d\u00e1st prvn\u00ed: Sky Blues venku. Je to tak. Ligov\u00fd rozpis je nemilosrdn\u00fd. Everton m\u00e1 na za\u010d\u00e1tku&hellip;","og_url":"https:\/\/evertonfc.cz\/index.php\/2017\/08\/21\/preview-manchester-city-everton-2\/","og_site_name":"Official Czech &amp; Slovak Everton Supporters&#039; Club","article_publisher":"https:\/\/www.facebook.com\/everton.fans.cz.sk","article_published_time":"2017-08-21T18:58:02+00:00","article_modified_time":"2021-02-17T14:59:08+00:00","og_image":[{"width":720,"height":405,"url":"https:\/\/evertonfc.cz\/wp-content\/uploads\/2021\/02\/Manchester-City-VS-Everton.jpg","type":"image\/jpeg"}],"author":"Javor","twitter_card":"summary_large_image","twitter_creator":"@LoudinJan","twitter_misc":{"Napsal(a)":"Javor","Odhadovan\u00e1 doba \u010dten\u00ed":"2 minuty"},"schema":{"@context":"https:\/\/schema.org","@graph":[{"@type":"Article","@id":"https:\/\/evertonfc.cz\/index.php\/2017\/08\/21\/preview-manchester-city-everton-2\/#article","isPartOf":{"@id":"https:\/\/evertonfc.cz\/index.php\/2017\/08\/21\/preview-manchester-city-everton-2\/"},"author":{"name":"Javor","@id":"https:\/\/evertonfc.cz\/#\/schema\/person\/b30daf6a5852f4811f8207a17ec1bf78"},"headline":"Preview: Manchester City &#8211; Everton","datePublished":"2017-08-21T18:58:02+00:00","dateModified":"2021-02-17T14:59:08+00:00","mainEntityOfPage":{"@id":"https:\/\/evertonfc.cz\/index.php\/2017\/08\/21\/preview-manchester-city-everton-2\/"},"wordCount":496,"commentCount":0,"publisher":{"@id":"https:\/\/evertonfc.cz\/#organization"},"image":{"@id":"https:\/\/evertonfc.cz\/index.php\/2017\/08\/21\/preview-manchester-city-everton-2\/#primaryimage"},"thumbnailUrl":"https:\/\/evertonfc.cz\/wp-content\/uploads\/2021\/02\/Manchester-City-VS-Everton.jpg","articleSection":["Z\u00e1pasy"],"inLanguage":"cs","potentialAction":[{"@type":"CommentAction","name":"Comment","target":["https:\/\/evertonfc.cz\/index.php\/2017\/08\/21\/preview-manchester-city-everton-2\/#respond"]}]},{"@type":"WebPage","@id":"https:\/\/evertonfc.cz\/index.php\/2017\/08\/21\/preview-manchester-city-everton-2\/","url":"https:\/\/evertonfc.cz\/index.php\/2017\/08\/21\/preview-manchester-city-everton-2\/","name":"Preview: Manchester City - Everton - Official Czech &amp; Slovak Everton Supporters&#039; Club","isPartOf":{"@id":"https:\/\/evertonfc.cz\/#website"},"primaryImageOfPage":{"@id":"https:\/\/evertonfc.cz\/index.php\/2017\/08\/21\/preview-manchester-city-everton-2\/#primaryimage"},"image":{"@id":"https:\/\/evertonfc.cz\/index.php\/2017\/08\/21\/preview-manchester-city-everton-2\/#primaryimage"},"thumbnailUrl":"https:\/\/evertonfc.cz\/wp-content\/uploads\/2021\/02\/Manchester-City-VS-Everton.jpg","datePublished":"2017-08-21T18:58:02+00:00","dateModified":"2021-02-17T14:59:08+00:00","breadcrumb":{"@id":"https:\/\/evertonfc.cz\/index.php\/2017\/08\/21\/preview-manchester-city-everton-2\/#breadcrumb"},"inLanguage":"cs","potentialAction":[{"@type":"ReadAction","target":["https:\/\/evertonfc.cz\/index.php\/2017\/08\/21\/preview-manchester-city-everton-2\/"]}]},{"@type":"ImageObject","inLanguage":"cs","@id":"https:\/\/evertonfc.cz\/index.php\/2017\/08\/21\/preview-manchester-city-everton-2\/#primaryimage","url":"https:\/\/evertonfc.cz\/wp-content\/uploads\/2021\/02\/Manchester-City-VS-Everton.jpg","contentUrl":"https:\/\/evertonfc.cz\/wp-content\/uploads\/2021\/02\/Manchester-City-VS-Everton.jpg","width":720,"height":405},{"@type":"BreadcrumbList","@id":"https:\/\/evertonfc.cz\/index.php\/2017\/08\/21\/preview-manchester-city-everton-2\/#breadcrumb","itemListElement":[{"@type":"ListItem","position":1,"name":"Home","item":"https:\/\/evertonfc.cz\/"},{"@type":"ListItem","position":2,"name":"Preview: Manchester City &#8211; Everton"}]},{"@type":"WebSite","@id":"https:\/\/evertonfc.cz\/#website","url":"https:\/\/evertonfc.cz\/","name":"Official Czech &amp; Slovak Everton Supporters&#039; Club","description":"","publisher":{"@id":"https:\/\/evertonfc.cz\/#organization"},"potentialAction":[{"@type":"SearchAction","target":{"@type":"EntryPoint","urlTemplate":"https:\/\/evertonfc.cz\/?s={search_term_string}"},"query-input":{"@type":"PropertyValueSpecification","valueRequired":true,"valueName":"search_term_string"}}],"inLanguage":"cs"},{"@type":"Organization","@id":"https:\/\/evertonfc.cz\/#organization","name":"Official Czech & Slovak Everton Supporters' Club","url":"https:\/\/evertonfc.cz\/","logo":{"@type":"ImageObject","inLanguage":"cs","@id":"https:\/\/evertonfc.cz\/#\/schema\/logo\/image\/","url":"https:\/\/evertonfc.cz\/wp-content\/uploads\/2019\/05\/logo.png","contentUrl":"https:\/\/evertonfc.cz\/wp-content\/uploads\/2019\/05\/logo.png","width":112,"height":112,"caption":"Official Czech & Slovak Everton Supporters' Club"},"image":{"@id":"https:\/\/evertonfc.cz\/#\/schema\/logo\/image\/"},"sameAs":["https:\/\/www.facebook.com\/everton.fans.cz.sk"]},{"@type":"Person","@id":"https:\/\/evertonfc.cz\/#\/schema\/person\/b30daf6a5852f4811f8207a17ec1bf78","name":"Javor","sameAs":["https:\/\/x.com\/LoudinJan"],"url":"https:\/\/evertonfc.cz\/index.php\/author\/javor\/"}]}},"_links":{"self":[{"href":"https:\/\/evertonfc.cz\/index.php\/wp-json\/wp\/v2\/posts\/2659"}],"collection":[{"href":"https:\/\/evertonfc.cz\/index.php\/wp-json\/wp\/v2\/posts"}],"about":[{"href":"https:\/\/evertonfc.cz\/index.php\/wp-json\/wp\/v2\/types\/post"}],"author":[{"embeddable":true,"href":"https:\/\/evertonfc.cz\/index.php\/wp-json\/wp\/v2\/users\/12"}],"replies":[{"embeddable":true,"href":"https:\/\/evertonfc.cz\/index.php\/wp-json\/wp\/v2\/comments?post=2659"}],"version-history":[{"count":3,"href":"https:\/\/evertonfc.cz\/index.php\/wp-json\/wp\/v2\/posts\/2659\/revisions"}],"predecessor-version":[{"id":14187,"href":"https:\/\/evertonfc.cz\/index.php\/wp-json\/wp\/v2\/posts\/2659\/revisions\/14187"}],"wp:featuredmedia":[{"embeddable":true,"href":"https:\/\/evertonfc.cz\/index.php\/wp-json\/wp\/v2\/media\/14182"}],"wp:attachment":[{"href":"https:\/\/evertonfc.cz\/index.php\/wp-json\/wp\/v2\/media?parent=2659"}],"wp:term":[{"taxonomy":"category","embeddable":true,"href":"https:\/\/evertonfc.cz\/index.php\/wp-json\/wp\/v2\/categories?post=2659"},{"taxonomy":"post_tag","embeddable":true,"href":"https:\/\/evertonfc.cz\/index.php\/wp-json\/wp\/v2\/tags?post=2659"}],"curies":[{"name":"wp","href":"https:\/\/api.w.org\/{rel}","templated":true}]}}