{"id":26590,"date":"2025-04-19T13:37:04","date_gmt":"2025-04-19T11:37:04","guid":{"rendered":"https:\/\/evertonfc.cz\/?p=26590"},"modified":"2025-04-20T10:35:41","modified_gmt":"2025-04-20T08:35:41","slug":"preview-everton-manchester-city-16","status":"publish","type":"post","link":"https:\/\/evertonfc.cz\/index.php\/2025\/04\/19\/preview-everton-manchester-city-16\/","title":{"rendered":"Preview: Everton &#8211; Manchester City"},"content":{"rendered":"<h4>17 bod\u016f nad sestupem, 17 bod\u016f za City. Do Evropy se letos m\u016f\u017ee probojovat a\u017e 10 t\u00fdm\u016f. M\u016f\u017ee mezi nimi b\u00fdt Everton? Nejsp\u00ed\u0161 ne. Jeden velikono\u010dn\u00ed z\u00e1zrak n\u00e1m mus\u00ed sta\u010dit.<\/h4>\n<p>P\u0159esto existuje mnoho d\u016fvod\u016f, pro\u010d to nezabalit a sez\u00f3nu dohr\u00e1t co nejl\u00e9pe. Finan\u010dn\u00ed: ka\u017ed\u00e1 vy\u0161\u0161\u00ed pozice v tabulce znamen\u00e1 v\u00edce prize money.<\/p>\n<p>Ne p\u0159\u00edli\u0161 vzd\u00e1len\u00e1 budoucnost: \u0159ada hr\u00e1\u010d\u016f hraje o prodlou\u017een\u00ed smlouvy nebo o p\u0159estup, pokud jsou mezi n\u00e1mi jen hosty. Tenhle podn\u011bt se ur\u010dit\u011b ned\u00e1 p\u0159ece\u0148ovat, ale \u0159ad\u011b hr\u00e1\u010d\u016f jde o \u017eivobyt\u00ed v nej\u0161t\u011bd\u0159ej\u0161\u00edm podniku na sv\u011bt\u011b.<\/p>\n<p>Odplata: m\u00e1 obl\u00edben\u00e1. Sedm proher na dom\u00e1c\u00edm stadionu v lize (plus jedna mezit\u00edm v poh\u00e1ru), to je n\u011bco, co by m\u011blo p\u0159estat. A blankytn\u011b modr\u00e9 monstrum letos zanech\u00e1v\u00e1 krvavou stopu.<\/p>\n<p>\u010cest: Dosluhuj\u00edc\u00ed Goodison Park u\u017e \u010dekaj\u00ed pouze t\u0159i z\u00e1pasy a v\u0161ichni si p\u0159ejeme dohr\u00e1t zde se ct\u00ed. Za\u017e\u00edt i n\u011bjak\u00fd ten slavn\u00fd \u00fasp\u011bch, kdy jindy ne\u017e proti obh\u00e1jci titulu?<\/p>\n<h4>Z\u00a0dom\u00e1c\u00edho t\u00e1bora<\/h4>\n<p>Mangala, Lindstr\u00f8m a DCL. Jen toto trio bude Davidovi Moyesovi chyb\u011bt. Pravd\u011bpodobn\u011b tedy je\u0161t\u011b Coleman, kter\u00fd se v hierarchii prav\u00fdch bek\u016f propadl do suter\u00e9nu.<\/p>\n<p>Brank\u00e1\u0159, obrana a defenzivn\u00ed z\u00e1loha je bez diskuze, tak\u017ee otazn\u00edky z\u016fst\u00e1vaj\u00ed jen nad ofenz\u00edvou, kter\u00e1 se pod Skotem vyhrabala z role pouh\u00e9ho komparzu. Na tiskovce Moyes mluvil o lep\u0161\u00edc\u00ed se fyzi\u010dce McNeila, ale jeho start od za\u010d\u00e1tku mi p\u0159ijde nepravd\u011bpodobn\u00fd. Harrison a Ndiaye si nejsp\u00ed\u0161e m\u00edsto zat\u00edm udr\u017e\u00ed.<\/p>\n<p>M\u016f\u017eeme o\u010dek\u00e1vat hodn\u011b b\u011bh\u00e1n\u00ed bez m\u00ed\u010de, to je parketa pro Doucour\u00e9ho. Sem tam prom\u00e1chne, vyhrabe krtka, ale jestli by zase podepisoval p\u0159ed tribunou \u0161eky, tak bych se nezlobil. Beto \u010di Broja? Beto je n\u00e1\u0161, jeho triko je v\u00edc propocen\u00e9, vybojuje v\u00edce souboj\u016f z\u00e1dy k brance. Pro druh\u00e9ho z nich hovo\u0159\u00ed fakt, \u017ee za t\u00fdden proti Chelsea hr\u00e1t nem\u016f\u017ee. Padlo i jm\u00e9no Chemiti, ale indicie nazna\u010duj\u00ed, \u017ee za\u010dne na lavi\u010dce.<\/p>\n<h4>Cityzens na rozcest\u00ed<\/h4>\n<p>Guardiola, pominu-li penaltov\u00fd roizst\u0159el v Carabao Cupu, s Moyesem nikdy neprohr\u00e1l. S Bayernem ho vy\u0159adil z Ligy mistr\u016f. Od Evertonu schytal sice t\u011b\u017ekou por\u00e1\u017eku, ale to byl Moyes zrovna mana\u017eer Sunderlandu. Pep p\u016fsob\u00ed jako kli\u010fas, ale jeho p\u0159edz\u00e1pasov\u00e1 konference p\u016fsobila dost letargicky. Mo\u017en\u00e1, \u017ee u\u017e n\u011bco v\u00ed nebo alespo\u0148 tu\u0161\u00ed. Te\u010f, a nebo nikdy, Davide!<\/p>\n<p>Ederson, Stones, Ake, Rodri, Haaland, kdo by je necht\u011bl? No v\u0161ichni z\u016fstanou v p\u00e9\u010di doktor\u016f, jich se b\u00e1t nemus\u00edme. Ostatn\u011b, i ten zbytek dok\u00e1\u017ee nahnat strachu dost. City si m\u00edsto v p\u0159\u00ed\u0161t\u00ed LM budou muset vybojovat. Sta\u010d\u00ed skon\u010dit do p\u011btky, ale je tam tla\u010denice a nap\u0159. p\u0159\u00edm\u00fd konkurent Forest test pravdy proti Evertonu nezvl\u00e1dl! City \u010dek\u00e1 99. a posledn\u00ed v\u00fdjezd na Goodison, v\u011b\u0159\u00edme ve v\u00edt\u011bznou te\u010dku pro Toffees!<\/p>\n<p><strong>Co:\u00a0<\/strong>Everton FC \u2013 Manchester City FC, 33. kolo Premier League<br \/>\n<strong>Kdy:\u00a0<\/strong>19. dubna 2025 od 16:00<br \/>\n<strong>Kde:\u00a0<\/strong>Goodison Park \u2013 Goodison Road, Liverpool L4 4EL (kapacita: 39\u00a0414)<br \/>\n<strong>TV:\u00a0<\/strong>P\u0159\u00edm\u00fd p\u0159enos na stanici Canal+ Sport, hlavn\u00ed program od 15:565, komentuje Ji\u0159\u00ed Vrba<br \/>\n<strong>Rozhod\u010d\u00ed: <\/strong>Simon Hooper<strong>\u00a0Asistenti<\/strong>: Adrian Holmes, Simon Long\u00a0 <strong>\u010ctvrt\u00fd rozhod\u010d\u00ed:\u00a0<\/strong>Bobby Madley<br \/>\n<strong>Videorozhod\u010d\u00ed:\u00a0<\/strong>Darren England\u00a0 <strong>Asistent videorozhod\u010d\u00edho:\u00a0<\/strong>Scott Ledger<\/p>\n","protected":false},"excerpt":{"rendered":"<p>17 bod\u016f nad sestupem, 17 bod\u016f za City. Do Evropy se letos m\u016f\u017ee probojovat a\u017e 10 t\u00fdm\u016f. M\u016f\u017ee mezi nimi b\u00fdt Everton? Nejsp\u00ed\u0161 ne. Jeden velikono\u010dn\u00ed z\u00e1zrak n\u00e1m mus\u00ed sta\u010dit.<\/p>\n","protected":false},"author":10,"featured_media":13482,"comment_status":"open","ping_status":"closed","sticky":false,"template":"","format":"standard","meta":{"_eb_attr":"","_monsterinsights_skip_tracking":false,"_monsterinsights_sitenote_active":false,"_monsterinsights_sitenote_note":"","_monsterinsights_sitenote_category":0,"footnotes":""},"categories":[4],"tags":[],"yoast_head":"<!-- This site is optimized with the Yoast SEO plugin v23.4 - https:\/\/yoast.com\/wordpress\/plugins\/seo\/ -->\n<title>Preview: Everton - Manchester City - Official Czech &amp; Slovak Everton Supporters&#039; Club<\/title>\n<meta name=\"robots\" content=\"index, follow, max-snippet:-1, max-image-preview:large, max-video-preview:-1\" \/>\n<link rel=\"canonical\" href=\"https:\/\/evertonfc.cz\/index.php\/2025\/04\/19\/preview-everton-manchester-city-16\/\" \/>\n<meta property=\"og:locale\" content=\"cs_CZ\" \/>\n<meta property=\"og:type\" content=\"article\" \/>\n<meta property=\"og:title\" content=\"Preview: Everton - Manchester City - Official Czech &amp; Slovak Everton Supporters&#039; Club\" \/>\n<meta property=\"og:description\" content=\"17 bod\u016f nad sestupem, 17 bod\u016f za City. Do Evropy se letos m\u016f\u017ee probojovat a\u017e 10 t\u00fdm\u016f. M\u016f\u017ee mezi nimi b\u00fdt Everton? Nejsp\u00ed\u0161 ne. Jeden velikono\u010dn\u00ed z\u00e1zrak n\u00e1m mus\u00ed sta\u010dit.\" \/>\n<meta property=\"og:url\" content=\"https:\/\/evertonfc.cz\/index.php\/2025\/04\/19\/preview-everton-manchester-city-16\/\" \/>\n<meta property=\"og:site_name\" content=\"Official Czech &amp; Slovak Everton Supporters&#039; Club\" \/>\n<meta property=\"article:publisher\" content=\"https:\/\/www.facebook.com\/everton.fans.cz.sk\" \/>\n<meta property=\"article:published_time\" content=\"2025-04-19T11:37:04+00:00\" \/>\n<meta property=\"article:modified_time\" content=\"2025-04-20T08:35:41+00:00\" \/>\n<meta property=\"og:image\" content=\"https:\/\/evertonfc.cz\/wp-content\/uploads\/2021\/01\/Everton-VS-Manchester-City.jpg\" \/>\n\t<meta property=\"og:image:width\" content=\"720\" \/>\n\t<meta property=\"og:image:height\" content=\"405\" \/>\n\t<meta property=\"og:image:type\" content=\"image\/jpeg\" \/>\n<meta name=\"author\" content=\"Fip\" \/>\n<meta name=\"twitter:card\" content=\"summary_large_image\" \/>\n<meta name=\"twitter:label1\" content=\"Napsal(a)\" \/>\n\t<meta name=\"twitter:data1\" content=\"Fip\" \/>\n\t<meta name=\"twitter:label2\" content=\"Odhadovan\u00e1 doba \u010dten\u00ed\" \/>\n\t<meta name=\"twitter:data2\" content=\"3 minuty\" \/>\n<script type=\"application\/ld+json\" class=\"yoast-schema-graph\">{\"@context\":\"https:\/\/schema.org\",\"@graph\":[{\"@type\":\"Article\",\"@id\":\"https:\/\/evertonfc.cz\/index.php\/2025\/04\/19\/preview-everton-manchester-city-16\/#article\",\"isPartOf\":{\"@id\":\"https:\/\/evertonfc.cz\/index.php\/2025\/04\/19\/preview-everton-manchester-city-16\/\"},\"author\":{\"name\":\"Fip\",\"@id\":\"https:\/\/evertonfc.cz\/#\/schema\/person\/35904009755e8eaa0dc1a5f5f0419002\"},\"headline\":\"Preview: Everton &#8211; Manchester City\",\"datePublished\":\"2025-04-19T11:37:04+00:00\",\"dateModified\":\"2025-04-20T08:35:41+00:00\",\"mainEntityOfPage\":{\"@id\":\"https:\/\/evertonfc.cz\/index.php\/2025\/04\/19\/preview-everton-manchester-city-16\/\"},\"wordCount\":599,\"commentCount\":11,\"publisher\":{\"@id\":\"https:\/\/evertonfc.cz\/#organization\"},\"image\":{\"@id\":\"https:\/\/evertonfc.cz\/index.php\/2025\/04\/19\/preview-everton-manchester-city-16\/#primaryimage\"},\"thumbnailUrl\":\"https:\/\/evertonfc.cz\/wp-content\/uploads\/2021\/01\/Everton-VS-Manchester-City.jpg\",\"articleSection\":[\"Z\u00e1pasy\"],\"inLanguage\":\"cs\",\"potentialAction\":[{\"@type\":\"CommentAction\",\"name\":\"Comment\",\"target\":[\"https:\/\/evertonfc.cz\/index.php\/2025\/04\/19\/preview-everton-manchester-city-16\/#respond\"]}]},{\"@type\":\"WebPage\",\"@id\":\"https:\/\/evertonfc.cz\/index.php\/2025\/04\/19\/preview-everton-manchester-city-16\/\",\"url\":\"https:\/\/evertonfc.cz\/index.php\/2025\/04\/19\/preview-everton-manchester-city-16\/\",\"name\":\"Preview: Everton - Manchester City - Official Czech &amp; Slovak Everton Supporters&#039; Club\",\"isPartOf\":{\"@id\":\"https:\/\/evertonfc.cz\/#website\"},\"primaryImageOfPage\":{\"@id\":\"https:\/\/evertonfc.cz\/index.php\/2025\/04\/19\/preview-everton-manchester-city-16\/#primaryimage\"},\"image\":{\"@id\":\"https:\/\/evertonfc.cz\/index.php\/2025\/04\/19\/preview-everton-manchester-city-16\/#primaryimage\"},\"thumbnailUrl\":\"https:\/\/evertonfc.cz\/wp-content\/uploads\/2021\/01\/Everton-VS-Manchester-City.jpg\",\"datePublished\":\"2025-04-19T11:37:04+00:00\",\"dateModified\":\"2025-04-20T08:35:41+00:00\",\"breadcrumb\":{\"@id\":\"https:\/\/evertonfc.cz\/index.php\/2025\/04\/19\/preview-everton-manchester-city-16\/#breadcrumb\"},\"inLanguage\":\"cs\",\"potentialAction\":[{\"@type\":\"ReadAction\",\"target\":[\"https:\/\/evertonfc.cz\/index.php\/2025\/04\/19\/preview-everton-manchester-city-16\/\"]}]},{\"@type\":\"ImageObject\",\"inLanguage\":\"cs\",\"@id\":\"https:\/\/evertonfc.cz\/index.php\/2025\/04\/19\/preview-everton-manchester-city-16\/#primaryimage\",\"url\":\"https:\/\/evertonfc.cz\/wp-content\/uploads\/2021\/01\/Everton-VS-Manchester-City.jpg\",\"contentUrl\":\"https:\/\/evertonfc.cz\/wp-content\/uploads\/2021\/01\/Everton-VS-Manchester-City.jpg\",\"width\":720,\"height\":405},{\"@type\":\"BreadcrumbList\",\"@id\":\"https:\/\/evertonfc.cz\/index.php\/2025\/04\/19\/preview-everton-manchester-city-16\/#breadcrumb\",\"itemListElement\":[{\"@type\":\"ListItem\",\"position\":1,\"name\":\"Home\",\"item\":\"https:\/\/evertonfc.cz\/\"},{\"@type\":\"ListItem\",\"position\":2,\"name\":\"Preview: Everton &#8211; Manchester City\"}]},{\"@type\":\"WebSite\",\"@id\":\"https:\/\/evertonfc.cz\/#website\",\"url\":\"https:\/\/evertonfc.cz\/\",\"name\":\"Official Czech &amp; Slovak Everton Supporters&#039; Club\",\"description\":\"\",\"publisher\":{\"@id\":\"https:\/\/evertonfc.cz\/#organization\"},\"potentialAction\":[{\"@type\":\"SearchAction\",\"target\":{\"@type\":\"EntryPoint\",\"urlTemplate\":\"https:\/\/evertonfc.cz\/?s={search_term_string}\"},\"query-input\":{\"@type\":\"PropertyValueSpecification\",\"valueRequired\":true,\"valueName\":\"search_term_string\"}}],\"inLanguage\":\"cs\"},{\"@type\":\"Organization\",\"@id\":\"https:\/\/evertonfc.cz\/#organization\",\"name\":\"Official Czech & Slovak Everton Supporters' Club\",\"url\":\"https:\/\/evertonfc.cz\/\",\"logo\":{\"@type\":\"ImageObject\",\"inLanguage\":\"cs\",\"@id\":\"https:\/\/evertonfc.cz\/#\/schema\/logo\/image\/\",\"url\":\"https:\/\/evertonfc.cz\/wp-content\/uploads\/2019\/05\/logo.png\",\"contentUrl\":\"https:\/\/evertonfc.cz\/wp-content\/uploads\/2019\/05\/logo.png\",\"width\":112,\"height\":112,\"caption\":\"Official Czech & Slovak Everton Supporters' Club\"},\"image\":{\"@id\":\"https:\/\/evertonfc.cz\/#\/schema\/logo\/image\/\"},\"sameAs\":[\"https:\/\/www.facebook.com\/everton.fans.cz.sk\"]},{\"@type\":\"Person\",\"@id\":\"https:\/\/evertonfc.cz\/#\/schema\/person\/35904009755e8eaa0dc1a5f5f0419002\",\"name\":\"Fip\",\"url\":\"https:\/\/evertonfc.cz\/index.php\/author\/fip\/\"}]}<\/script>\n<!-- \/ Yoast SEO plugin. -->","yoast_head_json":{"title":"Preview: Everton - Manchester City - Official Czech &amp; Slovak Everton Supporters&#039; Club","robots":{"index":"index","follow":"follow","max-snippet":"max-snippet:-1","max-image-preview":"max-image-preview:large","max-video-preview":"max-video-preview:-1"},"canonical":"https:\/\/evertonfc.cz\/index.php\/2025\/04\/19\/preview-everton-manchester-city-16\/","og_locale":"cs_CZ","og_type":"article","og_title":"Preview: Everton - Manchester City - Official Czech &amp; Slovak Everton Supporters&#039; Club","og_description":"17 bod\u016f nad sestupem, 17 bod\u016f za City. Do Evropy se letos m\u016f\u017ee probojovat a\u017e 10 t\u00fdm\u016f. M\u016f\u017ee mezi nimi b\u00fdt Everton? Nejsp\u00ed\u0161 ne. Jeden velikono\u010dn\u00ed z\u00e1zrak n\u00e1m mus\u00ed sta\u010dit.","og_url":"https:\/\/evertonfc.cz\/index.php\/2025\/04\/19\/preview-everton-manchester-city-16\/","og_site_name":"Official Czech &amp; Slovak Everton Supporters&#039; Club","article_publisher":"https:\/\/www.facebook.com\/everton.fans.cz.sk","article_published_time":"2025-04-19T11:37:04+00:00","article_modified_time":"2025-04-20T08:35:41+00:00","og_image":[{"width":720,"height":405,"url":"https:\/\/evertonfc.cz\/wp-content\/uploads\/2021\/01\/Everton-VS-Manchester-City.jpg","type":"image\/jpeg"}],"author":"Fip","twitter_card":"summary_large_image","twitter_misc":{"Napsal(a)":"Fip","Odhadovan\u00e1 doba \u010dten\u00ed":"3 minuty"},"schema":{"@context":"https:\/\/schema.org","@graph":[{"@type":"Article","@id":"https:\/\/evertonfc.cz\/index.php\/2025\/04\/19\/preview-everton-manchester-city-16\/#article","isPartOf":{"@id":"https:\/\/evertonfc.cz\/index.php\/2025\/04\/19\/preview-everton-manchester-city-16\/"},"author":{"name":"Fip","@id":"https:\/\/evertonfc.cz\/#\/schema\/person\/35904009755e8eaa0dc1a5f5f0419002"},"headline":"Preview: Everton &#8211; Manchester City","datePublished":"2025-04-19T11:37:04+00:00","dateModified":"2025-04-20T08:35:41+00:00","mainEntityOfPage":{"@id":"https:\/\/evertonfc.cz\/index.php\/2025\/04\/19\/preview-everton-manchester-city-16\/"},"wordCount":599,"commentCount":11,"publisher":{"@id":"https:\/\/evertonfc.cz\/#organization"},"image":{"@id":"https:\/\/evertonfc.cz\/index.php\/2025\/04\/19\/preview-everton-manchester-city-16\/#primaryimage"},"thumbnailUrl":"https:\/\/evertonfc.cz\/wp-content\/uploads\/2021\/01\/Everton-VS-Manchester-City.jpg","articleSection":["Z\u00e1pasy"],"inLanguage":"cs","potentialAction":[{"@type":"CommentAction","name":"Comment","target":["https:\/\/evertonfc.cz\/index.php\/2025\/04\/19\/preview-everton-manchester-city-16\/#respond"]}]},{"@type":"WebPage","@id":"https:\/\/evertonfc.cz\/index.php\/2025\/04\/19\/preview-everton-manchester-city-16\/","url":"https:\/\/evertonfc.cz\/index.php\/2025\/04\/19\/preview-everton-manchester-city-16\/","name":"Preview: Everton - Manchester City - Official Czech &amp; Slovak Everton Supporters&#039; Club","isPartOf":{"@id":"https:\/\/evertonfc.cz\/#website"},"primaryImageOfPage":{"@id":"https:\/\/evertonfc.cz\/index.php\/2025\/04\/19\/preview-everton-manchester-city-16\/#primaryimage"},"image":{"@id":"https:\/\/evertonfc.cz\/index.php\/2025\/04\/19\/preview-everton-manchester-city-16\/#primaryimage"},"thumbnailUrl":"https:\/\/evertonfc.cz\/wp-content\/uploads\/2021\/01\/Everton-VS-Manchester-City.jpg","datePublished":"2025-04-19T11:37:04+00:00","dateModified":"2025-04-20T08:35:41+00:00","breadcrumb":{"@id":"https:\/\/evertonfc.cz\/index.php\/2025\/04\/19\/preview-everton-manchester-city-16\/#breadcrumb"},"inLanguage":"cs","potentialAction":[{"@type":"ReadAction","target":["https:\/\/evertonfc.cz\/index.php\/2025\/04\/19\/preview-everton-manchester-city-16\/"]}]},{"@type":"ImageObject","inLanguage":"cs","@id":"https:\/\/evertonfc.cz\/index.php\/2025\/04\/19\/preview-everton-manchester-city-16\/#primaryimage","url":"https:\/\/evertonfc.cz\/wp-content\/uploads\/2021\/01\/Everton-VS-Manchester-City.jpg","contentUrl":"https:\/\/evertonfc.cz\/wp-content\/uploads\/2021\/01\/Everton-VS-Manchester-City.jpg","width":720,"height":405},{"@type":"BreadcrumbList","@id":"https:\/\/evertonfc.cz\/index.php\/2025\/04\/19\/preview-everton-manchester-city-16\/#breadcrumb","itemListElement":[{"@type":"ListItem","position":1,"name":"Home","item":"https:\/\/evertonfc.cz\/"},{"@type":"ListItem","position":2,"name":"Preview: Everton &#8211; Manchester City"}]},{"@type":"WebSite","@id":"https:\/\/evertonfc.cz\/#website","url":"https:\/\/evertonfc.cz\/","name":"Official Czech &amp; Slovak Everton Supporters&#039; Club","description":"","publisher":{"@id":"https:\/\/evertonfc.cz\/#organization"},"potentialAction":[{"@type":"SearchAction","target":{"@type":"EntryPoint","urlTemplate":"https:\/\/evertonfc.cz\/?s={search_term_string}"},"query-input":{"@type":"PropertyValueSpecification","valueRequired":true,"valueName":"search_term_string"}}],"inLanguage":"cs"},{"@type":"Organization","@id":"https:\/\/evertonfc.cz\/#organization","name":"Official Czech & Slovak Everton Supporters' Club","url":"https:\/\/evertonfc.cz\/","logo":{"@type":"ImageObject","inLanguage":"cs","@id":"https:\/\/evertonfc.cz\/#\/schema\/logo\/image\/","url":"https:\/\/evertonfc.cz\/wp-content\/uploads\/2019\/05\/logo.png","contentUrl":"https:\/\/evertonfc.cz\/wp-content\/uploads\/2019\/05\/logo.png","width":112,"height":112,"caption":"Official Czech & Slovak Everton Supporters' Club"},"image":{"@id":"https:\/\/evertonfc.cz\/#\/schema\/logo\/image\/"},"sameAs":["https:\/\/www.facebook.com\/everton.fans.cz.sk"]},{"@type":"Person","@id":"https:\/\/evertonfc.cz\/#\/schema\/person\/35904009755e8eaa0dc1a5f5f0419002","name":"Fip","url":"https:\/\/evertonfc.cz\/index.php\/author\/fip\/"}]}},"_links":{"self":[{"href":"https:\/\/evertonfc.cz\/index.php\/wp-json\/wp\/v2\/posts\/26590"}],"collection":[{"href":"https:\/\/evertonfc.cz\/index.php\/wp-json\/wp\/v2\/posts"}],"about":[{"href":"https:\/\/evertonfc.cz\/index.php\/wp-json\/wp\/v2\/types\/post"}],"author":[{"embeddable":true,"href":"https:\/\/evertonfc.cz\/index.php\/wp-json\/wp\/v2\/users\/10"}],"replies":[{"embeddable":true,"href":"https:\/\/evertonfc.cz\/index.php\/wp-json\/wp\/v2\/comments?post=26590"}],"version-history":[{"count":6,"href":"https:\/\/evertonfc.cz\/index.php\/wp-json\/wp\/v2\/posts\/26590\/revisions"}],"predecessor-version":[{"id":26598,"href":"https:\/\/evertonfc.cz\/index.php\/wp-json\/wp\/v2\/posts\/26590\/revisions\/26598"}],"wp:featuredmedia":[{"embeddable":true,"href":"https:\/\/evertonfc.cz\/index.php\/wp-json\/wp\/v2\/media\/13482"}],"wp:attachment":[{"href":"https:\/\/evertonfc.cz\/index.php\/wp-json\/wp\/v2\/media?parent=26590"}],"wp:term":[{"taxonomy":"category","embeddable":true,"href":"https:\/\/evertonfc.cz\/index.php\/wp-json\/wp\/v2\/categories?post=26590"},{"taxonomy":"post_tag","embeddable":true,"href":"https:\/\/evertonfc.cz\/index.php\/wp-json\/wp\/v2\/tags?post=26590"}],"curies":[{"name":"wp","href":"https:\/\/api.w.org\/{rel}","templated":true}]}}