{"id":26599,"date":"2025-04-20T15:42:23","date_gmt":"2025-04-20T13:42:23","guid":{"rendered":"https:\/\/evertonfc.cz\/?p=26599"},"modified":"2025-04-20T15:48:58","modified_gmt":"2025-04-20T13:48:58","slug":"everton-manchester-city-02-4","status":"publish","type":"post","link":"https:\/\/evertonfc.cz\/index.php\/2025\/04\/20\/everton-manchester-city-02-4\/","title":{"rendered":"Everton \u2013 Manchester City 0:2"},"content":{"rendered":"<h4>Nad belas\u00fdmi ob\u010danmi Manchesteru sa n\u00e1m nepodarilo zv\u00ed\u0165azi\u0165 u\u017e dobr\u00fdch osem rokov. Kde s\u00fa tie \u010dasy Koemanov, Daviesov a Lookmanov? Pr\u00eddu nov\u00e9? U\u017e ani ten Pep n\u00e1m to nedaruje ako kedysi. Hej, a pre\u010do sa rozpr\u00e1va s Jarredom?!<\/h4>\n<p>Zdola\u0165 Nottingham Forest objekt\u00edvne nebolo a\u017e tak\u00e9 \u0165a\u017ek\u00e9. Skuto\u010dn\u00e1 sk\u00fa\u0161ka to bola v\u010dera. Preto vyjadrenia o eur\u00f3pskych cie\u013eoch na bud\u00facu sez\u00f3nu p\u00f4sobia dos\u0165 \u0165a\u017ekop\u00e1dne. Ako keby sme si neuvedomovali, odkia\u013e na ne chceme mieri\u0165. Zo sam\u00e9ho spodku, bet\u00f3novan\u00e9ho nieko\u013eko rokov. U\u017e n\u00e1m to zar\u00e1stlo sn\u00e1\u010f aj v hlave. Preto to bude ve\u013emi \u0165a\u017ek\u00e9 zmeni\u0165, a len postupn\u00fd progres sa jav\u00ed ako re\u00e1lny. Ono toti\u017e nie je len probl\u00e9m, ke\u010f m\u00e1me v t\u00edme hr\u00e1\u010dov ako Keane, ale ke\u010f ich aj nev\u00e1hame pou\u017ei\u0165&#8230;<\/p>\n<p>Ako sme u\u017e tradi\u010dne v\u00a0EFC zvyknut\u00ed, zau\u017e\u00edvan\u00e9 zvyky sa nemenia, tak\u017ee pri zverejnen\u00ed s\u00fapisky n\u00e1s m\u00e1lokedy nie\u010do prekvap\u00ed. Rovnak\u00e1 zostava ako vonku s\u00a0Forest chcela ukoristi\u0165 aj nie\u010do doma zo City. Kde sa podel Chermiti, nevedno (Moyes: \u201eselection call\u201c), ale zato sme mali na lavi\u010dke troch prav\u00fdch obrancov, a\u00a0to sa vyplat\u00ed!<\/p>\n<p>Tohto roku skolen\u00fd Guardiola musel n\u00e1ramne improvizova\u0165. Do \u013eavej obrany povolal mlad\u00e9ho (20r) O&#8217;Reillyho, do pravej z\u00e1lo\u017en\u00edka Nunesa, a br\u00e1nu str\u00e1\u017eil Ortega. Na hrote netypicky operoval poriadne nikto. Takti(ki)ka?<\/p>\n<h4><strong>Medzihra oboch str\u00e1n nenadch\u00fdnala<\/strong><\/h4>\n<p>Nemus\u00edme ur\u010dite pripom\u00edna\u0165, \u017ee v\u00a0tak\u00fdchto z\u00e1pasoch \u0165ah\u00e1 Everton za krat\u0161\u00ed koniec a\u00a0pod\u013ea toho vyzer\u00e1 aj predv\u00e1dzan\u00e1 hra, kedy trp\u00edme nedostatkom kvality na lopte, preferovan\u00edm dlh\u00fdch a\u00a0\u0165a\u017eko udr\u017eate\u013en\u00fdch l\u00f4pt, \u010do vedie ku kon\u0161tantn\u00fdm strat\u00e1m v\u00a0prospech s\u00fapera. A\u00a0aj ke\u010f sa sna\u017e\u00edme o\u00a0opa\u010dn\u00e9 spektrum hry, jednoducho to nem\u00e1me nau\u010den\u00e9, netriafame sa na nohy, a\u00a0\u010dasto panik\u00e1rime \u010di\u00a0vol\u00edme zle rie\u0161enia.<\/p>\n<p>Na na\u0161e \u0161\u0165astie bol v\u010deraj\u0161\u00ed s\u00faper super steriln\u00fd. No len 80 min\u00fat. Za ten \u010das poriadne ani neotestoval Pickforda, \u010di poriadne nevyskr\u00facal na\u0161u obranu. \u017diadny ohe\u0148, \u017eiadne hasenie. O\u010dak\u00e1van\u00e9 g\u00f3ly v\u00a0prvom pol\u010dase? 0,18 verzus 0,23. Preto by sa patrilo upriami\u0165 pozornos\u0165 aspo\u0148 na \u010do to z\u00a0predvedenej hry modr\u00fdch.<\/p>\n<p>Na po\u010dudovanie, pr\u00edm nehrala na\u0161a \u013eav\u00e1 strana s\u00a0talizmatick\u00fdm Ndiayem, ale pr\u00e1ve to\u013ekokr\u00e1t kritizovan\u00fd Harrison. Zrejme sa sna\u017e\u00ed o\u00a0ist\u00fd pobyt na novu\u010dkom pobre\u017e\u00ed Liverpoolu. H\u00fdril aktivitou, naozaj sa sna\u017eil, a\u00a0ve\u013emi ve\u013ea vysok\u00fdch l\u00f4pt smerovalo pr\u00e1ve na neho. \u017de by sme cielili na mlad\u00e9ho O&#8217;Reillyho? Na druhej strane bol predsa Nunes. Hr\u00e1\u010d nie pr\u00e1ve zn\u00e1my pre svoju defenz\u00edvnu mor\u00e1lku.<\/p>\n<h4><strong>Ojedinel\u00e9 \u0161ance<\/strong><\/h4>\n<p>Ale pr\u00e1ve od neho pri\u0161la prv\u00e1 naozajstn\u00e1 \u0161anca host\u00ed, ke\u010f ho v\u00a015. min\u00fate musel vychyta\u0165 Pickford. Zo svojej poz\u00edcie invertovan\u00e9ho beka toti\u017e strie\u013eal spoza \u0161estn\u00e1stky presne k\u00a0ty\u010dke. Za rovnak\u00fd \u010das nesk\u00f4r po\u010det ve\u013ek\u00fdch \u0161anc\u00ed zrovn\u00e1val Tarkowski hlavi\u010dkou do ty\u010dky po rohu Garnera. Nesk\u00f4r e\u0161te O&#8217;Brien blokoval hlavou strelu De Bruyneho, ale t\u00e1 nevedno \u010di by mierila medzi \u017erde.<\/p>\n<p>Harrison do kr\u00ed\u017ea spolu s\u00a0Mykolenom tvorili hlavn\u00fa z\u00e1sobovaciu trasu do \u0161estn\u00e1stky s\u00fapera. Ukrajinsk\u00fd bek v\u00a0tomto z\u00e1pase, dovol\u00edm si poveda\u0165, mierne zatienil Ndiayeho pred n\u00edm, kedy \u0161ikovne roz\u0165ahoval hru a\u00a0posielal nebezpe\u010dn\u00e9 centre. Iste, Ndiaye mu l\u00e1kal obrancov, ale po in\u00e9 z\u00e1pasy sme tak\u00fdto obraz \u010dasto nevideli.<\/p>\n<p>Na opa\u010dnej strane sa hned\u00ed takmer nevedeli dosta\u0165 do v\u00e1pna. A\u00a0ke\u010f u\u017e, tak sa Savinho h\u00e1dzal o\u00a0zem a\u00a0prosil o\u00a0penaltu. Ako \u013eav\u00e1k v\u013eavo sa tam v\u0161ak svojou typickou \u201emahrezovskou\u201c hrou nevedel presadi\u0165. Ak by hral od za\u010diatku Doku, mali by sme v\u00e4\u010d\u0161\u00ed probl\u00e9m. J\u00e9r\u00e9my Doku, to je tak\u00fd mal\u00fd Adama Traor\u00e9.<\/p>\n<h4><strong>Ned\u00e1\u0161 g\u00f3l&#8230;<\/strong><\/h4>\n<p>\u017de, Jarrad? Ani dve min\u00faty po hvizde druh\u00e9ho pol\u010dasu to tam mohol hlavou nap\u00e1lkova\u0165 po \u0161tandardke Garnera. Ale nie, on sa tomu smial! To\u013eko k\u00a0\u00favodn\u00e9mu tlaku, naordinovan\u00e9mu v\u00a0kab\u00edne, ktor\u00ed \u00faraduj\u00faci majstri ust\u00e1li, vr\u00e1tane \u0161tip\u013eav\u00e9ho pokusu Doucour\u00e9ho z\u00a0n\u00e1behu z kr\u00eddla, ktor\u00e9mu nikto neveril, \u017ee vystrel\u00ed.<\/p>\n<p>To u\u017e bol ale na tr\u00e1vniku Keane. Tarkowski sa toti\u017e&#8230; ako to poveda\u0165? Zranil. Po troch rokov s\u00fastavn\u00e9ho hrania mu pri \u0161printe sp\u00e4\u0165 za\u0165ahal za nohu hamstring, a vypovedal pracovn\u00fd pomer s\u00a0okam\u017eitou platnos\u0165ou. Keby sme Tarkowsk\u00e9ho u\u017e v\u00a0tejto sez\u00f3ne nevideli, ne\u010dudoval by som sa. No sken v\u00a0priebehu t\u00fd\u017ed\u0148a napovie viac.<\/p>\n<p>Keanovo \u010d\u00edslo nestihlo sn\u00e1\u010f e\u0161te ani zhasn\u00fa\u0165 na svetelnej tabuli \u0161tvrt\u00e9ho rozhodcu, a\u00a0u\u017e bol zap\u00edsan\u00fd \u017eltou farbou v\u00a0notese toho hlavn\u00e9ho. Na\u0161\u0165astie, pri\u0161li na ihrisko aj in\u00ed hr\u00e1\u010di. Napr\u00edklad Beto, ktor\u00fd na rozdiel od Broju vyzer\u00e1, \u017ee ho futbal bav\u00ed. Z\u00a0bl\u00ed\u017eiacim sa koncom pri\u0161lo aj k\u00a0trojit\u00e9mu striedaniu. Alcaraz, McNeil a\u00a0Iroegbunam v\u0161ak ni\u010d prevratn\u00e9 nepriniesli a\u00a0za\u010dal sa stup\u0148ova\u0165 tlak s\u00fapera.<\/p>\n<h4><strong>&#8230;dostane\u0161 dva!<\/strong><\/h4>\n<p>Stup\u0148ovanie tlaku si predstavte ako pribli\u017eovanie sa Keanea k lopte. Marmoush v\u0161ak nemal svoj de\u0148 a tak darovan\u00fd g\u00f3l odmietol, na \u010dom zapracoval aj Pickford. U\u017e bol ale kr\u00e1tky na n\u00e1sledn\u00fa pomal\u00fa akciu, kde si v malom v\u00e1pne po\u010d\u00edhal O&#8217;Reilly (ne)br\u00e1nen\u00fd Keanom na doklep po jednoduchom prieniku Nunesa po kr\u00eddle.<\/p>\n<p>Odpove\u010f Karameliek sa nekonala ani n\u00e1znakom. Aj koment\u00e1tor tu\u0161il ak\u00e9si na\u0161e zmierenie sa s\u00a0v\u00fdsledkom. Ke\u010f to potom Kova\u010di\u0107 v\u00a0p\u00e1de upratal k\u00a0ty\u010dke po\u010das nadstaven\u00e9ho \u010dasu, nemohli sme sa s\u0165a\u017eova\u0165 na nepriazniv\u00fd v\u00fdsledok. V\u00a0s\u00fa\u010dasnej f\u00e1ze sme u\u017e \u013eahko predv\u00eddate\u013en\u00ed, a\u00a0striedania s\u00a0taktick\u00fdmi zmenami m\u00e1me identick\u00e9 z\u00e1pas \u010do z\u00e1pas. \u010clovek by povedal, \u017ee takto sa za tie tabu\u013ekov\u00e9 odmeny nebojuje.<\/p>\n<p>Ak m\u00f4\u017eeme kon\u0161tatova\u0165, kde nastal zlomov\u00fd moment, tak jednozna\u010dne po striedan\u00ed zranen\u00e9ho Tarkowsk\u00e9ho za Keanea, z\u00a0ktor\u00e9ho opad\u00e1val hrdza, ke\u010f City \u00fa\u0165ahovali z\u00e1vity na na\u0161ej obrane. Ak by kapit\u00e1n neodi\u0161iel, bezg\u00f3lovej rem\u00edze by sa ne\u010dudovali. St\u00e1le v\u0161ak dv\u00edhame obo\u010die na mana\u017e\u00e9rskymi rozhodnutiami, ktor\u00e9 n\u00e1s presvied\u010daj\u00fa, \u017ee a\u017e tak sme sa od \u010dias Dychea neposunuli. Ot\u00e1zka znie, zatia\u013e?<\/p>\n<h3 style=\"text-align: center;\"><span style=\"color: #3366ff;\"><em><strong>Come on you Blues !!!<\/strong><\/em><\/span><\/h3>\n<p style=\"text-align: right;\"><span style=\"font-size: 8pt;\">(fotozdroj: Getty Images)<\/span><\/p>\n<p><strong>G\u00f3ly: <\/strong>84\u00b4 O&#8217;Reilly (Nunes), 90+2\u00b4 Kova\u010di\u0107 (G\u00fcndo\u011fan)<\/p>\n<p><strong>\u017dlt\u00e9 karty:<\/strong> 55\u00b4 Keane, 62\u00b4 Gueye, 86\u00b4 Iroegbunam, 90+1\u00b4 Pickford<\/p>\n<p><strong>Everton FC:<\/strong> Pickford \u2013 O&#8217;Brien, Tarkowski (52\u00b4 Keane), Branthwaite, Patterson \u2013 Harrison (79\u00b4 McNeil), Gueye (79\u00b4 Iroegbunam), Doucour\u00e9, Garner, Ndiaye (75\u00b4 Alcaraz) \u2013 Broja (63\u00b4 Beto)<\/p>\n<p><strong>Manchester City FC:<\/strong> Ortega \u2013 Nunes, Dias, Gvardiol, O&#8217;Reilly \u2013 G\u00fcndo\u011fan, Nico (78\u00b4 Kova\u010di\u0107), De Bruyne (88\u00b4 Akanji) \u2013 Silva, Marmoush, Savinho (78\u00b4 Doku)<\/p>\n<p><strong>Rozhodca: <\/strong>Simon Hooper\u00a0 <strong>Div\u00e1ci: <\/strong>39 332<strong>\u00a0 Hr\u00e1\u010d z\u00e1pasu EFC:<\/strong> Micheal Keane<\/p>\n","protected":false},"excerpt":{"rendered":"<p>Nad belas\u00fdmi ob\u010danmi Manchesteru sa n\u00e1m nepodarilo zv\u00ed\u0165azi\u0165 u\u017e dobr\u00fdch osem rokov. Kde s\u00fa tie \u010dasy Koemanov, Daviesov a Lookmanov? Pr\u00eddu nov\u00e9? U\u017e ani ten Pep n\u00e1m to nedaruje ako kedysi. Hej, a pre\u010do sa rozpr\u00e1va s Jarredom?!<\/p>\n","protected":false},"author":1,"featured_media":26600,"comment_status":"open","ping_status":"closed","sticky":false,"template":"","format":"standard","meta":{"_eb_attr":"","_monsterinsights_skip_tracking":false,"_monsterinsights_sitenote_active":false,"_monsterinsights_sitenote_note":"","_monsterinsights_sitenote_category":0,"footnotes":""},"categories":[4],"tags":[],"yoast_head":"<!-- This site is optimized with the Yoast SEO plugin v23.4 - https:\/\/yoast.com\/wordpress\/plugins\/seo\/ -->\n<title>Everton \u2013 Manchester City 0:2 - Official Czech &amp; Slovak Everton Supporters&#039; Club<\/title>\n<meta name=\"robots\" content=\"index, follow, max-snippet:-1, max-image-preview:large, max-video-preview:-1\" \/>\n<link rel=\"canonical\" href=\"https:\/\/evertonfc.cz\/index.php\/2025\/04\/20\/everton-manchester-city-02-4\/\" \/>\n<meta property=\"og:locale\" content=\"cs_CZ\" \/>\n<meta property=\"og:type\" content=\"article\" \/>\n<meta property=\"og:title\" content=\"Everton \u2013 Manchester City 0:2 - Official Czech &amp; Slovak Everton Supporters&#039; Club\" \/>\n<meta property=\"og:description\" content=\"Nad belas\u00fdmi ob\u010danmi Manchesteru sa n\u00e1m nepodarilo zv\u00ed\u0165azi\u0165 u\u017e dobr\u00fdch osem rokov. Kde s\u00fa tie \u010dasy Koemanov, Daviesov a Lookmanov? Pr\u00eddu nov\u00e9? U\u017e ani ten Pep n\u00e1m to nedaruje ako kedysi. Hej, a pre\u010do sa rozpr\u00e1va s Jarredom?!\" \/>\n<meta property=\"og:url\" content=\"https:\/\/evertonfc.cz\/index.php\/2025\/04\/20\/everton-manchester-city-02-4\/\" \/>\n<meta property=\"og:site_name\" content=\"Official Czech &amp; Slovak Everton Supporters&#039; Club\" \/>\n<meta property=\"article:publisher\" content=\"https:\/\/www.facebook.com\/everton.fans.cz.sk\" \/>\n<meta property=\"article:published_time\" content=\"2025-04-20T13:42:23+00:00\" \/>\n<meta property=\"article:modified_time\" content=\"2025-04-20T13:48:58+00:00\" \/>\n<meta property=\"og:image\" content=\"https:\/\/evertonfc.cz\/wp-content\/uploads\/2025\/04\/Everton-0-2-Manchester-City-by-Getty-Images-19-4-2025.jpg\" \/>\n\t<meta property=\"og:image:width\" content=\"720\" \/>\n\t<meta property=\"og:image:height\" content=\"405\" \/>\n\t<meta property=\"og:image:type\" content=\"image\/jpeg\" \/>\n<meta name=\"author\" content=\"BlueBlooded\" \/>\n<meta name=\"twitter:card\" content=\"summary_large_image\" \/>\n<meta name=\"twitter:label1\" content=\"Napsal(a)\" \/>\n\t<meta name=\"twitter:data1\" content=\"BlueBlooded\" \/>\n\t<meta name=\"twitter:label2\" content=\"Odhadovan\u00e1 doba \u010dten\u00ed\" \/>\n\t<meta name=\"twitter:data2\" content=\"6 minut\" \/>\n<script type=\"application\/ld+json\" class=\"yoast-schema-graph\">{\"@context\":\"https:\/\/schema.org\",\"@graph\":[{\"@type\":\"Article\",\"@id\":\"https:\/\/evertonfc.cz\/index.php\/2025\/04\/20\/everton-manchester-city-02-4\/#article\",\"isPartOf\":{\"@id\":\"https:\/\/evertonfc.cz\/index.php\/2025\/04\/20\/everton-manchester-city-02-4\/\"},\"author\":{\"name\":\"BlueBlooded\",\"@id\":\"https:\/\/evertonfc.cz\/#\/schema\/person\/d4493b8cbea51532597fbc4685698916\"},\"headline\":\"Everton \u2013 Manchester City 0:2\",\"datePublished\":\"2025-04-20T13:42:23+00:00\",\"dateModified\":\"2025-04-20T13:48:58+00:00\",\"mainEntityOfPage\":{\"@id\":\"https:\/\/evertonfc.cz\/index.php\/2025\/04\/20\/everton-manchester-city-02-4\/\"},\"wordCount\":1203,\"commentCount\":12,\"publisher\":{\"@id\":\"https:\/\/evertonfc.cz\/#organization\"},\"image\":{\"@id\":\"https:\/\/evertonfc.cz\/index.php\/2025\/04\/20\/everton-manchester-city-02-4\/#primaryimage\"},\"thumbnailUrl\":\"https:\/\/evertonfc.cz\/wp-content\/uploads\/2025\/04\/Everton-0-2-Manchester-City-by-Getty-Images-19-4-2025.jpg\",\"articleSection\":[\"Z\u00e1pasy\"],\"inLanguage\":\"cs\",\"potentialAction\":[{\"@type\":\"CommentAction\",\"name\":\"Comment\",\"target\":[\"https:\/\/evertonfc.cz\/index.php\/2025\/04\/20\/everton-manchester-city-02-4\/#respond\"]}]},{\"@type\":\"WebPage\",\"@id\":\"https:\/\/evertonfc.cz\/index.php\/2025\/04\/20\/everton-manchester-city-02-4\/\",\"url\":\"https:\/\/evertonfc.cz\/index.php\/2025\/04\/20\/everton-manchester-city-02-4\/\",\"name\":\"Everton \u2013 Manchester City 0:2 - Official Czech &amp; Slovak Everton Supporters&#039; Club\",\"isPartOf\":{\"@id\":\"https:\/\/evertonfc.cz\/#website\"},\"primaryImageOfPage\":{\"@id\":\"https:\/\/evertonfc.cz\/index.php\/2025\/04\/20\/everton-manchester-city-02-4\/#primaryimage\"},\"image\":{\"@id\":\"https:\/\/evertonfc.cz\/index.php\/2025\/04\/20\/everton-manchester-city-02-4\/#primaryimage\"},\"thumbnailUrl\":\"https:\/\/evertonfc.cz\/wp-content\/uploads\/2025\/04\/Everton-0-2-Manchester-City-by-Getty-Images-19-4-2025.jpg\",\"datePublished\":\"2025-04-20T13:42:23+00:00\",\"dateModified\":\"2025-04-20T13:48:58+00:00\",\"breadcrumb\":{\"@id\":\"https:\/\/evertonfc.cz\/index.php\/2025\/04\/20\/everton-manchester-city-02-4\/#breadcrumb\"},\"inLanguage\":\"cs\",\"potentialAction\":[{\"@type\":\"ReadAction\",\"target\":[\"https:\/\/evertonfc.cz\/index.php\/2025\/04\/20\/everton-manchester-city-02-4\/\"]}]},{\"@type\":\"ImageObject\",\"inLanguage\":\"cs\",\"@id\":\"https:\/\/evertonfc.cz\/index.php\/2025\/04\/20\/everton-manchester-city-02-4\/#primaryimage\",\"url\":\"https:\/\/evertonfc.cz\/wp-content\/uploads\/2025\/04\/Everton-0-2-Manchester-City-by-Getty-Images-19-4-2025.jpg\",\"contentUrl\":\"https:\/\/evertonfc.cz\/wp-content\/uploads\/2025\/04\/Everton-0-2-Manchester-City-by-Getty-Images-19-4-2025.jpg\",\"width\":720,\"height\":405},{\"@type\":\"BreadcrumbList\",\"@id\":\"https:\/\/evertonfc.cz\/index.php\/2025\/04\/20\/everton-manchester-city-02-4\/#breadcrumb\",\"itemListElement\":[{\"@type\":\"ListItem\",\"position\":1,\"name\":\"Home\",\"item\":\"https:\/\/evertonfc.cz\/\"},{\"@type\":\"ListItem\",\"position\":2,\"name\":\"Everton \u2013 Manchester City 0:2\"}]},{\"@type\":\"WebSite\",\"@id\":\"https:\/\/evertonfc.cz\/#website\",\"url\":\"https:\/\/evertonfc.cz\/\",\"name\":\"Official Czech &amp; Slovak Everton Supporters&#039; Club\",\"description\":\"\",\"publisher\":{\"@id\":\"https:\/\/evertonfc.cz\/#organization\"},\"potentialAction\":[{\"@type\":\"SearchAction\",\"target\":{\"@type\":\"EntryPoint\",\"urlTemplate\":\"https:\/\/evertonfc.cz\/?s={search_term_string}\"},\"query-input\":{\"@type\":\"PropertyValueSpecification\",\"valueRequired\":true,\"valueName\":\"search_term_string\"}}],\"inLanguage\":\"cs\"},{\"@type\":\"Organization\",\"@id\":\"https:\/\/evertonfc.cz\/#organization\",\"name\":\"Official Czech & Slovak Everton Supporters' Club\",\"url\":\"https:\/\/evertonfc.cz\/\",\"logo\":{\"@type\":\"ImageObject\",\"inLanguage\":\"cs\",\"@id\":\"https:\/\/evertonfc.cz\/#\/schema\/logo\/image\/\",\"url\":\"https:\/\/evertonfc.cz\/wp-content\/uploads\/2019\/05\/logo.png\",\"contentUrl\":\"https:\/\/evertonfc.cz\/wp-content\/uploads\/2019\/05\/logo.png\",\"width\":112,\"height\":112,\"caption\":\"Official Czech & Slovak Everton Supporters' Club\"},\"image\":{\"@id\":\"https:\/\/evertonfc.cz\/#\/schema\/logo\/image\/\"},\"sameAs\":[\"https:\/\/www.facebook.com\/everton.fans.cz.sk\"]},{\"@type\":\"Person\",\"@id\":\"https:\/\/evertonfc.cz\/#\/schema\/person\/d4493b8cbea51532597fbc4685698916\",\"name\":\"BlueBlooded\",\"url\":\"https:\/\/evertonfc.cz\/index.php\/author\/admin\/\"}]}<\/script>\n<!-- \/ Yoast SEO plugin. -->","yoast_head_json":{"title":"Everton \u2013 Manchester City 0:2 - Official Czech &amp; Slovak Everton Supporters&#039; Club","robots":{"index":"index","follow":"follow","max-snippet":"max-snippet:-1","max-image-preview":"max-image-preview:large","max-video-preview":"max-video-preview:-1"},"canonical":"https:\/\/evertonfc.cz\/index.php\/2025\/04\/20\/everton-manchester-city-02-4\/","og_locale":"cs_CZ","og_type":"article","og_title":"Everton \u2013 Manchester City 0:2 - Official Czech &amp; Slovak Everton Supporters&#039; Club","og_description":"Nad belas\u00fdmi ob\u010danmi Manchesteru sa n\u00e1m nepodarilo zv\u00ed\u0165azi\u0165 u\u017e dobr\u00fdch osem rokov. Kde s\u00fa tie \u010dasy Koemanov, Daviesov a Lookmanov? Pr\u00eddu nov\u00e9? U\u017e ani ten Pep n\u00e1m to nedaruje ako kedysi. Hej, a pre\u010do sa rozpr\u00e1va s Jarredom?!","og_url":"https:\/\/evertonfc.cz\/index.php\/2025\/04\/20\/everton-manchester-city-02-4\/","og_site_name":"Official Czech &amp; Slovak Everton Supporters&#039; Club","article_publisher":"https:\/\/www.facebook.com\/everton.fans.cz.sk","article_published_time":"2025-04-20T13:42:23+00:00","article_modified_time":"2025-04-20T13:48:58+00:00","og_image":[{"width":720,"height":405,"url":"https:\/\/evertonfc.cz\/wp-content\/uploads\/2025\/04\/Everton-0-2-Manchester-City-by-Getty-Images-19-4-2025.jpg","type":"image\/jpeg"}],"author":"BlueBlooded","twitter_card":"summary_large_image","twitter_misc":{"Napsal(a)":"BlueBlooded","Odhadovan\u00e1 doba \u010dten\u00ed":"6 minut"},"schema":{"@context":"https:\/\/schema.org","@graph":[{"@type":"Article","@id":"https:\/\/evertonfc.cz\/index.php\/2025\/04\/20\/everton-manchester-city-02-4\/#article","isPartOf":{"@id":"https:\/\/evertonfc.cz\/index.php\/2025\/04\/20\/everton-manchester-city-02-4\/"},"author":{"name":"BlueBlooded","@id":"https:\/\/evertonfc.cz\/#\/schema\/person\/d4493b8cbea51532597fbc4685698916"},"headline":"Everton \u2013 Manchester City 0:2","datePublished":"2025-04-20T13:42:23+00:00","dateModified":"2025-04-20T13:48:58+00:00","mainEntityOfPage":{"@id":"https:\/\/evertonfc.cz\/index.php\/2025\/04\/20\/everton-manchester-city-02-4\/"},"wordCount":1203,"commentCount":12,"publisher":{"@id":"https:\/\/evertonfc.cz\/#organization"},"image":{"@id":"https:\/\/evertonfc.cz\/index.php\/2025\/04\/20\/everton-manchester-city-02-4\/#primaryimage"},"thumbnailUrl":"https:\/\/evertonfc.cz\/wp-content\/uploads\/2025\/04\/Everton-0-2-Manchester-City-by-Getty-Images-19-4-2025.jpg","articleSection":["Z\u00e1pasy"],"inLanguage":"cs","potentialAction":[{"@type":"CommentAction","name":"Comment","target":["https:\/\/evertonfc.cz\/index.php\/2025\/04\/20\/everton-manchester-city-02-4\/#respond"]}]},{"@type":"WebPage","@id":"https:\/\/evertonfc.cz\/index.php\/2025\/04\/20\/everton-manchester-city-02-4\/","url":"https:\/\/evertonfc.cz\/index.php\/2025\/04\/20\/everton-manchester-city-02-4\/","name":"Everton \u2013 Manchester City 0:2 - Official Czech &amp; Slovak Everton Supporters&#039; Club","isPartOf":{"@id":"https:\/\/evertonfc.cz\/#website"},"primaryImageOfPage":{"@id":"https:\/\/evertonfc.cz\/index.php\/2025\/04\/20\/everton-manchester-city-02-4\/#primaryimage"},"image":{"@id":"https:\/\/evertonfc.cz\/index.php\/2025\/04\/20\/everton-manchester-city-02-4\/#primaryimage"},"thumbnailUrl":"https:\/\/evertonfc.cz\/wp-content\/uploads\/2025\/04\/Everton-0-2-Manchester-City-by-Getty-Images-19-4-2025.jpg","datePublished":"2025-04-20T13:42:23+00:00","dateModified":"2025-04-20T13:48:58+00:00","breadcrumb":{"@id":"https:\/\/evertonfc.cz\/index.php\/2025\/04\/20\/everton-manchester-city-02-4\/#breadcrumb"},"inLanguage":"cs","potentialAction":[{"@type":"ReadAction","target":["https:\/\/evertonfc.cz\/index.php\/2025\/04\/20\/everton-manchester-city-02-4\/"]}]},{"@type":"ImageObject","inLanguage":"cs","@id":"https:\/\/evertonfc.cz\/index.php\/2025\/04\/20\/everton-manchester-city-02-4\/#primaryimage","url":"https:\/\/evertonfc.cz\/wp-content\/uploads\/2025\/04\/Everton-0-2-Manchester-City-by-Getty-Images-19-4-2025.jpg","contentUrl":"https:\/\/evertonfc.cz\/wp-content\/uploads\/2025\/04\/Everton-0-2-Manchester-City-by-Getty-Images-19-4-2025.jpg","width":720,"height":405},{"@type":"BreadcrumbList","@id":"https:\/\/evertonfc.cz\/index.php\/2025\/04\/20\/everton-manchester-city-02-4\/#breadcrumb","itemListElement":[{"@type":"ListItem","position":1,"name":"Home","item":"https:\/\/evertonfc.cz\/"},{"@type":"ListItem","position":2,"name":"Everton \u2013 Manchester City 0:2"}]},{"@type":"WebSite","@id":"https:\/\/evertonfc.cz\/#website","url":"https:\/\/evertonfc.cz\/","name":"Official Czech &amp; Slovak Everton Supporters&#039; Club","description":"","publisher":{"@id":"https:\/\/evertonfc.cz\/#organization"},"potentialAction":[{"@type":"SearchAction","target":{"@type":"EntryPoint","urlTemplate":"https:\/\/evertonfc.cz\/?s={search_term_string}"},"query-input":{"@type":"PropertyValueSpecification","valueRequired":true,"valueName":"search_term_string"}}],"inLanguage":"cs"},{"@type":"Organization","@id":"https:\/\/evertonfc.cz\/#organization","name":"Official Czech & Slovak Everton Supporters' Club","url":"https:\/\/evertonfc.cz\/","logo":{"@type":"ImageObject","inLanguage":"cs","@id":"https:\/\/evertonfc.cz\/#\/schema\/logo\/image\/","url":"https:\/\/evertonfc.cz\/wp-content\/uploads\/2019\/05\/logo.png","contentUrl":"https:\/\/evertonfc.cz\/wp-content\/uploads\/2019\/05\/logo.png","width":112,"height":112,"caption":"Official Czech & Slovak Everton Supporters' Club"},"image":{"@id":"https:\/\/evertonfc.cz\/#\/schema\/logo\/image\/"},"sameAs":["https:\/\/www.facebook.com\/everton.fans.cz.sk"]},{"@type":"Person","@id":"https:\/\/evertonfc.cz\/#\/schema\/person\/d4493b8cbea51532597fbc4685698916","name":"BlueBlooded","url":"https:\/\/evertonfc.cz\/index.php\/author\/admin\/"}]}},"_links":{"self":[{"href":"https:\/\/evertonfc.cz\/index.php\/wp-json\/wp\/v2\/posts\/26599"}],"collection":[{"href":"https:\/\/evertonfc.cz\/index.php\/wp-json\/wp\/v2\/posts"}],"about":[{"href":"https:\/\/evertonfc.cz\/index.php\/wp-json\/wp\/v2\/types\/post"}],"author":[{"embeddable":true,"href":"https:\/\/evertonfc.cz\/index.php\/wp-json\/wp\/v2\/users\/1"}],"replies":[{"embeddable":true,"href":"https:\/\/evertonfc.cz\/index.php\/wp-json\/wp\/v2\/comments?post=26599"}],"version-history":[{"count":11,"href":"https:\/\/evertonfc.cz\/index.php\/wp-json\/wp\/v2\/posts\/26599\/revisions"}],"predecessor-version":[{"id":26611,"href":"https:\/\/evertonfc.cz\/index.php\/wp-json\/wp\/v2\/posts\/26599\/revisions\/26611"}],"wp:featuredmedia":[{"embeddable":true,"href":"https:\/\/evertonfc.cz\/index.php\/wp-json\/wp\/v2\/media\/26600"}],"wp:attachment":[{"href":"https:\/\/evertonfc.cz\/index.php\/wp-json\/wp\/v2\/media?parent=26599"}],"wp:term":[{"taxonomy":"category","embeddable":true,"href":"https:\/\/evertonfc.cz\/index.php\/wp-json\/wp\/v2\/categories?post=26599"},{"taxonomy":"post_tag","embeddable":true,"href":"https:\/\/evertonfc.cz\/index.php\/wp-json\/wp\/v2\/tags?post=26599"}],"curies":[{"name":"wp","href":"https:\/\/api.w.org\/{rel}","templated":true}]}}