{"id":2661,"date":"2017-08-20T21:01:17","date_gmt":"2017-08-20T19:01:17","guid":{"rendered":"http:\/\/evertonfc.cz\/?p=2661"},"modified":"2020-05-14T12:23:12","modified_gmt":"2020-05-14T10:23:12","slug":"hlasenie-ruzombersky-vyjazd","status":"publish","type":"post","link":"https:\/\/evertonfc.cz\/index.php\/2017\/08\/20\/hlasenie-ruzombersky-vyjazd\/","title":{"rendered":"Hl\u00e1senie: Ru\u017eombersk\u00fd v\u00fdjazd"},"content":{"rendered":"<h4>Em\u00f3cie z Evertonu na vlastn\u00e9 o\u010di museli usadn\u00fa\u0165, aby sa dali op\u00edsa\u0165 slovami. Na bielom V\u00e1m ich poskytne z \u010deskej strany u\u017e ex-redaktor Fip a moja slovensk\u00e1 redaktorsk\u00e1 mali\u010dkos\u0165, BlueBlooded.<\/h4>\n<h4><strong>\u201e<em>A New Hope\u201c<\/em><\/strong><\/h4>\n<p>Jako mimoanglick\u00e9ho fanou\u0161ka EFC m\u011b nemohlo potkat v\u011bt\u0161\u00ed \u0161t\u011bst\u00ed. Los poslal Toffees na v\u00fdlet do Ru\u017eomberka, kam u\u017e l\u00e9ta jezd\u00edme za &#8222;svokrovcami&#8220;. Naprosto ne\u010dekan\u00e1 situace, n\u011bco jako kdyby na Zemi p\u0159ist\u00e1li Jediov\u00e9 a nav\u0161t\u00edvili zrovna mou vesnici. Tak nere\u00e1ln\u00e9 se n\u00e1m to zd\u00e1lo. No, liptovsk\u00fd MFK je\u0161t\u011b musel p\u0159ekonat jednu p\u0159ek\u00e1\u017eku, co\u017e se proti p\u0159edpoklad\u016fm povedlo a mohli jsme sh\u00e1n\u011bt l\u00edstky. Dal\u0161\u00ed p\u0159ek\u00e1\u017eku p\u0159edlo\u017eil s\u00e1m slovensk\u00fd klub, kdy\u017e do sv\u00e9ho \u00fatuln\u00e9ho, ale malokapacitn\u00edho stadi\u00f3nu omezil vstup p\u0159espoln\u00edm.<\/p>\n<p>To jsme si asi m\u011bli myslet, nakonec ale byla distrubuce pon\u011bkud m\u00e9n\u011b transparentn\u00ed, m\u00edstn\u00ed fanklub Concordia dostal 150 l\u00edstk\u016f. Na CS supporters club Evertonu nezbylo od dom\u00e1c\u00edch nic. Dal\u0161\u00edm velk\u00fdm \u0161t\u011bst\u00edm je, \u017ee m\u00e1me ve sv\u00e9m st\u0159edu Evertona1878. D\u00edky jeho ne\u00fanavn\u00e9 pr\u00e1ci (kompletn\u00ed servis pro fanou\u0161ky ale i klub) se na pozad\u00ed rozeb\u011bhla komunikace mezi z\u00e1stupci obou klub\u016f a na jej\u00edm konci jsme dostali \u0161anci vid\u011bt sv\u00e9 idoly skute\u010dn\u011b zbl\u00edzka.<\/p>\n<hr \/>\n<p>Presne tak, \u010do viac si pria\u0165 na prv\u00e9 rande so svojou celo\u017eivotnou l\u00e1skou? \u00daprimne, spo\u010diatku som v\u00f4bec neveril, \u017ee by n\u00e1m los u\u0161tedril nejak\u00e9ho s\u00fapera v\u00f4bec zo Strednej Eur\u00f3py, nie to e\u0161te zo Slovenska, kde b\u00fdva pravdepodobnos\u0165 prebojovania sa dom\u00e1cich klubov do pokro\u010dilej\u0161\u00edch \u0161t\u00e1di\u00ed kontinent\u00e1lnych s\u00fa\u0165a\u017e\u00ed z roka na rok men\u0161ia. Tak\u017ee hoc ako som bol nad\u0161en\u00fd z dvojice Brann Bergen \u2013 Ru\u017eomberok, okam\u017eite som zaujal skeptick\u00fd, ba a\u017e pesimistick\u00fd postoj k ak\u00e9muko\u013evek scen\u00e1ru, ktor\u00fd by pos\u00faval Ru\u017eu ku konfront\u00e1ci\u00ed s nami.<\/p>\n<p>A po prvej prehre v dom\u00e1com prostred\u00ed Lipt\u00e1kov, som bol absol\u00fatne zmieren\u00fd, \u017ee na svoj debut si budem musie\u0165 vycestova\u0165, alebo v hor\u0161om pr\u00edpade, znovu po\u010dka\u0165. A postup Ru\u017ee na tom ni\u010d nezmenil, u\u017e pre spom\u00ednan\u00e9 probl\u00e9my s l\u00edstkami. Vtedy pri\u0161la na sc\u00e9nu tvrd\u00e1 a ne\u00fanavn\u00e1 pr\u00e1ca \u010dloveka, ktor\u00e9ho tu budem ja fam\u00edliarne naz\u00fdva\u0165 \u201ePredseda\u201c. Tak\u017ee na za\u010diatok, v\u0161etka v\u010faka za neopakovate\u013en\u00fd z\u00e1\u017eitok do konca \u017eivota i v\u00f4bec za tento \u010dl\u00e1nok, patr\u00ed v\u00fdhradne jemu&#8230;<\/p>\n<h4><strong>\u201e<em>Middle Of Nowhere\u201c<\/em><\/strong><\/h4>\n<p>V\u0161echno tohle se seb\u011bhlo v pom\u011brn\u011b kr\u00e1tk\u00e9m \u010dase, postup RK a odvetu na Slovensku d\u011blily jen 2 t\u00fddny. Asi u\u017e nep\u0159ekvap\u00ed, \u017ee z\u00e1pas se m\u011bl hr\u00e1t zrovna v tom jedin\u00e9m t\u00fddnu, kdy jsem v l\u00e9t\u011b m\u011bl v pl\u00e1nu b\u00fdt v Ru\u017eomberku i j\u00e1. Na m\u00edsto jsem dorazil v \u00fater\u00fd, 2 dny p\u0159ed z\u00e1pasem, pln\u00fd nap\u011bt\u00ed a o\u010dek\u00e1v\u00e1n\u00ed. Ani jsem se nenad\u00e1l, sotva vyst\u00edzliv\u011bl z p\u0159iv\u00edt\u00e1n\u00ed, ve st\u0159edu ve\u010der u\u017e se za\u010dali sj\u00ed\u017ed\u011bt prvn\u00ed Evertonians, mezi nimi i pan &#8222;Javor&#8220; z Prahy. Po ubyv\u00e1n\u00ed jsem vzal dcerku do vaku a vyrazili jsme s Javorem na Kalv\u00e1rii, vrch nad m\u011bstem, odkud jsme shl\u00e9dli m\u00edstn\u00ed pam\u011btihodnosti.<\/p>\n<p>Potkali jsme se zde i s \u010dleny Concordie. V\u0161e prob\u011bhlo v p\u0159\u00e1telsk\u00e9 atmosf\u00e9\u0159e, vym\u011bnili jsme si sv\u00e9 tipy a pot\u011b\u0161ili jsme je jist\u011b znalostmio re\u00e1li\u00edch jejich klubu. Cestou zp\u011bt jsme je\u0161t\u011b shl\u00e9dli z vrchu d\u011bji\u0161t\u011b z\u00edt\u0159ej\u0161\u00edho dramatu &#8211; Stadion Pod \u010cebra\u0165om. Ve\u010der jsme uzav\u0159eli p\u0159edehrou na javor\u016fv kv\u00edz, kter\u00fd si pro n\u00e1s pe\u010dliv\u011b p\u0159ipravil i cenou pro v\u00edt\u011bze. Ve \u010dtvrtek dopoledne jsme vy\u010dkali na Ri\u010diho, kter\u00fd dorazil vozem z Vratislavi. T\u00edm byla \u010desk\u00e1 sekce kompletn\u00ed. T\u0159i jsou docela m\u00e1lo, asi to bylo daleko nebo co. Spolu jsme se vydali do m\u011bsta, kde u\u017e v Koloseu \u010dekali BlueBlooded a Everton1878.<\/p>\n<hr \/>\n<p>Pokladn\u00edk a Predseda sa dohodli u\u017e dopredu, \u017ee aj za ve\u013ekej nepriazne l\u00edstkovej \u0161\u0165asteny, sa do Ru\u017eomberku odober\u00fa stoj \u010do stoj a sk\u00fasia \u0161\u0165astie na mieste alebo sa z\u00e1pasu bud\u00fa prizera\u0165 spoza plota, zo strechy Tesca, \u010di nebodaj z \u010cebra\u0165u, ako prav\u00ed milovn\u00edci futbalu v pr\u00edrode. Ve\u010f keby aj ni\u010d z uveden\u00e9ho nevy\u0161lo, st\u00e1le sa v meste kon\u00e1 zraz Ofici\u00e1lneho \u010cesk\u00e9ho a Slovensk\u00e9ho Klubu Podporovate\u013eov Evertonu. To u\u017e samo o sebe je skvel\u00e1 akcia a dobr\u00e1 pr\u00edle\u017eitos\u0165 spozna\u0165 trochu aj vlastn\u00fa krajinu.<\/p>\n<p>Tak\u017ee rozkaz znel \u2013 k\u00fapa l\u00edstkov na rann\u00e9 IC 5:45 so smerom Liptov. De\u0148 pred inkriminovan\u00fdm tret\u00edm augustom som z pr\u00e1ce odi\u0161iel u\u017e o druhej poobede, s n\u00e1lepkou \u201eCestovn\u00e1 Hor\u00fa\u010dka\u201c. Doma som asi \u0161es\u0165kr\u00e1t skontroval v\u0161etky l\u00edstky, doklady a v pe\u0148a\u017eenke mi pribudla aj \u010derstv\u00e1 \u010dlensk\u00e1 karta, ktor\u00e1 pricestovala z Liverpoolu pr\u00e1ve v ten de\u0148. Ver\u00edte v n\u00e1hody? O deviatej ve\u010der som si rozk\u00e1zal povinn\u00fd ve\u010dern\u00ed\u010dek a z nezn\u00e1mych pr\u00ed\u010din som zaspal asi tak o dve hodiny nesk\u00f4r. Probl\u00e9my s rann\u00fdm vst\u00e1van\u00edm? Kde\u017ee, hodiny ukazovali 3:57 ke\u010f som otvoril o\u010di a videl na modro.<\/p>\n<p>R\u00fdchlo som do seba napratal za tanier gul\u00e1\u0161u s poriadnou d\u00e1vkou bieleho pe\u010diva a mohol som vy\u0161tartova\u0165 na prv\u00fa rann\u00fa elektri\u010dku mestskej hromadnej dopravy, smerom na hlavn\u00fa stanicu. Tak\u00fd Predseda zvolil taxi a ja, ako spr\u00e1vny Pokladn\u00edk som tak\u00fato ponuku zdvorilo odmietol. Cel\u00fd \u010das som sa obzeral, \u010di sa na stanici, pr\u00edpadne vo vlaku neponevieraj\u00fa nejak\u00ed Angli\u010dania, no v modrom sme boli a\u017e do Ru\u017eomberka len my dvaja.<\/p>\n<p>Najsk\u00f4r sa prebrali tradi\u010dn\u00e9 futbalov\u00e9 t\u00e9my, trocha obdivu slovenskej pr\u00edrody a po vyst\u00fapen\u00ed z vlaku sme sa vrhli na obch\u00f4dzku u\u017e futbalovej ba\u0161ty na slepo. Netrvalo dlho a natrafili sme na prv\u00e9ho Angl\u00e1na Marka, ktor\u00fd vysed\u00e1val v jednom z podnikov, ktor\u00e9 mali otvoren\u00e9 na po\u010dudovanie u\u017e od deviatej r\u00e1na. Spomenul, \u017ee zh\u00e1\u0148a l\u00edstky pre svojich zn\u00e1mych. Po p\u00e1r slovensk\u00fdch telefon\u00e1toch bolo jasn\u00e9, \u017ee za menej ako 60\u20ac kus nep\u00f4jdu.<\/p>\n<p>Na\u0161\u0165astie, u\u017e o jednej hodine poobede disponovali Markovi zn\u00e1mi l\u00edstkami, aj s na\u0161ou pomocou. Evertonians si musia predsa pom\u00e1ha\u0165. Po in\u0161tinkt\u00edvnom n\u00e1jden\u00ed \u0160tadi\u00f3na pod \u010cebra\u0165om a obzret\u00ed si k\u013e\u00fa\u010dov\u00fdch tr\u00e1s mesta, sme sa so skon\u0161tatovan\u00edm mal\u00e9ho Ru\u017eomberka vybrali na prv\u00e9 miesto stret\u00e1vky. \u010casto, a hlavne ja, som sa stret\u00e1val s nie\u010d\u00edm, \u010do by sa dalo pop\u00edsa\u0165 ako pocit v\u00fdnimo\u010dnosti.<\/p>\n<p>Niekedy a\u017e hypnotizuj\u00face poh\u013eady \u013eud\u00ed s miernym \u00fasmevom sa striedali s odu\u0161evnen\u00fdm pr\u00edstupom vodi\u010dov na prechodoch a n\u00fadza o pozornos\u0165 v ten de\u0148 rozhodne nebola, ak ste sa v 35 stup\u0148ov\u00fdch teplot\u00e1ch prech\u00e1dzali v kr\u00e1\u013eovskej modrej. Vtedy som si spomenul na radu, ktor\u00e1 pad\u013ea e\u0161te vo vlaku, na chv\u00ed\u013eu si pospa\u0165, k\u00fdm sa d\u00e1. No jasn\u00e9, od vzru\u0161enia sa mi triasli ruky e\u0161te pri obede v Koloseu. Potom pri\u0161lo prv\u00e9 pivo&#8230;<\/p>\n<h4><strong>\u201e<em>Mass Effect in Caf\u00e9 Efekt\u201c<\/em><\/strong><\/h4>\n<p>Dozv\u011bd\u011bli jsme se n\u011bco o trampot\u00e1ch s l\u00edstky, Everton1878 pak odb\u011bhl pomoci je\u0161t\u011b Angli\u010dan\u016fm pomoci s l\u00edstky. Potom diskuzi ovl\u00e1dl Sigurdsson. Proto\u017ee jsem se na stranu odp\u016frc\u016f obchodu postavil j\u00e1 s\u00e1m, nen\u00ed t\u011b\u017ek\u00e9 uhadnout, kdo m\u011bl p\u0159evahu. Dal\u0161\u00ed zast\u00e1vkou byla podle pl\u00e1nu hotel Kult\u00fara, kde jsme si m\u011bli vyzvednout l\u00edstky. To jsem ale zme\u0161kal, proto\u017ee jsem \u010dekal na Ivonu, \u017eenu moju, kter\u00e1 si jeden tak\u00e9 n\u00e1rokovala. P\u0159i\u0161el jsem tak i o prvn\u00ed kontakty s dal\u0161\u00edmi fans, ale zase jsem m\u011bl rodinu (alespo\u0148 jej\u00ed \u010d\u00e1st) p\u0159i sob\u011b.<\/p>\n<p>Na\u0161e skupina se rozrostla cestou o dal\u0161\u00edho \u010dlena, z lavi\u010dky se vyklubal Duch Abum. V Caf\u00e9 Efekt jsme m\u011bli rezervov\u00e1n st\u016fl vzadu klimatizovan\u00e9 m\u00edstnosti. Bylo to fajn, i proto, \u017ee Laco n\u00e1m otcovsky doporu\u010dil m\u00edrnit se s pivem. A venku byly 2 hodiny a slunce p\u00e1lilo. \u017dena mi odb\u011bhla, tak\u017ee by bylo obt\u00ed\u017en\u00e9 se uhl\u00eddat s\u00e1m. Debatu ovl\u00e1dlo t\u00e9ma Barkley a prvn\u00ed z\u00e1pas p\u0159edkola na Goodisonu. \u00d3 Bo\u017ee, zase jsem se ocitl v opozici, h\u00e1jil jsem Rosse, se\u010d jsem mohl, ale na nutnosti jeho odchodu jsme se shodli, \u0161lo jen o mali\u010dkosti. Postupn\u011b p\u0159ibyl je\u0161t\u011b TheRoyalBlue, godison a s n\u00edm dva dal\u0161\u00ed Toffees (nick bohu\u017eel nezn\u00e1m).<\/p>\n<p>V na\u0161em temn\u00e9m ukrytu n\u00e1s objevili i angli\u010dt\u00ed Toffees, p\u00e1r se s n\u00e1mi dalo do \u0159e\u010di. Znali se s Evertonem1878, byla to Cathy s man\u017eelem, obdivovali na\u0161i vlajku, dlouho s n\u00e1mi posed\u011bli. Ode\u0161li, aby zp\u00edvali na n\u00e1m\u011bst\u00ed. Dal\u0161\u00ed se n\u00e1s ptal: &#8222;Why have you chosen life in pain?&#8220; Znal i \u010dl\u00e1nek na GOT od Evertona1878, ur\u010den\u00fd pro fanou\u0161ky cestuj\u00edc\u00ed na Slovensko. Z radosti ze setk\u00e1n\u00ed objednal velk\u00e9 mno\u017estv\u00ed piv, i kdy\u017e jsme ho prosili, aby to ned\u011blal. Ri\u010di mu pak oplatil na baru a dostal se do spir\u00e1ly alkoholismu, chulig\u00e1n jeden. \u010cas ale b\u011b\u017eel stra\u0161n\u011b rychle, bylo kolem sedm\u00e9, tak\u017ee jsme se odebrali na stadion. Nestihli jsme ani kv\u00edz, kter\u00fd p\u0159ipravil Javor. \u0160koda, snad p\u0159\u00ed\u0161t\u011b. Nebo snad a\u017e p\u0159esp\u0159\u00ed\u0161t\u011b?<\/p>\n<hr \/>\n<p>V Koloseu to bolo v dom\u00e1cej r\u00e9\u017ei\u00ed. Mysl\u00edm, \u017ee \u017eiadni z\u00e1stupcovia z ostrovov sa tam po\u010das n\u00e1\u0161ho pobytu nevyskytli, dokonca ani odu\u0161evnen\u00ed Ru\u017eomber\u010dania, okrem pani vrchnej, ktor\u00e1 n\u00e1m pri odchode za\u017eelala pr\u00edjemn\u00fd z\u00e1\u017eitok, spojen\u00fd s jej obavami o v\u00fdprask zverencov Norberta Hrn\u010d\u00e1ra. Posilnen\u00ed teda o obed sme sa v p\u00e4tici vydali po l\u00edstky do hotela Kult\u00fara. Op\u00e4\u0165 ten pocit karamelovej v\u00fdnimo\u010dnosti, ako ste kr\u00e1\u010dali popri recepci\u00ed a hore schodmi, lemovan\u00ed informa\u010dn\u00fdmi tabu\u013ekami v angli\u010dtine, ako priaznivec Evertonu. Tam v\u0161etko prebehlo a\u017e neoby\u010dajne hladko, len ako Predseda zahl\u00e1sil svoje meno a ja pritakal \u201eI am with him!\u201c.<\/p>\n<p>N\u00e1sledne sme sa za pravdepodobne najteplej\u0161ieho d\u0148a roka premiestnili do spomenutej re\u0161taur\u00e1cie, ktor\u00e1 mimochodom patr\u00ed Marekovi Saparovi, ne\u0161\u0165astn\u00edkovi jedn\u00e9mu. Lebo neviem, \u010di sme my tak\u00ed ignoranti, alebo sa to person\u00e1lu \u00faspe\u0161ne podarilo zamaskova\u0165, no museli n\u00e1s na to upozorni\u0165 a\u017e ostrovn\u00ed Evertonians. V miestnosti pri bare toti\u017e visel na komplet podp\u00edsan\u00fd \u010derven\u00fd dres Martina \u0160krte\u013ea, ktor\u00fd ho Marekovi podaroval.<\/p>\n<p>U\u017e si nespom\u00ednam za \u010do, ale bolo mi to vysvet\u013eovan\u00e9 slovenskou inkarn\u00e1ciou Phila Nikodema Jagielku, ktor\u00fd bol vo ve\u013ekom obdivovan\u00fd a foten\u00fd. Postupom \u010dasu prib\u00fadalo modr\u00fdch z\u00e1kazn\u00edkov viac a viac, a\u017e sme v kone\u010dnom d\u00f4sledku nemuseli t\u00fa nevhodn\u00fa ozdobu steny prekr\u00fdva\u0165 vlastnou vlajkou. Sta\u010dili masy Evertonians, ktor\u00ed neveriacky kr\u00fatili hlavami, obdivovali, debatovali, spievali a skandovali s nami. \u010co? Kviz? Ak\u00fd kv\u00edz?<\/p>\n<h4><strong>\u201e<em>Resistance Is Futile\u201c<\/em><\/strong><\/h4>\n<p>Ke\u010f hladina&#8230; ehm pardon, hodina bola spr\u00e1vna, vydali sme sa po zaplaten\u00ed signifikantn\u00e9ho \u00fa\u010dtu smerom pod \u010cebra\u0165. Nutno podotkn\u00fa\u0165, \u017ee sme boli asi t\u00ed nedo\u010dkavej\u0161\u00ed z radov host\u00ed. Cestou sme p\u00e1rkr\u00e1t narazili na u\u0161tipa\u010dne zavesen\u00e9 \u0161\u00e1ly alebo uter\u00e1ky Liverpoolu FC na balk\u00f3noch, za ktor\u00fdmi sa skr\u00fdvali ich hrd\u00ed majitelia, ale zmohli sme sa len na pousmiatie. V\u010faka vopred vyskautovan\u00fdm tras\u00e1m sa n\u00e1m nepodarilo zabl\u00fadi\u0165 a \u00faspe\u0161ne sme dorazili na miesto ur\u010denia \u2013 Sektor B-A. Samozrejme, za v\u0161ade pr\u00edtomn\u00fdch a potrebn\u00fdch ozbrojen\u00fdch s\u00edl \u0165a\u017ekoodencov a ich ve\u010dne neposedn\u00fdch \u0161tvornoh\u00fdch kolegov, h\u00e1d\u017euc na n\u00e1s slintaj\u00face poh\u013eady. Prihovori\u0165 sa? Po slovensky? Tak ni\u010d, slovn\u00fa z\u00e1sobu po\u0161etr\u00edm na prepis rozhovoru pri vstupnom preh\u013ead\u00e1van\u00ed:<\/p>\n<ul>\n<li>Ja &#8211; \u201eZdrav\u00ed\u010dko!\u201c<\/li>\n<li>SBS &#8211; \u201e\u010co?! Ty vie\u0161 po slovensky???\u201c<\/li>\n<li>Ja &#8211; \u201eSamozrejme.\u201c<\/li>\n<li>SBS &#8211; \u201eV\u0161ak \u010do si nepovedal hne\u010f? A pre\u010do ide\u0161 medzi t\u00fdch Ma\u010farov???\u201c<\/li>\n<li>Ja &#8211; \u201eAk\u00fdch Ma\u010farov&#8230;?\u201c<\/li>\n<\/ul>\n<hr \/>\n<p>P\u0159es turnikety jsme pro\u0161li bez obt\u00ed\u017e\u00ed, i kdy\u017e TheRoyalBlue zasko\u010dil ochranku t\u00edm, \u017ee m\u011bl u sebe knihu. I to by mohla b\u00fdt zbra\u0148, nakonec ale pro\u0161la. Vlajku jsme vyv\u011bsili naho\u0159e, abychom nezabrali m\u00edsto v\u0161em t\u011bm z Anglie. Tribuny se plnily pozvolna, ale jak se \u0161e\u0159ilo, stadion se zalidnil. Podle neofici\u00e1ln\u00edch informac\u00ed pou\u0161t\u011bli n\u011bkter\u00e9 m\u00edstn\u00ed jejich zn\u00e1m\u00ed z ochranky zadarmo. My jsme se nasoukali do \u0159ady VI, tak\u017ee jsme h\u0159i\u0161t\u011b m\u011bli skoro na dosah. Kdy\u017e se rozsv\u00edtili reflektory osv\u011btlen\u00ed, okam\u017eit\u011b se kolem nich rojily mraky hmyzu.<\/p>\n<p>Mezi nimi jsem spat\u0159ili cosi, co vypadalo z d\u00e1lky jako n\u011bjak\u00e1 mal\u00e1, disneyovsk\u00e1 v\u00edla. Znamen\u00ed? Hmyz\u00e1ci samoz\u0159ejn\u011b ve velk\u00e9m skom\u00edraly a padaly dol\u016f na tr\u00e1vn\u00edk, p\u0159ed postrann\u00ed lajnu. Ivona, kter\u00e1 sed\u011bla vedle mne, byla trochu nesv\u00e1. Jednak nebyla zvykl\u00e1 na tak zapln\u011bn\u00fd stadion, jednak se v\u011bt\u0161inou objevovala na druh\u00e9 stran\u011b. No, nedalo se nic d\u011blat, proto\u017ee &#8222;Once Everton has touched you&#8230;&#8220;<\/p>\n<h4><strong>\u201e<em>Showtime\u201c<\/em><\/strong><\/h4>\n<p>Nutno \u0159\u00edci, \u017ee sestava i rozestav\u011bn\u00ed n\u00e1s p\u0159ekvapily. Hned od \u00favodu z\u00e1pasu bylo zn\u00e1t nap\u011bt\u00ed, skoro v\u0161ichni Evertonians cel\u00fd z\u00e1pas prost\u00e1li. A to v\u010detn\u011b t\u011bch, co jim nohy u\u017e zjevn\u011b tolik neslou\u017eily. Ale nem\u011bli na v\u00fdb\u011br. Z\u00e1pas u\u017e se rozeb\u00edral, nav\u00edc se nec\u00edt\u00edm b\u00fdt n\u011bjak objektivn\u00ed a ani kompetentn\u00ed. Oba t\u00fdmy hr\u00e1ly zodpov\u011bdn\u011b. Ru\u017eomberok se nedost\u00e1val do n\u011bjak\u00fdch velk\u00fdch p\u0159\u00edle\u017eitost\u00ed, ale i tak jsem si nemohl pomoct, abych se vykl\u00e1n\u011bl doleva a kontroloval \u010dasom\u00edru.<\/p>\n<p>Tom Davies hr\u00e1l na nezvykl\u00e9m prav\u00e9m wing\/backu. Ob\u010das mi p\u0159i\u0161el moc zata\u017een\u00fd, kdy\u017e se p\u0159en\u00e1\u0161ela hra. Na druhou stranu byl asi nejodv\u00e1\u017en\u011bj\u0161\u00ed v souboj\u00edch jeden na jednoho. Z Pickforda sr\u0161elo ohromn\u00e9 sebev\u011bdom\u00ed, nenechal se ni\u010d\u00edm rozh\u00e1zet. To \u00fapln\u011b neplat\u00ed o dvojici st\u0159edn\u00edch obr\u00e1nc\u016f, v jeden moment si d\u00e1vali p\u0159ednost a m\u00ed\u010d z\u016fstal dlouho voln\u00fd uvnit\u0159 na\u0161eho pokutov\u00e9ho \u00fazem\u00ed. Sandro se dostal k p\u00e1r st\u0159el\u00e1m, ale p\u0159\u00edli\u0161 ot\u00e1lel, Rooney jako v prvn\u00edm z\u00e1pase prom\u00e1chl. P\u0159i\u0161lo mi, \u017ee ka\u017edou chv\u00edli spolu skandujeme jm\u00e9no n\u011bjak\u00e9ho hr\u00e1\u010de nebo n\u011bjak\u00fd chor\u00e1l, ale pr\u00fd jsme nebyli moc sly\u0161et. Naproti fanou\u0161ci Ru\u017ei bubnovali, hr\u00e1li si na Vikingy a d\u011blali komedie.<\/p>\n<p>Postupn\u011b p\u0159i\u0161el Sapara, ale nijak nepomohl pozvednout hru. Mus\u00edm \u0159\u00edct, \u017ee kdy\u017e st\u0159\u00eddal Calvert-Lewin, \u0159\u00edkal jsem si, jestli se nem\u011blo betonovat. Koeman v\u011bd\u011bl co d\u011bl\u00e1, v\u0161ichni jsme sk\u00e1kali, Everton1878 m\u011b pl\u00e1cal po z\u00e1dech, \u017ee jsem m\u011bl strach, \u017ee p\u0159epadnu dol\u016f. Pak u\u017e to uteklo hodn\u011b rychle, hodn\u011b jsem si oddechl. Z chumlu hr\u00e1\u010d\u016f p\u0159i\u0161el pod tribunu jako prvn\u00ed Mirallas, kter\u00e9 je\u0161t\u011b p\u0159i rozcvi\u010dov\u00e1n\u00ed fans n\u011bkolikr\u00e1t vyvol\u00e1vali na notoricky zn\u00e1mou melodii seven nations army. Pak bylo vid\u011bt, jak se Davies zastavil u Bainese a oba pak p\u0159i\u0161li hodit dres nad\u0161en\u00fdm modr\u00fdm. Mysl\u00edm, \u017ee se dostal t\u011bm mlad\u0161\u00edm, co vylezli na plot. P\u0159\u00ed\u0161t\u011b u\u017e budu v\u011bd\u011bt, co d\u011blat.<\/p>\n<hr \/>\n<p>Ak\u00e9 to bolo? \u0164a\u017eko poveda\u0165. A to som si myslel, \u017ee po dvoch t\u00fd\u017ed\u0148och to u\u017e budem vedie\u0165 aspo\u0148 op\u00edsa\u0165. Ten stav beztia\u017ee, ke\u010f ich vid\u00edte vych\u00e1dza\u0165 na ihrisko a viete, \u017ee je to prv\u00fdkr\u00e1t. Jedine\u010dn\u00e9 a neopakovate\u013en\u00e9 z\u00e1rove\u0148. Zimomriavky m\u00e1te doslova v\u0161ade a slzy sa v\u00e1m hromadia na kraj\u00ed\u010dku. C\u00edtite, ako sa st\u00e1vate s\u00fa\u010das\u0165ou nie\u010doho v\u00e4\u010d\u0161ieho. Napln\u00ed v\u00e1s to a dok\u00e1\u017ee hria\u0165 pri srdci e\u0161te ve\u013emi dlho. To \u017eiadny stream ani telev\u00edzny prenos nedok\u00e1\u017ee sprostredkova\u0165. Spont\u00e1nne reakcie davu, kde sa jeden od druh\u00e9ho vyburcujete k \u010do najsilnej\u0161iemu prejavu vlastn\u00fdch hlasiviek, \u010do va\u0161e p\u013e\u00faca sta\u010dia. \u010c\u00edra \u0161ialenos\u0165 po g\u00f3le, kedy v\u00e1m je jedno ko\u013eko m\u00e1te rokov, ak\u00fdch sprostost\u00ed ste schopn\u00fd a \u010di v\u00e1s pri tom nebodaj sn\u00edma telev\u00edzna kamera. Prudko n\u00e1vykov\u00e9. \u010co by \u010dlovek za to dal, aby to mohol pre\u017e\u00edva\u0165 znova a znova ka\u017ed\u00fd t\u00fd\u017ede\u0148&#8230;<\/p>\n<h4><strong>\u201e<em>Next time\u201c<\/em><\/strong><\/h4>\n<p>Ze stadionu jsme vylezli s Ivonou trochu d\u0159\u00edv, cht\u011bla si vz\u00edt nazp\u011bt v\u011bci (roll-on, propisky na kv\u00edz), co ji zabavili u vchodu. Za asistence ozbrojenc\u016f jsme se vydali zp\u011bt do m\u011bsta, doprovodil jsem \u017eenu nap\u016fl cesty dom\u016f. Kdy\u017e jsem p\u0159i\u0161el, z CSESC tam je\u0161t\u011b nikdo nebyl, k m\u00e9 ulev\u011b se ale do minuty objevili. Efekt byl p\u0159elidn\u011bn, pivo jsme dostali a\u017e po dlouh\u00e9 dob\u011b. \u017d\u00edze\u0148 byla, ale chlapci z Bratislavy se vydali na cestu dom\u016f. \u0160li jsme BlueBlooded-a a Evertona1878 doprovodit na n\u00e1dra\u017e\u00ed. Do vlaku se dostali na posledn\u00ed chv\u00edli, na stanici chyb\u011bla tabule.<\/p>\n<p>Javor, Ri\u010di a j\u00e1 jsme je\u0161t\u011b hledali ob\u010derstven\u00ed, za\u0161li jsme do 2 bar\u016f. Proto\u017ee my byli v uniform\u011b, v\u0161ude n\u00e1s oslovovali m\u00edstn\u00ed. N\u00e1lada byla p\u0159\u00e1telsk\u00e1, jen se zd\u00e1lo, \u017ee trochu litovali, \u017ee nedostali v\u00edc na frak. P\u0159itom mohli b\u00fdt py\u0161n\u00ed na sv\u016fj t\u00fdm. Kdy\u017e jsme opou\u0161t\u011bli posledn\u00ed \u0161taci, rad\u011bji jsme p\u0159edst\u00edrali, \u017ee nerozum\u00edme slovensky, abychom unikli. I tak, v\u00fdjezd to byl super, nikomu se nic nestalo, par\u00e1da&#8230;<\/p>\n<hr \/>\n<p>E\u0161te pred cestou na stanicu, sme sa rozl\u00fa\u010dili so skupinkou okolo godisona, taktie\u017e TheRoyalBlue a Duch Abum odch\u00e1dzali sk\u00f4r a neost\u00e1valo ni\u010d in\u00e9, len dopi\u0165 pivo a pobra\u0165 sa aj n\u00e1m. Na ve\u013ek\u00e9 pobavenie Ru\u017eomber\u010danov aj anglick\u00fdch Evertonians vzi\u0161la situ\u00e1cia, v ktorej som bol po anglicky osloven\u00fd Slov\u00e1kom a bezprostredne mu odpoved\u00e1m taktie\u017e po anglicky. Na tom by e\u0161te ni\u010d nebolo, len\u017ee pri odchode ma oslovil znova po anglicky a vtedy som u\u017e zareagoval plynulou sloven\u010dinou.<\/p>\n<p>Ur\u010dite si viete predstavi\u0165 jeho prekvapenie a rehot, ako aj v\u0161etk\u00fdch ostatn\u00fdch pr\u00edsediacich. Tmav\u00fdmi uli\u010dkami sa op\u00e4\u0165 debatovalo popri \u010dudnom tichu, ktor\u00e9 v polno\u010dnom meste vl\u00e1dlo. Len mne akosi nie a nie presta\u0165 v hlave znie\u0165 chor\u00e1ly v\u0161etk\u00e9ho druhu, ktor\u00fdmi ma odu\u0161evnen\u00ed fan\u00fa\u0161ikovia na trib\u00fane nakazili. No\u010dn\u00fd vlak mal s\u00edce me\u0161kanie, no ke\u010f u\u017e znenazdajky dorazil, ledva sme ho stihli. Dokonca sme sa ani nestihli rozl\u00fa\u010di\u0165 s \u010deskou bandou. \u201eTak\u017ee chlapi, na vid\u011bnou p\u0159\u00ed\u0161t\u011b!\u201c. Neochotn\u00fd p\u00e1n vo vlaku n\u00e1m u\u017e len uk\u00e1zal n\u00e1\u0161 noc\u013eah a ost\u00e1valo jedin\u00e9. Pre\u017ei\u0165 sedemhodinov\u00fa cestu v l\u00f4\u017ekovom vag\u00f3ne, ktor\u00fd si niekto pom\u00fdlil so saunou. To v\u0161ak nebol probl\u00e9m, preto\u017ee jedin\u00e9, na \u010do som myslel, bolo<\/p>\n<p style=\"text-align: center;\"><strong><em>I have never felt more like singing the Blues&#8230;<\/em><\/strong><\/p>\n","protected":false},"excerpt":{"rendered":"<p>Em\u00f3cie z Evertonu na vlastn\u00e9 o\u010di museli usadn\u00fa\u0165, aby sa dali op\u00edsa\u0165 slovami. Na bielom V\u00e1m ich poskytne z \u010deskej&hellip;<\/p>\n","protected":false},"author":1,"featured_media":1310,"comment_status":"open","ping_status":"closed","sticky":false,"template":"","format":"standard","meta":{"_eb_attr":"","_monsterinsights_skip_tracking":false,"_monsterinsights_sitenote_active":false,"_monsterinsights_sitenote_note":"","_monsterinsights_sitenote_category":0,"footnotes":""},"categories":[85],"tags":[],"yoast_head":"<!-- This site is optimized with the Yoast SEO plugin v23.4 - https:\/\/yoast.com\/wordpress\/plugins\/seo\/ -->\n<title>Hl\u00e1senie: Ru\u017eombersk\u00fd v\u00fdjazd - Official Czech &amp; Slovak Everton Supporters&#039; Club<\/title>\n<meta name=\"robots\" content=\"index, follow, max-snippet:-1, max-image-preview:large, max-video-preview:-1\" \/>\n<link rel=\"canonical\" href=\"https:\/\/evertonfc.cz\/index.php\/2017\/08\/20\/hlasenie-ruzombersky-vyjazd\/\" \/>\n<meta property=\"og:locale\" content=\"cs_CZ\" \/>\n<meta property=\"og:type\" content=\"article\" \/>\n<meta property=\"og:title\" content=\"Hl\u00e1senie: Ru\u017eombersk\u00fd v\u00fdjazd - Official Czech &amp; Slovak Everton Supporters&#039; Club\" \/>\n<meta property=\"og:description\" content=\"Em\u00f3cie z Evertonu na vlastn\u00e9 o\u010di museli usadn\u00fa\u0165, aby sa dali op\u00edsa\u0165 slovami. Na bielom V\u00e1m ich poskytne z \u010deskej&hellip;\" \/>\n<meta property=\"og:url\" content=\"https:\/\/evertonfc.cz\/index.php\/2017\/08\/20\/hlasenie-ruzombersky-vyjazd\/\" \/>\n<meta property=\"og:site_name\" content=\"Official Czech &amp; Slovak Everton Supporters&#039; Club\" \/>\n<meta property=\"article:publisher\" content=\"https:\/\/www.facebook.com\/everton.fans.cz.sk\" \/>\n<meta property=\"article:published_time\" content=\"2017-08-20T19:01:17+00:00\" \/>\n<meta property=\"article:modified_time\" content=\"2020-05-14T10:23:12+00:00\" \/>\n<meta property=\"og:image\" content=\"https:\/\/evertonfc.cz\/wp-content\/uploads\/2019\/01\/blog.jpg\" \/>\n\t<meta property=\"og:image:width\" content=\"720\" \/>\n\t<meta property=\"og:image:height\" content=\"405\" \/>\n\t<meta property=\"og:image:type\" content=\"image\/jpeg\" \/>\n<meta name=\"author\" content=\"BlueBlooded\" \/>\n<meta name=\"twitter:card\" content=\"summary_large_image\" \/>\n<meta name=\"twitter:label1\" content=\"Napsal(a)\" \/>\n\t<meta name=\"twitter:data1\" content=\"BlueBlooded\" \/>\n\t<meta name=\"twitter:label2\" content=\"Odhadovan\u00e1 doba \u010dten\u00ed\" \/>\n\t<meta name=\"twitter:data2\" content=\"17 minut\" \/>\n<script type=\"application\/ld+json\" class=\"yoast-schema-graph\">{\"@context\":\"https:\/\/schema.org\",\"@graph\":[{\"@type\":\"Article\",\"@id\":\"https:\/\/evertonfc.cz\/index.php\/2017\/08\/20\/hlasenie-ruzombersky-vyjazd\/#article\",\"isPartOf\":{\"@id\":\"https:\/\/evertonfc.cz\/index.php\/2017\/08\/20\/hlasenie-ruzombersky-vyjazd\/\"},\"author\":{\"name\":\"BlueBlooded\",\"@id\":\"https:\/\/evertonfc.cz\/#\/schema\/person\/d4493b8cbea51532597fbc4685698916\"},\"headline\":\"Hl\u00e1senie: Ru\u017eombersk\u00fd v\u00fdjazd\",\"datePublished\":\"2017-08-20T19:01:17+00:00\",\"dateModified\":\"2020-05-14T10:23:12+00:00\",\"mainEntityOfPage\":{\"@id\":\"https:\/\/evertonfc.cz\/index.php\/2017\/08\/20\/hlasenie-ruzombersky-vyjazd\/\"},\"wordCount\":3390,\"commentCount\":0,\"publisher\":{\"@id\":\"https:\/\/evertonfc.cz\/#organization\"},\"image\":{\"@id\":\"https:\/\/evertonfc.cz\/index.php\/2017\/08\/20\/hlasenie-ruzombersky-vyjazd\/#primaryimage\"},\"thumbnailUrl\":\"https:\/\/evertonfc.cz\/wp-content\/uploads\/2019\/01\/blog.jpg\",\"articleSection\":[\"Supporters' Club\"],\"inLanguage\":\"cs\",\"potentialAction\":[{\"@type\":\"CommentAction\",\"name\":\"Comment\",\"target\":[\"https:\/\/evertonfc.cz\/index.php\/2017\/08\/20\/hlasenie-ruzombersky-vyjazd\/#respond\"]}]},{\"@type\":\"WebPage\",\"@id\":\"https:\/\/evertonfc.cz\/index.php\/2017\/08\/20\/hlasenie-ruzombersky-vyjazd\/\",\"url\":\"https:\/\/evertonfc.cz\/index.php\/2017\/08\/20\/hlasenie-ruzombersky-vyjazd\/\",\"name\":\"Hl\u00e1senie: Ru\u017eombersk\u00fd v\u00fdjazd - Official Czech &amp; Slovak Everton Supporters&#039; Club\",\"isPartOf\":{\"@id\":\"https:\/\/evertonfc.cz\/#website\"},\"primaryImageOfPage\":{\"@id\":\"https:\/\/evertonfc.cz\/index.php\/2017\/08\/20\/hlasenie-ruzombersky-vyjazd\/#primaryimage\"},\"image\":{\"@id\":\"https:\/\/evertonfc.cz\/index.php\/2017\/08\/20\/hlasenie-ruzombersky-vyjazd\/#primaryimage\"},\"thumbnailUrl\":\"https:\/\/evertonfc.cz\/wp-content\/uploads\/2019\/01\/blog.jpg\",\"datePublished\":\"2017-08-20T19:01:17+00:00\",\"dateModified\":\"2020-05-14T10:23:12+00:00\",\"breadcrumb\":{\"@id\":\"https:\/\/evertonfc.cz\/index.php\/2017\/08\/20\/hlasenie-ruzombersky-vyjazd\/#breadcrumb\"},\"inLanguage\":\"cs\",\"potentialAction\":[{\"@type\":\"ReadAction\",\"target\":[\"https:\/\/evertonfc.cz\/index.php\/2017\/08\/20\/hlasenie-ruzombersky-vyjazd\/\"]}]},{\"@type\":\"ImageObject\",\"inLanguage\":\"cs\",\"@id\":\"https:\/\/evertonfc.cz\/index.php\/2017\/08\/20\/hlasenie-ruzombersky-vyjazd\/#primaryimage\",\"url\":\"https:\/\/evertonfc.cz\/wp-content\/uploads\/2019\/01\/blog.jpg\",\"contentUrl\":\"https:\/\/evertonfc.cz\/wp-content\/uploads\/2019\/01\/blog.jpg\",\"width\":720,\"height\":405},{\"@type\":\"BreadcrumbList\",\"@id\":\"https:\/\/evertonfc.cz\/index.php\/2017\/08\/20\/hlasenie-ruzombersky-vyjazd\/#breadcrumb\",\"itemListElement\":[{\"@type\":\"ListItem\",\"position\":1,\"name\":\"Home\",\"item\":\"https:\/\/evertonfc.cz\/\"},{\"@type\":\"ListItem\",\"position\":2,\"name\":\"Hl\u00e1senie: Ru\u017eombersk\u00fd v\u00fdjazd\"}]},{\"@type\":\"WebSite\",\"@id\":\"https:\/\/evertonfc.cz\/#website\",\"url\":\"https:\/\/evertonfc.cz\/\",\"name\":\"Official Czech &amp; Slovak Everton Supporters&#039; Club\",\"description\":\"\",\"publisher\":{\"@id\":\"https:\/\/evertonfc.cz\/#organization\"},\"potentialAction\":[{\"@type\":\"SearchAction\",\"target\":{\"@type\":\"EntryPoint\",\"urlTemplate\":\"https:\/\/evertonfc.cz\/?s={search_term_string}\"},\"query-input\":{\"@type\":\"PropertyValueSpecification\",\"valueRequired\":true,\"valueName\":\"search_term_string\"}}],\"inLanguage\":\"cs\"},{\"@type\":\"Organization\",\"@id\":\"https:\/\/evertonfc.cz\/#organization\",\"name\":\"Official Czech & Slovak Everton Supporters' Club\",\"url\":\"https:\/\/evertonfc.cz\/\",\"logo\":{\"@type\":\"ImageObject\",\"inLanguage\":\"cs\",\"@id\":\"https:\/\/evertonfc.cz\/#\/schema\/logo\/image\/\",\"url\":\"https:\/\/evertonfc.cz\/wp-content\/uploads\/2019\/05\/logo.png\",\"contentUrl\":\"https:\/\/evertonfc.cz\/wp-content\/uploads\/2019\/05\/logo.png\",\"width\":112,\"height\":112,\"caption\":\"Official Czech & Slovak Everton Supporters' Club\"},\"image\":{\"@id\":\"https:\/\/evertonfc.cz\/#\/schema\/logo\/image\/\"},\"sameAs\":[\"https:\/\/www.facebook.com\/everton.fans.cz.sk\"]},{\"@type\":\"Person\",\"@id\":\"https:\/\/evertonfc.cz\/#\/schema\/person\/d4493b8cbea51532597fbc4685698916\",\"name\":\"BlueBlooded\",\"url\":\"https:\/\/evertonfc.cz\/index.php\/author\/admin\/\"}]}<\/script>\n<!-- \/ Yoast SEO plugin. -->","yoast_head_json":{"title":"Hl\u00e1senie: Ru\u017eombersk\u00fd v\u00fdjazd - Official Czech &amp; Slovak Everton Supporters&#039; Club","robots":{"index":"index","follow":"follow","max-snippet":"max-snippet:-1","max-image-preview":"max-image-preview:large","max-video-preview":"max-video-preview:-1"},"canonical":"https:\/\/evertonfc.cz\/index.php\/2017\/08\/20\/hlasenie-ruzombersky-vyjazd\/","og_locale":"cs_CZ","og_type":"article","og_title":"Hl\u00e1senie: Ru\u017eombersk\u00fd v\u00fdjazd - Official Czech &amp; Slovak Everton Supporters&#039; Club","og_description":"Em\u00f3cie z Evertonu na vlastn\u00e9 o\u010di museli usadn\u00fa\u0165, aby sa dali op\u00edsa\u0165 slovami. Na bielom V\u00e1m ich poskytne z \u010deskej&hellip;","og_url":"https:\/\/evertonfc.cz\/index.php\/2017\/08\/20\/hlasenie-ruzombersky-vyjazd\/","og_site_name":"Official Czech &amp; Slovak Everton Supporters&#039; Club","article_publisher":"https:\/\/www.facebook.com\/everton.fans.cz.sk","article_published_time":"2017-08-20T19:01:17+00:00","article_modified_time":"2020-05-14T10:23:12+00:00","og_image":[{"width":720,"height":405,"url":"https:\/\/evertonfc.cz\/wp-content\/uploads\/2019\/01\/blog.jpg","type":"image\/jpeg"}],"author":"BlueBlooded","twitter_card":"summary_large_image","twitter_misc":{"Napsal(a)":"BlueBlooded","Odhadovan\u00e1 doba \u010dten\u00ed":"17 minut"},"schema":{"@context":"https:\/\/schema.org","@graph":[{"@type":"Article","@id":"https:\/\/evertonfc.cz\/index.php\/2017\/08\/20\/hlasenie-ruzombersky-vyjazd\/#article","isPartOf":{"@id":"https:\/\/evertonfc.cz\/index.php\/2017\/08\/20\/hlasenie-ruzombersky-vyjazd\/"},"author":{"name":"BlueBlooded","@id":"https:\/\/evertonfc.cz\/#\/schema\/person\/d4493b8cbea51532597fbc4685698916"},"headline":"Hl\u00e1senie: Ru\u017eombersk\u00fd v\u00fdjazd","datePublished":"2017-08-20T19:01:17+00:00","dateModified":"2020-05-14T10:23:12+00:00","mainEntityOfPage":{"@id":"https:\/\/evertonfc.cz\/index.php\/2017\/08\/20\/hlasenie-ruzombersky-vyjazd\/"},"wordCount":3390,"commentCount":0,"publisher":{"@id":"https:\/\/evertonfc.cz\/#organization"},"image":{"@id":"https:\/\/evertonfc.cz\/index.php\/2017\/08\/20\/hlasenie-ruzombersky-vyjazd\/#primaryimage"},"thumbnailUrl":"https:\/\/evertonfc.cz\/wp-content\/uploads\/2019\/01\/blog.jpg","articleSection":["Supporters' Club"],"inLanguage":"cs","potentialAction":[{"@type":"CommentAction","name":"Comment","target":["https:\/\/evertonfc.cz\/index.php\/2017\/08\/20\/hlasenie-ruzombersky-vyjazd\/#respond"]}]},{"@type":"WebPage","@id":"https:\/\/evertonfc.cz\/index.php\/2017\/08\/20\/hlasenie-ruzombersky-vyjazd\/","url":"https:\/\/evertonfc.cz\/index.php\/2017\/08\/20\/hlasenie-ruzombersky-vyjazd\/","name":"Hl\u00e1senie: Ru\u017eombersk\u00fd v\u00fdjazd - Official Czech &amp; Slovak Everton Supporters&#039; Club","isPartOf":{"@id":"https:\/\/evertonfc.cz\/#website"},"primaryImageOfPage":{"@id":"https:\/\/evertonfc.cz\/index.php\/2017\/08\/20\/hlasenie-ruzombersky-vyjazd\/#primaryimage"},"image":{"@id":"https:\/\/evertonfc.cz\/index.php\/2017\/08\/20\/hlasenie-ruzombersky-vyjazd\/#primaryimage"},"thumbnailUrl":"https:\/\/evertonfc.cz\/wp-content\/uploads\/2019\/01\/blog.jpg","datePublished":"2017-08-20T19:01:17+00:00","dateModified":"2020-05-14T10:23:12+00:00","breadcrumb":{"@id":"https:\/\/evertonfc.cz\/index.php\/2017\/08\/20\/hlasenie-ruzombersky-vyjazd\/#breadcrumb"},"inLanguage":"cs","potentialAction":[{"@type":"ReadAction","target":["https:\/\/evertonfc.cz\/index.php\/2017\/08\/20\/hlasenie-ruzombersky-vyjazd\/"]}]},{"@type":"ImageObject","inLanguage":"cs","@id":"https:\/\/evertonfc.cz\/index.php\/2017\/08\/20\/hlasenie-ruzombersky-vyjazd\/#primaryimage","url":"https:\/\/evertonfc.cz\/wp-content\/uploads\/2019\/01\/blog.jpg","contentUrl":"https:\/\/evertonfc.cz\/wp-content\/uploads\/2019\/01\/blog.jpg","width":720,"height":405},{"@type":"BreadcrumbList","@id":"https:\/\/evertonfc.cz\/index.php\/2017\/08\/20\/hlasenie-ruzombersky-vyjazd\/#breadcrumb","itemListElement":[{"@type":"ListItem","position":1,"name":"Home","item":"https:\/\/evertonfc.cz\/"},{"@type":"ListItem","position":2,"name":"Hl\u00e1senie: Ru\u017eombersk\u00fd v\u00fdjazd"}]},{"@type":"WebSite","@id":"https:\/\/evertonfc.cz\/#website","url":"https:\/\/evertonfc.cz\/","name":"Official Czech &amp; Slovak Everton Supporters&#039; Club","description":"","publisher":{"@id":"https:\/\/evertonfc.cz\/#organization"},"potentialAction":[{"@type":"SearchAction","target":{"@type":"EntryPoint","urlTemplate":"https:\/\/evertonfc.cz\/?s={search_term_string}"},"query-input":{"@type":"PropertyValueSpecification","valueRequired":true,"valueName":"search_term_string"}}],"inLanguage":"cs"},{"@type":"Organization","@id":"https:\/\/evertonfc.cz\/#organization","name":"Official Czech & Slovak Everton Supporters' Club","url":"https:\/\/evertonfc.cz\/","logo":{"@type":"ImageObject","inLanguage":"cs","@id":"https:\/\/evertonfc.cz\/#\/schema\/logo\/image\/","url":"https:\/\/evertonfc.cz\/wp-content\/uploads\/2019\/05\/logo.png","contentUrl":"https:\/\/evertonfc.cz\/wp-content\/uploads\/2019\/05\/logo.png","width":112,"height":112,"caption":"Official Czech & Slovak Everton Supporters' Club"},"image":{"@id":"https:\/\/evertonfc.cz\/#\/schema\/logo\/image\/"},"sameAs":["https:\/\/www.facebook.com\/everton.fans.cz.sk"]},{"@type":"Person","@id":"https:\/\/evertonfc.cz\/#\/schema\/person\/d4493b8cbea51532597fbc4685698916","name":"BlueBlooded","url":"https:\/\/evertonfc.cz\/index.php\/author\/admin\/"}]}},"_links":{"self":[{"href":"https:\/\/evertonfc.cz\/index.php\/wp-json\/wp\/v2\/posts\/2661"}],"collection":[{"href":"https:\/\/evertonfc.cz\/index.php\/wp-json\/wp\/v2\/posts"}],"about":[{"href":"https:\/\/evertonfc.cz\/index.php\/wp-json\/wp\/v2\/types\/post"}],"author":[{"embeddable":true,"href":"https:\/\/evertonfc.cz\/index.php\/wp-json\/wp\/v2\/users\/1"}],"replies":[{"embeddable":true,"href":"https:\/\/evertonfc.cz\/index.php\/wp-json\/wp\/v2\/comments?post=2661"}],"version-history":[{"count":4,"href":"https:\/\/evertonfc.cz\/index.php\/wp-json\/wp\/v2\/posts\/2661\/revisions"}],"predecessor-version":[{"id":10918,"href":"https:\/\/evertonfc.cz\/index.php\/wp-json\/wp\/v2\/posts\/2661\/revisions\/10918"}],"wp:featuredmedia":[{"embeddable":true,"href":"https:\/\/evertonfc.cz\/index.php\/wp-json\/wp\/v2\/media\/1310"}],"wp:attachment":[{"href":"https:\/\/evertonfc.cz\/index.php\/wp-json\/wp\/v2\/media?parent=2661"}],"wp:term":[{"taxonomy":"category","embeddable":true,"href":"https:\/\/evertonfc.cz\/index.php\/wp-json\/wp\/v2\/categories?post=2661"},{"taxonomy":"post_tag","embeddable":true,"href":"https:\/\/evertonfc.cz\/index.php\/wp-json\/wp\/v2\/tags?post=2661"}],"curies":[{"name":"wp","href":"https:\/\/api.w.org\/{rel}","templated":true}]}}