{"id":26615,"date":"2025-04-23T21:35:27","date_gmt":"2025-04-23T19:35:27","guid":{"rendered":"https:\/\/evertonfc.cz\/?p=26615"},"modified":"2025-04-24T10:42:13","modified_gmt":"2025-04-24T08:42:13","slug":"manchester-city-w-everton-w-11","status":"publish","type":"post","link":"https:\/\/evertonfc.cz\/index.php\/2025\/04\/23\/manchester-city-w-everton-w-11\/","title":{"rendered":"Manchester City W &#8211; Everton W 1:1"},"content":{"rendered":"<h4>Skv\u011bl\u00e1 spolupr\u00e1ce dvoj\u010dat Holmgaardov\u00fdch n\u00e1m p\u0159inesla rem\u00edzu a s n\u00ed i cenn\u00fd bod.<\/h4>\n<p>Citzens se letos neda\u0159\u00ed. Vypadly postupn\u011b z ligov\u00e9ho poh\u00e1ru, z FA Cup i z evropsk\u00fdch sout\u011b\u017e\u00ed. Z Top Four maj\u00ed nejd\u011brav\u011bj\u0161\u00ed obranu a spolehlivost\u00ed nevynik\u00e1 letos ani str\u00e1\u017ekyn\u011b nebesky modr\u00e9 svatyn\u011b Keating. Elitn\u00ed kanon\u00fdrka City, Jamaj\u010danka Khadija Shaw si natrhla hamstring a do konce sez\u00f3ny je ze hry. Prosincov\u00e1 por\u00e1\u017eka na Walton Hall Park tak n\u011bjak zapad\u00e1 do r\u00e1mce relativn\u011b nepoveden\u00e9 sez\u00f3ny. Nicm\u00e9n\u011b vzdor v\u0161em leto\u0161n\u00edm probl\u00e9m\u016fm jde i nad\u00e1le o elitn\u00ed t\u00fdm a na\u0161e ambice pokusit se letos o double tak byla velmi sebev\u011bdom\u00e1. Do z\u00e1pasu (krom chronicky zran\u011bn\u00fdch) nenastoupila Hope ani Mjelde, na lavi\u010dce se ocitla i Brosnan. Gago nebyla k z\u00e1pasu v\u016fbec nominovan\u00e1. Z hostov\u00e1n\u00ed byla sta\u017eena Hobson. Od za\u010d\u00e1tku z\u00e1pasu nastoupila \u010derstv\u011b zasnouben\u00e1 Madsen a poprv\u00e9 v sez\u00f3n\u011b i Karen Holmgaard.<\/p>\n<h4>Prvn\u00ed p\u016fle, dva g\u00f3ly<\/h4>\n<p>Ve 12. minut\u011b Ramsey nepochopiteln\u011b vyb\u011bhla daleko od sv\u00e9ho dome\u010dku aby odzbrojila \u00fato\u010d\u00edc\u00ed Kerolin. To se ji nikoliv p\u0159ekvapiv\u011b nepoda\u0159ilo. Od g\u00f3lu do pr\u00e1zdn\u00e9 branky n\u00e1s na posledn\u00ed chv\u00edli zachr\u00e1nil odv\u00e1\u017en\u00fd skluz Fern\u00e1ndez. Po \u010dtvrthodin\u011b hry se skluz nepoda\u0159il Sa\u0159e Holmgaard a Kerolin voln\u011b odcentrovala p\u0159ed br\u00e1nu. Tam po p\u0159i\u0165uknut\u00ed od spoluhr\u00e1\u010dky Casparij jen zbl\u00edzka doklepla m\u00ed\u010d za z\u00e1da Ramsey &#8211; <strong>1:0<\/strong>. Citizens se s jednog\u00f3lov\u00fdm n\u00e1skokem nespokojily a d\u00e1valy to jasn\u011b najevo. Na\u0161t\u011bst\u00ed pro n\u00e1s se jim z\u00e1v\u011bre\u010dn\u00e9 st\u0159ely v\u016fbec neda\u0159ily, i kdy\u017e g\u00f3lov\u00fdch situac\u00ed si vytvo\u0159ily dost.\u00a0 Ramsey se rad\u011bji nechala o\u0161et\u0159it, aby n\u00e1s aspo\u0148 na chv\u00edli vymanila z tlaku dom\u00e1c\u00edch. Za n\u00e1s se o pr\u016fniky dop\u0159edu sna\u017eila Hayashi, Toni Payne a sestry Holmgaardovy, ale nic moc z toho nevze\u0161lo. A\u017e do 33. minuty, kde Toni Payne svoj\u00ed zatvrzelost\u00ed udr\u017eela m\u00ed\u010d a posunula ho na Saru Holmgaard. Ta milimetrov\u011b p\u0159esnou p\u0159ihr\u00e1vkou na\u0161la sv\u00e9 nab\u00edhaj\u00edc\u00ed dvoj\u010de a Karen Holmgaard kr\u00e1snou st\u0159elou srovnala &#8211; <strong>1:1<\/strong>. Do konce polo\u010dasu se sk\u00f3re nezm\u011bnilo, i kdy\u017e Citizens k tomu m\u011bli op\u011bt n\u011bkolik p\u0159\u00edle\u017eitost\u00ed. Hlavn\u011b d\u00edky Casparij a Kerolin, kter\u00e9 jsme jednodu\u0161e nest\u00edhali.<\/p>\n<h4>Druh\u00e1 p\u016fle aneb dr\u017e\u00edme rem\u00edzu<\/h4>\n<p>Po p\u0159est\u00e1vce si na\u0161e dvoj\u010data nacvi\u010denou akci z prvn\u00ed p\u016fle zopakovala, tentokr\u00e1t ale Karen hlavi\u010dkovala nad. Pak u\u017e hra p\u0159e\u0161la do re\u017eie dom\u00e1c\u00edch. Na\u0161t\u011bst\u00ed pro n\u00e1s ale nedok\u00e1zaly svoj\u00ed snahu z\u00faro\u010dit do zv\u00fd\u0161en\u00ed sk\u00f3re. Jejich st\u0159ely bu\u010f sm\u011b\u0159ovaly mimo, nebo je likvidovala Ramsey. Fern\u00e1ndez m\u011bla s organizac\u00ed na\u0161\u00ed obrany pom\u011brn\u011b\u00a0 dost pr\u00e1ce, nicm\u00e9n\u011b se n\u00e1m poda\u0159ilo dov\u00e9st z\u00e1pas i p\u0159es \u00faskal\u00ed p\u011btiminutov\u00e9ho nastaven\u00ed do sm\u00edrn\u00e9ho konce.<\/p>\n<h4>Shrnut\u00ed<\/h4>\n<p>\u010casto zde p\u00ed\u0161eme, \u017ee n\u00e1\u0161 v\u00fdkon byl lep\u0161\u00ed, ne\u017e kone\u010dn\u00e9 sk\u00f3re z\u00e1pasu. Dnes je situace opa\u010dn\u00e1 &#8211; z na\u0161\u00ed jedin\u00e9 st\u0159ely na branku vze\u0161la nakonec \u0161\u0165astn\u011b rem\u00edza. Uk\u00e1zalo se, \u017ee Gago a jej\u00ed schopnost dostat se do zakon\u010den\u00ed n\u00e1m bolestn\u011b chyb\u00ed. Pokud se n\u00e1m nepoda\u0159\u00ed (a je to pravd\u011bpodobn\u00e9) j\u00ed v l\u00e9t\u011b udr\u017eet, hroz\u00ed, \u017ee se ocitneme tam, kde posledn\u00ed dv\u011b sez\u00f3ny: nebudeme m\u00edt funguj\u00edc\u00ed strikerku.\u00a0 Tento nedostatek nenahrad\u00ed ani tucet z\u00e1lo\u017enic. Jakkoliv mi je Sara Holmgaard sympatick\u00e1 a a\u010d asistovala sv\u00e9 sest\u0159e ve vyrovn\u00e1n\u00ed,\u00a0 tak v tomto z\u00e1pase na lev\u00e9 stran\u011b obrany nest\u00edhala. Opakovan\u00e9 skluzy napr\u00e1zdno to je\u0161t\u011b podtrhovaly a Kerolin p\u0159es n\u00ed proch\u00e1zela znepokojiv\u011b snadno. Co\u017e p\u0159isp\u011blo i k brance dom\u00e1c\u00edch. V\u011b\u0159me, \u017ee tohle v dal\u0161\u00edch z\u00e1pasech u\u017e nenastane. Naopak v obran\u011b velmi dob\u0159e zahr\u00e1la Fern\u00e1ndez (a ne poprv\u00e9). Je \u0161koda, \u017ee ji z Barcelony m\u00e1me jen zap\u016fj\u010denou do konce sez\u00f3ny. Kone\u010dn\u00e9 sk\u00f3re doufejme pot\u011b\u0161ilo na\u0161eho mana\u017eera. V minul\u00e9m t\u00fddnu se S\u00f8rensenov\u011b p\u0159\u00edtelkyni Camile narodil syn, tak\u017ee Brian nyn\u00ed jist\u011b pln\u00ed otcovsk\u00e9 povinnosti je\u0161t\u011b radostn\u011bji. <strong><span style=\"color: #0000ff;\">COYBG!<br \/>\n<\/span><\/strong><\/p>\n<p style=\"text-align: right;\"><span style=\"font-size: 8pt;\"><em>Fotografie: Holmgaard and Holmgaard (zdroj: bbc.co.uk)<\/em><\/span><\/p>\n<p><strong>G\u00f3ly: <\/strong>Casparij (13\u00b4) &#8211; K. Holmgaard (33\u00b4)\u00a0 <strong>\u017dK: <\/strong>Knaak, Park &#8211; Lawley<\/p>\n<p><strong>City (4-2-3-1):<\/strong> Keating; Casparij, <span class=\"visually-hidden ssrcss-1f39n02-VisuallyHidden e16en2lz0\">Prior, <\/span>Knaak (Layzell 62&#8242;), <span class=\"visually-hidden ssrcss-1f39n02-VisuallyHidden e16en2lz0\">Ouahabi; <\/span>Aleixandri, <span class=\"visually-hidden ssrcss-1f39n02-VisuallyHidden e16en2lz0\">Hasegawa; Park, Coombs, Murphy (Wienroither 72&#8242;); Kerolin<\/span><\/p>\n<p><strong>Everton (4-4-2): <\/strong>Ramsey; K. Holmgaard (Hobson 67\u00b4),\u00a0 Fern\u00e1ndez, Stenevik, S. Holmgaard; Snoeijs (Sarri 67\u00b4), Vanhaevermaet, <span class=\"visually-hidden ssrcss-1f39n02-VisuallyHidden e16en2lz0\">Wheeler, Hayashi (Olesen 46\u00b4); Madsen (Lawley 59\u00b4), T. Payne<\/span><\/p>\n<p><strong>Rozhod\u010d\u00ed:<\/strong> Phoebe Cross\u00a0 <strong>Stadion:<\/strong> Academy Stadium (kapacita 7 000)<\/p>\n<p><iframe loading=\"lazy\" title=\"FULL MATCH: Manchester City v Everton | Barclays WSL 2024-25\" width=\"1140\" height=\"641\" src=\"https:\/\/www.youtube.com\/embed\/ZdO-WOZAXWs?feature=oembed\" frameborder=\"0\" allow=\"accelerometer; autoplay; clipboard-write; encrypted-media; gyroscope; picture-in-picture; web-share\" referrerpolicy=\"strict-origin-when-cross-origin\" allowfullscreen><\/iframe><\/p>\n","protected":false},"excerpt":{"rendered":"<p>Skv\u011bl\u00e1 spolupr\u00e1ce dvoj\u010dat Holmgaardov\u00fdch n\u00e1m p\u0159inesla rem\u00edzu a s n\u00ed i cenn\u00fd bod.<\/p>\n","protected":false},"author":26,"featured_media":26620,"comment_status":"open","ping_status":"closed","sticky":false,"template":"","format":"standard","meta":{"_eb_attr":"","_monsterinsights_skip_tracking":false,"_monsterinsights_sitenote_active":false,"_monsterinsights_sitenote_note":"","_monsterinsights_sitenote_category":0,"footnotes":""},"categories":[110],"tags":[],"yoast_head":"<!-- This site is optimized with the Yoast SEO plugin v23.4 - https:\/\/yoast.com\/wordpress\/plugins\/seo\/ -->\n<title>Manchester City W - Everton W 1:1 - Official Czech &amp; Slovak Everton Supporters&#039; Club<\/title>\n<meta name=\"robots\" content=\"index, follow, max-snippet:-1, max-image-preview:large, max-video-preview:-1\" \/>\n<link rel=\"canonical\" href=\"https:\/\/evertonfc.cz\/index.php\/2025\/04\/23\/manchester-city-w-everton-w-11\/\" \/>\n<meta property=\"og:locale\" content=\"cs_CZ\" \/>\n<meta property=\"og:type\" content=\"article\" \/>\n<meta property=\"og:title\" content=\"Manchester City W - Everton W 1:1 - Official Czech &amp; Slovak Everton Supporters&#039; Club\" \/>\n<meta property=\"og:description\" content=\"Skv\u011bl\u00e1 spolupr\u00e1ce dvoj\u010dat Holmgaardov\u00fdch n\u00e1m p\u0159inesla rem\u00edzu a s n\u00ed i cenn\u00fd bod.\" \/>\n<meta property=\"og:url\" content=\"https:\/\/evertonfc.cz\/index.php\/2025\/04\/23\/manchester-city-w-everton-w-11\/\" \/>\n<meta property=\"og:site_name\" content=\"Official Czech &amp; Slovak Everton Supporters&#039; Club\" \/>\n<meta property=\"article:publisher\" content=\"https:\/\/www.facebook.com\/everton.fans.cz.sk\" \/>\n<meta property=\"article:published_time\" content=\"2025-04-23T19:35:27+00:00\" \/>\n<meta property=\"article:modified_time\" content=\"2025-04-24T08:42:13+00:00\" \/>\n<meta property=\"og:image\" content=\"https:\/\/evertonfc.cz\/wp-content\/uploads\/2025\/04\/Holmgaard-and-Holmgaard-20_04_2025-web.jpg\" \/>\n\t<meta property=\"og:image:width\" content=\"720\" \/>\n\t<meta property=\"og:image:height\" content=\"405\" \/>\n\t<meta property=\"og:image:type\" content=\"image\/jpeg\" \/>\n<meta name=\"author\" content=\"Karamela\" \/>\n<meta name=\"twitter:card\" content=\"summary_large_image\" \/>\n<meta name=\"twitter:label1\" content=\"Napsal(a)\" \/>\n\t<meta name=\"twitter:data1\" content=\"Karamela\" \/>\n\t<meta name=\"twitter:label2\" content=\"Odhadovan\u00e1 doba \u010dten\u00ed\" \/>\n\t<meta name=\"twitter:data2\" content=\"4 minuty\" \/>\n<script type=\"application\/ld+json\" class=\"yoast-schema-graph\">{\"@context\":\"https:\/\/schema.org\",\"@graph\":[{\"@type\":\"Article\",\"@id\":\"https:\/\/evertonfc.cz\/index.php\/2025\/04\/23\/manchester-city-w-everton-w-11\/#article\",\"isPartOf\":{\"@id\":\"https:\/\/evertonfc.cz\/index.php\/2025\/04\/23\/manchester-city-w-everton-w-11\/\"},\"author\":{\"name\":\"Karamela\",\"@id\":\"https:\/\/evertonfc.cz\/#\/schema\/person\/e9a24a80a32efa1344dd2c4e5882185c\"},\"headline\":\"Manchester City W &#8211; Everton W 1:1\",\"datePublished\":\"2025-04-23T19:35:27+00:00\",\"dateModified\":\"2025-04-24T08:42:13+00:00\",\"mainEntityOfPage\":{\"@id\":\"https:\/\/evertonfc.cz\/index.php\/2025\/04\/23\/manchester-city-w-everton-w-11\/\"},\"wordCount\":846,\"commentCount\":0,\"publisher\":{\"@id\":\"https:\/\/evertonfc.cz\/#organization\"},\"image\":{\"@id\":\"https:\/\/evertonfc.cz\/index.php\/2025\/04\/23\/manchester-city-w-everton-w-11\/#primaryimage\"},\"thumbnailUrl\":\"https:\/\/evertonfc.cz\/wp-content\/uploads\/2025\/04\/Holmgaard-and-Holmgaard-20_04_2025-web.jpg\",\"articleSection\":[\"Everton Women\"],\"inLanguage\":\"cs\",\"potentialAction\":[{\"@type\":\"CommentAction\",\"name\":\"Comment\",\"target\":[\"https:\/\/evertonfc.cz\/index.php\/2025\/04\/23\/manchester-city-w-everton-w-11\/#respond\"]}]},{\"@type\":\"WebPage\",\"@id\":\"https:\/\/evertonfc.cz\/index.php\/2025\/04\/23\/manchester-city-w-everton-w-11\/\",\"url\":\"https:\/\/evertonfc.cz\/index.php\/2025\/04\/23\/manchester-city-w-everton-w-11\/\",\"name\":\"Manchester City W - Everton W 1:1 - Official Czech &amp; Slovak Everton Supporters&#039; Club\",\"isPartOf\":{\"@id\":\"https:\/\/evertonfc.cz\/#website\"},\"primaryImageOfPage\":{\"@id\":\"https:\/\/evertonfc.cz\/index.php\/2025\/04\/23\/manchester-city-w-everton-w-11\/#primaryimage\"},\"image\":{\"@id\":\"https:\/\/evertonfc.cz\/index.php\/2025\/04\/23\/manchester-city-w-everton-w-11\/#primaryimage\"},\"thumbnailUrl\":\"https:\/\/evertonfc.cz\/wp-content\/uploads\/2025\/04\/Holmgaard-and-Holmgaard-20_04_2025-web.jpg\",\"datePublished\":\"2025-04-23T19:35:27+00:00\",\"dateModified\":\"2025-04-24T08:42:13+00:00\",\"breadcrumb\":{\"@id\":\"https:\/\/evertonfc.cz\/index.php\/2025\/04\/23\/manchester-city-w-everton-w-11\/#breadcrumb\"},\"inLanguage\":\"cs\",\"potentialAction\":[{\"@type\":\"ReadAction\",\"target\":[\"https:\/\/evertonfc.cz\/index.php\/2025\/04\/23\/manchester-city-w-everton-w-11\/\"]}]},{\"@type\":\"ImageObject\",\"inLanguage\":\"cs\",\"@id\":\"https:\/\/evertonfc.cz\/index.php\/2025\/04\/23\/manchester-city-w-everton-w-11\/#primaryimage\",\"url\":\"https:\/\/evertonfc.cz\/wp-content\/uploads\/2025\/04\/Holmgaard-and-Holmgaard-20_04_2025-web.jpg\",\"contentUrl\":\"https:\/\/evertonfc.cz\/wp-content\/uploads\/2025\/04\/Holmgaard-and-Holmgaard-20_04_2025-web.jpg\",\"width\":720,\"height\":405},{\"@type\":\"BreadcrumbList\",\"@id\":\"https:\/\/evertonfc.cz\/index.php\/2025\/04\/23\/manchester-city-w-everton-w-11\/#breadcrumb\",\"itemListElement\":[{\"@type\":\"ListItem\",\"position\":1,\"name\":\"Home\",\"item\":\"https:\/\/evertonfc.cz\/\"},{\"@type\":\"ListItem\",\"position\":2,\"name\":\"Manchester City W &#8211; Everton W 1:1\"}]},{\"@type\":\"WebSite\",\"@id\":\"https:\/\/evertonfc.cz\/#website\",\"url\":\"https:\/\/evertonfc.cz\/\",\"name\":\"Official Czech &amp; Slovak Everton Supporters&#039; Club\",\"description\":\"\",\"publisher\":{\"@id\":\"https:\/\/evertonfc.cz\/#organization\"},\"potentialAction\":[{\"@type\":\"SearchAction\",\"target\":{\"@type\":\"EntryPoint\",\"urlTemplate\":\"https:\/\/evertonfc.cz\/?s={search_term_string}\"},\"query-input\":{\"@type\":\"PropertyValueSpecification\",\"valueRequired\":true,\"valueName\":\"search_term_string\"}}],\"inLanguage\":\"cs\"},{\"@type\":\"Organization\",\"@id\":\"https:\/\/evertonfc.cz\/#organization\",\"name\":\"Official Czech & Slovak Everton Supporters' Club\",\"url\":\"https:\/\/evertonfc.cz\/\",\"logo\":{\"@type\":\"ImageObject\",\"inLanguage\":\"cs\",\"@id\":\"https:\/\/evertonfc.cz\/#\/schema\/logo\/image\/\",\"url\":\"https:\/\/evertonfc.cz\/wp-content\/uploads\/2019\/05\/logo.png\",\"contentUrl\":\"https:\/\/evertonfc.cz\/wp-content\/uploads\/2019\/05\/logo.png\",\"width\":112,\"height\":112,\"caption\":\"Official Czech & Slovak Everton Supporters' Club\"},\"image\":{\"@id\":\"https:\/\/evertonfc.cz\/#\/schema\/logo\/image\/\"},\"sameAs\":[\"https:\/\/www.facebook.com\/everton.fans.cz.sk\"]},{\"@type\":\"Person\",\"@id\":\"https:\/\/evertonfc.cz\/#\/schema\/person\/e9a24a80a32efa1344dd2c4e5882185c\",\"name\":\"Karamela\",\"url\":\"https:\/\/evertonfc.cz\/index.php\/author\/karamela\/\"}]}<\/script>\n<!-- \/ Yoast SEO plugin. -->","yoast_head_json":{"title":"Manchester City W - Everton W 1:1 - Official Czech &amp; Slovak Everton Supporters&#039; Club","robots":{"index":"index","follow":"follow","max-snippet":"max-snippet:-1","max-image-preview":"max-image-preview:large","max-video-preview":"max-video-preview:-1"},"canonical":"https:\/\/evertonfc.cz\/index.php\/2025\/04\/23\/manchester-city-w-everton-w-11\/","og_locale":"cs_CZ","og_type":"article","og_title":"Manchester City W - Everton W 1:1 - Official Czech &amp; Slovak Everton Supporters&#039; Club","og_description":"Skv\u011bl\u00e1 spolupr\u00e1ce dvoj\u010dat Holmgaardov\u00fdch n\u00e1m p\u0159inesla rem\u00edzu a s n\u00ed i cenn\u00fd bod.","og_url":"https:\/\/evertonfc.cz\/index.php\/2025\/04\/23\/manchester-city-w-everton-w-11\/","og_site_name":"Official Czech &amp; Slovak Everton Supporters&#039; Club","article_publisher":"https:\/\/www.facebook.com\/everton.fans.cz.sk","article_published_time":"2025-04-23T19:35:27+00:00","article_modified_time":"2025-04-24T08:42:13+00:00","og_image":[{"width":720,"height":405,"url":"https:\/\/evertonfc.cz\/wp-content\/uploads\/2025\/04\/Holmgaard-and-Holmgaard-20_04_2025-web.jpg","type":"image\/jpeg"}],"author":"Karamela","twitter_card":"summary_large_image","twitter_misc":{"Napsal(a)":"Karamela","Odhadovan\u00e1 doba \u010dten\u00ed":"4 minuty"},"schema":{"@context":"https:\/\/schema.org","@graph":[{"@type":"Article","@id":"https:\/\/evertonfc.cz\/index.php\/2025\/04\/23\/manchester-city-w-everton-w-11\/#article","isPartOf":{"@id":"https:\/\/evertonfc.cz\/index.php\/2025\/04\/23\/manchester-city-w-everton-w-11\/"},"author":{"name":"Karamela","@id":"https:\/\/evertonfc.cz\/#\/schema\/person\/e9a24a80a32efa1344dd2c4e5882185c"},"headline":"Manchester City W &#8211; Everton W 1:1","datePublished":"2025-04-23T19:35:27+00:00","dateModified":"2025-04-24T08:42:13+00:00","mainEntityOfPage":{"@id":"https:\/\/evertonfc.cz\/index.php\/2025\/04\/23\/manchester-city-w-everton-w-11\/"},"wordCount":846,"commentCount":0,"publisher":{"@id":"https:\/\/evertonfc.cz\/#organization"},"image":{"@id":"https:\/\/evertonfc.cz\/index.php\/2025\/04\/23\/manchester-city-w-everton-w-11\/#primaryimage"},"thumbnailUrl":"https:\/\/evertonfc.cz\/wp-content\/uploads\/2025\/04\/Holmgaard-and-Holmgaard-20_04_2025-web.jpg","articleSection":["Everton Women"],"inLanguage":"cs","potentialAction":[{"@type":"CommentAction","name":"Comment","target":["https:\/\/evertonfc.cz\/index.php\/2025\/04\/23\/manchester-city-w-everton-w-11\/#respond"]}]},{"@type":"WebPage","@id":"https:\/\/evertonfc.cz\/index.php\/2025\/04\/23\/manchester-city-w-everton-w-11\/","url":"https:\/\/evertonfc.cz\/index.php\/2025\/04\/23\/manchester-city-w-everton-w-11\/","name":"Manchester City W - Everton W 1:1 - Official Czech &amp; Slovak Everton Supporters&#039; Club","isPartOf":{"@id":"https:\/\/evertonfc.cz\/#website"},"primaryImageOfPage":{"@id":"https:\/\/evertonfc.cz\/index.php\/2025\/04\/23\/manchester-city-w-everton-w-11\/#primaryimage"},"image":{"@id":"https:\/\/evertonfc.cz\/index.php\/2025\/04\/23\/manchester-city-w-everton-w-11\/#primaryimage"},"thumbnailUrl":"https:\/\/evertonfc.cz\/wp-content\/uploads\/2025\/04\/Holmgaard-and-Holmgaard-20_04_2025-web.jpg","datePublished":"2025-04-23T19:35:27+00:00","dateModified":"2025-04-24T08:42:13+00:00","breadcrumb":{"@id":"https:\/\/evertonfc.cz\/index.php\/2025\/04\/23\/manchester-city-w-everton-w-11\/#breadcrumb"},"inLanguage":"cs","potentialAction":[{"@type":"ReadAction","target":["https:\/\/evertonfc.cz\/index.php\/2025\/04\/23\/manchester-city-w-everton-w-11\/"]}]},{"@type":"ImageObject","inLanguage":"cs","@id":"https:\/\/evertonfc.cz\/index.php\/2025\/04\/23\/manchester-city-w-everton-w-11\/#primaryimage","url":"https:\/\/evertonfc.cz\/wp-content\/uploads\/2025\/04\/Holmgaard-and-Holmgaard-20_04_2025-web.jpg","contentUrl":"https:\/\/evertonfc.cz\/wp-content\/uploads\/2025\/04\/Holmgaard-and-Holmgaard-20_04_2025-web.jpg","width":720,"height":405},{"@type":"BreadcrumbList","@id":"https:\/\/evertonfc.cz\/index.php\/2025\/04\/23\/manchester-city-w-everton-w-11\/#breadcrumb","itemListElement":[{"@type":"ListItem","position":1,"name":"Home","item":"https:\/\/evertonfc.cz\/"},{"@type":"ListItem","position":2,"name":"Manchester City W &#8211; Everton W 1:1"}]},{"@type":"WebSite","@id":"https:\/\/evertonfc.cz\/#website","url":"https:\/\/evertonfc.cz\/","name":"Official Czech &amp; Slovak Everton Supporters&#039; Club","description":"","publisher":{"@id":"https:\/\/evertonfc.cz\/#organization"},"potentialAction":[{"@type":"SearchAction","target":{"@type":"EntryPoint","urlTemplate":"https:\/\/evertonfc.cz\/?s={search_term_string}"},"query-input":{"@type":"PropertyValueSpecification","valueRequired":true,"valueName":"search_term_string"}}],"inLanguage":"cs"},{"@type":"Organization","@id":"https:\/\/evertonfc.cz\/#organization","name":"Official Czech & Slovak Everton Supporters' Club","url":"https:\/\/evertonfc.cz\/","logo":{"@type":"ImageObject","inLanguage":"cs","@id":"https:\/\/evertonfc.cz\/#\/schema\/logo\/image\/","url":"https:\/\/evertonfc.cz\/wp-content\/uploads\/2019\/05\/logo.png","contentUrl":"https:\/\/evertonfc.cz\/wp-content\/uploads\/2019\/05\/logo.png","width":112,"height":112,"caption":"Official Czech & Slovak Everton Supporters' Club"},"image":{"@id":"https:\/\/evertonfc.cz\/#\/schema\/logo\/image\/"},"sameAs":["https:\/\/www.facebook.com\/everton.fans.cz.sk"]},{"@type":"Person","@id":"https:\/\/evertonfc.cz\/#\/schema\/person\/e9a24a80a32efa1344dd2c4e5882185c","name":"Karamela","url":"https:\/\/evertonfc.cz\/index.php\/author\/karamela\/"}]}},"_links":{"self":[{"href":"https:\/\/evertonfc.cz\/index.php\/wp-json\/wp\/v2\/posts\/26615"}],"collection":[{"href":"https:\/\/evertonfc.cz\/index.php\/wp-json\/wp\/v2\/posts"}],"about":[{"href":"https:\/\/evertonfc.cz\/index.php\/wp-json\/wp\/v2\/types\/post"}],"author":[{"embeddable":true,"href":"https:\/\/evertonfc.cz\/index.php\/wp-json\/wp\/v2\/users\/26"}],"replies":[{"embeddable":true,"href":"https:\/\/evertonfc.cz\/index.php\/wp-json\/wp\/v2\/comments?post=26615"}],"version-history":[{"count":11,"href":"https:\/\/evertonfc.cz\/index.php\/wp-json\/wp\/v2\/posts\/26615\/revisions"}],"predecessor-version":[{"id":26630,"href":"https:\/\/evertonfc.cz\/index.php\/wp-json\/wp\/v2\/posts\/26615\/revisions\/26630"}],"wp:featuredmedia":[{"embeddable":true,"href":"https:\/\/evertonfc.cz\/index.php\/wp-json\/wp\/v2\/media\/26620"}],"wp:attachment":[{"href":"https:\/\/evertonfc.cz\/index.php\/wp-json\/wp\/v2\/media?parent=26615"}],"wp:term":[{"taxonomy":"category","embeddable":true,"href":"https:\/\/evertonfc.cz\/index.php\/wp-json\/wp\/v2\/categories?post=26615"},{"taxonomy":"post_tag","embeddable":true,"href":"https:\/\/evertonfc.cz\/index.php\/wp-json\/wp\/v2\/tags?post=26615"}],"curies":[{"name":"wp","href":"https:\/\/api.w.org\/{rel}","templated":true}]}}